{"id":1752940,"date":"2023-07-20T18:31:57","date_gmt":"2023-07-20T17:31:57","guid":{"rendered":"https:\/\/www.pressenza.com\/?p=1752940"},"modified":"2023-07-20T18:31:57","modified_gmt":"2023-07-20T17:31:57","slug":"el-pueblo-chileno-sin-un-cobre","status":"publish","type":"post","link":"https:\/\/www.pressenza.com\/es\/2023\/07\/el-pueblo-chileno-sin-un-cobre\/","title":{"rendered":"El pueblo chileno sin un cobre"},"content":{"rendered":"<p>En 1971, un 11 de julio, vio la luz el acuerdo que redact\u00f3 la resoluci\u00f3n pol\u00edtica transversal, despu\u00e9s de varios a\u00f1os de deliberaci\u00f3n y que atraves\u00f3 dos gobiernos de distinto signo, dando inicio a la hist\u00f3rica nacionalizaci\u00f3n del cobre y la creaci\u00f3n, casi simult\u00e1nea, de la empresa estatal CODELCO.<br \/>\nEran a\u00f1os en que la pol\u00edtica buscaba modelos de Estado que pudieran dar respuestas a las necesidades de evoluci\u00f3n en los distintos campos; pero, m\u00e1s all\u00e1 de las distintas visiones y de los bandos, se ten\u00eda claridad en que cualquiera fuera el modelo que se impusiese, este requer\u00eda de fuertes ingresos para financiar la pol\u00edtica p\u00fablica de los programas de gobierno, sustentados en un Estado potente.<br \/>\nEn esa \u00e9poca, a\u00fan las empresas extranjeras y nacionales, estaban en manos espec\u00edficas de magnates independientes, y las luchas hegem\u00f3nicas se daban entre distintos Estados Nacionales, que adscrib\u00edan a modelos ideol\u00f3gicos tambi\u00e9n en pugna en el seno de las poblaciones en el planeta.<br \/>\nEn ese contexto, y hoy lo sabemos, EEUU defendi\u00f3 los intereses anglosajones afectados por tal resoluci\u00f3n soberana chilena, promoviendo, complotando y financiando la asonada golpista que derroc\u00f3 al presidente Salvador Allende.<br \/>\nEn medio siglo el mundo cambi\u00f3. Los Estados nacionales han perdido su poder, a la par del desprestigio p\u00fablico de la dirigencia pol\u00edtica en toda latitud. El poder deriv\u00f3 en estas d\u00e9cadas en manos de un entramado poder financiero especulativo, de un paraestado internacional que desde las sombras fue tejiendo su poder econ\u00f3mico, desde el cual avanza hacia el control de toda actividad humana, incluida la pol\u00edtica, que hoy apenas sobrevive como una caricatura de los liderazgos del siglo pasado.<br \/>\nHoy el Estado chileno apenas controla la extracci\u00f3n del 30% de la miner\u00eda del cobre nacionalizada en 1971, y esta p\u00e9rdida del 70% a\u00fan no les resulta suficiente a las empresas multinacionales (que ya no son como anta\u00f1o y que responden al nuevo orden mundial) y siguen presionando para que CODELCO privatice su operaci\u00f3n futura (Chile tiene el 21% de las reservas mundiales de este metal); mientras ellas mantienen toda su operaci\u00f3n minera tributando al pa\u00eds cifras irrisorias a vista y paciencia de sus t\u00edteres, tanto en los cargos de gobierno como los \u201crepresentantes del pueblo\u201d en el parlamento.<br \/>\nA medio siglo, en que se previ\u00f3 que despu\u00e9s del salitre y el carb\u00f3n, el cobre ser\u00eda el sueldo de Chile, se intuy\u00f3 la importancia futura de este metal conductor el\u00e9ctrico, que resulta clave en las nuevas tecnolog\u00edas limpias. As\u00ed lo<br \/>\ncoment\u00f3 el texto de CODELCO &#8211; en la celebraci\u00f3n del d\u00eda del cobre chileno- : \u201cLa crisis clim\u00e1tica requiere de una r\u00e1pida transici\u00f3n hacia fuentes de energ\u00eda limpias. Placas solares fotovoltaicas, autos el\u00e9ctricos y turbinas e\u00f3licas son todas tecnolog\u00edas de uso intensivo de cobre\u201d, ejemplificando que una central convencional requiere alrededor de 1 tonelada de cobre para producir 1 MW de electricidad, mientras que la e\u00f3lica necesita 3-5 ton\/MW para construir las turbinas. \u201cY mientras un autom\u00f3vil convencional de combusti\u00f3n interna usa hasta 23 kilos de cobre, un veh\u00edculo el\u00e9ctrico con bater\u00edas utiliza 83 kilos de cobre; es decir, cuadruplican sus requerimientos de este mineral\u201d (otra historia similar se puede contar con el LITIO nacional).<br \/>\nHace 50 a\u00f1os mataron al presidente chileno, bombardearon La Moneda y sostuvieron a un grupo de civiles y militares dispuestos a imponer un prototipo neoliberal a sangre y fuego, escarmentando a la pol\u00edtica chilena que jam\u00e1s levantaran la cabeza. Este es el \u00fanico \u201cNunca M\u00e1s\u201d real que existe en Chile. La \u00e9lite pol\u00edtica abandon\u00f3 su dignidad y le di\u00f3 la espalda a su pueblo, afirmando que no existe posibilidad alguna que se recupere para todas, todos y todes el fruto de las riquezas de la patria. Tambi\u00e9n nos aconseja (\u00bfamenaza?) que debemos ser realistas y que no se vuelva a exigir en las calles DIGNIDAD.<br \/>\nPero, las necesidades de la gente se manifiestan en un clamor por una revoluci\u00f3n social que cambie dr\u00e1sticamente las condiciones de vida del pueblo, una revoluci\u00f3n pol\u00edtica que modifique la estructura del poder. Una revoluci\u00f3n social que pase por la toma del poder pol\u00edtico para realizar las transformaciones del caso, pero obviamente que tal toma de poder no sea un objetivo en s\u00ed.<br \/>\nUna revoluci\u00f3n noviolenta que implique la apropiaci\u00f3n de la banca privada, de tal manera que \u00e9sta cumpla con prestar su servicio sin percibir a cambio intereses que, de por s\u00ed, son usurarios. Una revoluci\u00f3n noviolenta que<br \/>\nimplique que en la empresa la gesti\u00f3n y decisi\u00f3n sean compartidas por el trabajo y el capital. Por tanto, la ganancia deba invertirse, diversificarse o utilizarse en la creaci\u00f3n de nuevas fuentes de trabajo. Una revoluci\u00f3n noviolenta que implique educaci\u00f3n y salud gratuita para todas, todos y todes, porque en definitiva, esos son los dos valores m\u00e1ximos de la revoluci\u00f3n que se requiere y ellos deber\u00e1n reemplazar el paradigma de la sociedad actual dado por la riqueza y el poder.<br \/>\n\u00a1Hasta que la dignidad se haga costumbre!<\/p>\n<p>Redacci\u00f3n colaborativa de M. Ang\u00e9lica Alvear Montecinos; Sandra Arriola Oporto; Ricardo Lisboa Henr\u00edquez; Guillermo Garc\u00e9s Parada y C\u00e9sar Anguita Sanhueza. Comisi\u00f3n de Opini\u00f3n P\u00fablica<\/p>\n","protected":false},"excerpt":{"rendered":"<p>En 1971, un 11 de julio, vio la luz el acuerdo que redact\u00f3 la resoluci\u00f3n pol\u00edtica transversal, despu\u00e9s de varios a\u00f1os de deliberaci\u00f3n y que atraves\u00f3 dos gobiernos de distinto signo, dando inicio a la hist\u00f3rica nacionalizaci\u00f3n del cobre y&hellip;<\/p>\n","protected":false},"author":386,"featured_media":1752941,"comment_status":"closed","ping_status":"closed","sticky":false,"template":"","format":"standard","meta":{"footnotes":""},"categories":[149,11389,81,67],"tags":[29,11672,30150,18760,381],"class_list":["post-1752940","post","type-post","status-publish","format-standard","has-post-thumbnail","hentry","category-comunicados-de-prensa","category-contenido-original","category-economia-es","category-sudamerica","tag-chile","tag-cobre","tag-codelco","tag-litio","tag-recursos-naturales"],"yoast_head":"<!-- This site is optimized with the Yoast SEO plugin v27.1.1 - https:\/\/yoast.com\/product\/yoast-seo-wordpress\/ -->\n<title>El pueblo chileno sin un cobre<\/title>\n<meta name=\"description\" content=\"En 1971, un 11 de julio, vio la luz el acuerdo que redact\u00f3 la resoluci\u00f3n pol\u00edtica transversal, despu\u00e9s de varios a\u00f1os de deliberaci\u00f3n y que atraves\u00f3 dos\" \/>\n<meta name=\"robots\" content=\"index, follow, max-snippet:-1, max-image-preview:large, max-video-preview:-1\" \/>\n<link rel=\"canonical\" href=\"https:\/\/www.pressenza.com\/es\/2023\/07\/el-pueblo-chileno-sin-un-cobre\/\" \/>\n<meta property=\"og:locale\" content=\"es_ES\" \/>\n<meta property=\"og:type\" content=\"article\" \/>\n<meta property=\"og:title\" content=\"El pueblo chileno sin un cobre\" \/>\n<meta property=\"og:description\" content=\"En 1971, un 11 de julio, vio la luz el acuerdo que redact\u00f3 la resoluci\u00f3n pol\u00edtica transversal, despu\u00e9s de varios a\u00f1os de deliberaci\u00f3n y que atraves\u00f3 dos\" \/>\n<meta property=\"og:url\" content=\"https:\/\/www.pressenza.com\/es\/2023\/07\/el-pueblo-chileno-sin-un-cobre\/\" \/>\n<meta property=\"og:site_name\" content=\"Pressenza\" \/>\n<meta property=\"article:publisher\" content=\"https:\/\/www.facebook.com\/PressenzaItalia\" \/>\n<meta property=\"article:author\" content=\"https:\/\/www.facebook.com\/PartidoHumanistaChile?fref=ts\" \/>\n<meta property=\"article:published_time\" content=\"2023-07-20T17:31:57+00:00\" \/>\n<meta property=\"og:image\" content=\"https:\/\/www.pressenza.com\/wp-content\/uploads\/2023\/07\/antisistema.jpg\" \/>\n\t<meta property=\"og:image:width\" content=\"800\" \/>\n\t<meta property=\"og:image:height\" content=\"544\" \/>\n\t<meta property=\"og:image:type\" content=\"image\/jpeg\" \/>\n<meta name=\"author\" content=\"Partido Humanista de Chile\" \/>\n<meta name=\"twitter:card\" content=\"summary_large_image\" \/>\n<meta name=\"twitter:creator\" content=\"@phumanista\" \/>\n<meta name=\"twitter:site\" content=\"@PressenzaIPA\" \/>\n<meta name=\"twitter:label1\" content=\"Escrito por\" \/>\n\t<meta name=\"twitter:data1\" content=\"Partido Humanista de Chile\" \/>\n\t<meta name=\"twitter:label2\" content=\"Tiempo de lectura\" \/>\n\t<meta name=\"twitter:data2\" content=\"4 minutos\" \/>\n<script type=\"application\/ld+json\" class=\"yoast-schema-graph\">{\"@context\":\"https:\/\/schema.org\",\"@graph\":[{\"@type\":\"Article\",\"@id\":\"https:\/\/www.pressenza.com\/es\/2023\/07\/el-pueblo-chileno-sin-un-cobre\/#article\",\"isPartOf\":{\"@id\":\"https:\/\/www.pressenza.com\/es\/2023\/07\/el-pueblo-chileno-sin-un-cobre\/\"},\"author\":{\"name\":\"Partido Humanista de Chile\",\"@id\":\"https:\/\/www.pressenza.com\/es\/#\/schema\/person\/21472c42980bab786ff5a256b8239bf5\"},\"headline\":\"El pueblo chileno sin un cobre\",\"datePublished\":\"2023-07-20T17:31:57+00:00\",\"mainEntityOfPage\":{\"@id\":\"https:\/\/www.pressenza.com\/es\/2023\/07\/el-pueblo-chileno-sin-un-cobre\/\"},\"wordCount\":923,\"publisher\":{\"@id\":\"https:\/\/www.pressenza.com\/es\/#organization\"},\"image\":{\"@id\":\"https:\/\/www.pressenza.com\/es\/2023\/07\/el-pueblo-chileno-sin-un-cobre\/#primaryimage\"},\"thumbnailUrl\":\"https:\/\/www.pressenza.com\/wp-content\/uploads\/2023\/07\/antisistema.jpg\",\"keywords\":[\"Chile\",\"Cobre\",\"Codelco\",\"litio\",\"Recursos naturales\"],\"articleSection\":[\"Comunicados de Prensa\",\"Contenido Original\",\"Econom\u00eda\",\"Sudam\u00e9rica\"],\"inLanguage\":\"es\"},{\"@type\":\"WebPage\",\"@id\":\"https:\/\/www.pressenza.com\/es\/2023\/07\/el-pueblo-chileno-sin-un-cobre\/\",\"url\":\"https:\/\/www.pressenza.com\/es\/2023\/07\/el-pueblo-chileno-sin-un-cobre\/\",\"name\":\"El pueblo chileno sin un cobre\",\"isPartOf\":{\"@id\":\"https:\/\/www.pressenza.com\/es\/#website\"},\"primaryImageOfPage\":{\"@id\":\"https:\/\/www.pressenza.com\/es\/2023\/07\/el-pueblo-chileno-sin-un-cobre\/#primaryimage\"},\"image\":{\"@id\":\"https:\/\/www.pressenza.com\/es\/2023\/07\/el-pueblo-chileno-sin-un-cobre\/#primaryimage\"},\"thumbnailUrl\":\"https:\/\/www.pressenza.com\/wp-content\/uploads\/2023\/07\/antisistema.jpg\",\"datePublished\":\"2023-07-20T17:31:57+00:00\",\"description\":\"En 1971, un 11 de julio, vio la luz el acuerdo que redact\u00f3 la resoluci\u00f3n pol\u00edtica transversal, despu\u00e9s de varios a\u00f1os de deliberaci\u00f3n y que atraves\u00f3 dos\",\"breadcrumb\":{\"@id\":\"https:\/\/www.pressenza.com\/es\/2023\/07\/el-pueblo-chileno-sin-un-cobre\/#breadcrumb\"},\"inLanguage\":\"es\",\"potentialAction\":[{\"@type\":\"ReadAction\",\"target\":[\"https:\/\/www.pressenza.com\/es\/2023\/07\/el-pueblo-chileno-sin-un-cobre\/\"]}]},{\"@type\":\"ImageObject\",\"inLanguage\":\"es\",\"@id\":\"https:\/\/www.pressenza.com\/es\/2023\/07\/el-pueblo-chileno-sin-un-cobre\/#primaryimage\",\"url\":\"https:\/\/www.pressenza.com\/wp-content\/uploads\/2023\/07\/antisistema.jpg\",\"contentUrl\":\"https:\/\/www.pressenza.com\/wp-content\/uploads\/2023\/07\/antisistema.jpg\",\"width\":800,\"height\":544},{\"@type\":\"BreadcrumbList\",\"@id\":\"https:\/\/www.pressenza.com\/es\/2023\/07\/el-pueblo-chileno-sin-un-cobre\/#breadcrumb\",\"itemListElement\":[{\"@type\":\"ListItem\",\"position\":1,\"name\":\"Accueil\",\"item\":\"https:\/\/www.pressenza.com\/es\/\"},{\"@type\":\"ListItem\",\"position\":2,\"name\":\"El pueblo chileno sin un cobre\"}]},{\"@type\":\"WebSite\",\"@id\":\"https:\/\/www.pressenza.com\/es\/#website\",\"url\":\"https:\/\/www.pressenza.com\/es\/\",\"name\":\"Pressenza\",\"description\":\"International Press Agency\",\"publisher\":{\"@id\":\"https:\/\/www.pressenza.com\/es\/#organization\"},\"potentialAction\":[{\"@type\":\"SearchAction\",\"target\":{\"@type\":\"EntryPoint\",\"urlTemplate\":\"https:\/\/www.pressenza.com\/es\/?s={search_term_string}\"},\"query-input\":{\"@type\":\"PropertyValueSpecification\",\"valueRequired\":true,\"valueName\":\"search_term_string\"}}],\"inLanguage\":\"es\"},{\"@type\":\"Organization\",\"@id\":\"https:\/\/www.pressenza.com\/es\/#organization\",\"name\":\"Pressenza\",\"url\":\"https:\/\/www.pressenza.com\/es\/\",\"logo\":{\"@type\":\"ImageObject\",\"inLanguage\":\"es\",\"@id\":\"https:\/\/www.pressenza.com\/es\/#\/schema\/logo\/image\/\",\"url\":\"https:\/\/www.pressenza.com\/wp-content\/uploads\/2022\/10\/pressenza_logo_200x200.jpg\",\"contentUrl\":\"https:\/\/www.pressenza.com\/wp-content\/uploads\/2022\/10\/pressenza_logo_200x200.jpg\",\"width\":200,\"height\":200,\"caption\":\"Pressenza\"},\"image\":{\"@id\":\"https:\/\/www.pressenza.com\/es\/#\/schema\/logo\/image\/\"},\"sameAs\":[\"https:\/\/www.facebook.com\/PressenzaItalia\",\"https:\/\/x.com\/PressenzaIPA\"]},{\"@type\":\"Person\",\"@id\":\"https:\/\/www.pressenza.com\/es\/#\/schema\/person\/21472c42980bab786ff5a256b8239bf5\",\"name\":\"Partido Humanista de Chile\",\"description\":\"www.partidohumanista.cl\",\"sameAs\":[\"https:\/\/www.facebook.com\/PartidoHumanistaChile?fref=ts\",\"https:\/\/x.com\/phumanista\"],\"url\":\"https:\/\/www.pressenza.com\/es\/author\/partido-humanista-de-chile\/\"}]}<\/script>\n<!-- \/ Yoast SEO plugin. -->","yoast_head_json":{"title":"El pueblo chileno sin un cobre","description":"En 1971, un 11 de julio, vio la luz el acuerdo que redact\u00f3 la resoluci\u00f3n pol\u00edtica transversal, despu\u00e9s de varios a\u00f1os de deliberaci\u00f3n y que atraves\u00f3 dos","robots":{"index":"index","follow":"follow","max-snippet":"max-snippet:-1","max-image-preview":"max-image-preview:large","max-video-preview":"max-video-preview:-1"},"canonical":"https:\/\/www.pressenza.com\/es\/2023\/07\/el-pueblo-chileno-sin-un-cobre\/","og_locale":"es_ES","og_type":"article","og_title":"El pueblo chileno sin un cobre","og_description":"En 1971, un 11 de julio, vio la luz el acuerdo que redact\u00f3 la resoluci\u00f3n pol\u00edtica transversal, despu\u00e9s de varios a\u00f1os de deliberaci\u00f3n y que atraves\u00f3 dos","og_url":"https:\/\/www.pressenza.com\/es\/2023\/07\/el-pueblo-chileno-sin-un-cobre\/","og_site_name":"Pressenza","article_publisher":"https:\/\/www.facebook.com\/PressenzaItalia","article_author":"https:\/\/www.facebook.com\/PartidoHumanistaChile?fref=ts","article_published_time":"2023-07-20T17:31:57+00:00","og_image":[{"width":800,"height":544,"url":"https:\/\/www.pressenza.com\/wp-content\/uploads\/2023\/07\/antisistema.jpg","type":"image\/jpeg"}],"author":"Partido Humanista de Chile","twitter_card":"summary_large_image","twitter_creator":"@phumanista","twitter_site":"@PressenzaIPA","twitter_misc":{"Escrito por":"Partido Humanista de Chile","Tiempo de lectura":"4 minutos"},"schema":{"@context":"https:\/\/schema.org","@graph":[{"@type":"Article","@id":"https:\/\/www.pressenza.com\/es\/2023\/07\/el-pueblo-chileno-sin-un-cobre\/#article","isPartOf":{"@id":"https:\/\/www.pressenza.com\/es\/2023\/07\/el-pueblo-chileno-sin-un-cobre\/"},"author":{"name":"Partido Humanista de Chile","@id":"https:\/\/www.pressenza.com\/es\/#\/schema\/person\/21472c42980bab786ff5a256b8239bf5"},"headline":"El pueblo chileno sin un cobre","datePublished":"2023-07-20T17:31:57+00:00","mainEntityOfPage":{"@id":"https:\/\/www.pressenza.com\/es\/2023\/07\/el-pueblo-chileno-sin-un-cobre\/"},"wordCount":923,"publisher":{"@id":"https:\/\/www.pressenza.com\/es\/#organization"},"image":{"@id":"https:\/\/www.pressenza.com\/es\/2023\/07\/el-pueblo-chileno-sin-un-cobre\/#primaryimage"},"thumbnailUrl":"https:\/\/www.pressenza.com\/wp-content\/uploads\/2023\/07\/antisistema.jpg","keywords":["Chile","Cobre","Codelco","litio","Recursos naturales"],"articleSection":["Comunicados de Prensa","Contenido Original","Econom\u00eda","Sudam\u00e9rica"],"inLanguage":"es"},{"@type":"WebPage","@id":"https:\/\/www.pressenza.com\/es\/2023\/07\/el-pueblo-chileno-sin-un-cobre\/","url":"https:\/\/www.pressenza.com\/es\/2023\/07\/el-pueblo-chileno-sin-un-cobre\/","name":"El pueblo chileno sin un cobre","isPartOf":{"@id":"https:\/\/www.pressenza.com\/es\/#website"},"primaryImageOfPage":{"@id":"https:\/\/www.pressenza.com\/es\/2023\/07\/el-pueblo-chileno-sin-un-cobre\/#primaryimage"},"image":{"@id":"https:\/\/www.pressenza.com\/es\/2023\/07\/el-pueblo-chileno-sin-un-cobre\/#primaryimage"},"thumbnailUrl":"https:\/\/www.pressenza.com\/wp-content\/uploads\/2023\/07\/antisistema.jpg","datePublished":"2023-07-20T17:31:57+00:00","description":"En 1971, un 11 de julio, vio la luz el acuerdo que redact\u00f3 la resoluci\u00f3n pol\u00edtica transversal, despu\u00e9s de varios a\u00f1os de deliberaci\u00f3n y que atraves\u00f3 dos","breadcrumb":{"@id":"https:\/\/www.pressenza.com\/es\/2023\/07\/el-pueblo-chileno-sin-un-cobre\/#breadcrumb"},"inLanguage":"es","potentialAction":[{"@type":"ReadAction","target":["https:\/\/www.pressenza.com\/es\/2023\/07\/el-pueblo-chileno-sin-un-cobre\/"]}]},{"@type":"ImageObject","inLanguage":"es","@id":"https:\/\/www.pressenza.com\/es\/2023\/07\/el-pueblo-chileno-sin-un-cobre\/#primaryimage","url":"https:\/\/www.pressenza.com\/wp-content\/uploads\/2023\/07\/antisistema.jpg","contentUrl":"https:\/\/www.pressenza.com\/wp-content\/uploads\/2023\/07\/antisistema.jpg","width":800,"height":544},{"@type":"BreadcrumbList","@id":"https:\/\/www.pressenza.com\/es\/2023\/07\/el-pueblo-chileno-sin-un-cobre\/#breadcrumb","itemListElement":[{"@type":"ListItem","position":1,"name":"Accueil","item":"https:\/\/www.pressenza.com\/es\/"},{"@type":"ListItem","position":2,"name":"El pueblo chileno sin un cobre"}]},{"@type":"WebSite","@id":"https:\/\/www.pressenza.com\/es\/#website","url":"https:\/\/www.pressenza.com\/es\/","name":"Pressenza","description":"International Press Agency","publisher":{"@id":"https:\/\/www.pressenza.com\/es\/#organization"},"potentialAction":[{"@type":"SearchAction","target":{"@type":"EntryPoint","urlTemplate":"https:\/\/www.pressenza.com\/es\/?s={search_term_string}"},"query-input":{"@type":"PropertyValueSpecification","valueRequired":true,"valueName":"search_term_string"}}],"inLanguage":"es"},{"@type":"Organization","@id":"https:\/\/www.pressenza.com\/es\/#organization","name":"Pressenza","url":"https:\/\/www.pressenza.com\/es\/","logo":{"@type":"ImageObject","inLanguage":"es","@id":"https:\/\/www.pressenza.com\/es\/#\/schema\/logo\/image\/","url":"https:\/\/www.pressenza.com\/wp-content\/uploads\/2022\/10\/pressenza_logo_200x200.jpg","contentUrl":"https:\/\/www.pressenza.com\/wp-content\/uploads\/2022\/10\/pressenza_logo_200x200.jpg","width":200,"height":200,"caption":"Pressenza"},"image":{"@id":"https:\/\/www.pressenza.com\/es\/#\/schema\/logo\/image\/"},"sameAs":["https:\/\/www.facebook.com\/PressenzaItalia","https:\/\/x.com\/PressenzaIPA"]},{"@type":"Person","@id":"https:\/\/www.pressenza.com\/es\/#\/schema\/person\/21472c42980bab786ff5a256b8239bf5","name":"Partido Humanista de Chile","description":"www.partidohumanista.cl","sameAs":["https:\/\/www.facebook.com\/PartidoHumanistaChile?fref=ts","https:\/\/x.com\/phumanista"],"url":"https:\/\/www.pressenza.com\/es\/author\/partido-humanista-de-chile\/"}]}},"place":"Santiago de Chile","original_article_url":"","_links":{"self":[{"href":"https:\/\/www.pressenza.com\/es\/wp-json\/wp\/v2\/posts\/1752940","targetHints":{"allow":["GET"]}}],"collection":[{"href":"https:\/\/www.pressenza.com\/es\/wp-json\/wp\/v2\/posts"}],"about":[{"href":"https:\/\/www.pressenza.com\/es\/wp-json\/wp\/v2\/types\/post"}],"author":[{"embeddable":true,"href":"https:\/\/www.pressenza.com\/es\/wp-json\/wp\/v2\/users\/386"}],"replies":[{"embeddable":true,"href":"https:\/\/www.pressenza.com\/es\/wp-json\/wp\/v2\/comments?post=1752940"}],"version-history":[{"count":0,"href":"https:\/\/www.pressenza.com\/es\/wp-json\/wp\/v2\/posts\/1752940\/revisions"}],"wp:featuredmedia":[{"embeddable":true,"href":"https:\/\/www.pressenza.com\/es\/wp-json\/wp\/v2\/media\/1752941"}],"wp:attachment":[{"href":"https:\/\/www.pressenza.com\/es\/wp-json\/wp\/v2\/media?parent=1752940"}],"wp:term":[{"taxonomy":"category","embeddable":true,"href":"https:\/\/www.pressenza.com\/es\/wp-json\/wp\/v2\/categories?post=1752940"},{"taxonomy":"post_tag","embeddable":true,"href":"https:\/\/www.pressenza.com\/es\/wp-json\/wp\/v2\/tags?post=1752940"}],"curies":[{"name":"wp","href":"https:\/\/api.w.org\/{rel}","templated":true}]}}