{"id":1752763,"date":"2023-07-20T00:48:21","date_gmt":"2023-07-19T23:48:21","guid":{"rendered":"https:\/\/www.pressenza.com\/?p=1752763"},"modified":"2023-07-20T01:39:09","modified_gmt":"2023-07-20T00:39:09","slug":"una-tarde-dedicada-a-la-inclusion","status":"publish","type":"post","link":"https:\/\/www.pressenza.com\/es\/2023\/07\/una-tarde-dedicada-a-la-inclusion\/","title":{"rendered":"Una tarde dedicada a la inclusi\u00f3n"},"content":{"rendered":"<p>Por Andr\u00e9s Mitte<\/p>\n<p>El Consejo Ciudadano Sectorial de Educaci\u00f3n, en conjunto con el Proyecto Ser Inclusi\u00f3n, la Fundaci\u00f3n La Comunidad para el Desarrollo Humano y la Fundaci\u00f3n Uni\u00f3n Estudiantil durante los meses de mayo, junio y julio llev\u00f3 adelante 12 encuentros barriales con ni\u00f1os, ni\u00f1as y adolescentes a fin de sensibilizar en derechos humanos con enfoque de movilidad humana, as\u00ed como generar mesas de trabajo para recoger las causas y consecuencias de la deserci\u00f3n escolar.<\/p>\n<p>En ese marco, en el Parque Urbano Cumand\u00e1, de la ciudad de Quito, se desarroll\u00f3 el evento \u201cTarde por la inclusi\u00f3n\u201d. Esta jornada, llevada a cabo el s\u00e1bado 15 de julio, cont\u00f3 con stands con tem\u00e1ticas relacionadas a \u00a0desnaturalizaci\u00f3n de violencia, salud sexual y reproductiva, salud mental, diversidades sexo-gen\u00e9ricas e inclusi\u00f3n en movilidad humana.<\/p>\n<p>Los stands fueron construidos con la metodolog\u00eda de la no violencia activa que maneja el Movimiento Humanista a trav\u00e9s de La Comunidad para el Desarrollo Humano, que consiste en procesos de aprendizaje l\u00fadicos basados en el sentir, pensar y actuar.<\/p>\n<p><img loading=\"lazy\" decoding=\"async\" class=\"aligncenter size-large wp-image-1752771\" src=\"https:\/\/www.pressenza.com\/wp-content\/uploads\/2023\/07\/Tarde-por-la-inclusion-08-820x611.jpg\" alt=\"\" width=\"820\" height=\"611\" srcset=\"https:\/\/www.pressenza.com\/wp-content\/uploads\/2023\/07\/Tarde-por-la-inclusion-08-820x611.jpg 820w, https:\/\/www.pressenza.com\/wp-content\/uploads\/2023\/07\/Tarde-por-la-inclusion-08-300x224.jpg 300w, https:\/\/www.pressenza.com\/wp-content\/uploads\/2023\/07\/Tarde-por-la-inclusion-08.jpg 1776w\" sizes=\"auto, (max-width: 820px) 100vw, 820px\" \/><\/p>\n<p><img loading=\"lazy\" decoding=\"async\" class=\"aligncenter size-large wp-image-1752769\" src=\"https:\/\/www.pressenza.com\/wp-content\/uploads\/2023\/07\/Tarde-por-la-inclusion-06-820x612.jpg\" alt=\"\" width=\"820\" height=\"612\" srcset=\"https:\/\/www.pressenza.com\/wp-content\/uploads\/2023\/07\/Tarde-por-la-inclusion-06-820x612.jpg 820w, https:\/\/www.pressenza.com\/wp-content\/uploads\/2023\/07\/Tarde-por-la-inclusion-06-300x224.jpg 300w, https:\/\/www.pressenza.com\/wp-content\/uploads\/2023\/07\/Tarde-por-la-inclusion-06.jpg 1778w\" sizes=\"auto, (max-width: 820px) 100vw, 820px\" \/><\/p>\n<p><img loading=\"lazy\" decoding=\"async\" class=\"aligncenter size-large wp-image-1752767\" src=\"https:\/\/www.pressenza.com\/wp-content\/uploads\/2023\/07\/Tarde-por-la-inclusion-03-820x611.jpg\" alt=\"\" width=\"820\" height=\"611\" srcset=\"https:\/\/www.pressenza.com\/wp-content\/uploads\/2023\/07\/Tarde-por-la-inclusion-03-820x611.jpg 820w, https:\/\/www.pressenza.com\/wp-content\/uploads\/2023\/07\/Tarde-por-la-inclusion-03-300x224.jpg 300w, https:\/\/www.pressenza.com\/wp-content\/uploads\/2023\/07\/Tarde-por-la-inclusion-03.jpg 1774w\" sizes=\"auto, (max-width: 820px) 100vw, 820px\" \/><\/p>\n<p><img loading=\"lazy\" decoding=\"async\" class=\"aligncenter size-large wp-image-1752768\" src=\"https:\/\/www.pressenza.com\/wp-content\/uploads\/2023\/07\/Tarde-por-la-inclusion-04-820x615.jpg\" alt=\"\" width=\"820\" height=\"615\" srcset=\"https:\/\/www.pressenza.com\/wp-content\/uploads\/2023\/07\/Tarde-por-la-inclusion-04-820x615.jpg 820w, https:\/\/www.pressenza.com\/wp-content\/uploads\/2023\/07\/Tarde-por-la-inclusion-04-300x225.jpg 300w, https:\/\/www.pressenza.com\/wp-content\/uploads\/2023\/07\/Tarde-por-la-inclusion-04.jpg 1782w\" sizes=\"auto, (max-width: 820px) 100vw, 820px\" \/><\/p>\n<p><img loading=\"lazy\" decoding=\"async\" class=\"aligncenter size-large wp-image-1752772\" src=\"https:\/\/www.pressenza.com\/wp-content\/uploads\/2023\/07\/Tarde-por-la-inclusion-09-820x542.jpg\" alt=\"\" width=\"820\" height=\"542\" srcset=\"https:\/\/www.pressenza.com\/wp-content\/uploads\/2023\/07\/Tarde-por-la-inclusion-09-820x542.jpg 820w, https:\/\/www.pressenza.com\/wp-content\/uploads\/2023\/07\/Tarde-por-la-inclusion-09-300x198.jpg 300w, https:\/\/www.pressenza.com\/wp-content\/uploads\/2023\/07\/Tarde-por-la-inclusion-09.jpg 1920w\" sizes=\"auto, (max-width: 820px) 100vw, 820px\" \/><\/p>\n<p><img loading=\"lazy\" decoding=\"async\" class=\"aligncenter size-large wp-image-1752765\" src=\"https:\/\/www.pressenza.com\/wp-content\/uploads\/2023\/07\/Tarde-por-la-inclusion-01-820x612.jpg\" alt=\"\" width=\"820\" height=\"612\" srcset=\"https:\/\/www.pressenza.com\/wp-content\/uploads\/2023\/07\/Tarde-por-la-inclusion-01-820x612.jpg 820w, https:\/\/www.pressenza.com\/wp-content\/uploads\/2023\/07\/Tarde-por-la-inclusion-01-300x224.jpg 300w, https:\/\/www.pressenza.com\/wp-content\/uploads\/2023\/07\/Tarde-por-la-inclusion-01.jpg 1762w\" sizes=\"auto, (max-width: 820px) 100vw, 820px\" \/><\/p>\n<p><img loading=\"lazy\" decoding=\"async\" class=\"aligncenter size-large wp-image-1752773\" src=\"https:\/\/www.pressenza.com\/wp-content\/uploads\/2023\/07\/Tarde-por-la-inclusion-10-820x542.jpg\" alt=\"\" width=\"820\" height=\"542\" srcset=\"https:\/\/www.pressenza.com\/wp-content\/uploads\/2023\/07\/Tarde-por-la-inclusion-10-820x542.jpg 820w, https:\/\/www.pressenza.com\/wp-content\/uploads\/2023\/07\/Tarde-por-la-inclusion-10-300x198.jpg 300w, https:\/\/www.pressenza.com\/wp-content\/uploads\/2023\/07\/Tarde-por-la-inclusion-10.jpg 1920w\" sizes=\"auto, (max-width: 820px) 100vw, 820px\" \/><\/p>\n<p><img loading=\"lazy\" decoding=\"async\" class=\"aligncenter size-large wp-image-1752774\" src=\"https:\/\/www.pressenza.com\/wp-content\/uploads\/2023\/07\/Tarde-por-la-inclusion-11-820x539.jpg\" alt=\"\" width=\"820\" height=\"539\" srcset=\"https:\/\/www.pressenza.com\/wp-content\/uploads\/2023\/07\/Tarde-por-la-inclusion-11-820x539.jpg 820w, https:\/\/www.pressenza.com\/wp-content\/uploads\/2023\/07\/Tarde-por-la-inclusion-11-300x197.jpg 300w, https:\/\/www.pressenza.com\/wp-content\/uploads\/2023\/07\/Tarde-por-la-inclusion-11.jpg 1920w\" sizes=\"auto, (max-width: 820px) 100vw, 820px\" \/><\/p>\n<p><img loading=\"lazy\" decoding=\"async\" class=\"aligncenter size-large wp-image-1752775\" src=\"https:\/\/www.pressenza.com\/wp-content\/uploads\/2023\/07\/Tarde-por-la-inclusion-12-820x541.jpg\" alt=\"\" width=\"820\" height=\"541\" srcset=\"https:\/\/www.pressenza.com\/wp-content\/uploads\/2023\/07\/Tarde-por-la-inclusion-12-820x541.jpg 820w, https:\/\/www.pressenza.com\/wp-content\/uploads\/2023\/07\/Tarde-por-la-inclusion-12-300x198.jpg 300w, https:\/\/www.pressenza.com\/wp-content\/uploads\/2023\/07\/Tarde-por-la-inclusion-12.jpg 1920w\" sizes=\"auto, (max-width: 820px) 100vw, 820px\" \/><\/p>\n<p>El stand de desnaturalizaci\u00f3n de la violencia se centr\u00f3 en mostrar los distintos tipos de violencias y las respuestas no violentas que se pueden dar a la violencia naturalizada. En el stand de salud sexual y reproductiva se posicion\u00f3 la importancia de los m\u00e9todos anticonceptivos y el cuidado del cuerpo. El \u00a0stand de diversidades, \u00a0habl\u00f3 sobre el sistema sexo gen\u00e9rico y el significado de las siglas LGBTIQ+. En el stand de salud mental las personas tuvieron la posibilidad de escribir sus emociones y dar mensajes para las personas que lleguen posteriormente.<\/p>\n<p><img loading=\"lazy\" decoding=\"async\" class=\"aligncenter size-large wp-image-1752777\" src=\"https:\/\/www.pressenza.com\/wp-content\/uploads\/2023\/07\/Tarde-por-la-inclusion-14-820x541.jpg\" alt=\"\" width=\"820\" height=\"541\" srcset=\"https:\/\/www.pressenza.com\/wp-content\/uploads\/2023\/07\/Tarde-por-la-inclusion-14-820x541.jpg 820w, https:\/\/www.pressenza.com\/wp-content\/uploads\/2023\/07\/Tarde-por-la-inclusion-14-300x198.jpg 300w, https:\/\/www.pressenza.com\/wp-content\/uploads\/2023\/07\/Tarde-por-la-inclusion-14.jpg 1920w\" sizes=\"auto, (max-width: 820px) 100vw, 820px\" \/><\/p>\n<p><img loading=\"lazy\" decoding=\"async\" class=\"aligncenter size-large wp-image-1752776\" src=\"https:\/\/www.pressenza.com\/wp-content\/uploads\/2023\/07\/Tarde-por-la-inclusion-13-820x543.jpg\" alt=\"\" width=\"820\" height=\"543\" srcset=\"https:\/\/www.pressenza.com\/wp-content\/uploads\/2023\/07\/Tarde-por-la-inclusion-13-820x543.jpg 820w, https:\/\/www.pressenza.com\/wp-content\/uploads\/2023\/07\/Tarde-por-la-inclusion-13-300x199.jpg 300w, https:\/\/www.pressenza.com\/wp-content\/uploads\/2023\/07\/Tarde-por-la-inclusion-13.jpg 1920w\" sizes=\"auto, (max-width: 820px) 100vw, 820px\" \/><\/p>\n<p>Finalmente se coci\u00f3 la cobija de la inclusi\u00f3n, donde ni\u00f1os y adultos tuvieron la posibilidad de participar de la construcci\u00f3n simb\u00f3lica de la cobija que cubre a todos sin discriminaci\u00f3n. Estas actividades reflejan las \u00e1reas de trabajo de la Fundaci\u00f3n La Comunidad para el Desarrollo Humano.<\/p>\n<p>Adem\u00e1s, se realiz\u00f3 una actividad de pintada de bancas por la inclusi\u00f3n en la que participaron ni\u00f1os, ni\u00f1as y adolescentes, a fin de dejar un mensaje de sensibilizaci\u00f3n para las personas que visitan el parque.<\/p>\n<p>Con estas actividades de cierre, se espera que la ciudad empiece a pensarse con cultura, infraestructura y oportunidades de inclusi\u00f3n, a fin de integrar a las y los distintos ciudadanos y ciudadanas sin distinci\u00f3n de sexo, edad, etnia, nacionalidad, etc.<\/p>\n<p><img loading=\"lazy\" decoding=\"async\" class=\"aligncenter size-large wp-image-1752766\" src=\"https:\/\/www.pressenza.com\/wp-content\/uploads\/2023\/07\/Tarde-por-la-inclusion-02-820x540.jpg\" alt=\"\" width=\"820\" height=\"540\" srcset=\"https:\/\/www.pressenza.com\/wp-content\/uploads\/2023\/07\/Tarde-por-la-inclusion-02-820x540.jpg 820w, https:\/\/www.pressenza.com\/wp-content\/uploads\/2023\/07\/Tarde-por-la-inclusion-02-300x198.jpg 300w, https:\/\/www.pressenza.com\/wp-content\/uploads\/2023\/07\/Tarde-por-la-inclusion-02.jpg 1920w\" sizes=\"auto, (max-width: 820px) 100vw, 820px\" \/><\/p>\n","protected":false},"excerpt":{"rendered":"<p>Por Andr\u00e9s Mitte El Consejo Ciudadano Sectorial de Educaci\u00f3n, en conjunto con el Proyecto Ser Inclusi\u00f3n, la Fundaci\u00f3n La Comunidad para el Desarrollo Humano y la Fundaci\u00f3n Uni\u00f3n Estudiantil durante los meses de mayo, junio y julio llev\u00f3 adelante 12&hellip;<\/p>\n","protected":false},"author":1011,"featured_media":1752764,"comment_status":"closed","ping_status":"closed","sticky":false,"template":"","format":"standard","meta":{"footnotes":""},"categories":[11389,75,79,1241,1230,54515,46976,106739,1242,67],"tags":[114665,30440,114664],"class_list":["post-1752763","post","type-post","status-publish","format-standard","has-post-thumbnail","hentry","category-contenido-original","category-cultura-es","category-derechos-humanos","category-diversidad","category-educacion-tema","category-genero-y-feminismos","category-jovenes","category-noticia","category-noviolencia-tema","category-sudamerica","tag-fundacion-la-comunidad-para-el-desarrollo-humano","tag-no-violencia-activa","tag-tarde-por-la-inclusion"],"yoast_head":"<!-- This site is optimized with the Yoast SEO plugin v27.1.1 - https:\/\/yoast.com\/product\/yoast-seo-wordpress\/ -->\n<title>Una tarde dedicada a la inclusi\u00f3n<\/title>\n<meta name=\"description\" content=\"Por Andr\u00e9s Mitte El Consejo Ciudadano Sectorial de Educaci\u00f3n, en conjunto con el Proyecto Ser Inclusi\u00f3n, la Fundaci\u00f3n La Comunidad para el Desarrollo\" \/>\n<meta name=\"robots\" content=\"index, follow, max-snippet:-1, max-image-preview:large, max-video-preview:-1\" \/>\n<link rel=\"canonical\" href=\"https:\/\/www.pressenza.com\/es\/2023\/07\/una-tarde-dedicada-a-la-inclusion\/\" \/>\n<meta property=\"og:locale\" content=\"es_ES\" \/>\n<meta property=\"og:type\" content=\"article\" \/>\n<meta property=\"og:title\" content=\"Una tarde dedicada a la inclusi\u00f3n\" \/>\n<meta property=\"og:description\" content=\"Por Andr\u00e9s Mitte El Consejo Ciudadano Sectorial de Educaci\u00f3n, en conjunto con el Proyecto Ser Inclusi\u00f3n, la Fundaci\u00f3n La Comunidad para el Desarrollo\" \/>\n<meta property=\"og:url\" content=\"https:\/\/www.pressenza.com\/es\/2023\/07\/una-tarde-dedicada-a-la-inclusion\/\" \/>\n<meta property=\"og:site_name\" content=\"Pressenza\" \/>\n<meta property=\"article:publisher\" content=\"https:\/\/www.facebook.com\/PressenzaItalia\" \/>\n<meta property=\"article:published_time\" content=\"2023-07-19T23:48:21+00:00\" \/>\n<meta property=\"article:modified_time\" content=\"2023-07-20T00:39:09+00:00\" \/>\n<meta property=\"og:image\" content=\"https:\/\/www.pressenza.com\/wp-content\/uploads\/2023\/07\/Una-tarde-por-la-inclusion.jpg\" \/>\n\t<meta property=\"og:image:width\" content=\"1826\" \/>\n\t<meta property=\"og:image:height\" content=\"1328\" \/>\n\t<meta property=\"og:image:type\" content=\"image\/jpeg\" \/>\n<meta name=\"author\" content=\"Redacci\u00f3n Ecuador\" \/>\n<meta name=\"twitter:card\" content=\"summary_large_image\" \/>\n<meta name=\"twitter:creator\" content=\"@PressenzaIPA\" \/>\n<meta name=\"twitter:site\" content=\"@PressenzaIPA\" \/>\n<meta name=\"twitter:label1\" content=\"Escrito por\" \/>\n\t<meta name=\"twitter:data1\" content=\"Redacci\u00f3n Ecuador\" \/>\n\t<meta name=\"twitter:label2\" content=\"Tiempo de lectura\" \/>\n\t<meta name=\"twitter:data2\" content=\"5 minutos\" \/>\n<script type=\"application\/ld+json\" class=\"yoast-schema-graph\">{\"@context\":\"https:\/\/schema.org\",\"@graph\":[{\"@type\":\"Article\",\"@id\":\"https:\/\/www.pressenza.com\/es\/2023\/07\/una-tarde-dedicada-a-la-inclusion\/#article\",\"isPartOf\":{\"@id\":\"https:\/\/www.pressenza.com\/es\/2023\/07\/una-tarde-dedicada-a-la-inclusion\/\"},\"author\":{\"name\":\"Redacci\u00f3n Ecuador\",\"@id\":\"https:\/\/www.pressenza.com\/es\/#\/schema\/person\/883a735c40665759bcc6fe0c26bcb46f\"},\"headline\":\"Una tarde dedicada a la inclusi\u00f3n\",\"datePublished\":\"2023-07-19T23:48:21+00:00\",\"dateModified\":\"2023-07-20T00:39:09+00:00\",\"mainEntityOfPage\":{\"@id\":\"https:\/\/www.pressenza.com\/es\/2023\/07\/una-tarde-dedicada-a-la-inclusion\/\"},\"wordCount\":420,\"publisher\":{\"@id\":\"https:\/\/www.pressenza.com\/es\/#organization\"},\"image\":{\"@id\":\"https:\/\/www.pressenza.com\/es\/2023\/07\/una-tarde-dedicada-a-la-inclusion\/#primaryimage\"},\"thumbnailUrl\":\"https:\/\/www.pressenza.com\/wp-content\/uploads\/2023\/07\/Una-tarde-por-la-inclusion.jpg\",\"keywords\":[\"Fundaci\u00f3n La Comunidad para el Desarrollo Humano\",\"no violencia activa\",\"Tarde por la inclusi\u00f3n\"],\"articleSection\":[\"Contenido Original\",\"Cultura y Medios\",\"Derechos Humanos\",\"Diversidad\",\"Educaci\u00f3n\",\"G\u00e9nero y Feminismos\",\"J\u00f3venes\",\"Noticia\",\"Noviolencia\",\"Sudam\u00e9rica\"],\"inLanguage\":\"es\"},{\"@type\":\"WebPage\",\"@id\":\"https:\/\/www.pressenza.com\/es\/2023\/07\/una-tarde-dedicada-a-la-inclusion\/\",\"url\":\"https:\/\/www.pressenza.com\/es\/2023\/07\/una-tarde-dedicada-a-la-inclusion\/\",\"name\":\"Una tarde dedicada a la inclusi\u00f3n\",\"isPartOf\":{\"@id\":\"https:\/\/www.pressenza.com\/es\/#website\"},\"primaryImageOfPage\":{\"@id\":\"https:\/\/www.pressenza.com\/es\/2023\/07\/una-tarde-dedicada-a-la-inclusion\/#primaryimage\"},\"image\":{\"@id\":\"https:\/\/www.pressenza.com\/es\/2023\/07\/una-tarde-dedicada-a-la-inclusion\/#primaryimage\"},\"thumbnailUrl\":\"https:\/\/www.pressenza.com\/wp-content\/uploads\/2023\/07\/Una-tarde-por-la-inclusion.jpg\",\"datePublished\":\"2023-07-19T23:48:21+00:00\",\"dateModified\":\"2023-07-20T00:39:09+00:00\",\"description\":\"Por Andr\u00e9s Mitte El Consejo Ciudadano Sectorial de Educaci\u00f3n, en conjunto con el Proyecto Ser Inclusi\u00f3n, la Fundaci\u00f3n La Comunidad para el Desarrollo\",\"breadcrumb\":{\"@id\":\"https:\/\/www.pressenza.com\/es\/2023\/07\/una-tarde-dedicada-a-la-inclusion\/#breadcrumb\"},\"inLanguage\":\"es\",\"potentialAction\":[{\"@type\":\"ReadAction\",\"target\":[\"https:\/\/www.pressenza.com\/es\/2023\/07\/una-tarde-dedicada-a-la-inclusion\/\"]}]},{\"@type\":\"ImageObject\",\"inLanguage\":\"es\",\"@id\":\"https:\/\/www.pressenza.com\/es\/2023\/07\/una-tarde-dedicada-a-la-inclusion\/#primaryimage\",\"url\":\"https:\/\/www.pressenza.com\/wp-content\/uploads\/2023\/07\/Una-tarde-por-la-inclusion.jpg\",\"contentUrl\":\"https:\/\/www.pressenza.com\/wp-content\/uploads\/2023\/07\/Una-tarde-por-la-inclusion.jpg\",\"width\":1826,\"height\":1328,\"caption\":\"Una tarde por la inclusi\u00f3n\"},{\"@type\":\"BreadcrumbList\",\"@id\":\"https:\/\/www.pressenza.com\/es\/2023\/07\/una-tarde-dedicada-a-la-inclusion\/#breadcrumb\",\"itemListElement\":[{\"@type\":\"ListItem\",\"position\":1,\"name\":\"Accueil\",\"item\":\"https:\/\/www.pressenza.com\/es\/\"},{\"@type\":\"ListItem\",\"position\":2,\"name\":\"Una tarde dedicada a la inclusi\u00f3n\"}]},{\"@type\":\"WebSite\",\"@id\":\"https:\/\/www.pressenza.com\/es\/#website\",\"url\":\"https:\/\/www.pressenza.com\/es\/\",\"name\":\"Pressenza\",\"description\":\"International Press Agency\",\"publisher\":{\"@id\":\"https:\/\/www.pressenza.com\/es\/#organization\"},\"potentialAction\":[{\"@type\":\"SearchAction\",\"target\":{\"@type\":\"EntryPoint\",\"urlTemplate\":\"https:\/\/www.pressenza.com\/es\/?s={search_term_string}\"},\"query-input\":{\"@type\":\"PropertyValueSpecification\",\"valueRequired\":true,\"valueName\":\"search_term_string\"}}],\"inLanguage\":\"es\"},{\"@type\":\"Organization\",\"@id\":\"https:\/\/www.pressenza.com\/es\/#organization\",\"name\":\"Pressenza\",\"url\":\"https:\/\/www.pressenza.com\/es\/\",\"logo\":{\"@type\":\"ImageObject\",\"inLanguage\":\"es\",\"@id\":\"https:\/\/www.pressenza.com\/es\/#\/schema\/logo\/image\/\",\"url\":\"https:\/\/www.pressenza.com\/wp-content\/uploads\/2022\/10\/pressenza_logo_200x200.jpg\",\"contentUrl\":\"https:\/\/www.pressenza.com\/wp-content\/uploads\/2022\/10\/pressenza_logo_200x200.jpg\",\"width\":200,\"height\":200,\"caption\":\"Pressenza\"},\"image\":{\"@id\":\"https:\/\/www.pressenza.com\/es\/#\/schema\/logo\/image\/\"},\"sameAs\":[\"https:\/\/www.facebook.com\/PressenzaItalia\",\"https:\/\/x.com\/PressenzaIPA\"]},{\"@type\":\"Person\",\"@id\":\"https:\/\/www.pressenza.com\/es\/#\/schema\/person\/883a735c40665759bcc6fe0c26bcb46f\",\"name\":\"Redacci\u00f3n Ecuador\",\"description\":\"News published by the Pressenza bureau in Quito, Ecuador\",\"url\":\"https:\/\/www.pressenza.com\/es\/author\/redaccion-ecuador\/\"}]}<\/script>\n<!-- \/ Yoast SEO plugin. -->","yoast_head_json":{"title":"Una tarde dedicada a la inclusi\u00f3n","description":"Por Andr\u00e9s Mitte El Consejo Ciudadano Sectorial de Educaci\u00f3n, en conjunto con el Proyecto Ser Inclusi\u00f3n, la Fundaci\u00f3n La Comunidad para el Desarrollo","robots":{"index":"index","follow":"follow","max-snippet":"max-snippet:-1","max-image-preview":"max-image-preview:large","max-video-preview":"max-video-preview:-1"},"canonical":"https:\/\/www.pressenza.com\/es\/2023\/07\/una-tarde-dedicada-a-la-inclusion\/","og_locale":"es_ES","og_type":"article","og_title":"Una tarde dedicada a la inclusi\u00f3n","og_description":"Por Andr\u00e9s Mitte El Consejo Ciudadano Sectorial de Educaci\u00f3n, en conjunto con el Proyecto Ser Inclusi\u00f3n, la Fundaci\u00f3n La Comunidad para el Desarrollo","og_url":"https:\/\/www.pressenza.com\/es\/2023\/07\/una-tarde-dedicada-a-la-inclusion\/","og_site_name":"Pressenza","article_publisher":"https:\/\/www.facebook.com\/PressenzaItalia","article_published_time":"2023-07-19T23:48:21+00:00","article_modified_time":"2023-07-20T00:39:09+00:00","og_image":[{"width":1826,"height":1328,"url":"https:\/\/www.pressenza.com\/wp-content\/uploads\/2023\/07\/Una-tarde-por-la-inclusion.jpg","type":"image\/jpeg"}],"author":"Redacci\u00f3n Ecuador","twitter_card":"summary_large_image","twitter_creator":"@PressenzaIPA","twitter_site":"@PressenzaIPA","twitter_misc":{"Escrito por":"Redacci\u00f3n Ecuador","Tiempo de lectura":"5 minutos"},"schema":{"@context":"https:\/\/schema.org","@graph":[{"@type":"Article","@id":"https:\/\/www.pressenza.com\/es\/2023\/07\/una-tarde-dedicada-a-la-inclusion\/#article","isPartOf":{"@id":"https:\/\/www.pressenza.com\/es\/2023\/07\/una-tarde-dedicada-a-la-inclusion\/"},"author":{"name":"Redacci\u00f3n Ecuador","@id":"https:\/\/www.pressenza.com\/es\/#\/schema\/person\/883a735c40665759bcc6fe0c26bcb46f"},"headline":"Una tarde dedicada a la inclusi\u00f3n","datePublished":"2023-07-19T23:48:21+00:00","dateModified":"2023-07-20T00:39:09+00:00","mainEntityOfPage":{"@id":"https:\/\/www.pressenza.com\/es\/2023\/07\/una-tarde-dedicada-a-la-inclusion\/"},"wordCount":420,"publisher":{"@id":"https:\/\/www.pressenza.com\/es\/#organization"},"image":{"@id":"https:\/\/www.pressenza.com\/es\/2023\/07\/una-tarde-dedicada-a-la-inclusion\/#primaryimage"},"thumbnailUrl":"https:\/\/www.pressenza.com\/wp-content\/uploads\/2023\/07\/Una-tarde-por-la-inclusion.jpg","keywords":["Fundaci\u00f3n La Comunidad para el Desarrollo Humano","no violencia activa","Tarde por la inclusi\u00f3n"],"articleSection":["Contenido Original","Cultura y Medios","Derechos Humanos","Diversidad","Educaci\u00f3n","G\u00e9nero y Feminismos","J\u00f3venes","Noticia","Noviolencia","Sudam\u00e9rica"],"inLanguage":"es"},{"@type":"WebPage","@id":"https:\/\/www.pressenza.com\/es\/2023\/07\/una-tarde-dedicada-a-la-inclusion\/","url":"https:\/\/www.pressenza.com\/es\/2023\/07\/una-tarde-dedicada-a-la-inclusion\/","name":"Una tarde dedicada a la inclusi\u00f3n","isPartOf":{"@id":"https:\/\/www.pressenza.com\/es\/#website"},"primaryImageOfPage":{"@id":"https:\/\/www.pressenza.com\/es\/2023\/07\/una-tarde-dedicada-a-la-inclusion\/#primaryimage"},"image":{"@id":"https:\/\/www.pressenza.com\/es\/2023\/07\/una-tarde-dedicada-a-la-inclusion\/#primaryimage"},"thumbnailUrl":"https:\/\/www.pressenza.com\/wp-content\/uploads\/2023\/07\/Una-tarde-por-la-inclusion.jpg","datePublished":"2023-07-19T23:48:21+00:00","dateModified":"2023-07-20T00:39:09+00:00","description":"Por Andr\u00e9s Mitte El Consejo Ciudadano Sectorial de Educaci\u00f3n, en conjunto con el Proyecto Ser Inclusi\u00f3n, la Fundaci\u00f3n La Comunidad para el Desarrollo","breadcrumb":{"@id":"https:\/\/www.pressenza.com\/es\/2023\/07\/una-tarde-dedicada-a-la-inclusion\/#breadcrumb"},"inLanguage":"es","potentialAction":[{"@type":"ReadAction","target":["https:\/\/www.pressenza.com\/es\/2023\/07\/una-tarde-dedicada-a-la-inclusion\/"]}]},{"@type":"ImageObject","inLanguage":"es","@id":"https:\/\/www.pressenza.com\/es\/2023\/07\/una-tarde-dedicada-a-la-inclusion\/#primaryimage","url":"https:\/\/www.pressenza.com\/wp-content\/uploads\/2023\/07\/Una-tarde-por-la-inclusion.jpg","contentUrl":"https:\/\/www.pressenza.com\/wp-content\/uploads\/2023\/07\/Una-tarde-por-la-inclusion.jpg","width":1826,"height":1328,"caption":"Una tarde por la inclusi\u00f3n"},{"@type":"BreadcrumbList","@id":"https:\/\/www.pressenza.com\/es\/2023\/07\/una-tarde-dedicada-a-la-inclusion\/#breadcrumb","itemListElement":[{"@type":"ListItem","position":1,"name":"Accueil","item":"https:\/\/www.pressenza.com\/es\/"},{"@type":"ListItem","position":2,"name":"Una tarde dedicada a la inclusi\u00f3n"}]},{"@type":"WebSite","@id":"https:\/\/www.pressenza.com\/es\/#website","url":"https:\/\/www.pressenza.com\/es\/","name":"Pressenza","description":"International Press Agency","publisher":{"@id":"https:\/\/www.pressenza.com\/es\/#organization"},"potentialAction":[{"@type":"SearchAction","target":{"@type":"EntryPoint","urlTemplate":"https:\/\/www.pressenza.com\/es\/?s={search_term_string}"},"query-input":{"@type":"PropertyValueSpecification","valueRequired":true,"valueName":"search_term_string"}}],"inLanguage":"es"},{"@type":"Organization","@id":"https:\/\/www.pressenza.com\/es\/#organization","name":"Pressenza","url":"https:\/\/www.pressenza.com\/es\/","logo":{"@type":"ImageObject","inLanguage":"es","@id":"https:\/\/www.pressenza.com\/es\/#\/schema\/logo\/image\/","url":"https:\/\/www.pressenza.com\/wp-content\/uploads\/2022\/10\/pressenza_logo_200x200.jpg","contentUrl":"https:\/\/www.pressenza.com\/wp-content\/uploads\/2022\/10\/pressenza_logo_200x200.jpg","width":200,"height":200,"caption":"Pressenza"},"image":{"@id":"https:\/\/www.pressenza.com\/es\/#\/schema\/logo\/image\/"},"sameAs":["https:\/\/www.facebook.com\/PressenzaItalia","https:\/\/x.com\/PressenzaIPA"]},{"@type":"Person","@id":"https:\/\/www.pressenza.com\/es\/#\/schema\/person\/883a735c40665759bcc6fe0c26bcb46f","name":"Redacci\u00f3n Ecuador","description":"News published by the Pressenza bureau in Quito, Ecuador","url":"https:\/\/www.pressenza.com\/es\/author\/redaccion-ecuador\/"}]}},"place":"Quito, Ecuador","original_article_url":"","_links":{"self":[{"href":"https:\/\/www.pressenza.com\/es\/wp-json\/wp\/v2\/posts\/1752763","targetHints":{"allow":["GET"]}}],"collection":[{"href":"https:\/\/www.pressenza.com\/es\/wp-json\/wp\/v2\/posts"}],"about":[{"href":"https:\/\/www.pressenza.com\/es\/wp-json\/wp\/v2\/types\/post"}],"author":[{"embeddable":true,"href":"https:\/\/www.pressenza.com\/es\/wp-json\/wp\/v2\/users\/1011"}],"replies":[{"embeddable":true,"href":"https:\/\/www.pressenza.com\/es\/wp-json\/wp\/v2\/comments?post=1752763"}],"version-history":[{"count":0,"href":"https:\/\/www.pressenza.com\/es\/wp-json\/wp\/v2\/posts\/1752763\/revisions"}],"wp:featuredmedia":[{"embeddable":true,"href":"https:\/\/www.pressenza.com\/es\/wp-json\/wp\/v2\/media\/1752764"}],"wp:attachment":[{"href":"https:\/\/www.pressenza.com\/es\/wp-json\/wp\/v2\/media?parent=1752763"}],"wp:term":[{"taxonomy":"category","embeddable":true,"href":"https:\/\/www.pressenza.com\/es\/wp-json\/wp\/v2\/categories?post=1752763"},{"taxonomy":"post_tag","embeddable":true,"href":"https:\/\/www.pressenza.com\/es\/wp-json\/wp\/v2\/tags?post=1752763"}],"curies":[{"name":"wp","href":"https:\/\/api.w.org\/{rel}","templated":true}]}}