{"id":1752462,"date":"2023-07-19T02:56:55","date_gmt":"2023-07-19T01:56:55","guid":{"rendered":"https:\/\/www.pressenza.com\/?p=1752462"},"modified":"2023-07-19T02:56:55","modified_gmt":"2023-07-19T01:56:55","slug":"incendios-forestales-afectan-17-millones-de-hectareas-de-bosques-amazonicos-al-ano","status":"publish","type":"post","link":"https:\/\/www.pressenza.com\/es\/2023\/07\/incendios-forestales-afectan-17-millones-de-hectareas-de-bosques-amazonicos-al-ano\/","title":{"rendered":"Incendios forestales afectan 17 millones de hect\u00e1reas de bosques amaz\u00f3nicos al a\u00f1o"},"content":{"rendered":"<p>Los incendios forestales en la Amazonia se intensifican cada a\u00f1o. Im\u00e1genes de los bosques quem\u00e1ndose en Brasil, Bolivia y otros pa\u00edses amaz\u00f3nicos se hacen m\u00e1s frecuentes cada a\u00f1o. Entre 2001 y 2020, por lo menos, 120 millones de hect\u00e1reas de bosques amaz\u00f3nicos fueron afectadas por el fuego, una cifra que corresponde a la suma de lo que se quema cada a\u00f1o, seg\u00fan an\u00e1lisis satelitales realizados por la Red Amaz\u00f3nica de Informaci\u00f3n Socioambiental Georreferenciada (RAISG). En t\u00e9rminos porcentuales, se calcula que el 14 % del bioma amaz\u00f3nico ya ha sido da\u00f1ado por los incendios.<\/p>\n<p>La informaci\u00f3n de RAISG tambi\u00e9n indica que cada a\u00f1o, 17 millones de hect\u00e1reas de bosques en la Amazon\u00eda, en promedio, resultan da\u00f1adas por el fuego. En 2020, en plena pandemia del COVID-19, esta cifra subi\u00f3 hasta 27 millones de hect\u00e1reas.<\/p>\n<p>\u201cEl fuego, cada a\u00f1o, pone a la Amazon\u00eda en una profunda crisis\u201d, dice Marlene Quintanilla, directora de investigaci\u00f3n de la Fundaci\u00f3n Amigos de la Naturaleza.<\/p>\n<p>Para monitorear, en tiempo real, los incendios forestales y otras presiones que ocurren en el bioma amaz\u00f3nico, la RAISG desarroll\u00f3 una nueva plataforma, a la que llamaron AMA.<\/p>\n<p>Esta plataforma tambi\u00e9n permite ver c\u00f3mo est\u00e1 avanzando la deforestaci\u00f3n en los nueve pa\u00edses de la Amazon\u00eda. Seg\u00fan la evaluaci\u00f3n hecha entre el 2000 y 2020, se perdieron 54 millones de hect\u00e1reas de bosques amaz\u00f3nicos en estos 20 a\u00f1os, una extensi\u00f3n equivalente al tama\u00f1o de Espa\u00f1a.<\/p>\n<p>Los analistas de RAISG tambi\u00e9n utilizaron la plataforma AMA para realizar una proyecci\u00f3n del \u201criesgo futuro\u201d, es decir, de d\u00f3nde y en qu\u00e9 magnitud podr\u00eda avanzar la deforestaci\u00f3n amaz\u00f3nica para los a\u00f1os 2021 y 2025. Seg\u00fan estos c\u00e1lculos, se perder\u00e1n 23 millones de hect\u00e1reas m\u00e1s de bosques, una extensi\u00f3n similar al tama\u00f1o de Ecuador. Por tanto, desde el a\u00f1o 2000 hasta 2025, la Amazon\u00eda perder\u00eda al menos 77 millones de hect\u00e1reas forestales.<\/p>\n<p>El panorama de los incendios forestales<\/p>\n<p>El problema de los incendios forestales no est\u00e1 muy visibilizado para toda la Amazon\u00eda, dice Quintanilla. Se habla sobre los incendios en Brasil y en Bolivia, pero, se sabe poco sobre lo que sucede en Colombia o en Venezuela. La experta de FAN explica que en Brasil, por ejemplo, son conocidos los incendios forestales en el sur del pa\u00eds, pero en el norte, en los l\u00edmites con Guyana, Venezuela y Colombia ocurren muchos incendios.<\/p>\n<p>Una revisi\u00f3n de todos los focos de calor registrados en AMA para lo que va del 2023 muestra un total de 359 509 registros, la mayor\u00eda en el sur de la Amazon\u00eda, pero tambi\u00e9n en el Cerrado y el Chaco Chiquitano, otros dos biomas que se pueden analizar en la plataforma, a los que se suman parte de Los Andes, El Pantanal y los bosques Tucumanos.<\/p>\n<p>\u201cEn la Amazon\u00eda norte, la \u00e9poca fuerte de los incendios, sobre todo en Colombia y Venezuela, son los primeros meses del a\u00f1o, enero, febrero y marzo. Una situaci\u00f3n similar sucede en estos pa\u00edses entre septiembre y noviembre. Son dos \u00e9pocas de incendios fuertes en estos pa\u00edses que est\u00e1n relacionadas con las condiciones clim\u00e1ticas\u201d, agrega Quintanilla.<\/p>\n<p>Quintanilla tambi\u00e9n destaca que es importante mirar los incendios m\u00e1s all\u00e1 de las fronteras de los pa\u00edses. Como ejemplo, menciona lo que sucede en el l\u00edmite entre Brasil y Bolivia, en el \u00e1rea protegida Noel Kempff Mercado, en el l\u00edmite con Brasil, donde \u201cno hay comunidades ni poblaciones y, sin embargo, se pueden observar zonas con \u00e1reas quemadas. Los incendios ocurren en el lado de Brasil y por los vientos llegan hasta el \u00e1rea protegida, no tienen frontera, avanzan y arrasan con los ecosistemas que encuentran a su paso\u201d.<\/p>\n<p>Tambi\u00e9n se puede conocer la magnitud de los incendios forestales. Por ejemplo, se ha identificado que durante el 2020, los incendios forestales superaron el promedio de quemas anuales en la Amazon\u00eda. Adem\u00e1s, su presencia es cada vez m\u00e1s notoria en \u00e1reas protegidas. Quintanilla destaca que el 60 % de los incendios en 2021, por ejemplo, sucedieron en \u00e1reas que no se hab\u00edan quemado antes y en territorios ind\u00edgenas.<\/p>\n<p>Relaci\u00f3n entre incendios y deforestaci\u00f3n<\/p>\n<p>Rodrigo Torres, coordinador de la Unidad de Geograf\u00eda de la Fundaci\u00f3n EcoCiencia en Ecuador explica que han comparado los datos de deforestaci\u00f3n con los datos de las quemas agr\u00edcolas.<\/p>\n<p>El an\u00e1lisis realizado encontr\u00f3 que la relaci\u00f3n entre quemas y zonas deforestadas se est\u00e1 dando en \u00e1reas que est\u00e1n fuera de territorios ind\u00edgenas y de \u00e1reas protegidas, lugares que han sido transformados y que tienen un uso agr\u00edcola marcado.<\/p>\n<p>Torres comenta que la informaci\u00f3n hist\u00f3rica sobre las \u00e1reas quemadas \u2014desde 2016 hasta 2021\u2014 permite observar que hay zonas en donde existe una recurrencia de quemas durante cinco o seis a\u00f1os. \u201cCada a\u00f1o el mismo pol\u00edgono se vuelve a quemar\u201d.<\/p>\n<p>Torres destac\u00f3 que la plataforma desarrollada por RAISG permite conocer lo que est\u00e1 pasando con los incendios forestales en pa\u00edses como Ecuador y Venezuela, que no cuentan con sistemas de monitoreo locales.<\/p>\n<p>Una mirada regional de la deforestaci\u00f3n<\/p>\n<p>En los an\u00e1lisis realizados por la RAISG, gran parte de Brasil, principalmente el sur, el l\u00edmite entre Brasil y Bolivia, as\u00ed como el sur de Bolivia aparecen como zonas con gran riesgo de deforestaci\u00f3n. Tambi\u00e9n la zona central de Per\u00fa, el norte de Colombia y el sector entre los Andes y la Amazon\u00eda de Ecuador se observa con gran presi\u00f3n por la p\u00e9rdida de bosques.<\/p>\n<p>\u201cLa zona con mayor riesgo es Brasil y eso tiene que ver con el nivel de infraestructura, los caminos y el acceso al bosque. Otro sector es el que est\u00e1 entre Bolivia y Brasil, que se ha convertido en una zona de mucha concentraci\u00f3n de deforestaci\u00f3n\u201d, comenta Quintanilla.<\/p>\n<p>Las im\u00e1genes satelitales tambi\u00e9n muestran que las comunidades nativas y las \u00e1reas naturales protegidas son como una barrera para el avance de la deforestaci\u00f3n. Sin embargo, \u201cen los \u00faltimos a\u00f1os, la deforestaci\u00f3n est\u00e1 penetrando a estos territorios\u201d, agrega Quintanilla.<\/p>\n<p>Fanny Kuiru, representante de la Coordinadora de las Organizaciones Ind\u00edgenas de la Cuenca Amaz\u00f3nica (Coica), se\u00f1ala que herramientas de monitoreo satelital, como AMA, permiten que las comunidades ind\u00edgenas puedan \u201cactuar y tomar medidas de manera r\u00e1pida y oportuna para evitar incendios forestales y deforestaci\u00f3n en la Amazon\u00eda\u2026 Esto permite a las autoridades ind\u00edgenas ejercer una mejor gobernanza territorial y proteger la Amazon\u00eda\u201d.<\/p>\n<p>Rodney Camargo, especialista SIG de la Fundaci\u00f3n Amigos de la Naturaleza, explica que AMA, en esta primera versi\u00f3n, concentra informaci\u00f3n de las \u00e1reas afectadas por los incendios, las alertas sobre los focos de calor \u2014datos de la Administraci\u00f3n Nacional de Aeron\u00e1utica y el Espacio de Estados Unidos (NASA por sus siglas en ingl\u00e9s)\u2014, y cifras sobre deforestaci\u00f3n. Una siguiente versi\u00f3n, incluir\u00e1 informaci\u00f3n de miner\u00eda, de hidrocarburos y de hidroel\u00e9ctricas. \u201cSe quiere tener todas las capas de las presiones en la Amazon\u00eda en una sola plataforma\u201d, apunta.<\/p>\n<p><em>Publicado en Mongabay<\/p>\n<p>Yvette Sierra Praeli. Periodista de investigaci\u00f3n en temas ambientales, cient\u00edficos y de actualidad. Ha trabajado en medios impresos y digitales en Per\u00fa, ha colaborado con La Voz de Arizona en EE. UU. y para el peri\u00f3dico La Naci\u00f3n en Costa Rica.<br \/>\nTomado de: prensarural.org<\/em><\/p>\n","protected":false},"excerpt":{"rendered":"<p>Los incendios forestales en la Amazonia se intensifican cada a\u00f1o. Im\u00e1genes de los bosques quem\u00e1ndose en Brasil, Bolivia y otros pa\u00edses amaz\u00f3nicos se hacen m\u00e1s frecuentes cada a\u00f1o. Entre 2001 y 2020, por lo menos, 120 millones de hect\u00e1reas de&hellip;<\/p>\n","protected":false},"author":2238,"featured_media":1752463,"comment_status":"closed","ping_status":"closed","sticky":false,"template":"","format":"standard","meta":{"footnotes":""},"categories":[78,106739,67],"tags":[47056,34540],"class_list":["post-1752462","post","type-post","status-publish","format-standard","has-post-thumbnail","hentry","category-medio-ambiente-ecologia","category-noticia","category-sudamerica","tag-amazonia-es","tag-incendios-forestales"],"yoast_head":"<!-- This site is optimized with the Yoast SEO plugin v27.1.1 - https:\/\/yoast.com\/product\/yoast-seo-wordpress\/ -->\n<title>Incendios forestales afectan 17 millones de hect\u00e1reas de bosques amaz\u00f3nicos al a\u00f1o<\/title>\n<meta name=\"description\" content=\"Los incendios forestales en la Amazonia se intensifican cada a\u00f1o. Im\u00e1genes de los bosques quem\u00e1ndose en Brasil, Bolivia y otros pa\u00edses amaz\u00f3nicos se hacen\" \/>\n<meta name=\"robots\" content=\"index, follow, max-snippet:-1, max-image-preview:large, max-video-preview:-1\" \/>\n<link rel=\"canonical\" href=\"https:\/\/www.pressenza.com\/es\/2023\/07\/incendios-forestales-afectan-17-millones-de-hectareas-de-bosques-amazonicos-al-ano\/\" \/>\n<meta property=\"og:locale\" content=\"es_ES\" \/>\n<meta property=\"og:type\" content=\"article\" \/>\n<meta property=\"og:title\" content=\"Incendios forestales afectan 17 millones de hect\u00e1reas de bosques amaz\u00f3nicos al a\u00f1o\" \/>\n<meta property=\"og:description\" content=\"Los incendios forestales en la Amazonia se intensifican cada a\u00f1o. Im\u00e1genes de los bosques quem\u00e1ndose en Brasil, Bolivia y otros pa\u00edses amaz\u00f3nicos se hacen\" \/>\n<meta property=\"og:url\" content=\"https:\/\/www.pressenza.com\/es\/2023\/07\/incendios-forestales-afectan-17-millones-de-hectareas-de-bosques-amazonicos-al-ano\/\" \/>\n<meta property=\"og:site_name\" content=\"Pressenza\" \/>\n<meta property=\"article:publisher\" content=\"https:\/\/www.facebook.com\/PressenzaItalia\" \/>\n<meta property=\"article:published_time\" content=\"2023-07-19T01:56:55+00:00\" \/>\n<meta property=\"og:image\" content=\"https:\/\/www.pressenza.com\/wp-content\/uploads\/2023\/07\/incendio-brasil-amazonia-1-768x512-1.jpg\" \/>\n\t<meta property=\"og:image:width\" content=\"768\" \/>\n\t<meta property=\"og:image:height\" content=\"512\" \/>\n\t<meta property=\"og:image:type\" content=\"image\/jpeg\" \/>\n<meta name=\"author\" content=\"Radio Temblor\" \/>\n<meta name=\"twitter:card\" content=\"summary_large_image\" \/>\n<meta name=\"twitter:creator\" content=\"@PressenzaIPA\" \/>\n<meta name=\"twitter:site\" content=\"@PressenzaIPA\" \/>\n<meta name=\"twitter:label1\" content=\"Escrito por\" \/>\n\t<meta name=\"twitter:data1\" content=\"Radio Temblor\" \/>\n<script type=\"application\/ld+json\" class=\"yoast-schema-graph\">{\"@context\":\"https:\/\/schema.org\",\"@graph\":[{\"@type\":\"Article\",\"@id\":\"https:\/\/www.pressenza.com\/es\/2023\/07\/incendios-forestales-afectan-17-millones-de-hectareas-de-bosques-amazonicos-al-ano\/#article\",\"isPartOf\":{\"@id\":\"https:\/\/www.pressenza.com\/es\/2023\/07\/incendios-forestales-afectan-17-millones-de-hectareas-de-bosques-amazonicos-al-ano\/\"},\"author\":{\"name\":\"Radio Temblor\",\"@id\":\"https:\/\/www.pressenza.com\/es\/#\/schema\/person\/458de7453c7a3a5ef659b8eda0dba362\"},\"headline\":\"Incendios forestales afectan 17 millones de hect\u00e1reas de bosques amaz\u00f3nicos al a\u00f1o\",\"datePublished\":\"2023-07-19T01:56:55+00:00\",\"mainEntityOfPage\":{\"@id\":\"https:\/\/www.pressenza.com\/es\/2023\/07\/incendios-forestales-afectan-17-millones-de-hectareas-de-bosques-amazonicos-al-ano\/\"},\"wordCount\":1290,\"publisher\":{\"@id\":\"https:\/\/www.pressenza.com\/es\/#organization\"},\"image\":{\"@id\":\"https:\/\/www.pressenza.com\/es\/2023\/07\/incendios-forestales-afectan-17-millones-de-hectareas-de-bosques-amazonicos-al-ano\/#primaryimage\"},\"thumbnailUrl\":\"https:\/\/www.pressenza.com\/wp-content\/uploads\/2023\/07\/incendio-brasil-amazonia-1-768x512-1.jpg\",\"keywords\":[\"Amazonia\",\"incendios forestales\"],\"articleSection\":[\"Ecolog\u00eda y Medio Ambiente\",\"Noticia\",\"Sudam\u00e9rica\"],\"inLanguage\":\"es\"},{\"@type\":\"WebPage\",\"@id\":\"https:\/\/www.pressenza.com\/es\/2023\/07\/incendios-forestales-afectan-17-millones-de-hectareas-de-bosques-amazonicos-al-ano\/\",\"url\":\"https:\/\/www.pressenza.com\/es\/2023\/07\/incendios-forestales-afectan-17-millones-de-hectareas-de-bosques-amazonicos-al-ano\/\",\"name\":\"Incendios forestales afectan 17 millones de hect\u00e1reas de bosques amaz\u00f3nicos al a\u00f1o\",\"isPartOf\":{\"@id\":\"https:\/\/www.pressenza.com\/es\/#website\"},\"primaryImageOfPage\":{\"@id\":\"https:\/\/www.pressenza.com\/es\/2023\/07\/incendios-forestales-afectan-17-millones-de-hectareas-de-bosques-amazonicos-al-ano\/#primaryimage\"},\"image\":{\"@id\":\"https:\/\/www.pressenza.com\/es\/2023\/07\/incendios-forestales-afectan-17-millones-de-hectareas-de-bosques-amazonicos-al-ano\/#primaryimage\"},\"thumbnailUrl\":\"https:\/\/www.pressenza.com\/wp-content\/uploads\/2023\/07\/incendio-brasil-amazonia-1-768x512-1.jpg\",\"datePublished\":\"2023-07-19T01:56:55+00:00\",\"description\":\"Los incendios forestales en la Amazonia se intensifican cada a\u00f1o. Im\u00e1genes de los bosques quem\u00e1ndose en Brasil, Bolivia y otros pa\u00edses amaz\u00f3nicos se hacen\",\"breadcrumb\":{\"@id\":\"https:\/\/www.pressenza.com\/es\/2023\/07\/incendios-forestales-afectan-17-millones-de-hectareas-de-bosques-amazonicos-al-ano\/#breadcrumb\"},\"inLanguage\":\"es\",\"potentialAction\":[{\"@type\":\"ReadAction\",\"target\":[\"https:\/\/www.pressenza.com\/es\/2023\/07\/incendios-forestales-afectan-17-millones-de-hectareas-de-bosques-amazonicos-al-ano\/\"]}]},{\"@type\":\"ImageObject\",\"inLanguage\":\"es\",\"@id\":\"https:\/\/www.pressenza.com\/es\/2023\/07\/incendios-forestales-afectan-17-millones-de-hectareas-de-bosques-amazonicos-al-ano\/#primaryimage\",\"url\":\"https:\/\/www.pressenza.com\/wp-content\/uploads\/2023\/07\/incendio-brasil-amazonia-1-768x512-1.jpg\",\"contentUrl\":\"https:\/\/www.pressenza.com\/wp-content\/uploads\/2023\/07\/incendio-brasil-amazonia-1-768x512-1.jpg\",\"width\":768,\"height\":512},{\"@type\":\"BreadcrumbList\",\"@id\":\"https:\/\/www.pressenza.com\/es\/2023\/07\/incendios-forestales-afectan-17-millones-de-hectareas-de-bosques-amazonicos-al-ano\/#breadcrumb\",\"itemListElement\":[{\"@type\":\"ListItem\",\"position\":1,\"name\":\"Accueil\",\"item\":\"https:\/\/www.pressenza.com\/es\/\"},{\"@type\":\"ListItem\",\"position\":2,\"name\":\"Incendios forestales afectan 17 millones de hect\u00e1reas de bosques amaz\u00f3nicos al a\u00f1o\"}]},{\"@type\":\"WebSite\",\"@id\":\"https:\/\/www.pressenza.com\/es\/#website\",\"url\":\"https:\/\/www.pressenza.com\/es\/\",\"name\":\"Pressenza\",\"description\":\"International Press Agency\",\"publisher\":{\"@id\":\"https:\/\/www.pressenza.com\/es\/#organization\"},\"potentialAction\":[{\"@type\":\"SearchAction\",\"target\":{\"@type\":\"EntryPoint\",\"urlTemplate\":\"https:\/\/www.pressenza.com\/es\/?s={search_term_string}\"},\"query-input\":{\"@type\":\"PropertyValueSpecification\",\"valueRequired\":true,\"valueName\":\"search_term_string\"}}],\"inLanguage\":\"es\"},{\"@type\":\"Organization\",\"@id\":\"https:\/\/www.pressenza.com\/es\/#organization\",\"name\":\"Pressenza\",\"url\":\"https:\/\/www.pressenza.com\/es\/\",\"logo\":{\"@type\":\"ImageObject\",\"inLanguage\":\"es\",\"@id\":\"https:\/\/www.pressenza.com\/es\/#\/schema\/logo\/image\/\",\"url\":\"https:\/\/www.pressenza.com\/wp-content\/uploads\/2022\/10\/pressenza_logo_200x200.jpg\",\"contentUrl\":\"https:\/\/www.pressenza.com\/wp-content\/uploads\/2022\/10\/pressenza_logo_200x200.jpg\",\"width\":200,\"height\":200,\"caption\":\"Pressenza\"},\"image\":{\"@id\":\"https:\/\/www.pressenza.com\/es\/#\/schema\/logo\/image\/\"},\"sameAs\":[\"https:\/\/www.facebook.com\/PressenzaItalia\",\"https:\/\/x.com\/PressenzaIPA\"]},{\"@type\":\"Person\",\"@id\":\"https:\/\/www.pressenza.com\/es\/#\/schema\/person\/458de7453c7a3a5ef659b8eda0dba362\",\"name\":\"Radio Temblor\",\"description\":\"Radio Temblor es un medio alternativo de comunicaci\u00f3n del colectivo Voces Ecol\u00f3gicas COVEC que surge en el a\u00f1o 2008 en el marco de la Movilizaci\u00f3n Socio Ambiental Rural y Nacional en Panam\u00e1. En medio de estos acontecimientos, el equipo fundador compuesto por estudiantes universitarios se propuso realizar comunicaci\u00f3n popular, convirtiendo a Radio Temblor en un referente informativo con reporterxs y productorxs en Panam\u00e1 y otros pa\u00edses en Latinoam\u00e9rica. Los contenidos son transmitidos en diferido por radio frecuencias en Panam\u00e1 y otros pa\u00edses. Actualmente somos un medio informativo con sede en Panam\u00e1 y cobertura a nivel Latinoamericano.\",\"url\":\"https:\/\/www.pressenza.com\/es\/author\/radio-temblor\/\"}]}<\/script>\n<!-- \/ Yoast SEO plugin. -->","yoast_head_json":{"title":"Incendios forestales afectan 17 millones de hect\u00e1reas de bosques amaz\u00f3nicos al a\u00f1o","description":"Los incendios forestales en la Amazonia se intensifican cada a\u00f1o. Im\u00e1genes de los bosques quem\u00e1ndose en Brasil, Bolivia y otros pa\u00edses amaz\u00f3nicos se hacen","robots":{"index":"index","follow":"follow","max-snippet":"max-snippet:-1","max-image-preview":"max-image-preview:large","max-video-preview":"max-video-preview:-1"},"canonical":"https:\/\/www.pressenza.com\/es\/2023\/07\/incendios-forestales-afectan-17-millones-de-hectareas-de-bosques-amazonicos-al-ano\/","og_locale":"es_ES","og_type":"article","og_title":"Incendios forestales afectan 17 millones de hect\u00e1reas de bosques amaz\u00f3nicos al a\u00f1o","og_description":"Los incendios forestales en la Amazonia se intensifican cada a\u00f1o. Im\u00e1genes de los bosques quem\u00e1ndose en Brasil, Bolivia y otros pa\u00edses amaz\u00f3nicos se hacen","og_url":"https:\/\/www.pressenza.com\/es\/2023\/07\/incendios-forestales-afectan-17-millones-de-hectareas-de-bosques-amazonicos-al-ano\/","og_site_name":"Pressenza","article_publisher":"https:\/\/www.facebook.com\/PressenzaItalia","article_published_time":"2023-07-19T01:56:55+00:00","og_image":[{"width":768,"height":512,"url":"https:\/\/www.pressenza.com\/wp-content\/uploads\/2023\/07\/incendio-brasil-amazonia-1-768x512-1.jpg","type":"image\/jpeg"}],"author":"Radio Temblor","twitter_card":"summary_large_image","twitter_creator":"@PressenzaIPA","twitter_site":"@PressenzaIPA","twitter_misc":{"Escrito por":"Radio Temblor"},"schema":{"@context":"https:\/\/schema.org","@graph":[{"@type":"Article","@id":"https:\/\/www.pressenza.com\/es\/2023\/07\/incendios-forestales-afectan-17-millones-de-hectareas-de-bosques-amazonicos-al-ano\/#article","isPartOf":{"@id":"https:\/\/www.pressenza.com\/es\/2023\/07\/incendios-forestales-afectan-17-millones-de-hectareas-de-bosques-amazonicos-al-ano\/"},"author":{"name":"Radio Temblor","@id":"https:\/\/www.pressenza.com\/es\/#\/schema\/person\/458de7453c7a3a5ef659b8eda0dba362"},"headline":"Incendios forestales afectan 17 millones de hect\u00e1reas de bosques amaz\u00f3nicos al a\u00f1o","datePublished":"2023-07-19T01:56:55+00:00","mainEntityOfPage":{"@id":"https:\/\/www.pressenza.com\/es\/2023\/07\/incendios-forestales-afectan-17-millones-de-hectareas-de-bosques-amazonicos-al-ano\/"},"wordCount":1290,"publisher":{"@id":"https:\/\/www.pressenza.com\/es\/#organization"},"image":{"@id":"https:\/\/www.pressenza.com\/es\/2023\/07\/incendios-forestales-afectan-17-millones-de-hectareas-de-bosques-amazonicos-al-ano\/#primaryimage"},"thumbnailUrl":"https:\/\/www.pressenza.com\/wp-content\/uploads\/2023\/07\/incendio-brasil-amazonia-1-768x512-1.jpg","keywords":["Amazonia","incendios forestales"],"articleSection":["Ecolog\u00eda y Medio Ambiente","Noticia","Sudam\u00e9rica"],"inLanguage":"es"},{"@type":"WebPage","@id":"https:\/\/www.pressenza.com\/es\/2023\/07\/incendios-forestales-afectan-17-millones-de-hectareas-de-bosques-amazonicos-al-ano\/","url":"https:\/\/www.pressenza.com\/es\/2023\/07\/incendios-forestales-afectan-17-millones-de-hectareas-de-bosques-amazonicos-al-ano\/","name":"Incendios forestales afectan 17 millones de hect\u00e1reas de bosques amaz\u00f3nicos al a\u00f1o","isPartOf":{"@id":"https:\/\/www.pressenza.com\/es\/#website"},"primaryImageOfPage":{"@id":"https:\/\/www.pressenza.com\/es\/2023\/07\/incendios-forestales-afectan-17-millones-de-hectareas-de-bosques-amazonicos-al-ano\/#primaryimage"},"image":{"@id":"https:\/\/www.pressenza.com\/es\/2023\/07\/incendios-forestales-afectan-17-millones-de-hectareas-de-bosques-amazonicos-al-ano\/#primaryimage"},"thumbnailUrl":"https:\/\/www.pressenza.com\/wp-content\/uploads\/2023\/07\/incendio-brasil-amazonia-1-768x512-1.jpg","datePublished":"2023-07-19T01:56:55+00:00","description":"Los incendios forestales en la Amazonia se intensifican cada a\u00f1o. Im\u00e1genes de los bosques quem\u00e1ndose en Brasil, Bolivia y otros pa\u00edses amaz\u00f3nicos se hacen","breadcrumb":{"@id":"https:\/\/www.pressenza.com\/es\/2023\/07\/incendios-forestales-afectan-17-millones-de-hectareas-de-bosques-amazonicos-al-ano\/#breadcrumb"},"inLanguage":"es","potentialAction":[{"@type":"ReadAction","target":["https:\/\/www.pressenza.com\/es\/2023\/07\/incendios-forestales-afectan-17-millones-de-hectareas-de-bosques-amazonicos-al-ano\/"]}]},{"@type":"ImageObject","inLanguage":"es","@id":"https:\/\/www.pressenza.com\/es\/2023\/07\/incendios-forestales-afectan-17-millones-de-hectareas-de-bosques-amazonicos-al-ano\/#primaryimage","url":"https:\/\/www.pressenza.com\/wp-content\/uploads\/2023\/07\/incendio-brasil-amazonia-1-768x512-1.jpg","contentUrl":"https:\/\/www.pressenza.com\/wp-content\/uploads\/2023\/07\/incendio-brasil-amazonia-1-768x512-1.jpg","width":768,"height":512},{"@type":"BreadcrumbList","@id":"https:\/\/www.pressenza.com\/es\/2023\/07\/incendios-forestales-afectan-17-millones-de-hectareas-de-bosques-amazonicos-al-ano\/#breadcrumb","itemListElement":[{"@type":"ListItem","position":1,"name":"Accueil","item":"https:\/\/www.pressenza.com\/es\/"},{"@type":"ListItem","position":2,"name":"Incendios forestales afectan 17 millones de hect\u00e1reas de bosques amaz\u00f3nicos al a\u00f1o"}]},{"@type":"WebSite","@id":"https:\/\/www.pressenza.com\/es\/#website","url":"https:\/\/www.pressenza.com\/es\/","name":"Pressenza","description":"International Press Agency","publisher":{"@id":"https:\/\/www.pressenza.com\/es\/#organization"},"potentialAction":[{"@type":"SearchAction","target":{"@type":"EntryPoint","urlTemplate":"https:\/\/www.pressenza.com\/es\/?s={search_term_string}"},"query-input":{"@type":"PropertyValueSpecification","valueRequired":true,"valueName":"search_term_string"}}],"inLanguage":"es"},{"@type":"Organization","@id":"https:\/\/www.pressenza.com\/es\/#organization","name":"Pressenza","url":"https:\/\/www.pressenza.com\/es\/","logo":{"@type":"ImageObject","inLanguage":"es","@id":"https:\/\/www.pressenza.com\/es\/#\/schema\/logo\/image\/","url":"https:\/\/www.pressenza.com\/wp-content\/uploads\/2022\/10\/pressenza_logo_200x200.jpg","contentUrl":"https:\/\/www.pressenza.com\/wp-content\/uploads\/2022\/10\/pressenza_logo_200x200.jpg","width":200,"height":200,"caption":"Pressenza"},"image":{"@id":"https:\/\/www.pressenza.com\/es\/#\/schema\/logo\/image\/"},"sameAs":["https:\/\/www.facebook.com\/PressenzaItalia","https:\/\/x.com\/PressenzaIPA"]},{"@type":"Person","@id":"https:\/\/www.pressenza.com\/es\/#\/schema\/person\/458de7453c7a3a5ef659b8eda0dba362","name":"Radio Temblor","description":"Radio Temblor es un medio alternativo de comunicaci\u00f3n del colectivo Voces Ecol\u00f3gicas COVEC que surge en el a\u00f1o 2008 en el marco de la Movilizaci\u00f3n Socio Ambiental Rural y Nacional en Panam\u00e1. En medio de estos acontecimientos, el equipo fundador compuesto por estudiantes universitarios se propuso realizar comunicaci\u00f3n popular, convirtiendo a Radio Temblor en un referente informativo con reporterxs y productorxs en Panam\u00e1 y otros pa\u00edses en Latinoam\u00e9rica. Los contenidos son transmitidos en diferido por radio frecuencias en Panam\u00e1 y otros pa\u00edses. Actualmente somos un medio informativo con sede en Panam\u00e1 y cobertura a nivel Latinoamericano.","url":"https:\/\/www.pressenza.com\/es\/author\/radio-temblor\/"}]}},"place":"","original_article_url":"https:\/\/www.radiotemblor.org\/incendios-forestales-afectan-17-millones-de-hectareas-de-bosques-amazonicos-al-ano\/","_links":{"self":[{"href":"https:\/\/www.pressenza.com\/es\/wp-json\/wp\/v2\/posts\/1752462","targetHints":{"allow":["GET"]}}],"collection":[{"href":"https:\/\/www.pressenza.com\/es\/wp-json\/wp\/v2\/posts"}],"about":[{"href":"https:\/\/www.pressenza.com\/es\/wp-json\/wp\/v2\/types\/post"}],"author":[{"embeddable":true,"href":"https:\/\/www.pressenza.com\/es\/wp-json\/wp\/v2\/users\/2238"}],"replies":[{"embeddable":true,"href":"https:\/\/www.pressenza.com\/es\/wp-json\/wp\/v2\/comments?post=1752462"}],"version-history":[{"count":0,"href":"https:\/\/www.pressenza.com\/es\/wp-json\/wp\/v2\/posts\/1752462\/revisions"}],"wp:featuredmedia":[{"embeddable":true,"href":"https:\/\/www.pressenza.com\/es\/wp-json\/wp\/v2\/media\/1752463"}],"wp:attachment":[{"href":"https:\/\/www.pressenza.com\/es\/wp-json\/wp\/v2\/media?parent=1752462"}],"wp:term":[{"taxonomy":"category","embeddable":true,"href":"https:\/\/www.pressenza.com\/es\/wp-json\/wp\/v2\/categories?post=1752462"},{"taxonomy":"post_tag","embeddable":true,"href":"https:\/\/www.pressenza.com\/es\/wp-json\/wp\/v2\/tags?post=1752462"}],"curies":[{"name":"wp","href":"https:\/\/api.w.org\/{rel}","templated":true}]}}