{"id":1751571,"date":"2023-07-14T03:21:22","date_gmt":"2023-07-14T02:21:22","guid":{"rendered":"https:\/\/www.pressenza.com\/?p=1751571"},"modified":"2023-07-14T03:21:22","modified_gmt":"2023-07-14T02:21:22","slug":"detenciones-en-jujuy-hay-cosas-que-no-se-veian-desde-el-apagon-de-ledesma","status":"publish","type":"post","link":"https:\/\/www.pressenza.com\/es\/2023\/07\/detenciones-en-jujuy-hay-cosas-que-no-se-veian-desde-el-apagon-de-ledesma\/","title":{"rendered":"Detenciones en Jujuy: \u00abHay cosas que no se ve\u00edan desde el Apag\u00f3n de Ledesma\u00bb"},"content":{"rendered":"<p style=\"padding-left: 40px;\">En la cuarta semana de cortes y marchas contra la reforma constitucional del gobernador Gerardo Morales, se ordenaron 22 detenciones a personas que participan de las protestas en Humahuaca. La asamblea del Tercer Mal\u00f3n de la Paz exigi\u00f3 la liberaci\u00f3n de los detenidos y el fin del hostigamiento. Testimonio de un comunero de la comunidad Ocumazo del Pueblo Humahuaca e integrante de la Red Puna.<\/p>\n<div class=\"et_pb_column et_pb_column_4_4 et_pb_column_5_tb_body et_pb_css_mix_blend_mode_passthrough et-last-child\">\n<div class=\"et_pb_module et_pb_post_content et_pb_post_content_0_tb_body\">\n<p>En Jujuy se sostienen doce cortes en diversas rutas para manifestarse contra la reforma constitucional del gobernador Gerardo Morales y oponerse al avance extractivista sobre los bienes comunes. Daniel Argamonte, de la comunidad Ocumazo del Pueblo Humahuaca e integrante de la Red Puna, advierte que \u00abhay mucha plata de por medio y el acuerdo es saquear los recursos naturales\u00bb. Para eso, <strong>\u00abMorales hizo el cambio en la Constituci\u00f3n y se asegur\u00f3 de tener el aval para sacar los recursos mineros de la provincia\u00bb<\/strong>, denuncia Argamonte y anticipa el avance sobre territorios ind\u00edgenas para hacer uso de los recursos mineros y del agua. Tras cuatro semanas de protesta,<strong> anoche se registraron detenciones <\/strong>contra personas de Humahuaca, algunas de ellas fueron detenidas sin que la Polic\u00eda de Jujuy informara sobre su paradero.<\/p>\n<p>La reforma del gobierno juje\u00f1o, en acuerdo con el Partido Justicialista, pone en jaque la propiedad comunitaria de la tierra. \u00abEl a\u00f1o pasado, en una visita que hizo el gobierno provincial a Salinas Grandes \u2014uno de los mayores yacimientos de litio de Jujuy, junto al Salar de Olaroz\u2014 la gente lo repudi\u00f3 y dijo que no estaba de acuerdo con la extracci\u00f3n de litio. Sin embargo, el Gobierno dice que las comunidades s\u00ed estamos de acuerdo y que hay gente que viene de afuera a enga\u00f1arnos para que nos opongamos\u00bb, denuncia el integrante de la comunidad Ocumazo desde el corte que la asamblea del <span style=\"text-decoration: underline;\"><a href=\"https:\/\/agenciatierraviva.com.ar\/el-gobierno-de-jujuy-traba-los-modelos-de-desarrollo-elegidos-por-las-comunidades-indigenas\/\" target=\"_blank\" rel=\"noreferrer noopener\">Tercer Mal\u00f3n de la Paz<\/a><\/span> mantiene en Purmamarca.<\/p>\n<p>Los <a href=\"https:\/\/agenciatierraviva.com.ar\/panorama-jujuy-litio-y-extractivismo-de-norte-a-sur\/\" target=\"_blank\" rel=\"noreferrer noopener\"><span style=\"text-decoration: underline;\">proyectos extractivistas<\/span><\/a> implican represi\u00f3n en los territorios, criminalizaci\u00f3n de la protesta y estigmatizaci\u00f3n de las personas que se oponen a los proyectos extractivos. Anoche, el Juzgado de Control en lo Penal Econ\u00f3mico y Delitos contra la Administraci\u00f3n de Jujuy dict\u00f3 \u00f3rdenes de detenci\u00f3n contra 22 personas que viven en Humahuaca y participaron de las protestas. En la previa, las asambleas recomendaron mantenerlas en un lugar seguro y fuera del alcance de las fuerzas de seguridad, dado que <strong>\u00abno hay garant\u00edas de tratamiento imparcial y libre de injerencias pol\u00edticas\u00bb<\/strong>.<\/p>\n<p>Mientras en Humahuaca ocurr\u00edan las detenciones, la asamblea del Tercer Mal\u00f3n de la Paz \u2014que re\u00fane a voceros de 120 comunidades\u2014 exigi\u00f3 la inmediata liberaci\u00f3n de las personas privadas de su libertad y el fin de la persecuci\u00f3n. Adem\u00e1s, desde el bloqueo en el cruce de las rutas 9 y 52, se llam\u00f3 a adherirse al paro provincial convocado por la Multisectorial contra la reforma constitucional para este jueves. La localidad elegida para esta nueva ola de detenciones fue la primera en conseguir, por reclamo popular, una <a href=\"https:\/\/twitter.com\/Tierra_Viva_\/status\/1675183150433984512\" target=\"_blank\" rel=\"noreferrer noopener\"><span style=\"text-decoration: underline;\">declaraci\u00f3n del Concejo Deliberante contra la reform<\/span>a<\/a> de Morales. A Humahuaca le siguieron, en solo una semana, La Quiaca, Abra Pampa, Palpal\u00e1, El Molulo, El Aguilar, Tres Cruces, Puesto del Marqu\u00e9s, Tilcara y Maimara.<\/p>\n<\/div>\n<\/div>\n<div id=\"attachment_1751574\" class=\"wp-caption alignnone\"><img loading=\"lazy\" decoding=\"async\" aria-describedby=\"caption-attachment-1751574\" class=\"wp-image-1751574 size-full\" src=\"https:\/\/www.pressenza.com\/wp-content\/uploads\/2023\/07\/jujuy2-Susi-Maresca.jpg\" alt=\"\" width=\"1024\" height=\"683\" srcset=\"https:\/\/www.pressenza.com\/wp-content\/uploads\/2023\/07\/jujuy2-Susi-Maresca.jpg 1024w, https:\/\/www.pressenza.com\/wp-content\/uploads\/2023\/07\/jujuy2-Susi-Maresca-300x200.jpg 300w, https:\/\/www.pressenza.com\/wp-content\/uploads\/2023\/07\/jujuy2-Susi-Maresca-820x547.jpg 820w\" sizes=\"auto, (max-width: 1024px) 100vw, 1024px\" \/><p id=\"caption-attachment-1751574\" class=\"wp-caption-text\">Foto Susi Maresca<\/p><\/div>\n<div class=\"et_pb_column et_pb_column_4_4 et_pb_column_5_tb_body et_pb_css_mix_blend_mode_passthrough et-last-child\">\n<div class=\"et_pb_module et_pb_post_content et_pb_post_content_0_tb_body\">\n<p>\u00abHay cosas que no se ve\u00edan desde la noche del Apag\u00f3n de Ledesma durante la \u00faltima dictadura. <strong>La Polic\u00eda se mueve con veh\u00edculos sin patentes, meten infiltrados en las asambleas o en los grupos de redes, tiran informaci\u00f3n falsa<\/strong>. Los polic\u00edas van a las casas de los comuneros a preguntar si est\u00e1n participando en los cortes o no. Hacen guardias en las casas para ver si sale gente\u00bb, denunci\u00f3 Argamonte.<\/p>\n<p>Abogadas y Abogados del NOA en Derechos Humanos y Estudios Sociales (Andhes) emiti\u00f3 d\u00edas antes <span style=\"text-decoration: underline;\"><a href=\"https:\/\/www.andhes.org.ar\/contenido\/87\/extractivismo-reforma-judicial-complicidad-empresaria.html\" target=\"_blank\" rel=\"noreferrer noopener\">un comunicado<\/a><\/span> en el que contextualizaba la situaci\u00f3n que vive la provincia y resaltaba que las empresas que operan en la extracci\u00f3n minera cuentan con el aval de gobiernos nacionales y provinciales. \u00abDe esta manera se ven beneficiados por m\u00faltiples mecanismos de &#8216;fomento de inversiones&#8217;, establecimiento de marcos legislativos favorables, permisos y exenciones tributarias y de derechos laborales y disposici\u00f3n de las fuerzas de orden p\u00fablico\u00bb, sostiene Andhes.<\/p>\n<p>\u00abEl extractivismo fue s\u00f3lo una de las modalidades de apropiaci\u00f3n de recursos por parte de los pa\u00edses dominantes. Este proceso sigue en marcha, ahora son las empresas transnacionales quienes se han transformado en sus principales protagonistas\u00bb, analiza el comunicado de Andhes y agrega: \u00abJujuy fue hist\u00f3ricamente marcada por las atrocidades de las empresas mineras: contaminaci\u00f3n ambiental, trabajo cuasi esclavo, da\u00f1os a la salud de les trabajadores, apropiaci\u00f3n de territorios ind\u00edgenas, complicidad con\u00a0 la dictadura\u00bb.<\/p>\n<h3 class=\"wp-block-heading\">Cuatro semanas de vigilia contra el saqueo, cuatro semanas de persecuci\u00f3n y detenciones en Jujuy<\/h3>\n<p>Argamonte explica que su comunidad se dedica en gran medida a la cr\u00eda de animales, pero que la resistencia se sostiene a pesar de complicar el sustento diario. \u00abVamos por la cuarta semana y no es f\u00e1cil. Est\u00e1 todo parado ac\u00e1, no llegan los turistas, no llegan los insumos y eso complica la situaci\u00f3n\u00bb, lamenta. \u00abAqu\u00ed est\u00e1 todo muy convulsionado. <strong>En la provincia hay doce cortes: en Tilcara, Humahuaca, La Quiaca, Abra Pampa, Purmamarca, por ejemplo. Cada comunidad env\u00eda representantes y nos vamos rotando para sostenerlos<\/strong>\u00ab, relata.<\/p>\n<p>Mientras tanto, Morales sigue presionando. En los \u00faltimos d\u00edas se lo vio haciendo campa\u00f1a de cara a las elecciones presidenciales junto al precandidato de Juntos por el Cambio y jefe de gobierno porte\u00f1o, Horacio Rodr\u00edguez Larreta. \u00abPero vino esta semana y mand\u00f3 a hostigar por todos lados, a la gente que trabaja en el municipio y en las entidades de la provincia\u00bb, cuenta el comunero. Los agentes estatales fueron amenazados con quedarse sin trabajo. <strong>A las docentes que estaban protestando les descontaron los d\u00edas de paro. Sin embargo, esta semana llevar\u00e1n a cabo una nueva huelga<\/strong>.<\/p>\n<div id=\"attachment_1751575\" class=\"wp-caption alignnone\"><img loading=\"lazy\" decoding=\"async\" aria-describedby=\"caption-attachment-1751575\" class=\"wp-image-1751575 size-full\" src=\"https:\/\/www.pressenza.com\/wp-content\/uploads\/2023\/07\/jujuy3-Susi-Maresca.jpg\" alt=\"\" width=\"1024\" height=\"683\" srcset=\"https:\/\/www.pressenza.com\/wp-content\/uploads\/2023\/07\/jujuy3-Susi-Maresca.jpg 1024w, https:\/\/www.pressenza.com\/wp-content\/uploads\/2023\/07\/jujuy3-Susi-Maresca-300x200.jpg 300w, https:\/\/www.pressenza.com\/wp-content\/uploads\/2023\/07\/jujuy3-Susi-Maresca-820x547.jpg 820w\" sizes=\"auto, (max-width: 1024px) 100vw, 1024px\" \/><p id=\"caption-attachment-1751575\" class=\"wp-caption-text\">Foto Susi Maresca<\/p><\/div>\n<p>El 27 de junio, <strong>Alberto Fern\u00e1ndez recibi\u00f3 en la Quinta de Olivos a representantes de los pueblos originarios de Jujuy. Pero nada cambi\u00f3 desde entonces<\/strong>. \u00abEl presidente dijo que no puede hacer nada. Le preguntaron si se pod\u00eda intervenir la provincia y dijo que eso depend\u00eda de una medida del Congreso y que no ten\u00eda mayor\u00eda para decidir algo as\u00ed. Despu\u00e9s dijo que va a seguir la parte legal: la presentaci\u00f3n que se hizo ante la Corte Suprema de la Naci\u00f3n para anular la reforma. Pero sabemos que la Corte Suprema responde a Macri y la Corte de Jujuy a Morales. No tenemos mucha esperanza al respecto\u00bb, analiza Argamonte.<\/p>\n<p>El poblador ind\u00edgena no oculta la indignaci\u00f3n: \u00abMorales busc\u00f3 reprimir, mostrarse como una l\u00ednea fuerte, ser el candidato a vicepresidente y ahora est\u00e1 de campa\u00f1a. Ac\u00e1 nos ningunea, cada vez que viene dice mentiras. <strong>Nos acusa de ser gente del kirchnerismo o de venir de Bolivia y responder a Evo Morales. El Partido Justicialista y los medios de ac\u00e1 est\u00e1n con \u00e9l, as\u00ed que es dif\u00edcil<\/strong>\u00ab.<\/p>\n<h3 class=\"wp-block-heading\">\u201cEl sistema basado en el consumo no se puede sostener m\u00e1s\u201d<\/h3>\n<p>El litio se presenta como parte de la soluci\u00f3n de las energ\u00edas \u00ablimpias\u00bb. De acuerdo al \u201cInforme Litio, Octubre 2021\u201d de la Secretar\u00eda de Miner\u00eda de la Naci\u00f3n \u2014mencionado por Andhes en su comunicado\u2014 Argentina se posiciona en cuarto lugar a nivel mundial, con el 7,4 por ciento de la producci\u00f3n en 2019, despu\u00e9s de Australia (52,2), Chile (22,4) y China (12,5). Adem\u00e1s, Argentina, Bolivia y Chile cuentan con cerca del 65 por ciento de los recursos mundiales de litio, alcanzando\u00a0el 29,5 por ciento de la producci\u00f3n mundial total para 2020.<\/p>\n<p>En Jujuy se encuentran explotaciones en el <a href=\"https:\/\/agenciatierraviva.com.ar\/mineria-de-litio-en-argentina-se-fusionan-dos-multinacionales-y-nace-un-gigante-extractivo\/\" target=\"_blank\" rel=\"noreferrer noopener\"><span style=\"text-decoration: underline;\">Salar de Olaroz (Allkem\/Toyota Tsusho)<\/span><\/a>, en Cauchar\u00ed &#8211; Olaroz (Jiangxi Ganfeng Lithium Co., Ltd &#8211; Lithium Amercas Corp, \/ Jujuy Energ\u00eda y Miner\u00eda Sociedad del Estado) y en Salinas Grandes (Plus Petrol). Argamonte cuenta que, <strong>en los territorios, la gente vive el negocio del litio con mucha preocupaci\u00f3n. Y lo pone en cifras: \u00abPara extraer un kilo de litio se usan 30 mil litros de agua<\/strong>. Y ac\u00e1 est\u00e1n sacando toneladas. El agua no es un recurso que sobre en la Puna. Hay vertientes naturales donde el agua ven\u00eda fluyendo naturalmente, pero hoy se est\u00e1n secando. Y donde sale agua, sale contaminada\u00bb.<\/p>\n<div id=\"attachment_1751576\" class=\"wp-caption alignnone\"><img loading=\"lazy\" decoding=\"async\" aria-describedby=\"caption-attachment-1751576\" class=\"wp-image-1751576 size-full\" src=\"https:\/\/www.pressenza.com\/wp-content\/uploads\/2023\/07\/jujuy4-Susi-Maresca.jpg\" alt=\"\" width=\"1024\" height=\"683\" srcset=\"https:\/\/www.pressenza.com\/wp-content\/uploads\/2023\/07\/jujuy4-Susi-Maresca.jpg 1024w, https:\/\/www.pressenza.com\/wp-content\/uploads\/2023\/07\/jujuy4-Susi-Maresca-300x200.jpg 300w, https:\/\/www.pressenza.com\/wp-content\/uploads\/2023\/07\/jujuy4-Susi-Maresca-820x547.jpg 820w\" sizes=\"auto, (max-width: 1024px) 100vw, 1024px\" \/><p id=\"caption-attachment-1751576\" class=\"wp-caption-text\">Foto Susi Maresca<\/p><\/div>\n<p>Cuando se le consulta qu\u00e9 opina sobre la transici\u00f3n energ\u00e9tica, el comunero ind\u00edgena es tajante: \u00abEl sistema basado en el consumo no se puede sostener m\u00e1s. Todas estas empresas son de China, Australia, Canad\u00e1, Estados Unidos, de Europa, de lo que se dice el &#8216;primer mundo&#8217;. Y all\u00ed el consumo es muy fuerte. Pero nosotros<strong> estamos inmersos en un lugar donde el Estado nunca se hizo presente y ahora, porque est\u00e1 el &#8216;oro blanco, vienen de la peor manera, a explotar el litio de la forma m\u00e1s barata para ellos y peor para nosotros<\/strong>, porque destruyen el ecosistema y nuestra Pachamama\u00bb.<\/p>\n<p>\u00abVan a extraer el litio y nos van a dejar la tierra desolada. Nuestra cosmovisi\u00f3n y armon\u00eda con la Pachamama se est\u00e1 destruyendo. Eso es lo que no queremos perder. Y estamos luchando para que se sepa\u00bb, resume el comunero del Pueblo Humahuaca.<\/p>\n<p>Desde el corte de la ruta, grafica: \u00abEstamos viendo pasar infinidad de camiones que no sabemos qu\u00e9 llevan. La riqueza se va y ac\u00e1 no queda nada. Hay comunidades que acarrean agua con baldes desde las vertientes o de los arroyos a las casas, porque no les sale agua de la canilla\u00bb.<\/p>\n<h3 class=\"wp-block-heading\">Una reforma contra el derecho a la tierra, al agua y a la protesta<\/h3>\n<p>La aplicaci\u00f3n de la reforma va contra toda pretensi\u00f3n de democratizar el <span style=\"text-decoration: underline;\"><a href=\"https:\/\/agenciatierraviva.com.ar\/emergencia-territorial-indigena-el-estado-sigue-en-deuda-con-los-pueblos-originarios\/\" target=\"_blank\" rel=\"noreferrer noopener\">acceso a la tierra para las comunidades campesinas e ind\u00edgenas<\/a><\/span>. En el camino quedar\u00e1n <strong>leyes que las propias familias vienen impulsando: la de agricultura familiar, la del banco de tierras, y de \u00e1reas campesinas<\/strong>. A sabiendas de la conflictividad que pod\u00eda generar, la convenci\u00f3n constituyente sancion\u00f3 tambi\u00e9n el art\u00edculo 67. El mismo contiene <span style=\"text-decoration: underline;\"><a href=\"https:\/\/agenciatierraviva.com.ar\/movilizacion-indigena-contra-la-cuestionada-reforma-constitucional-en-jujuy\/\" target=\"_blank\" rel=\"noreferrer noopener\">disposiciones para limitar y criminalizar la protesta social<\/a>.<\/span><\/p>\n<p>Andhes se\u00f1ala que, en el proceso de elecci\u00f3n de los convencionales constituyentes, no se previeron mecanismos de participaci\u00f3n que garanticen la representatividad de los pueblos ind\u00edgenas. Tampoco se realiz\u00f3 la consulta libre, previa e informada en la etapa que involucr\u00f3 la sanci\u00f3n de la ley que convoc\u00f3 a la Constituyente. De esta manera, <strong>se vulner\u00f3 el Convenio N\u00ba 169 de la Organizaci\u00f3n Internacional de Trabajo sobre Pueblos Ind\u00edgenas y Tribales<\/strong> y la Declaraci\u00f3n de la Organizaci\u00f3n de Naciones Unidas sobre Derechos de los Pueblos Ind\u00edgenas.<\/p>\n<div id=\"attachment_1751577\" class=\"wp-caption alignnone\"><img loading=\"lazy\" decoding=\"async\" aria-describedby=\"caption-attachment-1751577\" class=\"wp-image-1751577 size-full\" src=\"https:\/\/www.pressenza.com\/wp-content\/uploads\/2023\/07\/jujuy5-Susi-Maresca.jpg\" alt=\"\" width=\"1024\" height=\"683\" srcset=\"https:\/\/www.pressenza.com\/wp-content\/uploads\/2023\/07\/jujuy5-Susi-Maresca.jpg 1024w, https:\/\/www.pressenza.com\/wp-content\/uploads\/2023\/07\/jujuy5-Susi-Maresca-300x200.jpg 300w, https:\/\/www.pressenza.com\/wp-content\/uploads\/2023\/07\/jujuy5-Susi-Maresca-820x547.jpg 820w\" sizes=\"auto, (max-width: 1024px) 100vw, 1024px\" \/><p id=\"caption-attachment-1751577\" class=\"wp-caption-text\">Foto Susi Maresca<\/p><\/div>\n<p>Si bien <strong>luego de las protestas el gobierno de Jujuy dio marcha atr\u00e1s con dos art\u00edculos de la reforma (el 50 y el 36 volver\u00edan a su redacci\u00f3n de 1986), mantuvo la modificaci\u00f3n respecto a la protecci\u00f3n del agua<\/strong>. La anterior Constituci\u00f3n dispon\u00eda como una obligaci\u00f3n del Estado provincial \u00abeliminar o evitar, ejerciendo una efectiva vigilancia y fiscalizaci\u00f3n, todos los elementos que puedan ser causa de contaminaci\u00f3n del aire, el agua, el suelo y en general, todo aquello que de alg\u00fan modo afecte o pudiere afectar el entorno de sus pobladores y de la comunidad\u00bb.<\/p>\n<p>El nuevo texto reconoce el derecho de todos los habitantes de la provincia a gozar de un ambiente sano y equilibrado, as\u00ed como el deber de cuidarlo y protegerlo, pero <strong>ya no menciona la obligaci\u00f3n de evitar el da\u00f1o ambiental<\/strong>. En cambio, el nuevo articulado dice que \u00abgenera la obligaci\u00f3n de recomponer, reparar e indemnizar, seg\u00fan lo establezca la ley\u00bb.<\/p>\n<\/div>\n<\/div>\n","protected":false},"excerpt":{"rendered":"<p>En la cuarta semana de cortes y marchas contra la reforma constitucional del gobernador Gerardo Morales, se ordenaron 22 detenciones a personas que participan de las protestas en Humahuaca. La asamblea del Tercer Mal\u00f3n de la Paz exigi\u00f3 la liberaci\u00f3n&hellip;<\/p>\n","protected":false},"author":1254,"featured_media":1751573,"comment_status":"closed","ping_status":"closed","sticky":false,"template":"","format":"standard","meta":{"footnotes":""},"categories":[79,74,80,106740,67],"tags":[54082,7399,18760,22210,15373,18507],"class_list":["post-1751571","post","type-post","status-publish","format-standard","has-post-thumbnail","hentry","category-derechos-humanos","category-politica-es","category-pueblos-originarios","category-reportaje","category-sudamerica","tag-indigenas-es","tag-jujuy","tag-litio","tag-pueblos-originarios","tag-reforma-constitucional","tag-territorios"],"yoast_head":"<!-- This site is optimized with the Yoast SEO plugin v27.1.1 - https:\/\/yoast.com\/product\/yoast-seo-wordpress\/ -->\n<title>Detenciones en Jujuy: &quot;Hay cosas que no se ve\u00edan desde el Apag\u00f3n de Ledesma&quot;<\/title>\n<meta name=\"description\" content=\"En la cuarta semana de cortes y marchas contra la reforma constitucional del gobernador Gerardo Morales, se ordenaron 22 detenciones a personas que\" \/>\n<meta name=\"robots\" content=\"index, follow, max-snippet:-1, max-image-preview:large, max-video-preview:-1\" \/>\n<link rel=\"canonical\" href=\"https:\/\/www.pressenza.com\/es\/2023\/07\/detenciones-en-jujuy-hay-cosas-que-no-se-veian-desde-el-apagon-de-ledesma\/\" \/>\n<meta property=\"og:locale\" content=\"es_ES\" \/>\n<meta property=\"og:type\" content=\"article\" \/>\n<meta property=\"og:title\" content=\"Detenciones en Jujuy: &quot;Hay cosas que no se ve\u00edan desde el Apag\u00f3n de Ledesma&quot;\" \/>\n<meta property=\"og:description\" content=\"En la cuarta semana de cortes y marchas contra la reforma constitucional del gobernador Gerardo Morales, se ordenaron 22 detenciones a personas que\" \/>\n<meta property=\"og:url\" content=\"https:\/\/www.pressenza.com\/es\/2023\/07\/detenciones-en-jujuy-hay-cosas-que-no-se-veian-desde-el-apagon-de-ledesma\/\" \/>\n<meta property=\"og:site_name\" content=\"Pressenza\" \/>\n<meta property=\"article:publisher\" content=\"https:\/\/www.facebook.com\/PressenzaItalia\" \/>\n<meta property=\"article:author\" content=\"https:\/\/www.facebook.com\/pressenza\" \/>\n<meta property=\"article:published_time\" content=\"2023-07-14T02:21:22+00:00\" \/>\n<meta property=\"og:image\" content=\"https:\/\/www.pressenza.com\/wp-content\/uploads\/2023\/07\/jujuy1-Susi-Maresca.jpg\" \/>\n\t<meta property=\"og:image:width\" content=\"1200\" \/>\n\t<meta property=\"og:image:height\" content=\"800\" \/>\n\t<meta property=\"og:image:type\" content=\"image\/jpeg\" \/>\n<meta name=\"author\" content=\"Redacci\u00f3n Mar del Plata\" \/>\n<meta name=\"twitter:card\" content=\"summary_large_image\" \/>\n<meta name=\"twitter:creator\" content=\"@Pressenza\" \/>\n<meta name=\"twitter:site\" content=\"@PressenzaIPA\" \/>\n<meta name=\"twitter:label1\" content=\"Escrito por\" \/>\n\t<meta name=\"twitter:data1\" content=\"Redacci\u00f3n Mar del Plata\" \/>\n\t<meta name=\"twitter:label2\" content=\"Tiempo de lectura\" \/>\n\t<meta name=\"twitter:data2\" content=\"10 minutos\" \/>\n<script type=\"application\/ld+json\" class=\"yoast-schema-graph\">{\"@context\":\"https:\/\/schema.org\",\"@graph\":[{\"@type\":\"Article\",\"@id\":\"https:\/\/www.pressenza.com\/es\/2023\/07\/detenciones-en-jujuy-hay-cosas-que-no-se-veian-desde-el-apagon-de-ledesma\/#article\",\"isPartOf\":{\"@id\":\"https:\/\/www.pressenza.com\/es\/2023\/07\/detenciones-en-jujuy-hay-cosas-que-no-se-veian-desde-el-apagon-de-ledesma\/\"},\"author\":{\"name\":\"Redacci\u00f3n Mar del Plata\",\"@id\":\"https:\/\/www.pressenza.com\/es\/#\/schema\/person\/738658b5125ecea661a8a0b96dba8b69\"},\"headline\":\"Detenciones en Jujuy: \u00abHay cosas que no se ve\u00edan desde el Apag\u00f3n de Ledesma\u00bb\",\"datePublished\":\"2023-07-14T02:21:22+00:00\",\"mainEntityOfPage\":{\"@id\":\"https:\/\/www.pressenza.com\/es\/2023\/07\/detenciones-en-jujuy-hay-cosas-que-no-se-veian-desde-el-apagon-de-ledesma\/\"},\"wordCount\":2016,\"publisher\":{\"@id\":\"https:\/\/www.pressenza.com\/es\/#organization\"},\"image\":{\"@id\":\"https:\/\/www.pressenza.com\/es\/2023\/07\/detenciones-en-jujuy-hay-cosas-que-no-se-veian-desde-el-apagon-de-ledesma\/#primaryimage\"},\"thumbnailUrl\":\"https:\/\/www.pressenza.com\/wp-content\/uploads\/2023\/07\/jujuy1-Susi-Maresca.jpg\",\"keywords\":[\"indigenas\",\"Jujuy\",\"litio\",\"Pueblos Originarios\",\"Reforma Constitucional\",\"territorios\"],\"articleSection\":[\"Derechos Humanos\",\"Pol\u00edtica\",\"Pueblos Originarios\",\"Reportaje\",\"Sudam\u00e9rica\"],\"inLanguage\":\"es\"},{\"@type\":\"WebPage\",\"@id\":\"https:\/\/www.pressenza.com\/es\/2023\/07\/detenciones-en-jujuy-hay-cosas-que-no-se-veian-desde-el-apagon-de-ledesma\/\",\"url\":\"https:\/\/www.pressenza.com\/es\/2023\/07\/detenciones-en-jujuy-hay-cosas-que-no-se-veian-desde-el-apagon-de-ledesma\/\",\"name\":\"Detenciones en Jujuy: \\\"Hay cosas que no se ve\u00edan desde el Apag\u00f3n de Ledesma\\\"\",\"isPartOf\":{\"@id\":\"https:\/\/www.pressenza.com\/es\/#website\"},\"primaryImageOfPage\":{\"@id\":\"https:\/\/www.pressenza.com\/es\/2023\/07\/detenciones-en-jujuy-hay-cosas-que-no-se-veian-desde-el-apagon-de-ledesma\/#primaryimage\"},\"image\":{\"@id\":\"https:\/\/www.pressenza.com\/es\/2023\/07\/detenciones-en-jujuy-hay-cosas-que-no-se-veian-desde-el-apagon-de-ledesma\/#primaryimage\"},\"thumbnailUrl\":\"https:\/\/www.pressenza.com\/wp-content\/uploads\/2023\/07\/jujuy1-Susi-Maresca.jpg\",\"datePublished\":\"2023-07-14T02:21:22+00:00\",\"description\":\"En la cuarta semana de cortes y marchas contra la reforma constitucional del gobernador Gerardo Morales, se ordenaron 22 detenciones a personas que\",\"breadcrumb\":{\"@id\":\"https:\/\/www.pressenza.com\/es\/2023\/07\/detenciones-en-jujuy-hay-cosas-que-no-se-veian-desde-el-apagon-de-ledesma\/#breadcrumb\"},\"inLanguage\":\"es\",\"potentialAction\":[{\"@type\":\"ReadAction\",\"target\":[\"https:\/\/www.pressenza.com\/es\/2023\/07\/detenciones-en-jujuy-hay-cosas-que-no-se-veian-desde-el-apagon-de-ledesma\/\"]}]},{\"@type\":\"ImageObject\",\"inLanguage\":\"es\",\"@id\":\"https:\/\/www.pressenza.com\/es\/2023\/07\/detenciones-en-jujuy-hay-cosas-que-no-se-veian-desde-el-apagon-de-ledesma\/#primaryimage\",\"url\":\"https:\/\/www.pressenza.com\/wp-content\/uploads\/2023\/07\/jujuy1-Susi-Maresca.jpg\",\"contentUrl\":\"https:\/\/www.pressenza.com\/wp-content\/uploads\/2023\/07\/jujuy1-Susi-Maresca.jpg\",\"width\":1200,\"height\":800},{\"@type\":\"BreadcrumbList\",\"@id\":\"https:\/\/www.pressenza.com\/es\/2023\/07\/detenciones-en-jujuy-hay-cosas-que-no-se-veian-desde-el-apagon-de-ledesma\/#breadcrumb\",\"itemListElement\":[{\"@type\":\"ListItem\",\"position\":1,\"name\":\"Accueil\",\"item\":\"https:\/\/www.pressenza.com\/es\/\"},{\"@type\":\"ListItem\",\"position\":2,\"name\":\"Detenciones en Jujuy: \u00abHay cosas que no se ve\u00edan desde el Apag\u00f3n de Ledesma\u00bb\"}]},{\"@type\":\"WebSite\",\"@id\":\"https:\/\/www.pressenza.com\/es\/#website\",\"url\":\"https:\/\/www.pressenza.com\/es\/\",\"name\":\"Pressenza\",\"description\":\"International Press Agency\",\"publisher\":{\"@id\":\"https:\/\/www.pressenza.com\/es\/#organization\"},\"potentialAction\":[{\"@type\":\"SearchAction\",\"target\":{\"@type\":\"EntryPoint\",\"urlTemplate\":\"https:\/\/www.pressenza.com\/es\/?s={search_term_string}\"},\"query-input\":{\"@type\":\"PropertyValueSpecification\",\"valueRequired\":true,\"valueName\":\"search_term_string\"}}],\"inLanguage\":\"es\"},{\"@type\":\"Organization\",\"@id\":\"https:\/\/www.pressenza.com\/es\/#organization\",\"name\":\"Pressenza\",\"url\":\"https:\/\/www.pressenza.com\/es\/\",\"logo\":{\"@type\":\"ImageObject\",\"inLanguage\":\"es\",\"@id\":\"https:\/\/www.pressenza.com\/es\/#\/schema\/logo\/image\/\",\"url\":\"https:\/\/www.pressenza.com\/wp-content\/uploads\/2022\/10\/pressenza_logo_200x200.jpg\",\"contentUrl\":\"https:\/\/www.pressenza.com\/wp-content\/uploads\/2022\/10\/pressenza_logo_200x200.jpg\",\"width\":200,\"height\":200,\"caption\":\"Pressenza\"},\"image\":{\"@id\":\"https:\/\/www.pressenza.com\/es\/#\/schema\/logo\/image\/\"},\"sameAs\":[\"https:\/\/www.facebook.com\/PressenzaItalia\",\"https:\/\/x.com\/PressenzaIPA\"]},{\"@type\":\"Person\",\"@id\":\"https:\/\/www.pressenza.com\/es\/#\/schema\/person\/738658b5125ecea661a8a0b96dba8b69\",\"name\":\"Redacci\u00f3n Mar del Plata\",\"description\":\"News published by the Pressenza bureau in Mar Del Plata, Argentina\",\"sameAs\":[\"https:\/\/www.facebook.com\/pressenza\",\"https:\/\/x.com\/Pressenza\"],\"url\":\"https:\/\/www.pressenza.com\/es\/author\/redaccion-mar-del-plata\/\"}]}<\/script>\n<!-- \/ Yoast SEO plugin. -->","yoast_head_json":{"title":"Detenciones en Jujuy: \"Hay cosas que no se ve\u00edan desde el Apag\u00f3n de Ledesma\"","description":"En la cuarta semana de cortes y marchas contra la reforma constitucional del gobernador Gerardo Morales, se ordenaron 22 detenciones a personas que","robots":{"index":"index","follow":"follow","max-snippet":"max-snippet:-1","max-image-preview":"max-image-preview:large","max-video-preview":"max-video-preview:-1"},"canonical":"https:\/\/www.pressenza.com\/es\/2023\/07\/detenciones-en-jujuy-hay-cosas-que-no-se-veian-desde-el-apagon-de-ledesma\/","og_locale":"es_ES","og_type":"article","og_title":"Detenciones en Jujuy: \"Hay cosas que no se ve\u00edan desde el Apag\u00f3n de Ledesma\"","og_description":"En la cuarta semana de cortes y marchas contra la reforma constitucional del gobernador Gerardo Morales, se ordenaron 22 detenciones a personas que","og_url":"https:\/\/www.pressenza.com\/es\/2023\/07\/detenciones-en-jujuy-hay-cosas-que-no-se-veian-desde-el-apagon-de-ledesma\/","og_site_name":"Pressenza","article_publisher":"https:\/\/www.facebook.com\/PressenzaItalia","article_author":"https:\/\/www.facebook.com\/pressenza","article_published_time":"2023-07-14T02:21:22+00:00","og_image":[{"width":1200,"height":800,"url":"https:\/\/www.pressenza.com\/wp-content\/uploads\/2023\/07\/jujuy1-Susi-Maresca.jpg","type":"image\/jpeg"}],"author":"Redacci\u00f3n Mar del Plata","twitter_card":"summary_large_image","twitter_creator":"@Pressenza","twitter_site":"@PressenzaIPA","twitter_misc":{"Escrito por":"Redacci\u00f3n Mar del Plata","Tiempo de lectura":"10 minutos"},"schema":{"@context":"https:\/\/schema.org","@graph":[{"@type":"Article","@id":"https:\/\/www.pressenza.com\/es\/2023\/07\/detenciones-en-jujuy-hay-cosas-que-no-se-veian-desde-el-apagon-de-ledesma\/#article","isPartOf":{"@id":"https:\/\/www.pressenza.com\/es\/2023\/07\/detenciones-en-jujuy-hay-cosas-que-no-se-veian-desde-el-apagon-de-ledesma\/"},"author":{"name":"Redacci\u00f3n Mar del Plata","@id":"https:\/\/www.pressenza.com\/es\/#\/schema\/person\/738658b5125ecea661a8a0b96dba8b69"},"headline":"Detenciones en Jujuy: \u00abHay cosas que no se ve\u00edan desde el Apag\u00f3n de Ledesma\u00bb","datePublished":"2023-07-14T02:21:22+00:00","mainEntityOfPage":{"@id":"https:\/\/www.pressenza.com\/es\/2023\/07\/detenciones-en-jujuy-hay-cosas-que-no-se-veian-desde-el-apagon-de-ledesma\/"},"wordCount":2016,"publisher":{"@id":"https:\/\/www.pressenza.com\/es\/#organization"},"image":{"@id":"https:\/\/www.pressenza.com\/es\/2023\/07\/detenciones-en-jujuy-hay-cosas-que-no-se-veian-desde-el-apagon-de-ledesma\/#primaryimage"},"thumbnailUrl":"https:\/\/www.pressenza.com\/wp-content\/uploads\/2023\/07\/jujuy1-Susi-Maresca.jpg","keywords":["indigenas","Jujuy","litio","Pueblos Originarios","Reforma Constitucional","territorios"],"articleSection":["Derechos Humanos","Pol\u00edtica","Pueblos Originarios","Reportaje","Sudam\u00e9rica"],"inLanguage":"es"},{"@type":"WebPage","@id":"https:\/\/www.pressenza.com\/es\/2023\/07\/detenciones-en-jujuy-hay-cosas-que-no-se-veian-desde-el-apagon-de-ledesma\/","url":"https:\/\/www.pressenza.com\/es\/2023\/07\/detenciones-en-jujuy-hay-cosas-que-no-se-veian-desde-el-apagon-de-ledesma\/","name":"Detenciones en Jujuy: \"Hay cosas que no se ve\u00edan desde el Apag\u00f3n de Ledesma\"","isPartOf":{"@id":"https:\/\/www.pressenza.com\/es\/#website"},"primaryImageOfPage":{"@id":"https:\/\/www.pressenza.com\/es\/2023\/07\/detenciones-en-jujuy-hay-cosas-que-no-se-veian-desde-el-apagon-de-ledesma\/#primaryimage"},"image":{"@id":"https:\/\/www.pressenza.com\/es\/2023\/07\/detenciones-en-jujuy-hay-cosas-que-no-se-veian-desde-el-apagon-de-ledesma\/#primaryimage"},"thumbnailUrl":"https:\/\/www.pressenza.com\/wp-content\/uploads\/2023\/07\/jujuy1-Susi-Maresca.jpg","datePublished":"2023-07-14T02:21:22+00:00","description":"En la cuarta semana de cortes y marchas contra la reforma constitucional del gobernador Gerardo Morales, se ordenaron 22 detenciones a personas que","breadcrumb":{"@id":"https:\/\/www.pressenza.com\/es\/2023\/07\/detenciones-en-jujuy-hay-cosas-que-no-se-veian-desde-el-apagon-de-ledesma\/#breadcrumb"},"inLanguage":"es","potentialAction":[{"@type":"ReadAction","target":["https:\/\/www.pressenza.com\/es\/2023\/07\/detenciones-en-jujuy-hay-cosas-que-no-se-veian-desde-el-apagon-de-ledesma\/"]}]},{"@type":"ImageObject","inLanguage":"es","@id":"https:\/\/www.pressenza.com\/es\/2023\/07\/detenciones-en-jujuy-hay-cosas-que-no-se-veian-desde-el-apagon-de-ledesma\/#primaryimage","url":"https:\/\/www.pressenza.com\/wp-content\/uploads\/2023\/07\/jujuy1-Susi-Maresca.jpg","contentUrl":"https:\/\/www.pressenza.com\/wp-content\/uploads\/2023\/07\/jujuy1-Susi-Maresca.jpg","width":1200,"height":800},{"@type":"BreadcrumbList","@id":"https:\/\/www.pressenza.com\/es\/2023\/07\/detenciones-en-jujuy-hay-cosas-que-no-se-veian-desde-el-apagon-de-ledesma\/#breadcrumb","itemListElement":[{"@type":"ListItem","position":1,"name":"Accueil","item":"https:\/\/www.pressenza.com\/es\/"},{"@type":"ListItem","position":2,"name":"Detenciones en Jujuy: \u00abHay cosas que no se ve\u00edan desde el Apag\u00f3n de Ledesma\u00bb"}]},{"@type":"WebSite","@id":"https:\/\/www.pressenza.com\/es\/#website","url":"https:\/\/www.pressenza.com\/es\/","name":"Pressenza","description":"International Press Agency","publisher":{"@id":"https:\/\/www.pressenza.com\/es\/#organization"},"potentialAction":[{"@type":"SearchAction","target":{"@type":"EntryPoint","urlTemplate":"https:\/\/www.pressenza.com\/es\/?s={search_term_string}"},"query-input":{"@type":"PropertyValueSpecification","valueRequired":true,"valueName":"search_term_string"}}],"inLanguage":"es"},{"@type":"Organization","@id":"https:\/\/www.pressenza.com\/es\/#organization","name":"Pressenza","url":"https:\/\/www.pressenza.com\/es\/","logo":{"@type":"ImageObject","inLanguage":"es","@id":"https:\/\/www.pressenza.com\/es\/#\/schema\/logo\/image\/","url":"https:\/\/www.pressenza.com\/wp-content\/uploads\/2022\/10\/pressenza_logo_200x200.jpg","contentUrl":"https:\/\/www.pressenza.com\/wp-content\/uploads\/2022\/10\/pressenza_logo_200x200.jpg","width":200,"height":200,"caption":"Pressenza"},"image":{"@id":"https:\/\/www.pressenza.com\/es\/#\/schema\/logo\/image\/"},"sameAs":["https:\/\/www.facebook.com\/PressenzaItalia","https:\/\/x.com\/PressenzaIPA"]},{"@type":"Person","@id":"https:\/\/www.pressenza.com\/es\/#\/schema\/person\/738658b5125ecea661a8a0b96dba8b69","name":"Redacci\u00f3n Mar del Plata","description":"News published by the Pressenza bureau in Mar Del Plata, Argentina","sameAs":["https:\/\/www.facebook.com\/pressenza","https:\/\/x.com\/Pressenza"],"url":"https:\/\/www.pressenza.com\/es\/author\/redaccion-mar-del-plata\/"}]}},"place":"Agencia Tierra Viva, Argentina","original_article_url":"https:\/\/agenciatierraviva.com.ar\/detenciones-en-jujuy-hay-cosas-que-no-se-veian-desde-el-apagon-de-ledesma\/?fbclid=IwAR29rZElEPN2EN0_XWe-6WI111LYLaleUGy703aovV4ofBjz5RRUW0eZEC8","_links":{"self":[{"href":"https:\/\/www.pressenza.com\/es\/wp-json\/wp\/v2\/posts\/1751571","targetHints":{"allow":["GET"]}}],"collection":[{"href":"https:\/\/www.pressenza.com\/es\/wp-json\/wp\/v2\/posts"}],"about":[{"href":"https:\/\/www.pressenza.com\/es\/wp-json\/wp\/v2\/types\/post"}],"author":[{"embeddable":true,"href":"https:\/\/www.pressenza.com\/es\/wp-json\/wp\/v2\/users\/1254"}],"replies":[{"embeddable":true,"href":"https:\/\/www.pressenza.com\/es\/wp-json\/wp\/v2\/comments?post=1751571"}],"version-history":[{"count":0,"href":"https:\/\/www.pressenza.com\/es\/wp-json\/wp\/v2\/posts\/1751571\/revisions"}],"wp:featuredmedia":[{"embeddable":true,"href":"https:\/\/www.pressenza.com\/es\/wp-json\/wp\/v2\/media\/1751573"}],"wp:attachment":[{"href":"https:\/\/www.pressenza.com\/es\/wp-json\/wp\/v2\/media?parent=1751571"}],"wp:term":[{"taxonomy":"category","embeddable":true,"href":"https:\/\/www.pressenza.com\/es\/wp-json\/wp\/v2\/categories?post=1751571"},{"taxonomy":"post_tag","embeddable":true,"href":"https:\/\/www.pressenza.com\/es\/wp-json\/wp\/v2\/tags?post=1751571"}],"curies":[{"name":"wp","href":"https:\/\/api.w.org\/{rel}","templated":true}]}}