{"id":1751145,"date":"2023-07-11T17:45:25","date_gmt":"2023-07-11T16:45:25","guid":{"rendered":"https:\/\/www.pressenza.com\/?p=1751145"},"modified":"2023-07-11T17:45:25","modified_gmt":"2023-07-11T16:45:25","slug":"sin-avances-conversaciones-regionales-por-la-paz-en-sudan","status":"publish","type":"post","link":"https:\/\/www.pressenza.com\/es\/2023\/07\/sin-avances-conversaciones-regionales-por-la-paz-en-sudan\/","title":{"rendered":"Sin avances conversaciones regionales por la paz en Sud\u00e1n"},"content":{"rendered":"<p><em>El pasado lunes, 10 de julio, representantes gubernamentales de Kenia, Eritrea y Etiopia se reunieron en Adis Adeba, capital de Etiop\u00eda, con el fin de dar seguimiento a la ruta trazada a nivel regional para la paz en Sud\u00e1n. <\/em><\/p>\n<p>Con la participaci\u00f3n de representantes de otras instancias como ONU, la Uni\u00f3n Europea, gobiernos de Arabia Saudita, Estados Unidos, Reino Unidos, Emiratos Arabes, asi como el responsables de Asuntos Pol\u00edticos, Paz y Seguridad de la Uni\u00f3n Africana, la reuni\u00f3n se llev\u00f3 adelante sin la participaci\u00f3n <\/p>\n<p>En la reuni\u00f3n, presidida por el presidente de Kenia, participaron invitados regionales (Comisario de Asuntos Pol\u00edticos, Paz y Seguridad de la A.U.) e internacionales, como representantes de la agencia humanitaria de la ONU, la UE, Arabia Saud\u00ed, Emiratos \u00c1rabes Unidos, Estados Unidos y Reino Unido. El gran ausente fue el propio gobierno de Sud\u00e1n que, argumentando la posici\u00f3n parcializada de Kenia y habiendo solicitado que ese gobierno fuera sustituido por otro, se neg\u00f3 a participar. <\/p>\n<p>Los enfrentamientos en Sud\u00e1n contin\u00faan, las cifras de personas que han muerto, as\u00ed como de desplazados y heridos siguen aumentando, los acuerdos de cese al fuego que se han hecho ya en varias ocasiones, no se han cumplido y las soluciones pol\u00edticas no llegan. De acuerdo con declaraciones de Abiy Ahmed, primer ministro et\u00edope, es urgente que \u00ablas partes en conflicto por la violencia tendr\u00e1n que silenciar las armas e instaurar inmediatamente un alto el fuego incondicional e indefinido\u00bb.<\/p>\n<p>El IGAD, Autoridad Intergubernamental para el Desarrollo de \u00c1frica Oriental ha reiterado que har\u00e1 todos los esfuerzos necesarios para lograr un di\u00e1logo directo entre los generales Abdel Fattah al-Burhan y MOhamed Hamdane Daglo, l\u00edderes de las dos fuerzas enfrentadas. <\/p>\n","protected":false},"excerpt":{"rendered":"<p>El pasado lunes, 10 de julio, representantes gubernamentales de Kenia, Eritrea y Etiopia se reunieron en Adis Adeba, capital de Etiop\u00eda, con el fin de dar seguimiento a la ruta trazada a nivel regional para la paz en Sud\u00e1n. Con&hellip;<\/p>\n","protected":false},"author":19,"featured_media":1751149,"comment_status":"closed","ping_status":"closed","sticky":false,"template":"","format":"standard","meta":{"footnotes":""},"categories":[11389,79,106739,74],"tags":[114427,114428],"class_list":["post-1751145","post","type-post","status-publish","format-standard","has-post-thumbnail","hentry","category-contenido-original","category-derechos-humanos","category-noticia","category-politica-es","tag-guerra-en-sudan","tag-negociaciones-de-paz-sudan"],"yoast_head":"<!-- This site is optimized with the Yoast SEO plugin v27.1.1 - https:\/\/yoast.com\/product\/yoast-seo-wordpress\/ -->\n<title>Sin avances conversaciones regionales por la paz en Sud\u00e1n<\/title>\n<meta name=\"description\" content=\"El pasado lunes, 10 de julio, representantes gubernamentales de Kenia, Eritrea y Etiopia se reunieron en Adis Adeba, capital de Etiop\u00eda, con el fin de dar\" \/>\n<meta name=\"robots\" content=\"index, follow, max-snippet:-1, max-image-preview:large, max-video-preview:-1\" \/>\n<link rel=\"canonical\" href=\"https:\/\/www.pressenza.com\/es\/2023\/07\/sin-avances-conversaciones-regionales-por-la-paz-en-sudan\/\" \/>\n<meta property=\"og:locale\" content=\"es_ES\" \/>\n<meta property=\"og:type\" content=\"article\" \/>\n<meta property=\"og:title\" content=\"Sin avances conversaciones regionales por la paz en Sud\u00e1n\" \/>\n<meta property=\"og:description\" content=\"El pasado lunes, 10 de julio, representantes gubernamentales de Kenia, Eritrea y Etiopia se reunieron en Adis Adeba, capital de Etiop\u00eda, con el fin de dar\" \/>\n<meta property=\"og:url\" content=\"https:\/\/www.pressenza.com\/es\/2023\/07\/sin-avances-conversaciones-regionales-por-la-paz-en-sudan\/\" \/>\n<meta property=\"og:site_name\" content=\"Pressenza\" \/>\n<meta property=\"article:publisher\" content=\"https:\/\/www.facebook.com\/PressenzaItalia\" \/>\n<meta property=\"article:author\" content=\"https:\/\/www.facebook.com\/pressenza\" \/>\n<meta property=\"article:published_time\" content=\"2023-07-11T16:45:25+00:00\" \/>\n<meta property=\"og:image\" content=\"https:\/\/www.pressenza.com\/wp-content\/uploads\/2023\/07\/un-grupo-de-personas-sudanesas-protesto-en-whitehall-londres-el-23-de-abril-de-2023-contra-la-guerra-civil-en-curso-y-los-combates-en-sudan-2ppd4ma.jpg\" \/>\n\t<meta property=\"og:image:width\" content=\"1300\" \/>\n\t<meta property=\"og:image:height\" content=\"1065\" \/>\n\t<meta property=\"og:image:type\" content=\"image\/jpeg\" \/>\n<meta name=\"author\" content=\"Pressenza IPA\" \/>\n<meta name=\"twitter:card\" content=\"summary_large_image\" \/>\n<meta name=\"twitter:creator\" content=\"@PressenzaIPA\" \/>\n<meta name=\"twitter:site\" content=\"@PressenzaIPA\" \/>\n<meta name=\"twitter:label1\" content=\"Escrito por\" \/>\n\t<meta name=\"twitter:data1\" content=\"Pressenza IPA\" \/>\n<script type=\"application\/ld+json\" class=\"yoast-schema-graph\">{\"@context\":\"https:\/\/schema.org\",\"@graph\":[{\"@type\":\"Article\",\"@id\":\"https:\/\/www.pressenza.com\/es\/2023\/07\/sin-avances-conversaciones-regionales-por-la-paz-en-sudan\/#article\",\"isPartOf\":{\"@id\":\"https:\/\/www.pressenza.com\/es\/2023\/07\/sin-avances-conversaciones-regionales-por-la-paz-en-sudan\/\"},\"author\":{\"name\":\"Pressenza IPA\",\"@id\":\"https:\/\/www.pressenza.com\/es\/#\/schema\/person\/010e5d02bcf40965427a1289a4cc8d75\"},\"headline\":\"Sin avances conversaciones regionales por la paz en Sud\u00e1n\",\"datePublished\":\"2023-07-11T16:45:25+00:00\",\"mainEntityOfPage\":{\"@id\":\"https:\/\/www.pressenza.com\/es\/2023\/07\/sin-avances-conversaciones-regionales-por-la-paz-en-sudan\/\"},\"wordCount\":306,\"publisher\":{\"@id\":\"https:\/\/www.pressenza.com\/es\/#organization\"},\"image\":{\"@id\":\"https:\/\/www.pressenza.com\/es\/2023\/07\/sin-avances-conversaciones-regionales-por-la-paz-en-sudan\/#primaryimage\"},\"thumbnailUrl\":\"https:\/\/www.pressenza.com\/wp-content\/uploads\/2023\/07\/un-grupo-de-personas-sudanesas-protesto-en-whitehall-londres-el-23-de-abril-de-2023-contra-la-guerra-civil-en-curso-y-los-combates-en-sudan-2ppd4ma.jpg\",\"keywords\":[\"Guerra en Sud\u00e1n\",\"negociaciones de paz Sud\u00e1n\"],\"articleSection\":[\"Contenido Original\",\"Derechos Humanos\",\"Noticia\",\"Pol\u00edtica\"],\"inLanguage\":\"es\"},{\"@type\":\"WebPage\",\"@id\":\"https:\/\/www.pressenza.com\/es\/2023\/07\/sin-avances-conversaciones-regionales-por-la-paz-en-sudan\/\",\"url\":\"https:\/\/www.pressenza.com\/es\/2023\/07\/sin-avances-conversaciones-regionales-por-la-paz-en-sudan\/\",\"name\":\"Sin avances conversaciones regionales por la paz en Sud\u00e1n\",\"isPartOf\":{\"@id\":\"https:\/\/www.pressenza.com\/es\/#website\"},\"primaryImageOfPage\":{\"@id\":\"https:\/\/www.pressenza.com\/es\/2023\/07\/sin-avances-conversaciones-regionales-por-la-paz-en-sudan\/#primaryimage\"},\"image\":{\"@id\":\"https:\/\/www.pressenza.com\/es\/2023\/07\/sin-avances-conversaciones-regionales-por-la-paz-en-sudan\/#primaryimage\"},\"thumbnailUrl\":\"https:\/\/www.pressenza.com\/wp-content\/uploads\/2023\/07\/un-grupo-de-personas-sudanesas-protesto-en-whitehall-londres-el-23-de-abril-de-2023-contra-la-guerra-civil-en-curso-y-los-combates-en-sudan-2ppd4ma.jpg\",\"datePublished\":\"2023-07-11T16:45:25+00:00\",\"description\":\"El pasado lunes, 10 de julio, representantes gubernamentales de Kenia, Eritrea y Etiopia se reunieron en Adis Adeba, capital de Etiop\u00eda, con el fin de dar\",\"breadcrumb\":{\"@id\":\"https:\/\/www.pressenza.com\/es\/2023\/07\/sin-avances-conversaciones-regionales-por-la-paz-en-sudan\/#breadcrumb\"},\"inLanguage\":\"es\",\"potentialAction\":[{\"@type\":\"ReadAction\",\"target\":[\"https:\/\/www.pressenza.com\/es\/2023\/07\/sin-avances-conversaciones-regionales-por-la-paz-en-sudan\/\"]}]},{\"@type\":\"ImageObject\",\"inLanguage\":\"es\",\"@id\":\"https:\/\/www.pressenza.com\/es\/2023\/07\/sin-avances-conversaciones-regionales-por-la-paz-en-sudan\/#primaryimage\",\"url\":\"https:\/\/www.pressenza.com\/wp-content\/uploads\/2023\/07\/un-grupo-de-personas-sudanesas-protesto-en-whitehall-londres-el-23-de-abril-de-2023-contra-la-guerra-civil-en-curso-y-los-combates-en-sudan-2ppd4ma.jpg\",\"contentUrl\":\"https:\/\/www.pressenza.com\/wp-content\/uploads\/2023\/07\/un-grupo-de-personas-sudanesas-protesto-en-whitehall-londres-el-23-de-abril-de-2023-contra-la-guerra-civil-en-curso-y-los-combates-en-sudan-2ppd4ma.jpg\",\"width\":1300,\"height\":1065},{\"@type\":\"BreadcrumbList\",\"@id\":\"https:\/\/www.pressenza.com\/es\/2023\/07\/sin-avances-conversaciones-regionales-por-la-paz-en-sudan\/#breadcrumb\",\"itemListElement\":[{\"@type\":\"ListItem\",\"position\":1,\"name\":\"Accueil\",\"item\":\"https:\/\/www.pressenza.com\/es\/\"},{\"@type\":\"ListItem\",\"position\":2,\"name\":\"Sin avances conversaciones regionales por la paz en Sud\u00e1n\"}]},{\"@type\":\"WebSite\",\"@id\":\"https:\/\/www.pressenza.com\/es\/#website\",\"url\":\"https:\/\/www.pressenza.com\/es\/\",\"name\":\"Pressenza\",\"description\":\"International Press Agency\",\"publisher\":{\"@id\":\"https:\/\/www.pressenza.com\/es\/#organization\"},\"potentialAction\":[{\"@type\":\"SearchAction\",\"target\":{\"@type\":\"EntryPoint\",\"urlTemplate\":\"https:\/\/www.pressenza.com\/es\/?s={search_term_string}\"},\"query-input\":{\"@type\":\"PropertyValueSpecification\",\"valueRequired\":true,\"valueName\":\"search_term_string\"}}],\"inLanguage\":\"es\"},{\"@type\":\"Organization\",\"@id\":\"https:\/\/www.pressenza.com\/es\/#organization\",\"name\":\"Pressenza\",\"url\":\"https:\/\/www.pressenza.com\/es\/\",\"logo\":{\"@type\":\"ImageObject\",\"inLanguage\":\"es\",\"@id\":\"https:\/\/www.pressenza.com\/es\/#\/schema\/logo\/image\/\",\"url\":\"https:\/\/www.pressenza.com\/wp-content\/uploads\/2022\/10\/pressenza_logo_200x200.jpg\",\"contentUrl\":\"https:\/\/www.pressenza.com\/wp-content\/uploads\/2022\/10\/pressenza_logo_200x200.jpg\",\"width\":200,\"height\":200,\"caption\":\"Pressenza\"},\"image\":{\"@id\":\"https:\/\/www.pressenza.com\/es\/#\/schema\/logo\/image\/\"},\"sameAs\":[\"https:\/\/www.facebook.com\/PressenzaItalia\",\"https:\/\/x.com\/PressenzaIPA\"]},{\"@type\":\"Person\",\"@id\":\"https:\/\/www.pressenza.com\/es\/#\/schema\/person\/010e5d02bcf40965427a1289a4cc8d75\",\"name\":\"Pressenza IPA\",\"description\":\"News from Pressenza IPA correspondents\",\"sameAs\":[\"https:\/\/www.facebook.com\/pressenza\",\"https:\/\/x.com\/PressenzaIPA\"],\"url\":\"https:\/\/www.pressenza.com\/es\/author\/pressenza-ipa\/\"}]}<\/script>\n<!-- \/ Yoast SEO plugin. -->","yoast_head_json":{"title":"Sin avances conversaciones regionales por la paz en Sud\u00e1n","description":"El pasado lunes, 10 de julio, representantes gubernamentales de Kenia, Eritrea y Etiopia se reunieron en Adis Adeba, capital de Etiop\u00eda, con el fin de dar","robots":{"index":"index","follow":"follow","max-snippet":"max-snippet:-1","max-image-preview":"max-image-preview:large","max-video-preview":"max-video-preview:-1"},"canonical":"https:\/\/www.pressenza.com\/es\/2023\/07\/sin-avances-conversaciones-regionales-por-la-paz-en-sudan\/","og_locale":"es_ES","og_type":"article","og_title":"Sin avances conversaciones regionales por la paz en Sud\u00e1n","og_description":"El pasado lunes, 10 de julio, representantes gubernamentales de Kenia, Eritrea y Etiopia se reunieron en Adis Adeba, capital de Etiop\u00eda, con el fin de dar","og_url":"https:\/\/www.pressenza.com\/es\/2023\/07\/sin-avances-conversaciones-regionales-por-la-paz-en-sudan\/","og_site_name":"Pressenza","article_publisher":"https:\/\/www.facebook.com\/PressenzaItalia","article_author":"https:\/\/www.facebook.com\/pressenza","article_published_time":"2023-07-11T16:45:25+00:00","og_image":[{"width":1300,"height":1065,"url":"https:\/\/www.pressenza.com\/wp-content\/uploads\/2023\/07\/un-grupo-de-personas-sudanesas-protesto-en-whitehall-londres-el-23-de-abril-de-2023-contra-la-guerra-civil-en-curso-y-los-combates-en-sudan-2ppd4ma.jpg","type":"image\/jpeg"}],"author":"Pressenza IPA","twitter_card":"summary_large_image","twitter_creator":"@PressenzaIPA","twitter_site":"@PressenzaIPA","twitter_misc":{"Escrito por":"Pressenza IPA"},"schema":{"@context":"https:\/\/schema.org","@graph":[{"@type":"Article","@id":"https:\/\/www.pressenza.com\/es\/2023\/07\/sin-avances-conversaciones-regionales-por-la-paz-en-sudan\/#article","isPartOf":{"@id":"https:\/\/www.pressenza.com\/es\/2023\/07\/sin-avances-conversaciones-regionales-por-la-paz-en-sudan\/"},"author":{"name":"Pressenza IPA","@id":"https:\/\/www.pressenza.com\/es\/#\/schema\/person\/010e5d02bcf40965427a1289a4cc8d75"},"headline":"Sin avances conversaciones regionales por la paz en Sud\u00e1n","datePublished":"2023-07-11T16:45:25+00:00","mainEntityOfPage":{"@id":"https:\/\/www.pressenza.com\/es\/2023\/07\/sin-avances-conversaciones-regionales-por-la-paz-en-sudan\/"},"wordCount":306,"publisher":{"@id":"https:\/\/www.pressenza.com\/es\/#organization"},"image":{"@id":"https:\/\/www.pressenza.com\/es\/2023\/07\/sin-avances-conversaciones-regionales-por-la-paz-en-sudan\/#primaryimage"},"thumbnailUrl":"https:\/\/www.pressenza.com\/wp-content\/uploads\/2023\/07\/un-grupo-de-personas-sudanesas-protesto-en-whitehall-londres-el-23-de-abril-de-2023-contra-la-guerra-civil-en-curso-y-los-combates-en-sudan-2ppd4ma.jpg","keywords":["Guerra en Sud\u00e1n","negociaciones de paz Sud\u00e1n"],"articleSection":["Contenido Original","Derechos Humanos","Noticia","Pol\u00edtica"],"inLanguage":"es"},{"@type":"WebPage","@id":"https:\/\/www.pressenza.com\/es\/2023\/07\/sin-avances-conversaciones-regionales-por-la-paz-en-sudan\/","url":"https:\/\/www.pressenza.com\/es\/2023\/07\/sin-avances-conversaciones-regionales-por-la-paz-en-sudan\/","name":"Sin avances conversaciones regionales por la paz en Sud\u00e1n","isPartOf":{"@id":"https:\/\/www.pressenza.com\/es\/#website"},"primaryImageOfPage":{"@id":"https:\/\/www.pressenza.com\/es\/2023\/07\/sin-avances-conversaciones-regionales-por-la-paz-en-sudan\/#primaryimage"},"image":{"@id":"https:\/\/www.pressenza.com\/es\/2023\/07\/sin-avances-conversaciones-regionales-por-la-paz-en-sudan\/#primaryimage"},"thumbnailUrl":"https:\/\/www.pressenza.com\/wp-content\/uploads\/2023\/07\/un-grupo-de-personas-sudanesas-protesto-en-whitehall-londres-el-23-de-abril-de-2023-contra-la-guerra-civil-en-curso-y-los-combates-en-sudan-2ppd4ma.jpg","datePublished":"2023-07-11T16:45:25+00:00","description":"El pasado lunes, 10 de julio, representantes gubernamentales de Kenia, Eritrea y Etiopia se reunieron en Adis Adeba, capital de Etiop\u00eda, con el fin de dar","breadcrumb":{"@id":"https:\/\/www.pressenza.com\/es\/2023\/07\/sin-avances-conversaciones-regionales-por-la-paz-en-sudan\/#breadcrumb"},"inLanguage":"es","potentialAction":[{"@type":"ReadAction","target":["https:\/\/www.pressenza.com\/es\/2023\/07\/sin-avances-conversaciones-regionales-por-la-paz-en-sudan\/"]}]},{"@type":"ImageObject","inLanguage":"es","@id":"https:\/\/www.pressenza.com\/es\/2023\/07\/sin-avances-conversaciones-regionales-por-la-paz-en-sudan\/#primaryimage","url":"https:\/\/www.pressenza.com\/wp-content\/uploads\/2023\/07\/un-grupo-de-personas-sudanesas-protesto-en-whitehall-londres-el-23-de-abril-de-2023-contra-la-guerra-civil-en-curso-y-los-combates-en-sudan-2ppd4ma.jpg","contentUrl":"https:\/\/www.pressenza.com\/wp-content\/uploads\/2023\/07\/un-grupo-de-personas-sudanesas-protesto-en-whitehall-londres-el-23-de-abril-de-2023-contra-la-guerra-civil-en-curso-y-los-combates-en-sudan-2ppd4ma.jpg","width":1300,"height":1065},{"@type":"BreadcrumbList","@id":"https:\/\/www.pressenza.com\/es\/2023\/07\/sin-avances-conversaciones-regionales-por-la-paz-en-sudan\/#breadcrumb","itemListElement":[{"@type":"ListItem","position":1,"name":"Accueil","item":"https:\/\/www.pressenza.com\/es\/"},{"@type":"ListItem","position":2,"name":"Sin avances conversaciones regionales por la paz en Sud\u00e1n"}]},{"@type":"WebSite","@id":"https:\/\/www.pressenza.com\/es\/#website","url":"https:\/\/www.pressenza.com\/es\/","name":"Pressenza","description":"International Press Agency","publisher":{"@id":"https:\/\/www.pressenza.com\/es\/#organization"},"potentialAction":[{"@type":"SearchAction","target":{"@type":"EntryPoint","urlTemplate":"https:\/\/www.pressenza.com\/es\/?s={search_term_string}"},"query-input":{"@type":"PropertyValueSpecification","valueRequired":true,"valueName":"search_term_string"}}],"inLanguage":"es"},{"@type":"Organization","@id":"https:\/\/www.pressenza.com\/es\/#organization","name":"Pressenza","url":"https:\/\/www.pressenza.com\/es\/","logo":{"@type":"ImageObject","inLanguage":"es","@id":"https:\/\/www.pressenza.com\/es\/#\/schema\/logo\/image\/","url":"https:\/\/www.pressenza.com\/wp-content\/uploads\/2022\/10\/pressenza_logo_200x200.jpg","contentUrl":"https:\/\/www.pressenza.com\/wp-content\/uploads\/2022\/10\/pressenza_logo_200x200.jpg","width":200,"height":200,"caption":"Pressenza"},"image":{"@id":"https:\/\/www.pressenza.com\/es\/#\/schema\/logo\/image\/"},"sameAs":["https:\/\/www.facebook.com\/PressenzaItalia","https:\/\/x.com\/PressenzaIPA"]},{"@type":"Person","@id":"https:\/\/www.pressenza.com\/es\/#\/schema\/person\/010e5d02bcf40965427a1289a4cc8d75","name":"Pressenza IPA","description":"News from Pressenza IPA correspondents","sameAs":["https:\/\/www.facebook.com\/pressenza","https:\/\/x.com\/PressenzaIPA"],"url":"https:\/\/www.pressenza.com\/es\/author\/pressenza-ipa\/"}]}},"place":"Adis Adeba","original_article_url":"","_links":{"self":[{"href":"https:\/\/www.pressenza.com\/es\/wp-json\/wp\/v2\/posts\/1751145","targetHints":{"allow":["GET"]}}],"collection":[{"href":"https:\/\/www.pressenza.com\/es\/wp-json\/wp\/v2\/posts"}],"about":[{"href":"https:\/\/www.pressenza.com\/es\/wp-json\/wp\/v2\/types\/post"}],"author":[{"embeddable":true,"href":"https:\/\/www.pressenza.com\/es\/wp-json\/wp\/v2\/users\/19"}],"replies":[{"embeddable":true,"href":"https:\/\/www.pressenza.com\/es\/wp-json\/wp\/v2\/comments?post=1751145"}],"version-history":[{"count":0,"href":"https:\/\/www.pressenza.com\/es\/wp-json\/wp\/v2\/posts\/1751145\/revisions"}],"wp:featuredmedia":[{"embeddable":true,"href":"https:\/\/www.pressenza.com\/es\/wp-json\/wp\/v2\/media\/1751149"}],"wp:attachment":[{"href":"https:\/\/www.pressenza.com\/es\/wp-json\/wp\/v2\/media?parent=1751145"}],"wp:term":[{"taxonomy":"category","embeddable":true,"href":"https:\/\/www.pressenza.com\/es\/wp-json\/wp\/v2\/categories?post=1751145"},{"taxonomy":"post_tag","embeddable":true,"href":"https:\/\/www.pressenza.com\/es\/wp-json\/wp\/v2\/tags?post=1751145"}],"curies":[{"name":"wp","href":"https:\/\/api.w.org\/{rel}","templated":true}]}}