{"id":1751,"date":"2009-10-15T00:00:00","date_gmt":"2009-10-15T00:00:00","guid":{"rendered":""},"modified":"2009-10-16T12:11:19","modified_gmt":"2009-10-16T12:11:19","slug":"opinion-sobre-el-articulo-xarmenia-y-turquia-firman-acuerdo-historico-de-pazxxxx","status":"publish","type":"post","link":"https:\/\/www.pressenza.com\/es\/2009\/10\/opinion-sobre-el-articulo-xarmenia-y-turquia-firman-acuerdo-historico-de-pazxxxx\/","title":{"rendered":"Opini\u00f3n sobre el art\u00edculo \u201cArmenia y Turqu\u00eda firman acuerdo hist\u00f3rico de paz&#8230;\u201d"},"content":{"rendered":"<p>En este art\u00edculo comento sobre la noticia aparecida en Pressenza el d\u00eda 12 de octubre en su [edici\u00f3n en portugu\u00e9s](http:\/\/pressenza.com\/npermalink\/armenia-e-turquia-assinam-acordo-historico-de-paz-apos-cem-anos-de-hostilidades) y el 14 en su [edici\u00f3n en espa\u00f1ol](http:\/\/pressenza.com\/npermalink\/armenia-y-turquia-firman-acuerdo-historico-de-paz-tras-cien-anos-de-hostilidades): \u201cArmenia y Turqu\u00eda firman acuerdo hist\u00f3rico de paz tras cien a\u00f1os de hostilidades.\u201d<\/p>\n<p>Soy hija de sobrevivientes del Genocidio y estoy de acuerdo con la pacificaci\u00f3n de los dos pueblos y con el relacionamiento en t\u00e9rminos de buena vecindad.<\/p>\n<p>La noticia as\u00ed vista de dos pueblos que firman dos protocolos  para comenzar un camino de reconciliaci\u00f3n, es una digna noticia de Paz y de No-violencia.<\/p>\n<p>Ante todo en el  t\u00edtulo, **\u201c\u2026 tras cien a\u00f1os de hostilidades.\u201d** Cabe aclarar \u00bfpor parte de quien fueron las hostilidades? Porque as\u00ed dicho parece que hubiera cien a\u00f1os de hostilidades entre ambos pa\u00edses, cosa inexacta ya que desde que empez\u00f3 el plan Panturquista (Turqu\u00eda para los Turcos) de Kemal Ataturk, quienes fueron **\u201calgo\u201d** m\u00e1s que hostiles fueron los turcos.<\/p>\n<p>Cabe recordar que a\u00f1os atr\u00e1s el fundador de la Rep\u00fablica de Turqu\u00eda se ocup\u00f3 de borrar de su historia las p\u00e1ginas negras de la misma. A tal punto que hoy su poblaci\u00f3n est\u00e1 absolutamente ignorante de la historia verdadera.<\/p>\n<p>Sin entrar en muchos detalles, la nota se refiere a las palabras del ministro turco, \u00abLos historiadores deben evaluar el pasado, y los pueblos turcos y armenios han de aprender a convivir fraternalmente. Todos los pa\u00edses tienen sus problemas, los que pueden resolverse con di\u00e1logo, buena fe y negociaciones\u00bb,<\/p>\n<p>El Sr. Ministro, olvida que quienes rompieron la convivencia de armenios y turcos, fueron ellos mismos, cuando sometiendo al pueblo armenio, primero a altos impuestos, a saqueos, a discriminaci\u00f3n, pasando a violaciones varias de casi todos los DDHH, comenzaron a planificar el exterminio de las poblaci\u00f3n Armenia, Kurda y griega.<\/p>\n<p>La nota dice **\u201cLos parlamentarios turcos y armenios tienen ahora la misi\u00f3n de aprobar el acuerdo en medio de la oposici\u00f3n de nacionalistas de ambos lados.\u201d**<\/p>\n<p>La nota desconoce que el genocidio perpetrado por el gobierno de los J\u00f3venes Turcos, ya ha sido reconocido en m\u00e1s de 20 pa\u00edses en el mundo y m\u00e1s de 30 estados de EEUU.  Desconoce  qui\u00e9nes han  sido los que han practicado intolerancia,  tratando de imponer sistemas de vida, religi\u00f3n y costumbres sobre otros. Tambi\u00e9n desconoce que el 95% de la di\u00e1spora Armenia, no es producto de buscar bienestar econ\u00f3mico, sino de huir del terrorismo de estado practicado en Turqu\u00eda.<\/p>\n<p>Los armenios  no buscamos venganza, pero  si queremos justicia.  La misma que se pide  cuando se habla de desaparecidos durante los reg\u00edmenes de dictadura que hemos padecido por estas zonas en Latinoam\u00e9rica.<\/p>\n<p>Vuelco aqu\u00ed las reflexiones a las que llegaron mis alumnos cuando trabaj\u00e1bamos el tema de la Paz. **\u201cPara que haya paz debe haber reconciliaci\u00f3n, para ello debe haber reconocimiento del mal cometido y la reparaci\u00f3n de ese da\u00f1o. Sin reparaci\u00f3n y sin reconocimiento, no puede haber reconciliaci\u00f3n, por lo tanto tampoco paz\u201d.**<\/p>\n<p>Claro\u2026 tienen que empezar a hacer m\u00e9ritos para merecerse el Nobel\u2026 por lo menos aparentemente. Espero tengamos la claridad, para no olvidar estos cr\u00edmenes de lesa humanidad y que promovamos un mundo, diverso, respetuoso en su multiculturalidad,  no violento y en paz,  basado en la verdad y la justicia.<\/p>\n","protected":false},"excerpt":{"rendered":"<p>El pasado 10 de octubre se firm\u00f3 en Zurich, ante los principales jefes de la diplomacia mundial y los ministros de Exteriores turco, Ahmet Davutoglu, y armenio, Edward Nalbandian un pacto para el establecimiento de las relaciones diplom\u00e1ticas y la apertura de la frontera com\u00fan. El art\u00edculo que sigue fija la posici\u00f3n de una representante de la \u201cdi\u00e1spora Armenia\u201d.<\/p>\n","protected":false},"author":19,"featured_media":0,"comment_status":"closed","ping_status":"open","sticky":false,"template":"","format":"standard","meta":{"footnotes":""},"categories":[66,39,161,74],"tags":[],"class_list":["post-1751","post","type-post","status-publish","format-standard","hentry","category-europa-es","category-internacional","category-opiniones","category-politica-es"],"yoast_head":"<!-- This site is optimized with the Yoast SEO plugin v27.1.1 - https:\/\/yoast.com\/product\/yoast-seo-wordpress\/ -->\n<title>Opini\u00f3n sobre el art\u00edculo \u201cArmenia y Turqu\u00eda firman acuerdo hist\u00f3rico de paz...\u201d<\/title>\n<meta name=\"description\" content=\"El pasado 10 de octubre se firm\u00f3 en Zurich, ante los principales jefes de la diplomacia mundial y los ministros de Exteriores turco, Ahmet Davutoglu, y armenio, Edward Nalbandian un pacto para el establecimiento de las relaciones diplom\u00e1ticas y la apertura de la frontera com\u00fan. El art\u00edculo que sigue fija la posici\u00f3n de una representante de la \u201cdi\u00e1spora Armenia\u201d.\" \/>\n<meta name=\"robots\" content=\"index, follow, max-snippet:-1, max-image-preview:large, max-video-preview:-1\" \/>\n<link rel=\"canonical\" href=\"https:\/\/www.pressenza.com\/es\/2009\/10\/opinion-sobre-el-articulo-xarmenia-y-turquia-firman-acuerdo-historico-de-pazxxxx\/\" \/>\n<meta property=\"og:locale\" content=\"es_ES\" \/>\n<meta property=\"og:type\" content=\"article\" \/>\n<meta property=\"og:title\" content=\"Opini\u00f3n sobre el art\u00edculo \u201cArmenia y Turqu\u00eda firman acuerdo hist\u00f3rico de paz...\u201d\" \/>\n<meta property=\"og:description\" content=\"El pasado 10 de octubre se firm\u00f3 en Zurich, ante los principales jefes de la diplomacia mundial y los ministros de Exteriores turco, Ahmet Davutoglu, y armenio, Edward Nalbandian un pacto para el establecimiento de las relaciones diplom\u00e1ticas y la apertura de la frontera com\u00fan. El art\u00edculo que sigue fija la posici\u00f3n de una representante de la \u201cdi\u00e1spora Armenia\u201d.\" \/>\n<meta property=\"og:url\" content=\"https:\/\/www.pressenza.com\/es\/2009\/10\/opinion-sobre-el-articulo-xarmenia-y-turquia-firman-acuerdo-historico-de-pazxxxx\/\" \/>\n<meta property=\"og:site_name\" content=\"Pressenza\" \/>\n<meta property=\"article:publisher\" content=\"https:\/\/www.facebook.com\/PressenzaItalia\" \/>\n<meta property=\"article:author\" content=\"https:\/\/www.facebook.com\/pressenza\" \/>\n<meta property=\"article:published_time\" content=\"2009-10-15T00:00:00+00:00\" \/>\n<meta property=\"article:modified_time\" content=\"2009-10-16T12:11:19+00:00\" \/>\n<meta name=\"author\" content=\"Pressenza IPA\" \/>\n<meta name=\"twitter:card\" content=\"summary_large_image\" \/>\n<meta name=\"twitter:creator\" content=\"@PressenzaIPA\" \/>\n<meta name=\"twitter:site\" content=\"@PressenzaIPA\" \/>\n<meta name=\"twitter:label1\" content=\"Escrito por\" \/>\n\t<meta name=\"twitter:data1\" content=\"Pressenza IPA\" \/>\n\t<meta name=\"twitter:label2\" content=\"Tiempo de lectura\" \/>\n\t<meta name=\"twitter:data2\" content=\"3 minutos\" \/>\n<script type=\"application\/ld+json\" class=\"yoast-schema-graph\">{\"@context\":\"https:\/\/schema.org\",\"@graph\":[{\"@type\":\"Article\",\"@id\":\"https:\/\/www.pressenza.com\/es\/2009\/10\/opinion-sobre-el-articulo-xarmenia-y-turquia-firman-acuerdo-historico-de-pazxxxx\/#article\",\"isPartOf\":{\"@id\":\"https:\/\/www.pressenza.com\/es\/2009\/10\/opinion-sobre-el-articulo-xarmenia-y-turquia-firman-acuerdo-historico-de-pazxxxx\/\"},\"author\":{\"name\":\"Pressenza IPA\",\"@id\":\"https:\/\/www.pressenza.com\/es\/#\/schema\/person\/010e5d02bcf40965427a1289a4cc8d75\"},\"headline\":\"Opini\u00f3n sobre el art\u00edculo \u201cArmenia y Turqu\u00eda firman acuerdo hist\u00f3rico de paz&#8230;\u201d\",\"datePublished\":\"2009-10-15T00:00:00+00:00\",\"dateModified\":\"2009-10-16T12:11:19+00:00\",\"mainEntityOfPage\":{\"@id\":\"https:\/\/www.pressenza.com\/es\/2009\/10\/opinion-sobre-el-articulo-xarmenia-y-turquia-firman-acuerdo-historico-de-pazxxxx\/\"},\"wordCount\":598,\"publisher\":{\"@id\":\"https:\/\/www.pressenza.com\/es\/#organization\"},\"articleSection\":[\"Europa\",\"Internacional\",\"Opiniones\",\"Pol\u00edtica\"],\"inLanguage\":\"es\"},{\"@type\":\"WebPage\",\"@id\":\"https:\/\/www.pressenza.com\/es\/2009\/10\/opinion-sobre-el-articulo-xarmenia-y-turquia-firman-acuerdo-historico-de-pazxxxx\/\",\"url\":\"https:\/\/www.pressenza.com\/es\/2009\/10\/opinion-sobre-el-articulo-xarmenia-y-turquia-firman-acuerdo-historico-de-pazxxxx\/\",\"name\":\"Opini\u00f3n sobre el art\u00edculo \u201cArmenia y Turqu\u00eda firman acuerdo hist\u00f3rico de paz...\u201d\",\"isPartOf\":{\"@id\":\"https:\/\/www.pressenza.com\/es\/#website\"},\"datePublished\":\"2009-10-15T00:00:00+00:00\",\"dateModified\":\"2009-10-16T12:11:19+00:00\",\"description\":\"El pasado 10 de octubre se firm\u00f3 en Zurich, ante los principales jefes de la diplomacia mundial y los ministros de Exteriores turco, Ahmet Davutoglu, y armenio, Edward Nalbandian un pacto para el establecimiento de las relaciones diplom\u00e1ticas y la apertura de la frontera com\u00fan. El art\u00edculo que sigue fija la posici\u00f3n de una representante de la \u201cdi\u00e1spora Armenia\u201d.\",\"breadcrumb\":{\"@id\":\"https:\/\/www.pressenza.com\/es\/2009\/10\/opinion-sobre-el-articulo-xarmenia-y-turquia-firman-acuerdo-historico-de-pazxxxx\/#breadcrumb\"},\"inLanguage\":\"es\",\"potentialAction\":[{\"@type\":\"ReadAction\",\"target\":[\"https:\/\/www.pressenza.com\/es\/2009\/10\/opinion-sobre-el-articulo-xarmenia-y-turquia-firman-acuerdo-historico-de-pazxxxx\/\"]}]},{\"@type\":\"BreadcrumbList\",\"@id\":\"https:\/\/www.pressenza.com\/es\/2009\/10\/opinion-sobre-el-articulo-xarmenia-y-turquia-firman-acuerdo-historico-de-pazxxxx\/#breadcrumb\",\"itemListElement\":[{\"@type\":\"ListItem\",\"position\":1,\"name\":\"Accueil\",\"item\":\"https:\/\/www.pressenza.com\/es\/\"},{\"@type\":\"ListItem\",\"position\":2,\"name\":\"Opini\u00f3n sobre el art\u00edculo \u201cArmenia y Turqu\u00eda firman acuerdo hist\u00f3rico de paz&#8230;\u201d\"}]},{\"@type\":\"WebSite\",\"@id\":\"https:\/\/www.pressenza.com\/es\/#website\",\"url\":\"https:\/\/www.pressenza.com\/es\/\",\"name\":\"Pressenza\",\"description\":\"International Press Agency\",\"publisher\":{\"@id\":\"https:\/\/www.pressenza.com\/es\/#organization\"},\"potentialAction\":[{\"@type\":\"SearchAction\",\"target\":{\"@type\":\"EntryPoint\",\"urlTemplate\":\"https:\/\/www.pressenza.com\/es\/?s={search_term_string}\"},\"query-input\":{\"@type\":\"PropertyValueSpecification\",\"valueRequired\":true,\"valueName\":\"search_term_string\"}}],\"inLanguage\":\"es\"},{\"@type\":\"Organization\",\"@id\":\"https:\/\/www.pressenza.com\/es\/#organization\",\"name\":\"Pressenza\",\"url\":\"https:\/\/www.pressenza.com\/es\/\",\"logo\":{\"@type\":\"ImageObject\",\"inLanguage\":\"es\",\"@id\":\"https:\/\/www.pressenza.com\/es\/#\/schema\/logo\/image\/\",\"url\":\"https:\/\/www.pressenza.com\/wp-content\/uploads\/2022\/10\/pressenza_logo_200x200.jpg\",\"contentUrl\":\"https:\/\/www.pressenza.com\/wp-content\/uploads\/2022\/10\/pressenza_logo_200x200.jpg\",\"width\":200,\"height\":200,\"caption\":\"Pressenza\"},\"image\":{\"@id\":\"https:\/\/www.pressenza.com\/es\/#\/schema\/logo\/image\/\"},\"sameAs\":[\"https:\/\/www.facebook.com\/PressenzaItalia\",\"https:\/\/x.com\/PressenzaIPA\"]},{\"@type\":\"Person\",\"@id\":\"https:\/\/www.pressenza.com\/es\/#\/schema\/person\/010e5d02bcf40965427a1289a4cc8d75\",\"name\":\"Pressenza IPA\",\"description\":\"News from Pressenza IPA correspondents\",\"sameAs\":[\"https:\/\/www.facebook.com\/pressenza\",\"https:\/\/x.com\/PressenzaIPA\"],\"url\":\"https:\/\/www.pressenza.com\/es\/author\/pressenza-ipa\/\"}]}<\/script>\n<!-- \/ Yoast SEO plugin. -->","yoast_head_json":{"title":"Opini\u00f3n sobre el art\u00edculo \u201cArmenia y Turqu\u00eda firman acuerdo hist\u00f3rico de paz...\u201d","description":"El pasado 10 de octubre se firm\u00f3 en Zurich, ante los principales jefes de la diplomacia mundial y los ministros de Exteriores turco, Ahmet Davutoglu, y armenio, Edward Nalbandian un pacto para el establecimiento de las relaciones diplom\u00e1ticas y la apertura de la frontera com\u00fan. El art\u00edculo que sigue fija la posici\u00f3n de una representante de la \u201cdi\u00e1spora Armenia\u201d.","robots":{"index":"index","follow":"follow","max-snippet":"max-snippet:-1","max-image-preview":"max-image-preview:large","max-video-preview":"max-video-preview:-1"},"canonical":"https:\/\/www.pressenza.com\/es\/2009\/10\/opinion-sobre-el-articulo-xarmenia-y-turquia-firman-acuerdo-historico-de-pazxxxx\/","og_locale":"es_ES","og_type":"article","og_title":"Opini\u00f3n sobre el art\u00edculo \u201cArmenia y Turqu\u00eda firman acuerdo hist\u00f3rico de paz...\u201d","og_description":"El pasado 10 de octubre se firm\u00f3 en Zurich, ante los principales jefes de la diplomacia mundial y los ministros de Exteriores turco, Ahmet Davutoglu, y armenio, Edward Nalbandian un pacto para el establecimiento de las relaciones diplom\u00e1ticas y la apertura de la frontera com\u00fan. El art\u00edculo que sigue fija la posici\u00f3n de una representante de la \u201cdi\u00e1spora Armenia\u201d.","og_url":"https:\/\/www.pressenza.com\/es\/2009\/10\/opinion-sobre-el-articulo-xarmenia-y-turquia-firman-acuerdo-historico-de-pazxxxx\/","og_site_name":"Pressenza","article_publisher":"https:\/\/www.facebook.com\/PressenzaItalia","article_author":"https:\/\/www.facebook.com\/pressenza","article_published_time":"2009-10-15T00:00:00+00:00","article_modified_time":"2009-10-16T12:11:19+00:00","author":"Pressenza IPA","twitter_card":"summary_large_image","twitter_creator":"@PressenzaIPA","twitter_site":"@PressenzaIPA","twitter_misc":{"Escrito por":"Pressenza IPA","Tiempo de lectura":"3 minutos"},"schema":{"@context":"https:\/\/schema.org","@graph":[{"@type":"Article","@id":"https:\/\/www.pressenza.com\/es\/2009\/10\/opinion-sobre-el-articulo-xarmenia-y-turquia-firman-acuerdo-historico-de-pazxxxx\/#article","isPartOf":{"@id":"https:\/\/www.pressenza.com\/es\/2009\/10\/opinion-sobre-el-articulo-xarmenia-y-turquia-firman-acuerdo-historico-de-pazxxxx\/"},"author":{"name":"Pressenza IPA","@id":"https:\/\/www.pressenza.com\/es\/#\/schema\/person\/010e5d02bcf40965427a1289a4cc8d75"},"headline":"Opini\u00f3n sobre el art\u00edculo \u201cArmenia y Turqu\u00eda firman acuerdo hist\u00f3rico de paz&#8230;\u201d","datePublished":"2009-10-15T00:00:00+00:00","dateModified":"2009-10-16T12:11:19+00:00","mainEntityOfPage":{"@id":"https:\/\/www.pressenza.com\/es\/2009\/10\/opinion-sobre-el-articulo-xarmenia-y-turquia-firman-acuerdo-historico-de-pazxxxx\/"},"wordCount":598,"publisher":{"@id":"https:\/\/www.pressenza.com\/es\/#organization"},"articleSection":["Europa","Internacional","Opiniones","Pol\u00edtica"],"inLanguage":"es"},{"@type":"WebPage","@id":"https:\/\/www.pressenza.com\/es\/2009\/10\/opinion-sobre-el-articulo-xarmenia-y-turquia-firman-acuerdo-historico-de-pazxxxx\/","url":"https:\/\/www.pressenza.com\/es\/2009\/10\/opinion-sobre-el-articulo-xarmenia-y-turquia-firman-acuerdo-historico-de-pazxxxx\/","name":"Opini\u00f3n sobre el art\u00edculo \u201cArmenia y Turqu\u00eda firman acuerdo hist\u00f3rico de paz...\u201d","isPartOf":{"@id":"https:\/\/www.pressenza.com\/es\/#website"},"datePublished":"2009-10-15T00:00:00+00:00","dateModified":"2009-10-16T12:11:19+00:00","description":"El pasado 10 de octubre se firm\u00f3 en Zurich, ante los principales jefes de la diplomacia mundial y los ministros de Exteriores turco, Ahmet Davutoglu, y armenio, Edward Nalbandian un pacto para el establecimiento de las relaciones diplom\u00e1ticas y la apertura de la frontera com\u00fan. El art\u00edculo que sigue fija la posici\u00f3n de una representante de la \u201cdi\u00e1spora Armenia\u201d.","breadcrumb":{"@id":"https:\/\/www.pressenza.com\/es\/2009\/10\/opinion-sobre-el-articulo-xarmenia-y-turquia-firman-acuerdo-historico-de-pazxxxx\/#breadcrumb"},"inLanguage":"es","potentialAction":[{"@type":"ReadAction","target":["https:\/\/www.pressenza.com\/es\/2009\/10\/opinion-sobre-el-articulo-xarmenia-y-turquia-firman-acuerdo-historico-de-pazxxxx\/"]}]},{"@type":"BreadcrumbList","@id":"https:\/\/www.pressenza.com\/es\/2009\/10\/opinion-sobre-el-articulo-xarmenia-y-turquia-firman-acuerdo-historico-de-pazxxxx\/#breadcrumb","itemListElement":[{"@type":"ListItem","position":1,"name":"Accueil","item":"https:\/\/www.pressenza.com\/es\/"},{"@type":"ListItem","position":2,"name":"Opini\u00f3n sobre el art\u00edculo \u201cArmenia y Turqu\u00eda firman acuerdo hist\u00f3rico de paz&#8230;\u201d"}]},{"@type":"WebSite","@id":"https:\/\/www.pressenza.com\/es\/#website","url":"https:\/\/www.pressenza.com\/es\/","name":"Pressenza","description":"International Press Agency","publisher":{"@id":"https:\/\/www.pressenza.com\/es\/#organization"},"potentialAction":[{"@type":"SearchAction","target":{"@type":"EntryPoint","urlTemplate":"https:\/\/www.pressenza.com\/es\/?s={search_term_string}"},"query-input":{"@type":"PropertyValueSpecification","valueRequired":true,"valueName":"search_term_string"}}],"inLanguage":"es"},{"@type":"Organization","@id":"https:\/\/www.pressenza.com\/es\/#organization","name":"Pressenza","url":"https:\/\/www.pressenza.com\/es\/","logo":{"@type":"ImageObject","inLanguage":"es","@id":"https:\/\/www.pressenza.com\/es\/#\/schema\/logo\/image\/","url":"https:\/\/www.pressenza.com\/wp-content\/uploads\/2022\/10\/pressenza_logo_200x200.jpg","contentUrl":"https:\/\/www.pressenza.com\/wp-content\/uploads\/2022\/10\/pressenza_logo_200x200.jpg","width":200,"height":200,"caption":"Pressenza"},"image":{"@id":"https:\/\/www.pressenza.com\/es\/#\/schema\/logo\/image\/"},"sameAs":["https:\/\/www.facebook.com\/PressenzaItalia","https:\/\/x.com\/PressenzaIPA"]},{"@type":"Person","@id":"https:\/\/www.pressenza.com\/es\/#\/schema\/person\/010e5d02bcf40965427a1289a4cc8d75","name":"Pressenza IPA","description":"News from Pressenza IPA correspondents","sameAs":["https:\/\/www.facebook.com\/pressenza","https:\/\/x.com\/PressenzaIPA"],"url":"https:\/\/www.pressenza.com\/es\/author\/pressenza-ipa\/"}]}},"place":"Zurich","original_article_url":"","_links":{"self":[{"href":"https:\/\/www.pressenza.com\/es\/wp-json\/wp\/v2\/posts\/1751","targetHints":{"allow":["GET"]}}],"collection":[{"href":"https:\/\/www.pressenza.com\/es\/wp-json\/wp\/v2\/posts"}],"about":[{"href":"https:\/\/www.pressenza.com\/es\/wp-json\/wp\/v2\/types\/post"}],"author":[{"embeddable":true,"href":"https:\/\/www.pressenza.com\/es\/wp-json\/wp\/v2\/users\/19"}],"replies":[{"embeddable":true,"href":"https:\/\/www.pressenza.com\/es\/wp-json\/wp\/v2\/comments?post=1751"}],"version-history":[{"count":0,"href":"https:\/\/www.pressenza.com\/es\/wp-json\/wp\/v2\/posts\/1751\/revisions"}],"wp:attachment":[{"href":"https:\/\/www.pressenza.com\/es\/wp-json\/wp\/v2\/media?parent=1751"}],"wp:term":[{"taxonomy":"category","embeddable":true,"href":"https:\/\/www.pressenza.com\/es\/wp-json\/wp\/v2\/categories?post=1751"},{"taxonomy":"post_tag","embeddable":true,"href":"https:\/\/www.pressenza.com\/es\/wp-json\/wp\/v2\/tags?post=1751"}],"curies":[{"name":"wp","href":"https:\/\/api.w.org\/{rel}","templated":true}]}}