{"id":1748029,"date":"2023-06-26T02:53:15","date_gmt":"2023-06-26T01:53:15","guid":{"rendered":"https:\/\/www.pressenza.com\/?p=1748029"},"modified":"2023-06-26T02:53:15","modified_gmt":"2023-06-26T01:53:15","slug":"fin-de-semana-de-candidaturas-y-elecciones-en-argentina","status":"publish","type":"post","link":"https:\/\/www.pressenza.com\/es\/2023\/06\/fin-de-semana-de-candidaturas-y-elecciones-en-argentina\/","title":{"rendered":"Fin de semana de candidaturas y elecciones en Argentina"},"content":{"rendered":"<p>A las 23.59 hs del s\u00e1bado se venc\u00eda el plazo para la presentaci\u00f3n de precandidaturas en la Argentina para participar de las Primarias Abiertos Simult\u00e1neas y Obligatorias.<\/p>\n<p>A las 8 de la ma\u00f1ana del domingo abrieron los centros de votaci\u00f3n en las provincias de Formosa y C\u00f3rdoba. Sin c\u00f3mputos definitivos en ninguna de las dos provincias, hasta ahora la tendencia es irreversible en la contundente victoria del gobernador, ya reelecto, Gildo Insfr\u00e1n por el peronismo y aliados de su provincia, con m\u00e1s del 73 % de las preferencias.<\/p>\n<p>En C\u00f3rdoba el oficialismo se impone con Mart\u00edn Llaryora como candidato, encabezando una fuerza de centroderecha y provincial, ya que no termina de abroquelarse con ninguno de los sectores que prevalecen en la pol\u00edtica nacional. En segundo lugar y muy cerca se encuentra el camale\u00f3nico Luis Juez, quien en esta oportunidad viste la casaca de Juntos por el Cambio, la coalici\u00f3n del ex presidente Mauricio Macri.<\/p>\n<p>Sin menospreciar la importancia de estos escrutinios, la jornada de ayer eclips\u00f3 a la de hoy en t\u00e9rminos pol\u00edticos. El viernes por la noche Uni\u00f3n por la Patria, (la nueva denominaci\u00f3n del oficialista Frente de Todos, que busca mostrarse renovado tras el fracasado mandato de Alberto Fern\u00e1ndez) anunci\u00f3 que presentar\u00eda una lista de unidad a las presidenciales con Sergio Massa, actual ministro de Econom\u00eda, como candidato presidencial y de vice Agust\u00edn Rossi, actual Jefe de Gabinete de Ministros de Fern\u00e1ndez.<\/p>\n<p>El anuncio desplaz\u00f3 a Eduardo De Pedro, quien se hab\u00eda presentado en la v\u00edspera y a Daniel Scioli, que lo hab\u00eda hecho el mi\u00e9rcoles. Tras debates y discusiones en el interior del frente electoral, ambos decidieron bajar sus candidaturas y Juan Grabois a reponerla juntando los avales en tiempo r\u00e9cord, puesto que su sector no se siente representado por Massa.<\/p>\n<p>A estas dos candidaturas del oficialismo, deben sumarse las de la principal fuerza de oposici\u00f3n, Juntos por el Cambio, quienes presentaron al Jefe de Gobierno porte\u00f1o Horacio Rodr\u00edguez Larreta y el gobernador de Jujuy, Gerardo Morales por un lado y a la ex ministra de Seguridad Patricia Bullrich y al ex diputado mendocino Luis Petri por otro. El liberal conservador Javier Milei tendr\u00e1 a la abogada Victoria Villarruel como candidata a vicepresidenta y el gobernador cordob\u00e9s Juan Schiaretti, ser\u00e1 secundado por el inclasificable Florencio Randazzo.<\/p>\n<p>La izquierda tendr\u00e1 candidatos troskistas a trav\u00e9s del Nuevo Mas con Manuela Casta\u00f1eira, de Pol\u00edtica Obrera con Marcelo Ramal y el Frente de Izquierda y los Trabajadores dirimir\u00e1 la interna en las PASO entre Myriam Bregman \u2013 Nicol\u00e1s del Ca\u00f1o y Gabriel Solano \u2013 Vilma Ripoll. El peronismo cl\u00e1sico contar\u00e1 con el candidato de Principios y Valores Guillermo Moreno, destacado funcionario de los gobiernos de N\u00e9stor Kirchner y Cristina Fern\u00e1ndez.<\/p>\n<p>Las discusiones por los cierres de listas siempre dejan alegr\u00edas y sinsabores, candidatos que deben conformarse con posiciones con pocas chances y otros que parecieran estar mejor ubicados que lo indicar\u00edan sus m\u00e9ritos. La falta de renovaci\u00f3n en la pol\u00edtica argentina muestra muchas caras repetidas, incluso en aquellas fuerzas que se presentan como disruptivas y novedosas. Abogados, banqueros, periodistas; hijos, nietos y parejas de pol\u00edticos tradicionales acaparan las sillas de la pol\u00edtica institucionalizada.<\/p>\n","protected":false},"excerpt":{"rendered":"<p>A las 23.59 hs del s\u00e1bado se venc\u00eda el plazo para la presentaci\u00f3n de precandidaturas en la Argentina para participar de las Primarias Abiertos Simult\u00e1neas y Obligatorias. A las 8 de la ma\u00f1ana del domingo abrieron los centros de votaci\u00f3n&hellip;<\/p>\n","protected":false},"author":87,"featured_media":1748032,"comment_status":"closed","ping_status":"closed","sticky":false,"template":"","format":"standard","meta":{"footnotes":""},"categories":[11389,106739,74,67],"tags":[26,783,50011,5794,403,3059,113936,113765],"class_list":["post-1748029","post","type-post","status-publish","format-standard","has-post-thumbnail","hentry","category-contenido-original","category-noticia","category-politica-es","category-sudamerica","tag-argentina","tag-candidatos","tag-candidaturas","tag-cordoba","tag-elecciones","tag-formosa","tag-juntos-por-el-cambio","tag-union-por-la-patria"],"yoast_head":"<!-- This site is optimized with the Yoast SEO plugin v27.1.1 - https:\/\/yoast.com\/product\/yoast-seo-wordpress\/ -->\n<title>Fin de semana de candidaturas y elecciones en Argentina<\/title>\n<meta name=\"description\" content=\"A las 23.59 hs del s\u00e1bado se venc\u00eda el plazo para la presentaci\u00f3n de precandidaturas en la Argentina para participar de las Primarias Abiertos Simult\u00e1neas\" \/>\n<meta name=\"robots\" content=\"index, follow, max-snippet:-1, max-image-preview:large, max-video-preview:-1\" \/>\n<link rel=\"canonical\" href=\"https:\/\/www.pressenza.com\/es\/2023\/06\/fin-de-semana-de-candidaturas-y-elecciones-en-argentina\/\" \/>\n<meta property=\"og:locale\" content=\"es_ES\" \/>\n<meta property=\"og:type\" content=\"article\" \/>\n<meta property=\"og:title\" content=\"Fin de semana de candidaturas y elecciones en Argentina\" \/>\n<meta property=\"og:description\" content=\"A las 23.59 hs del s\u00e1bado se venc\u00eda el plazo para la presentaci\u00f3n de precandidaturas en la Argentina para participar de las Primarias Abiertos Simult\u00e1neas\" \/>\n<meta property=\"og:url\" content=\"https:\/\/www.pressenza.com\/es\/2023\/06\/fin-de-semana-de-candidaturas-y-elecciones-en-argentina\/\" \/>\n<meta property=\"og:site_name\" content=\"Pressenza\" \/>\n<meta property=\"article:publisher\" content=\"https:\/\/www.facebook.com\/PressenzaItalia\" \/>\n<meta property=\"article:published_time\" content=\"2023-06-26T01:53:15+00:00\" \/>\n<meta property=\"og:image\" content=\"https:\/\/www.pressenza.com\/wp-content\/uploads\/2023\/06\/Official-Embassy-of-Argentina-Photo-by-Julian-Ortiz.jpg\" \/>\n\t<meta property=\"og:image:width\" content=\"1920\" \/>\n\t<meta property=\"og:image:height\" content=\"1282\" \/>\n\t<meta property=\"og:image:type\" content=\"image\/jpeg\" \/>\n<meta name=\"author\" content=\"Redacci\u00f3n Argentina\" \/>\n<meta name=\"twitter:card\" content=\"summary_large_image\" \/>\n<meta name=\"twitter:creator\" content=\"@pressenza\" \/>\n<meta name=\"twitter:site\" content=\"@PressenzaIPA\" \/>\n<meta name=\"twitter:label1\" content=\"Escrito por\" \/>\n\t<meta name=\"twitter:data1\" content=\"Redacci\u00f3n Argentina\" \/>\n\t<meta name=\"twitter:label2\" content=\"Tiempo de lectura\" \/>\n\t<meta name=\"twitter:data2\" content=\"3 minutos\" \/>\n<script type=\"application\/ld+json\" class=\"yoast-schema-graph\">{\"@context\":\"https:\/\/schema.org\",\"@graph\":[{\"@type\":\"Article\",\"@id\":\"https:\/\/www.pressenza.com\/es\/2023\/06\/fin-de-semana-de-candidaturas-y-elecciones-en-argentina\/#article\",\"isPartOf\":{\"@id\":\"https:\/\/www.pressenza.com\/es\/2023\/06\/fin-de-semana-de-candidaturas-y-elecciones-en-argentina\/\"},\"author\":{\"name\":\"Redacci\u00f3n Argentina\",\"@id\":\"https:\/\/www.pressenza.com\/es\/#\/schema\/person\/0dda7d1b68267ad95b1e1d83abc98c89\"},\"headline\":\"Fin de semana de candidaturas y elecciones en Argentina\",\"datePublished\":\"2023-06-26T01:53:15+00:00\",\"mainEntityOfPage\":{\"@id\":\"https:\/\/www.pressenza.com\/es\/2023\/06\/fin-de-semana-de-candidaturas-y-elecciones-en-argentina\/\"},\"wordCount\":573,\"publisher\":{\"@id\":\"https:\/\/www.pressenza.com\/es\/#organization\"},\"image\":{\"@id\":\"https:\/\/www.pressenza.com\/es\/2023\/06\/fin-de-semana-de-candidaturas-y-elecciones-en-argentina\/#primaryimage\"},\"thumbnailUrl\":\"https:\/\/www.pressenza.com\/wp-content\/uploads\/2023\/06\/Official-Embassy-of-Argentina-Photo-by-Julian-Ortiz.jpg\",\"keywords\":[\"Argentina\",\"candidatos\",\"candidaturas\",\"Cordoba\",\"elecciones\",\"Formosa\",\"Juntos por el Cambio\",\"Uni\u00f3n por la Patria\"],\"articleSection\":[\"Contenido Original\",\"Noticia\",\"Pol\u00edtica\",\"Sudam\u00e9rica\"],\"inLanguage\":\"es\"},{\"@type\":\"WebPage\",\"@id\":\"https:\/\/www.pressenza.com\/es\/2023\/06\/fin-de-semana-de-candidaturas-y-elecciones-en-argentina\/\",\"url\":\"https:\/\/www.pressenza.com\/es\/2023\/06\/fin-de-semana-de-candidaturas-y-elecciones-en-argentina\/\",\"name\":\"Fin de semana de candidaturas y elecciones en Argentina\",\"isPartOf\":{\"@id\":\"https:\/\/www.pressenza.com\/es\/#website\"},\"primaryImageOfPage\":{\"@id\":\"https:\/\/www.pressenza.com\/es\/2023\/06\/fin-de-semana-de-candidaturas-y-elecciones-en-argentina\/#primaryimage\"},\"image\":{\"@id\":\"https:\/\/www.pressenza.com\/es\/2023\/06\/fin-de-semana-de-candidaturas-y-elecciones-en-argentina\/#primaryimage\"},\"thumbnailUrl\":\"https:\/\/www.pressenza.com\/wp-content\/uploads\/2023\/06\/Official-Embassy-of-Argentina-Photo-by-Julian-Ortiz.jpg\",\"datePublished\":\"2023-06-26T01:53:15+00:00\",\"description\":\"A las 23.59 hs del s\u00e1bado se venc\u00eda el plazo para la presentaci\u00f3n de precandidaturas en la Argentina para participar de las Primarias Abiertos Simult\u00e1neas\",\"breadcrumb\":{\"@id\":\"https:\/\/www.pressenza.com\/es\/2023\/06\/fin-de-semana-de-candidaturas-y-elecciones-en-argentina\/#breadcrumb\"},\"inLanguage\":\"es\",\"potentialAction\":[{\"@type\":\"ReadAction\",\"target\":[\"https:\/\/www.pressenza.com\/es\/2023\/06\/fin-de-semana-de-candidaturas-y-elecciones-en-argentina\/\"]}]},{\"@type\":\"ImageObject\",\"inLanguage\":\"es\",\"@id\":\"https:\/\/www.pressenza.com\/es\/2023\/06\/fin-de-semana-de-candidaturas-y-elecciones-en-argentina\/#primaryimage\",\"url\":\"https:\/\/www.pressenza.com\/wp-content\/uploads\/2023\/06\/Official-Embassy-of-Argentina-Photo-by-Julian-Ortiz.jpg\",\"contentUrl\":\"https:\/\/www.pressenza.com\/wp-content\/uploads\/2023\/06\/Official-Embassy-of-Argentina-Photo-by-Julian-Ortiz.jpg\",\"width\":1920,\"height\":1282},{\"@type\":\"BreadcrumbList\",\"@id\":\"https:\/\/www.pressenza.com\/es\/2023\/06\/fin-de-semana-de-candidaturas-y-elecciones-en-argentina\/#breadcrumb\",\"itemListElement\":[{\"@type\":\"ListItem\",\"position\":1,\"name\":\"Accueil\",\"item\":\"https:\/\/www.pressenza.com\/es\/\"},{\"@type\":\"ListItem\",\"position\":2,\"name\":\"Fin de semana de candidaturas y elecciones en Argentina\"}]},{\"@type\":\"WebSite\",\"@id\":\"https:\/\/www.pressenza.com\/es\/#website\",\"url\":\"https:\/\/www.pressenza.com\/es\/\",\"name\":\"Pressenza\",\"description\":\"International Press Agency\",\"publisher\":{\"@id\":\"https:\/\/www.pressenza.com\/es\/#organization\"},\"potentialAction\":[{\"@type\":\"SearchAction\",\"target\":{\"@type\":\"EntryPoint\",\"urlTemplate\":\"https:\/\/www.pressenza.com\/es\/?s={search_term_string}\"},\"query-input\":{\"@type\":\"PropertyValueSpecification\",\"valueRequired\":true,\"valueName\":\"search_term_string\"}}],\"inLanguage\":\"es\"},{\"@type\":\"Organization\",\"@id\":\"https:\/\/www.pressenza.com\/es\/#organization\",\"name\":\"Pressenza\",\"url\":\"https:\/\/www.pressenza.com\/es\/\",\"logo\":{\"@type\":\"ImageObject\",\"inLanguage\":\"es\",\"@id\":\"https:\/\/www.pressenza.com\/es\/#\/schema\/logo\/image\/\",\"url\":\"https:\/\/www.pressenza.com\/wp-content\/uploads\/2022\/10\/pressenza_logo_200x200.jpg\",\"contentUrl\":\"https:\/\/www.pressenza.com\/wp-content\/uploads\/2022\/10\/pressenza_logo_200x200.jpg\",\"width\":200,\"height\":200,\"caption\":\"Pressenza\"},\"image\":{\"@id\":\"https:\/\/www.pressenza.com\/es\/#\/schema\/logo\/image\/\"},\"sameAs\":[\"https:\/\/www.facebook.com\/PressenzaItalia\",\"https:\/\/x.com\/PressenzaIPA\"]},{\"@type\":\"Person\",\"@id\":\"https:\/\/www.pressenza.com\/es\/#\/schema\/person\/0dda7d1b68267ad95b1e1d83abc98c89\",\"name\":\"Redacci\u00f3n Argentina\",\"description\":\"News from the Pressenza Bureau in Argentina.\",\"sameAs\":[\"https:\/\/x.com\/pressenza\"],\"url\":\"https:\/\/www.pressenza.com\/es\/author\/redaccion-argentina\/\"}]}<\/script>\n<!-- \/ Yoast SEO plugin. -->","yoast_head_json":{"title":"Fin de semana de candidaturas y elecciones en Argentina","description":"A las 23.59 hs del s\u00e1bado se venc\u00eda el plazo para la presentaci\u00f3n de precandidaturas en la Argentina para participar de las Primarias Abiertos Simult\u00e1neas","robots":{"index":"index","follow":"follow","max-snippet":"max-snippet:-1","max-image-preview":"max-image-preview:large","max-video-preview":"max-video-preview:-1"},"canonical":"https:\/\/www.pressenza.com\/es\/2023\/06\/fin-de-semana-de-candidaturas-y-elecciones-en-argentina\/","og_locale":"es_ES","og_type":"article","og_title":"Fin de semana de candidaturas y elecciones en Argentina","og_description":"A las 23.59 hs del s\u00e1bado se venc\u00eda el plazo para la presentaci\u00f3n de precandidaturas en la Argentina para participar de las Primarias Abiertos Simult\u00e1neas","og_url":"https:\/\/www.pressenza.com\/es\/2023\/06\/fin-de-semana-de-candidaturas-y-elecciones-en-argentina\/","og_site_name":"Pressenza","article_publisher":"https:\/\/www.facebook.com\/PressenzaItalia","article_published_time":"2023-06-26T01:53:15+00:00","og_image":[{"width":1920,"height":1282,"url":"https:\/\/www.pressenza.com\/wp-content\/uploads\/2023\/06\/Official-Embassy-of-Argentina-Photo-by-Julian-Ortiz.jpg","type":"image\/jpeg"}],"author":"Redacci\u00f3n Argentina","twitter_card":"summary_large_image","twitter_creator":"@pressenza","twitter_site":"@PressenzaIPA","twitter_misc":{"Escrito por":"Redacci\u00f3n Argentina","Tiempo de lectura":"3 minutos"},"schema":{"@context":"https:\/\/schema.org","@graph":[{"@type":"Article","@id":"https:\/\/www.pressenza.com\/es\/2023\/06\/fin-de-semana-de-candidaturas-y-elecciones-en-argentina\/#article","isPartOf":{"@id":"https:\/\/www.pressenza.com\/es\/2023\/06\/fin-de-semana-de-candidaturas-y-elecciones-en-argentina\/"},"author":{"name":"Redacci\u00f3n Argentina","@id":"https:\/\/www.pressenza.com\/es\/#\/schema\/person\/0dda7d1b68267ad95b1e1d83abc98c89"},"headline":"Fin de semana de candidaturas y elecciones en Argentina","datePublished":"2023-06-26T01:53:15+00:00","mainEntityOfPage":{"@id":"https:\/\/www.pressenza.com\/es\/2023\/06\/fin-de-semana-de-candidaturas-y-elecciones-en-argentina\/"},"wordCount":573,"publisher":{"@id":"https:\/\/www.pressenza.com\/es\/#organization"},"image":{"@id":"https:\/\/www.pressenza.com\/es\/2023\/06\/fin-de-semana-de-candidaturas-y-elecciones-en-argentina\/#primaryimage"},"thumbnailUrl":"https:\/\/www.pressenza.com\/wp-content\/uploads\/2023\/06\/Official-Embassy-of-Argentina-Photo-by-Julian-Ortiz.jpg","keywords":["Argentina","candidatos","candidaturas","Cordoba","elecciones","Formosa","Juntos por el Cambio","Uni\u00f3n por la Patria"],"articleSection":["Contenido Original","Noticia","Pol\u00edtica","Sudam\u00e9rica"],"inLanguage":"es"},{"@type":"WebPage","@id":"https:\/\/www.pressenza.com\/es\/2023\/06\/fin-de-semana-de-candidaturas-y-elecciones-en-argentina\/","url":"https:\/\/www.pressenza.com\/es\/2023\/06\/fin-de-semana-de-candidaturas-y-elecciones-en-argentina\/","name":"Fin de semana de candidaturas y elecciones en Argentina","isPartOf":{"@id":"https:\/\/www.pressenza.com\/es\/#website"},"primaryImageOfPage":{"@id":"https:\/\/www.pressenza.com\/es\/2023\/06\/fin-de-semana-de-candidaturas-y-elecciones-en-argentina\/#primaryimage"},"image":{"@id":"https:\/\/www.pressenza.com\/es\/2023\/06\/fin-de-semana-de-candidaturas-y-elecciones-en-argentina\/#primaryimage"},"thumbnailUrl":"https:\/\/www.pressenza.com\/wp-content\/uploads\/2023\/06\/Official-Embassy-of-Argentina-Photo-by-Julian-Ortiz.jpg","datePublished":"2023-06-26T01:53:15+00:00","description":"A las 23.59 hs del s\u00e1bado se venc\u00eda el plazo para la presentaci\u00f3n de precandidaturas en la Argentina para participar de las Primarias Abiertos Simult\u00e1neas","breadcrumb":{"@id":"https:\/\/www.pressenza.com\/es\/2023\/06\/fin-de-semana-de-candidaturas-y-elecciones-en-argentina\/#breadcrumb"},"inLanguage":"es","potentialAction":[{"@type":"ReadAction","target":["https:\/\/www.pressenza.com\/es\/2023\/06\/fin-de-semana-de-candidaturas-y-elecciones-en-argentina\/"]}]},{"@type":"ImageObject","inLanguage":"es","@id":"https:\/\/www.pressenza.com\/es\/2023\/06\/fin-de-semana-de-candidaturas-y-elecciones-en-argentina\/#primaryimage","url":"https:\/\/www.pressenza.com\/wp-content\/uploads\/2023\/06\/Official-Embassy-of-Argentina-Photo-by-Julian-Ortiz.jpg","contentUrl":"https:\/\/www.pressenza.com\/wp-content\/uploads\/2023\/06\/Official-Embassy-of-Argentina-Photo-by-Julian-Ortiz.jpg","width":1920,"height":1282},{"@type":"BreadcrumbList","@id":"https:\/\/www.pressenza.com\/es\/2023\/06\/fin-de-semana-de-candidaturas-y-elecciones-en-argentina\/#breadcrumb","itemListElement":[{"@type":"ListItem","position":1,"name":"Accueil","item":"https:\/\/www.pressenza.com\/es\/"},{"@type":"ListItem","position":2,"name":"Fin de semana de candidaturas y elecciones en Argentina"}]},{"@type":"WebSite","@id":"https:\/\/www.pressenza.com\/es\/#website","url":"https:\/\/www.pressenza.com\/es\/","name":"Pressenza","description":"International Press Agency","publisher":{"@id":"https:\/\/www.pressenza.com\/es\/#organization"},"potentialAction":[{"@type":"SearchAction","target":{"@type":"EntryPoint","urlTemplate":"https:\/\/www.pressenza.com\/es\/?s={search_term_string}"},"query-input":{"@type":"PropertyValueSpecification","valueRequired":true,"valueName":"search_term_string"}}],"inLanguage":"es"},{"@type":"Organization","@id":"https:\/\/www.pressenza.com\/es\/#organization","name":"Pressenza","url":"https:\/\/www.pressenza.com\/es\/","logo":{"@type":"ImageObject","inLanguage":"es","@id":"https:\/\/www.pressenza.com\/es\/#\/schema\/logo\/image\/","url":"https:\/\/www.pressenza.com\/wp-content\/uploads\/2022\/10\/pressenza_logo_200x200.jpg","contentUrl":"https:\/\/www.pressenza.com\/wp-content\/uploads\/2022\/10\/pressenza_logo_200x200.jpg","width":200,"height":200,"caption":"Pressenza"},"image":{"@id":"https:\/\/www.pressenza.com\/es\/#\/schema\/logo\/image\/"},"sameAs":["https:\/\/www.facebook.com\/PressenzaItalia","https:\/\/x.com\/PressenzaIPA"]},{"@type":"Person","@id":"https:\/\/www.pressenza.com\/es\/#\/schema\/person\/0dda7d1b68267ad95b1e1d83abc98c89","name":"Redacci\u00f3n Argentina","description":"News from the Pressenza Bureau in Argentina.","sameAs":["https:\/\/x.com\/pressenza"],"url":"https:\/\/www.pressenza.com\/es\/author\/redaccion-argentina\/"}]}},"place":"Ciudad de Buenos Aires, Argentina","original_article_url":"","_links":{"self":[{"href":"https:\/\/www.pressenza.com\/es\/wp-json\/wp\/v2\/posts\/1748029","targetHints":{"allow":["GET"]}}],"collection":[{"href":"https:\/\/www.pressenza.com\/es\/wp-json\/wp\/v2\/posts"}],"about":[{"href":"https:\/\/www.pressenza.com\/es\/wp-json\/wp\/v2\/types\/post"}],"author":[{"embeddable":true,"href":"https:\/\/www.pressenza.com\/es\/wp-json\/wp\/v2\/users\/87"}],"replies":[{"embeddable":true,"href":"https:\/\/www.pressenza.com\/es\/wp-json\/wp\/v2\/comments?post=1748029"}],"version-history":[{"count":0,"href":"https:\/\/www.pressenza.com\/es\/wp-json\/wp\/v2\/posts\/1748029\/revisions"}],"wp:featuredmedia":[{"embeddable":true,"href":"https:\/\/www.pressenza.com\/es\/wp-json\/wp\/v2\/media\/1748032"}],"wp:attachment":[{"href":"https:\/\/www.pressenza.com\/es\/wp-json\/wp\/v2\/media?parent=1748029"}],"wp:term":[{"taxonomy":"category","embeddable":true,"href":"https:\/\/www.pressenza.com\/es\/wp-json\/wp\/v2\/categories?post=1748029"},{"taxonomy":"post_tag","embeddable":true,"href":"https:\/\/www.pressenza.com\/es\/wp-json\/wp\/v2\/tags?post=1748029"}],"curies":[{"name":"wp","href":"https:\/\/api.w.org\/{rel}","templated":true}]}}