{"id":1747714,"date":"2023-06-23T23:43:58","date_gmt":"2023-06-23T22:43:58","guid":{"rendered":"https:\/\/www.pressenza.com\/?p=1747714"},"modified":"2023-06-23T23:43:58","modified_gmt":"2023-06-23T22:43:58","slug":"5-foro-social-magrebi-sobre-la-migracion-se-desarrolla-en-nador-marruecos","status":"publish","type":"post","link":"https:\/\/www.pressenza.com\/es\/2023\/06\/5-foro-social-magrebi-sobre-la-migracion-se-desarrolla-en-nador-marruecos\/","title":{"rendered":"5\u00b0 Foro Social Magreb\u00ed sobre la migraci\u00f3n se desarrolla en Nador, Marruecos"},"content":{"rendered":"<p>Desde el 23 al 25 de Junio se desarrolla en la ciudad de Nador el quinto Foro Social Magreb\u00ed sobre la migraci\u00f3n bajo el lema \u00abNunca m\u00e1s Barrio Chino. Por un Magreb libre de todo odio, xenofobia y racismo\u00bb.<\/p>\n<p>La elecci\u00f3n del lugar y la fecha se corresponde con los lamentables sucesos y el tratamiento cruel, discriminatorio y degradante sufrido por migrantes\u00a0 el 24 de Junio de 2022 en el puesto fronterizo de Barrio Chino, entre Nador y Melilla.<\/p>\n<p>Un informe de Amnist\u00eda Internacional refiere que \u201cen la ma\u00f1ana del viernes 24 de junio, entre 1.500 y 2.000 personas refugiadas y migrantes, en su mayor\u00eda sudanesas, intentaron cruzar la frontera entre Marruecos y Melilla. Para impedir su paso por el puesto fronterizo de Barrio Chino, las autoridades marroqu\u00edes y espa\u00f1olas cometieron cr\u00edmenes de derecho internacional.\u201d<\/p>\n<p>Como resultado de la actuaci\u00f3n por parte de las fuerzas de seguridad espa\u00f1olas y marroqu\u00edes, fallecieron al menos 37 personas, y se habr\u00edan causado lesiones de diversa entidad a muchas m\u00e1s. Aquel d\u00eda las fuerzas de seguridad espa\u00f1olas devolvieron de manera sumaria y contraria a est\u00e1ndares internacionales de derechos humanos a al menos 470 personas. Sigue sin conocerse el paradero de al menos 77 personas en territorio marroqu\u00ed, sin que hasta la fecha las familias hayan podido obtener ning\u00fan tipo de informaci\u00f3n, refiere la informaci\u00f3n de la organizaci\u00f3n internacional.<\/p>\n<p>Precisamente a un a\u00f1o de ocurrido ese hecho, el Foro Social Magreb\u00ed debatir\u00e1 en uno de sus ejes qu\u00e9 ha sucedido posteriormente, si ha habido reparaci\u00f3n para las v\u00edctimas y sobre todo si algo ha cambiado en esa frontera.<\/p>\n<p>El segundo eje congregante es la discusi\u00f3n sobre c\u00f3mo contrarrestar el discurso xen\u00f3fobo y racista contra los migrantes y qu\u00e9 medidas se toman (o deber\u00edan tomarse) tanto en los pa\u00edses del Magreb como en los de la Uni\u00f3n Europea respecto a la violaci\u00f3n de derechos humanos que sufren quienes por diversas causas salen de sus lugares de origen en busca de mejores condiciones de vida.<\/p>\n<p>Tambi\u00e9n se analizar\u00e1n en detalle las pol\u00edticas migratorias en el Magreb y la Uni\u00f3n Europea.<\/p>\n<p>En este evento los migrantes tendr\u00e1n la palabra. Ser\u00e1 un espacio de encuentro y de convergencia para posteriormente acometer acciones.<\/p>\n<p>El Foro Social Magreb\u00ed se desarroll\u00f3 en ocasiones precedentes en Bruselas (2010), Oujda (2012), Monastir (2014) y T\u00e1nger (2016).<\/p>\n","protected":false},"excerpt":{"rendered":"<p>Desde el 23 al 25 de Junio se desarrolla en la ciudad de Nador el quinto Foro Social Magreb\u00ed sobre la migraci\u00f3n bajo el lema \u00abNunca m\u00e1s Barrio Chino. Por un Magreb libre de todo odio, xenofobia y racismo\u00bb. La&hellip;<\/p>\n","protected":false},"author":19,"featured_media":1747715,"comment_status":"closed","ping_status":"closed","sticky":false,"template":"","format":"standard","meta":{"footnotes":""},"categories":[64,11389,54574],"tags":[441,1065,1156,113879,4817],"class_list":["post-1747714","post","type-post","status-publish","format-standard","has-post-thumbnail","hentry","category-africa-es","category-contenido-original","category-migrantes-es","tag-derechos-humanos","tag-espana","tag-melilla","tag-politicas-inhumanas-de-migracion","tag-union-europea"],"yoast_head":"<!-- This site is optimized with the Yoast SEO plugin v27.1.1 - https:\/\/yoast.com\/product\/yoast-seo-wordpress\/ -->\n<title>5\u00b0 Foro Social Magreb\u00ed sobre la migraci\u00f3n se desarrolla en Nador, Marruecos<\/title>\n<meta name=\"description\" content=\"Desde el 23 al 25 de Junio se desarrolla en la ciudad de Nador el quinto Foro Social Magreb\u00ed sobre la migraci\u00f3n bajo el lema &quot;Nunca m\u00e1s Barrio Chino. Por\" \/>\n<meta name=\"robots\" content=\"index, follow, max-snippet:-1, max-image-preview:large, max-video-preview:-1\" \/>\n<link rel=\"canonical\" href=\"https:\/\/www.pressenza.com\/es\/2023\/06\/5-foro-social-magrebi-sobre-la-migracion-se-desarrolla-en-nador-marruecos\/\" \/>\n<meta property=\"og:locale\" content=\"es_ES\" \/>\n<meta property=\"og:type\" content=\"article\" \/>\n<meta property=\"og:title\" content=\"5\u00b0 Foro Social Magreb\u00ed sobre la migraci\u00f3n se desarrolla en Nador, Marruecos\" \/>\n<meta property=\"og:description\" content=\"Desde el 23 al 25 de Junio se desarrolla en la ciudad de Nador el quinto Foro Social Magreb\u00ed sobre la migraci\u00f3n bajo el lema &quot;Nunca m\u00e1s Barrio Chino. Por\" \/>\n<meta property=\"og:url\" content=\"https:\/\/www.pressenza.com\/es\/2023\/06\/5-foro-social-magrebi-sobre-la-migracion-se-desarrolla-en-nador-marruecos\/\" \/>\n<meta property=\"og:site_name\" content=\"Pressenza\" \/>\n<meta property=\"article:publisher\" content=\"https:\/\/www.facebook.com\/PressenzaItalia\" \/>\n<meta property=\"article:author\" content=\"https:\/\/www.facebook.com\/pressenza\" \/>\n<meta property=\"article:published_time\" content=\"2023-06-23T22:43:58+00:00\" \/>\n<meta property=\"og:image\" content=\"https:\/\/www.pressenza.com\/wp-content\/uploads\/2023\/06\/Forum-Maroc-23-06-2023-765x265-1.png\" \/>\n\t<meta property=\"og:image:width\" content=\"765\" \/>\n\t<meta property=\"og:image:height\" content=\"265\" \/>\n\t<meta property=\"og:image:type\" content=\"image\/png\" \/>\n<meta name=\"author\" content=\"Pressenza IPA\" \/>\n<meta name=\"twitter:card\" content=\"summary_large_image\" \/>\n<meta name=\"twitter:creator\" content=\"@PressenzaIPA\" \/>\n<meta name=\"twitter:site\" content=\"@PressenzaIPA\" \/>\n<meta name=\"twitter:label1\" content=\"Escrito por\" \/>\n\t<meta name=\"twitter:data1\" content=\"Pressenza IPA\" \/>\n\t<meta name=\"twitter:label2\" content=\"Tiempo de lectura\" \/>\n\t<meta name=\"twitter:data2\" content=\"2 minutos\" \/>\n<script type=\"application\/ld+json\" class=\"yoast-schema-graph\">{\"@context\":\"https:\/\/schema.org\",\"@graph\":[{\"@type\":\"Article\",\"@id\":\"https:\/\/www.pressenza.com\/es\/2023\/06\/5-foro-social-magrebi-sobre-la-migracion-se-desarrolla-en-nador-marruecos\/#article\",\"isPartOf\":{\"@id\":\"https:\/\/www.pressenza.com\/es\/2023\/06\/5-foro-social-magrebi-sobre-la-migracion-se-desarrolla-en-nador-marruecos\/\"},\"author\":{\"name\":\"Pressenza IPA\",\"@id\":\"https:\/\/www.pressenza.com\/es\/#\/schema\/person\/010e5d02bcf40965427a1289a4cc8d75\"},\"headline\":\"5\u00b0 Foro Social Magreb\u00ed sobre la migraci\u00f3n se desarrolla en Nador, Marruecos\",\"datePublished\":\"2023-06-23T22:43:58+00:00\",\"mainEntityOfPage\":{\"@id\":\"https:\/\/www.pressenza.com\/es\/2023\/06\/5-foro-social-magrebi-sobre-la-migracion-se-desarrolla-en-nador-marruecos\/\"},\"wordCount\":417,\"publisher\":{\"@id\":\"https:\/\/www.pressenza.com\/es\/#organization\"},\"image\":{\"@id\":\"https:\/\/www.pressenza.com\/es\/2023\/06\/5-foro-social-magrebi-sobre-la-migracion-se-desarrolla-en-nador-marruecos\/#primaryimage\"},\"thumbnailUrl\":\"https:\/\/www.pressenza.com\/wp-content\/uploads\/2023\/06\/Forum-Maroc-23-06-2023-765x265-1.png\",\"keywords\":[\"Derechos humanos\",\"Espa\u00f1a\",\"Melilla\",\"pol\u00edticas inhumanas de migraci\u00f3n\",\"Uni\u00f3n Europea\"],\"articleSection\":[\"Africa\",\"Contenido Original\",\"Migrantes\"],\"inLanguage\":\"es\"},{\"@type\":\"WebPage\",\"@id\":\"https:\/\/www.pressenza.com\/es\/2023\/06\/5-foro-social-magrebi-sobre-la-migracion-se-desarrolla-en-nador-marruecos\/\",\"url\":\"https:\/\/www.pressenza.com\/es\/2023\/06\/5-foro-social-magrebi-sobre-la-migracion-se-desarrolla-en-nador-marruecos\/\",\"name\":\"5\u00b0 Foro Social Magreb\u00ed sobre la migraci\u00f3n se desarrolla en Nador, Marruecos\",\"isPartOf\":{\"@id\":\"https:\/\/www.pressenza.com\/es\/#website\"},\"primaryImageOfPage\":{\"@id\":\"https:\/\/www.pressenza.com\/es\/2023\/06\/5-foro-social-magrebi-sobre-la-migracion-se-desarrolla-en-nador-marruecos\/#primaryimage\"},\"image\":{\"@id\":\"https:\/\/www.pressenza.com\/es\/2023\/06\/5-foro-social-magrebi-sobre-la-migracion-se-desarrolla-en-nador-marruecos\/#primaryimage\"},\"thumbnailUrl\":\"https:\/\/www.pressenza.com\/wp-content\/uploads\/2023\/06\/Forum-Maroc-23-06-2023-765x265-1.png\",\"datePublished\":\"2023-06-23T22:43:58+00:00\",\"description\":\"Desde el 23 al 25 de Junio se desarrolla en la ciudad de Nador el quinto Foro Social Magreb\u00ed sobre la migraci\u00f3n bajo el lema \\\"Nunca m\u00e1s Barrio Chino. Por\",\"breadcrumb\":{\"@id\":\"https:\/\/www.pressenza.com\/es\/2023\/06\/5-foro-social-magrebi-sobre-la-migracion-se-desarrolla-en-nador-marruecos\/#breadcrumb\"},\"inLanguage\":\"es\",\"potentialAction\":[{\"@type\":\"ReadAction\",\"target\":[\"https:\/\/www.pressenza.com\/es\/2023\/06\/5-foro-social-magrebi-sobre-la-migracion-se-desarrolla-en-nador-marruecos\/\"]}]},{\"@type\":\"ImageObject\",\"inLanguage\":\"es\",\"@id\":\"https:\/\/www.pressenza.com\/es\/2023\/06\/5-foro-social-magrebi-sobre-la-migracion-se-desarrolla-en-nador-marruecos\/#primaryimage\",\"url\":\"https:\/\/www.pressenza.com\/wp-content\/uploads\/2023\/06\/Forum-Maroc-23-06-2023-765x265-1.png\",\"contentUrl\":\"https:\/\/www.pressenza.com\/wp-content\/uploads\/2023\/06\/Forum-Maroc-23-06-2023-765x265-1.png\",\"width\":765,\"height\":265},{\"@type\":\"BreadcrumbList\",\"@id\":\"https:\/\/www.pressenza.com\/es\/2023\/06\/5-foro-social-magrebi-sobre-la-migracion-se-desarrolla-en-nador-marruecos\/#breadcrumb\",\"itemListElement\":[{\"@type\":\"ListItem\",\"position\":1,\"name\":\"Accueil\",\"item\":\"https:\/\/www.pressenza.com\/es\/\"},{\"@type\":\"ListItem\",\"position\":2,\"name\":\"5\u00b0 Foro Social Magreb\u00ed sobre la migraci\u00f3n se desarrolla en Nador, Marruecos\"}]},{\"@type\":\"WebSite\",\"@id\":\"https:\/\/www.pressenza.com\/es\/#website\",\"url\":\"https:\/\/www.pressenza.com\/es\/\",\"name\":\"Pressenza\",\"description\":\"International Press Agency\",\"publisher\":{\"@id\":\"https:\/\/www.pressenza.com\/es\/#organization\"},\"potentialAction\":[{\"@type\":\"SearchAction\",\"target\":{\"@type\":\"EntryPoint\",\"urlTemplate\":\"https:\/\/www.pressenza.com\/es\/?s={search_term_string}\"},\"query-input\":{\"@type\":\"PropertyValueSpecification\",\"valueRequired\":true,\"valueName\":\"search_term_string\"}}],\"inLanguage\":\"es\"},{\"@type\":\"Organization\",\"@id\":\"https:\/\/www.pressenza.com\/es\/#organization\",\"name\":\"Pressenza\",\"url\":\"https:\/\/www.pressenza.com\/es\/\",\"logo\":{\"@type\":\"ImageObject\",\"inLanguage\":\"es\",\"@id\":\"https:\/\/www.pressenza.com\/es\/#\/schema\/logo\/image\/\",\"url\":\"https:\/\/www.pressenza.com\/wp-content\/uploads\/2022\/10\/pressenza_logo_200x200.jpg\",\"contentUrl\":\"https:\/\/www.pressenza.com\/wp-content\/uploads\/2022\/10\/pressenza_logo_200x200.jpg\",\"width\":200,\"height\":200,\"caption\":\"Pressenza\"},\"image\":{\"@id\":\"https:\/\/www.pressenza.com\/es\/#\/schema\/logo\/image\/\"},\"sameAs\":[\"https:\/\/www.facebook.com\/PressenzaItalia\",\"https:\/\/x.com\/PressenzaIPA\"]},{\"@type\":\"Person\",\"@id\":\"https:\/\/www.pressenza.com\/es\/#\/schema\/person\/010e5d02bcf40965427a1289a4cc8d75\",\"name\":\"Pressenza IPA\",\"description\":\"News from Pressenza IPA correspondents\",\"sameAs\":[\"https:\/\/www.facebook.com\/pressenza\",\"https:\/\/x.com\/PressenzaIPA\"],\"url\":\"https:\/\/www.pressenza.com\/es\/author\/pressenza-ipa\/\"}]}<\/script>\n<!-- \/ Yoast SEO plugin. -->","yoast_head_json":{"title":"5\u00b0 Foro Social Magreb\u00ed sobre la migraci\u00f3n se desarrolla en Nador, Marruecos","description":"Desde el 23 al 25 de Junio se desarrolla en la ciudad de Nador el quinto Foro Social Magreb\u00ed sobre la migraci\u00f3n bajo el lema \"Nunca m\u00e1s Barrio Chino. Por","robots":{"index":"index","follow":"follow","max-snippet":"max-snippet:-1","max-image-preview":"max-image-preview:large","max-video-preview":"max-video-preview:-1"},"canonical":"https:\/\/www.pressenza.com\/es\/2023\/06\/5-foro-social-magrebi-sobre-la-migracion-se-desarrolla-en-nador-marruecos\/","og_locale":"es_ES","og_type":"article","og_title":"5\u00b0 Foro Social Magreb\u00ed sobre la migraci\u00f3n se desarrolla en Nador, Marruecos","og_description":"Desde el 23 al 25 de Junio se desarrolla en la ciudad de Nador el quinto Foro Social Magreb\u00ed sobre la migraci\u00f3n bajo el lema \"Nunca m\u00e1s Barrio Chino. Por","og_url":"https:\/\/www.pressenza.com\/es\/2023\/06\/5-foro-social-magrebi-sobre-la-migracion-se-desarrolla-en-nador-marruecos\/","og_site_name":"Pressenza","article_publisher":"https:\/\/www.facebook.com\/PressenzaItalia","article_author":"https:\/\/www.facebook.com\/pressenza","article_published_time":"2023-06-23T22:43:58+00:00","og_image":[{"width":765,"height":265,"url":"https:\/\/www.pressenza.com\/wp-content\/uploads\/2023\/06\/Forum-Maroc-23-06-2023-765x265-1.png","type":"image\/png"}],"author":"Pressenza IPA","twitter_card":"summary_large_image","twitter_creator":"@PressenzaIPA","twitter_site":"@PressenzaIPA","twitter_misc":{"Escrito por":"Pressenza IPA","Tiempo de lectura":"2 minutos"},"schema":{"@context":"https:\/\/schema.org","@graph":[{"@type":"Article","@id":"https:\/\/www.pressenza.com\/es\/2023\/06\/5-foro-social-magrebi-sobre-la-migracion-se-desarrolla-en-nador-marruecos\/#article","isPartOf":{"@id":"https:\/\/www.pressenza.com\/es\/2023\/06\/5-foro-social-magrebi-sobre-la-migracion-se-desarrolla-en-nador-marruecos\/"},"author":{"name":"Pressenza IPA","@id":"https:\/\/www.pressenza.com\/es\/#\/schema\/person\/010e5d02bcf40965427a1289a4cc8d75"},"headline":"5\u00b0 Foro Social Magreb\u00ed sobre la migraci\u00f3n se desarrolla en Nador, Marruecos","datePublished":"2023-06-23T22:43:58+00:00","mainEntityOfPage":{"@id":"https:\/\/www.pressenza.com\/es\/2023\/06\/5-foro-social-magrebi-sobre-la-migracion-se-desarrolla-en-nador-marruecos\/"},"wordCount":417,"publisher":{"@id":"https:\/\/www.pressenza.com\/es\/#organization"},"image":{"@id":"https:\/\/www.pressenza.com\/es\/2023\/06\/5-foro-social-magrebi-sobre-la-migracion-se-desarrolla-en-nador-marruecos\/#primaryimage"},"thumbnailUrl":"https:\/\/www.pressenza.com\/wp-content\/uploads\/2023\/06\/Forum-Maroc-23-06-2023-765x265-1.png","keywords":["Derechos humanos","Espa\u00f1a","Melilla","pol\u00edticas inhumanas de migraci\u00f3n","Uni\u00f3n Europea"],"articleSection":["Africa","Contenido Original","Migrantes"],"inLanguage":"es"},{"@type":"WebPage","@id":"https:\/\/www.pressenza.com\/es\/2023\/06\/5-foro-social-magrebi-sobre-la-migracion-se-desarrolla-en-nador-marruecos\/","url":"https:\/\/www.pressenza.com\/es\/2023\/06\/5-foro-social-magrebi-sobre-la-migracion-se-desarrolla-en-nador-marruecos\/","name":"5\u00b0 Foro Social Magreb\u00ed sobre la migraci\u00f3n se desarrolla en Nador, Marruecos","isPartOf":{"@id":"https:\/\/www.pressenza.com\/es\/#website"},"primaryImageOfPage":{"@id":"https:\/\/www.pressenza.com\/es\/2023\/06\/5-foro-social-magrebi-sobre-la-migracion-se-desarrolla-en-nador-marruecos\/#primaryimage"},"image":{"@id":"https:\/\/www.pressenza.com\/es\/2023\/06\/5-foro-social-magrebi-sobre-la-migracion-se-desarrolla-en-nador-marruecos\/#primaryimage"},"thumbnailUrl":"https:\/\/www.pressenza.com\/wp-content\/uploads\/2023\/06\/Forum-Maroc-23-06-2023-765x265-1.png","datePublished":"2023-06-23T22:43:58+00:00","description":"Desde el 23 al 25 de Junio se desarrolla en la ciudad de Nador el quinto Foro Social Magreb\u00ed sobre la migraci\u00f3n bajo el lema \"Nunca m\u00e1s Barrio Chino. Por","breadcrumb":{"@id":"https:\/\/www.pressenza.com\/es\/2023\/06\/5-foro-social-magrebi-sobre-la-migracion-se-desarrolla-en-nador-marruecos\/#breadcrumb"},"inLanguage":"es","potentialAction":[{"@type":"ReadAction","target":["https:\/\/www.pressenza.com\/es\/2023\/06\/5-foro-social-magrebi-sobre-la-migracion-se-desarrolla-en-nador-marruecos\/"]}]},{"@type":"ImageObject","inLanguage":"es","@id":"https:\/\/www.pressenza.com\/es\/2023\/06\/5-foro-social-magrebi-sobre-la-migracion-se-desarrolla-en-nador-marruecos\/#primaryimage","url":"https:\/\/www.pressenza.com\/wp-content\/uploads\/2023\/06\/Forum-Maroc-23-06-2023-765x265-1.png","contentUrl":"https:\/\/www.pressenza.com\/wp-content\/uploads\/2023\/06\/Forum-Maroc-23-06-2023-765x265-1.png","width":765,"height":265},{"@type":"BreadcrumbList","@id":"https:\/\/www.pressenza.com\/es\/2023\/06\/5-foro-social-magrebi-sobre-la-migracion-se-desarrolla-en-nador-marruecos\/#breadcrumb","itemListElement":[{"@type":"ListItem","position":1,"name":"Accueil","item":"https:\/\/www.pressenza.com\/es\/"},{"@type":"ListItem","position":2,"name":"5\u00b0 Foro Social Magreb\u00ed sobre la migraci\u00f3n se desarrolla en Nador, Marruecos"}]},{"@type":"WebSite","@id":"https:\/\/www.pressenza.com\/es\/#website","url":"https:\/\/www.pressenza.com\/es\/","name":"Pressenza","description":"International Press Agency","publisher":{"@id":"https:\/\/www.pressenza.com\/es\/#organization"},"potentialAction":[{"@type":"SearchAction","target":{"@type":"EntryPoint","urlTemplate":"https:\/\/www.pressenza.com\/es\/?s={search_term_string}"},"query-input":{"@type":"PropertyValueSpecification","valueRequired":true,"valueName":"search_term_string"}}],"inLanguage":"es"},{"@type":"Organization","@id":"https:\/\/www.pressenza.com\/es\/#organization","name":"Pressenza","url":"https:\/\/www.pressenza.com\/es\/","logo":{"@type":"ImageObject","inLanguage":"es","@id":"https:\/\/www.pressenza.com\/es\/#\/schema\/logo\/image\/","url":"https:\/\/www.pressenza.com\/wp-content\/uploads\/2022\/10\/pressenza_logo_200x200.jpg","contentUrl":"https:\/\/www.pressenza.com\/wp-content\/uploads\/2022\/10\/pressenza_logo_200x200.jpg","width":200,"height":200,"caption":"Pressenza"},"image":{"@id":"https:\/\/www.pressenza.com\/es\/#\/schema\/logo\/image\/"},"sameAs":["https:\/\/www.facebook.com\/PressenzaItalia","https:\/\/x.com\/PressenzaIPA"]},{"@type":"Person","@id":"https:\/\/www.pressenza.com\/es\/#\/schema\/person\/010e5d02bcf40965427a1289a4cc8d75","name":"Pressenza IPA","description":"News from Pressenza IPA correspondents","sameAs":["https:\/\/www.facebook.com\/pressenza","https:\/\/x.com\/PressenzaIPA"],"url":"https:\/\/www.pressenza.com\/es\/author\/pressenza-ipa\/"}]}},"place":"Nador, Marruecos","original_article_url":"","_links":{"self":[{"href":"https:\/\/www.pressenza.com\/es\/wp-json\/wp\/v2\/posts\/1747714","targetHints":{"allow":["GET"]}}],"collection":[{"href":"https:\/\/www.pressenza.com\/es\/wp-json\/wp\/v2\/posts"}],"about":[{"href":"https:\/\/www.pressenza.com\/es\/wp-json\/wp\/v2\/types\/post"}],"author":[{"embeddable":true,"href":"https:\/\/www.pressenza.com\/es\/wp-json\/wp\/v2\/users\/19"}],"replies":[{"embeddable":true,"href":"https:\/\/www.pressenza.com\/es\/wp-json\/wp\/v2\/comments?post=1747714"}],"version-history":[{"count":0,"href":"https:\/\/www.pressenza.com\/es\/wp-json\/wp\/v2\/posts\/1747714\/revisions"}],"wp:featuredmedia":[{"embeddable":true,"href":"https:\/\/www.pressenza.com\/es\/wp-json\/wp\/v2\/media\/1747715"}],"wp:attachment":[{"href":"https:\/\/www.pressenza.com\/es\/wp-json\/wp\/v2\/media?parent=1747714"}],"wp:term":[{"taxonomy":"category","embeddable":true,"href":"https:\/\/www.pressenza.com\/es\/wp-json\/wp\/v2\/categories?post=1747714"},{"taxonomy":"post_tag","embeddable":true,"href":"https:\/\/www.pressenza.com\/es\/wp-json\/wp\/v2\/tags?post=1747714"}],"curies":[{"name":"wp","href":"https:\/\/api.w.org\/{rel}","templated":true}]}}