{"id":1747507,"date":"2023-06-22T19:07:02","date_gmt":"2023-06-22T18:07:02","guid":{"rendered":"https:\/\/www.pressenza.com\/?p=1747507"},"modified":"2023-06-22T19:07:02","modified_gmt":"2023-06-22T18:07:02","slug":"6o-congreso-internacional-contra-las-bases-militares-y-la-guerra-el-23-de-junio","status":"publish","type":"post","link":"https:\/\/www.pressenza.com\/es\/2023\/06\/6o-congreso-internacional-contra-las-bases-militares-y-la-guerra-el-23-de-junio\/","title":{"rendered":"6\u00ba Congreso Internacional contra las Bases Militares y la Guerra el 23 de junio"},"content":{"rendered":"<p>La Red Internacional contra las Bases Militares Globales, fundada en 2018, organiza este a\u00f1o el 6\u00ba Congreso Internacional contra las Bases Militares y la Guerra. Pressenza participa en la mesa redonda.<\/p>\n<p>Sin bases militares mundiales, las guerras no ser\u00edan posibles. Por eso, el cierre de estas bases y su transformaci\u00f3n es un objetivo fundamental del movimiento pacifista internacional. Estados Unidos opera m\u00e1s de 800 bases de este tipo en todo el mundo, legitimadas por tratados con los Estados estacionantes. Estos tratados pueden rescindirse con \u00e9xito, como demuestran los ejemplos de Am\u00e9rica Latina y Asia Central.<\/p>\n<p>Este a\u00f1o, la atenci\u00f3n se centrar\u00e1 en el papel de las bases militares en el conflicto de Ucrania. Est\u00e1n previstas dos mesas redondas. El primero se centrar\u00e1 en el papel de Alemania como plataforma para la guerra de Ucrania. La segunda mesa redonda tendr\u00e1 una visi\u00f3n global de la guerra y abordar\u00e1 tambi\u00e9n los puntos de vista del Sur global y de Asia. Otro tema central ser\u00e1 la evaluaci\u00f3n jur\u00eddica de la guerra de Ucrania. \u00bfC\u00f3mo debe analizarse la guerra de Ucrania desde el punto de vista del derecho internacional? \u00bfC\u00f3mo evaluar los suministros de armas, las sanciones y el apoyo en general a las partes en conflicto con arreglo a la ley de neutralidad? \u00bfQu\u00e9 acciones convierten a un Estado en parte del conflicto? En este debate, Antonio Carvallo, miembro del equipo editorial de Pressenza y tutor de cursos sobre periodismo no violento, presentar\u00e1 la perspectiva del \u00abSur Global\u00bb y el Nuevo Humanismo.<\/p>\n<p>El Congreso Internacional tendr\u00e1 lugar en formato h\u00edbrido. Tambi\u00e9n es posible la participaci\u00f3n en l\u00ednea. <a href=\"https:\/\/us02web.zoom.us\/meeting\/register\/tZcucuGvqjovHtRKFlhU3FRQvOZxxvgsGTmY#\/registration\">Inscripci\u00f3n en Zoom<\/a><\/p>\n<p><strong>Panel 1: Alemania como plataforma para la guerra de Ucrania<\/strong><\/p>\n<p>La base a\u00e9rea de Ramstein desempe\u00f1a un papel clave en la guerra de Ucrania. El llamado Grupo de Contacto para el Apoyo Militar a Ucrania se re\u00fane regularmente en la Base A\u00e9rea de Ramstein. Adem\u00e1s, la base a\u00e9rea alberga el cuartel general de las Fuerzas A\u00e9reas de Estados Unidos en Europa y \u00c1frica, as\u00ed como el Mando A\u00e9reo Aliado de la OTAN. Pocos d\u00edas despu\u00e9s de la invasi\u00f3n rusa de Ucrania, se instal\u00f3 en el EUCOM estadounidense un centro de operaciones que funciona las 24 horas del d\u00eda, el ECCU (Eucom Control Center Ukraine). Adem\u00e1s, se est\u00e1 entrenando a soldados ucranianos en varias bases militares estadounidenses y alemanas.<\/p>\n<p>con<br \/>\nKarl-Heinz Peil (Alemania, <a href=\"https:\/\/frieden-und-zukunft.de\/\">Friedens- und Zukunftswerkstatt e.V.<\/a>)<br \/>\nReiner Braun (Alemania, <a href=\"https:\/\/www.ipb.org\/\">IPB<\/a>)<br \/>\nClaudia Haydt (Alemania, Vicepresidenta de la <a href=\"https:\/\/www.european-left.org\/\">Izquierda Europea<\/a>)<\/p>\n<p><strong>Panel 2: \u00bfLa valoraci\u00f3n pol\u00edtica y jur\u00eddica de la guerra de Ucrania?<\/strong><\/p>\n<p>Los representantes de los gobiernos occidentales y los medios de comunicaci\u00f3n transmiten la imagen de que la comunidad mundial est\u00e1 unida sobre el curso de la guerra, las entregas de armas y las sanciones. Queremos dar una mirada global a la guerra y abordar los puntos de vista de la comunidad internacional, especialmente del Sur Global. Al hacerlo, tambi\u00e9n debatiremos la cuesti\u00f3n de qu\u00e9 papel desempe\u00f1an las bases militares en los conflictos mundiales. Adem\u00e1s, queremos aclarar las valoraciones jur\u00eddicas de la guerra de Ucrania. \u00bfC\u00f3mo debe analizarse la guerra de Ucrania desde el punto de vista del derecho internacional? \u00bfC\u00f3mo evaluar los suministros de armas, las sanciones y el apoyo en general a las partes en conflicto con arreglo a la ley de neutralidad? \u00bfQu\u00e9 acciones convierten a un Estado en parte en el conflicto?<\/p>\n<p>con<\/p>\n<p>Antonio Carvallo (Chile, <a href=\"https:\/\/worldhumanistforum.org\/\">Foro Humanista Mundial Asia<\/a>, <a href=\"https:\/\/www.pressenza.com\/\">Pressenza<\/a>)<br \/>\nJulieta Daza (Venezuela, periodista, activista)<br \/>\nKate Hudson (Reino Unido, <a href=\"https:\/\/cnduk.org\/\">CND<\/a>, <a href=\"https:\/\/www.transform-network.net\/\">Transform!<\/a>)<br \/>\nAlain Rouy (Francia, <a href=\"https:\/\/www.mvtpaix.org\/wordpress\/\">Mouvement de la Paix<\/a>, <a href=\"https:\/\/www.ipb.org\/\">IPB<\/a>, <a href=\"https:\/\/www.european-left.org\/\">Izquierda Europea<\/a>)<br \/>\nAmela Skiljan (Alemania, <a href=\"https:\/\/www.ialana.de\/\">IALANA<\/a>)<\/p>\n<p>M\u00e1s informaci\u00f3n sobre el congreso, el programa y la inscripci\u00f3n al evento en l\u00ednea: <a href=\"https:\/\/www.stoppramstein.de\/event\/23-juni-6-internationaler-kongress-gegen-militaerbasen-und-krieg\/\">https:\/\/www.stoppramstein.de\/event\/23-juni-6-internationaler-kongress-gegen-militaerbasen-und-krieg\/<\/a><\/p>\n","protected":false},"excerpt":{"rendered":"<p>La Red Internacional contra las Bases Militares Globales, fundada en 2018, organiza este a\u00f1o el 6\u00ba Congreso Internacional contra las Bases Militares y la Guerra. Pressenza participa en la mesa redonda. Sin bases militares mundiales, las guerras no ser\u00edan posibles.&hellip;<\/p>\n","protected":false},"author":1095,"featured_media":1747509,"comment_status":"closed","ping_status":"closed","sticky":false,"template":"","format":"standard","meta":{"footnotes":""},"categories":[149,11389,39,1243],"tags":[17588,21194,709,924],"class_list":["post-1747507","post","type-post","status-publish","format-standard","has-post-thumbnail","hentry","category-comunicados-de-prensa","category-contenido-original","category-internacional","category-paz-desarme","tag-bases-militares","tag-congreso","tag-desarme","tag-otan"],"yoast_head":"<!-- This site is optimized with the Yoast SEO plugin v27.1.1 - https:\/\/yoast.com\/product\/yoast-seo-wordpress\/ -->\n<title>6\u00ba Congreso Internacional contra las Bases Militares y la Guerra el 23 de junio<\/title>\n<meta name=\"description\" content=\"La Red Internacional contra las Bases Militares Globales, fundada en 2018, organiza este a\u00f1o el 6\u00ba Congreso Internacional contra las Bases Militares y la\" \/>\n<meta name=\"robots\" content=\"index, follow, max-snippet:-1, max-image-preview:large, max-video-preview:-1\" \/>\n<link rel=\"canonical\" href=\"https:\/\/www.pressenza.com\/es\/2023\/06\/6o-congreso-internacional-contra-las-bases-militares-y-la-guerra-el-23-de-junio\/\" \/>\n<meta property=\"og:locale\" content=\"es_ES\" \/>\n<meta property=\"og:type\" content=\"article\" \/>\n<meta property=\"og:title\" content=\"6\u00ba Congreso Internacional contra las Bases Militares y la Guerra el 23 de junio\" \/>\n<meta property=\"og:description\" content=\"La Red Internacional contra las Bases Militares Globales, fundada en 2018, organiza este a\u00f1o el 6\u00ba Congreso Internacional contra las Bases Militares y la\" \/>\n<meta property=\"og:url\" content=\"https:\/\/www.pressenza.com\/es\/2023\/06\/6o-congreso-internacional-contra-las-bases-militares-y-la-guerra-el-23-de-junio\/\" \/>\n<meta property=\"og:site_name\" content=\"Pressenza\" \/>\n<meta property=\"article:publisher\" content=\"https:\/\/www.facebook.com\/PressenzaItalia\" \/>\n<meta property=\"article:author\" content=\"https:\/\/www.facebook.com\/Pressenza-Deutschland-sterreich-Schweiz-281675388658060\/timeline\/\" \/>\n<meta property=\"article:published_time\" content=\"2023-06-22T18:07:02+00:00\" \/>\n<meta property=\"og:image\" content=\"https:\/\/www.pressenza.com\/wp-content\/uploads\/2023\/06\/U.S._Air_Force_C-130_Hercules_aircraft_sit_on_the_flight_line_at_Ramstein_Air_Base_in_Germany_Sept_140903-F-YC884-465-720x415-1.jpg\" \/>\n\t<meta property=\"og:image:width\" content=\"820\" \/>\n\t<meta property=\"og:image:height\" content=\"473\" \/>\n\t<meta property=\"og:image:type\" content=\"image\/jpeg\" \/>\n<meta name=\"author\" content=\"Pressenza Berlin\" \/>\n<meta name=\"twitter:card\" content=\"summary_large_image\" \/>\n<meta name=\"twitter:creator\" content=\"@pressenza_ger\" \/>\n<meta name=\"twitter:site\" content=\"@PressenzaIPA\" \/>\n<meta name=\"twitter:label1\" content=\"Escrito por\" \/>\n\t<meta name=\"twitter:data1\" content=\"Pressenza Berlin\" \/>\n\t<meta name=\"twitter:label2\" content=\"Tiempo de lectura\" \/>\n\t<meta name=\"twitter:data2\" content=\"3 minutos\" \/>\n<script type=\"application\/ld+json\" class=\"yoast-schema-graph\">{\"@context\":\"https:\/\/schema.org\",\"@graph\":[{\"@type\":\"Article\",\"@id\":\"https:\/\/www.pressenza.com\/es\/2023\/06\/6o-congreso-internacional-contra-las-bases-militares-y-la-guerra-el-23-de-junio\/#article\",\"isPartOf\":{\"@id\":\"https:\/\/www.pressenza.com\/es\/2023\/06\/6o-congreso-internacional-contra-las-bases-militares-y-la-guerra-el-23-de-junio\/\"},\"author\":{\"name\":\"Pressenza Berlin\",\"@id\":\"https:\/\/www.pressenza.com\/es\/#\/schema\/person\/57bb5480943a496a7722b0248e4b658a\"},\"headline\":\"6\u00ba Congreso Internacional contra las Bases Militares y la Guerra el 23 de junio\",\"datePublished\":\"2023-06-22T18:07:02+00:00\",\"mainEntityOfPage\":{\"@id\":\"https:\/\/www.pressenza.com\/es\/2023\/06\/6o-congreso-internacional-contra-las-bases-militares-y-la-guerra-el-23-de-junio\/\"},\"wordCount\":661,\"publisher\":{\"@id\":\"https:\/\/www.pressenza.com\/es\/#organization\"},\"image\":{\"@id\":\"https:\/\/www.pressenza.com\/es\/2023\/06\/6o-congreso-internacional-contra-las-bases-militares-y-la-guerra-el-23-de-junio\/#primaryimage\"},\"thumbnailUrl\":\"https:\/\/www.pressenza.com\/wp-content\/uploads\/2023\/06\/U.S._Air_Force_C-130_Hercules_aircraft_sit_on_the_flight_line_at_Ramstein_Air_Base_in_Germany_Sept_140903-F-YC884-465-720x415-1.jpg\",\"keywords\":[\"bases militares\",\"Congreso\",\"Desarme\",\"OTAN\"],\"articleSection\":[\"Comunicados de Prensa\",\"Contenido Original\",\"Internacional\",\"Paz y Desarme\"],\"inLanguage\":\"es\"},{\"@type\":\"WebPage\",\"@id\":\"https:\/\/www.pressenza.com\/es\/2023\/06\/6o-congreso-internacional-contra-las-bases-militares-y-la-guerra-el-23-de-junio\/\",\"url\":\"https:\/\/www.pressenza.com\/es\/2023\/06\/6o-congreso-internacional-contra-las-bases-militares-y-la-guerra-el-23-de-junio\/\",\"name\":\"6\u00ba Congreso Internacional contra las Bases Militares y la Guerra el 23 de junio\",\"isPartOf\":{\"@id\":\"https:\/\/www.pressenza.com\/es\/#website\"},\"primaryImageOfPage\":{\"@id\":\"https:\/\/www.pressenza.com\/es\/2023\/06\/6o-congreso-internacional-contra-las-bases-militares-y-la-guerra-el-23-de-junio\/#primaryimage\"},\"image\":{\"@id\":\"https:\/\/www.pressenza.com\/es\/2023\/06\/6o-congreso-internacional-contra-las-bases-militares-y-la-guerra-el-23-de-junio\/#primaryimage\"},\"thumbnailUrl\":\"https:\/\/www.pressenza.com\/wp-content\/uploads\/2023\/06\/U.S._Air_Force_C-130_Hercules_aircraft_sit_on_the_flight_line_at_Ramstein_Air_Base_in_Germany_Sept_140903-F-YC884-465-720x415-1.jpg\",\"datePublished\":\"2023-06-22T18:07:02+00:00\",\"description\":\"La Red Internacional contra las Bases Militares Globales, fundada en 2018, organiza este a\u00f1o el 6\u00ba Congreso Internacional contra las Bases Militares y la\",\"breadcrumb\":{\"@id\":\"https:\/\/www.pressenza.com\/es\/2023\/06\/6o-congreso-internacional-contra-las-bases-militares-y-la-guerra-el-23-de-junio\/#breadcrumb\"},\"inLanguage\":\"es\",\"potentialAction\":[{\"@type\":\"ReadAction\",\"target\":[\"https:\/\/www.pressenza.com\/es\/2023\/06\/6o-congreso-internacional-contra-las-bases-militares-y-la-guerra-el-23-de-junio\/\"]}]},{\"@type\":\"ImageObject\",\"inLanguage\":\"es\",\"@id\":\"https:\/\/www.pressenza.com\/es\/2023\/06\/6o-congreso-internacional-contra-las-bases-militares-y-la-guerra-el-23-de-junio\/#primaryimage\",\"url\":\"https:\/\/www.pressenza.com\/wp-content\/uploads\/2023\/06\/U.S._Air_Force_C-130_Hercules_aircraft_sit_on_the_flight_line_at_Ramstein_Air_Base_in_Germany_Sept_140903-F-YC884-465-720x415-1.jpg\",\"contentUrl\":\"https:\/\/www.pressenza.com\/wp-content\/uploads\/2023\/06\/U.S._Air_Force_C-130_Hercules_aircraft_sit_on_the_flight_line_at_Ramstein_Air_Base_in_Germany_Sept_140903-F-YC884-465-720x415-1.jpg\",\"width\":820,\"height\":473,\"caption\":\": U.S. Air Force C-130 Hercules aircraft sit on the flight line at Ramstein Air Base in Germany\"},{\"@type\":\"BreadcrumbList\",\"@id\":\"https:\/\/www.pressenza.com\/es\/2023\/06\/6o-congreso-internacional-contra-las-bases-militares-y-la-guerra-el-23-de-junio\/#breadcrumb\",\"itemListElement\":[{\"@type\":\"ListItem\",\"position\":1,\"name\":\"Accueil\",\"item\":\"https:\/\/www.pressenza.com\/es\/\"},{\"@type\":\"ListItem\",\"position\":2,\"name\":\"6\u00ba Congreso Internacional contra las Bases Militares y la Guerra el 23 de junio\"}]},{\"@type\":\"WebSite\",\"@id\":\"https:\/\/www.pressenza.com\/es\/#website\",\"url\":\"https:\/\/www.pressenza.com\/es\/\",\"name\":\"Pressenza\",\"description\":\"International Press Agency\",\"publisher\":{\"@id\":\"https:\/\/www.pressenza.com\/es\/#organization\"},\"potentialAction\":[{\"@type\":\"SearchAction\",\"target\":{\"@type\":\"EntryPoint\",\"urlTemplate\":\"https:\/\/www.pressenza.com\/es\/?s={search_term_string}\"},\"query-input\":{\"@type\":\"PropertyValueSpecification\",\"valueRequired\":true,\"valueName\":\"search_term_string\"}}],\"inLanguage\":\"es\"},{\"@type\":\"Organization\",\"@id\":\"https:\/\/www.pressenza.com\/es\/#organization\",\"name\":\"Pressenza\",\"url\":\"https:\/\/www.pressenza.com\/es\/\",\"logo\":{\"@type\":\"ImageObject\",\"inLanguage\":\"es\",\"@id\":\"https:\/\/www.pressenza.com\/es\/#\/schema\/logo\/image\/\",\"url\":\"https:\/\/www.pressenza.com\/wp-content\/uploads\/2022\/10\/pressenza_logo_200x200.jpg\",\"contentUrl\":\"https:\/\/www.pressenza.com\/wp-content\/uploads\/2022\/10\/pressenza_logo_200x200.jpg\",\"width\":200,\"height\":200,\"caption\":\"Pressenza\"},\"image\":{\"@id\":\"https:\/\/www.pressenza.com\/es\/#\/schema\/logo\/image\/\"},\"sameAs\":[\"https:\/\/www.facebook.com\/PressenzaItalia\",\"https:\/\/x.com\/PressenzaIPA\"]},{\"@type\":\"Person\",\"@id\":\"https:\/\/www.pressenza.com\/es\/#\/schema\/person\/57bb5480943a496a7722b0248e4b658a\",\"name\":\"Pressenza Berlin\",\"description\":\"News from the Pressenza Bureau in Berlin, Germany\",\"sameAs\":[\"https:\/\/www.facebook.com\/Pressenza-Deutschland-sterreich-Schweiz-281675388658060\/timeline\/\",\"https:\/\/x.com\/pressenza_ger\"],\"url\":\"https:\/\/www.pressenza.com\/es\/author\/pressenza-berlin\/\"}]}<\/script>\n<!-- \/ Yoast SEO plugin. -->","yoast_head_json":{"title":"6\u00ba Congreso Internacional contra las Bases Militares y la Guerra el 23 de junio","description":"La Red Internacional contra las Bases Militares Globales, fundada en 2018, organiza este a\u00f1o el 6\u00ba Congreso Internacional contra las Bases Militares y la","robots":{"index":"index","follow":"follow","max-snippet":"max-snippet:-1","max-image-preview":"max-image-preview:large","max-video-preview":"max-video-preview:-1"},"canonical":"https:\/\/www.pressenza.com\/es\/2023\/06\/6o-congreso-internacional-contra-las-bases-militares-y-la-guerra-el-23-de-junio\/","og_locale":"es_ES","og_type":"article","og_title":"6\u00ba Congreso Internacional contra las Bases Militares y la Guerra el 23 de junio","og_description":"La Red Internacional contra las Bases Militares Globales, fundada en 2018, organiza este a\u00f1o el 6\u00ba Congreso Internacional contra las Bases Militares y la","og_url":"https:\/\/www.pressenza.com\/es\/2023\/06\/6o-congreso-internacional-contra-las-bases-militares-y-la-guerra-el-23-de-junio\/","og_site_name":"Pressenza","article_publisher":"https:\/\/www.facebook.com\/PressenzaItalia","article_author":"https:\/\/www.facebook.com\/Pressenza-Deutschland-sterreich-Schweiz-281675388658060\/timeline\/","article_published_time":"2023-06-22T18:07:02+00:00","og_image":[{"width":820,"height":473,"url":"https:\/\/www.pressenza.com\/wp-content\/uploads\/2023\/06\/U.S._Air_Force_C-130_Hercules_aircraft_sit_on_the_flight_line_at_Ramstein_Air_Base_in_Germany_Sept_140903-F-YC884-465-720x415-1.jpg","type":"image\/jpeg"}],"author":"Pressenza Berlin","twitter_card":"summary_large_image","twitter_creator":"@pressenza_ger","twitter_site":"@PressenzaIPA","twitter_misc":{"Escrito por":"Pressenza Berlin","Tiempo de lectura":"3 minutos"},"schema":{"@context":"https:\/\/schema.org","@graph":[{"@type":"Article","@id":"https:\/\/www.pressenza.com\/es\/2023\/06\/6o-congreso-internacional-contra-las-bases-militares-y-la-guerra-el-23-de-junio\/#article","isPartOf":{"@id":"https:\/\/www.pressenza.com\/es\/2023\/06\/6o-congreso-internacional-contra-las-bases-militares-y-la-guerra-el-23-de-junio\/"},"author":{"name":"Pressenza Berlin","@id":"https:\/\/www.pressenza.com\/es\/#\/schema\/person\/57bb5480943a496a7722b0248e4b658a"},"headline":"6\u00ba Congreso Internacional contra las Bases Militares y la Guerra el 23 de junio","datePublished":"2023-06-22T18:07:02+00:00","mainEntityOfPage":{"@id":"https:\/\/www.pressenza.com\/es\/2023\/06\/6o-congreso-internacional-contra-las-bases-militares-y-la-guerra-el-23-de-junio\/"},"wordCount":661,"publisher":{"@id":"https:\/\/www.pressenza.com\/es\/#organization"},"image":{"@id":"https:\/\/www.pressenza.com\/es\/2023\/06\/6o-congreso-internacional-contra-las-bases-militares-y-la-guerra-el-23-de-junio\/#primaryimage"},"thumbnailUrl":"https:\/\/www.pressenza.com\/wp-content\/uploads\/2023\/06\/U.S._Air_Force_C-130_Hercules_aircraft_sit_on_the_flight_line_at_Ramstein_Air_Base_in_Germany_Sept_140903-F-YC884-465-720x415-1.jpg","keywords":["bases militares","Congreso","Desarme","OTAN"],"articleSection":["Comunicados de Prensa","Contenido Original","Internacional","Paz y Desarme"],"inLanguage":"es"},{"@type":"WebPage","@id":"https:\/\/www.pressenza.com\/es\/2023\/06\/6o-congreso-internacional-contra-las-bases-militares-y-la-guerra-el-23-de-junio\/","url":"https:\/\/www.pressenza.com\/es\/2023\/06\/6o-congreso-internacional-contra-las-bases-militares-y-la-guerra-el-23-de-junio\/","name":"6\u00ba Congreso Internacional contra las Bases Militares y la Guerra el 23 de junio","isPartOf":{"@id":"https:\/\/www.pressenza.com\/es\/#website"},"primaryImageOfPage":{"@id":"https:\/\/www.pressenza.com\/es\/2023\/06\/6o-congreso-internacional-contra-las-bases-militares-y-la-guerra-el-23-de-junio\/#primaryimage"},"image":{"@id":"https:\/\/www.pressenza.com\/es\/2023\/06\/6o-congreso-internacional-contra-las-bases-militares-y-la-guerra-el-23-de-junio\/#primaryimage"},"thumbnailUrl":"https:\/\/www.pressenza.com\/wp-content\/uploads\/2023\/06\/U.S._Air_Force_C-130_Hercules_aircraft_sit_on_the_flight_line_at_Ramstein_Air_Base_in_Germany_Sept_140903-F-YC884-465-720x415-1.jpg","datePublished":"2023-06-22T18:07:02+00:00","description":"La Red Internacional contra las Bases Militares Globales, fundada en 2018, organiza este a\u00f1o el 6\u00ba Congreso Internacional contra las Bases Militares y la","breadcrumb":{"@id":"https:\/\/www.pressenza.com\/es\/2023\/06\/6o-congreso-internacional-contra-las-bases-militares-y-la-guerra-el-23-de-junio\/#breadcrumb"},"inLanguage":"es","potentialAction":[{"@type":"ReadAction","target":["https:\/\/www.pressenza.com\/es\/2023\/06\/6o-congreso-internacional-contra-las-bases-militares-y-la-guerra-el-23-de-junio\/"]}]},{"@type":"ImageObject","inLanguage":"es","@id":"https:\/\/www.pressenza.com\/es\/2023\/06\/6o-congreso-internacional-contra-las-bases-militares-y-la-guerra-el-23-de-junio\/#primaryimage","url":"https:\/\/www.pressenza.com\/wp-content\/uploads\/2023\/06\/U.S._Air_Force_C-130_Hercules_aircraft_sit_on_the_flight_line_at_Ramstein_Air_Base_in_Germany_Sept_140903-F-YC884-465-720x415-1.jpg","contentUrl":"https:\/\/www.pressenza.com\/wp-content\/uploads\/2023\/06\/U.S._Air_Force_C-130_Hercules_aircraft_sit_on_the_flight_line_at_Ramstein_Air_Base_in_Germany_Sept_140903-F-YC884-465-720x415-1.jpg","width":820,"height":473,"caption":": U.S. Air Force C-130 Hercules aircraft sit on the flight line at Ramstein Air Base in Germany"},{"@type":"BreadcrumbList","@id":"https:\/\/www.pressenza.com\/es\/2023\/06\/6o-congreso-internacional-contra-las-bases-militares-y-la-guerra-el-23-de-junio\/#breadcrumb","itemListElement":[{"@type":"ListItem","position":1,"name":"Accueil","item":"https:\/\/www.pressenza.com\/es\/"},{"@type":"ListItem","position":2,"name":"6\u00ba Congreso Internacional contra las Bases Militares y la Guerra el 23 de junio"}]},{"@type":"WebSite","@id":"https:\/\/www.pressenza.com\/es\/#website","url":"https:\/\/www.pressenza.com\/es\/","name":"Pressenza","description":"International Press Agency","publisher":{"@id":"https:\/\/www.pressenza.com\/es\/#organization"},"potentialAction":[{"@type":"SearchAction","target":{"@type":"EntryPoint","urlTemplate":"https:\/\/www.pressenza.com\/es\/?s={search_term_string}"},"query-input":{"@type":"PropertyValueSpecification","valueRequired":true,"valueName":"search_term_string"}}],"inLanguage":"es"},{"@type":"Organization","@id":"https:\/\/www.pressenza.com\/es\/#organization","name":"Pressenza","url":"https:\/\/www.pressenza.com\/es\/","logo":{"@type":"ImageObject","inLanguage":"es","@id":"https:\/\/www.pressenza.com\/es\/#\/schema\/logo\/image\/","url":"https:\/\/www.pressenza.com\/wp-content\/uploads\/2022\/10\/pressenza_logo_200x200.jpg","contentUrl":"https:\/\/www.pressenza.com\/wp-content\/uploads\/2022\/10\/pressenza_logo_200x200.jpg","width":200,"height":200,"caption":"Pressenza"},"image":{"@id":"https:\/\/www.pressenza.com\/es\/#\/schema\/logo\/image\/"},"sameAs":["https:\/\/www.facebook.com\/PressenzaItalia","https:\/\/x.com\/PressenzaIPA"]},{"@type":"Person","@id":"https:\/\/www.pressenza.com\/es\/#\/schema\/person\/57bb5480943a496a7722b0248e4b658a","name":"Pressenza Berlin","description":"News from the Pressenza Bureau in Berlin, Germany","sameAs":["https:\/\/www.facebook.com\/Pressenza-Deutschland-sterreich-Schweiz-281675388658060\/timeline\/","https:\/\/x.com\/pressenza_ger"],"url":"https:\/\/www.pressenza.com\/es\/author\/pressenza-berlin\/"}]}},"place":"Alemania","original_article_url":"","_links":{"self":[{"href":"https:\/\/www.pressenza.com\/es\/wp-json\/wp\/v2\/posts\/1747507","targetHints":{"allow":["GET"]}}],"collection":[{"href":"https:\/\/www.pressenza.com\/es\/wp-json\/wp\/v2\/posts"}],"about":[{"href":"https:\/\/www.pressenza.com\/es\/wp-json\/wp\/v2\/types\/post"}],"author":[{"embeddable":true,"href":"https:\/\/www.pressenza.com\/es\/wp-json\/wp\/v2\/users\/1095"}],"replies":[{"embeddable":true,"href":"https:\/\/www.pressenza.com\/es\/wp-json\/wp\/v2\/comments?post=1747507"}],"version-history":[{"count":0,"href":"https:\/\/www.pressenza.com\/es\/wp-json\/wp\/v2\/posts\/1747507\/revisions"}],"wp:featuredmedia":[{"embeddable":true,"href":"https:\/\/www.pressenza.com\/es\/wp-json\/wp\/v2\/media\/1747509"}],"wp:attachment":[{"href":"https:\/\/www.pressenza.com\/es\/wp-json\/wp\/v2\/media?parent=1747507"}],"wp:term":[{"taxonomy":"category","embeddable":true,"href":"https:\/\/www.pressenza.com\/es\/wp-json\/wp\/v2\/categories?post=1747507"},{"taxonomy":"post_tag","embeddable":true,"href":"https:\/\/www.pressenza.com\/es\/wp-json\/wp\/v2\/tags?post=1747507"}],"curies":[{"name":"wp","href":"https:\/\/api.w.org\/{rel}","templated":true}]}}