{"id":1744810,"date":"2023-06-10T08:28:20","date_gmt":"2023-06-10T07:28:20","guid":{"rendered":"https:\/\/www.pressenza.com\/?p=1744810"},"modified":"2023-06-10T08:30:44","modified_gmt":"2023-06-10T07:30:44","slug":"campana-cvr20-la-justicia-hace-la-paz","status":"publish","type":"post","link":"https:\/\/www.pressenza.com\/es\/2023\/06\/campana-cvr20-la-justicia-hace-la-paz\/","title":{"rendered":"Campa\u00f1a CVR+20 \u201cLa Justicia hace la Paz\u201d"},"content":{"rendered":"<p>Bajo el lema \u201cLa Justicia hace la Paz\u201d, la Coordinadora Nacional de Derechos Humanos (CNDDHH) lanz\u00f3 la Campa\u00f1a CVR+20, por los 20 a\u00f1os de la entrega del Informe de la Comisi\u00f3n de la Verdad y Reconciliaci\u00f3n (CVR) e hizo un llamado al p\u00fablico para reafirmar la defensa por la vida en democracia y la promoci\u00f3n, protecci\u00f3n y defensa de los derechos humanos.<\/p>\n<p>Junto a m\u00e1s de 100 organizaciones sociales, acad\u00e9micas, sindicatos y activistas de los derechos humanos, la CNDDDHH lanz\u00f3 la campa\u00f1a CVR+20 con el objetivo de evaluar el cumplimiento de las recomendaciones del informe, elaboradas luego de la \u00e9poca de violencia terrorista entre 1980 y 2000.<\/p>\n<p>En un breve recuento, se destac\u00f3 avances en el proceso de justicia, ya que luego del informe se cre\u00f3 el subsistema de derechos humanos, se investig\u00f3, proces\u00f3 y encarcel\u00f3 a dictadores y violadores de derechos humanos, subversivos violadores de los derechos humanos tambi\u00e9n presos, y m\u00e1s de la mitad de casos presentados por la CVR procesados actualmente.<\/p>\n<p>En el periodo de violencia pol\u00edtica que vivi\u00f3 el Per\u00fa se ocasionaron graves violaciones a los derechos humanos cometidas por los grupos terroristas Sendero Luminoso, el Movimiento Revolucionario Tupac Amaru (MRTA) y agentes del Estado. El Informe de la CVR concluy\u00f3 que hubieron m\u00e1s de 69 mil muertos y desaparecidos v\u00edctimas de la violencia.<\/p>\n<p>Video: Telesur.<\/p>\n<p>https:\/\/www.youtube.com\/watch?v=LJVB6uFVYZc<\/p>\n","protected":false},"excerpt":{"rendered":"<p>Bajo el lema \u201cLa Justicia hace la Paz\u201d, la Coordinadora Nacional de Derechos Humanos (CNDDHH) lanz\u00f3 la Campa\u00f1a CVR+20, por los 20 a\u00f1os de la entrega del Informe de la Comisi\u00f3n de la Verdad y Reconciliaci\u00f3n (CVR) e hizo un&hellip;<\/p>\n","protected":false},"author":831,"featured_media":1744813,"comment_status":"closed","ping_status":"closed","sticky":false,"template":"","format":"standard","meta":{"footnotes":""},"categories":[11389,79,106739,1242,1243,67],"tags":[113514,398,113515,419,8461,350,21436],"class_list":["post-1744810","post","type-post","status-publish","format-standard","has-post-thumbnail","hentry","category-contenido-original","category-derechos-humanos","category-noticia","category-noviolencia-tema","category-paz-desarme","category-sudamerica","tag-cvr20","tag-justicia","tag-mrta","tag-paz","tag-sendero-luminoso","tag-terrorismo-es","tag-violencia-politica"],"yoast_head":"<!-- This site is optimized with the Yoast SEO plugin v27.1.1 - https:\/\/yoast.com\/product\/yoast-seo-wordpress\/ -->\n<title>Campa\u00f1a CVR+20 \u201cLa Justicia hace la Paz\u201d<\/title>\n<meta name=\"description\" content=\"Bajo el lema \u201cLa Justicia hace la Paz\u201d, la Coordinadora Nacional de Derechos Humanos (CNDDHH) lanz\u00f3 la Campa\u00f1a CVR+20, por los 20 a\u00f1os de la entrega del\" \/>\n<meta name=\"robots\" content=\"index, follow, max-snippet:-1, max-image-preview:large, max-video-preview:-1\" \/>\n<link rel=\"canonical\" href=\"https:\/\/www.pressenza.com\/es\/2023\/06\/campana-cvr20-la-justicia-hace-la-paz\/\" \/>\n<meta property=\"og:locale\" content=\"es_ES\" \/>\n<meta property=\"og:type\" content=\"article\" \/>\n<meta property=\"og:title\" content=\"Campa\u00f1a CVR+20 \u201cLa Justicia hace la Paz\u201d\" \/>\n<meta property=\"og:description\" content=\"Bajo el lema \u201cLa Justicia hace la Paz\u201d, la Coordinadora Nacional de Derechos Humanos (CNDDHH) lanz\u00f3 la Campa\u00f1a CVR+20, por los 20 a\u00f1os de la entrega del\" \/>\n<meta property=\"og:url\" content=\"https:\/\/www.pressenza.com\/es\/2023\/06\/campana-cvr20-la-justicia-hace-la-paz\/\" \/>\n<meta property=\"og:site_name\" content=\"Pressenza\" \/>\n<meta property=\"article:publisher\" content=\"https:\/\/www.facebook.com\/PressenzaItalia\" \/>\n<meta property=\"article:published_time\" content=\"2023-06-10T07:28:20+00:00\" \/>\n<meta property=\"article:modified_time\" content=\"2023-06-10T07:30:44+00:00\" \/>\n<meta property=\"og:image\" content=\"https:\/\/www.pressenza.com\/wp-content\/uploads\/2023\/06\/campana.jpg\" \/>\n\t<meta property=\"og:image:width\" content=\"1500\" \/>\n\t<meta property=\"og:image:height\" content=\"573\" \/>\n\t<meta property=\"og:image:type\" content=\"image\/jpeg\" \/>\n<meta name=\"author\" content=\"Redacci\u00f3n Per\u00fa\" \/>\n<meta name=\"twitter:card\" content=\"summary_large_image\" \/>\n<meta name=\"twitter:creator\" content=\"@PressenzaIPA\" \/>\n<meta name=\"twitter:site\" content=\"@PressenzaIPA\" \/>\n<meta name=\"twitter:label1\" content=\"Escrito por\" \/>\n\t<meta name=\"twitter:data1\" content=\"Redacci\u00f3n Per\u00fa\" \/>\n\t<meta name=\"twitter:label2\" content=\"Tiempo de lectura\" \/>\n\t<meta name=\"twitter:data2\" content=\"2 minutos\" \/>\n<script type=\"application\/ld+json\" class=\"yoast-schema-graph\">{\"@context\":\"https:\/\/schema.org\",\"@graph\":[{\"@type\":\"Article\",\"@id\":\"https:\/\/www.pressenza.com\/es\/2023\/06\/campana-cvr20-la-justicia-hace-la-paz\/#article\",\"isPartOf\":{\"@id\":\"https:\/\/www.pressenza.com\/es\/2023\/06\/campana-cvr20-la-justicia-hace-la-paz\/\"},\"author\":{\"name\":\"Redacci\u00f3n Per\u00fa\",\"@id\":\"https:\/\/www.pressenza.com\/es\/#\/schema\/person\/e86c29a41185b85084a478822f5de81b\"},\"headline\":\"Campa\u00f1a CVR+20 \u201cLa Justicia hace la Paz\u201d\",\"datePublished\":\"2023-06-10T07:28:20+00:00\",\"dateModified\":\"2023-06-10T07:30:44+00:00\",\"mainEntityOfPage\":{\"@id\":\"https:\/\/www.pressenza.com\/es\/2023\/06\/campana-cvr20-la-justicia-hace-la-paz\/\"},\"wordCount\":246,\"publisher\":{\"@id\":\"https:\/\/www.pressenza.com\/es\/#organization\"},\"image\":{\"@id\":\"https:\/\/www.pressenza.com\/es\/2023\/06\/campana-cvr20-la-justicia-hace-la-paz\/#primaryimage\"},\"thumbnailUrl\":\"https:\/\/www.pressenza.com\/wp-content\/uploads\/2023\/06\/campana.jpg\",\"keywords\":[\"CVR+20\",\"justicia\",\"MRTA\",\"Paz\",\"sendero luminoso\",\"terrorismo\",\"Violencia pol\u00edtica\"],\"articleSection\":[\"Contenido Original\",\"Derechos Humanos\",\"Noticia\",\"Noviolencia\",\"Paz y Desarme\",\"Sudam\u00e9rica\"],\"inLanguage\":\"es\"},{\"@type\":\"WebPage\",\"@id\":\"https:\/\/www.pressenza.com\/es\/2023\/06\/campana-cvr20-la-justicia-hace-la-paz\/\",\"url\":\"https:\/\/www.pressenza.com\/es\/2023\/06\/campana-cvr20-la-justicia-hace-la-paz\/\",\"name\":\"Campa\u00f1a CVR+20 \u201cLa Justicia hace la Paz\u201d\",\"isPartOf\":{\"@id\":\"https:\/\/www.pressenza.com\/es\/#website\"},\"primaryImageOfPage\":{\"@id\":\"https:\/\/www.pressenza.com\/es\/2023\/06\/campana-cvr20-la-justicia-hace-la-paz\/#primaryimage\"},\"image\":{\"@id\":\"https:\/\/www.pressenza.com\/es\/2023\/06\/campana-cvr20-la-justicia-hace-la-paz\/#primaryimage\"},\"thumbnailUrl\":\"https:\/\/www.pressenza.com\/wp-content\/uploads\/2023\/06\/campana.jpg\",\"datePublished\":\"2023-06-10T07:28:20+00:00\",\"dateModified\":\"2023-06-10T07:30:44+00:00\",\"description\":\"Bajo el lema \u201cLa Justicia hace la Paz\u201d, la Coordinadora Nacional de Derechos Humanos (CNDDHH) lanz\u00f3 la Campa\u00f1a CVR+20, por los 20 a\u00f1os de la entrega del\",\"breadcrumb\":{\"@id\":\"https:\/\/www.pressenza.com\/es\/2023\/06\/campana-cvr20-la-justicia-hace-la-paz\/#breadcrumb\"},\"inLanguage\":\"es\",\"potentialAction\":[{\"@type\":\"ReadAction\",\"target\":[\"https:\/\/www.pressenza.com\/es\/2023\/06\/campana-cvr20-la-justicia-hace-la-paz\/\"]}]},{\"@type\":\"ImageObject\",\"inLanguage\":\"es\",\"@id\":\"https:\/\/www.pressenza.com\/es\/2023\/06\/campana-cvr20-la-justicia-hace-la-paz\/#primaryimage\",\"url\":\"https:\/\/www.pressenza.com\/wp-content\/uploads\/2023\/06\/campana.jpg\",\"contentUrl\":\"https:\/\/www.pressenza.com\/wp-content\/uploads\/2023\/06\/campana.jpg\",\"width\":1500,\"height\":573},{\"@type\":\"BreadcrumbList\",\"@id\":\"https:\/\/www.pressenza.com\/es\/2023\/06\/campana-cvr20-la-justicia-hace-la-paz\/#breadcrumb\",\"itemListElement\":[{\"@type\":\"ListItem\",\"position\":1,\"name\":\"Accueil\",\"item\":\"https:\/\/www.pressenza.com\/es\/\"},{\"@type\":\"ListItem\",\"position\":2,\"name\":\"Campa\u00f1a CVR+20 \u201cLa Justicia hace la Paz\u201d\"}]},{\"@type\":\"WebSite\",\"@id\":\"https:\/\/www.pressenza.com\/es\/#website\",\"url\":\"https:\/\/www.pressenza.com\/es\/\",\"name\":\"Pressenza\",\"description\":\"International Press Agency\",\"publisher\":{\"@id\":\"https:\/\/www.pressenza.com\/es\/#organization\"},\"potentialAction\":[{\"@type\":\"SearchAction\",\"target\":{\"@type\":\"EntryPoint\",\"urlTemplate\":\"https:\/\/www.pressenza.com\/es\/?s={search_term_string}\"},\"query-input\":{\"@type\":\"PropertyValueSpecification\",\"valueRequired\":true,\"valueName\":\"search_term_string\"}}],\"inLanguage\":\"es\"},{\"@type\":\"Organization\",\"@id\":\"https:\/\/www.pressenza.com\/es\/#organization\",\"name\":\"Pressenza\",\"url\":\"https:\/\/www.pressenza.com\/es\/\",\"logo\":{\"@type\":\"ImageObject\",\"inLanguage\":\"es\",\"@id\":\"https:\/\/www.pressenza.com\/es\/#\/schema\/logo\/image\/\",\"url\":\"https:\/\/www.pressenza.com\/wp-content\/uploads\/2022\/10\/pressenza_logo_200x200.jpg\",\"contentUrl\":\"https:\/\/www.pressenza.com\/wp-content\/uploads\/2022\/10\/pressenza_logo_200x200.jpg\",\"width\":200,\"height\":200,\"caption\":\"Pressenza\"},\"image\":{\"@id\":\"https:\/\/www.pressenza.com\/es\/#\/schema\/logo\/image\/\"},\"sameAs\":[\"https:\/\/www.facebook.com\/PressenzaItalia\",\"https:\/\/x.com\/PressenzaIPA\"]},{\"@type\":\"Person\",\"@id\":\"https:\/\/www.pressenza.com\/es\/#\/schema\/person\/e86c29a41185b85084a478822f5de81b\",\"name\":\"Redacci\u00f3n Per\u00fa\",\"description\":\"News published by the Pressenza bureau in Peru\",\"url\":\"https:\/\/www.pressenza.com\/es\/author\/redaccion-peru\/\"}]}<\/script>\n<!-- \/ Yoast SEO plugin. -->","yoast_head_json":{"title":"Campa\u00f1a CVR+20 \u201cLa Justicia hace la Paz\u201d","description":"Bajo el lema \u201cLa Justicia hace la Paz\u201d, la Coordinadora Nacional de Derechos Humanos (CNDDHH) lanz\u00f3 la Campa\u00f1a CVR+20, por los 20 a\u00f1os de la entrega del","robots":{"index":"index","follow":"follow","max-snippet":"max-snippet:-1","max-image-preview":"max-image-preview:large","max-video-preview":"max-video-preview:-1"},"canonical":"https:\/\/www.pressenza.com\/es\/2023\/06\/campana-cvr20-la-justicia-hace-la-paz\/","og_locale":"es_ES","og_type":"article","og_title":"Campa\u00f1a CVR+20 \u201cLa Justicia hace la Paz\u201d","og_description":"Bajo el lema \u201cLa Justicia hace la Paz\u201d, la Coordinadora Nacional de Derechos Humanos (CNDDHH) lanz\u00f3 la Campa\u00f1a CVR+20, por los 20 a\u00f1os de la entrega del","og_url":"https:\/\/www.pressenza.com\/es\/2023\/06\/campana-cvr20-la-justicia-hace-la-paz\/","og_site_name":"Pressenza","article_publisher":"https:\/\/www.facebook.com\/PressenzaItalia","article_published_time":"2023-06-10T07:28:20+00:00","article_modified_time":"2023-06-10T07:30:44+00:00","og_image":[{"width":1500,"height":573,"url":"https:\/\/www.pressenza.com\/wp-content\/uploads\/2023\/06\/campana.jpg","type":"image\/jpeg"}],"author":"Redacci\u00f3n Per\u00fa","twitter_card":"summary_large_image","twitter_creator":"@PressenzaIPA","twitter_site":"@PressenzaIPA","twitter_misc":{"Escrito por":"Redacci\u00f3n Per\u00fa","Tiempo de lectura":"2 minutos"},"schema":{"@context":"https:\/\/schema.org","@graph":[{"@type":"Article","@id":"https:\/\/www.pressenza.com\/es\/2023\/06\/campana-cvr20-la-justicia-hace-la-paz\/#article","isPartOf":{"@id":"https:\/\/www.pressenza.com\/es\/2023\/06\/campana-cvr20-la-justicia-hace-la-paz\/"},"author":{"name":"Redacci\u00f3n Per\u00fa","@id":"https:\/\/www.pressenza.com\/es\/#\/schema\/person\/e86c29a41185b85084a478822f5de81b"},"headline":"Campa\u00f1a CVR+20 \u201cLa Justicia hace la Paz\u201d","datePublished":"2023-06-10T07:28:20+00:00","dateModified":"2023-06-10T07:30:44+00:00","mainEntityOfPage":{"@id":"https:\/\/www.pressenza.com\/es\/2023\/06\/campana-cvr20-la-justicia-hace-la-paz\/"},"wordCount":246,"publisher":{"@id":"https:\/\/www.pressenza.com\/es\/#organization"},"image":{"@id":"https:\/\/www.pressenza.com\/es\/2023\/06\/campana-cvr20-la-justicia-hace-la-paz\/#primaryimage"},"thumbnailUrl":"https:\/\/www.pressenza.com\/wp-content\/uploads\/2023\/06\/campana.jpg","keywords":["CVR+20","justicia","MRTA","Paz","sendero luminoso","terrorismo","Violencia pol\u00edtica"],"articleSection":["Contenido Original","Derechos Humanos","Noticia","Noviolencia","Paz y Desarme","Sudam\u00e9rica"],"inLanguage":"es"},{"@type":"WebPage","@id":"https:\/\/www.pressenza.com\/es\/2023\/06\/campana-cvr20-la-justicia-hace-la-paz\/","url":"https:\/\/www.pressenza.com\/es\/2023\/06\/campana-cvr20-la-justicia-hace-la-paz\/","name":"Campa\u00f1a CVR+20 \u201cLa Justicia hace la Paz\u201d","isPartOf":{"@id":"https:\/\/www.pressenza.com\/es\/#website"},"primaryImageOfPage":{"@id":"https:\/\/www.pressenza.com\/es\/2023\/06\/campana-cvr20-la-justicia-hace-la-paz\/#primaryimage"},"image":{"@id":"https:\/\/www.pressenza.com\/es\/2023\/06\/campana-cvr20-la-justicia-hace-la-paz\/#primaryimage"},"thumbnailUrl":"https:\/\/www.pressenza.com\/wp-content\/uploads\/2023\/06\/campana.jpg","datePublished":"2023-06-10T07:28:20+00:00","dateModified":"2023-06-10T07:30:44+00:00","description":"Bajo el lema \u201cLa Justicia hace la Paz\u201d, la Coordinadora Nacional de Derechos Humanos (CNDDHH) lanz\u00f3 la Campa\u00f1a CVR+20, por los 20 a\u00f1os de la entrega del","breadcrumb":{"@id":"https:\/\/www.pressenza.com\/es\/2023\/06\/campana-cvr20-la-justicia-hace-la-paz\/#breadcrumb"},"inLanguage":"es","potentialAction":[{"@type":"ReadAction","target":["https:\/\/www.pressenza.com\/es\/2023\/06\/campana-cvr20-la-justicia-hace-la-paz\/"]}]},{"@type":"ImageObject","inLanguage":"es","@id":"https:\/\/www.pressenza.com\/es\/2023\/06\/campana-cvr20-la-justicia-hace-la-paz\/#primaryimage","url":"https:\/\/www.pressenza.com\/wp-content\/uploads\/2023\/06\/campana.jpg","contentUrl":"https:\/\/www.pressenza.com\/wp-content\/uploads\/2023\/06\/campana.jpg","width":1500,"height":573},{"@type":"BreadcrumbList","@id":"https:\/\/www.pressenza.com\/es\/2023\/06\/campana-cvr20-la-justicia-hace-la-paz\/#breadcrumb","itemListElement":[{"@type":"ListItem","position":1,"name":"Accueil","item":"https:\/\/www.pressenza.com\/es\/"},{"@type":"ListItem","position":2,"name":"Campa\u00f1a CVR+20 \u201cLa Justicia hace la Paz\u201d"}]},{"@type":"WebSite","@id":"https:\/\/www.pressenza.com\/es\/#website","url":"https:\/\/www.pressenza.com\/es\/","name":"Pressenza","description":"International Press Agency","publisher":{"@id":"https:\/\/www.pressenza.com\/es\/#organization"},"potentialAction":[{"@type":"SearchAction","target":{"@type":"EntryPoint","urlTemplate":"https:\/\/www.pressenza.com\/es\/?s={search_term_string}"},"query-input":{"@type":"PropertyValueSpecification","valueRequired":true,"valueName":"search_term_string"}}],"inLanguage":"es"},{"@type":"Organization","@id":"https:\/\/www.pressenza.com\/es\/#organization","name":"Pressenza","url":"https:\/\/www.pressenza.com\/es\/","logo":{"@type":"ImageObject","inLanguage":"es","@id":"https:\/\/www.pressenza.com\/es\/#\/schema\/logo\/image\/","url":"https:\/\/www.pressenza.com\/wp-content\/uploads\/2022\/10\/pressenza_logo_200x200.jpg","contentUrl":"https:\/\/www.pressenza.com\/wp-content\/uploads\/2022\/10\/pressenza_logo_200x200.jpg","width":200,"height":200,"caption":"Pressenza"},"image":{"@id":"https:\/\/www.pressenza.com\/es\/#\/schema\/logo\/image\/"},"sameAs":["https:\/\/www.facebook.com\/PressenzaItalia","https:\/\/x.com\/PressenzaIPA"]},{"@type":"Person","@id":"https:\/\/www.pressenza.com\/es\/#\/schema\/person\/e86c29a41185b85084a478822f5de81b","name":"Redacci\u00f3n Per\u00fa","description":"News published by the Pressenza bureau in Peru","url":"https:\/\/www.pressenza.com\/es\/author\/redaccion-peru\/"}]}},"place":"","original_article_url":"","_links":{"self":[{"href":"https:\/\/www.pressenza.com\/es\/wp-json\/wp\/v2\/posts\/1744810","targetHints":{"allow":["GET"]}}],"collection":[{"href":"https:\/\/www.pressenza.com\/es\/wp-json\/wp\/v2\/posts"}],"about":[{"href":"https:\/\/www.pressenza.com\/es\/wp-json\/wp\/v2\/types\/post"}],"author":[{"embeddable":true,"href":"https:\/\/www.pressenza.com\/es\/wp-json\/wp\/v2\/users\/831"}],"replies":[{"embeddable":true,"href":"https:\/\/www.pressenza.com\/es\/wp-json\/wp\/v2\/comments?post=1744810"}],"version-history":[{"count":0,"href":"https:\/\/www.pressenza.com\/es\/wp-json\/wp\/v2\/posts\/1744810\/revisions"}],"wp:featuredmedia":[{"embeddable":true,"href":"https:\/\/www.pressenza.com\/es\/wp-json\/wp\/v2\/media\/1744813"}],"wp:attachment":[{"href":"https:\/\/www.pressenza.com\/es\/wp-json\/wp\/v2\/media?parent=1744810"}],"wp:term":[{"taxonomy":"category","embeddable":true,"href":"https:\/\/www.pressenza.com\/es\/wp-json\/wp\/v2\/categories?post=1744810"},{"taxonomy":"post_tag","embeddable":true,"href":"https:\/\/www.pressenza.com\/es\/wp-json\/wp\/v2\/tags?post=1744810"}],"curies":[{"name":"wp","href":"https:\/\/api.w.org\/{rel}","templated":true}]}}