{"id":1744788,"date":"2023-06-10T06:13:54","date_gmt":"2023-06-10T05:13:54","guid":{"rendered":"https:\/\/www.pressenza.com\/?p=1744788"},"modified":"2023-06-10T06:16:39","modified_gmt":"2023-06-10T05:16:39","slug":"argentina-proyecto-7-hoy-guerra-a-la-inflacion","status":"publish","type":"post","link":"https:\/\/www.pressenza.com\/es\/2023\/06\/argentina-proyecto-7-hoy-guerra-a-la-inflacion\/","title":{"rendered":"Argentina. Proyecto 7: Guerra a la inflaci\u00f3n"},"content":{"rendered":"<p>La organizaci\u00f3n Proyecto 7 mont\u00f3 una verduler\u00eda y una panader\u00eda en uno de sus centros de integraci\u00f3n en Buenos Aires. La iniciativa genera trabajo y ayuda a los vecinos a comprar barato.<\/p>\n<p>Corr\u00eda el mes de marzo de 2022 cuando el presidente de Argentina, Alberto Fern\u00e1ndez,\u00a0<a href=\"https:\/\/actualidad.rt.com\/actualidad\/423975-alberto-fernandez-prometer-iniciar-guerra-inflacion-alza-alimentos\" target=\"_blank\" rel=\"noopener noreferrer\">declar\u00f3<\/a>\u00a0una \u00abguerra a la inflaci\u00f3n\u00bb, una de las principales problem\u00e1ticas que atraviesa el pa\u00eds por el constante aumento de precios. Por entonces, la medici\u00f3n mensual del Instituto Nacional de Estad\u00edstica y Censos (Indec) marcaba un 4,7 % y el acumulado interanual llegaba a 52,3 %.<\/p>\n<p>M\u00e1s de un a\u00f1o despu\u00e9s de aquel anuncio, la guerra no solo se perdi\u00f3, sino que\u00a0<strong>el &#8216;enemigo&#8217; se hizo mucho m\u00e1s fuerte<\/strong>. En abril, el \u00cdndice de Precios al Consumidor (IPC) fue de\u00a0<a href=\"https:\/\/actualidad.rt.com\/actualidad\/466853-argentina-registrar-inflacion-interanual-mas-alta\" target=\"_blank\" rel=\"noopener noreferrer\">8,4 %<\/a>\u00a0y trep\u00f3 a 108,8 % en los \u00faltimos 12 meses. El impacto se siente en el bolsillo de las familias m\u00e1s pobres, que a la hora de comprar alimentos notan que el dinero nunca alcanza.<\/p>\n<figure class=\"RTImage-root\">\n<div class=\"RTImage-image RTImage-original\"><picture class=\"Picture-root Picture-original\"><img decoding=\"async\" class=\"Picture-root Picture-original lazyautosizes lazyloaded\" src=\"https:\/\/mf.b37mrtl.ru\/actualidad\/public_images\/2023.06\/original\/647f6de3e9ff7155ae4fe020.jpg\" sizes=\"912px\" alt=\"\" data-sizes=\"auto\" data-src=\"https:\/\/mf.b37mrtl.ru\/actualidad\/public_images\/2023.06\/original\/647f6de3e9ff7155ae4fe020.jpg\" \/><\/picture><\/div><figcaption class=\"RTImage-footer\"><span class=\"RTImage-caption\"><span class=\"RTImage-captionItem\">El Centro de Integraci\u00f3n Ernesto &#8216;Che&#8217; Guevara lleg\u00f3 a albergar 70 personas en situaci\u00f3n de calle durante la pandemia de covid-19<\/span><\/span><span class=\"RTImage-source\"><a class=\"RTImage-captionItem Link-root\" href=\"https:\/\/www.instagram.com\/waltersilvaph\/\" target=\"_blank\" rel=\"noopener noreferrer\">Walter Silva<\/a><\/span><\/figcaption><\/figure>\n<p>Desde hace 20 a\u00f1os, Horacio \u00c1vila es el referente de\u00a0<a href=\"https:\/\/proyecto7.org\/\" target=\"_blank\" rel=\"noopener noreferrer\">Proyecto 7<\/a>, una organizaci\u00f3n integrada y coordinada por personas en situaci\u00f3n de calle \u2014como lo fue \u00e9l\u2014, que hoy cuenta con cuatro centros de integraci\u00f3n en la ciudad de Buenos Aires. En uno de ellos, ubicado en el barrio de Barracas, han montado una verduler\u00eda, una panader\u00eda y una f\u00e1brica de alfajores que son un \u00e9xito: los &#8216;Bocacalle&#8217;. El concepto es claro: ofrecer precios accesibles para los vecinos del barrio, y a la vez generar trabajo para los compa\u00f1eros que llegan pidiendo ayuda a la organizaci\u00f3n.<\/p>\n<p>En la puerta del lugar, dos pizarras escritas con tizas de colores invitan al p\u00fablico a comprar productos de buena calidad, a bajo costo: &#8216;Hoy guerra a la inflaci\u00f3n&#8217;, dice uno de los carteles con cierta iron\u00eda.<\/p>\n<figure class=\"RTImage-root\">\n<div class=\"RTImage-image RTImage-original\"><picture class=\"Picture-root Picture-original\"><source srcset=\" https:\/\/mf.b37mrtl.ru\/actualidad\/public_images\/2023.06\/original\/647f777de9ff71547c00ed71.jpg 850w, https:\/\/mf.b37mrtl.ru\/actualidad\/public_images\/2023.06\/original\/647f777de9ff71547c00ed71.jpg 1960w, \" media=\"(-webkit-min-device-pixel-ratio: 2) and (min-resolution: 120dpi)\" sizes=\"912px\" data-srcset=\" https:\/\/mf.b37mrtl.ru\/actualidad\/public_images\/2023.06\/original\/647f777de9ff71547c00ed71.jpg 850w, https:\/\/mf.b37mrtl.ru\/actualidad\/public_images\/2023.06\/original\/647f777de9ff71547c00ed71.jpg 1960w, \" \/><source srcset=\" https:\/\/mf.b37mrtl.ru\/actualidad\/public_images\/2023.06\/original\/647f777de9ff71547c00ed71.jpg 460w, https:\/\/mf.b37mrtl.ru\/actualidad\/public_images\/2023.06\/original\/647f777de9ff71547c00ed71.jpg 980w, \" sizes=\"912px\" data-srcset=\" https:\/\/mf.b37mrtl.ru\/actualidad\/public_images\/2023.06\/original\/647f777de9ff71547c00ed71.jpg 460w, https:\/\/mf.b37mrtl.ru\/actualidad\/public_images\/2023.06\/original\/647f777de9ff71547c00ed71.jpg 980w, \" \/><img decoding=\"async\" class=\"Picture-root Picture-original lazyautosizes lazyloaded\" src=\"https:\/\/mf.b37mrtl.ru\/actualidad\/public_images\/2023.06\/original\/647f777de9ff71547c00ed71.jpg\" sizes=\"912px\" alt=\"\" data-sizes=\"auto\" data-src=\"https:\/\/mf.b37mrtl.ru\/actualidad\/public_images\/2023.06\/original\/647f777de9ff71547c00ed71.jpg\" \/><\/picture><\/div><figcaption class=\"RTImage-footer\"><span class=\"RTImage-caption\"><span class=\"RTImage-captionItem\">Proyecto 7 ofrece alimentos a precios accesibles en su centro de integraci\u00f3n de Barracas, calle San Antonio 971, ciudad de Buenos Aires.<\/span><\/span><span class=\"RTImage-source\"><a class=\"RTImage-captionItem Link-root\" href=\"https:\/\/www.instagram.com\/waltersilvaph\/\" target=\"_blank\" rel=\"noopener noreferrer\">Walter Silva<\/a><\/span><\/figcaption><\/figure>\n<p>\u00abEsta zona de Barracas es muy humilde, hay muchas mujeres con chicos. Te das cuenta que hay gente que no puede comprar un kilo de pan al precio que se vende en otros lados.\u00a0<strong>Nosotros comimos de la basura, sabemos lo que es estar cagado de hambre<\/strong>\u00a0y podemos tratar de facilitar a las familias del barrio que los chicos puedan comer bien\u00bb, dice \u00c1vila a RT.<\/p>\n<p>El Centro de Integraci\u00f3n Complementario Ernesto &#8216;Che&#8217; Guevara, que\u00a0<strong>lleg\u00f3 a albergar 70 personas durante la pandemia de covid-19<\/strong>, no est\u00e1 en un \u00e1rea comercial. Es como una isla en medio de un mont\u00f3n de dep\u00f3sitos y f\u00e1bricas. Es el extremo sur de la ciudad y por sus calles transitan, m\u00e1s que nada, camiones. As\u00ed y todo, la respuesta del p\u00fablico es muy buena, no solo en el lugar sino tambi\u00e9n por las redes sociales.<\/p>\n<figure class=\"RTImage-root\">\n<div class=\"RTImage-image RTImage-original\"><picture class=\"Picture-root Picture-original\"><source srcset=\" https:\/\/mf.b37mrtl.ru\/actualidad\/public_images\/2023.06\/original\/647f6e27e9ff71533e6382c8.jpg 850w, https:\/\/mf.b37mrtl.ru\/actualidad\/public_images\/2023.06\/original\/647f6e27e9ff71533e6382c8.jpg 1960w, \" media=\"(-webkit-min-device-pixel-ratio: 2) and (min-resolution: 120dpi)\" sizes=\"912px\" data-srcset=\" https:\/\/mf.b37mrtl.ru\/actualidad\/public_images\/2023.06\/original\/647f6e27e9ff71533e6382c8.jpg 850w, https:\/\/mf.b37mrtl.ru\/actualidad\/public_images\/2023.06\/original\/647f6e27e9ff71533e6382c8.jpg 1960w, \" \/><source srcset=\" https:\/\/mf.b37mrtl.ru\/actualidad\/public_images\/2023.06\/original\/647f6e27e9ff71533e6382c8.jpg 460w, https:\/\/mf.b37mrtl.ru\/actualidad\/public_images\/2023.06\/original\/647f6e27e9ff71533e6382c8.jpg 980w, \" sizes=\"912px\" data-srcset=\" https:\/\/mf.b37mrtl.ru\/actualidad\/public_images\/2023.06\/original\/647f6e27e9ff71533e6382c8.jpg 460w, https:\/\/mf.b37mrtl.ru\/actualidad\/public_images\/2023.06\/original\/647f6e27e9ff71533e6382c8.jpg 980w, \" \/><img decoding=\"async\" class=\"Picture-root Picture-original lazyautosizes lazyloaded\" src=\"https:\/\/mf.b37mrtl.ru\/actualidad\/public_images\/2023.06\/original\/647f6e27e9ff71533e6382c8.jpg\" sizes=\"912px\" alt=\"\" data-sizes=\"auto\" data-src=\"https:\/\/mf.b37mrtl.ru\/actualidad\/public_images\/2023.06\/original\/647f6e27e9ff71533e6382c8.jpg\" \/><\/picture><\/div><figcaption class=\"RTImage-footer\"><span class=\"RTImage-caption\"><span class=\"RTImage-captionItem\">Horacio \u00c1vila estuvo en situaci\u00f3n de calle y desde hace 20 a\u00f1os es el referente de Proyecto 7<\/span><\/span><span class=\"RTImage-source\"><a class=\"RTImage-captionItem Link-root\" href=\"https:\/\/www.instagram.com\/waltersilvaph\/\" target=\"_blank\" rel=\"noopener noreferrer\">Walter Silva<\/a><\/span><\/figcaption><\/figure>\n<p>\u00abCuesta mucho. Pero vienen desde varias cuadras a buscar verduras, pan. Evidentemente es algo que sirve a la gente porque este es un momento muy complejo.\u00a0<strong>Algunos ni siquiera saben lo que hacemos, pero vienen por los precios<\/strong>. Tal vez ven alguna frase pintada y nos preguntan, as\u00ed que tambi\u00e9n sirve para que nos conozcan\u00bb, dice Horacio.<\/p>\n<h3>Siempre hay salida<\/h3>\n<p>Cris tiene 37 a\u00f1os y lleva 5 viniendo a este lugar. Lleg\u00f3 buscando un refugio porque viv\u00eda en la calle, no por consumo, dice, sino\u00a0<strong>\u00abpor el simple hecho de ser un hombre trans\u00bb<\/strong>.<\/p>\n<p>\u00abMe costaba conseguir trabajo. Yo dej\u00e9 mi casa porque\u00a0<strong>sufr\u00eda violencia de g\u00e9nero<\/strong>. Dej\u00e9 a mis hijos con el otro padre y me fui a la calle. Prefer\u00eda eso a seguir soportando el maltrato f\u00edsico y psicol\u00f3gico\u00bb, cuenta.<\/p>\n<figure class=\"RTImage-root\">\n<div class=\"RTImage-image RTImage-original\"><picture class=\"Picture-root Picture-original\"><source srcset=\" https:\/\/mf.b37mrtl.ru\/actualidad\/public_images\/2023.06\/original\/647f6e5ee9ff71331375b697.jpg 850w, https:\/\/mf.b37mrtl.ru\/actualidad\/public_images\/2023.06\/original\/647f6e5ee9ff71331375b697.jpg 1960w, \" media=\"(-webkit-min-device-pixel-ratio: 2) and (min-resolution: 120dpi)\" sizes=\"912px\" data-srcset=\" https:\/\/mf.b37mrtl.ru\/actualidad\/public_images\/2023.06\/original\/647f6e5ee9ff71331375b697.jpg 850w, https:\/\/mf.b37mrtl.ru\/actualidad\/public_images\/2023.06\/original\/647f6e5ee9ff71331375b697.jpg 1960w, \" \/><source srcset=\" https:\/\/mf.b37mrtl.ru\/actualidad\/public_images\/2023.06\/original\/647f6e5ee9ff71331375b697.jpg 460w, https:\/\/mf.b37mrtl.ru\/actualidad\/public_images\/2023.06\/original\/647f6e5ee9ff71331375b697.jpg 980w, \" sizes=\"912px\" data-srcset=\" https:\/\/mf.b37mrtl.ru\/actualidad\/public_images\/2023.06\/original\/647f6e5ee9ff71331375b697.jpg 460w, https:\/\/mf.b37mrtl.ru\/actualidad\/public_images\/2023.06\/original\/647f6e5ee9ff71331375b697.jpg 980w, \" \/><img decoding=\"async\" class=\"Picture-root Picture-original lazyautosizes lazyloaded\" src=\"https:\/\/mf.b37mrtl.ru\/actualidad\/public_images\/2023.06\/original\/647f6e5ee9ff71331375b697.jpg\" sizes=\"912px\" alt=\"\" data-sizes=\"auto\" data-src=\"https:\/\/mf.b37mrtl.ru\/actualidad\/public_images\/2023.06\/original\/647f6e5ee9ff71331375b697.jpg\" \/><\/picture><\/div><figcaption class=\"RTImage-footer\"><span class=\"RTImage-caption\"><span class=\"RTImage-captionItem\">Cris, el panadero, vivi\u00f3 en la calle y tuvo problemas para conseguir trabajo por ser un hombre trans<\/span><\/span><span class=\"RTImage-source\"><a class=\"RTImage-captionItem Link-root\" href=\"https:\/\/www.instagram.com\/waltersilvaph\/\" target=\"_blank\" rel=\"noopener noreferrer\">Walter Silva<\/a><\/span><\/figcaption><\/figure>\n<p>Hoy, Cris es el encargado de la panader\u00eda. Adora atender a los clientes, se divierte, y aprendi\u00f3 un oficio desde cero, sin experiencia. Cuando termina su horario laboral, regresa a su casa, con sus hijos, ya que pudo recuperarlos, y junto a su nueva pareja.<\/p>\n<p><strong>\u00abAc\u00e1 soy uno m\u00e1s\u00bb<\/strong>, se\u00f1ala y recuerda cuando Horacio lo recibi\u00f3 con los brazos abiertos. Tres a\u00f1os estuvo viviendo en el lugar, nunca se refirieron a \u00e9l como una mujer. \u00abSiempre hay salida, y m\u00e1s de la mano de Proyecto 7\u00bb, dice el panadero de Barracas.<\/p>\n<figure class=\"RTImage-root\">\n<div class=\"RTImage-image RTImage-original\"><picture class=\"Picture-root Picture-original\"><source srcset=\" https:\/\/mf.b37mrtl.ru\/actualidad\/public_images\/2023.06\/original\/647f7819e9ff7133fe411d66.jpg 850w, https:\/\/mf.b37mrtl.ru\/actualidad\/public_images\/2023.06\/original\/647f7819e9ff7133fe411d66.jpg 1960w, \" media=\"(-webkit-min-device-pixel-ratio: 2) and (min-resolution: 120dpi)\" sizes=\"912px\" data-srcset=\" https:\/\/mf.b37mrtl.ru\/actualidad\/public_images\/2023.06\/original\/647f7819e9ff7133fe411d66.jpg 850w, https:\/\/mf.b37mrtl.ru\/actualidad\/public_images\/2023.06\/original\/647f7819e9ff7133fe411d66.jpg 1960w, \" \/><source srcset=\" https:\/\/mf.b37mrtl.ru\/actualidad\/public_images\/2023.06\/original\/647f7819e9ff7133fe411d66.jpg 460w, https:\/\/mf.b37mrtl.ru\/actualidad\/public_images\/2023.06\/original\/647f7819e9ff7133fe411d66.jpg 980w, \" sizes=\"912px\" data-srcset=\" https:\/\/mf.b37mrtl.ru\/actualidad\/public_images\/2023.06\/original\/647f7819e9ff7133fe411d66.jpg 460w, https:\/\/mf.b37mrtl.ru\/actualidad\/public_images\/2023.06\/original\/647f7819e9ff7133fe411d66.jpg 980w, \" \/><img decoding=\"async\" class=\"Picture-root Picture-original lazyautosizes lazyloaded\" src=\"https:\/\/mf.b37mrtl.ru\/actualidad\/public_images\/2023.06\/original\/647f7819e9ff7133fe411d66.jpg\" sizes=\"912px\" alt=\"\" data-sizes=\"auto\" data-src=\"https:\/\/mf.b37mrtl.ru\/actualidad\/public_images\/2023.06\/original\/647f7819e9ff7133fe411d66.jpg\" \/><\/picture><\/div><figcaption class=\"RTImage-footer\"><span class=\"RTImage-caption\"><span class=\"RTImage-captionItem\">Los alfajores &#8216;Bocacalle&#8217; son elaborados artesanalmente por los miembros de Proyecto 7<\/span><\/span><span class=\"RTImage-source\"><a class=\"RTImage-captionItem Link-root\" href=\"https:\/\/www.instagram.com\/waltersilvaph\/\" target=\"_blank\" rel=\"noopener noreferrer\">Walter Silva<\/a><\/span><\/figcaption><\/figure>\n<p>Hace solo tres meses Mat\u00edas estaba en la calle, consumiendo drogas. Tiene 29 a\u00f1os, es quien ahora atiende la verduler\u00eda y est\u00e1 completamente enfocado en trabajar. En la tarde, cuando sale, se va a hacer ejercicio para \u00abdescansar la mente\u00bb.<\/p>\n<p>\u00abPienso que este cambio me jug\u00f3 para bien. Por el equipo que me toc\u00f3 y que est\u00e1 alrededor m\u00edo. Estoy con mucha fuerza de voluntad para no decaer, lejos de las malas influencias que me perjudican y\u00a0<strong>apostando para salir adelante\u00bb<\/strong>, dice el joven oriundo de la provincia de Santa Fe.<\/p>\n<p>Mati est\u00e1 viviendo en otro de los centros de integraci\u00f3n de Proyecto 7, pero asiste cada ma\u00f1ana a trabajar en\u00a0Barracas.<\/p>\n<figure class=\"RTImage-root\">\n<div class=\"RTImage-image RTImage-original\"><picture class=\"Picture-root Picture-original\"><source srcset=\" https:\/\/mf.b37mrtl.ru\/actualidad\/public_images\/2023.06\/original\/647f6ea8e9ff712c5d3f53f5.jpg 850w, https:\/\/mf.b37mrtl.ru\/actualidad\/public_images\/2023.06\/original\/647f6ea8e9ff712c5d3f53f5.jpg 1960w, \" media=\"(-webkit-min-device-pixel-ratio: 2) and (min-resolution: 120dpi)\" sizes=\"912px\" data-srcset=\" https:\/\/mf.b37mrtl.ru\/actualidad\/public_images\/2023.06\/original\/647f6ea8e9ff712c5d3f53f5.jpg 850w, https:\/\/mf.b37mrtl.ru\/actualidad\/public_images\/2023.06\/original\/647f6ea8e9ff712c5d3f53f5.jpg 1960w, \" \/><source srcset=\" https:\/\/mf.b37mrtl.ru\/actualidad\/public_images\/2023.06\/original\/647f6ea8e9ff712c5d3f53f5.jpg 460w, https:\/\/mf.b37mrtl.ru\/actualidad\/public_images\/2023.06\/original\/647f6ea8e9ff712c5d3f53f5.jpg 980w, \" sizes=\"912px\" data-srcset=\" https:\/\/mf.b37mrtl.ru\/actualidad\/public_images\/2023.06\/original\/647f6ea8e9ff712c5d3f53f5.jpg 460w, https:\/\/mf.b37mrtl.ru\/actualidad\/public_images\/2023.06\/original\/647f6ea8e9ff712c5d3f53f5.jpg 980w, \" \/><img decoding=\"async\" class=\"Picture-root Picture-original lazyautosizes lazyloaded\" src=\"https:\/\/mf.b37mrtl.ru\/actualidad\/public_images\/2023.06\/original\/647f6ea8e9ff712c5d3f53f5.jpg\" sizes=\"912px\" alt=\"\" data-sizes=\"auto\" data-src=\"https:\/\/mf.b37mrtl.ru\/actualidad\/public_images\/2023.06\/original\/647f6ea8e9ff712c5d3f53f5.jpg\" \/><\/picture><\/div><figcaption class=\"RTImage-footer\"><span class=\"RTImage-caption\"><span class=\"RTImage-captionItem\">Mat\u00edas asiste todas las ma\u00f1anas a trabajar a la verduler\u00eda de Proyecto 7<\/span><\/span><span class=\"RTImage-source\"><a class=\"RTImage-captionItem Link-root\" href=\"https:\/\/www.instagram.com\/waltersilvaph\/\" target=\"_blank\" rel=\"noopener noreferrer\">Walter Silva<\/a><\/span><\/figcaption><\/figure>\n<h3>Una ley, pocos cambios<\/h3>\n<p>En diciembre de 2021, el Congreso argentino aprob\u00f3 la ley\u00a0<a href=\"https:\/\/www.boletinoficial.gob.ar\/detalleAviso\/primera\/255054\/20211224?busqueda=1\" target=\"_blank\" rel=\"noopener noreferrer\">27.654<\/a>. Seg\u00fan reza el texto de la normativa, \u00abtiene por objeto garantizar integralmente y hacer operativos los derechos humanos de las personas en situaci\u00f3n de calle y en riesgo a la situaci\u00f3n de calle que se encuentren en el territorio de la Rep\u00fablica Argentina\u00bb. La norma\u00a0fue reglamentada reci\u00e9n en abril de 2023.<\/p>\n<p>\u00abNos parece que un a\u00f1o y medio de la aprobaci\u00f3n de la ley es mucho tiempo.\u00a0<strong>Es una problem\u00e1tica muy urgente, que no puede esperar<\/strong>\u00ab, advierte Horacio \u00c1vila. Y aclara que por el momento no se han llevado adelante pol\u00edticas p\u00fablicas para resolver la situaci\u00f3n de la gente sin hogar.<\/p>\n<div class=\"ReadMore-root Section-root Section-is1to3-xs_is1to1\" data-widgets=\"ReadMore\">\n<div class=\"Section-container Section-isRow-isTop-isWrap\">\n<article class=\"Card-root Card-is1to1 \">\n<div class=\"Card-imageWrap\"><\/div>\n<div class=\"Card-contentWrap\">\n<div class=\"Card-content\">\n<div class=\"Card-title\">\n<div class=\"HeaderNews-root HeaderNews-type_6 \">\u00abNos cost\u00f3 m\u00e1s de 10 a\u00f1os de lucha llegar a la aprobaci\u00f3n de la ley. Y se promulg\u00f3 hace poquito porque <strong>muri\u00f3 una beba de una pareja en situaci\u00f3n de calle en la puerta de la Casa Rosada\u00bb<\/strong>, remarca Horacio.<\/div>\n<\/div>\n<\/div>\n<\/div>\n<\/article>\n<\/div>\n<\/div>\n<p>El caso tuvo un alto impacto medi\u00e1tico en Argentina, pero pasados algunos d\u00edas no se supo m\u00e1s nada sobre la suerte de esa familia.\u00a0<strong>\u00abHicieron todo un circo y despu\u00e9s se olvidaron\u00bb<\/strong>, se queja \u00c1vila. Y agrega que siempre tiene que pasar una tragedia para que el Estado reaccione.<\/p>\n<p>Hern\u00e1n y Brenda son los pap\u00e1s de la beba fallecida y ahora est\u00e1n viviendo en este centro de Barracas. Les quitaron la custodia de\u00a0sus otros hijos, que est\u00e1n en institutos de menores, y ahora siguen en tr\u00e1mites\u00a0en un juzgado para\u00a0ver si los pueden volver a tener.<\/p>\n<p><strong>\u00abEst\u00e1n ac\u00e1 con nosotros hace menos de un mes. Y est\u00e1n perfectos, dejaron de consumir<\/strong>. Est\u00e1n asistiendo a centros de contensi\u00f3n psicol\u00f3gica y contra las adicciones, y tramitando un subsidio habitacional. La psic\u00f3loga del Consejo de la Ni\u00f1ez y la Familia me llam\u00f3 para decirme que no puede creer el cambio de estas dos personas. Est\u00e1n haciendo alfajores. Lo \u00fanico que hab\u00eda que hacer era ponerles media ficha. Pero todo eso no lo est\u00e1 haciendo ni el gobierno de la Ciudad ni el Gobierno nacional. Lo estamos haciendo nosotros\u00bb, comenta.<\/p>\n<p>Organizaciones sociales como Proyecto 7 aseguran que hay\u00a0<strong>m\u00e1s de 10.000 personas viviendo en situaci\u00f3n de calle<\/strong>\u00a0solo en la Ciudad de Buenos Aires. Todas ponen en duda los datos oficiales, ya sea del censo poblacional realizado por el\u00a0 Indec en 2022, que arroj\u00f3 un total de 2.962 personas en todo el pa\u00eds, como del Gobierno porte\u00f1o:\u00a02.548 solo en la Capital Federal.<\/p>\n<p>*El t\u00edtulo original se modific\u00f3 seg\u00fan el estilo del medio.<\/p>\n<p>El art\u00edculo original se encuentra en el link: https:\/\/actualidad.rt.com\/actualidad\/469367-mercado-argentino-atendido-personas-situacion-calle-inflacion<\/p>\n","protected":false},"excerpt":{"rendered":"<p>La organizaci\u00f3n Proyecto 7 mont\u00f3 una verduler\u00eda y una panader\u00eda en uno de sus centros de integraci\u00f3n en Buenos Aires. La iniciativa genera trabajo y ayuda a los vecinos a comprar barato. Corr\u00eda el mes de marzo de 2022 cuando&hellip;<\/p>\n","protected":false},"author":1181,"featured_media":1744789,"comment_status":"closed","ping_status":"closed","sticky":false,"template":"","format":"standard","meta":{"footnotes":""},"categories":[76,79,5667,39,67],"tags":[26731,113512,51083],"class_list":["post-1744788","post","type-post","status-publish","format-standard","has-post-thumbnail","hentry","category-relaciones-exteriores","category-derechos-humanos","category-foto-reportajes","category-internacional","category-sudamerica","tag-inflacion","tag-personas-en-situacion-de-calle","tag-personas-trans"],"yoast_head":"<!-- This site is optimized with the Yoast SEO plugin v27.1.1 - https:\/\/yoast.com\/product\/yoast-seo-wordpress\/ -->\n<title>Argentina. Proyecto 7: Guerra a la inflaci\u00f3n<\/title>\n<meta name=\"description\" content=\"La organizaci\u00f3n Proyecto 7 mont\u00f3 una verduler\u00eda y una panader\u00eda en uno de sus centros de integraci\u00f3n en Buenos Aires. La iniciativa genera trabajo y ayuda\" \/>\n<meta name=\"robots\" content=\"index, follow, max-snippet:-1, max-image-preview:large, max-video-preview:-1\" \/>\n<link rel=\"canonical\" href=\"https:\/\/www.pressenza.com\/es\/2023\/06\/argentina-proyecto-7-hoy-guerra-a-la-inflacion\/\" \/>\n<meta property=\"og:locale\" content=\"es_ES\" \/>\n<meta property=\"og:type\" content=\"article\" \/>\n<meta property=\"og:title\" content=\"Argentina. Proyecto 7: Guerra a la inflaci\u00f3n\" \/>\n<meta property=\"og:description\" content=\"La organizaci\u00f3n Proyecto 7 mont\u00f3 una verduler\u00eda y una panader\u00eda en uno de sus centros de integraci\u00f3n en Buenos Aires. La iniciativa genera trabajo y ayuda\" \/>\n<meta property=\"og:url\" content=\"https:\/\/www.pressenza.com\/es\/2023\/06\/argentina-proyecto-7-hoy-guerra-a-la-inflacion\/\" \/>\n<meta property=\"og:site_name\" content=\"Pressenza\" \/>\n<meta property=\"article:publisher\" content=\"https:\/\/www.facebook.com\/PressenzaItalia\" \/>\n<meta property=\"article:author\" content=\"https:\/\/www.facebook.com\/RTnews\" \/>\n<meta property=\"article:published_time\" content=\"2023-06-10T05:13:54+00:00\" \/>\n<meta property=\"article:modified_time\" content=\"2023-06-10T05:16:39+00:00\" \/>\n<meta property=\"og:image\" content=\"https:\/\/www.pressenza.com\/wp-content\/uploads\/2023\/06\/argentina.jpg\" \/>\n\t<meta property=\"og:image:width\" content=\"1104\" \/>\n\t<meta property=\"og:image:height\" content=\"622\" \/>\n\t<meta property=\"og:image:type\" content=\"image\/jpeg\" \/>\n<meta name=\"author\" content=\"RT\" \/>\n<meta name=\"twitter:card\" content=\"summary_large_image\" \/>\n<meta name=\"twitter:creator\" content=\"@RT_com\" \/>\n<meta name=\"twitter:site\" content=\"@PressenzaIPA\" \/>\n<meta name=\"twitter:label1\" content=\"Escrito por\" \/>\n\t<meta name=\"twitter:data1\" content=\"RT\" \/>\n\t<meta name=\"twitter:label2\" content=\"Tiempo de lectura\" \/>\n\t<meta name=\"twitter:data2\" content=\"8 minutos\" \/>\n<script type=\"application\/ld+json\" class=\"yoast-schema-graph\">{\"@context\":\"https:\/\/schema.org\",\"@graph\":[{\"@type\":\"Article\",\"@id\":\"https:\/\/www.pressenza.com\/es\/2023\/06\/argentina-proyecto-7-hoy-guerra-a-la-inflacion\/#article\",\"isPartOf\":{\"@id\":\"https:\/\/www.pressenza.com\/es\/2023\/06\/argentina-proyecto-7-hoy-guerra-a-la-inflacion\/\"},\"author\":{\"name\":\"RT\",\"@id\":\"https:\/\/www.pressenza.com\/es\/#\/schema\/person\/a9bc3bac2cc72cc81fc57959c714a38e\"},\"headline\":\"Argentina. Proyecto 7: Guerra a la inflaci\u00f3n\",\"datePublished\":\"2023-06-10T05:13:54+00:00\",\"dateModified\":\"2023-06-10T05:16:39+00:00\",\"mainEntityOfPage\":{\"@id\":\"https:\/\/www.pressenza.com\/es\/2023\/06\/argentina-proyecto-7-hoy-guerra-a-la-inflacion\/\"},\"wordCount\":1395,\"publisher\":{\"@id\":\"https:\/\/www.pressenza.com\/es\/#organization\"},\"image\":{\"@id\":\"https:\/\/www.pressenza.com\/es\/2023\/06\/argentina-proyecto-7-hoy-guerra-a-la-inflacion\/#primaryimage\"},\"thumbnailUrl\":\"https:\/\/www.pressenza.com\/wp-content\/uploads\/2023\/06\/argentina.jpg\",\"keywords\":[\"inflaci\u00f3n\",\"personas en situaci\u00f3n de calle\",\"Personas Trans\"],\"articleSection\":[\"Asuntos internacionales\",\"Derechos Humanos\",\"Fotorreportajes\",\"Internacional\",\"Sudam\u00e9rica\"],\"inLanguage\":\"es\"},{\"@type\":\"WebPage\",\"@id\":\"https:\/\/www.pressenza.com\/es\/2023\/06\/argentina-proyecto-7-hoy-guerra-a-la-inflacion\/\",\"url\":\"https:\/\/www.pressenza.com\/es\/2023\/06\/argentina-proyecto-7-hoy-guerra-a-la-inflacion\/\",\"name\":\"Argentina. Proyecto 7: Guerra a la inflaci\u00f3n\",\"isPartOf\":{\"@id\":\"https:\/\/www.pressenza.com\/es\/#website\"},\"primaryImageOfPage\":{\"@id\":\"https:\/\/www.pressenza.com\/es\/2023\/06\/argentina-proyecto-7-hoy-guerra-a-la-inflacion\/#primaryimage\"},\"image\":{\"@id\":\"https:\/\/www.pressenza.com\/es\/2023\/06\/argentina-proyecto-7-hoy-guerra-a-la-inflacion\/#primaryimage\"},\"thumbnailUrl\":\"https:\/\/www.pressenza.com\/wp-content\/uploads\/2023\/06\/argentina.jpg\",\"datePublished\":\"2023-06-10T05:13:54+00:00\",\"dateModified\":\"2023-06-10T05:16:39+00:00\",\"description\":\"La organizaci\u00f3n Proyecto 7 mont\u00f3 una verduler\u00eda y una panader\u00eda en uno de sus centros de integraci\u00f3n en Buenos Aires. La iniciativa genera trabajo y ayuda\",\"breadcrumb\":{\"@id\":\"https:\/\/www.pressenza.com\/es\/2023\/06\/argentina-proyecto-7-hoy-guerra-a-la-inflacion\/#breadcrumb\"},\"inLanguage\":\"es\",\"potentialAction\":[{\"@type\":\"ReadAction\",\"target\":[\"https:\/\/www.pressenza.com\/es\/2023\/06\/argentina-proyecto-7-hoy-guerra-a-la-inflacion\/\"]}]},{\"@type\":\"ImageObject\",\"inLanguage\":\"es\",\"@id\":\"https:\/\/www.pressenza.com\/es\/2023\/06\/argentina-proyecto-7-hoy-guerra-a-la-inflacion\/#primaryimage\",\"url\":\"https:\/\/www.pressenza.com\/wp-content\/uploads\/2023\/06\/argentina.jpg\",\"contentUrl\":\"https:\/\/www.pressenza.com\/wp-content\/uploads\/2023\/06\/argentina.jpg\",\"width\":1104,\"height\":622},{\"@type\":\"BreadcrumbList\",\"@id\":\"https:\/\/www.pressenza.com\/es\/2023\/06\/argentina-proyecto-7-hoy-guerra-a-la-inflacion\/#breadcrumb\",\"itemListElement\":[{\"@type\":\"ListItem\",\"position\":1,\"name\":\"Accueil\",\"item\":\"https:\/\/www.pressenza.com\/es\/\"},{\"@type\":\"ListItem\",\"position\":2,\"name\":\"Argentina. Proyecto 7: Guerra a la inflaci\u00f3n\"}]},{\"@type\":\"WebSite\",\"@id\":\"https:\/\/www.pressenza.com\/es\/#website\",\"url\":\"https:\/\/www.pressenza.com\/es\/\",\"name\":\"Pressenza\",\"description\":\"International Press Agency\",\"publisher\":{\"@id\":\"https:\/\/www.pressenza.com\/es\/#organization\"},\"potentialAction\":[{\"@type\":\"SearchAction\",\"target\":{\"@type\":\"EntryPoint\",\"urlTemplate\":\"https:\/\/www.pressenza.com\/es\/?s={search_term_string}\"},\"query-input\":{\"@type\":\"PropertyValueSpecification\",\"valueRequired\":true,\"valueName\":\"search_term_string\"}}],\"inLanguage\":\"es\"},{\"@type\":\"Organization\",\"@id\":\"https:\/\/www.pressenza.com\/es\/#organization\",\"name\":\"Pressenza\",\"url\":\"https:\/\/www.pressenza.com\/es\/\",\"logo\":{\"@type\":\"ImageObject\",\"inLanguage\":\"es\",\"@id\":\"https:\/\/www.pressenza.com\/es\/#\/schema\/logo\/image\/\",\"url\":\"https:\/\/www.pressenza.com\/wp-content\/uploads\/2022\/10\/pressenza_logo_200x200.jpg\",\"contentUrl\":\"https:\/\/www.pressenza.com\/wp-content\/uploads\/2022\/10\/pressenza_logo_200x200.jpg\",\"width\":200,\"height\":200,\"caption\":\"Pressenza\"},\"image\":{\"@id\":\"https:\/\/www.pressenza.com\/es\/#\/schema\/logo\/image\/\"},\"sameAs\":[\"https:\/\/www.facebook.com\/PressenzaItalia\",\"https:\/\/x.com\/PressenzaIPA\"]},{\"@type\":\"Person\",\"@id\":\"https:\/\/www.pressenza.com\/es\/#\/schema\/person\/a9bc3bac2cc72cc81fc57959c714a38e\",\"name\":\"RT\",\"description\":\"With its first channel launched in December 2005, the RT network now consists of three global news channels broadcasting in English, Spanish and Arabic, RT America broadcasting from a Washington, DC studio, RT UK airing from London, and a documentary channel RTDoc \u2013 in English and Russian. Today RT has a global reach of over 700 million people in 100+ countries. Articles and photographs by RT on Pressenza do not fall under the Creative Commons license are are not reproducible in any way. RT news covers the major issues of our time for viewers wishing to question more and delivers stories often missed by the mainstream media to create news with an edge. RT provides an alternative perspective on major global events, and acquaints an international audience with the Russian viewpoint. rt.com\",\"sameAs\":[\"http:\/\/www.rt.com\",\"https:\/\/www.facebook.com\/RTnews\",\"https:\/\/x.com\/RT_com\"],\"url\":\"https:\/\/www.pressenza.com\/es\/author\/russia-today\/\"}]}<\/script>\n<!-- \/ Yoast SEO plugin. -->","yoast_head_json":{"title":"Argentina. Proyecto 7: Guerra a la inflaci\u00f3n","description":"La organizaci\u00f3n Proyecto 7 mont\u00f3 una verduler\u00eda y una panader\u00eda en uno de sus centros de integraci\u00f3n en Buenos Aires. La iniciativa genera trabajo y ayuda","robots":{"index":"index","follow":"follow","max-snippet":"max-snippet:-1","max-image-preview":"max-image-preview:large","max-video-preview":"max-video-preview:-1"},"canonical":"https:\/\/www.pressenza.com\/es\/2023\/06\/argentina-proyecto-7-hoy-guerra-a-la-inflacion\/","og_locale":"es_ES","og_type":"article","og_title":"Argentina. Proyecto 7: Guerra a la inflaci\u00f3n","og_description":"La organizaci\u00f3n Proyecto 7 mont\u00f3 una verduler\u00eda y una panader\u00eda en uno de sus centros de integraci\u00f3n en Buenos Aires. La iniciativa genera trabajo y ayuda","og_url":"https:\/\/www.pressenza.com\/es\/2023\/06\/argentina-proyecto-7-hoy-guerra-a-la-inflacion\/","og_site_name":"Pressenza","article_publisher":"https:\/\/www.facebook.com\/PressenzaItalia","article_author":"https:\/\/www.facebook.com\/RTnews","article_published_time":"2023-06-10T05:13:54+00:00","article_modified_time":"2023-06-10T05:16:39+00:00","og_image":[{"width":1104,"height":622,"url":"https:\/\/www.pressenza.com\/wp-content\/uploads\/2023\/06\/argentina.jpg","type":"image\/jpeg"}],"author":"RT","twitter_card":"summary_large_image","twitter_creator":"@RT_com","twitter_site":"@PressenzaIPA","twitter_misc":{"Escrito por":"RT","Tiempo de lectura":"8 minutos"},"schema":{"@context":"https:\/\/schema.org","@graph":[{"@type":"Article","@id":"https:\/\/www.pressenza.com\/es\/2023\/06\/argentina-proyecto-7-hoy-guerra-a-la-inflacion\/#article","isPartOf":{"@id":"https:\/\/www.pressenza.com\/es\/2023\/06\/argentina-proyecto-7-hoy-guerra-a-la-inflacion\/"},"author":{"name":"RT","@id":"https:\/\/www.pressenza.com\/es\/#\/schema\/person\/a9bc3bac2cc72cc81fc57959c714a38e"},"headline":"Argentina. Proyecto 7: Guerra a la inflaci\u00f3n","datePublished":"2023-06-10T05:13:54+00:00","dateModified":"2023-06-10T05:16:39+00:00","mainEntityOfPage":{"@id":"https:\/\/www.pressenza.com\/es\/2023\/06\/argentina-proyecto-7-hoy-guerra-a-la-inflacion\/"},"wordCount":1395,"publisher":{"@id":"https:\/\/www.pressenza.com\/es\/#organization"},"image":{"@id":"https:\/\/www.pressenza.com\/es\/2023\/06\/argentina-proyecto-7-hoy-guerra-a-la-inflacion\/#primaryimage"},"thumbnailUrl":"https:\/\/www.pressenza.com\/wp-content\/uploads\/2023\/06\/argentina.jpg","keywords":["inflaci\u00f3n","personas en situaci\u00f3n de calle","Personas Trans"],"articleSection":["Asuntos internacionales","Derechos Humanos","Fotorreportajes","Internacional","Sudam\u00e9rica"],"inLanguage":"es"},{"@type":"WebPage","@id":"https:\/\/www.pressenza.com\/es\/2023\/06\/argentina-proyecto-7-hoy-guerra-a-la-inflacion\/","url":"https:\/\/www.pressenza.com\/es\/2023\/06\/argentina-proyecto-7-hoy-guerra-a-la-inflacion\/","name":"Argentina. Proyecto 7: Guerra a la inflaci\u00f3n","isPartOf":{"@id":"https:\/\/www.pressenza.com\/es\/#website"},"primaryImageOfPage":{"@id":"https:\/\/www.pressenza.com\/es\/2023\/06\/argentina-proyecto-7-hoy-guerra-a-la-inflacion\/#primaryimage"},"image":{"@id":"https:\/\/www.pressenza.com\/es\/2023\/06\/argentina-proyecto-7-hoy-guerra-a-la-inflacion\/#primaryimage"},"thumbnailUrl":"https:\/\/www.pressenza.com\/wp-content\/uploads\/2023\/06\/argentina.jpg","datePublished":"2023-06-10T05:13:54+00:00","dateModified":"2023-06-10T05:16:39+00:00","description":"La organizaci\u00f3n Proyecto 7 mont\u00f3 una verduler\u00eda y una panader\u00eda en uno de sus centros de integraci\u00f3n en Buenos Aires. La iniciativa genera trabajo y ayuda","breadcrumb":{"@id":"https:\/\/www.pressenza.com\/es\/2023\/06\/argentina-proyecto-7-hoy-guerra-a-la-inflacion\/#breadcrumb"},"inLanguage":"es","potentialAction":[{"@type":"ReadAction","target":["https:\/\/www.pressenza.com\/es\/2023\/06\/argentina-proyecto-7-hoy-guerra-a-la-inflacion\/"]}]},{"@type":"ImageObject","inLanguage":"es","@id":"https:\/\/www.pressenza.com\/es\/2023\/06\/argentina-proyecto-7-hoy-guerra-a-la-inflacion\/#primaryimage","url":"https:\/\/www.pressenza.com\/wp-content\/uploads\/2023\/06\/argentina.jpg","contentUrl":"https:\/\/www.pressenza.com\/wp-content\/uploads\/2023\/06\/argentina.jpg","width":1104,"height":622},{"@type":"BreadcrumbList","@id":"https:\/\/www.pressenza.com\/es\/2023\/06\/argentina-proyecto-7-hoy-guerra-a-la-inflacion\/#breadcrumb","itemListElement":[{"@type":"ListItem","position":1,"name":"Accueil","item":"https:\/\/www.pressenza.com\/es\/"},{"@type":"ListItem","position":2,"name":"Argentina. Proyecto 7: Guerra a la inflaci\u00f3n"}]},{"@type":"WebSite","@id":"https:\/\/www.pressenza.com\/es\/#website","url":"https:\/\/www.pressenza.com\/es\/","name":"Pressenza","description":"International Press Agency","publisher":{"@id":"https:\/\/www.pressenza.com\/es\/#organization"},"potentialAction":[{"@type":"SearchAction","target":{"@type":"EntryPoint","urlTemplate":"https:\/\/www.pressenza.com\/es\/?s={search_term_string}"},"query-input":{"@type":"PropertyValueSpecification","valueRequired":true,"valueName":"search_term_string"}}],"inLanguage":"es"},{"@type":"Organization","@id":"https:\/\/www.pressenza.com\/es\/#organization","name":"Pressenza","url":"https:\/\/www.pressenza.com\/es\/","logo":{"@type":"ImageObject","inLanguage":"es","@id":"https:\/\/www.pressenza.com\/es\/#\/schema\/logo\/image\/","url":"https:\/\/www.pressenza.com\/wp-content\/uploads\/2022\/10\/pressenza_logo_200x200.jpg","contentUrl":"https:\/\/www.pressenza.com\/wp-content\/uploads\/2022\/10\/pressenza_logo_200x200.jpg","width":200,"height":200,"caption":"Pressenza"},"image":{"@id":"https:\/\/www.pressenza.com\/es\/#\/schema\/logo\/image\/"},"sameAs":["https:\/\/www.facebook.com\/PressenzaItalia","https:\/\/x.com\/PressenzaIPA"]},{"@type":"Person","@id":"https:\/\/www.pressenza.com\/es\/#\/schema\/person\/a9bc3bac2cc72cc81fc57959c714a38e","name":"RT","description":"With its first channel launched in December 2005, the RT network now consists of three global news channels broadcasting in English, Spanish and Arabic, RT America broadcasting from a Washington, DC studio, RT UK airing from London, and a documentary channel RTDoc \u2013 in English and Russian. Today RT has a global reach of over 700 million people in 100+ countries. Articles and photographs by RT on Pressenza do not fall under the Creative Commons license are are not reproducible in any way. RT news covers the major issues of our time for viewers wishing to question more and delivers stories often missed by the mainstream media to create news with an edge. RT provides an alternative perspective on major global events, and acquaints an international audience with the Russian viewpoint. rt.com","sameAs":["http:\/\/www.rt.com","https:\/\/www.facebook.com\/RTnews","https:\/\/x.com\/RT_com"],"url":"https:\/\/www.pressenza.com\/es\/author\/russia-today\/"}]}},"place":"","original_article_url":"","_links":{"self":[{"href":"https:\/\/www.pressenza.com\/es\/wp-json\/wp\/v2\/posts\/1744788","targetHints":{"allow":["GET"]}}],"collection":[{"href":"https:\/\/www.pressenza.com\/es\/wp-json\/wp\/v2\/posts"}],"about":[{"href":"https:\/\/www.pressenza.com\/es\/wp-json\/wp\/v2\/types\/post"}],"author":[{"embeddable":true,"href":"https:\/\/www.pressenza.com\/es\/wp-json\/wp\/v2\/users\/1181"}],"replies":[{"embeddable":true,"href":"https:\/\/www.pressenza.com\/es\/wp-json\/wp\/v2\/comments?post=1744788"}],"version-history":[{"count":0,"href":"https:\/\/www.pressenza.com\/es\/wp-json\/wp\/v2\/posts\/1744788\/revisions"}],"wp:featuredmedia":[{"embeddable":true,"href":"https:\/\/www.pressenza.com\/es\/wp-json\/wp\/v2\/media\/1744789"}],"wp:attachment":[{"href":"https:\/\/www.pressenza.com\/es\/wp-json\/wp\/v2\/media?parent=1744788"}],"wp:term":[{"taxonomy":"category","embeddable":true,"href":"https:\/\/www.pressenza.com\/es\/wp-json\/wp\/v2\/categories?post=1744788"},{"taxonomy":"post_tag","embeddable":true,"href":"https:\/\/www.pressenza.com\/es\/wp-json\/wp\/v2\/tags?post=1744788"}],"curies":[{"name":"wp","href":"https:\/\/api.w.org\/{rel}","templated":true}]}}