{"id":1744485,"date":"2023-06-08T23:16:14","date_gmt":"2023-06-08T22:16:14","guid":{"rendered":"https:\/\/www.pressenza.com\/?p=1744485"},"modified":"2023-06-08T23:16:14","modified_gmt":"2023-06-08T22:16:14","slug":"canada-derechos-humanos-y-extractivismo","status":"publish","type":"post","link":"https:\/\/www.pressenza.com\/es\/2023\/06\/canada-derechos-humanos-y-extractivismo\/","title":{"rendered":"Canad\u00e1, derechos humanos y extractivismo"},"content":{"rendered":"<h3 style=\"padding-left: 40px;\">\u00bfCanad\u00e1 no protegi\u00f3 a un defensor de los derechos humanos asesinado por oponerse a una mina canadiense en M\u00e9xico?<\/h3>\n<p style=\"padding-left: 40px;\">Una nueva denuncia ante la Comisi\u00f3n Interamericana de Derechos Humanos plantea la responsabilidad jur\u00eddica de Canad\u00e1 por las violaciones de derechos humanos vinculadas a sus empresas mineras en el extranjero.<\/p>\n<p>Al no encontrar v\u00edas de justicia en Canad\u00e1, la familia del defensor del medio ambiente mexicano Mariano Abarca, asesinado en el 2009, ha presentado\u00a0<a href=\"https:\/\/miningwatch.ca\/sites\/default\/files\/resumen_cidh_esp.pdf\" target=\"_blank\" rel=\"noreferrer noopener\">una innovadora denuncia<\/a>\u00a0contra Canad\u00e1 ante la Comisi\u00f3n Interamericana de Derechos Humanos (CIDH).<\/p>\n<p>En la\u00a0<a href=\"https:\/\/miningwatch.ca\/sites\/default\/files\/resumen_cidh_esp.pdf\" target=\"_blank\" rel=\"noreferrer noopener\">denuncia<\/a>\u00a0se alega que Canad\u00e1 incumpli\u00f3 sus obligaciones internacionales en materia de derechos humanos al presionar a las autoridades mexicanas para que impulsaran un proyecto minero canadiense a pesar de tener conocimiento de las amenazas que pesaban sobre la vida de Mariano. Desde entonces, Canad\u00e1 no ha investigado ninguna irregularidad cometida por funcionarios de la embajada canadiense que, con su apoyo inquebrantable y su persistente presi\u00f3n en favor de la empresa minera canadiense, podr\u00edan haber puesto en mayor peligro la vida de Mariano. La denuncia marca la primera vez que una embajada canadiense es se\u00f1alada ante la CIDH por sus actuaciones en otro pa\u00eds.<\/p>\n<p>El l\u00edder comunitario\u00a0<a href=\"http:\/\/justice4mariano.net\/\" target=\"_blank\" rel=\"noreferrer noopener\">Mariano Abarca particip\u00f3 activamente<\/a>\u00a0en el movimiento para proteger los derechos de la comunidad en relaci\u00f3n con el proyecto minero \u00abPayback\u00bb, una mina de barita propiedad de Blackfire Exploration Ltd (\u00abBlackfire\u00bb) que oper\u00f3 en su ciudad natal de Chicomuselo, Chiapas, entre 2007 y 2009. Tras recibir quejas de Blackfire sobre la oposici\u00f3n de la comunidad en torno a la mina, una delegaci\u00f3n de alto nivel de la Embajada de Canad\u00e1 acudi\u00f3 a la oficina del Gobernador de Chiapas para \u00ababogar\u00bb por Blackfire en octubre de 2009. Siete semanas despu\u00e9s, el 27 de noviembre de 2009, Mariano fue asesinado a plena luz del d\u00eda frente al restaurante de su familia. Casi 14 a\u00f1os despu\u00e9s, no se ha llevado a cabo ninguna investigaci\u00f3n cre\u00edble sobre su asesinato.<\/p>\n<p>La\u00a0<a href=\"https:\/\/miningwatch.ca\/sites\/default\/files\/resumen_cidh_esp.pdf\" target=\"_blank\" rel=\"noreferrer noopener\">denuncia<\/a>\u00a0ante la CIDH, presentada el 2 de junio por el Proyecto de Justicia y Responsabilidad Corporativa (<a href=\"https:\/\/justice-project.org\/\" target=\"_blank\" rel=\"noreferrer noopener\">JCAP<\/a>), se basa en m\u00e1s de 1.000 p\u00e1ginas de informes internos y correos electr\u00f3nicos de la Embajada de Canad\u00e1 en M\u00e9xico que muestran que la Embajada desempe\u00f1\u00f3 un papel crucial en la puesta en marcha de la mina, pero no realiz\u00f3 ninguna debida diligencia en materia de derechos humanos antes de involucrarse.<\/p>\n<p>\u00abEl personal de la embajada trabaj\u00f3 tras bastidores para promover los intereses mineros de Blackfire, sabiendo al mismo tiempo que Mariano era un defensor de los derechos humanos amenazado y que sus acciones u omisiones podr\u00edan aumentar el riesgo real para su vida\u00bb, afirma Leah Gardner, abogada del Proyecto de Justicia y Responsabilidad Corporativa (JCAP). \u00abEsta combinaci\u00f3n de influencia y previsibilidad de da\u00f1os graves cre\u00f3 una obligaci\u00f3n legal para Canad\u00e1 de hacer lo que estuviera razonablemente a su alcance para evitar aumentar el riesgo para su vida y ayudar a protegerlo.\u00bb<\/p>\n<p>En 2018, la familia y los partidarios de Mariano Abarca presentaron una queja ante el Comisionado de Integridad del Sector P\u00fablico (PSIC) en un esfuerzo por iniciar una investigaci\u00f3n sobre si las acciones y omisiones de la Embajada de Canad\u00e1 pusieron a Mariano en mayor riesgo. El Comisionado se neg\u00f3 a investigar la conducta de la embajada en este caso, y la Corte Federal de Apelaci\u00f3n de Canad\u00e1 confirm\u00f3 la decisi\u00f3n. En enero de 2023, la\u00a0<a href=\"https:\/\/miningwatch.ca\/es\/news\/2023\/1\/23\/fin-del-camino-para-la-justicia-en-canad-la-corte-suprema-se-niega-escuchar-apelaci-n\" target=\"_blank\" rel=\"noreferrer noopener\">Corte Suprema de Canad\u00e1 desestim\u00f3<\/a>\u00a0el recurso de apelaci\u00f3n de la decisi\u00f3n de la Corte Federal de Apelaci\u00f3n, cerrando as\u00ed la puerta a cualquier investigaci\u00f3n por parte de Canad\u00e1. La denuncia presentada ante la CIDH pretende cambiar esta situaci\u00f3n.<\/p>\n<p><a href=\"https:\/\/miningwatch.ca\/es\/blog\/2023\/6\/5\/jos-luis-abarca\" target=\"_blank\" rel=\"noreferrer noopener\">Jos\u00e9 Luis Abarca<\/a>\u00a0-hijo de Mariano- ha venido esta semana a Ottawa con\u00a0<a href=\"https:\/\/miningwatch.ca\/es\/blog\/2023\/6\/5\/esperanza-salazar-rema\" target=\"_blank\" rel=\"noreferrer noopener\">Esperanza Salazar<\/a>, de la Red Mexicana de Afectados por la Miner\u00eda (REMA) para presentar la denuncia contra Canad\u00e1 en una visita respaldada por\u00a0<a href=\"https:\/\/miningwatch.ca\/es\/blog\/2023\/5\/24\/canad-cerr-sus-puertas-la-justicia-para-la-familia-mariano-abarca-qu-sigue-ahora\" target=\"_blank\" rel=\"noreferrer noopener\">15 organizaciones<\/a>\u00a0y coaliciones de la sociedad civil canadiense. \u00abCanad\u00e1 se ha negado a investigar si los funcionarios canadienses tienen alguna responsabilidad en el asesinato de mi padre\u00bb, afirma Jos\u00e9 Luis Abarca. \u00abEste caso es importante, no s\u00f3lo para mi familia, sino para todos los dem\u00e1s defensores de los derechos humanos y del medio ambiente de todo el mundo que tienen la desgracia de llamar la atenci\u00f3n de los intereses mineros canadienses\u00bb.<\/p>\n<p>Las inversiones mineras canadienses en M\u00e9xico van en aumento. \u00abA medida que m\u00e1s dinero de la miner\u00eda canadiense llega a M\u00e9xico, aumenta sustancialmente el riesgo de violencia contra los defensores de los derechos humanos y del medio ambiente que se oponen a estos proyectos\u00bb, afirma Esperanza Salazar. \u00abLos funcionarios canadienses deben tener esto muy presente\u00bb.<\/p>\n<p>Canad\u00e1 anunci\u00f3 recientemente\u00a0<a href=\"https:\/\/www.canada.ca\/en\/global-affairs\/news\/2023\/05\/minister-joly-announces-canadas-united-nations-human-rights-council-candidacy.html\" target=\"_blank\" rel=\"noreferrer noopener\">su candidatura<\/a>\u00a0al Consejo de Derechos Humanos de la ONU para el periodo 2028-2030 y en su lista de prioridades figura \u00abbuscar justicia y rendici\u00f3n de cuentas para quienes est\u00e1n en primera l\u00ednea defendiendo los derechos humanos.\u00bb Para Viviana Herrera, Coordinadora del Programa para Am\u00e9rica Latina de MiningWatch Canad\u00e1, Canad\u00e1 tiene un largo camino por recorrer para tomar en serio la rendici\u00f3n de cuentas. \u00abLas embajadas canadienses siguen desempe\u00f1ando un papel fundamental en la promoci\u00f3n de las inversiones mineras canadienses en todo el mundo\u00bb, afirma. \u00abSin embargo, se lavan las manos ante la responsabilidad de proteger a las personas que se ven perjudicadas por esas inversiones canadienses. Esperamos que la CIDH tome este caso finalmente en serio, porque Canad\u00e1 no lo ha hecho hasta ahora\u00bb.<\/p>\n<hr \/>\n<p><strong>Documentos:\u00a0<\/strong><\/p>\n<ul>\n<li>Resumen de la petici\u00f3n (disponible en\u00a0<a href=\"https:\/\/miningwatch.ca\/sites\/default\/files\/resumen_cidh_esp.pdf\" target=\"_blank\" rel=\"noreferrer noopener\">espa\u00f1ol<\/a>,\u00a0<a href=\"https:\/\/miningwatch.ca\/sites\/default\/files\/summary_iachr_petition_en.pdf\" target=\"_blank\" rel=\"noreferrer noopener\">ingl\u00e9s<\/a>, y\u00a0<a href=\"https:\/\/miningwatch.ca\/sites\/default\/files\/resume_cidh_fr.pdf\" target=\"_blank\" rel=\"noreferrer noopener\">franc\u00e9s<\/a>)<\/li>\n<li>Petici\u00f3n completa (disponible en\u00a0<a href=\"https:\/\/miningwatch.ca\/sites\/default\/files\/public_iachr_petition_canada_abarca_june_2_2023.pdf\" target=\"_blank\" rel=\"noreferrer noopener\">ingl\u00e9s<\/a>)<\/li>\n<li>Para m\u00e1s informaci\u00f3n en ingl\u00e9s:\u00a0<a href=\"https:\/\/justice4mariano.net\/\" target=\"_blank\" rel=\"noreferrer noopener\">Justice4Mariano.net<\/a><\/li>\n<\/ul>\n<p><strong>Contactos:<\/strong><\/p>\n<ul>\n<li>Viviana Herrera, Coordinadora del Programa para Am\u00e9rica Latina, MiningWatch Canada,\u00a0viviana@miningwatch.ca, tel. 438-993-1264<\/li>\n<li>Leah Gardner, Abogada, Justice and Corporate Accountability Project (JCAP),\u00a0lgardner@justice-project.org<\/li>\n<\/ul>\n<p><em>Para coordinar entrevistas con Jos\u00e9 Luis Abarca, Esperanza Salazar u otras organizaciones de la sociedad civil mexicana, p\u00f3ngase en contacto con Viviana Herrera.<\/em><\/p>\n<p>Publicado originalmente en\u00a0<a href=\"https:\/\/miningwatch.ca\/es\/news\/2023\/6\/5\/canad-no-protegi-un-defensor-de-los-derechos-humanos-asesinado-por-oponerse-una-mina\">Mining Watch<\/a><\/p>\n","protected":false},"excerpt":{"rendered":"<p>\u00bfCanad\u00e1 no protegi\u00f3 a un defensor de los derechos humanos asesinado por oponerse a una mina canadiense en M\u00e9xico? Una nueva denuncia ante la Comisi\u00f3n Interamericana de Derechos Humanos plantea la responsabilidad jur\u00eddica de Canad\u00e1 por las violaciones de derechos&hellip;<\/p>\n","protected":false},"author":1628,"featured_media":1744486,"comment_status":"closed","ping_status":"closed","sticky":false,"template":"","format":"standard","meta":{"footnotes":""},"categories":[79,68,74],"tags":[113478,6967,441,1544,113477,1321],"class_list":["post-1744485","post","type-post","status-publish","format-standard","has-post-thumbnail","hentry","category-derechos-humanos","category-norteamerica","category-politica-es","tag-blackfire","tag-canada-es","tag-derechos-humanos","tag-extractivismo","tag-mariano-abarca","tag-mexico"],"yoast_head":"<!-- This site is optimized with the Yoast SEO plugin v27.1.1 - https:\/\/yoast.com\/product\/yoast-seo-wordpress\/ -->\n<title>Canad\u00e1, derechos humanos y extractivismo<\/title>\n<meta name=\"description\" content=\"\u00bfCanad\u00e1 no protegi\u00f3 a un defensor de los derechos humanos asesinado por oponerse a una mina canadiense en M\u00e9xico? Una nueva denuncia ante la Comisi\u00f3n\" \/>\n<meta name=\"robots\" content=\"index, follow, max-snippet:-1, max-image-preview:large, max-video-preview:-1\" \/>\n<link rel=\"canonical\" href=\"https:\/\/www.pressenza.com\/es\/2023\/06\/canada-derechos-humanos-y-extractivismo\/\" \/>\n<meta property=\"og:locale\" content=\"es_ES\" \/>\n<meta property=\"og:type\" content=\"article\" \/>\n<meta property=\"og:title\" content=\"Canad\u00e1, derechos humanos y extractivismo\" \/>\n<meta property=\"og:description\" content=\"\u00bfCanad\u00e1 no protegi\u00f3 a un defensor de los derechos humanos asesinado por oponerse a una mina canadiense en M\u00e9xico? Una nueva denuncia ante la Comisi\u00f3n\" \/>\n<meta property=\"og:url\" content=\"https:\/\/www.pressenza.com\/es\/2023\/06\/canada-derechos-humanos-y-extractivismo\/\" \/>\n<meta property=\"og:site_name\" content=\"Pressenza\" \/>\n<meta property=\"article:publisher\" content=\"https:\/\/www.facebook.com\/PressenzaItalia\" \/>\n<meta property=\"article:published_time\" content=\"2023-06-08T22:16:14+00:00\" \/>\n<meta property=\"og:image\" content=\"https:\/\/www.pressenza.com\/wp-content\/uploads\/2023\/06\/Mariano-Abarca-Desinformemonos.jpg\" \/>\n\t<meta property=\"og:image:width\" content=\"820\" \/>\n\t<meta property=\"og:image:height\" content=\"607\" \/>\n\t<meta property=\"og:image:type\" content=\"image\/jpeg\" \/>\n<meta name=\"author\" content=\"Desinform\u00e9monos\" \/>\n<meta name=\"twitter:card\" content=\"summary_large_image\" \/>\n<meta name=\"twitter:creator\" content=\"@PressenzaIPA\" \/>\n<meta name=\"twitter:site\" content=\"@PressenzaIPA\" \/>\n<meta name=\"twitter:label1\" content=\"Escrito por\" \/>\n\t<meta name=\"twitter:data1\" content=\"Desinform\u00e9monos\" \/>\n\t<meta name=\"twitter:label2\" content=\"Tiempo de lectura\" \/>\n\t<meta name=\"twitter:data2\" content=\"5 minutos\" \/>\n<script type=\"application\/ld+json\" class=\"yoast-schema-graph\">{\"@context\":\"https:\/\/schema.org\",\"@graph\":[{\"@type\":\"Article\",\"@id\":\"https:\/\/www.pressenza.com\/es\/2023\/06\/canada-derechos-humanos-y-extractivismo\/#article\",\"isPartOf\":{\"@id\":\"https:\/\/www.pressenza.com\/es\/2023\/06\/canada-derechos-humanos-y-extractivismo\/\"},\"author\":{\"name\":\"Desinform\u00e9monos\",\"@id\":\"https:\/\/www.pressenza.com\/es\/#\/schema\/person\/bbbaee99f5088d6b61ae6e1829fe024c\"},\"headline\":\"Canad\u00e1, derechos humanos y extractivismo\",\"datePublished\":\"2023-06-08T22:16:14+00:00\",\"mainEntityOfPage\":{\"@id\":\"https:\/\/www.pressenza.com\/es\/2023\/06\/canada-derechos-humanos-y-extractivismo\/\"},\"wordCount\":1023,\"publisher\":{\"@id\":\"https:\/\/www.pressenza.com\/es\/#organization\"},\"image\":{\"@id\":\"https:\/\/www.pressenza.com\/es\/2023\/06\/canada-derechos-humanos-y-extractivismo\/#primaryimage\"},\"thumbnailUrl\":\"https:\/\/www.pressenza.com\/wp-content\/uploads\/2023\/06\/Mariano-Abarca-Desinformemonos.jpg\",\"keywords\":[\"Blackfire\",\"Canad\u00e1\",\"Derechos humanos\",\"extractivismo\",\"Mariano Abarca\",\"M\u00e9xico\"],\"articleSection\":[\"Derechos Humanos\",\"Norteam\u00e9rica\",\"Pol\u00edtica\"],\"inLanguage\":\"es\"},{\"@type\":\"WebPage\",\"@id\":\"https:\/\/www.pressenza.com\/es\/2023\/06\/canada-derechos-humanos-y-extractivismo\/\",\"url\":\"https:\/\/www.pressenza.com\/es\/2023\/06\/canada-derechos-humanos-y-extractivismo\/\",\"name\":\"Canad\u00e1, derechos humanos y extractivismo\",\"isPartOf\":{\"@id\":\"https:\/\/www.pressenza.com\/es\/#website\"},\"primaryImageOfPage\":{\"@id\":\"https:\/\/www.pressenza.com\/es\/2023\/06\/canada-derechos-humanos-y-extractivismo\/#primaryimage\"},\"image\":{\"@id\":\"https:\/\/www.pressenza.com\/es\/2023\/06\/canada-derechos-humanos-y-extractivismo\/#primaryimage\"},\"thumbnailUrl\":\"https:\/\/www.pressenza.com\/wp-content\/uploads\/2023\/06\/Mariano-Abarca-Desinformemonos.jpg\",\"datePublished\":\"2023-06-08T22:16:14+00:00\",\"description\":\"\u00bfCanad\u00e1 no protegi\u00f3 a un defensor de los derechos humanos asesinado por oponerse a una mina canadiense en M\u00e9xico? Una nueva denuncia ante la Comisi\u00f3n\",\"breadcrumb\":{\"@id\":\"https:\/\/www.pressenza.com\/es\/2023\/06\/canada-derechos-humanos-y-extractivismo\/#breadcrumb\"},\"inLanguage\":\"es\",\"potentialAction\":[{\"@type\":\"ReadAction\",\"target\":[\"https:\/\/www.pressenza.com\/es\/2023\/06\/canada-derechos-humanos-y-extractivismo\/\"]}]},{\"@type\":\"ImageObject\",\"inLanguage\":\"es\",\"@id\":\"https:\/\/www.pressenza.com\/es\/2023\/06\/canada-derechos-humanos-y-extractivismo\/#primaryimage\",\"url\":\"https:\/\/www.pressenza.com\/wp-content\/uploads\/2023\/06\/Mariano-Abarca-Desinformemonos.jpg\",\"contentUrl\":\"https:\/\/www.pressenza.com\/wp-content\/uploads\/2023\/06\/Mariano-Abarca-Desinformemonos.jpg\",\"width\":820,\"height\":607},{\"@type\":\"BreadcrumbList\",\"@id\":\"https:\/\/www.pressenza.com\/es\/2023\/06\/canada-derechos-humanos-y-extractivismo\/#breadcrumb\",\"itemListElement\":[{\"@type\":\"ListItem\",\"position\":1,\"name\":\"Accueil\",\"item\":\"https:\/\/www.pressenza.com\/es\/\"},{\"@type\":\"ListItem\",\"position\":2,\"name\":\"Canad\u00e1, derechos humanos y extractivismo\"}]},{\"@type\":\"WebSite\",\"@id\":\"https:\/\/www.pressenza.com\/es\/#website\",\"url\":\"https:\/\/www.pressenza.com\/es\/\",\"name\":\"Pressenza\",\"description\":\"International Press Agency\",\"publisher\":{\"@id\":\"https:\/\/www.pressenza.com\/es\/#organization\"},\"potentialAction\":[{\"@type\":\"SearchAction\",\"target\":{\"@type\":\"EntryPoint\",\"urlTemplate\":\"https:\/\/www.pressenza.com\/es\/?s={search_term_string}\"},\"query-input\":{\"@type\":\"PropertyValueSpecification\",\"valueRequired\":true,\"valueName\":\"search_term_string\"}}],\"inLanguage\":\"es\"},{\"@type\":\"Organization\",\"@id\":\"https:\/\/www.pressenza.com\/es\/#organization\",\"name\":\"Pressenza\",\"url\":\"https:\/\/www.pressenza.com\/es\/\",\"logo\":{\"@type\":\"ImageObject\",\"inLanguage\":\"es\",\"@id\":\"https:\/\/www.pressenza.com\/es\/#\/schema\/logo\/image\/\",\"url\":\"https:\/\/www.pressenza.com\/wp-content\/uploads\/2022\/10\/pressenza_logo_200x200.jpg\",\"contentUrl\":\"https:\/\/www.pressenza.com\/wp-content\/uploads\/2022\/10\/pressenza_logo_200x200.jpg\",\"width\":200,\"height\":200,\"caption\":\"Pressenza\"},\"image\":{\"@id\":\"https:\/\/www.pressenza.com\/es\/#\/schema\/logo\/image\/\"},\"sameAs\":[\"https:\/\/www.facebook.com\/PressenzaItalia\",\"https:\/\/x.com\/PressenzaIPA\"]},{\"@type\":\"Person\",\"@id\":\"https:\/\/www.pressenza.com\/es\/#\/schema\/person\/bbbaee99f5088d6b61ae6e1829fe024c\",\"name\":\"Desinform\u00e9monos\",\"description\":\"Desinform\u00e9monos nace el 15 de octubre de 2009 y crece como un proyecto de comunicaci\u00f3n aut\u00f3noma, libre e independiente, conformado por un equipo de comunicadores, personas de los movimientos sociales, intelectuales y acad\u00e9micos, hombres y mujeres de varias generaciones que, como nosotros, buscan construir un espacio de expresi\u00f3n en y desde M\u00e9xico, donde se aloja la casa matriz.\",\"sameAs\":[\"https:\/\/desinformemonos.org\/\"],\"url\":\"https:\/\/www.pressenza.com\/es\/author\/desinformemonos\/\"}]}<\/script>\n<!-- \/ Yoast SEO plugin. -->","yoast_head_json":{"title":"Canad\u00e1, derechos humanos y extractivismo","description":"\u00bfCanad\u00e1 no protegi\u00f3 a un defensor de los derechos humanos asesinado por oponerse a una mina canadiense en M\u00e9xico? Una nueva denuncia ante la Comisi\u00f3n","robots":{"index":"index","follow":"follow","max-snippet":"max-snippet:-1","max-image-preview":"max-image-preview:large","max-video-preview":"max-video-preview:-1"},"canonical":"https:\/\/www.pressenza.com\/es\/2023\/06\/canada-derechos-humanos-y-extractivismo\/","og_locale":"es_ES","og_type":"article","og_title":"Canad\u00e1, derechos humanos y extractivismo","og_description":"\u00bfCanad\u00e1 no protegi\u00f3 a un defensor de los derechos humanos asesinado por oponerse a una mina canadiense en M\u00e9xico? Una nueva denuncia ante la Comisi\u00f3n","og_url":"https:\/\/www.pressenza.com\/es\/2023\/06\/canada-derechos-humanos-y-extractivismo\/","og_site_name":"Pressenza","article_publisher":"https:\/\/www.facebook.com\/PressenzaItalia","article_published_time":"2023-06-08T22:16:14+00:00","og_image":[{"width":820,"height":607,"url":"https:\/\/www.pressenza.com\/wp-content\/uploads\/2023\/06\/Mariano-Abarca-Desinformemonos.jpg","type":"image\/jpeg"}],"author":"Desinform\u00e9monos","twitter_card":"summary_large_image","twitter_creator":"@PressenzaIPA","twitter_site":"@PressenzaIPA","twitter_misc":{"Escrito por":"Desinform\u00e9monos","Tiempo de lectura":"5 minutos"},"schema":{"@context":"https:\/\/schema.org","@graph":[{"@type":"Article","@id":"https:\/\/www.pressenza.com\/es\/2023\/06\/canada-derechos-humanos-y-extractivismo\/#article","isPartOf":{"@id":"https:\/\/www.pressenza.com\/es\/2023\/06\/canada-derechos-humanos-y-extractivismo\/"},"author":{"name":"Desinform\u00e9monos","@id":"https:\/\/www.pressenza.com\/es\/#\/schema\/person\/bbbaee99f5088d6b61ae6e1829fe024c"},"headline":"Canad\u00e1, derechos humanos y extractivismo","datePublished":"2023-06-08T22:16:14+00:00","mainEntityOfPage":{"@id":"https:\/\/www.pressenza.com\/es\/2023\/06\/canada-derechos-humanos-y-extractivismo\/"},"wordCount":1023,"publisher":{"@id":"https:\/\/www.pressenza.com\/es\/#organization"},"image":{"@id":"https:\/\/www.pressenza.com\/es\/2023\/06\/canada-derechos-humanos-y-extractivismo\/#primaryimage"},"thumbnailUrl":"https:\/\/www.pressenza.com\/wp-content\/uploads\/2023\/06\/Mariano-Abarca-Desinformemonos.jpg","keywords":["Blackfire","Canad\u00e1","Derechos humanos","extractivismo","Mariano Abarca","M\u00e9xico"],"articleSection":["Derechos Humanos","Norteam\u00e9rica","Pol\u00edtica"],"inLanguage":"es"},{"@type":"WebPage","@id":"https:\/\/www.pressenza.com\/es\/2023\/06\/canada-derechos-humanos-y-extractivismo\/","url":"https:\/\/www.pressenza.com\/es\/2023\/06\/canada-derechos-humanos-y-extractivismo\/","name":"Canad\u00e1, derechos humanos y extractivismo","isPartOf":{"@id":"https:\/\/www.pressenza.com\/es\/#website"},"primaryImageOfPage":{"@id":"https:\/\/www.pressenza.com\/es\/2023\/06\/canada-derechos-humanos-y-extractivismo\/#primaryimage"},"image":{"@id":"https:\/\/www.pressenza.com\/es\/2023\/06\/canada-derechos-humanos-y-extractivismo\/#primaryimage"},"thumbnailUrl":"https:\/\/www.pressenza.com\/wp-content\/uploads\/2023\/06\/Mariano-Abarca-Desinformemonos.jpg","datePublished":"2023-06-08T22:16:14+00:00","description":"\u00bfCanad\u00e1 no protegi\u00f3 a un defensor de los derechos humanos asesinado por oponerse a una mina canadiense en M\u00e9xico? Una nueva denuncia ante la Comisi\u00f3n","breadcrumb":{"@id":"https:\/\/www.pressenza.com\/es\/2023\/06\/canada-derechos-humanos-y-extractivismo\/#breadcrumb"},"inLanguage":"es","potentialAction":[{"@type":"ReadAction","target":["https:\/\/www.pressenza.com\/es\/2023\/06\/canada-derechos-humanos-y-extractivismo\/"]}]},{"@type":"ImageObject","inLanguage":"es","@id":"https:\/\/www.pressenza.com\/es\/2023\/06\/canada-derechos-humanos-y-extractivismo\/#primaryimage","url":"https:\/\/www.pressenza.com\/wp-content\/uploads\/2023\/06\/Mariano-Abarca-Desinformemonos.jpg","contentUrl":"https:\/\/www.pressenza.com\/wp-content\/uploads\/2023\/06\/Mariano-Abarca-Desinformemonos.jpg","width":820,"height":607},{"@type":"BreadcrumbList","@id":"https:\/\/www.pressenza.com\/es\/2023\/06\/canada-derechos-humanos-y-extractivismo\/#breadcrumb","itemListElement":[{"@type":"ListItem","position":1,"name":"Accueil","item":"https:\/\/www.pressenza.com\/es\/"},{"@type":"ListItem","position":2,"name":"Canad\u00e1, derechos humanos y extractivismo"}]},{"@type":"WebSite","@id":"https:\/\/www.pressenza.com\/es\/#website","url":"https:\/\/www.pressenza.com\/es\/","name":"Pressenza","description":"International Press Agency","publisher":{"@id":"https:\/\/www.pressenza.com\/es\/#organization"},"potentialAction":[{"@type":"SearchAction","target":{"@type":"EntryPoint","urlTemplate":"https:\/\/www.pressenza.com\/es\/?s={search_term_string}"},"query-input":{"@type":"PropertyValueSpecification","valueRequired":true,"valueName":"search_term_string"}}],"inLanguage":"es"},{"@type":"Organization","@id":"https:\/\/www.pressenza.com\/es\/#organization","name":"Pressenza","url":"https:\/\/www.pressenza.com\/es\/","logo":{"@type":"ImageObject","inLanguage":"es","@id":"https:\/\/www.pressenza.com\/es\/#\/schema\/logo\/image\/","url":"https:\/\/www.pressenza.com\/wp-content\/uploads\/2022\/10\/pressenza_logo_200x200.jpg","contentUrl":"https:\/\/www.pressenza.com\/wp-content\/uploads\/2022\/10\/pressenza_logo_200x200.jpg","width":200,"height":200,"caption":"Pressenza"},"image":{"@id":"https:\/\/www.pressenza.com\/es\/#\/schema\/logo\/image\/"},"sameAs":["https:\/\/www.facebook.com\/PressenzaItalia","https:\/\/x.com\/PressenzaIPA"]},{"@type":"Person","@id":"https:\/\/www.pressenza.com\/es\/#\/schema\/person\/bbbaee99f5088d6b61ae6e1829fe024c","name":"Desinform\u00e9monos","description":"Desinform\u00e9monos nace el 15 de octubre de 2009 y crece como un proyecto de comunicaci\u00f3n aut\u00f3noma, libre e independiente, conformado por un equipo de comunicadores, personas de los movimientos sociales, intelectuales y acad\u00e9micos, hombres y mujeres de varias generaciones que, como nosotros, buscan construir un espacio de expresi\u00f3n en y desde M\u00e9xico, donde se aloja la casa matriz.","sameAs":["https:\/\/desinformemonos.org\/"],"url":"https:\/\/www.pressenza.com\/es\/author\/desinformemonos\/"}]}},"place":"Ciudad de M\u00e9xico","original_article_url":"https:\/\/desinformemonos.org\/canada-no-protegio-a-un-defensor-de-los-derechos-humanos-asesinado-por-oponerse-a-una-mina-canadiense-en-mexico\/","_links":{"self":[{"href":"https:\/\/www.pressenza.com\/es\/wp-json\/wp\/v2\/posts\/1744485","targetHints":{"allow":["GET"]}}],"collection":[{"href":"https:\/\/www.pressenza.com\/es\/wp-json\/wp\/v2\/posts"}],"about":[{"href":"https:\/\/www.pressenza.com\/es\/wp-json\/wp\/v2\/types\/post"}],"author":[{"embeddable":true,"href":"https:\/\/www.pressenza.com\/es\/wp-json\/wp\/v2\/users\/1628"}],"replies":[{"embeddable":true,"href":"https:\/\/www.pressenza.com\/es\/wp-json\/wp\/v2\/comments?post=1744485"}],"version-history":[{"count":0,"href":"https:\/\/www.pressenza.com\/es\/wp-json\/wp\/v2\/posts\/1744485\/revisions"}],"wp:featuredmedia":[{"embeddable":true,"href":"https:\/\/www.pressenza.com\/es\/wp-json\/wp\/v2\/media\/1744486"}],"wp:attachment":[{"href":"https:\/\/www.pressenza.com\/es\/wp-json\/wp\/v2\/media?parent=1744485"}],"wp:term":[{"taxonomy":"category","embeddable":true,"href":"https:\/\/www.pressenza.com\/es\/wp-json\/wp\/v2\/categories?post=1744485"},{"taxonomy":"post_tag","embeddable":true,"href":"https:\/\/www.pressenza.com\/es\/wp-json\/wp\/v2\/tags?post=1744485"}],"curies":[{"name":"wp","href":"https:\/\/api.w.org\/{rel}","templated":true}]}}