{"id":1743969,"date":"2023-06-06T15:07:47","date_gmt":"2023-06-06T14:07:47","guid":{"rendered":"https:\/\/www.pressenza.com\/?p=1743969"},"modified":"2023-06-06T15:07:47","modified_gmt":"2023-06-06T14:07:47","slug":"chile-y-la-iglesia-sumergida","status":"publish","type":"post","link":"https:\/\/www.pressenza.com\/es\/2023\/06\/chile-y-la-iglesia-sumergida\/","title":{"rendered":"Chile y la Iglesia sumergida"},"content":{"rendered":"<p>En Chile y en general en Am\u00e9rica Latina se agotaron los tiempos en que la Iglesia Cat\u00f3lica jug\u00f3 un papel muy relevante en la pol\u00edtica. Aunque el Pont\u00edfice actual es argentino da la impresi\u00f3n que no quiere ver tan directamente involucrados al clero y a los te\u00f3logos en los cambios sociales o en la lucha por la redenci\u00f3n de los oprimidos que por millones se cuentan en toda la regi\u00f3n y, de alguna forma, siguen m\u00e1s a la deriva que antes. Tampoco es que la Iglesia le haya cedido el liderazgo intelectual a los marxistas y a otra suerte de expresiones filos\u00f3ficas y pol\u00edticas; el castrismo, el sandinismo y otros movimientos han agotado mucho su influencia continental con la desaparici\u00f3n de sus l\u00edderes m\u00e1s carism\u00e1ticos.<\/p>\n<p>La otrora afamada teolog\u00eda de la Liberaci\u00f3n, que removi\u00f3 tantas conciencias en Brasil, Per\u00fa y otras naciones, ya no destaca por nuevos l\u00edderes y pensadores, todo lo cual ha abonado el surgimiento de las posiciones de derecha y la consolidaci\u00f3n de reg\u00edmenes que parecen asumir aquello del \u201cfin de las ideolog\u00edas\u201d que tantos dividendos les ha dado a las pol\u00edticas capitalistas y neoliberales. Cuba sigue empe\u00f1ada ejemplar y contra viento y marea en su revoluci\u00f3n, pero en Nicaragua los hijos de la \u201cm\u00e1s hermosa de las revoluciones\u201d (como la llamara Eduardo Galeano) le ha dado paso a un gobernante cuyo principal empe\u00f1o es perpetuarse en el poder, vali\u00e9ndose de m\u00e9todos tan repugnantes como los de los grandes dictadores que lo precedieron all\u00ed y en otros pa\u00edses del Caribe.<\/p>\n<p>Recordemos que fueron los obispos chilenos y las enc\u00edclicas sociales vaticanas las que inspiraron el desarrollo de la Democracia Cristiana y otras expresiones muy vanguardistas para su \u00e9poca y que llevaron a los gobiernos de Eduardo Frei Montalva y Salvador Allende (aunque de distinto signo) a emprender fen\u00f3menos como el de la Reforma Agraria y la nacionalizaci\u00f3n del cobre. Pero el per\u00edodo m\u00e1s brillante del episcopado chileno fue el que puso en pr\u00e1ctica durante la dictadura militar con la creaci\u00f3n de la Vicar\u00eda de la Solidaridad y su denodado compromiso con las v\u00edctimas de la represi\u00f3n pinochetista, adem\u00e1s de su respaldo a la lucha por recuperar la democracia.<\/p>\n<p>No pocos sacerdotes fueron v\u00edctimas y m\u00e1rtires en esos 17 a\u00f1os de interdicci\u00f3n ciudadana, aunque en Argentina y otras naciones el desempe\u00f1o de la Jerarqu\u00eda Eclesi\u00e1stica fuera en general oprobioso, cuando no c\u00f3mplice de la barbarie autoritaria de los militares en el poder. En este sentido, de todo hubo en la \u201cvi\u00f1a del se\u00f1or\u201d dentro del Continente pero se pueden contar por miles los chilenos que salvaron y fueron protegidos por la Iglesia sin distinci\u00f3n de su militancia o creencias religiosas.<\/p>\n<p>Todo cambi\u00f3 radicalmente con el llamado advenimiento de la democracia, en estas tres d\u00e9cadas de la posdictadura en que la influencia de la Iglesia en la pol\u00edtica y el devenir social se ha desdibujado enormemente, y pastores y sacerdotes verdaderamente han sucumbido ante las denuncias de abusos sexuales que han comprometido transversalmente a muchos de sus miembros, desde un reaccionario y pinochetista p\u00e1rroco Karadima hasta el presb\u00edtero progresista Cristi\u00e1n Precht, quien tuviera, paradojalmente, una noble conducci\u00f3n de la defensa de los perseguidos. Ambos envueltos en pr\u00e1cticas de abuso a menores y otros deleznables actos de corrupci\u00f3n.<\/p>\n<p>Despu\u00e9s de estos sucesos, de la muerte del Cardenal Silva Henr\u00edquez y de otros notables obispos, lo cierto es que han desaparecido en Chile los referentes tanto para los sectores retardatarios como vanguardistas de la Catolicidad. Ser\u00eda muy dif\u00edcil mensurar cu\u00e1ntos fieles ha perdido la Iglesia, cu\u00e1ntos abandonaron la fe y la pr\u00e1ctica de los sacramentos. Sin embargo, lo que no se puede desconocer es que los miles de templos repartidos por toda nuestra geograf\u00eda al menos los domingos convocan todav\u00eda a una enorme cantidad de fieles. Como ning\u00fan otro referente.<\/p>\n<p>No hay duda de que el desgano por el compromiso, por la adhesi\u00f3n pol\u00edtica o religiosa es mucho mayor si se considera la abrupta deserci\u00f3n de los militantes de los partidos y de los grupos sindicales.Con todo lo que se pueda observar, la misa dominical congrega todas las semanas a cientos de miles de fieles, en circunstancia que para cualquier partido o movimiento pol\u00edtico se hace poco menos que imposible llenar una modesta sala de teatro con sus adherentes. Recientemente, la cl\u00e1sica procesi\u00f3n del Se\u00f1or de Mayo, por el centro de Santiago, reuni\u00f3 a much\u00edsimas m\u00e1s personas que cualquiera de las \u00faltimas convocatorias pol\u00edticas callejeras. Mientras que en los \u00faltimos comicios pr\u00e1cticamente desaparecieron partidos que fueron muy populosos como la propia Democracia Cristiana, el Partido Radical y el llamado socialismo democr\u00e1tico. Aunque el Partido Comunista pueda ufanarse todav\u00eda de recibir algo m\u00e1s del siete por ciento de los sufragios v\u00e1lidamente emitidos. Cifra que no toma en cuenta, sin embargo, la abstenci\u00f3n y los votos nulos que fueron franca mayor\u00eda.<\/p>\n<p>Lo m\u00e1s probable es que se trate de feligreses a quienes muy poco les importa la pol\u00edtica y cuyos pastores dif\u00edcilmente puedan ahora motivarlos a sufragar o adherir a algunos de los partidos y candidatos. Dir\u00edamos que los cat\u00f3licos actuales tienen en cuenta otras variables m\u00e1s que los dictados de la fe evang\u00e9lica que profesan, aunque cuando se trata de la educaci\u00f3n y los temas llamados val\u00f3ricos es muy posible gatillar su descontento y hacerlos coincidir con las iglesias evang\u00e9licas mucho m\u00e1s contestes y activas en oponerse, por ejemplo, a leyes como el aborto y los matrimonios entre personas del mismo sexo.<\/p>\n<p>No hay duda de que existe una Iglesia sumergida que potencialmente pudiera volver a gravitar en la pol\u00edtica, pero en lo que se aprecia de los pastores de hoy da la impresi\u00f3n de que se conforman con la llamada \u201cfe del carbonero\u201d y su mero rol de administradores de sus liturgias. En momentos tan dif\u00edciles por los que transita nuestra pol\u00edtica, ante la persistencia de la desigualdad social, la realidad del crimen organizado, del narcotr\u00e1fico y de la inmigraci\u00f3n se extra\u00f1a o se hace inexplicable que no se sucedan las cartas episcopales y otras formas de expresi\u00f3n como las de anta\u00f1o. Homil\u00edas capaces de remecer la conciencia p\u00fablica y fomentar la movilizaci\u00f3n destinada a oponerse a lacras como la corrupci\u00f3n y el desencanto que d\u00eda a d\u00eda afecta m\u00e1s a la pol\u00edtica, a las polic\u00edas y a las instituciones del Estado.<\/p>\n<p>Muchos expresan hoy en Chile la nostalgia de aquella Iglesia comprometida, el papel de \u201cmadre y maestra\u201d que le asigno uno de sus m\u00e1s l\u00facidos pont\u00edfices. En un momento que el mundo encaraba una gran crisis y los humanismos de diverso signo se hac\u00edan tan necesarios para contribuir al progreso de los pueblos. Ya fueran de inspiraci\u00f3n religiosa o laica.<\/p>\n","protected":false},"excerpt":{"rendered":"<p>En Chile y en general en Am\u00e9rica Latina se agotaron los tiempos en que la Iglesia Cat\u00f3lica jug\u00f3 un papel muy relevante en la pol\u00edtica. Aunque el Pont\u00edfice actual es argentino da la impresi\u00f3n que no quiere ver tan directamente&hellip;<\/p>\n","protected":false},"author":1739,"featured_media":1743970,"comment_status":"closed","ping_status":"closed","sticky":false,"template":"","format":"standard","meta":{"footnotes":""},"categories":[11389,1240,161,67],"tags":[29,3408],"class_list":["post-1743969","post","type-post","status-publish","format-standard","has-post-thumbnail","hentry","category-contenido-original","category-humanismo-espiritualidad","category-opiniones","category-sudamerica","tag-chile","tag-iglesia"],"yoast_head":"<!-- This site is optimized with the Yoast SEO plugin v27.1.1 - https:\/\/yoast.com\/product\/yoast-seo-wordpress\/ -->\n<title>Chile y la Iglesia sumergida<\/title>\n<meta name=\"description\" content=\"En Chile y en general en Am\u00e9rica Latina se agotaron los tiempos en que la Iglesia Cat\u00f3lica jug\u00f3 un papel muy relevante en la pol\u00edtica. Aunque el Pont\u00edfice\" \/>\n<meta name=\"robots\" content=\"index, follow, max-snippet:-1, max-image-preview:large, max-video-preview:-1\" \/>\n<link rel=\"canonical\" href=\"https:\/\/www.pressenza.com\/es\/2023\/06\/chile-y-la-iglesia-sumergida\/\" \/>\n<meta property=\"og:locale\" content=\"es_ES\" \/>\n<meta property=\"og:type\" content=\"article\" \/>\n<meta property=\"og:title\" content=\"Chile y la Iglesia sumergida\" \/>\n<meta property=\"og:description\" content=\"En Chile y en general en Am\u00e9rica Latina se agotaron los tiempos en que la Iglesia Cat\u00f3lica jug\u00f3 un papel muy relevante en la pol\u00edtica. Aunque el Pont\u00edfice\" \/>\n<meta property=\"og:url\" content=\"https:\/\/www.pressenza.com\/es\/2023\/06\/chile-y-la-iglesia-sumergida\/\" \/>\n<meta property=\"og:site_name\" content=\"Pressenza\" \/>\n<meta property=\"article:publisher\" content=\"https:\/\/www.facebook.com\/PressenzaItalia\" \/>\n<meta property=\"article:published_time\" content=\"2023-06-06T14:07:47+00:00\" \/>\n<meta property=\"og:image\" content=\"https:\/\/www.pressenza.com\/wp-content\/uploads\/2023\/06\/jpc.jpeg\" \/>\n\t<meta property=\"og:image:width\" content=\"700\" \/>\n\t<meta property=\"og:image:height\" content=\"400\" \/>\n\t<meta property=\"og:image:type\" content=\"image\/jpeg\" \/>\n<meta name=\"author\" content=\"Juan Pablo C\u00e1rdenas\" \/>\n<meta name=\"twitter:card\" content=\"summary_large_image\" \/>\n<meta name=\"twitter:creator\" content=\"@PressenzaIPA\" \/>\n<meta name=\"twitter:site\" content=\"@PressenzaIPA\" \/>\n<meta name=\"twitter:label1\" content=\"Escrito por\" \/>\n\t<meta name=\"twitter:data1\" content=\"Juan Pablo C\u00e1rdenas\" \/>\n\t<meta name=\"twitter:label2\" content=\"Tiempo de lectura\" \/>\n\t<meta name=\"twitter:data2\" content=\"6 minutos\" \/>\n<script type=\"application\/ld+json\" class=\"yoast-schema-graph\">{\"@context\":\"https:\/\/schema.org\",\"@graph\":[{\"@type\":\"Article\",\"@id\":\"https:\/\/www.pressenza.com\/es\/2023\/06\/chile-y-la-iglesia-sumergida\/#article\",\"isPartOf\":{\"@id\":\"https:\/\/www.pressenza.com\/es\/2023\/06\/chile-y-la-iglesia-sumergida\/\"},\"author\":{\"name\":\"Juan Pablo C\u00e1rdenas\",\"@id\":\"https:\/\/www.pressenza.com\/es\/#\/schema\/person\/d72a7c8c014dcbfa2ef9e9976103ea0d\"},\"headline\":\"Chile y la Iglesia sumergida\",\"datePublished\":\"2023-06-06T14:07:47+00:00\",\"mainEntityOfPage\":{\"@id\":\"https:\/\/www.pressenza.com\/es\/2023\/06\/chile-y-la-iglesia-sumergida\/\"},\"wordCount\":1226,\"publisher\":{\"@id\":\"https:\/\/www.pressenza.com\/es\/#organization\"},\"image\":{\"@id\":\"https:\/\/www.pressenza.com\/es\/2023\/06\/chile-y-la-iglesia-sumergida\/#primaryimage\"},\"thumbnailUrl\":\"https:\/\/www.pressenza.com\/wp-content\/uploads\/2023\/06\/jpc.jpeg\",\"keywords\":[\"Chile\",\"Iglesia\"],\"articleSection\":[\"Contenido Original\",\"Humanismo y Espiritualidad\",\"Opiniones\",\"Sudam\u00e9rica\"],\"inLanguage\":\"es\"},{\"@type\":\"WebPage\",\"@id\":\"https:\/\/www.pressenza.com\/es\/2023\/06\/chile-y-la-iglesia-sumergida\/\",\"url\":\"https:\/\/www.pressenza.com\/es\/2023\/06\/chile-y-la-iglesia-sumergida\/\",\"name\":\"Chile y la Iglesia sumergida\",\"isPartOf\":{\"@id\":\"https:\/\/www.pressenza.com\/es\/#website\"},\"primaryImageOfPage\":{\"@id\":\"https:\/\/www.pressenza.com\/es\/2023\/06\/chile-y-la-iglesia-sumergida\/#primaryimage\"},\"image\":{\"@id\":\"https:\/\/www.pressenza.com\/es\/2023\/06\/chile-y-la-iglesia-sumergida\/#primaryimage\"},\"thumbnailUrl\":\"https:\/\/www.pressenza.com\/wp-content\/uploads\/2023\/06\/jpc.jpeg\",\"datePublished\":\"2023-06-06T14:07:47+00:00\",\"description\":\"En Chile y en general en Am\u00e9rica Latina se agotaron los tiempos en que la Iglesia Cat\u00f3lica jug\u00f3 un papel muy relevante en la pol\u00edtica. Aunque el Pont\u00edfice\",\"breadcrumb\":{\"@id\":\"https:\/\/www.pressenza.com\/es\/2023\/06\/chile-y-la-iglesia-sumergida\/#breadcrumb\"},\"inLanguage\":\"es\",\"potentialAction\":[{\"@type\":\"ReadAction\",\"target\":[\"https:\/\/www.pressenza.com\/es\/2023\/06\/chile-y-la-iglesia-sumergida\/\"]}]},{\"@type\":\"ImageObject\",\"inLanguage\":\"es\",\"@id\":\"https:\/\/www.pressenza.com\/es\/2023\/06\/chile-y-la-iglesia-sumergida\/#primaryimage\",\"url\":\"https:\/\/www.pressenza.com\/wp-content\/uploads\/2023\/06\/jpc.jpeg\",\"contentUrl\":\"https:\/\/www.pressenza.com\/wp-content\/uploads\/2023\/06\/jpc.jpeg\",\"width\":700,\"height\":400},{\"@type\":\"BreadcrumbList\",\"@id\":\"https:\/\/www.pressenza.com\/es\/2023\/06\/chile-y-la-iglesia-sumergida\/#breadcrumb\",\"itemListElement\":[{\"@type\":\"ListItem\",\"position\":1,\"name\":\"Accueil\",\"item\":\"https:\/\/www.pressenza.com\/es\/\"},{\"@type\":\"ListItem\",\"position\":2,\"name\":\"Chile y la Iglesia sumergida\"}]},{\"@type\":\"WebSite\",\"@id\":\"https:\/\/www.pressenza.com\/es\/#website\",\"url\":\"https:\/\/www.pressenza.com\/es\/\",\"name\":\"Pressenza\",\"description\":\"International Press Agency\",\"publisher\":{\"@id\":\"https:\/\/www.pressenza.com\/es\/#organization\"},\"potentialAction\":[{\"@type\":\"SearchAction\",\"target\":{\"@type\":\"EntryPoint\",\"urlTemplate\":\"https:\/\/www.pressenza.com\/es\/?s={search_term_string}\"},\"query-input\":{\"@type\":\"PropertyValueSpecification\",\"valueRequired\":true,\"valueName\":\"search_term_string\"}}],\"inLanguage\":\"es\"},{\"@type\":\"Organization\",\"@id\":\"https:\/\/www.pressenza.com\/es\/#organization\",\"name\":\"Pressenza\",\"url\":\"https:\/\/www.pressenza.com\/es\/\",\"logo\":{\"@type\":\"ImageObject\",\"inLanguage\":\"es\",\"@id\":\"https:\/\/www.pressenza.com\/es\/#\/schema\/logo\/image\/\",\"url\":\"https:\/\/www.pressenza.com\/wp-content\/uploads\/2022\/10\/pressenza_logo_200x200.jpg\",\"contentUrl\":\"https:\/\/www.pressenza.com\/wp-content\/uploads\/2022\/10\/pressenza_logo_200x200.jpg\",\"width\":200,\"height\":200,\"caption\":\"Pressenza\"},\"image\":{\"@id\":\"https:\/\/www.pressenza.com\/es\/#\/schema\/logo\/image\/\"},\"sameAs\":[\"https:\/\/www.facebook.com\/PressenzaItalia\",\"https:\/\/x.com\/PressenzaIPA\"]},{\"@type\":\"Person\",\"@id\":\"https:\/\/www.pressenza.com\/es\/#\/schema\/person\/d72a7c8c014dcbfa2ef9e9976103ea0d\",\"name\":\"Juan Pablo C\u00e1rdenas\",\"description\":\"Juan Pablo C\u00e1rdenas Squella es un periodista y profesor universitario de vasta trayectoria. En el 2005 recibi\u00f3 en premio nacional de Periodismo y, antes, la Pluma de Oro de la Libertad, otorgada por la Federaci\u00f3n Mundial de la Prensa. Tambi\u00e9n obtuvo el Premio Latinoamericano de Periodismo, la Houten Camara de Holanda (1989) entre otras m\u00faltiples distinciones nacionales y extranjeras. Forma parte de los sesenta periodistas del mundo considerados H\u00e9roes de la Libertad de Expresi\u00f3n, reconocimiento hecho por la Federaci\u00f3n Internacional de Periodistas. Ha sido director y columnista de las revistas Debate Universitario, An\u00e1lisis y Los Tiempos, as\u00ed como del diario electr\u00f3nico primeral\u00ednea.cl. Tambi\u00e9n fue por m\u00e1s 18 a\u00f1os director de la Radio Universidad de Chile y de su diario digital. Se ha desempe\u00f1ado como profesor de varias escuelas de periodismo de Santiago y Valpara\u00edso y en la Universidad de Chile alcanz\u00f3 el grado de profesor titular y senador universitario.\",\"url\":\"https:\/\/www.pressenza.com\/es\/author\/juan-pablo-cardenas\/\"}]}<\/script>\n<!-- \/ Yoast SEO plugin. -->","yoast_head_json":{"title":"Chile y la Iglesia sumergida","description":"En Chile y en general en Am\u00e9rica Latina se agotaron los tiempos en que la Iglesia Cat\u00f3lica jug\u00f3 un papel muy relevante en la pol\u00edtica. Aunque el Pont\u00edfice","robots":{"index":"index","follow":"follow","max-snippet":"max-snippet:-1","max-image-preview":"max-image-preview:large","max-video-preview":"max-video-preview:-1"},"canonical":"https:\/\/www.pressenza.com\/es\/2023\/06\/chile-y-la-iglesia-sumergida\/","og_locale":"es_ES","og_type":"article","og_title":"Chile y la Iglesia sumergida","og_description":"En Chile y en general en Am\u00e9rica Latina se agotaron los tiempos en que la Iglesia Cat\u00f3lica jug\u00f3 un papel muy relevante en la pol\u00edtica. Aunque el Pont\u00edfice","og_url":"https:\/\/www.pressenza.com\/es\/2023\/06\/chile-y-la-iglesia-sumergida\/","og_site_name":"Pressenza","article_publisher":"https:\/\/www.facebook.com\/PressenzaItalia","article_published_time":"2023-06-06T14:07:47+00:00","og_image":[{"width":700,"height":400,"url":"https:\/\/www.pressenza.com\/wp-content\/uploads\/2023\/06\/jpc.jpeg","type":"image\/jpeg"}],"author":"Juan Pablo C\u00e1rdenas","twitter_card":"summary_large_image","twitter_creator":"@PressenzaIPA","twitter_site":"@PressenzaIPA","twitter_misc":{"Escrito por":"Juan Pablo C\u00e1rdenas","Tiempo de lectura":"6 minutos"},"schema":{"@context":"https:\/\/schema.org","@graph":[{"@type":"Article","@id":"https:\/\/www.pressenza.com\/es\/2023\/06\/chile-y-la-iglesia-sumergida\/#article","isPartOf":{"@id":"https:\/\/www.pressenza.com\/es\/2023\/06\/chile-y-la-iglesia-sumergida\/"},"author":{"name":"Juan Pablo C\u00e1rdenas","@id":"https:\/\/www.pressenza.com\/es\/#\/schema\/person\/d72a7c8c014dcbfa2ef9e9976103ea0d"},"headline":"Chile y la Iglesia sumergida","datePublished":"2023-06-06T14:07:47+00:00","mainEntityOfPage":{"@id":"https:\/\/www.pressenza.com\/es\/2023\/06\/chile-y-la-iglesia-sumergida\/"},"wordCount":1226,"publisher":{"@id":"https:\/\/www.pressenza.com\/es\/#organization"},"image":{"@id":"https:\/\/www.pressenza.com\/es\/2023\/06\/chile-y-la-iglesia-sumergida\/#primaryimage"},"thumbnailUrl":"https:\/\/www.pressenza.com\/wp-content\/uploads\/2023\/06\/jpc.jpeg","keywords":["Chile","Iglesia"],"articleSection":["Contenido Original","Humanismo y Espiritualidad","Opiniones","Sudam\u00e9rica"],"inLanguage":"es"},{"@type":"WebPage","@id":"https:\/\/www.pressenza.com\/es\/2023\/06\/chile-y-la-iglesia-sumergida\/","url":"https:\/\/www.pressenza.com\/es\/2023\/06\/chile-y-la-iglesia-sumergida\/","name":"Chile y la Iglesia sumergida","isPartOf":{"@id":"https:\/\/www.pressenza.com\/es\/#website"},"primaryImageOfPage":{"@id":"https:\/\/www.pressenza.com\/es\/2023\/06\/chile-y-la-iglesia-sumergida\/#primaryimage"},"image":{"@id":"https:\/\/www.pressenza.com\/es\/2023\/06\/chile-y-la-iglesia-sumergida\/#primaryimage"},"thumbnailUrl":"https:\/\/www.pressenza.com\/wp-content\/uploads\/2023\/06\/jpc.jpeg","datePublished":"2023-06-06T14:07:47+00:00","description":"En Chile y en general en Am\u00e9rica Latina se agotaron los tiempos en que la Iglesia Cat\u00f3lica jug\u00f3 un papel muy relevante en la pol\u00edtica. Aunque el Pont\u00edfice","breadcrumb":{"@id":"https:\/\/www.pressenza.com\/es\/2023\/06\/chile-y-la-iglesia-sumergida\/#breadcrumb"},"inLanguage":"es","potentialAction":[{"@type":"ReadAction","target":["https:\/\/www.pressenza.com\/es\/2023\/06\/chile-y-la-iglesia-sumergida\/"]}]},{"@type":"ImageObject","inLanguage":"es","@id":"https:\/\/www.pressenza.com\/es\/2023\/06\/chile-y-la-iglesia-sumergida\/#primaryimage","url":"https:\/\/www.pressenza.com\/wp-content\/uploads\/2023\/06\/jpc.jpeg","contentUrl":"https:\/\/www.pressenza.com\/wp-content\/uploads\/2023\/06\/jpc.jpeg","width":700,"height":400},{"@type":"BreadcrumbList","@id":"https:\/\/www.pressenza.com\/es\/2023\/06\/chile-y-la-iglesia-sumergida\/#breadcrumb","itemListElement":[{"@type":"ListItem","position":1,"name":"Accueil","item":"https:\/\/www.pressenza.com\/es\/"},{"@type":"ListItem","position":2,"name":"Chile y la Iglesia sumergida"}]},{"@type":"WebSite","@id":"https:\/\/www.pressenza.com\/es\/#website","url":"https:\/\/www.pressenza.com\/es\/","name":"Pressenza","description":"International Press Agency","publisher":{"@id":"https:\/\/www.pressenza.com\/es\/#organization"},"potentialAction":[{"@type":"SearchAction","target":{"@type":"EntryPoint","urlTemplate":"https:\/\/www.pressenza.com\/es\/?s={search_term_string}"},"query-input":{"@type":"PropertyValueSpecification","valueRequired":true,"valueName":"search_term_string"}}],"inLanguage":"es"},{"@type":"Organization","@id":"https:\/\/www.pressenza.com\/es\/#organization","name":"Pressenza","url":"https:\/\/www.pressenza.com\/es\/","logo":{"@type":"ImageObject","inLanguage":"es","@id":"https:\/\/www.pressenza.com\/es\/#\/schema\/logo\/image\/","url":"https:\/\/www.pressenza.com\/wp-content\/uploads\/2022\/10\/pressenza_logo_200x200.jpg","contentUrl":"https:\/\/www.pressenza.com\/wp-content\/uploads\/2022\/10\/pressenza_logo_200x200.jpg","width":200,"height":200,"caption":"Pressenza"},"image":{"@id":"https:\/\/www.pressenza.com\/es\/#\/schema\/logo\/image\/"},"sameAs":["https:\/\/www.facebook.com\/PressenzaItalia","https:\/\/x.com\/PressenzaIPA"]},{"@type":"Person","@id":"https:\/\/www.pressenza.com\/es\/#\/schema\/person\/d72a7c8c014dcbfa2ef9e9976103ea0d","name":"Juan Pablo C\u00e1rdenas","description":"Juan Pablo C\u00e1rdenas Squella es un periodista y profesor universitario de vasta trayectoria. En el 2005 recibi\u00f3 en premio nacional de Periodismo y, antes, la Pluma de Oro de la Libertad, otorgada por la Federaci\u00f3n Mundial de la Prensa. Tambi\u00e9n obtuvo el Premio Latinoamericano de Periodismo, la Houten Camara de Holanda (1989) entre otras m\u00faltiples distinciones nacionales y extranjeras. Forma parte de los sesenta periodistas del mundo considerados H\u00e9roes de la Libertad de Expresi\u00f3n, reconocimiento hecho por la Federaci\u00f3n Internacional de Periodistas. Ha sido director y columnista de las revistas Debate Universitario, An\u00e1lisis y Los Tiempos, as\u00ed como del diario electr\u00f3nico primeral\u00ednea.cl. Tambi\u00e9n fue por m\u00e1s 18 a\u00f1os director de la Radio Universidad de Chile y de su diario digital. Se ha desempe\u00f1ado como profesor de varias escuelas de periodismo de Santiago y Valpara\u00edso y en la Universidad de Chile alcanz\u00f3 el grado de profesor titular y senador universitario.","url":"https:\/\/www.pressenza.com\/es\/author\/juan-pablo-cardenas\/"}]}},"place":"Santiago de Chile","original_article_url":"","_links":{"self":[{"href":"https:\/\/www.pressenza.com\/es\/wp-json\/wp\/v2\/posts\/1743969","targetHints":{"allow":["GET"]}}],"collection":[{"href":"https:\/\/www.pressenza.com\/es\/wp-json\/wp\/v2\/posts"}],"about":[{"href":"https:\/\/www.pressenza.com\/es\/wp-json\/wp\/v2\/types\/post"}],"author":[{"embeddable":true,"href":"https:\/\/www.pressenza.com\/es\/wp-json\/wp\/v2\/users\/1739"}],"replies":[{"embeddable":true,"href":"https:\/\/www.pressenza.com\/es\/wp-json\/wp\/v2\/comments?post=1743969"}],"version-history":[{"count":0,"href":"https:\/\/www.pressenza.com\/es\/wp-json\/wp\/v2\/posts\/1743969\/revisions"}],"wp:featuredmedia":[{"embeddable":true,"href":"https:\/\/www.pressenza.com\/es\/wp-json\/wp\/v2\/media\/1743970"}],"wp:attachment":[{"href":"https:\/\/www.pressenza.com\/es\/wp-json\/wp\/v2\/media?parent=1743969"}],"wp:term":[{"taxonomy":"category","embeddable":true,"href":"https:\/\/www.pressenza.com\/es\/wp-json\/wp\/v2\/categories?post=1743969"},{"taxonomy":"post_tag","embeddable":true,"href":"https:\/\/www.pressenza.com\/es\/wp-json\/wp\/v2\/tags?post=1743969"}],"curies":[{"name":"wp","href":"https:\/\/api.w.org\/{rel}","templated":true}]}}