{"id":1743022,"date":"2023-05-31T19:43:25","date_gmt":"2023-05-31T18:43:25","guid":{"rendered":"https:\/\/www.pressenza.com\/?p=1743022"},"modified":"2023-05-31T19:51:21","modified_gmt":"2023-05-31T18:51:21","slug":"decrecer-vivir-mejor-con-menos","status":"publish","type":"post","link":"https:\/\/www.pressenza.com\/es\/2023\/05\/decrecer-vivir-mejor-con-menos\/","title":{"rendered":"Decrecer: vivir mejor con menos"},"content":{"rendered":"<p>Por\u00a0<strong><a href=\"https:\/\/www.elciudadano.com\/author\/manuelbaquedano\/\">Manuel Baquedano<\/a><\/strong><\/p>\n<p><em>Hoy estamos frente a una in\u00e9dita decisi\u00f3n colectiva y existencial. Si no cambiamos dr\u00e1sticamente nuestra forma de habitar el planeta, seguiremos avanzando hacia la extinci\u00f3n.<\/em><\/p>\n<article class=\"col pb-3\">\n<div class=\"row \">\n<div class=\"col-12 col-md-85- col-md-9 the-content-box order-md-2 pt-3-\">\n<div class=\"the-content p402_premium-\">\n<p>La semana pasada, en el\u00a0<strong>Parlamento Europeo<\/strong>, se realiz\u00f3 por primera vez un seminario acerca del decrecimiento. Al finalizar, los miembros de distintos pa\u00edses y grupos pol\u00edticos firmaron un art\u00edculo titulado\u00a0<a href=\"https:\/\/www.euronews.com\/2023\/05\/10\/moving-beyond-growth-is-not-only-desirable-it-is-essential\" target=\"_blank\" rel=\"noreferrer noopener\">\u201cAbandonar el crecimiento no s\u00f3lo es deseable sino esencial\u201d.<\/a><\/p>\n<p>Nuestra civilizaci\u00f3n industrial avanza por un camino equivocado. Si los seres humanos no somos capaces de realizar todas nuestras actividades, principalmente las econ\u00f3micas, dentro de los l\u00edmites que la naturaleza necesita para reproducirse, nos convertiremos en una de las muchas especies que se extinguir\u00e1n por la crisis clim\u00e1tica y ecol\u00f3gica.<\/p>\n<p>A esta altura, resulta evidente que la naturaleza ha comenzado a buscar un nuevo equilibrio. En el mediano y el corto plazo, los seres humanos tendremos que enfrentar una verdadera \u201cerupci\u00f3n clim\u00e1tica\u201d en relaci\u00f3n al aumento de la temperatura, la p\u00e9rdida de biodiversidad, las lluvias e inundaciones intempestivas, las sequ\u00edas prolongadas, entre otros fen\u00f3menos. Para sobrevivir no nos quedar\u00e1 otra opci\u00f3n que adaptarnos profundamente a esta nueva situaci\u00f3n clim\u00e1tica y ecol\u00f3gica.<\/p>\n<p>Y quiz\u00e1s, esta \u201cerupci\u00f3n clim\u00e1tica\u201d nos permita tomar real conciencia sobre la gravedad de la situaci\u00f3n. Seg\u00fan los cient\u00edficos, cuando la\u00a0<strong>Tierra\u00a0<\/strong>alcance un calentamiento de 1,5 grados, m\u00faltiples e importantes procesos naturales se volver\u00e1n irreversibles. Entre ellos, los cient\u00edficos destacan el derretimiento de las nieves y glaciares, la liberaci\u00f3n del permafrost, la muerte de los corales, la disminuci\u00f3n de la velocidad de las corrientes marinas, la p\u00e9rdida de la selva amaz\u00f3nica como pulm\u00f3n del planeta. Seg\u00fan la\u00a0<strong>ONU<\/strong>, esta situaci\u00f3n podr\u00eda sobrevenir en 2030. Para nosotros, en cambio, podr\u00eda ocurrir antes, en 2026 o 2027. Y en la d\u00e9cada de 2040 podr\u00edamos alcanzar los dos grados de sobrecalentamiento que, seg\u00fan el Acuerdo de\u00a0<strong>Par\u00eds<\/strong>, deber\u00edan acontecer reci\u00e9n en 2100.<\/p>\n<p>Entonces, para sobrevivir en este escenario, adem\u00e1s de adaptarnos profundamente, debemos aprender a vivir mejor con menos, es decir, eliminar lo superfluo.<\/p>\n<p>Aproximadamente el 50 por ciento de los bienes y servicios comercializados en la sociedad de consumo no satisfacen necesidades reales. Al contrario, solo se ocupan para posicionarnos m\u00e1s alto en las estructuras sociales. En una situaci\u00f3n de emergencia como la que estamos viviendo, es urgente empezar a prescindir de todas estas mercanc\u00edas innecesarias.<\/p>\n<p>Ya no basta con reciclar, tendremos que reducir. Por ejemplo, terminar con la moda en el vestir o con la obsolescencia programada que vuelve in\u00fatiles los equipos o artefactos pr\u00e1cticamente nuevos.<\/p>\n<p>Para decrecer ser\u00e1 necesario hacer una verdadera revoluci\u00f3n de los modos de vida y habr\u00e1 que alejarse tanto del neoliberalismo como del marxismo, pues ambas visiones que predominaron en el mundo en el siglo pasado son antropoc\u00e9ntricas y colocan al ser humano por encima de la naturaleza en vez de considerarlo como parte de ella.<\/p>\n<p>Para llevar adelante esta transformaci\u00f3n social, necesitaremos nuevos valores que nos permitan reducir la sociedad de consumo en vez de hacerla crecer.<\/p>\n<p>Sin embargo, es importante destacar que el decrecimiento de la producci\u00f3n econ\u00f3mica y de la actividad de los seres humanos en general tendr\u00e1 lugar de todos modos. Lo que no sabemos es si este decrecimiento ser\u00e1 ca\u00f3tico, producto de las crisis econ\u00f3micas y la crisis clim\u00e1tica o si ser\u00e1 planificado, con la eliminaci\u00f3n sistem\u00e1tica de todo aquello que sea superfluo. De esto se trata la adopci\u00f3n de la v\u00eda de la simplicidad que la gran mayor\u00eda de las personas no desea ahora como forma de vida pero que como especie no podremos evitar.<\/p>\n<p>En este contexto, m\u00e1s importante que la educaci\u00f3n ambiental ser\u00e1 el desarrollo de una espiritualidad que acompa\u00f1e el proceso de renuncia voluntaria. En vez de acumular cosas, este proceso dar\u00e1 lugar a nuevos v\u00ednculos y alianzas que definir\u00e1n un nuevo trato con la naturaleza y con las dem\u00e1s especies.<\/p>\n<p>El dilema ya no es el cl\u00e1sico que predomin\u00f3 en el siglo pasado, reforma o revoluci\u00f3n. Hoy estamos frente a una in\u00e9dita decisi\u00f3n colectiva y existencial. Si no cambiamos dr\u00e1sticamente nuestra forma de habitar el planeta, seguiremos avanzando hacia la extinci\u00f3n.<\/p>\n<p>Por\u00a0<strong>Manuel Baquedano<\/strong><\/p>\n<p><em>Presidente del Instituto de Ecolog\u00eda Pol\u00edtica<\/em><\/p>\n<p>Columna publicada originalmente el 25 de mayo de 2023 en\u00a0<a href=\"https:\/\/www.poderyliderazgo.cl\/opinion-decrecer-vivir-mejor-con-menos\/\" target=\"_blank\" rel=\"noreferrer noopener\"><em>Poder y Liderazgo<\/em><\/a>.<\/p>\n<p>Fuente\u00a0<a href=\"https:\/\/lariquezaestiempo.com\/10-caracteristicas-personas-frugales\/\" target=\"_blank\" rel=\"noreferrer noopener\">fotograf\u00eda<\/a><\/p>\n<div class=\"mx-auto text-center\">\n<div id=\"EC2021_SINGLE_INTEXT_04\" class=\"my-4 py-4\"><\/div>\n<\/div>\n<\/div>\n<div class=\"row\">\n<div class=\"col pb-3\">\n<div id=\"donate-box\" class=\"row border-top my-5 pt-5 pb-2\">\n<div class=\"col-12 col-md-12\"><\/div>\n<div class=\"col-12 col-md-12 text-center\">\n<div id=\"donate-reveniu\" class=\"row mx-2 mx-md-n3 only-CL-\">\n<div class=\"col-12 my-3\">\n<div><\/div>\n<\/div>\n<\/div>\n<\/div>\n<\/div>\n<\/div>\n<\/div>\n<div id=\"related-cards\" class=\"mt-4\"><\/div>\n<\/div>\n<\/div>\n<\/article>\n","protected":false},"excerpt":{"rendered":"<p>Por\u00a0Manuel Baquedano Hoy estamos frente a una in\u00e9dita decisi\u00f3n colectiva y existencial. Si no cambiamos dr\u00e1sticamente nuestra forma de habitar el planeta, seguiremos avanzando hacia la extinci\u00f3n. La semana pasada, en el\u00a0Parlamento Europeo, se realiz\u00f3 por primera vez un seminario&hellip;<\/p>\n","protected":false},"author":616,"featured_media":1743023,"comment_status":"closed","ping_status":"closed","sticky":false,"template":"","format":"standard","meta":{"footnotes":""},"categories":[78,81,39,161,67],"tags":[29,27456,407,12010],"class_list":["post-1743022","post","type-post","status-publish","format-standard","has-post-thumbnail","hentry","category-medio-ambiente-ecologia","category-economia-es","category-internacional","category-opiniones","category-sudamerica","tag-chile","tag-ecologia-social","tag-medio-ambiente","tag-mundo-es"],"yoast_head":"<!-- This site is optimized with the Yoast SEO plugin v27.1.1 - https:\/\/yoast.com\/product\/yoast-seo-wordpress\/ -->\n<title>Decrecer: vivir mejor con menos<\/title>\n<meta name=\"description\" content=\"Por\u00a0Manuel Baquedano Hoy estamos frente a una in\u00e9dita decisi\u00f3n colectiva y existencial. Si no cambiamos dr\u00e1sticamente nuestra forma de habitar el planeta,\" \/>\n<meta name=\"robots\" content=\"index, follow, max-snippet:-1, max-image-preview:large, max-video-preview:-1\" \/>\n<link rel=\"canonical\" href=\"https:\/\/www.pressenza.com\/es\/2023\/05\/decrecer-vivir-mejor-con-menos\/\" \/>\n<meta property=\"og:locale\" content=\"es_ES\" \/>\n<meta property=\"og:type\" content=\"article\" \/>\n<meta property=\"og:title\" content=\"Decrecer: vivir mejor con menos\" \/>\n<meta property=\"og:description\" content=\"Por\u00a0Manuel Baquedano Hoy estamos frente a una in\u00e9dita decisi\u00f3n colectiva y existencial. Si no cambiamos dr\u00e1sticamente nuestra forma de habitar el planeta,\" \/>\n<meta property=\"og:url\" content=\"https:\/\/www.pressenza.com\/es\/2023\/05\/decrecer-vivir-mejor-con-menos\/\" \/>\n<meta property=\"og:site_name\" content=\"Pressenza\" \/>\n<meta property=\"article:publisher\" content=\"https:\/\/www.facebook.com\/PressenzaItalia\" \/>\n<meta property=\"article:published_time\" content=\"2023-05-31T18:43:25+00:00\" \/>\n<meta property=\"article:modified_time\" content=\"2023-05-31T18:51:21+00:00\" \/>\n<meta property=\"og:image\" content=\"https:\/\/www.pressenza.com\/wp-content\/uploads\/2023\/05\/frugalidad-624x416-1.jpg\" \/>\n\t<meta property=\"og:image:width\" content=\"624\" \/>\n\t<meta property=\"og:image:height\" content=\"416\" \/>\n\t<meta property=\"og:image:type\" content=\"image\/jpeg\" \/>\n<meta name=\"author\" content=\"El Ciudadano\" \/>\n<meta name=\"twitter:card\" content=\"summary_large_image\" \/>\n<meta name=\"twitter:creator\" content=\"@PressenzaIPA\" \/>\n<meta name=\"twitter:site\" content=\"@PressenzaIPA\" \/>\n<meta name=\"twitter:label1\" content=\"Escrito por\" \/>\n\t<meta name=\"twitter:data1\" content=\"El Ciudadano\" \/>\n\t<meta name=\"twitter:label2\" content=\"Tiempo de lectura\" \/>\n\t<meta name=\"twitter:data2\" content=\"4 minutos\" \/>\n<script type=\"application\/ld+json\" class=\"yoast-schema-graph\">{\"@context\":\"https:\/\/schema.org\",\"@graph\":[{\"@type\":\"Article\",\"@id\":\"https:\/\/www.pressenza.com\/es\/2023\/05\/decrecer-vivir-mejor-con-menos\/#article\",\"isPartOf\":{\"@id\":\"https:\/\/www.pressenza.com\/es\/2023\/05\/decrecer-vivir-mejor-con-menos\/\"},\"author\":{\"name\":\"El Ciudadano\",\"@id\":\"https:\/\/www.pressenza.com\/es\/#\/schema\/person\/6522eecb4cd68e074b27e251e4b04ef8\"},\"headline\":\"Decrecer: vivir mejor con menos\",\"datePublished\":\"2023-05-31T18:43:25+00:00\",\"dateModified\":\"2023-05-31T18:51:21+00:00\",\"mainEntityOfPage\":{\"@id\":\"https:\/\/www.pressenza.com\/es\/2023\/05\/decrecer-vivir-mejor-con-menos\/\"},\"wordCount\":777,\"publisher\":{\"@id\":\"https:\/\/www.pressenza.com\/es\/#organization\"},\"image\":{\"@id\":\"https:\/\/www.pressenza.com\/es\/2023\/05\/decrecer-vivir-mejor-con-menos\/#primaryimage\"},\"thumbnailUrl\":\"https:\/\/www.pressenza.com\/wp-content\/uploads\/2023\/05\/frugalidad-624x416-1.jpg\",\"keywords\":[\"Chile\",\"ecolog\u00eda social\",\"medio ambiente\",\"mundo\"],\"articleSection\":[\"Ecolog\u00eda y Medio Ambiente\",\"Econom\u00eda\",\"Internacional\",\"Opiniones\",\"Sudam\u00e9rica\"],\"inLanguage\":\"es\"},{\"@type\":\"WebPage\",\"@id\":\"https:\/\/www.pressenza.com\/es\/2023\/05\/decrecer-vivir-mejor-con-menos\/\",\"url\":\"https:\/\/www.pressenza.com\/es\/2023\/05\/decrecer-vivir-mejor-con-menos\/\",\"name\":\"Decrecer: vivir mejor con menos\",\"isPartOf\":{\"@id\":\"https:\/\/www.pressenza.com\/es\/#website\"},\"primaryImageOfPage\":{\"@id\":\"https:\/\/www.pressenza.com\/es\/2023\/05\/decrecer-vivir-mejor-con-menos\/#primaryimage\"},\"image\":{\"@id\":\"https:\/\/www.pressenza.com\/es\/2023\/05\/decrecer-vivir-mejor-con-menos\/#primaryimage\"},\"thumbnailUrl\":\"https:\/\/www.pressenza.com\/wp-content\/uploads\/2023\/05\/frugalidad-624x416-1.jpg\",\"datePublished\":\"2023-05-31T18:43:25+00:00\",\"dateModified\":\"2023-05-31T18:51:21+00:00\",\"description\":\"Por\u00a0Manuel Baquedano Hoy estamos frente a una in\u00e9dita decisi\u00f3n colectiva y existencial. Si no cambiamos dr\u00e1sticamente nuestra forma de habitar el planeta,\",\"breadcrumb\":{\"@id\":\"https:\/\/www.pressenza.com\/es\/2023\/05\/decrecer-vivir-mejor-con-menos\/#breadcrumb\"},\"inLanguage\":\"es\",\"potentialAction\":[{\"@type\":\"ReadAction\",\"target\":[\"https:\/\/www.pressenza.com\/es\/2023\/05\/decrecer-vivir-mejor-con-menos\/\"]}]},{\"@type\":\"ImageObject\",\"inLanguage\":\"es\",\"@id\":\"https:\/\/www.pressenza.com\/es\/2023\/05\/decrecer-vivir-mejor-con-menos\/#primaryimage\",\"url\":\"https:\/\/www.pressenza.com\/wp-content\/uploads\/2023\/05\/frugalidad-624x416-1.jpg\",\"contentUrl\":\"https:\/\/www.pressenza.com\/wp-content\/uploads\/2023\/05\/frugalidad-624x416-1.jpg\",\"width\":624,\"height\":416,\"caption\":\"La semana pasada, en el Parlamento Europeo, se realiz\u00f3 por primera vez un seminario acerca del decrecimiento. Al finalizar, los miembros de distintos pa\u00edses y grupos pol\u00edticos firmaron un art\u00edculo titulado \u201cAbandonar el crecimiento no s\u00f3lo es deseable sino esencial\u201d.\"},{\"@type\":\"BreadcrumbList\",\"@id\":\"https:\/\/www.pressenza.com\/es\/2023\/05\/decrecer-vivir-mejor-con-menos\/#breadcrumb\",\"itemListElement\":[{\"@type\":\"ListItem\",\"position\":1,\"name\":\"Accueil\",\"item\":\"https:\/\/www.pressenza.com\/es\/\"},{\"@type\":\"ListItem\",\"position\":2,\"name\":\"Decrecer: vivir mejor con menos\"}]},{\"@type\":\"WebSite\",\"@id\":\"https:\/\/www.pressenza.com\/es\/#website\",\"url\":\"https:\/\/www.pressenza.com\/es\/\",\"name\":\"Pressenza\",\"description\":\"International Press Agency\",\"publisher\":{\"@id\":\"https:\/\/www.pressenza.com\/es\/#organization\"},\"potentialAction\":[{\"@type\":\"SearchAction\",\"target\":{\"@type\":\"EntryPoint\",\"urlTemplate\":\"https:\/\/www.pressenza.com\/es\/?s={search_term_string}\"},\"query-input\":{\"@type\":\"PropertyValueSpecification\",\"valueRequired\":true,\"valueName\":\"search_term_string\"}}],\"inLanguage\":\"es\"},{\"@type\":\"Organization\",\"@id\":\"https:\/\/www.pressenza.com\/es\/#organization\",\"name\":\"Pressenza\",\"url\":\"https:\/\/www.pressenza.com\/es\/\",\"logo\":{\"@type\":\"ImageObject\",\"inLanguage\":\"es\",\"@id\":\"https:\/\/www.pressenza.com\/es\/#\/schema\/logo\/image\/\",\"url\":\"https:\/\/www.pressenza.com\/wp-content\/uploads\/2022\/10\/pressenza_logo_200x200.jpg\",\"contentUrl\":\"https:\/\/www.pressenza.com\/wp-content\/uploads\/2022\/10\/pressenza_logo_200x200.jpg\",\"width\":200,\"height\":200,\"caption\":\"Pressenza\"},\"image\":{\"@id\":\"https:\/\/www.pressenza.com\/es\/#\/schema\/logo\/image\/\"},\"sameAs\":[\"https:\/\/www.facebook.com\/PressenzaItalia\",\"https:\/\/x.com\/PressenzaIPA\"]},{\"@type\":\"Person\",\"@id\":\"https:\/\/www.pressenza.com\/es\/#\/schema\/person\/6522eecb4cd68e074b27e251e4b04ef8\",\"name\":\"El Ciudadano\",\"description\":\"El Ciudadano es un medio de comunicaci\u00f3n de circulaci\u00f3n mensual en papel y de funcionamiento diario en la web. Forma parte de la Red de Medios de los Pueblos por lo que se declara como un medio del Tercer Sector para romper el cerco informativo. El Ciudadano es una publicaci\u00f3n que busca elevar desde lo local a lo global las demandas de la organizaci\u00f3n social chilena como tambi\u00e9n promover la acci\u00f3n directa de la ciudadan\u00eda por su derecho a autodeterminaci\u00f3n. elciudadano.cl\",\"url\":\"https:\/\/www.pressenza.com\/es\/author\/el-ciudadano\/\"}]}<\/script>\n<!-- \/ Yoast SEO plugin. -->","yoast_head_json":{"title":"Decrecer: vivir mejor con menos","description":"Por\u00a0Manuel Baquedano Hoy estamos frente a una in\u00e9dita decisi\u00f3n colectiva y existencial. Si no cambiamos dr\u00e1sticamente nuestra forma de habitar el planeta,","robots":{"index":"index","follow":"follow","max-snippet":"max-snippet:-1","max-image-preview":"max-image-preview:large","max-video-preview":"max-video-preview:-1"},"canonical":"https:\/\/www.pressenza.com\/es\/2023\/05\/decrecer-vivir-mejor-con-menos\/","og_locale":"es_ES","og_type":"article","og_title":"Decrecer: vivir mejor con menos","og_description":"Por\u00a0Manuel Baquedano Hoy estamos frente a una in\u00e9dita decisi\u00f3n colectiva y existencial. Si no cambiamos dr\u00e1sticamente nuestra forma de habitar el planeta,","og_url":"https:\/\/www.pressenza.com\/es\/2023\/05\/decrecer-vivir-mejor-con-menos\/","og_site_name":"Pressenza","article_publisher":"https:\/\/www.facebook.com\/PressenzaItalia","article_published_time":"2023-05-31T18:43:25+00:00","article_modified_time":"2023-05-31T18:51:21+00:00","og_image":[{"width":624,"height":416,"url":"https:\/\/www.pressenza.com\/wp-content\/uploads\/2023\/05\/frugalidad-624x416-1.jpg","type":"image\/jpeg"}],"author":"El Ciudadano","twitter_card":"summary_large_image","twitter_creator":"@PressenzaIPA","twitter_site":"@PressenzaIPA","twitter_misc":{"Escrito por":"El Ciudadano","Tiempo de lectura":"4 minutos"},"schema":{"@context":"https:\/\/schema.org","@graph":[{"@type":"Article","@id":"https:\/\/www.pressenza.com\/es\/2023\/05\/decrecer-vivir-mejor-con-menos\/#article","isPartOf":{"@id":"https:\/\/www.pressenza.com\/es\/2023\/05\/decrecer-vivir-mejor-con-menos\/"},"author":{"name":"El Ciudadano","@id":"https:\/\/www.pressenza.com\/es\/#\/schema\/person\/6522eecb4cd68e074b27e251e4b04ef8"},"headline":"Decrecer: vivir mejor con menos","datePublished":"2023-05-31T18:43:25+00:00","dateModified":"2023-05-31T18:51:21+00:00","mainEntityOfPage":{"@id":"https:\/\/www.pressenza.com\/es\/2023\/05\/decrecer-vivir-mejor-con-menos\/"},"wordCount":777,"publisher":{"@id":"https:\/\/www.pressenza.com\/es\/#organization"},"image":{"@id":"https:\/\/www.pressenza.com\/es\/2023\/05\/decrecer-vivir-mejor-con-menos\/#primaryimage"},"thumbnailUrl":"https:\/\/www.pressenza.com\/wp-content\/uploads\/2023\/05\/frugalidad-624x416-1.jpg","keywords":["Chile","ecolog\u00eda social","medio ambiente","mundo"],"articleSection":["Ecolog\u00eda y Medio Ambiente","Econom\u00eda","Internacional","Opiniones","Sudam\u00e9rica"],"inLanguage":"es"},{"@type":"WebPage","@id":"https:\/\/www.pressenza.com\/es\/2023\/05\/decrecer-vivir-mejor-con-menos\/","url":"https:\/\/www.pressenza.com\/es\/2023\/05\/decrecer-vivir-mejor-con-menos\/","name":"Decrecer: vivir mejor con menos","isPartOf":{"@id":"https:\/\/www.pressenza.com\/es\/#website"},"primaryImageOfPage":{"@id":"https:\/\/www.pressenza.com\/es\/2023\/05\/decrecer-vivir-mejor-con-menos\/#primaryimage"},"image":{"@id":"https:\/\/www.pressenza.com\/es\/2023\/05\/decrecer-vivir-mejor-con-menos\/#primaryimage"},"thumbnailUrl":"https:\/\/www.pressenza.com\/wp-content\/uploads\/2023\/05\/frugalidad-624x416-1.jpg","datePublished":"2023-05-31T18:43:25+00:00","dateModified":"2023-05-31T18:51:21+00:00","description":"Por\u00a0Manuel Baquedano Hoy estamos frente a una in\u00e9dita decisi\u00f3n colectiva y existencial. Si no cambiamos dr\u00e1sticamente nuestra forma de habitar el planeta,","breadcrumb":{"@id":"https:\/\/www.pressenza.com\/es\/2023\/05\/decrecer-vivir-mejor-con-menos\/#breadcrumb"},"inLanguage":"es","potentialAction":[{"@type":"ReadAction","target":["https:\/\/www.pressenza.com\/es\/2023\/05\/decrecer-vivir-mejor-con-menos\/"]}]},{"@type":"ImageObject","inLanguage":"es","@id":"https:\/\/www.pressenza.com\/es\/2023\/05\/decrecer-vivir-mejor-con-menos\/#primaryimage","url":"https:\/\/www.pressenza.com\/wp-content\/uploads\/2023\/05\/frugalidad-624x416-1.jpg","contentUrl":"https:\/\/www.pressenza.com\/wp-content\/uploads\/2023\/05\/frugalidad-624x416-1.jpg","width":624,"height":416,"caption":"La semana pasada, en el Parlamento Europeo, se realiz\u00f3 por primera vez un seminario acerca del decrecimiento. Al finalizar, los miembros de distintos pa\u00edses y grupos pol\u00edticos firmaron un art\u00edculo titulado \u201cAbandonar el crecimiento no s\u00f3lo es deseable sino esencial\u201d."},{"@type":"BreadcrumbList","@id":"https:\/\/www.pressenza.com\/es\/2023\/05\/decrecer-vivir-mejor-con-menos\/#breadcrumb","itemListElement":[{"@type":"ListItem","position":1,"name":"Accueil","item":"https:\/\/www.pressenza.com\/es\/"},{"@type":"ListItem","position":2,"name":"Decrecer: vivir mejor con menos"}]},{"@type":"WebSite","@id":"https:\/\/www.pressenza.com\/es\/#website","url":"https:\/\/www.pressenza.com\/es\/","name":"Pressenza","description":"International Press Agency","publisher":{"@id":"https:\/\/www.pressenza.com\/es\/#organization"},"potentialAction":[{"@type":"SearchAction","target":{"@type":"EntryPoint","urlTemplate":"https:\/\/www.pressenza.com\/es\/?s={search_term_string}"},"query-input":{"@type":"PropertyValueSpecification","valueRequired":true,"valueName":"search_term_string"}}],"inLanguage":"es"},{"@type":"Organization","@id":"https:\/\/www.pressenza.com\/es\/#organization","name":"Pressenza","url":"https:\/\/www.pressenza.com\/es\/","logo":{"@type":"ImageObject","inLanguage":"es","@id":"https:\/\/www.pressenza.com\/es\/#\/schema\/logo\/image\/","url":"https:\/\/www.pressenza.com\/wp-content\/uploads\/2022\/10\/pressenza_logo_200x200.jpg","contentUrl":"https:\/\/www.pressenza.com\/wp-content\/uploads\/2022\/10\/pressenza_logo_200x200.jpg","width":200,"height":200,"caption":"Pressenza"},"image":{"@id":"https:\/\/www.pressenza.com\/es\/#\/schema\/logo\/image\/"},"sameAs":["https:\/\/www.facebook.com\/PressenzaItalia","https:\/\/x.com\/PressenzaIPA"]},{"@type":"Person","@id":"https:\/\/www.pressenza.com\/es\/#\/schema\/person\/6522eecb4cd68e074b27e251e4b04ef8","name":"El Ciudadano","description":"El Ciudadano es un medio de comunicaci\u00f3n de circulaci\u00f3n mensual en papel y de funcionamiento diario en la web. Forma parte de la Red de Medios de los Pueblos por lo que se declara como un medio del Tercer Sector para romper el cerco informativo. El Ciudadano es una publicaci\u00f3n que busca elevar desde lo local a lo global las demandas de la organizaci\u00f3n social chilena como tambi\u00e9n promover la acci\u00f3n directa de la ciudadan\u00eda por su derecho a autodeterminaci\u00f3n. elciudadano.cl","url":"https:\/\/www.pressenza.com\/es\/author\/el-ciudadano\/"}]}},"place":"","original_article_url":"","_links":{"self":[{"href":"https:\/\/www.pressenza.com\/es\/wp-json\/wp\/v2\/posts\/1743022","targetHints":{"allow":["GET"]}}],"collection":[{"href":"https:\/\/www.pressenza.com\/es\/wp-json\/wp\/v2\/posts"}],"about":[{"href":"https:\/\/www.pressenza.com\/es\/wp-json\/wp\/v2\/types\/post"}],"author":[{"embeddable":true,"href":"https:\/\/www.pressenza.com\/es\/wp-json\/wp\/v2\/users\/616"}],"replies":[{"embeddable":true,"href":"https:\/\/www.pressenza.com\/es\/wp-json\/wp\/v2\/comments?post=1743022"}],"version-history":[{"count":0,"href":"https:\/\/www.pressenza.com\/es\/wp-json\/wp\/v2\/posts\/1743022\/revisions"}],"wp:featuredmedia":[{"embeddable":true,"href":"https:\/\/www.pressenza.com\/es\/wp-json\/wp\/v2\/media\/1743023"}],"wp:attachment":[{"href":"https:\/\/www.pressenza.com\/es\/wp-json\/wp\/v2\/media?parent=1743022"}],"wp:term":[{"taxonomy":"category","embeddable":true,"href":"https:\/\/www.pressenza.com\/es\/wp-json\/wp\/v2\/categories?post=1743022"},{"taxonomy":"post_tag","embeddable":true,"href":"https:\/\/www.pressenza.com\/es\/wp-json\/wp\/v2\/tags?post=1743022"}],"curies":[{"name":"wp","href":"https:\/\/api.w.org\/{rel}","templated":true}]}}