{"id":1742854,"date":"2023-05-30T23:23:40","date_gmt":"2023-05-30T22:23:40","guid":{"rendered":"https:\/\/www.pressenza.com\/?p=1742854"},"modified":"2023-05-30T23:23:40","modified_gmt":"2023-05-30T22:23:40","slug":"prensa-libre-e-informacion-no-manipulada","status":"publish","type":"post","link":"https:\/\/www.pressenza.com\/es\/2023\/05\/prensa-libre-e-informacion-no-manipulada\/","title":{"rendered":"Prensa libre e informaci\u00f3n no manipulada"},"content":{"rendered":"<blockquote><p>Por una prensa libertaria que cierre el camino a la manipulaci\u00f3n.<\/p><\/blockquote>\n<p>En el a\u00f1o 1993, la Asamblea General de las Naciones Unidas, siguiendo la recomendaci\u00f3n de la Conferencia General de la UNESCO, proclam\u00f3 el 3 de mayo como el D\u00eda Mundial de la Libertad de Prensa. La fecha elegida fue motivada por el aniversario de la Declaraci\u00f3n de Windhoek (03-05-1991), en la cual representantes de medios de comunicaci\u00f3n africanos participaron en un seminario organizado por la UNESCO en la capital de Namibia, elaborando un documento donde se anunciaron los principios de la libertad de prensa.<\/p>\n<p>En la declaraci\u00f3n de Windhoek se se\u00f1ala que: \u201cde acuerdo a lo expresado en el art\u00edculo 19 de la Declaraci\u00f3n Universal de Derechos Humanos (1948); Todo individuo tiene derecho a la libertad de opini\u00f3n y de expresi\u00f3n; este derecho incluye el de no ser molestado a causa de sus opiniones, el de investigar y recibir informaciones y opiniones, y el de difundirlas, sin limitaci\u00f3n de fronteras, por cualquier medio de expresi\u00f3n\u201d. Lo expresado anteriormente implica para Naciones Unidas, establecer, mantener y fortalecer una prensa independiente, pluralista, y libre. Por prensa independiente debe entenderse una prensa sobre la cual los poderes p\u00fablicos no ejerzan ni dominio pol\u00edtico o econ\u00f3mico, ni control sobre los materiales y la infraestructura necesarios para la producci\u00f3n y difusi\u00f3n de diarios, revistas y otras publicaciones peri\u00f3dicas. Por prensa pluralista debe entenderse la supresi\u00f3n de los monopolios de toda clase y la existencia del mayor n\u00famero posible de diarios, revistas y otras publicaciones peri\u00f3dicas que reflejen la m\u00e1s amplia gama posible de opiniones dentro de la comunidad.<\/p>\n<p>Como ocurre con otros temas que se abordan desde Naciones Unidas, las aspiraciones y declaraciones est\u00e1n muy alejadas de los hechos y las situaciones en que se vive.<\/p>\n<p>Si algo jam\u00e1s ha sido independiente es la prensa. Viviendo el g\u00e9nero humano aun en su prehistoria social, la prensa como el resto de las actividades humanas ha estado condicionada por la violenta relaci\u00f3n entre opresores y oprimidos. La prensa ha estado muy ligada a la propaganda de los diferentes intereses de las minor\u00edas que se han apropiado del todo social y las grandes mayor\u00edas que padecen, y otras veces resisten y luchan contra la opresi\u00f3n, generando sus propios medios de prensa.<\/p>\n<p>En el contexto de las relaciones de opresi\u00f3n, los l\u00edmites y las diferencias entre prensa y propaganda son muy borrosos. Para conocer el n\u00facleo de intereses y motivaciones que han orientado la relaci\u00f3n entre la prensa y la propaganda es recomendable el acercamiento a la obra de Edward Bernays, particularmente a su libro \u201cPropaganda\u201d (1928).<\/p>\n<p>En tiempos m\u00e1s recientes, con el advenimiento del orden hegem\u00f3nico neoliberal capitalista, de la d\u00e9cada de los a\u00f1os 80 del siglo pasado, desde Occidente se impuso al resto del mundo, una agenda \u00fanica de temas con sus enfoques y valoraciones. El informe Mac Bride emitido desde una comisi\u00f3n de la UNESCO en 1980 advert\u00eda sobre la fragilidad y la vulnerabilidad de la prensa a consecuencia de las grandes presiones econ\u00f3micas, financieras y pol\u00edticas que sufr\u00edan los medios de comunicaci\u00f3n del momento, por parte de las grandes corporaciones medi\u00e1ticas. Ese valios\u00edsimo informe en medio del avasallamiento neoliberal perdi\u00f3 relevancia y hoy es pr\u00e1cticamente desconocido, pero constituye un importante trabajo para comprender de d\u00f3nde venimos en materia de manipulaci\u00f3n a la libertad de expresi\u00f3n y el papel que desempe\u00f1a el accionar de los grandes medios de comunicaci\u00f3n masiva.<\/p>\n<p>En este \u00faltimo medio siglo, las c\u00fapulas de los pa\u00edses europeos (especialmente Reino Unido, Francia y Alemania) y de EE.UU. detentaron un monopolio informativo casi total, con medios que forjaron su prestigio y credibilidad antes de la segunda guerra mundial como la BBC o m\u00e1s recientemente como CNN.<\/p>\n<p>La consecuencia de este control de los opresores occidentales, trajo como consecuencia la total ausencia de puntos de vista que cuestionen el orden Capitalista, imponi\u00e9ndose una visi\u00f3n del mundo, estrecha y alejada de las necesidades de las grandes mayor\u00edas. La prensa entonces es utilizada como instrumento para generar temor, dividir y confrontar a los oprimidos entre s\u00ed, distorsionando el significado de t\u00e9rminos como: democracia, derechos humanos, libertad, paz, solidaridad, ayuda humanitaria, etc.<\/p>\n<p>En la actualidad los \u00faltimos avances en TICs (tecnolog\u00edas de la informaci\u00f3n y la comunicaci\u00f3n) desarrollados a trav\u00e9s de internet, inteligencia artificial, big data, etc; lejos de estar al servicio del bienestar y la calidad de vida com\u00fan, se utilizan por los gigantes medi\u00e1ticos, inform\u00e1ticos y las plataformas oligop\u00f3licas de occidente, para controlar la producci\u00f3n de informaci\u00f3n y su difusi\u00f3n bloqueando o aislando las voces disidentes.<\/p>\n<p>Hay una verdadera guerra de la informaci\u00f3n contra naciones asi\u00e1ticas, africanas y de determinados pa\u00edses de Am\u00e9rica Latina, que muy lejos de promover la paz, fomentan las confrontaciones y presentan una realidad donde los enfoques sobre \u201cel mundo de las finanzas\u201d; \u201clos recursos naturales\u201d, \u201cla ciencia y la tecnolog\u00eda\u201d, \u201cel complejo militar -industrial\u201d y \u201clos medios masivos\u201d responden a un verdadero coloniaje del siglo XXI.<\/p>\n<p>En nuestro an\u00e1lisis sobre la situaci\u00f3n mundial de Agosto de 20221, al abordar el papel de los medios masivos se\u00f1alamos: \u201cTempranamente en los a\u00f1os 80, Silo nos advirti\u00f3 que ser\u00eda central a futuro la disputa por el control del espacio de representaci\u00f3n interna de las personas, el control de lo que imaginamos. En una charla realmente magistral en Mar del Plata, Argentina (15\/12\/1986), con los Sectores Apoyos del Movimiento Humanista, sobre la importancia del trabajo personal en funci\u00f3n de la transformaci\u00f3n social, Silo diserto y explic\u00f3 que el trabajo con la atenci\u00f3n, con la imaginaci\u00f3n y la relaci\u00f3n entre la problem\u00e1tica personal y la problem\u00e1tica social, eran los tres pilares b\u00e1sicos del trabajo personal para los tiempos que ven\u00edan, en la b\u00fasqueda permanente de adaptarnos crecientemente al medio, tener defensas ante la \u00abhipnosis\u00bb propuesta desde los centros del poder del sistema y estar fortalecidos para trabajar por la humanizaci\u00f3n de la tierra\u201d.<\/p>\n<p>Es muy evidente que desde los medios masivos de comunicaci\u00f3n se irradian los est\u00edmulos que pretenden propiciar esa \u201chipnosis\u201d, que busca sostener el decadente sistema en que vivimos. Esta propagaci\u00f3n alienante encuentra resistencias que promueven la posibilidad de cuestionar lo que se recibe, romper los espejismos y propiciar v\u00edas alternativas de comunicaci\u00f3n para transformar positivamente la sociedad.<\/p>\n<p>Los conglomerados medi\u00e1ticos occidentales est\u00e1n en un proceso de fusiones y concentraci\u00f3n como ocurre con otras \u00e1reas de las corporaciones. AT&amp;T y Comcast son dos de los mayores exponentes del oligopolio medi\u00e1tico que concentran las grandes empresas de televisi\u00f3n por cable, paga, v\u00eda sat\u00e9lite y digital; telefon\u00eda fija y m\u00f3vil; banda ancha; producci\u00f3n de pel\u00edculas y televisi\u00f3n; agencias de noticias e industria de videojuegos. Los cinco mayores conglomerados transnacionales tienen sede en Estados Unidos: Disney, Charter, Communications, News Corp., NBC Universal y Paramount Global y controlan m\u00e1s del 60% del rubro en todo el planeta, poseen m\u00e1s de 1.000 peri\u00f3dicos y revistas, superan las 2.000 editoriales, disponen de unas 9.000 emisoras de radio y de alrededor de 1.200 cadenas de televisi\u00f3n. Seg\u00fan la organizaci\u00f3n \u201cReporteros sin fronteras\u201d, en los a\u00f1os de la d\u00e9cada de 1980 en EE.UU. la concentraci\u00f3n de medios era 10 veces menor a la actual.\u201d<\/p>\n<p>En otro p\u00e1rrafo de nuestro an\u00e1lisis del a\u00f1o pasado se\u00f1alamos2: Los grandes medios concentrados (escritos, radiales, televisivos, redes sociales, etc.) que son propiedad del gran capital, se presentan ante la sociedad, como independientes, objetivos, neutrales, etc.; cuando no son otra cosa que propaganda, que pretende que los oprimidos adoptemos las creencias y valores que convienen a la opresi\u00f3n.<\/p>\n<p>La desproporci\u00f3n de la potencia que existe entre los grandes medios del gran capital y los medios que se impulsan desde lo alternativo y desde las disidencias al capitalismo, es enorme. Si comparamos el espacio y los tiempos que pertenecen a unos y a otros, pareciera que las emisiones que representan a las grandes corporaciones empresariales y al sistema financiero, respecto a las emisiones que representan a los trabajadores, desocupados, discriminados y oprimidos en general, est\u00e1n en favor de los primeros en una proporci\u00f3n de 99 a 1. Los grandes medios masivos constituyen una de las principales fuentes de propagaci\u00f3n del modelo cultural. Estos medios no suelen equivocarse en la agenda de los temas a tratar, la declamada \u201clibertad de prensa\u201d se transforma entonces en nada m\u00e1s que \u201clibertad de empresa\u201d.<\/p>\n<p>La situaci\u00f3n de los trabajadores de prensa est\u00e1 atravesada por todos los tipos de violencia incluida la p\u00e9rdida de la vida de forma violenta. Desde 2016 hasta finales de 2021, UNESCO registr\u00f3 los asesinatos de 455 periodistas, que murieron por su trabajo o en el trabajo. Al mismo tiempo, el encarcelamiento de periodistas ha alcanzado niveles r\u00e9cord. La situaci\u00f3n de Julian Assange, es el m\u00e1s notorio caso de criminalizar al periodismo de investigaci\u00f3n, que en el caso de Wikileaks dej\u00f3 expuestos cr\u00edmenes de guerra, torturas y alta corrupci\u00f3n.<\/p>\n<p>Las y los humanistas proponemos la necesidad de educar e informar promoviendo la igualdad de todos los seres humanos, no solo de derechos sino de oportunidades, la libertad, la solidaridad, la no discriminaci\u00f3n y la no violencia activa para avanzar hacia la Naci\u00f3n Humana Universal.<\/p>\n<p>La prensa debe contribuir al desarrollo de la identidad y de la convergencia de la diversidad de los pueblos, as\u00ed como fomentar la concepci\u00f3n del ser humano como un ser activo, transformador de la realidad y abierto al mundo.<\/p>\n<p>Las y los humanistas sostenemos que deben crearse medios de comunicaci\u00f3n p\u00fablicos, locales y de propiedad comunitaria estableciendo una tercera forma de propiedad: la social, con igual categor\u00eda que la propiedad privada y la propiedad estatal. Eliminando de este modo la concentraci\u00f3n de los medios de comunicaci\u00f3n, protegiendo y estimulando as\u00ed el desarrollo de las producciones descentralizadas y locales.<\/p>\n<p>Debe garantizarse en los hechos el derecho a la libertad de expresi\u00f3n creando espacios p\u00fablicos en todos los medios de comunicaci\u00f3n ya existentes. Debe garantizarse el acceso a los medios tecnol\u00f3gicos a todos los colectivos y minor\u00edas \u00e9tnicas, sexuales, culturales, etc.<\/p>\n<p>Se deben ejecutar pol\u00edticas p\u00fablicas que den acceso a los medios, que garanticen la protecci\u00f3n de los periodistas en el ejercicio de investigar y dar a conocer informaci\u00f3n a la poblaci\u00f3n. Para ello es necesario potenciar los derechos a la informaci\u00f3n, la opini\u00f3n y la r\u00e9plica. Y as\u00ed neutralizar la desinformaci\u00f3n, el sensacionalismo, la manipulaci\u00f3n de contenidos y las noticias falsas.<\/p>\n<p>Para el PHI, es entonces necesario el libre acceso a infraestructuras, tics y nuevas tecnolog\u00edas, deslig\u00e1ndose de las l\u00f3gicas dependientes del mercado. Deben definirse los conceptos de inter\u00e9s estrat\u00e9gico del estado y de inter\u00e9s social, colocando al ser humano como valor central. Estableciendo pol\u00edticas claras, de toma de decisiones a trav\u00e9s de las cuales el inter\u00e9s ciudadano, en primer lugar, y el progreso regional y nacional en segundo lugar, est\u00e9n situados por encima de cualquier inter\u00e9s de lucro, sin caer en el monopolio estatal.<\/p>\n<p>1<a href=\"https:\/\/www.internationalhumanistparty.org\/es\/doc\/analisis-de-la-situacion-mundial-eci-phi-agosto-2022\">https:\/\/www.internationalhumanistparty.org\/es\/doc\/analisis-de-la-situacion-mundial-eci-phi-agosto-2022<\/a><br \/>\n2<a href=\"https:\/\/www.internationalhumanistparty.org\/es\/doc\/analisis-de-la-situacion-mundial-eci-phi-agosto-2022\">https:\/\/www.internationalhumanistparty.org\/es\/doc\/analisis-de-la-situacion-mundial-eci-phi-agosto-2022<\/a><\/p>\n","protected":false},"excerpt":{"rendered":"<p>Por una prensa libertaria que cierre el camino a la manipulaci\u00f3n. En el a\u00f1o 1993, la Asamblea General de las Naciones Unidas, siguiendo la recomendaci\u00f3n de la Conferencia General de la UNESCO, proclam\u00f3 el 3 de mayo como el D\u00eda&hellip;<\/p>\n","protected":false},"author":624,"featured_media":1742855,"comment_status":"closed","ping_status":"closed","sticky":false,"template":"","format":"standard","meta":{"footnotes":""},"categories":[149,11389,75,39],"tags":[4581,662],"class_list":["post-1742854","post","type-post","status-publish","format-standard","has-post-thumbnail","hentry","category-comunicados-de-prensa","category-contenido-original","category-cultura-es","category-internacional","tag-comunicacion","tag-prensa"],"yoast_head":"<!-- This site is optimized with the Yoast SEO plugin v27.1.1 - https:\/\/yoast.com\/product\/yoast-seo-wordpress\/ -->\n<title>Prensa libre e informaci\u00f3n no manipulada<\/title>\n<meta name=\"description\" content=\"Por una prensa libertaria que cierre el camino a la manipulaci\u00f3n. En el a\u00f1o 1993, la Asamblea General de las Naciones Unidas, siguiendo la recomendaci\u00f3n\" \/>\n<meta name=\"robots\" content=\"index, follow, max-snippet:-1, max-image-preview:large, max-video-preview:-1\" \/>\n<link rel=\"canonical\" href=\"https:\/\/www.pressenza.com\/es\/2023\/05\/prensa-libre-e-informacion-no-manipulada\/\" \/>\n<meta property=\"og:locale\" content=\"es_ES\" \/>\n<meta property=\"og:type\" content=\"article\" \/>\n<meta property=\"og:title\" content=\"Prensa libre e informaci\u00f3n no manipulada\" \/>\n<meta property=\"og:description\" content=\"Por una prensa libertaria que cierre el camino a la manipulaci\u00f3n. En el a\u00f1o 1993, la Asamblea General de las Naciones Unidas, siguiendo la recomendaci\u00f3n\" \/>\n<meta property=\"og:url\" content=\"https:\/\/www.pressenza.com\/es\/2023\/05\/prensa-libre-e-informacion-no-manipulada\/\" \/>\n<meta property=\"og:site_name\" content=\"Pressenza\" \/>\n<meta property=\"article:publisher\" content=\"https:\/\/www.facebook.com\/PressenzaItalia\" \/>\n<meta property=\"article:published_time\" content=\"2023-05-30T22:23:40+00:00\" \/>\n<meta property=\"og:image\" content=\"https:\/\/www.pressenza.com\/wp-content\/uploads\/2023\/05\/censorship-4266441_960_720.jpg\" \/>\n\t<meta property=\"og:image:width\" content=\"960\" \/>\n\t<meta property=\"og:image:height\" content=\"429\" \/>\n\t<meta property=\"og:image:type\" content=\"image\/jpeg\" \/>\n<meta name=\"author\" content=\"Partido Humanista Internacional\" \/>\n<meta name=\"twitter:card\" content=\"summary_large_image\" \/>\n<meta name=\"twitter:creator\" content=\"@PressenzaIPA\" \/>\n<meta name=\"twitter:site\" content=\"@PressenzaIPA\" \/>\n<meta name=\"twitter:label1\" content=\"Escrito por\" \/>\n\t<meta name=\"twitter:data1\" content=\"Partido Humanista Internacional\" \/>\n\t<meta name=\"twitter:label2\" content=\"Tiempo de lectura\" \/>\n\t<meta name=\"twitter:data2\" content=\"9 minutos\" \/>\n<script type=\"application\/ld+json\" class=\"yoast-schema-graph\">{\"@context\":\"https:\/\/schema.org\",\"@graph\":[{\"@type\":\"Article\",\"@id\":\"https:\/\/www.pressenza.com\/es\/2023\/05\/prensa-libre-e-informacion-no-manipulada\/#article\",\"isPartOf\":{\"@id\":\"https:\/\/www.pressenza.com\/es\/2023\/05\/prensa-libre-e-informacion-no-manipulada\/\"},\"author\":{\"name\":\"Partido Humanista Internacional\",\"@id\":\"https:\/\/www.pressenza.com\/es\/#\/schema\/person\/f805ee4d4c0aa27aa176ccec26128d33\"},\"headline\":\"Prensa libre e informaci\u00f3n no manipulada\",\"datePublished\":\"2023-05-30T22:23:40+00:00\",\"mainEntityOfPage\":{\"@id\":\"https:\/\/www.pressenza.com\/es\/2023\/05\/prensa-libre-e-informacion-no-manipulada\/\"},\"wordCount\":1954,\"publisher\":{\"@id\":\"https:\/\/www.pressenza.com\/es\/#organization\"},\"image\":{\"@id\":\"https:\/\/www.pressenza.com\/es\/2023\/05\/prensa-libre-e-informacion-no-manipulada\/#primaryimage\"},\"thumbnailUrl\":\"https:\/\/www.pressenza.com\/wp-content\/uploads\/2023\/05\/censorship-4266441_960_720.jpg\",\"keywords\":[\"comunicaci\u00f3n\",\"prensa\"],\"articleSection\":[\"Comunicados de Prensa\",\"Contenido Original\",\"Cultura y Medios\",\"Internacional\"],\"inLanguage\":\"es\"},{\"@type\":\"WebPage\",\"@id\":\"https:\/\/www.pressenza.com\/es\/2023\/05\/prensa-libre-e-informacion-no-manipulada\/\",\"url\":\"https:\/\/www.pressenza.com\/es\/2023\/05\/prensa-libre-e-informacion-no-manipulada\/\",\"name\":\"Prensa libre e informaci\u00f3n no manipulada\",\"isPartOf\":{\"@id\":\"https:\/\/www.pressenza.com\/es\/#website\"},\"primaryImageOfPage\":{\"@id\":\"https:\/\/www.pressenza.com\/es\/2023\/05\/prensa-libre-e-informacion-no-manipulada\/#primaryimage\"},\"image\":{\"@id\":\"https:\/\/www.pressenza.com\/es\/2023\/05\/prensa-libre-e-informacion-no-manipulada\/#primaryimage\"},\"thumbnailUrl\":\"https:\/\/www.pressenza.com\/wp-content\/uploads\/2023\/05\/censorship-4266441_960_720.jpg\",\"datePublished\":\"2023-05-30T22:23:40+00:00\",\"description\":\"Por una prensa libertaria que cierre el camino a la manipulaci\u00f3n. En el a\u00f1o 1993, la Asamblea General de las Naciones Unidas, siguiendo la recomendaci\u00f3n\",\"breadcrumb\":{\"@id\":\"https:\/\/www.pressenza.com\/es\/2023\/05\/prensa-libre-e-informacion-no-manipulada\/#breadcrumb\"},\"inLanguage\":\"es\",\"potentialAction\":[{\"@type\":\"ReadAction\",\"target\":[\"https:\/\/www.pressenza.com\/es\/2023\/05\/prensa-libre-e-informacion-no-manipulada\/\"]}]},{\"@type\":\"ImageObject\",\"inLanguage\":\"es\",\"@id\":\"https:\/\/www.pressenza.com\/es\/2023\/05\/prensa-libre-e-informacion-no-manipulada\/#primaryimage\",\"url\":\"https:\/\/www.pressenza.com\/wp-content\/uploads\/2023\/05\/censorship-4266441_960_720.jpg\",\"contentUrl\":\"https:\/\/www.pressenza.com\/wp-content\/uploads\/2023\/05\/censorship-4266441_960_720.jpg\",\"width\":960,\"height\":429},{\"@type\":\"BreadcrumbList\",\"@id\":\"https:\/\/www.pressenza.com\/es\/2023\/05\/prensa-libre-e-informacion-no-manipulada\/#breadcrumb\",\"itemListElement\":[{\"@type\":\"ListItem\",\"position\":1,\"name\":\"Accueil\",\"item\":\"https:\/\/www.pressenza.com\/es\/\"},{\"@type\":\"ListItem\",\"position\":2,\"name\":\"Prensa libre e informaci\u00f3n no manipulada\"}]},{\"@type\":\"WebSite\",\"@id\":\"https:\/\/www.pressenza.com\/es\/#website\",\"url\":\"https:\/\/www.pressenza.com\/es\/\",\"name\":\"Pressenza\",\"description\":\"International Press Agency\",\"publisher\":{\"@id\":\"https:\/\/www.pressenza.com\/es\/#organization\"},\"potentialAction\":[{\"@type\":\"SearchAction\",\"target\":{\"@type\":\"EntryPoint\",\"urlTemplate\":\"https:\/\/www.pressenza.com\/es\/?s={search_term_string}\"},\"query-input\":{\"@type\":\"PropertyValueSpecification\",\"valueRequired\":true,\"valueName\":\"search_term_string\"}}],\"inLanguage\":\"es\"},{\"@type\":\"Organization\",\"@id\":\"https:\/\/www.pressenza.com\/es\/#organization\",\"name\":\"Pressenza\",\"url\":\"https:\/\/www.pressenza.com\/es\/\",\"logo\":{\"@type\":\"ImageObject\",\"inLanguage\":\"es\",\"@id\":\"https:\/\/www.pressenza.com\/es\/#\/schema\/logo\/image\/\",\"url\":\"https:\/\/www.pressenza.com\/wp-content\/uploads\/2022\/10\/pressenza_logo_200x200.jpg\",\"contentUrl\":\"https:\/\/www.pressenza.com\/wp-content\/uploads\/2022\/10\/pressenza_logo_200x200.jpg\",\"width\":200,\"height\":200,\"caption\":\"Pressenza\"},\"image\":{\"@id\":\"https:\/\/www.pressenza.com\/es\/#\/schema\/logo\/image\/\"},\"sameAs\":[\"https:\/\/www.facebook.com\/PressenzaItalia\",\"https:\/\/x.com\/PressenzaIPA\"]},{\"@type\":\"Person\",\"@id\":\"https:\/\/www.pressenza.com\/es\/#\/schema\/person\/f805ee4d4c0aa27aa176ccec26128d33\",\"name\":\"Partido Humanista Internacional\",\"description\":\"www.internationalhumanistparty.org\",\"url\":\"https:\/\/www.pressenza.com\/es\/author\/partido-humanista-internacional\/\"}]}<\/script>\n<!-- \/ Yoast SEO plugin. -->","yoast_head_json":{"title":"Prensa libre e informaci\u00f3n no manipulada","description":"Por una prensa libertaria que cierre el camino a la manipulaci\u00f3n. En el a\u00f1o 1993, la Asamblea General de las Naciones Unidas, siguiendo la recomendaci\u00f3n","robots":{"index":"index","follow":"follow","max-snippet":"max-snippet:-1","max-image-preview":"max-image-preview:large","max-video-preview":"max-video-preview:-1"},"canonical":"https:\/\/www.pressenza.com\/es\/2023\/05\/prensa-libre-e-informacion-no-manipulada\/","og_locale":"es_ES","og_type":"article","og_title":"Prensa libre e informaci\u00f3n no manipulada","og_description":"Por una prensa libertaria que cierre el camino a la manipulaci\u00f3n. En el a\u00f1o 1993, la Asamblea General de las Naciones Unidas, siguiendo la recomendaci\u00f3n","og_url":"https:\/\/www.pressenza.com\/es\/2023\/05\/prensa-libre-e-informacion-no-manipulada\/","og_site_name":"Pressenza","article_publisher":"https:\/\/www.facebook.com\/PressenzaItalia","article_published_time":"2023-05-30T22:23:40+00:00","og_image":[{"width":960,"height":429,"url":"https:\/\/www.pressenza.com\/wp-content\/uploads\/2023\/05\/censorship-4266441_960_720.jpg","type":"image\/jpeg"}],"author":"Partido Humanista Internacional","twitter_card":"summary_large_image","twitter_creator":"@PressenzaIPA","twitter_site":"@PressenzaIPA","twitter_misc":{"Escrito por":"Partido Humanista Internacional","Tiempo de lectura":"9 minutos"},"schema":{"@context":"https:\/\/schema.org","@graph":[{"@type":"Article","@id":"https:\/\/www.pressenza.com\/es\/2023\/05\/prensa-libre-e-informacion-no-manipulada\/#article","isPartOf":{"@id":"https:\/\/www.pressenza.com\/es\/2023\/05\/prensa-libre-e-informacion-no-manipulada\/"},"author":{"name":"Partido Humanista Internacional","@id":"https:\/\/www.pressenza.com\/es\/#\/schema\/person\/f805ee4d4c0aa27aa176ccec26128d33"},"headline":"Prensa libre e informaci\u00f3n no manipulada","datePublished":"2023-05-30T22:23:40+00:00","mainEntityOfPage":{"@id":"https:\/\/www.pressenza.com\/es\/2023\/05\/prensa-libre-e-informacion-no-manipulada\/"},"wordCount":1954,"publisher":{"@id":"https:\/\/www.pressenza.com\/es\/#organization"},"image":{"@id":"https:\/\/www.pressenza.com\/es\/2023\/05\/prensa-libre-e-informacion-no-manipulada\/#primaryimage"},"thumbnailUrl":"https:\/\/www.pressenza.com\/wp-content\/uploads\/2023\/05\/censorship-4266441_960_720.jpg","keywords":["comunicaci\u00f3n","prensa"],"articleSection":["Comunicados de Prensa","Contenido Original","Cultura y Medios","Internacional"],"inLanguage":"es"},{"@type":"WebPage","@id":"https:\/\/www.pressenza.com\/es\/2023\/05\/prensa-libre-e-informacion-no-manipulada\/","url":"https:\/\/www.pressenza.com\/es\/2023\/05\/prensa-libre-e-informacion-no-manipulada\/","name":"Prensa libre e informaci\u00f3n no manipulada","isPartOf":{"@id":"https:\/\/www.pressenza.com\/es\/#website"},"primaryImageOfPage":{"@id":"https:\/\/www.pressenza.com\/es\/2023\/05\/prensa-libre-e-informacion-no-manipulada\/#primaryimage"},"image":{"@id":"https:\/\/www.pressenza.com\/es\/2023\/05\/prensa-libre-e-informacion-no-manipulada\/#primaryimage"},"thumbnailUrl":"https:\/\/www.pressenza.com\/wp-content\/uploads\/2023\/05\/censorship-4266441_960_720.jpg","datePublished":"2023-05-30T22:23:40+00:00","description":"Por una prensa libertaria que cierre el camino a la manipulaci\u00f3n. En el a\u00f1o 1993, la Asamblea General de las Naciones Unidas, siguiendo la recomendaci\u00f3n","breadcrumb":{"@id":"https:\/\/www.pressenza.com\/es\/2023\/05\/prensa-libre-e-informacion-no-manipulada\/#breadcrumb"},"inLanguage":"es","potentialAction":[{"@type":"ReadAction","target":["https:\/\/www.pressenza.com\/es\/2023\/05\/prensa-libre-e-informacion-no-manipulada\/"]}]},{"@type":"ImageObject","inLanguage":"es","@id":"https:\/\/www.pressenza.com\/es\/2023\/05\/prensa-libre-e-informacion-no-manipulada\/#primaryimage","url":"https:\/\/www.pressenza.com\/wp-content\/uploads\/2023\/05\/censorship-4266441_960_720.jpg","contentUrl":"https:\/\/www.pressenza.com\/wp-content\/uploads\/2023\/05\/censorship-4266441_960_720.jpg","width":960,"height":429},{"@type":"BreadcrumbList","@id":"https:\/\/www.pressenza.com\/es\/2023\/05\/prensa-libre-e-informacion-no-manipulada\/#breadcrumb","itemListElement":[{"@type":"ListItem","position":1,"name":"Accueil","item":"https:\/\/www.pressenza.com\/es\/"},{"@type":"ListItem","position":2,"name":"Prensa libre e informaci\u00f3n no manipulada"}]},{"@type":"WebSite","@id":"https:\/\/www.pressenza.com\/es\/#website","url":"https:\/\/www.pressenza.com\/es\/","name":"Pressenza","description":"International Press Agency","publisher":{"@id":"https:\/\/www.pressenza.com\/es\/#organization"},"potentialAction":[{"@type":"SearchAction","target":{"@type":"EntryPoint","urlTemplate":"https:\/\/www.pressenza.com\/es\/?s={search_term_string}"},"query-input":{"@type":"PropertyValueSpecification","valueRequired":true,"valueName":"search_term_string"}}],"inLanguage":"es"},{"@type":"Organization","@id":"https:\/\/www.pressenza.com\/es\/#organization","name":"Pressenza","url":"https:\/\/www.pressenza.com\/es\/","logo":{"@type":"ImageObject","inLanguage":"es","@id":"https:\/\/www.pressenza.com\/es\/#\/schema\/logo\/image\/","url":"https:\/\/www.pressenza.com\/wp-content\/uploads\/2022\/10\/pressenza_logo_200x200.jpg","contentUrl":"https:\/\/www.pressenza.com\/wp-content\/uploads\/2022\/10\/pressenza_logo_200x200.jpg","width":200,"height":200,"caption":"Pressenza"},"image":{"@id":"https:\/\/www.pressenza.com\/es\/#\/schema\/logo\/image\/"},"sameAs":["https:\/\/www.facebook.com\/PressenzaItalia","https:\/\/x.com\/PressenzaIPA"]},{"@type":"Person","@id":"https:\/\/www.pressenza.com\/es\/#\/schema\/person\/f805ee4d4c0aa27aa176ccec26128d33","name":"Partido Humanista Internacional","description":"www.internationalhumanistparty.org","url":"https:\/\/www.pressenza.com\/es\/author\/partido-humanista-internacional\/"}]}},"place":"","original_article_url":"","_links":{"self":[{"href":"https:\/\/www.pressenza.com\/es\/wp-json\/wp\/v2\/posts\/1742854","targetHints":{"allow":["GET"]}}],"collection":[{"href":"https:\/\/www.pressenza.com\/es\/wp-json\/wp\/v2\/posts"}],"about":[{"href":"https:\/\/www.pressenza.com\/es\/wp-json\/wp\/v2\/types\/post"}],"author":[{"embeddable":true,"href":"https:\/\/www.pressenza.com\/es\/wp-json\/wp\/v2\/users\/624"}],"replies":[{"embeddable":true,"href":"https:\/\/www.pressenza.com\/es\/wp-json\/wp\/v2\/comments?post=1742854"}],"version-history":[{"count":0,"href":"https:\/\/www.pressenza.com\/es\/wp-json\/wp\/v2\/posts\/1742854\/revisions"}],"wp:featuredmedia":[{"embeddable":true,"href":"https:\/\/www.pressenza.com\/es\/wp-json\/wp\/v2\/media\/1742855"}],"wp:attachment":[{"href":"https:\/\/www.pressenza.com\/es\/wp-json\/wp\/v2\/media?parent=1742854"}],"wp:term":[{"taxonomy":"category","embeddable":true,"href":"https:\/\/www.pressenza.com\/es\/wp-json\/wp\/v2\/categories?post=1742854"},{"taxonomy":"post_tag","embeddable":true,"href":"https:\/\/www.pressenza.com\/es\/wp-json\/wp\/v2\/tags?post=1742854"}],"curies":[{"name":"wp","href":"https:\/\/api.w.org\/{rel}","templated":true}]}}