{"id":1742774,"date":"2023-05-30T16:35:45","date_gmt":"2023-05-30T15:35:45","guid":{"rendered":"https:\/\/www.pressenza.com\/?p=1742774"},"modified":"2023-05-30T16:35:45","modified_gmt":"2023-05-30T15:35:45","slug":"argentina-piden-juicio-oral-para-encubrir-intento-de-magnicidio-contra-cristina-fernandez","status":"publish","type":"post","link":"https:\/\/www.pressenza.com\/es\/2023\/05\/argentina-piden-juicio-oral-para-encubrir-intento-de-magnicidio-contra-cristina-fernandez\/","title":{"rendered":"Argentina: piden juicio oral para encubrir intento de magnicidio contra Cristina Fern\u00e1ndez"},"content":{"rendered":"<p>El fiscal federal Carlos R\u00edvolo pidi\u00f3 en el d\u00eda ayer a la jueza Mar\u00eda Eugenia Capuchetti enviar a juicio oral a los tres detenidos por el atentado a Cristina Fern\u00e1ndez de Kirchner. Se trata de Fernando Sabag Montiel, Brenda Uliarte y Nicol\u00e1s Carrizo, a quienes el fiscal sindica como \u00fanicos agresores y da por concluida la investigaci\u00f3n.<\/p>\n<p>El escrito del fiscal de 197 carillas requiere que la causa siga pendiente a nuevas medidas de pruebas que puedan \u201ccomprobar la existencia de otros posibles part\u00edcipes y\/o autores intelectuales\u201d.<\/p>\n<p>La jueza deber\u00e1 decidir si hace lugar a los reclamos de la querella, para qui\u00e9nes no hay posibilidad de que la investigaci\u00f3n concluya en los tres detenidos, teniendo en cuenta la relaci\u00f3n tanto de los involucrados con la organizaci\u00f3n Revoluci\u00f3n Federal, como las medidas de pruebas sobre la participaci\u00f3n del diputado Gerardo Milman y la precandidata presidencial y ex ministra Patricia Bullrich en el encubrimiento del atentado.<\/p>\n<p>Para R\u00edvolo est\u00e1 probado que los tres acusados idearon un plan para asesinar a la Vicepresidenta argentina y de acuerdo a lo encontrado en los tel\u00e9fonos que se les secuestraron a los terroristas desestima la relaci\u00f3n con otras personas.<\/p>\n<p>Las dudas sobre los errores cometidos en la investigaci\u00f3n est\u00e1n intactas y la precipitaci\u00f3n por llevar la causa a juicio oral fue calificado por Cristina Fern\u00e1ndez como \u201cla consagraci\u00f3n de la impunidad\u201d y en una carta publicada en el d\u00eda de ayer en sus redes sociales expuso: \u201cdesde el primer d\u00eda hasta hoy, las autoridades judiciales han puesto una traba tras otra para impedir que salga a la luz la verdad de lo ocurrido el 1 de septiembre de 2022\u2033.<\/p>\n<p>Para luego agregar \u201clo dije una y mil veces: ni Capuchetti ni R\u00edvolo quisieron investigar el intento de asesinato y ahora pretenden cerrar la investigaci\u00f3n con una celeridad que nunca demostraron en ninguna causa\u201d.<\/p>\n<p>Concluy\u00f3 la misma afirmando que la \u201cquieren presa o muerta\u201d.<\/p>\n","protected":false},"excerpt":{"rendered":"<p>El fiscal federal Carlos R\u00edvolo pidi\u00f3 en el d\u00eda ayer a la jueza Mar\u00eda Eugenia Capuchetti enviar a juicio oral a los tres detenidos por el atentado a Cristina Fern\u00e1ndez de Kirchner. Se trata de Fernando Sabag Montiel, Brenda Uliarte&hellip;<\/p>\n","protected":false},"author":96,"featured_media":1651197,"comment_status":"closed","ping_status":"closed","sticky":false,"template":"","format":"standard","meta":{"footnotes":""},"categories":[11389,106739,74,67],"tags":[26,4356,1146,105967,105186,3791],"class_list":["post-1742774","post","type-post","status-publish","format-standard","has-post-thumbnail","hentry","category-contenido-original","category-noticia","category-politica-es","category-sudamerica","tag-argentina","tag-cfk","tag-cristina-fernandez-de-kirchner","tag-intento-de-asesinato","tag-intento-de-magnicidio","tag-magnicidio"],"yoast_head":"<!-- This site is optimized with the Yoast SEO plugin v27.1.1 - https:\/\/yoast.com\/product\/yoast-seo-wordpress\/ -->\n<title>Argentina: piden juicio oral para encubrir intento de magnicidio contra Cristina Fern\u00e1ndez<\/title>\n<meta name=\"description\" content=\"El fiscal federal Carlos R\u00edvolo pidi\u00f3 en el d\u00eda ayer a la jueza Mar\u00eda Eugenia Capuchetti enviar a juicio oral a los tres detenidos por el atentado a\" \/>\n<meta name=\"robots\" content=\"index, follow, max-snippet:-1, max-image-preview:large, max-video-preview:-1\" \/>\n<link rel=\"canonical\" href=\"https:\/\/www.pressenza.com\/es\/2023\/05\/argentina-piden-juicio-oral-para-encubrir-intento-de-magnicidio-contra-cristina-fernandez\/\" \/>\n<meta property=\"og:locale\" content=\"es_ES\" \/>\n<meta property=\"og:type\" content=\"article\" \/>\n<meta property=\"og:title\" content=\"Argentina: piden juicio oral para encubrir intento de magnicidio contra Cristina Fern\u00e1ndez\" \/>\n<meta property=\"og:description\" content=\"El fiscal federal Carlos R\u00edvolo pidi\u00f3 en el d\u00eda ayer a la jueza Mar\u00eda Eugenia Capuchetti enviar a juicio oral a los tres detenidos por el atentado a\" \/>\n<meta property=\"og:url\" content=\"https:\/\/www.pressenza.com\/es\/2023\/05\/argentina-piden-juicio-oral-para-encubrir-intento-de-magnicidio-contra-cristina-fernandez\/\" \/>\n<meta property=\"og:site_name\" content=\"Pressenza\" \/>\n<meta property=\"article:publisher\" content=\"https:\/\/www.facebook.com\/PressenzaItalia\" \/>\n<meta property=\"article:author\" content=\"https:\/\/www.facebook.com\/mariano.quiroga.779\" \/>\n<meta property=\"article:published_time\" content=\"2023-05-30T15:35:45+00:00\" \/>\n<meta property=\"og:image\" content=\"https:\/\/www.pressenza.com\/wp-content\/uploads\/2022\/09\/CFK.jpg\" \/>\n\t<meta property=\"og:image:width\" content=\"1157\" \/>\n\t<meta property=\"og:image:height\" content=\"651\" \/>\n\t<meta property=\"og:image:type\" content=\"image\/jpeg\" \/>\n<meta name=\"author\" content=\"Mariano Quiroga\" \/>\n<meta name=\"twitter:card\" content=\"summary_large_image\" \/>\n<meta name=\"twitter:creator\" content=\"@MaruchoQuiroga\" \/>\n<meta name=\"twitter:site\" content=\"@PressenzaIPA\" \/>\n<meta name=\"twitter:label1\" content=\"Escrito por\" \/>\n\t<meta name=\"twitter:data1\" content=\"Mariano Quiroga\" \/>\n\t<meta name=\"twitter:label2\" content=\"Tiempo de lectura\" \/>\n\t<meta name=\"twitter:data2\" content=\"2 minutos\" \/>\n<script type=\"application\/ld+json\" class=\"yoast-schema-graph\">{\"@context\":\"https:\/\/schema.org\",\"@graph\":[{\"@type\":\"Article\",\"@id\":\"https:\/\/www.pressenza.com\/es\/2023\/05\/argentina-piden-juicio-oral-para-encubrir-intento-de-magnicidio-contra-cristina-fernandez\/#article\",\"isPartOf\":{\"@id\":\"https:\/\/www.pressenza.com\/es\/2023\/05\/argentina-piden-juicio-oral-para-encubrir-intento-de-magnicidio-contra-cristina-fernandez\/\"},\"author\":{\"name\":\"Mariano Quiroga\",\"@id\":\"https:\/\/www.pressenza.com\/es\/#\/schema\/person\/a0856fe41d8234b92503e6b28dc2585e\"},\"headline\":\"Argentina: piden juicio oral para encubrir intento de magnicidio contra Cristina Fern\u00e1ndez\",\"datePublished\":\"2023-05-30T15:35:45+00:00\",\"mainEntityOfPage\":{\"@id\":\"https:\/\/www.pressenza.com\/es\/2023\/05\/argentina-piden-juicio-oral-para-encubrir-intento-de-magnicidio-contra-cristina-fernandez\/\"},\"wordCount\":353,\"publisher\":{\"@id\":\"https:\/\/www.pressenza.com\/es\/#organization\"},\"image\":{\"@id\":\"https:\/\/www.pressenza.com\/es\/2023\/05\/argentina-piden-juicio-oral-para-encubrir-intento-de-magnicidio-contra-cristina-fernandez\/#primaryimage\"},\"thumbnailUrl\":\"https:\/\/www.pressenza.com\/wp-content\/uploads\/2022\/09\/CFK.jpg\",\"keywords\":[\"Argentina\",\"CFK\",\"Cristina Fernandez de Kirchner\",\"intento de asesinato\",\"intento de magnicidio\",\"magnicidio\"],\"articleSection\":[\"Contenido Original\",\"Noticia\",\"Pol\u00edtica\",\"Sudam\u00e9rica\"],\"inLanguage\":\"es\"},{\"@type\":\"WebPage\",\"@id\":\"https:\/\/www.pressenza.com\/es\/2023\/05\/argentina-piden-juicio-oral-para-encubrir-intento-de-magnicidio-contra-cristina-fernandez\/\",\"url\":\"https:\/\/www.pressenza.com\/es\/2023\/05\/argentina-piden-juicio-oral-para-encubrir-intento-de-magnicidio-contra-cristina-fernandez\/\",\"name\":\"Argentina: piden juicio oral para encubrir intento de magnicidio contra Cristina Fern\u00e1ndez\",\"isPartOf\":{\"@id\":\"https:\/\/www.pressenza.com\/es\/#website\"},\"primaryImageOfPage\":{\"@id\":\"https:\/\/www.pressenza.com\/es\/2023\/05\/argentina-piden-juicio-oral-para-encubrir-intento-de-magnicidio-contra-cristina-fernandez\/#primaryimage\"},\"image\":{\"@id\":\"https:\/\/www.pressenza.com\/es\/2023\/05\/argentina-piden-juicio-oral-para-encubrir-intento-de-magnicidio-contra-cristina-fernandez\/#primaryimage\"},\"thumbnailUrl\":\"https:\/\/www.pressenza.com\/wp-content\/uploads\/2022\/09\/CFK.jpg\",\"datePublished\":\"2023-05-30T15:35:45+00:00\",\"description\":\"El fiscal federal Carlos R\u00edvolo pidi\u00f3 en el d\u00eda ayer a la jueza Mar\u00eda Eugenia Capuchetti enviar a juicio oral a los tres detenidos por el atentado a\",\"breadcrumb\":{\"@id\":\"https:\/\/www.pressenza.com\/es\/2023\/05\/argentina-piden-juicio-oral-para-encubrir-intento-de-magnicidio-contra-cristina-fernandez\/#breadcrumb\"},\"inLanguage\":\"es\",\"potentialAction\":[{\"@type\":\"ReadAction\",\"target\":[\"https:\/\/www.pressenza.com\/es\/2023\/05\/argentina-piden-juicio-oral-para-encubrir-intento-de-magnicidio-contra-cristina-fernandez\/\"]}]},{\"@type\":\"ImageObject\",\"inLanguage\":\"es\",\"@id\":\"https:\/\/www.pressenza.com\/es\/2023\/05\/argentina-piden-juicio-oral-para-encubrir-intento-de-magnicidio-contra-cristina-fernandez\/#primaryimage\",\"url\":\"https:\/\/www.pressenza.com\/wp-content\/uploads\/2022\/09\/CFK.jpg\",\"contentUrl\":\"https:\/\/www.pressenza.com\/wp-content\/uploads\/2022\/09\/CFK.jpg\",\"width\":1157,\"height\":651},{\"@type\":\"BreadcrumbList\",\"@id\":\"https:\/\/www.pressenza.com\/es\/2023\/05\/argentina-piden-juicio-oral-para-encubrir-intento-de-magnicidio-contra-cristina-fernandez\/#breadcrumb\",\"itemListElement\":[{\"@type\":\"ListItem\",\"position\":1,\"name\":\"Accueil\",\"item\":\"https:\/\/www.pressenza.com\/es\/\"},{\"@type\":\"ListItem\",\"position\":2,\"name\":\"Argentina: piden juicio oral para encubrir intento de magnicidio contra Cristina Fern\u00e1ndez\"}]},{\"@type\":\"WebSite\",\"@id\":\"https:\/\/www.pressenza.com\/es\/#website\",\"url\":\"https:\/\/www.pressenza.com\/es\/\",\"name\":\"Pressenza\",\"description\":\"International Press Agency\",\"publisher\":{\"@id\":\"https:\/\/www.pressenza.com\/es\/#organization\"},\"potentialAction\":[{\"@type\":\"SearchAction\",\"target\":{\"@type\":\"EntryPoint\",\"urlTemplate\":\"https:\/\/www.pressenza.com\/es\/?s={search_term_string}\"},\"query-input\":{\"@type\":\"PropertyValueSpecification\",\"valueRequired\":true,\"valueName\":\"search_term_string\"}}],\"inLanguage\":\"es\"},{\"@type\":\"Organization\",\"@id\":\"https:\/\/www.pressenza.com\/es\/#organization\",\"name\":\"Pressenza\",\"url\":\"https:\/\/www.pressenza.com\/es\/\",\"logo\":{\"@type\":\"ImageObject\",\"inLanguage\":\"es\",\"@id\":\"https:\/\/www.pressenza.com\/es\/#\/schema\/logo\/image\/\",\"url\":\"https:\/\/www.pressenza.com\/wp-content\/uploads\/2022\/10\/pressenza_logo_200x200.jpg\",\"contentUrl\":\"https:\/\/www.pressenza.com\/wp-content\/uploads\/2022\/10\/pressenza_logo_200x200.jpg\",\"width\":200,\"height\":200,\"caption\":\"Pressenza\"},\"image\":{\"@id\":\"https:\/\/www.pressenza.com\/es\/#\/schema\/logo\/image\/\"},\"sameAs\":[\"https:\/\/www.facebook.com\/PressenzaItalia\",\"https:\/\/x.com\/PressenzaIPA\"]},{\"@type\":\"Person\",\"@id\":\"https:\/\/www.pressenza.com\/es\/#\/schema\/person\/a0856fe41d8234b92503e6b28dc2585e\",\"name\":\"Mariano Quiroga\",\"description\":\"Born in Buenos Aires, Argentina, in 1976, Mariano is a journalist, poet and international editor for Pressenza. His career includes publications in different countries and languages. Currently he is presenter on radio programmes in Ecuador and Argentina. A humanist communicator specialising in international politics, his vocation has led him to seek to build bridges that allow relationships to be made between data, events, people and contexts in order to create an inclusive look that synthesises the noblest searches for social justice and humanisation of the planet.\",\"sameAs\":[\"https:\/\/www.facebook.com\/mariano.quiroga.779\",\"https:\/\/x.com\/MaruchoQuiroga\"],\"url\":\"https:\/\/www.pressenza.com\/es\/author\/mariano-quiroga\/\"}]}<\/script>\n<!-- \/ Yoast SEO plugin. -->","yoast_head_json":{"title":"Argentina: piden juicio oral para encubrir intento de magnicidio contra Cristina Fern\u00e1ndez","description":"El fiscal federal Carlos R\u00edvolo pidi\u00f3 en el d\u00eda ayer a la jueza Mar\u00eda Eugenia Capuchetti enviar a juicio oral a los tres detenidos por el atentado a","robots":{"index":"index","follow":"follow","max-snippet":"max-snippet:-1","max-image-preview":"max-image-preview:large","max-video-preview":"max-video-preview:-1"},"canonical":"https:\/\/www.pressenza.com\/es\/2023\/05\/argentina-piden-juicio-oral-para-encubrir-intento-de-magnicidio-contra-cristina-fernandez\/","og_locale":"es_ES","og_type":"article","og_title":"Argentina: piden juicio oral para encubrir intento de magnicidio contra Cristina Fern\u00e1ndez","og_description":"El fiscal federal Carlos R\u00edvolo pidi\u00f3 en el d\u00eda ayer a la jueza Mar\u00eda Eugenia Capuchetti enviar a juicio oral a los tres detenidos por el atentado a","og_url":"https:\/\/www.pressenza.com\/es\/2023\/05\/argentina-piden-juicio-oral-para-encubrir-intento-de-magnicidio-contra-cristina-fernandez\/","og_site_name":"Pressenza","article_publisher":"https:\/\/www.facebook.com\/PressenzaItalia","article_author":"https:\/\/www.facebook.com\/mariano.quiroga.779","article_published_time":"2023-05-30T15:35:45+00:00","og_image":[{"width":1157,"height":651,"url":"https:\/\/www.pressenza.com\/wp-content\/uploads\/2022\/09\/CFK.jpg","type":"image\/jpeg"}],"author":"Mariano Quiroga","twitter_card":"summary_large_image","twitter_creator":"@MaruchoQuiroga","twitter_site":"@PressenzaIPA","twitter_misc":{"Escrito por":"Mariano Quiroga","Tiempo de lectura":"2 minutos"},"schema":{"@context":"https:\/\/schema.org","@graph":[{"@type":"Article","@id":"https:\/\/www.pressenza.com\/es\/2023\/05\/argentina-piden-juicio-oral-para-encubrir-intento-de-magnicidio-contra-cristina-fernandez\/#article","isPartOf":{"@id":"https:\/\/www.pressenza.com\/es\/2023\/05\/argentina-piden-juicio-oral-para-encubrir-intento-de-magnicidio-contra-cristina-fernandez\/"},"author":{"name":"Mariano Quiroga","@id":"https:\/\/www.pressenza.com\/es\/#\/schema\/person\/a0856fe41d8234b92503e6b28dc2585e"},"headline":"Argentina: piden juicio oral para encubrir intento de magnicidio contra Cristina Fern\u00e1ndez","datePublished":"2023-05-30T15:35:45+00:00","mainEntityOfPage":{"@id":"https:\/\/www.pressenza.com\/es\/2023\/05\/argentina-piden-juicio-oral-para-encubrir-intento-de-magnicidio-contra-cristina-fernandez\/"},"wordCount":353,"publisher":{"@id":"https:\/\/www.pressenza.com\/es\/#organization"},"image":{"@id":"https:\/\/www.pressenza.com\/es\/2023\/05\/argentina-piden-juicio-oral-para-encubrir-intento-de-magnicidio-contra-cristina-fernandez\/#primaryimage"},"thumbnailUrl":"https:\/\/www.pressenza.com\/wp-content\/uploads\/2022\/09\/CFK.jpg","keywords":["Argentina","CFK","Cristina Fernandez de Kirchner","intento de asesinato","intento de magnicidio","magnicidio"],"articleSection":["Contenido Original","Noticia","Pol\u00edtica","Sudam\u00e9rica"],"inLanguage":"es"},{"@type":"WebPage","@id":"https:\/\/www.pressenza.com\/es\/2023\/05\/argentina-piden-juicio-oral-para-encubrir-intento-de-magnicidio-contra-cristina-fernandez\/","url":"https:\/\/www.pressenza.com\/es\/2023\/05\/argentina-piden-juicio-oral-para-encubrir-intento-de-magnicidio-contra-cristina-fernandez\/","name":"Argentina: piden juicio oral para encubrir intento de magnicidio contra Cristina Fern\u00e1ndez","isPartOf":{"@id":"https:\/\/www.pressenza.com\/es\/#website"},"primaryImageOfPage":{"@id":"https:\/\/www.pressenza.com\/es\/2023\/05\/argentina-piden-juicio-oral-para-encubrir-intento-de-magnicidio-contra-cristina-fernandez\/#primaryimage"},"image":{"@id":"https:\/\/www.pressenza.com\/es\/2023\/05\/argentina-piden-juicio-oral-para-encubrir-intento-de-magnicidio-contra-cristina-fernandez\/#primaryimage"},"thumbnailUrl":"https:\/\/www.pressenza.com\/wp-content\/uploads\/2022\/09\/CFK.jpg","datePublished":"2023-05-30T15:35:45+00:00","description":"El fiscal federal Carlos R\u00edvolo pidi\u00f3 en el d\u00eda ayer a la jueza Mar\u00eda Eugenia Capuchetti enviar a juicio oral a los tres detenidos por el atentado a","breadcrumb":{"@id":"https:\/\/www.pressenza.com\/es\/2023\/05\/argentina-piden-juicio-oral-para-encubrir-intento-de-magnicidio-contra-cristina-fernandez\/#breadcrumb"},"inLanguage":"es","potentialAction":[{"@type":"ReadAction","target":["https:\/\/www.pressenza.com\/es\/2023\/05\/argentina-piden-juicio-oral-para-encubrir-intento-de-magnicidio-contra-cristina-fernandez\/"]}]},{"@type":"ImageObject","inLanguage":"es","@id":"https:\/\/www.pressenza.com\/es\/2023\/05\/argentina-piden-juicio-oral-para-encubrir-intento-de-magnicidio-contra-cristina-fernandez\/#primaryimage","url":"https:\/\/www.pressenza.com\/wp-content\/uploads\/2022\/09\/CFK.jpg","contentUrl":"https:\/\/www.pressenza.com\/wp-content\/uploads\/2022\/09\/CFK.jpg","width":1157,"height":651},{"@type":"BreadcrumbList","@id":"https:\/\/www.pressenza.com\/es\/2023\/05\/argentina-piden-juicio-oral-para-encubrir-intento-de-magnicidio-contra-cristina-fernandez\/#breadcrumb","itemListElement":[{"@type":"ListItem","position":1,"name":"Accueil","item":"https:\/\/www.pressenza.com\/es\/"},{"@type":"ListItem","position":2,"name":"Argentina: piden juicio oral para encubrir intento de magnicidio contra Cristina Fern\u00e1ndez"}]},{"@type":"WebSite","@id":"https:\/\/www.pressenza.com\/es\/#website","url":"https:\/\/www.pressenza.com\/es\/","name":"Pressenza","description":"International Press Agency","publisher":{"@id":"https:\/\/www.pressenza.com\/es\/#organization"},"potentialAction":[{"@type":"SearchAction","target":{"@type":"EntryPoint","urlTemplate":"https:\/\/www.pressenza.com\/es\/?s={search_term_string}"},"query-input":{"@type":"PropertyValueSpecification","valueRequired":true,"valueName":"search_term_string"}}],"inLanguage":"es"},{"@type":"Organization","@id":"https:\/\/www.pressenza.com\/es\/#organization","name":"Pressenza","url":"https:\/\/www.pressenza.com\/es\/","logo":{"@type":"ImageObject","inLanguage":"es","@id":"https:\/\/www.pressenza.com\/es\/#\/schema\/logo\/image\/","url":"https:\/\/www.pressenza.com\/wp-content\/uploads\/2022\/10\/pressenza_logo_200x200.jpg","contentUrl":"https:\/\/www.pressenza.com\/wp-content\/uploads\/2022\/10\/pressenza_logo_200x200.jpg","width":200,"height":200,"caption":"Pressenza"},"image":{"@id":"https:\/\/www.pressenza.com\/es\/#\/schema\/logo\/image\/"},"sameAs":["https:\/\/www.facebook.com\/PressenzaItalia","https:\/\/x.com\/PressenzaIPA"]},{"@type":"Person","@id":"https:\/\/www.pressenza.com\/es\/#\/schema\/person\/a0856fe41d8234b92503e6b28dc2585e","name":"Mariano Quiroga","description":"Born in Buenos Aires, Argentina, in 1976, Mariano is a journalist, poet and international editor for Pressenza. His career includes publications in different countries and languages. Currently he is presenter on radio programmes in Ecuador and Argentina. A humanist communicator specialising in international politics, his vocation has led him to seek to build bridges that allow relationships to be made between data, events, people and contexts in order to create an inclusive look that synthesises the noblest searches for social justice and humanisation of the planet.","sameAs":["https:\/\/www.facebook.com\/mariano.quiroga.779","https:\/\/x.com\/MaruchoQuiroga"],"url":"https:\/\/www.pressenza.com\/es\/author\/mariano-quiroga\/"}]}},"place":"Ciudad de Buenos Aires, Argentina","original_article_url":"","_links":{"self":[{"href":"https:\/\/www.pressenza.com\/es\/wp-json\/wp\/v2\/posts\/1742774","targetHints":{"allow":["GET"]}}],"collection":[{"href":"https:\/\/www.pressenza.com\/es\/wp-json\/wp\/v2\/posts"}],"about":[{"href":"https:\/\/www.pressenza.com\/es\/wp-json\/wp\/v2\/types\/post"}],"author":[{"embeddable":true,"href":"https:\/\/www.pressenza.com\/es\/wp-json\/wp\/v2\/users\/96"}],"replies":[{"embeddable":true,"href":"https:\/\/www.pressenza.com\/es\/wp-json\/wp\/v2\/comments?post=1742774"}],"version-history":[{"count":0,"href":"https:\/\/www.pressenza.com\/es\/wp-json\/wp\/v2\/posts\/1742774\/revisions"}],"wp:featuredmedia":[{"embeddable":true,"href":"https:\/\/www.pressenza.com\/es\/wp-json\/wp\/v2\/media\/1651197"}],"wp:attachment":[{"href":"https:\/\/www.pressenza.com\/es\/wp-json\/wp\/v2\/media?parent=1742774"}],"wp:term":[{"taxonomy":"category","embeddable":true,"href":"https:\/\/www.pressenza.com\/es\/wp-json\/wp\/v2\/categories?post=1742774"},{"taxonomy":"post_tag","embeddable":true,"href":"https:\/\/www.pressenza.com\/es\/wp-json\/wp\/v2\/tags?post=1742774"}],"curies":[{"name":"wp","href":"https:\/\/api.w.org\/{rel}","templated":true}]}}