{"id":1741461,"date":"2023-05-24T22:36:44","date_gmt":"2023-05-24T21:36:44","guid":{"rendered":"https:\/\/www.pressenza.com\/?p=1741461"},"modified":"2023-05-24T22:36:44","modified_gmt":"2023-05-24T21:36:44","slug":"la-guerra-condena-al-hambre-a-100-millones-de-personas","status":"publish","type":"post","link":"https:\/\/www.pressenza.com\/es\/2023\/05\/la-guerra-condena-al-hambre-a-100-millones-de-personas\/","title":{"rendered":"La guerra condena al hambre a 100 millones de personas"},"content":{"rendered":"<p>NACIONES UNIDAS \u2013 Los conflictos armados son un factor clave en la inseguridad alimentaria y causantes directos del hambre padecida por 100 millones de personas en todo el mundo, expuso este martes 23 el secretario general de las Naciones Unidas, Ant\u00f3nio Guterres, ante el Consejo de Seguridad de la organizaci\u00f3n.<span id=\"more-172276\"><\/span><\/p>\n<p>\u201cLa guerra es igual al hambre. Es una aberraci\u00f3n. El da\u00f1o a la infraestructura cr\u00edtica est\u00e1 obstaculizando la producci\u00f3n y entrega de alimentos, y privando a las personas de agua limpia\u201d, dijo el jefe de la ONU ante el Consejo, que debate el tema de la protecci\u00f3n de los civiles durante conflictos armados.<\/p>\n<p>El a\u00f1o pasado m\u00e1s de 117 millones de personas padecieron hambre aguda, principalmente debido a la guerra y la inseguridad, y Guterres cifr\u00f3 en 100 millones el n\u00famero de quienes abandonaron sus hogares debido a conflictos, actos violentos o violaciones de los derechos humanos, y a la persecuci\u00f3n.<\/p>\n<p>\u201cLos combatientes destruyen cultivos y roban ganado; los explosivos contaminan la tierra f\u00e9rtil; los mercados ya no pueden funcionar y los precios se est\u00e1n disparando\u201d, continu\u00f3 el secretario general.<\/p>\n<p>Puso como ejemplo la invasi\u00f3n rusa de Ucrania, \u201cque ha contribuido al aumento de los precios de los alimentos, la energ\u00eda y los fertilizantes en todo el mundo\u201d.<\/p>\n<p>Observ\u00f3 que cuando se suma el conflicto a la crisis clim\u00e1tica, las cosechas se reducen y la gente pasa hambre, como pudo comprobar durante una reciente visita a Somalia.<\/p>\n<blockquote><p>\u201cLos combatientes destruyen cultivos y roban ganado; los explosivos contaminan la tierra f\u00e9rtil; los mercados ya no pueden funcionar y los precios se est\u00e1n disparando\u201d: Ant\u00f3nio Guterres.<\/p><\/blockquote>\n<p>En noviembre pasado, los Estados adoptaron una declaraci\u00f3n pol\u00edtica destinada a proteger a los civiles, limitando o absteni\u00e9ndose del uso de armas explosivas en \u00e1reas pobladas, record\u00f3 el secretario general, e inst\u00f3 a unirse en torno a esta declaraci\u00f3n y traducirla en acciones concretas<\/p>\n<p>Tambi\u00e9n pidi\u00f3 a todos los Estados implementar la resoluci\u00f3n 2664 del Consejo de Seguridad, adoptada en diciembre, destinada a evitar que las sanciones de la ONU perjudiquen a los civiles y obstaculicen la acci\u00f3n humanitaria.<\/p>\n<p>La resoluci\u00f3n tambi\u00e9n propone excluir las actividades de las organizaciones m\u00e9dicas y humanitarias del alcance de las sanciones y medidas antiterroristas.<\/p>\n<p>Pero a pesar de estas medidas tomadas para mitigar los conflictos, \u201cla triste verdad es que el mundo no est\u00e1 cumpliendo con sus compromisos de proteger a los civiles, los cuales est\u00e1n consagrados en el derecho internacional humanitario\u201d.<\/p>\n<p>Los trabajadores humanitarios \u201cdeben tener acceso seguro y los ataques contra ellos deben cesar. Tambi\u00e9n debemos facilitar su trabajo, en particular eliminando obst\u00e1culos burocr\u00e1ticos con consecuencias mortales\u201d.<\/p>\n<p>\u201cEs inaceptable que las necesidades b\u00e1sicas permanezcan atrapadas en puertos y almacenes, incluso cuando la gente muere\u201d, agreg\u00f3<\/p>\n<p>En su reclamo de voluntad pol\u00edtica por parte de los Estados, comenzando por los 15 miembros del Consejo de Seguridad, afirm\u00f3 que \u201cla paz es la mejor forma de protecci\u00f3n\u201d y pidi\u00f3 mayores esfuerzos para prevenir conflictos, proteger a los civiles, preservar la paz y encontrar soluciones pol\u00edticas a la guerra.<\/p>\n<p>\u201cLos Estados que tienen influencia sobre las partes en los conflictos deben entablar un di\u00e1logo pol\u00edtico y capacitar a sus fuerzas para proteger a los civiles. Los pa\u00edses exportadores de armas deben negarse a hacer negocios con cualquier parte que infrinja el derecho internacional humanitario\u201d, insisti\u00f3<\/p>\n<p>Dijo que \u201cdondequiera que contin\u00fae la guerra, todas las partes deben respetar el derecho internacional humanitario. Los Estados deben transponer el derecho internacional humanitario a su derecho interno e integrarlo en el entrenamiento y las normas militares\u201d.<\/p>\n<p>En ese sentido, \u201clos Estados deben investigar las denuncias de cr\u00edmenes de guerra, enjuiciar a los perpetradores de esos cr\u00edmenes y desarrollar la capacidad de otros Estados para hacer lo mismo\u201d, dijo.<\/p>\n<p>Finalmente, \u201cdebemos hacer todo lo que est\u00e9 a nuestro alcance para poner fin al ciclo mortal del conflicto armado y el hambre: abordar las causas profundas del hambre fortaleciendo las econom\u00edas de los pa\u00edses vulnerables y\u00a0 cumplir los compromisos contra\u00eddos con los pa\u00edses que se encuentran en la primera l\u00ednea de la crisis clim\u00e1tica\u201d.<\/p>\n<p><em>A-E\/HM<\/em><\/p>\n","protected":false},"excerpt":{"rendered":"<p>NACIONES UNIDAS \u2013 Los conflictos armados son un factor clave en la inseguridad alimentaria y causantes directos del hambre padecida por 100 millones de personas en todo el mundo, expuso este martes 23 el secretario general de las Naciones Unidas,&hellip;<\/p>\n","protected":false},"author":347,"featured_media":1741462,"comment_status":"closed","ping_status":"closed","sticky":false,"template":"","format":"standard","meta":{"footnotes":""},"categories":[76,79,106739,74,106740],"tags":[19254,60923,1833,12010,108792],"class_list":["post-1741461","post","type-post","status-publish","format-standard","has-post-thumbnail","hentry","category-relaciones-exteriores","category-derechos-humanos","category-noticia","category-politica-es","category-reportaje","tag-conflictos-armados","tag-desigualdad-y-pobreza","tag-hambre","tag-mundo-es","tag-reportaje"],"yoast_head":"<!-- This site is optimized with the Yoast SEO plugin v27.1.1 - https:\/\/yoast.com\/product\/yoast-seo-wordpress\/ -->\n<title>La guerra condena al hambre a 100 millones de personas<\/title>\n<meta name=\"description\" content=\"NACIONES UNIDAS \u2013 Los conflictos armados son un factor clave en la inseguridad alimentaria y causantes directos del hambre padecida por 100 millones de\" \/>\n<meta name=\"robots\" content=\"index, follow, max-snippet:-1, max-image-preview:large, max-video-preview:-1\" \/>\n<link rel=\"canonical\" href=\"https:\/\/www.pressenza.com\/es\/2023\/05\/la-guerra-condena-al-hambre-a-100-millones-de-personas\/\" \/>\n<meta property=\"og:locale\" content=\"es_ES\" \/>\n<meta property=\"og:type\" content=\"article\" \/>\n<meta property=\"og:title\" content=\"La guerra condena al hambre a 100 millones de personas\" \/>\n<meta property=\"og:description\" content=\"NACIONES UNIDAS \u2013 Los conflictos armados son un factor clave en la inseguridad alimentaria y causantes directos del hambre padecida por 100 millones de\" \/>\n<meta property=\"og:url\" content=\"https:\/\/www.pressenza.com\/es\/2023\/05\/la-guerra-condena-al-hambre-a-100-millones-de-personas\/\" \/>\n<meta property=\"og:site_name\" content=\"Pressenza\" \/>\n<meta property=\"article:publisher\" content=\"https:\/\/www.facebook.com\/PressenzaItalia\" \/>\n<meta property=\"article:author\" content=\"http:\/\/www.facebook.com\/ipsnoticias\" \/>\n<meta property=\"article:published_time\" content=\"2023-05-24T21:36:44+00:00\" \/>\n<meta property=\"og:image\" content=\"https:\/\/www.pressenza.com\/wp-content\/uploads\/2023\/05\/Civiles-Ucrania-Oleksandr-Ratushniak-Unocha.jpg\" \/>\n\t<meta property=\"og:image:width\" content=\"976\" \/>\n\t<meta property=\"og:image:height\" content=\"650\" \/>\n\t<meta property=\"og:image:type\" content=\"image\/jpeg\" \/>\n<meta name=\"author\" content=\"Inter Press Service\" \/>\n<meta name=\"twitter:card\" content=\"summary_large_image\" \/>\n<meta name=\"twitter:creator\" content=\"@ipsnoticias\" \/>\n<meta name=\"twitter:site\" content=\"@PressenzaIPA\" \/>\n<meta name=\"twitter:label1\" content=\"Escrito por\" \/>\n\t<meta name=\"twitter:data1\" content=\"Inter Press Service\" \/>\n\t<meta name=\"twitter:label2\" content=\"Tiempo de lectura\" \/>\n\t<meta name=\"twitter:data2\" content=\"4 minutos\" \/>\n<script type=\"application\/ld+json\" class=\"yoast-schema-graph\">{\"@context\":\"https:\/\/schema.org\",\"@graph\":[{\"@type\":\"Article\",\"@id\":\"https:\/\/www.pressenza.com\/es\/2023\/05\/la-guerra-condena-al-hambre-a-100-millones-de-personas\/#article\",\"isPartOf\":{\"@id\":\"https:\/\/www.pressenza.com\/es\/2023\/05\/la-guerra-condena-al-hambre-a-100-millones-de-personas\/\"},\"author\":{\"name\":\"Inter Press Service\",\"@id\":\"https:\/\/www.pressenza.com\/es\/#\/schema\/person\/7467f88f6765c239bdd52f3c432de81a\"},\"headline\":\"La guerra condena al hambre a 100 millones de personas\",\"datePublished\":\"2023-05-24T21:36:44+00:00\",\"mainEntityOfPage\":{\"@id\":\"https:\/\/www.pressenza.com\/es\/2023\/05\/la-guerra-condena-al-hambre-a-100-millones-de-personas\/\"},\"wordCount\":720,\"publisher\":{\"@id\":\"https:\/\/www.pressenza.com\/es\/#organization\"},\"image\":{\"@id\":\"https:\/\/www.pressenza.com\/es\/2023\/05\/la-guerra-condena-al-hambre-a-100-millones-de-personas\/#primaryimage\"},\"thumbnailUrl\":\"https:\/\/www.pressenza.com\/wp-content\/uploads\/2023\/05\/Civiles-Ucrania-Oleksandr-Ratushniak-Unocha.jpg\",\"keywords\":[\"Conflictos armados\",\"desigualdad y pobreza\",\"hambre\",\"mundo\",\"Reportaje\"],\"articleSection\":[\"Asuntos internacionales\",\"Derechos Humanos\",\"Noticia\",\"Pol\u00edtica\",\"Reportaje\"],\"inLanguage\":\"es\"},{\"@type\":\"WebPage\",\"@id\":\"https:\/\/www.pressenza.com\/es\/2023\/05\/la-guerra-condena-al-hambre-a-100-millones-de-personas\/\",\"url\":\"https:\/\/www.pressenza.com\/es\/2023\/05\/la-guerra-condena-al-hambre-a-100-millones-de-personas\/\",\"name\":\"La guerra condena al hambre a 100 millones de personas\",\"isPartOf\":{\"@id\":\"https:\/\/www.pressenza.com\/es\/#website\"},\"primaryImageOfPage\":{\"@id\":\"https:\/\/www.pressenza.com\/es\/2023\/05\/la-guerra-condena-al-hambre-a-100-millones-de-personas\/#primaryimage\"},\"image\":{\"@id\":\"https:\/\/www.pressenza.com\/es\/2023\/05\/la-guerra-condena-al-hambre-a-100-millones-de-personas\/#primaryimage\"},\"thumbnailUrl\":\"https:\/\/www.pressenza.com\/wp-content\/uploads\/2023\/05\/Civiles-Ucrania-Oleksandr-Ratushniak-Unocha.jpg\",\"datePublished\":\"2023-05-24T21:36:44+00:00\",\"description\":\"NACIONES UNIDAS \u2013 Los conflictos armados son un factor clave en la inseguridad alimentaria y causantes directos del hambre padecida por 100 millones de\",\"breadcrumb\":{\"@id\":\"https:\/\/www.pressenza.com\/es\/2023\/05\/la-guerra-condena-al-hambre-a-100-millones-de-personas\/#breadcrumb\"},\"inLanguage\":\"es\",\"potentialAction\":[{\"@type\":\"ReadAction\",\"target\":[\"https:\/\/www.pressenza.com\/es\/2023\/05\/la-guerra-condena-al-hambre-a-100-millones-de-personas\/\"]}]},{\"@type\":\"ImageObject\",\"inLanguage\":\"es\",\"@id\":\"https:\/\/www.pressenza.com\/es\/2023\/05\/la-guerra-condena-al-hambre-a-100-millones-de-personas\/#primaryimage\",\"url\":\"https:\/\/www.pressenza.com\/wp-content\/uploads\/2023\/05\/Civiles-Ucrania-Oleksandr-Ratushniak-Unocha.jpg\",\"contentUrl\":\"https:\/\/www.pressenza.com\/wp-content\/uploads\/2023\/05\/Civiles-Ucrania-Oleksandr-Ratushniak-Unocha.jpg\",\"width\":976,\"height\":650,\"caption\":\"Civiles que huyen de la guerra en Ucrania cargan sus tel\u00e9fonos m\u00f3viles y usan wifi en la estaci\u00f3n de tren de la ciudad de Jers\u00f3n. Ese conflicto ha obstaculizado la exportaci\u00f3n de cereales y otros rubros, lo que incide en el precio y el acceso a los alimentos y con ello en el hambre en varias regiones del mundo. Imagen: Oleksandr Ratushniak \/ Unocha\"},{\"@type\":\"BreadcrumbList\",\"@id\":\"https:\/\/www.pressenza.com\/es\/2023\/05\/la-guerra-condena-al-hambre-a-100-millones-de-personas\/#breadcrumb\",\"itemListElement\":[{\"@type\":\"ListItem\",\"position\":1,\"name\":\"Accueil\",\"item\":\"https:\/\/www.pressenza.com\/es\/\"},{\"@type\":\"ListItem\",\"position\":2,\"name\":\"La guerra condena al hambre a 100 millones de personas\"}]},{\"@type\":\"WebSite\",\"@id\":\"https:\/\/www.pressenza.com\/es\/#website\",\"url\":\"https:\/\/www.pressenza.com\/es\/\",\"name\":\"Pressenza\",\"description\":\"International Press Agency\",\"publisher\":{\"@id\":\"https:\/\/www.pressenza.com\/es\/#organization\"},\"potentialAction\":[{\"@type\":\"SearchAction\",\"target\":{\"@type\":\"EntryPoint\",\"urlTemplate\":\"https:\/\/www.pressenza.com\/es\/?s={search_term_string}\"},\"query-input\":{\"@type\":\"PropertyValueSpecification\",\"valueRequired\":true,\"valueName\":\"search_term_string\"}}],\"inLanguage\":\"es\"},{\"@type\":\"Organization\",\"@id\":\"https:\/\/www.pressenza.com\/es\/#organization\",\"name\":\"Pressenza\",\"url\":\"https:\/\/www.pressenza.com\/es\/\",\"logo\":{\"@type\":\"ImageObject\",\"inLanguage\":\"es\",\"@id\":\"https:\/\/www.pressenza.com\/es\/#\/schema\/logo\/image\/\",\"url\":\"https:\/\/www.pressenza.com\/wp-content\/uploads\/2022\/10\/pressenza_logo_200x200.jpg\",\"contentUrl\":\"https:\/\/www.pressenza.com\/wp-content\/uploads\/2022\/10\/pressenza_logo_200x200.jpg\",\"width\":200,\"height\":200,\"caption\":\"Pressenza\"},\"image\":{\"@id\":\"https:\/\/www.pressenza.com\/es\/#\/schema\/logo\/image\/\"},\"sameAs\":[\"https:\/\/www.facebook.com\/PressenzaItalia\",\"https:\/\/x.com\/PressenzaIPA\"]},{\"@type\":\"Person\",\"@id\":\"https:\/\/www.pressenza.com\/es\/#\/schema\/person\/7467f88f6765c239bdd52f3c432de81a\",\"name\":\"Inter Press Service\",\"description\":\"IPS is an international communications institution at the heart of a global news agency that amplifies the voices of the South and civil society on development, globalisation, human rights and the environment. www.ipsnews.net\",\"sameAs\":[\"http:\/\/www.facebook.com\/ipsnoticias\",\"https:\/\/x.com\/ipsnoticias\"],\"url\":\"https:\/\/www.pressenza.com\/es\/author\/ips-inter-press-service\/\"}]}<\/script>\n<!-- \/ Yoast SEO plugin. -->","yoast_head_json":{"title":"La guerra condena al hambre a 100 millones de personas","description":"NACIONES UNIDAS \u2013 Los conflictos armados son un factor clave en la inseguridad alimentaria y causantes directos del hambre padecida por 100 millones de","robots":{"index":"index","follow":"follow","max-snippet":"max-snippet:-1","max-image-preview":"max-image-preview:large","max-video-preview":"max-video-preview:-1"},"canonical":"https:\/\/www.pressenza.com\/es\/2023\/05\/la-guerra-condena-al-hambre-a-100-millones-de-personas\/","og_locale":"es_ES","og_type":"article","og_title":"La guerra condena al hambre a 100 millones de personas","og_description":"NACIONES UNIDAS \u2013 Los conflictos armados son un factor clave en la inseguridad alimentaria y causantes directos del hambre padecida por 100 millones de","og_url":"https:\/\/www.pressenza.com\/es\/2023\/05\/la-guerra-condena-al-hambre-a-100-millones-de-personas\/","og_site_name":"Pressenza","article_publisher":"https:\/\/www.facebook.com\/PressenzaItalia","article_author":"http:\/\/www.facebook.com\/ipsnoticias","article_published_time":"2023-05-24T21:36:44+00:00","og_image":[{"width":976,"height":650,"url":"https:\/\/www.pressenza.com\/wp-content\/uploads\/2023\/05\/Civiles-Ucrania-Oleksandr-Ratushniak-Unocha.jpg","type":"image\/jpeg"}],"author":"Inter Press Service","twitter_card":"summary_large_image","twitter_creator":"@ipsnoticias","twitter_site":"@PressenzaIPA","twitter_misc":{"Escrito por":"Inter Press Service","Tiempo de lectura":"4 minutos"},"schema":{"@context":"https:\/\/schema.org","@graph":[{"@type":"Article","@id":"https:\/\/www.pressenza.com\/es\/2023\/05\/la-guerra-condena-al-hambre-a-100-millones-de-personas\/#article","isPartOf":{"@id":"https:\/\/www.pressenza.com\/es\/2023\/05\/la-guerra-condena-al-hambre-a-100-millones-de-personas\/"},"author":{"name":"Inter Press Service","@id":"https:\/\/www.pressenza.com\/es\/#\/schema\/person\/7467f88f6765c239bdd52f3c432de81a"},"headline":"La guerra condena al hambre a 100 millones de personas","datePublished":"2023-05-24T21:36:44+00:00","mainEntityOfPage":{"@id":"https:\/\/www.pressenza.com\/es\/2023\/05\/la-guerra-condena-al-hambre-a-100-millones-de-personas\/"},"wordCount":720,"publisher":{"@id":"https:\/\/www.pressenza.com\/es\/#organization"},"image":{"@id":"https:\/\/www.pressenza.com\/es\/2023\/05\/la-guerra-condena-al-hambre-a-100-millones-de-personas\/#primaryimage"},"thumbnailUrl":"https:\/\/www.pressenza.com\/wp-content\/uploads\/2023\/05\/Civiles-Ucrania-Oleksandr-Ratushniak-Unocha.jpg","keywords":["Conflictos armados","desigualdad y pobreza","hambre","mundo","Reportaje"],"articleSection":["Asuntos internacionales","Derechos Humanos","Noticia","Pol\u00edtica","Reportaje"],"inLanguage":"es"},{"@type":"WebPage","@id":"https:\/\/www.pressenza.com\/es\/2023\/05\/la-guerra-condena-al-hambre-a-100-millones-de-personas\/","url":"https:\/\/www.pressenza.com\/es\/2023\/05\/la-guerra-condena-al-hambre-a-100-millones-de-personas\/","name":"La guerra condena al hambre a 100 millones de personas","isPartOf":{"@id":"https:\/\/www.pressenza.com\/es\/#website"},"primaryImageOfPage":{"@id":"https:\/\/www.pressenza.com\/es\/2023\/05\/la-guerra-condena-al-hambre-a-100-millones-de-personas\/#primaryimage"},"image":{"@id":"https:\/\/www.pressenza.com\/es\/2023\/05\/la-guerra-condena-al-hambre-a-100-millones-de-personas\/#primaryimage"},"thumbnailUrl":"https:\/\/www.pressenza.com\/wp-content\/uploads\/2023\/05\/Civiles-Ucrania-Oleksandr-Ratushniak-Unocha.jpg","datePublished":"2023-05-24T21:36:44+00:00","description":"NACIONES UNIDAS \u2013 Los conflictos armados son un factor clave en la inseguridad alimentaria y causantes directos del hambre padecida por 100 millones de","breadcrumb":{"@id":"https:\/\/www.pressenza.com\/es\/2023\/05\/la-guerra-condena-al-hambre-a-100-millones-de-personas\/#breadcrumb"},"inLanguage":"es","potentialAction":[{"@type":"ReadAction","target":["https:\/\/www.pressenza.com\/es\/2023\/05\/la-guerra-condena-al-hambre-a-100-millones-de-personas\/"]}]},{"@type":"ImageObject","inLanguage":"es","@id":"https:\/\/www.pressenza.com\/es\/2023\/05\/la-guerra-condena-al-hambre-a-100-millones-de-personas\/#primaryimage","url":"https:\/\/www.pressenza.com\/wp-content\/uploads\/2023\/05\/Civiles-Ucrania-Oleksandr-Ratushniak-Unocha.jpg","contentUrl":"https:\/\/www.pressenza.com\/wp-content\/uploads\/2023\/05\/Civiles-Ucrania-Oleksandr-Ratushniak-Unocha.jpg","width":976,"height":650,"caption":"Civiles que huyen de la guerra en Ucrania cargan sus tel\u00e9fonos m\u00f3viles y usan wifi en la estaci\u00f3n de tren de la ciudad de Jers\u00f3n. Ese conflicto ha obstaculizado la exportaci\u00f3n de cereales y otros rubros, lo que incide en el precio y el acceso a los alimentos y con ello en el hambre en varias regiones del mundo. Imagen: Oleksandr Ratushniak \/ Unocha"},{"@type":"BreadcrumbList","@id":"https:\/\/www.pressenza.com\/es\/2023\/05\/la-guerra-condena-al-hambre-a-100-millones-de-personas\/#breadcrumb","itemListElement":[{"@type":"ListItem","position":1,"name":"Accueil","item":"https:\/\/www.pressenza.com\/es\/"},{"@type":"ListItem","position":2,"name":"La guerra condena al hambre a 100 millones de personas"}]},{"@type":"WebSite","@id":"https:\/\/www.pressenza.com\/es\/#website","url":"https:\/\/www.pressenza.com\/es\/","name":"Pressenza","description":"International Press Agency","publisher":{"@id":"https:\/\/www.pressenza.com\/es\/#organization"},"potentialAction":[{"@type":"SearchAction","target":{"@type":"EntryPoint","urlTemplate":"https:\/\/www.pressenza.com\/es\/?s={search_term_string}"},"query-input":{"@type":"PropertyValueSpecification","valueRequired":true,"valueName":"search_term_string"}}],"inLanguage":"es"},{"@type":"Organization","@id":"https:\/\/www.pressenza.com\/es\/#organization","name":"Pressenza","url":"https:\/\/www.pressenza.com\/es\/","logo":{"@type":"ImageObject","inLanguage":"es","@id":"https:\/\/www.pressenza.com\/es\/#\/schema\/logo\/image\/","url":"https:\/\/www.pressenza.com\/wp-content\/uploads\/2022\/10\/pressenza_logo_200x200.jpg","contentUrl":"https:\/\/www.pressenza.com\/wp-content\/uploads\/2022\/10\/pressenza_logo_200x200.jpg","width":200,"height":200,"caption":"Pressenza"},"image":{"@id":"https:\/\/www.pressenza.com\/es\/#\/schema\/logo\/image\/"},"sameAs":["https:\/\/www.facebook.com\/PressenzaItalia","https:\/\/x.com\/PressenzaIPA"]},{"@type":"Person","@id":"https:\/\/www.pressenza.com\/es\/#\/schema\/person\/7467f88f6765c239bdd52f3c432de81a","name":"Inter Press Service","description":"IPS is an international communications institution at the heart of a global news agency that amplifies the voices of the South and civil society on development, globalisation, human rights and the environment. www.ipsnews.net","sameAs":["http:\/\/www.facebook.com\/ipsnoticias","https:\/\/x.com\/ipsnoticias"],"url":"https:\/\/www.pressenza.com\/es\/author\/ips-inter-press-service\/"}]}},"place":"","original_article_url":"","_links":{"self":[{"href":"https:\/\/www.pressenza.com\/es\/wp-json\/wp\/v2\/posts\/1741461","targetHints":{"allow":["GET"]}}],"collection":[{"href":"https:\/\/www.pressenza.com\/es\/wp-json\/wp\/v2\/posts"}],"about":[{"href":"https:\/\/www.pressenza.com\/es\/wp-json\/wp\/v2\/types\/post"}],"author":[{"embeddable":true,"href":"https:\/\/www.pressenza.com\/es\/wp-json\/wp\/v2\/users\/347"}],"replies":[{"embeddable":true,"href":"https:\/\/www.pressenza.com\/es\/wp-json\/wp\/v2\/comments?post=1741461"}],"version-history":[{"count":0,"href":"https:\/\/www.pressenza.com\/es\/wp-json\/wp\/v2\/posts\/1741461\/revisions"}],"wp:featuredmedia":[{"embeddable":true,"href":"https:\/\/www.pressenza.com\/es\/wp-json\/wp\/v2\/media\/1741462"}],"wp:attachment":[{"href":"https:\/\/www.pressenza.com\/es\/wp-json\/wp\/v2\/media?parent=1741461"}],"wp:term":[{"taxonomy":"category","embeddable":true,"href":"https:\/\/www.pressenza.com\/es\/wp-json\/wp\/v2\/categories?post=1741461"},{"taxonomy":"post_tag","embeddable":true,"href":"https:\/\/www.pressenza.com\/es\/wp-json\/wp\/v2\/tags?post=1741461"}],"curies":[{"name":"wp","href":"https:\/\/api.w.org\/{rel}","templated":true}]}}