{"id":1741404,"date":"2023-05-24T19:38:00","date_gmt":"2023-05-24T18:38:00","guid":{"rendered":"https:\/\/www.pressenza.com\/?p=1741404"},"modified":"2023-05-24T19:42:01","modified_gmt":"2023-05-24T18:42:01","slug":"buscamos-aumentar-el-numero-de-voces-que-apuestan-por-un-mundo-libre-de-armas-nucleares-y-que-espana-firme-el-tpan","status":"publish","type":"post","link":"https:\/\/www.pressenza.com\/es\/2023\/05\/buscamos-aumentar-el-numero-de-voces-que-apuestan-por-un-mundo-libre-de-armas-nucleares-y-que-espana-firme-el-tpan\/","title":{"rendered":"\u00abBuscamos aumentar el n\u00famero de voces que apuestan por un mundo libre de armas nucleares, y que Espa\u00f1a firme el TPAN\u00bb"},"content":{"rendered":"<p style=\"padding-left: 40px;\">Estas son las razones de la conformaci\u00f3n de la <a href=\"https:\/\/desarmenuclear.org\/\">Alianza por el Desarme Nuclear<\/a>, en palabras de su coordinadora, Maribel Hern\u00e1ndez, durante la presentaci\u00f3n que tuvo lugar en el Ateneo de Madrid.<\/p>\n<p style=\"padding-left: 40px;\">Con tal motivo, conversamos con los principales ponentes del acto. En esta entrevista, pueden escuchar las declaraciones de <strong>Jaime Ruiz<\/strong> (Ateneo de Madrid), <strong>Federico Mayor Zaragoza<\/strong> (Cultura y paz), <strong>Carlos Uma\u00f1a<\/strong> (IPPNW &#8211; ICAN), <strong>Tica Font<\/strong> (Centre D\u00e8las) y <strong>Maribel Hern\u00e1ndez<\/strong> (Coordinadora de la Alianza por el Desarme Nuclear).<\/p>\n<p>Jaime Ruiz ha destacado la funci\u00f3n del Ateneo, en cuyo sal\u00f3n principal se hizo la presentaci\u00f3n, con estas palabras: <em>\u00abes una instituci\u00f3n que debe estar sometida a las preocupaciones de sus conciudadanos en cada momento\u00bb.<\/em><\/p>\n<p>Seg\u00fan Federico Mayor Zaragoza, estamos en condiciones de decir: <em>\u00abahora nosotros, los pueblos, hemos resuelto evitar a las generaciones venideras el horror de la guerra\u00bb<\/em><\/p>\n<p>Tica Font nos habla del Tratado de Prohibici\u00f3n de las Armas Nucleares, que <em>\u00abimplica la prohibici\u00f3n y estigmatizaci\u00f3n de las armas nucleares\u00bb<\/em><\/p>\n<p>Por otra parte, para Carlos Uma\u00f1a, \u00ab<em>nada impide que Espa\u00f1a firme el TPAN<\/em>\u00ab.<\/p>\n<p>Y en palabras de Maribel Hern\u00e1ndez, la ADN busca \u00ab<em>aumentar el n\u00famero de voces que apuestan por un mundo libre de armas nucleares&#8230; y aspira, como principal objetivo, a que el Estado espa\u00f1ol firme el TPAN<\/em>\u00ab.<\/p>\n<p><strong>V\u00eddeo: \u00c1lvaro Or\u00fas<\/strong><\/p>\n<p><iframe loading=\"lazy\" title=\"La Alianza por el Desarme Nuclear busca que Espa\u00f1a firme el TPAN\" width=\"500\" height=\"281\" src=\"https:\/\/www.youtube.com\/embed\/uSL77wgkk50?feature=oembed\" frameborder=\"0\" allow=\"accelerometer; autoplay; clipboard-write; encrypted-media; gyroscope; picture-in-picture; web-share\" referrerpolicy=\"strict-origin-when-cross-origin\" allowfullscreen><\/iframe><\/p>\n","protected":false},"excerpt":{"rendered":"<p>Estas son las razones de la conformaci\u00f3n de la Alianza por el Desarme Nuclear, en palabras de su coordinadora, Maribel Hern\u00e1ndez, durante la presentaci\u00f3n que tuvo lugar en el Ateneo de Madrid. Con tal motivo, conversamos con los principales ponentes&hellip;<\/p>\n","protected":false},"author":94,"featured_media":1741283,"comment_status":"closed","ping_status":"closed","sticky":false,"template":"","format":"standard","meta":{"footnotes":""},"categories":[11389,39,1243,25678],"tags":[113098,93128],"class_list":["post-1741404","post","type-post","status-publish","format-standard","has-post-thumbnail","hentry","category-contenido-original","category-internacional","category-paz-desarme","category-video-es","tag-alianza-x-desarme-nuclear","tag-tpan-tratado-de-prohibicion-de-armas-nucleares"],"yoast_head":"<!-- This site is optimized with the Yoast SEO plugin v27.1.1 - https:\/\/yoast.com\/product\/yoast-seo-wordpress\/ -->\n<title>&quot;Buscamos aumentar el n\u00famero de voces que apuestan por un mundo libre de armas nucleares, y que Espa\u00f1a firme el TPAN&quot;<\/title>\n<meta name=\"description\" content=\"Estas son las razones de la conformaci\u00f3n de la Alianza por el Desarme Nuclear, en palabras de su coordinadora, Maribel Hern\u00e1ndez, durante la presentaci\u00f3n\" \/>\n<meta name=\"robots\" content=\"index, follow, max-snippet:-1, max-image-preview:large, max-video-preview:-1\" \/>\n<link rel=\"canonical\" href=\"https:\/\/www.pressenza.com\/es\/2023\/05\/buscamos-aumentar-el-numero-de-voces-que-apuestan-por-un-mundo-libre-de-armas-nucleares-y-que-espana-firme-el-tpan\/\" \/>\n<meta property=\"og:locale\" content=\"es_ES\" \/>\n<meta property=\"og:type\" content=\"article\" \/>\n<meta property=\"og:title\" content=\"&quot;Buscamos aumentar el n\u00famero de voces que apuestan por un mundo libre de armas nucleares, y que Espa\u00f1a firme el TPAN&quot;\" \/>\n<meta property=\"og:description\" content=\"Estas son las razones de la conformaci\u00f3n de la Alianza por el Desarme Nuclear, en palabras de su coordinadora, Maribel Hern\u00e1ndez, durante la presentaci\u00f3n\" \/>\n<meta property=\"og:url\" content=\"https:\/\/www.pressenza.com\/es\/2023\/05\/buscamos-aumentar-el-numero-de-voces-que-apuestan-por-un-mundo-libre-de-armas-nucleares-y-que-espana-firme-el-tpan\/\" \/>\n<meta property=\"og:site_name\" content=\"Pressenza\" \/>\n<meta property=\"article:publisher\" content=\"https:\/\/www.facebook.com\/PressenzaItalia\" \/>\n<meta property=\"article:author\" content=\"https:\/\/www.facebook.com\/pressenza\" \/>\n<meta property=\"article:published_time\" content=\"2023-05-24T18:38:00+00:00\" \/>\n<meta property=\"article:modified_time\" content=\"2023-05-24T18:42:01+00:00\" \/>\n<meta property=\"og:image\" content=\"https:\/\/www.pressenza.com\/wp-content\/uploads\/2023\/05\/AlianzaDN_logo_baja_res.png\" \/>\n\t<meta property=\"og:image:width\" content=\"800\" \/>\n\t<meta property=\"og:image:height\" content=\"424\" \/>\n\t<meta property=\"og:image:type\" content=\"image\/png\" \/>\n<meta name=\"author\" content=\"Redacci\u00f3n Madrid\" \/>\n<meta name=\"twitter:card\" content=\"summary_large_image\" \/>\n<meta name=\"twitter:creator\" content=\"@pressenza\" \/>\n<meta name=\"twitter:site\" content=\"@PressenzaIPA\" \/>\n<meta name=\"twitter:label1\" content=\"Escrito por\" \/>\n\t<meta name=\"twitter:data1\" content=\"Redacci\u00f3n Madrid\" \/>\n\t<meta name=\"twitter:label2\" content=\"Tiempo de lectura\" \/>\n\t<meta name=\"twitter:data2\" content=\"1 minuto\" \/>\n<script type=\"application\/ld+json\" class=\"yoast-schema-graph\">{\"@context\":\"https:\/\/schema.org\",\"@graph\":[{\"@type\":\"Article\",\"@id\":\"https:\/\/www.pressenza.com\/es\/2023\/05\/buscamos-aumentar-el-numero-de-voces-que-apuestan-por-un-mundo-libre-de-armas-nucleares-y-que-espana-firme-el-tpan\/#article\",\"isPartOf\":{\"@id\":\"https:\/\/www.pressenza.com\/es\/2023\/05\/buscamos-aumentar-el-numero-de-voces-que-apuestan-por-un-mundo-libre-de-armas-nucleares-y-que-espana-firme-el-tpan\/\"},\"author\":{\"name\":\"Redacci\u00f3n Madrid\",\"@id\":\"https:\/\/www.pressenza.com\/es\/#\/schema\/person\/828fc40eeca2ad7be3630e5a46adba94\"},\"headline\":\"\u00abBuscamos aumentar el n\u00famero de voces que apuestan por un mundo libre de armas nucleares, y que Espa\u00f1a firme el TPAN\u00bb\",\"datePublished\":\"2023-05-24T18:38:00+00:00\",\"dateModified\":\"2023-05-24T18:42:01+00:00\",\"mainEntityOfPage\":{\"@id\":\"https:\/\/www.pressenza.com\/es\/2023\/05\/buscamos-aumentar-el-numero-de-voces-que-apuestan-por-un-mundo-libre-de-armas-nucleares-y-que-espana-firme-el-tpan\/\"},\"wordCount\":266,\"publisher\":{\"@id\":\"https:\/\/www.pressenza.com\/es\/#organization\"},\"image\":{\"@id\":\"https:\/\/www.pressenza.com\/es\/2023\/05\/buscamos-aumentar-el-numero-de-voces-que-apuestan-por-un-mundo-libre-de-armas-nucleares-y-que-espana-firme-el-tpan\/#primaryimage\"},\"thumbnailUrl\":\"https:\/\/www.pressenza.com\/wp-content\/uploads\/2023\/05\/AlianzaDN_logo_baja_res.png\",\"keywords\":[\"Alianza x Desarme Nuclear\",\"TPAN (Tratado de Prohibici\u00f3n de Armas Nucleares)\"],\"articleSection\":[\"Contenido Original\",\"Internacional\",\"Paz y Desarme\",\"Video\"],\"inLanguage\":\"es\"},{\"@type\":\"WebPage\",\"@id\":\"https:\/\/www.pressenza.com\/es\/2023\/05\/buscamos-aumentar-el-numero-de-voces-que-apuestan-por-un-mundo-libre-de-armas-nucleares-y-que-espana-firme-el-tpan\/\",\"url\":\"https:\/\/www.pressenza.com\/es\/2023\/05\/buscamos-aumentar-el-numero-de-voces-que-apuestan-por-un-mundo-libre-de-armas-nucleares-y-que-espana-firme-el-tpan\/\",\"name\":\"\\\"Buscamos aumentar el n\u00famero de voces que apuestan por un mundo libre de armas nucleares, y que Espa\u00f1a firme el TPAN\\\"\",\"isPartOf\":{\"@id\":\"https:\/\/www.pressenza.com\/es\/#website\"},\"primaryImageOfPage\":{\"@id\":\"https:\/\/www.pressenza.com\/es\/2023\/05\/buscamos-aumentar-el-numero-de-voces-que-apuestan-por-un-mundo-libre-de-armas-nucleares-y-que-espana-firme-el-tpan\/#primaryimage\"},\"image\":{\"@id\":\"https:\/\/www.pressenza.com\/es\/2023\/05\/buscamos-aumentar-el-numero-de-voces-que-apuestan-por-un-mundo-libre-de-armas-nucleares-y-que-espana-firme-el-tpan\/#primaryimage\"},\"thumbnailUrl\":\"https:\/\/www.pressenza.com\/wp-content\/uploads\/2023\/05\/AlianzaDN_logo_baja_res.png\",\"datePublished\":\"2023-05-24T18:38:00+00:00\",\"dateModified\":\"2023-05-24T18:42:01+00:00\",\"description\":\"Estas son las razones de la conformaci\u00f3n de la Alianza por el Desarme Nuclear, en palabras de su coordinadora, Maribel Hern\u00e1ndez, durante la presentaci\u00f3n\",\"breadcrumb\":{\"@id\":\"https:\/\/www.pressenza.com\/es\/2023\/05\/buscamos-aumentar-el-numero-de-voces-que-apuestan-por-un-mundo-libre-de-armas-nucleares-y-que-espana-firme-el-tpan\/#breadcrumb\"},\"inLanguage\":\"es\",\"potentialAction\":[{\"@type\":\"ReadAction\",\"target\":[\"https:\/\/www.pressenza.com\/es\/2023\/05\/buscamos-aumentar-el-numero-de-voces-que-apuestan-por-un-mundo-libre-de-armas-nucleares-y-que-espana-firme-el-tpan\/\"]}]},{\"@type\":\"ImageObject\",\"inLanguage\":\"es\",\"@id\":\"https:\/\/www.pressenza.com\/es\/2023\/05\/buscamos-aumentar-el-numero-de-voces-que-apuestan-por-un-mundo-libre-de-armas-nucleares-y-que-espana-firme-el-tpan\/#primaryimage\",\"url\":\"https:\/\/www.pressenza.com\/wp-content\/uploads\/2023\/05\/AlianzaDN_logo_baja_res.png\",\"contentUrl\":\"https:\/\/www.pressenza.com\/wp-content\/uploads\/2023\/05\/AlianzaDN_logo_baja_res.png\",\"width\":800,\"height\":424},{\"@type\":\"BreadcrumbList\",\"@id\":\"https:\/\/www.pressenza.com\/es\/2023\/05\/buscamos-aumentar-el-numero-de-voces-que-apuestan-por-un-mundo-libre-de-armas-nucleares-y-que-espana-firme-el-tpan\/#breadcrumb\",\"itemListElement\":[{\"@type\":\"ListItem\",\"position\":1,\"name\":\"Accueil\",\"item\":\"https:\/\/www.pressenza.com\/es\/\"},{\"@type\":\"ListItem\",\"position\":2,\"name\":\"\u00abBuscamos aumentar el n\u00famero de voces que apuestan por un mundo libre de armas nucleares, y que Espa\u00f1a firme el TPAN\u00bb\"}]},{\"@type\":\"WebSite\",\"@id\":\"https:\/\/www.pressenza.com\/es\/#website\",\"url\":\"https:\/\/www.pressenza.com\/es\/\",\"name\":\"Pressenza\",\"description\":\"International Press Agency\",\"publisher\":{\"@id\":\"https:\/\/www.pressenza.com\/es\/#organization\"},\"potentialAction\":[{\"@type\":\"SearchAction\",\"target\":{\"@type\":\"EntryPoint\",\"urlTemplate\":\"https:\/\/www.pressenza.com\/es\/?s={search_term_string}\"},\"query-input\":{\"@type\":\"PropertyValueSpecification\",\"valueRequired\":true,\"valueName\":\"search_term_string\"}}],\"inLanguage\":\"es\"},{\"@type\":\"Organization\",\"@id\":\"https:\/\/www.pressenza.com\/es\/#organization\",\"name\":\"Pressenza\",\"url\":\"https:\/\/www.pressenza.com\/es\/\",\"logo\":{\"@type\":\"ImageObject\",\"inLanguage\":\"es\",\"@id\":\"https:\/\/www.pressenza.com\/es\/#\/schema\/logo\/image\/\",\"url\":\"https:\/\/www.pressenza.com\/wp-content\/uploads\/2022\/10\/pressenza_logo_200x200.jpg\",\"contentUrl\":\"https:\/\/www.pressenza.com\/wp-content\/uploads\/2022\/10\/pressenza_logo_200x200.jpg\",\"width\":200,\"height\":200,\"caption\":\"Pressenza\"},\"image\":{\"@id\":\"https:\/\/www.pressenza.com\/es\/#\/schema\/logo\/image\/\"},\"sameAs\":[\"https:\/\/www.facebook.com\/PressenzaItalia\",\"https:\/\/x.com\/PressenzaIPA\"]},{\"@type\":\"Person\",\"@id\":\"https:\/\/www.pressenza.com\/es\/#\/schema\/person\/828fc40eeca2ad7be3630e5a46adba94\",\"name\":\"Redacci\u00f3n Madrid\",\"description\":\"News from the Pressenza Bureau in Madrid, Spain\",\"sameAs\":[\"https:\/\/www.facebook.com\/pressenza\",\"https:\/\/x.com\/pressenza\"],\"url\":\"https:\/\/www.pressenza.com\/es\/author\/redaccion-madrid\/\"}]}<\/script>\n<!-- \/ Yoast SEO plugin. -->","yoast_head_json":{"title":"\"Buscamos aumentar el n\u00famero de voces que apuestan por un mundo libre de armas nucleares, y que Espa\u00f1a firme el TPAN\"","description":"Estas son las razones de la conformaci\u00f3n de la Alianza por el Desarme Nuclear, en palabras de su coordinadora, Maribel Hern\u00e1ndez, durante la presentaci\u00f3n","robots":{"index":"index","follow":"follow","max-snippet":"max-snippet:-1","max-image-preview":"max-image-preview:large","max-video-preview":"max-video-preview:-1"},"canonical":"https:\/\/www.pressenza.com\/es\/2023\/05\/buscamos-aumentar-el-numero-de-voces-que-apuestan-por-un-mundo-libre-de-armas-nucleares-y-que-espana-firme-el-tpan\/","og_locale":"es_ES","og_type":"article","og_title":"\"Buscamos aumentar el n\u00famero de voces que apuestan por un mundo libre de armas nucleares, y que Espa\u00f1a firme el TPAN\"","og_description":"Estas son las razones de la conformaci\u00f3n de la Alianza por el Desarme Nuclear, en palabras de su coordinadora, Maribel Hern\u00e1ndez, durante la presentaci\u00f3n","og_url":"https:\/\/www.pressenza.com\/es\/2023\/05\/buscamos-aumentar-el-numero-de-voces-que-apuestan-por-un-mundo-libre-de-armas-nucleares-y-que-espana-firme-el-tpan\/","og_site_name":"Pressenza","article_publisher":"https:\/\/www.facebook.com\/PressenzaItalia","article_author":"https:\/\/www.facebook.com\/pressenza","article_published_time":"2023-05-24T18:38:00+00:00","article_modified_time":"2023-05-24T18:42:01+00:00","og_image":[{"width":800,"height":424,"url":"https:\/\/www.pressenza.com\/wp-content\/uploads\/2023\/05\/AlianzaDN_logo_baja_res.png","type":"image\/png"}],"author":"Redacci\u00f3n Madrid","twitter_card":"summary_large_image","twitter_creator":"@pressenza","twitter_site":"@PressenzaIPA","twitter_misc":{"Escrito por":"Redacci\u00f3n Madrid","Tiempo de lectura":"1 minuto"},"schema":{"@context":"https:\/\/schema.org","@graph":[{"@type":"Article","@id":"https:\/\/www.pressenza.com\/es\/2023\/05\/buscamos-aumentar-el-numero-de-voces-que-apuestan-por-un-mundo-libre-de-armas-nucleares-y-que-espana-firme-el-tpan\/#article","isPartOf":{"@id":"https:\/\/www.pressenza.com\/es\/2023\/05\/buscamos-aumentar-el-numero-de-voces-que-apuestan-por-un-mundo-libre-de-armas-nucleares-y-que-espana-firme-el-tpan\/"},"author":{"name":"Redacci\u00f3n Madrid","@id":"https:\/\/www.pressenza.com\/es\/#\/schema\/person\/828fc40eeca2ad7be3630e5a46adba94"},"headline":"\u00abBuscamos aumentar el n\u00famero de voces que apuestan por un mundo libre de armas nucleares, y que Espa\u00f1a firme el TPAN\u00bb","datePublished":"2023-05-24T18:38:00+00:00","dateModified":"2023-05-24T18:42:01+00:00","mainEntityOfPage":{"@id":"https:\/\/www.pressenza.com\/es\/2023\/05\/buscamos-aumentar-el-numero-de-voces-que-apuestan-por-un-mundo-libre-de-armas-nucleares-y-que-espana-firme-el-tpan\/"},"wordCount":266,"publisher":{"@id":"https:\/\/www.pressenza.com\/es\/#organization"},"image":{"@id":"https:\/\/www.pressenza.com\/es\/2023\/05\/buscamos-aumentar-el-numero-de-voces-que-apuestan-por-un-mundo-libre-de-armas-nucleares-y-que-espana-firme-el-tpan\/#primaryimage"},"thumbnailUrl":"https:\/\/www.pressenza.com\/wp-content\/uploads\/2023\/05\/AlianzaDN_logo_baja_res.png","keywords":["Alianza x Desarme Nuclear","TPAN (Tratado de Prohibici\u00f3n de Armas Nucleares)"],"articleSection":["Contenido Original","Internacional","Paz y Desarme","Video"],"inLanguage":"es"},{"@type":"WebPage","@id":"https:\/\/www.pressenza.com\/es\/2023\/05\/buscamos-aumentar-el-numero-de-voces-que-apuestan-por-un-mundo-libre-de-armas-nucleares-y-que-espana-firme-el-tpan\/","url":"https:\/\/www.pressenza.com\/es\/2023\/05\/buscamos-aumentar-el-numero-de-voces-que-apuestan-por-un-mundo-libre-de-armas-nucleares-y-que-espana-firme-el-tpan\/","name":"\"Buscamos aumentar el n\u00famero de voces que apuestan por un mundo libre de armas nucleares, y que Espa\u00f1a firme el TPAN\"","isPartOf":{"@id":"https:\/\/www.pressenza.com\/es\/#website"},"primaryImageOfPage":{"@id":"https:\/\/www.pressenza.com\/es\/2023\/05\/buscamos-aumentar-el-numero-de-voces-que-apuestan-por-un-mundo-libre-de-armas-nucleares-y-que-espana-firme-el-tpan\/#primaryimage"},"image":{"@id":"https:\/\/www.pressenza.com\/es\/2023\/05\/buscamos-aumentar-el-numero-de-voces-que-apuestan-por-un-mundo-libre-de-armas-nucleares-y-que-espana-firme-el-tpan\/#primaryimage"},"thumbnailUrl":"https:\/\/www.pressenza.com\/wp-content\/uploads\/2023\/05\/AlianzaDN_logo_baja_res.png","datePublished":"2023-05-24T18:38:00+00:00","dateModified":"2023-05-24T18:42:01+00:00","description":"Estas son las razones de la conformaci\u00f3n de la Alianza por el Desarme Nuclear, en palabras de su coordinadora, Maribel Hern\u00e1ndez, durante la presentaci\u00f3n","breadcrumb":{"@id":"https:\/\/www.pressenza.com\/es\/2023\/05\/buscamos-aumentar-el-numero-de-voces-que-apuestan-por-un-mundo-libre-de-armas-nucleares-y-que-espana-firme-el-tpan\/#breadcrumb"},"inLanguage":"es","potentialAction":[{"@type":"ReadAction","target":["https:\/\/www.pressenza.com\/es\/2023\/05\/buscamos-aumentar-el-numero-de-voces-que-apuestan-por-un-mundo-libre-de-armas-nucleares-y-que-espana-firme-el-tpan\/"]}]},{"@type":"ImageObject","inLanguage":"es","@id":"https:\/\/www.pressenza.com\/es\/2023\/05\/buscamos-aumentar-el-numero-de-voces-que-apuestan-por-un-mundo-libre-de-armas-nucleares-y-que-espana-firme-el-tpan\/#primaryimage","url":"https:\/\/www.pressenza.com\/wp-content\/uploads\/2023\/05\/AlianzaDN_logo_baja_res.png","contentUrl":"https:\/\/www.pressenza.com\/wp-content\/uploads\/2023\/05\/AlianzaDN_logo_baja_res.png","width":800,"height":424},{"@type":"BreadcrumbList","@id":"https:\/\/www.pressenza.com\/es\/2023\/05\/buscamos-aumentar-el-numero-de-voces-que-apuestan-por-un-mundo-libre-de-armas-nucleares-y-que-espana-firme-el-tpan\/#breadcrumb","itemListElement":[{"@type":"ListItem","position":1,"name":"Accueil","item":"https:\/\/www.pressenza.com\/es\/"},{"@type":"ListItem","position":2,"name":"\u00abBuscamos aumentar el n\u00famero de voces que apuestan por un mundo libre de armas nucleares, y que Espa\u00f1a firme el TPAN\u00bb"}]},{"@type":"WebSite","@id":"https:\/\/www.pressenza.com\/es\/#website","url":"https:\/\/www.pressenza.com\/es\/","name":"Pressenza","description":"International Press Agency","publisher":{"@id":"https:\/\/www.pressenza.com\/es\/#organization"},"potentialAction":[{"@type":"SearchAction","target":{"@type":"EntryPoint","urlTemplate":"https:\/\/www.pressenza.com\/es\/?s={search_term_string}"},"query-input":{"@type":"PropertyValueSpecification","valueRequired":true,"valueName":"search_term_string"}}],"inLanguage":"es"},{"@type":"Organization","@id":"https:\/\/www.pressenza.com\/es\/#organization","name":"Pressenza","url":"https:\/\/www.pressenza.com\/es\/","logo":{"@type":"ImageObject","inLanguage":"es","@id":"https:\/\/www.pressenza.com\/es\/#\/schema\/logo\/image\/","url":"https:\/\/www.pressenza.com\/wp-content\/uploads\/2022\/10\/pressenza_logo_200x200.jpg","contentUrl":"https:\/\/www.pressenza.com\/wp-content\/uploads\/2022\/10\/pressenza_logo_200x200.jpg","width":200,"height":200,"caption":"Pressenza"},"image":{"@id":"https:\/\/www.pressenza.com\/es\/#\/schema\/logo\/image\/"},"sameAs":["https:\/\/www.facebook.com\/PressenzaItalia","https:\/\/x.com\/PressenzaIPA"]},{"@type":"Person","@id":"https:\/\/www.pressenza.com\/es\/#\/schema\/person\/828fc40eeca2ad7be3630e5a46adba94","name":"Redacci\u00f3n Madrid","description":"News from the Pressenza Bureau in Madrid, Spain","sameAs":["https:\/\/www.facebook.com\/pressenza","https:\/\/x.com\/pressenza"],"url":"https:\/\/www.pressenza.com\/es\/author\/redaccion-madrid\/"}]}},"place":"Madrid, Espa\u00f1a","original_article_url":"","_links":{"self":[{"href":"https:\/\/www.pressenza.com\/es\/wp-json\/wp\/v2\/posts\/1741404","targetHints":{"allow":["GET"]}}],"collection":[{"href":"https:\/\/www.pressenza.com\/es\/wp-json\/wp\/v2\/posts"}],"about":[{"href":"https:\/\/www.pressenza.com\/es\/wp-json\/wp\/v2\/types\/post"}],"author":[{"embeddable":true,"href":"https:\/\/www.pressenza.com\/es\/wp-json\/wp\/v2\/users\/94"}],"replies":[{"embeddable":true,"href":"https:\/\/www.pressenza.com\/es\/wp-json\/wp\/v2\/comments?post=1741404"}],"version-history":[{"count":0,"href":"https:\/\/www.pressenza.com\/es\/wp-json\/wp\/v2\/posts\/1741404\/revisions"}],"wp:featuredmedia":[{"embeddable":true,"href":"https:\/\/www.pressenza.com\/es\/wp-json\/wp\/v2\/media\/1741283"}],"wp:attachment":[{"href":"https:\/\/www.pressenza.com\/es\/wp-json\/wp\/v2\/media?parent=1741404"}],"wp:term":[{"taxonomy":"category","embeddable":true,"href":"https:\/\/www.pressenza.com\/es\/wp-json\/wp\/v2\/categories?post=1741404"},{"taxonomy":"post_tag","embeddable":true,"href":"https:\/\/www.pressenza.com\/es\/wp-json\/wp\/v2\/tags?post=1741404"}],"curies":[{"name":"wp","href":"https:\/\/api.w.org\/{rel}","templated":true}]}}