{"id":1741378,"date":"2023-05-24T16:56:41","date_gmt":"2023-05-24T15:56:41","guid":{"rendered":"https:\/\/www.pressenza.com\/?p=1741378"},"modified":"2023-05-24T18:16:14","modified_gmt":"2023-05-24T17:16:14","slug":"mas-de-cuarenta-organizaciones-se-unen-en-la-alianza-por-el-desarme-nuclear-para-pedirle-al-gobierno-su-adhesion-al-tpan","status":"publish","type":"post","link":"https:\/\/www.pressenza.com\/es\/2023\/05\/mas-de-cuarenta-organizaciones-se-unen-en-la-alianza-por-el-desarme-nuclear-para-pedirle-al-gobierno-su-adhesion-al-tpan\/","title":{"rendered":"M\u00e1s de cuarenta organizaciones se unen en la Alianza por el Desarme Nuclear para pedirle al Gobierno su adhesi\u00f3n al TPAN"},"content":{"rendered":"<p style=\"padding-left: 40px;\"><em>La coalici\u00f3n, de la que forma parte <a href=\"https:\/\/www.pressenza.com\/\">Pressenza<\/a>, insta al Ejecutivo de Pedro S\u00e1nchez a aprovechar la Presidencia espa\u00f1ola de la UE para firmar el <a href=\"https:\/\/treaties.un.org\/doc\/Treaties\/2017\/07\/20170707%2003-42%20PM\/Ch_XXVI_9.pdf\">Tratado de Prohibici\u00f3n de las Armas Nucleares<\/a><\/em><\/p>\n<p>El Ateneo de Madrid acogi\u00f3 en la tarde de ayer la presentaci\u00f3n de la <a href=\"http:\/\/www.desarmenuclear.org\">Alianza por el Desarme Nuclear<\/a>, una <strong>coalici\u00f3n de 45 organizaciones y entidades de la sociedad civil<\/strong> que se han unido para trabajar de manera conjunta con el fin de que el Gobierno de Espa\u00f1a se adhiera al Tratado sobre la Prohibici\u00f3n de las Armas Nucleares (TPAN), un compromiso inaplazable ante la amenaza de uso de este tipo de armamento en el contexto actual, considerada la m\u00e1s elevada desde el fin de la Segunda Guerra Mundial.<\/p>\n<p>A lo largo del acto <strong>\u201cEducaci\u00f3n para la paz y por el desarme nuclear\u201d<\/strong> diferentes representantes de la Alianza analizaron los riesgos del momento presente, marcado por el conflicto b\u00e9lico en Ucrania y una creciente militarizaci\u00f3n, los impactos humanitarios de las armas nucleares y la importancia de apoyar el TPAN como herramienta para avanzar hacia el desarme nuclear y la abolici\u00f3n total de este tipo de armamento, que supone una amenaza existencial para la vida y el planeta.<\/p>\n<p>La jornada cont\u00f3 con la participaci\u00f3n de <strong>Federico Mayor Zaragoza<\/strong>, quien manifest\u00f3 su preocupaci\u00f3n ante la \u201chipocres\u00eda\u201d de la reciente reuni\u00f3n del G7 en Hiroshima y \u201cla posibilidad de avanzar hacia lo irreversible\u201d<em>. <\/em>En este sentido, y parafraseando el conocido <em>si vis pacem, para bellum, <\/em>Mayor Zaragoza resalt\u00f3 la importancia del di\u00e1logo y la palabra para \u201cdise\u00f1ar el ma\u00f1ana, <em>si vis pacem, para verbum<\/em>\u201d e inst\u00f3 al auditorio a cumplir \u201cnuestros deberes intergeneracionales\u201d deseando que \u201cnuestros descendientes no miren atr\u00e1s y digan: \u201cpod\u00edan, pero no se atrevieron\u201d.<\/p>\n<h3><strong>\u201cO es el fin de las armas nucleares o es nuestro fin\u201d<\/strong><\/h3>\n<p><strong>Carlos Uma\u00f1a<\/strong>, copresidente de <a href=\"https:\/\/www.ippnw.org\">IPPNW<\/a> (M\u00e9dicos para la Prevenci\u00f3n de la Guerra Nuclear) y miembro de la Junta Directiva de <a href=\"https:\/\/www.icanw.org\">ICAN<\/a>, ambas organizaciones galardonadas con el Premio Nobel de la Paz, record\u00f3 que Espa\u00f1a es un pa\u00eds de una larga tradici\u00f3n antinuclear y que la mayor\u00eda de su poblaci\u00f3n, el 89% seg\u00fan una encuesta de 2021, quiere que el Gobierno firme el TPAN, \u201cuna promesa que Pedro S\u00e1nchez hizo en 2018 y que no se ha cumplido\u201d. Uma\u00f1a apunt\u00f3 que estamos en \u201cel momento m\u00e1s preocupante en la Historia en cuanto al riesgo de una posible guerra nuclear a gran escala de la que no habr\u00eda vuelta atr\u00e1s\u201d. \u201cMientras existan las armas nucleares &#8211; a\u00f1adi\u00f3- existe el peligro de que se usen y eso es algo que se puede y se debe prevenir porque o es el fin de las armas nucleares o es nuestro fin\u201d.<\/p>\n<p>Por su parte, <strong>Tica Font<\/strong>, investigadora del Centre Del\u00e0s d\u2019Estudis per la Pau, destac\u00f3 la importancia del TPAN como instrumento jur\u00eddico y legal. \u201cEl TPAN ilegaliz\u00f3 el horror y es una herramienta que nos ayuda a estigmatizar estas armas, nos permite decirles a los Estados que eligen no adherirse que asuman las consecuencias morales de no hacerlo\u201d. Antes las cr\u00edticas que habitualmente reciben quienes trabajan por la prohibici\u00f3n de este tipo de armamento, a quienes se suele tachar de ser poco realistas, Font dej\u00f3 claro que \u201cser realistas hoy es apostar por la eliminaci\u00f3n de las armas nucleares, no por su modernizaci\u00f3n\u201d.<\/p>\n<p>En su intervenci\u00f3n, <strong>Maribel Hern\u00e1ndez<\/strong>, coordinadora de la Alianza por el Desarme Nuclear, invit\u00f3 al Ejecutivo de Pedro S\u00e1nchez a aprovechar la oportunidad que brinda la Presidencia espa\u00f1ola del Consejo de la UE durante el segundo semestre de 2023 para \u201cdar un paso al frente valiente y ejemplar ante el resto de Estados miembro y firmar el TPAN como s\u00edmbolo de la apuesta de nuestro pa\u00eds por la paz\u201d. Hern\u00e1ndez subray\u00f3 el peligro de \u201cnormalizar la existencia de armas nucleares\u201d y de promover un modelo de seguridad militarizado basado en el miedo y su posesi\u00f3n. \u201cLas armas nucleares son ineficaces para la seguridad, son el s\u00edmbolo de un poder masculino, militarizado y patriarcal que nos aleja de convertirnos en sociedades no violentas, de cuidados y de paz\u201d, concluy\u00f3.<\/p>\n<p>El acto cont\u00f3 tambi\u00e9n con la intervenci\u00f3n de representantes de algunas de las 45 entidades que forman parte de la Alianza, quienes presentaron el trabajo de sus organizaciones y las razones por las que forman parte de esta red: <strong>Carmen Magall\u00f3n<\/strong> (WILPF), <strong>Albert Caram\u00e9s<\/strong> (Fundipau), <strong>Ana Barrero <\/strong>(AIPAZ y Fundaci\u00f3n Cultura de Paz), <strong>Enrique Quintanilla<\/strong> (Desarma Madrid y Ecologistas en Acci\u00f3n), <strong>Francisco Javier Alonso<\/strong> (Comisi\u00f3n General de Justicia y Paz), <strong>Javi Raboso<\/strong> (Greenpeace), <strong>Eva Aneiros<\/strong> (MOC), <strong>Yolanda Juarros<\/strong> (Mujeres de Negro Madrid) y <strong>Juana P\u00e9rez Montero <\/strong>(Pressenza).<\/p>\n<p>&nbsp;<\/p>\n<p><strong>Para adherir:\u00a0<\/strong><\/p>\n<p><a href=\"https:\/\/desarmenuclear.org\/\">desarmenuclear.org<\/a><\/p>\n<p>&nbsp;<\/p>\n","protected":false},"excerpt":{"rendered":"<p>La coalici\u00f3n, de la que forma parte Pressenza, insta al Ejecutivo de Pedro S\u00e1nchez a aprovechar la Presidencia espa\u00f1ola de la UE para firmar el Tratado de Prohibici\u00f3n de las Armas Nucleares El Ateneo de Madrid acogi\u00f3 en la tarde&hellip;<\/p>\n","protected":false},"author":94,"featured_media":1741380,"comment_status":"closed","ping_status":"closed","sticky":false,"template":"","format":"standard","meta":{"footnotes":""},"categories":[149,66,1243],"tags":[113098,93701],"class_list":["post-1741378","post","type-post","status-publish","format-standard","has-post-thumbnail","hentry","category-comunicados-de-prensa","category-europa-es","category-paz-desarme","tag-alianza-x-desarme-nuclear","tag-tratado-de-prohibicion-de-las-armas-nucleares-tpan"],"yoast_head":"<!-- This site is optimized with the Yoast SEO plugin v27.1.1 - https:\/\/yoast.com\/product\/yoast-seo-wordpress\/ -->\n<title>M\u00e1s de cuarenta organizaciones se unen en la Alianza por el Desarme Nuclear para pedirle al Gobierno su adhesi\u00f3n al TPAN<\/title>\n<meta name=\"description\" content=\"La coalici\u00f3n, de la que forma parte Pressenza, insta al Ejecutivo de Pedro S\u00e1nchez a aprovechar la Presidencia espa\u00f1ola de la UE para firmar el Tratado de\" \/>\n<meta name=\"robots\" content=\"index, follow, max-snippet:-1, max-image-preview:large, max-video-preview:-1\" \/>\n<link rel=\"canonical\" href=\"https:\/\/www.pressenza.com\/es\/2023\/05\/mas-de-cuarenta-organizaciones-se-unen-en-la-alianza-por-el-desarme-nuclear-para-pedirle-al-gobierno-su-adhesion-al-tpan\/\" \/>\n<meta property=\"og:locale\" content=\"es_ES\" \/>\n<meta property=\"og:type\" content=\"article\" \/>\n<meta property=\"og:title\" content=\"M\u00e1s de cuarenta organizaciones se unen en la Alianza por el Desarme Nuclear para pedirle al Gobierno su adhesi\u00f3n al TPAN\" \/>\n<meta property=\"og:description\" content=\"La coalici\u00f3n, de la que forma parte Pressenza, insta al Ejecutivo de Pedro S\u00e1nchez a aprovechar la Presidencia espa\u00f1ola de la UE para firmar el Tratado de\" \/>\n<meta property=\"og:url\" content=\"https:\/\/www.pressenza.com\/es\/2023\/05\/mas-de-cuarenta-organizaciones-se-unen-en-la-alianza-por-el-desarme-nuclear-para-pedirle-al-gobierno-su-adhesion-al-tpan\/\" \/>\n<meta property=\"og:site_name\" content=\"Pressenza\" \/>\n<meta property=\"article:publisher\" content=\"https:\/\/www.facebook.com\/PressenzaItalia\" \/>\n<meta property=\"article:author\" content=\"https:\/\/www.facebook.com\/pressenza\" \/>\n<meta property=\"article:published_time\" content=\"2023-05-24T15:56:41+00:00\" \/>\n<meta property=\"article:modified_time\" content=\"2023-05-24T17:16:14+00:00\" \/>\n<meta property=\"og:image\" content=\"https:\/\/www.pressenza.com\/wp-content\/uploads\/2023\/05\/Foto-3.jpg\" \/>\n\t<meta property=\"og:image:width\" content=\"1200\" \/>\n\t<meta property=\"og:image:height\" content=\"800\" \/>\n\t<meta property=\"og:image:type\" content=\"image\/jpeg\" \/>\n<meta name=\"author\" content=\"Redacci\u00f3n Madrid\" \/>\n<meta name=\"twitter:card\" content=\"summary_large_image\" \/>\n<meta name=\"twitter:creator\" content=\"@pressenza\" \/>\n<meta name=\"twitter:site\" content=\"@PressenzaIPA\" \/>\n<meta name=\"twitter:label1\" content=\"Escrito por\" \/>\n\t<meta name=\"twitter:data1\" content=\"Redacci\u00f3n Madrid\" \/>\n\t<meta name=\"twitter:label2\" content=\"Tiempo de lectura\" \/>\n\t<meta name=\"twitter:data2\" content=\"4 minutos\" \/>\n<script type=\"application\/ld+json\" class=\"yoast-schema-graph\">{\"@context\":\"https:\/\/schema.org\",\"@graph\":[{\"@type\":\"Article\",\"@id\":\"https:\/\/www.pressenza.com\/es\/2023\/05\/mas-de-cuarenta-organizaciones-se-unen-en-la-alianza-por-el-desarme-nuclear-para-pedirle-al-gobierno-su-adhesion-al-tpan\/#article\",\"isPartOf\":{\"@id\":\"https:\/\/www.pressenza.com\/es\/2023\/05\/mas-de-cuarenta-organizaciones-se-unen-en-la-alianza-por-el-desarme-nuclear-para-pedirle-al-gobierno-su-adhesion-al-tpan\/\"},\"author\":{\"name\":\"Redacci\u00f3n Madrid\",\"@id\":\"https:\/\/www.pressenza.com\/es\/#\/schema\/person\/828fc40eeca2ad7be3630e5a46adba94\"},\"headline\":\"M\u00e1s de cuarenta organizaciones se unen en la Alianza por el Desarme Nuclear para pedirle al Gobierno su adhesi\u00f3n al TPAN\",\"datePublished\":\"2023-05-24T15:56:41+00:00\",\"dateModified\":\"2023-05-24T17:16:14+00:00\",\"mainEntityOfPage\":{\"@id\":\"https:\/\/www.pressenza.com\/es\/2023\/05\/mas-de-cuarenta-organizaciones-se-unen-en-la-alianza-por-el-desarme-nuclear-para-pedirle-al-gobierno-su-adhesion-al-tpan\/\"},\"wordCount\":846,\"publisher\":{\"@id\":\"https:\/\/www.pressenza.com\/es\/#organization\"},\"image\":{\"@id\":\"https:\/\/www.pressenza.com\/es\/2023\/05\/mas-de-cuarenta-organizaciones-se-unen-en-la-alianza-por-el-desarme-nuclear-para-pedirle-al-gobierno-su-adhesion-al-tpan\/#primaryimage\"},\"thumbnailUrl\":\"https:\/\/www.pressenza.com\/wp-content\/uploads\/2023\/05\/Foto-3.jpg\",\"keywords\":[\"Alianza x Desarme Nuclear\",\"Tratado de Prohibici\u00f3n de las Armas Nucleares (TPAN)\"],\"articleSection\":[\"Comunicados de Prensa\",\"Europa\",\"Paz y Desarme\"],\"inLanguage\":\"es\"},{\"@type\":\"WebPage\",\"@id\":\"https:\/\/www.pressenza.com\/es\/2023\/05\/mas-de-cuarenta-organizaciones-se-unen-en-la-alianza-por-el-desarme-nuclear-para-pedirle-al-gobierno-su-adhesion-al-tpan\/\",\"url\":\"https:\/\/www.pressenza.com\/es\/2023\/05\/mas-de-cuarenta-organizaciones-se-unen-en-la-alianza-por-el-desarme-nuclear-para-pedirle-al-gobierno-su-adhesion-al-tpan\/\",\"name\":\"M\u00e1s de cuarenta organizaciones se unen en la Alianza por el Desarme Nuclear para pedirle al Gobierno su adhesi\u00f3n al TPAN\",\"isPartOf\":{\"@id\":\"https:\/\/www.pressenza.com\/es\/#website\"},\"primaryImageOfPage\":{\"@id\":\"https:\/\/www.pressenza.com\/es\/2023\/05\/mas-de-cuarenta-organizaciones-se-unen-en-la-alianza-por-el-desarme-nuclear-para-pedirle-al-gobierno-su-adhesion-al-tpan\/#primaryimage\"},\"image\":{\"@id\":\"https:\/\/www.pressenza.com\/es\/2023\/05\/mas-de-cuarenta-organizaciones-se-unen-en-la-alianza-por-el-desarme-nuclear-para-pedirle-al-gobierno-su-adhesion-al-tpan\/#primaryimage\"},\"thumbnailUrl\":\"https:\/\/www.pressenza.com\/wp-content\/uploads\/2023\/05\/Foto-3.jpg\",\"datePublished\":\"2023-05-24T15:56:41+00:00\",\"dateModified\":\"2023-05-24T17:16:14+00:00\",\"description\":\"La coalici\u00f3n, de la que forma parte Pressenza, insta al Ejecutivo de Pedro S\u00e1nchez a aprovechar la Presidencia espa\u00f1ola de la UE para firmar el Tratado de\",\"breadcrumb\":{\"@id\":\"https:\/\/www.pressenza.com\/es\/2023\/05\/mas-de-cuarenta-organizaciones-se-unen-en-la-alianza-por-el-desarme-nuclear-para-pedirle-al-gobierno-su-adhesion-al-tpan\/#breadcrumb\"},\"inLanguage\":\"es\",\"potentialAction\":[{\"@type\":\"ReadAction\",\"target\":[\"https:\/\/www.pressenza.com\/es\/2023\/05\/mas-de-cuarenta-organizaciones-se-unen-en-la-alianza-por-el-desarme-nuclear-para-pedirle-al-gobierno-su-adhesion-al-tpan\/\"]}]},{\"@type\":\"ImageObject\",\"inLanguage\":\"es\",\"@id\":\"https:\/\/www.pressenza.com\/es\/2023\/05\/mas-de-cuarenta-organizaciones-se-unen-en-la-alianza-por-el-desarme-nuclear-para-pedirle-al-gobierno-su-adhesion-al-tpan\/#primaryimage\",\"url\":\"https:\/\/www.pressenza.com\/wp-content\/uploads\/2023\/05\/Foto-3.jpg\",\"contentUrl\":\"https:\/\/www.pressenza.com\/wp-content\/uploads\/2023\/05\/Foto-3.jpg\",\"width\":1200,\"height\":800},{\"@type\":\"BreadcrumbList\",\"@id\":\"https:\/\/www.pressenza.com\/es\/2023\/05\/mas-de-cuarenta-organizaciones-se-unen-en-la-alianza-por-el-desarme-nuclear-para-pedirle-al-gobierno-su-adhesion-al-tpan\/#breadcrumb\",\"itemListElement\":[{\"@type\":\"ListItem\",\"position\":1,\"name\":\"Accueil\",\"item\":\"https:\/\/www.pressenza.com\/es\/\"},{\"@type\":\"ListItem\",\"position\":2,\"name\":\"M\u00e1s de cuarenta organizaciones se unen en la Alianza por el Desarme Nuclear para pedirle al Gobierno su adhesi\u00f3n al TPAN\"}]},{\"@type\":\"WebSite\",\"@id\":\"https:\/\/www.pressenza.com\/es\/#website\",\"url\":\"https:\/\/www.pressenza.com\/es\/\",\"name\":\"Pressenza\",\"description\":\"International Press Agency\",\"publisher\":{\"@id\":\"https:\/\/www.pressenza.com\/es\/#organization\"},\"potentialAction\":[{\"@type\":\"SearchAction\",\"target\":{\"@type\":\"EntryPoint\",\"urlTemplate\":\"https:\/\/www.pressenza.com\/es\/?s={search_term_string}\"},\"query-input\":{\"@type\":\"PropertyValueSpecification\",\"valueRequired\":true,\"valueName\":\"search_term_string\"}}],\"inLanguage\":\"es\"},{\"@type\":\"Organization\",\"@id\":\"https:\/\/www.pressenza.com\/es\/#organization\",\"name\":\"Pressenza\",\"url\":\"https:\/\/www.pressenza.com\/es\/\",\"logo\":{\"@type\":\"ImageObject\",\"inLanguage\":\"es\",\"@id\":\"https:\/\/www.pressenza.com\/es\/#\/schema\/logo\/image\/\",\"url\":\"https:\/\/www.pressenza.com\/wp-content\/uploads\/2022\/10\/pressenza_logo_200x200.jpg\",\"contentUrl\":\"https:\/\/www.pressenza.com\/wp-content\/uploads\/2022\/10\/pressenza_logo_200x200.jpg\",\"width\":200,\"height\":200,\"caption\":\"Pressenza\"},\"image\":{\"@id\":\"https:\/\/www.pressenza.com\/es\/#\/schema\/logo\/image\/\"},\"sameAs\":[\"https:\/\/www.facebook.com\/PressenzaItalia\",\"https:\/\/x.com\/PressenzaIPA\"]},{\"@type\":\"Person\",\"@id\":\"https:\/\/www.pressenza.com\/es\/#\/schema\/person\/828fc40eeca2ad7be3630e5a46adba94\",\"name\":\"Redacci\u00f3n Madrid\",\"description\":\"News from the Pressenza Bureau in Madrid, Spain\",\"sameAs\":[\"https:\/\/www.facebook.com\/pressenza\",\"https:\/\/x.com\/pressenza\"],\"url\":\"https:\/\/www.pressenza.com\/es\/author\/redaccion-madrid\/\"}]}<\/script>\n<!-- \/ Yoast SEO plugin. -->","yoast_head_json":{"title":"M\u00e1s de cuarenta organizaciones se unen en la Alianza por el Desarme Nuclear para pedirle al Gobierno su adhesi\u00f3n al TPAN","description":"La coalici\u00f3n, de la que forma parte Pressenza, insta al Ejecutivo de Pedro S\u00e1nchez a aprovechar la Presidencia espa\u00f1ola de la UE para firmar el Tratado de","robots":{"index":"index","follow":"follow","max-snippet":"max-snippet:-1","max-image-preview":"max-image-preview:large","max-video-preview":"max-video-preview:-1"},"canonical":"https:\/\/www.pressenza.com\/es\/2023\/05\/mas-de-cuarenta-organizaciones-se-unen-en-la-alianza-por-el-desarme-nuclear-para-pedirle-al-gobierno-su-adhesion-al-tpan\/","og_locale":"es_ES","og_type":"article","og_title":"M\u00e1s de cuarenta organizaciones se unen en la Alianza por el Desarme Nuclear para pedirle al Gobierno su adhesi\u00f3n al TPAN","og_description":"La coalici\u00f3n, de la que forma parte Pressenza, insta al Ejecutivo de Pedro S\u00e1nchez a aprovechar la Presidencia espa\u00f1ola de la UE para firmar el Tratado de","og_url":"https:\/\/www.pressenza.com\/es\/2023\/05\/mas-de-cuarenta-organizaciones-se-unen-en-la-alianza-por-el-desarme-nuclear-para-pedirle-al-gobierno-su-adhesion-al-tpan\/","og_site_name":"Pressenza","article_publisher":"https:\/\/www.facebook.com\/PressenzaItalia","article_author":"https:\/\/www.facebook.com\/pressenza","article_published_time":"2023-05-24T15:56:41+00:00","article_modified_time":"2023-05-24T17:16:14+00:00","og_image":[{"width":1200,"height":800,"url":"https:\/\/www.pressenza.com\/wp-content\/uploads\/2023\/05\/Foto-3.jpg","type":"image\/jpeg"}],"author":"Redacci\u00f3n Madrid","twitter_card":"summary_large_image","twitter_creator":"@pressenza","twitter_site":"@PressenzaIPA","twitter_misc":{"Escrito por":"Redacci\u00f3n Madrid","Tiempo de lectura":"4 minutos"},"schema":{"@context":"https:\/\/schema.org","@graph":[{"@type":"Article","@id":"https:\/\/www.pressenza.com\/es\/2023\/05\/mas-de-cuarenta-organizaciones-se-unen-en-la-alianza-por-el-desarme-nuclear-para-pedirle-al-gobierno-su-adhesion-al-tpan\/#article","isPartOf":{"@id":"https:\/\/www.pressenza.com\/es\/2023\/05\/mas-de-cuarenta-organizaciones-se-unen-en-la-alianza-por-el-desarme-nuclear-para-pedirle-al-gobierno-su-adhesion-al-tpan\/"},"author":{"name":"Redacci\u00f3n Madrid","@id":"https:\/\/www.pressenza.com\/es\/#\/schema\/person\/828fc40eeca2ad7be3630e5a46adba94"},"headline":"M\u00e1s de cuarenta organizaciones se unen en la Alianza por el Desarme Nuclear para pedirle al Gobierno su adhesi\u00f3n al TPAN","datePublished":"2023-05-24T15:56:41+00:00","dateModified":"2023-05-24T17:16:14+00:00","mainEntityOfPage":{"@id":"https:\/\/www.pressenza.com\/es\/2023\/05\/mas-de-cuarenta-organizaciones-se-unen-en-la-alianza-por-el-desarme-nuclear-para-pedirle-al-gobierno-su-adhesion-al-tpan\/"},"wordCount":846,"publisher":{"@id":"https:\/\/www.pressenza.com\/es\/#organization"},"image":{"@id":"https:\/\/www.pressenza.com\/es\/2023\/05\/mas-de-cuarenta-organizaciones-se-unen-en-la-alianza-por-el-desarme-nuclear-para-pedirle-al-gobierno-su-adhesion-al-tpan\/#primaryimage"},"thumbnailUrl":"https:\/\/www.pressenza.com\/wp-content\/uploads\/2023\/05\/Foto-3.jpg","keywords":["Alianza x Desarme Nuclear","Tratado de Prohibici\u00f3n de las Armas Nucleares (TPAN)"],"articleSection":["Comunicados de Prensa","Europa","Paz y Desarme"],"inLanguage":"es"},{"@type":"WebPage","@id":"https:\/\/www.pressenza.com\/es\/2023\/05\/mas-de-cuarenta-organizaciones-se-unen-en-la-alianza-por-el-desarme-nuclear-para-pedirle-al-gobierno-su-adhesion-al-tpan\/","url":"https:\/\/www.pressenza.com\/es\/2023\/05\/mas-de-cuarenta-organizaciones-se-unen-en-la-alianza-por-el-desarme-nuclear-para-pedirle-al-gobierno-su-adhesion-al-tpan\/","name":"M\u00e1s de cuarenta organizaciones se unen en la Alianza por el Desarme Nuclear para pedirle al Gobierno su adhesi\u00f3n al TPAN","isPartOf":{"@id":"https:\/\/www.pressenza.com\/es\/#website"},"primaryImageOfPage":{"@id":"https:\/\/www.pressenza.com\/es\/2023\/05\/mas-de-cuarenta-organizaciones-se-unen-en-la-alianza-por-el-desarme-nuclear-para-pedirle-al-gobierno-su-adhesion-al-tpan\/#primaryimage"},"image":{"@id":"https:\/\/www.pressenza.com\/es\/2023\/05\/mas-de-cuarenta-organizaciones-se-unen-en-la-alianza-por-el-desarme-nuclear-para-pedirle-al-gobierno-su-adhesion-al-tpan\/#primaryimage"},"thumbnailUrl":"https:\/\/www.pressenza.com\/wp-content\/uploads\/2023\/05\/Foto-3.jpg","datePublished":"2023-05-24T15:56:41+00:00","dateModified":"2023-05-24T17:16:14+00:00","description":"La coalici\u00f3n, de la que forma parte Pressenza, insta al Ejecutivo de Pedro S\u00e1nchez a aprovechar la Presidencia espa\u00f1ola de la UE para firmar el Tratado de","breadcrumb":{"@id":"https:\/\/www.pressenza.com\/es\/2023\/05\/mas-de-cuarenta-organizaciones-se-unen-en-la-alianza-por-el-desarme-nuclear-para-pedirle-al-gobierno-su-adhesion-al-tpan\/#breadcrumb"},"inLanguage":"es","potentialAction":[{"@type":"ReadAction","target":["https:\/\/www.pressenza.com\/es\/2023\/05\/mas-de-cuarenta-organizaciones-se-unen-en-la-alianza-por-el-desarme-nuclear-para-pedirle-al-gobierno-su-adhesion-al-tpan\/"]}]},{"@type":"ImageObject","inLanguage":"es","@id":"https:\/\/www.pressenza.com\/es\/2023\/05\/mas-de-cuarenta-organizaciones-se-unen-en-la-alianza-por-el-desarme-nuclear-para-pedirle-al-gobierno-su-adhesion-al-tpan\/#primaryimage","url":"https:\/\/www.pressenza.com\/wp-content\/uploads\/2023\/05\/Foto-3.jpg","contentUrl":"https:\/\/www.pressenza.com\/wp-content\/uploads\/2023\/05\/Foto-3.jpg","width":1200,"height":800},{"@type":"BreadcrumbList","@id":"https:\/\/www.pressenza.com\/es\/2023\/05\/mas-de-cuarenta-organizaciones-se-unen-en-la-alianza-por-el-desarme-nuclear-para-pedirle-al-gobierno-su-adhesion-al-tpan\/#breadcrumb","itemListElement":[{"@type":"ListItem","position":1,"name":"Accueil","item":"https:\/\/www.pressenza.com\/es\/"},{"@type":"ListItem","position":2,"name":"M\u00e1s de cuarenta organizaciones se unen en la Alianza por el Desarme Nuclear para pedirle al Gobierno su adhesi\u00f3n al TPAN"}]},{"@type":"WebSite","@id":"https:\/\/www.pressenza.com\/es\/#website","url":"https:\/\/www.pressenza.com\/es\/","name":"Pressenza","description":"International Press Agency","publisher":{"@id":"https:\/\/www.pressenza.com\/es\/#organization"},"potentialAction":[{"@type":"SearchAction","target":{"@type":"EntryPoint","urlTemplate":"https:\/\/www.pressenza.com\/es\/?s={search_term_string}"},"query-input":{"@type":"PropertyValueSpecification","valueRequired":true,"valueName":"search_term_string"}}],"inLanguage":"es"},{"@type":"Organization","@id":"https:\/\/www.pressenza.com\/es\/#organization","name":"Pressenza","url":"https:\/\/www.pressenza.com\/es\/","logo":{"@type":"ImageObject","inLanguage":"es","@id":"https:\/\/www.pressenza.com\/es\/#\/schema\/logo\/image\/","url":"https:\/\/www.pressenza.com\/wp-content\/uploads\/2022\/10\/pressenza_logo_200x200.jpg","contentUrl":"https:\/\/www.pressenza.com\/wp-content\/uploads\/2022\/10\/pressenza_logo_200x200.jpg","width":200,"height":200,"caption":"Pressenza"},"image":{"@id":"https:\/\/www.pressenza.com\/es\/#\/schema\/logo\/image\/"},"sameAs":["https:\/\/www.facebook.com\/PressenzaItalia","https:\/\/x.com\/PressenzaIPA"]},{"@type":"Person","@id":"https:\/\/www.pressenza.com\/es\/#\/schema\/person\/828fc40eeca2ad7be3630e5a46adba94","name":"Redacci\u00f3n Madrid","description":"News from the Pressenza Bureau in Madrid, Spain","sameAs":["https:\/\/www.facebook.com\/pressenza","https:\/\/x.com\/pressenza"],"url":"https:\/\/www.pressenza.com\/es\/author\/redaccion-madrid\/"}]}},"place":"Madrid, Espa\u00f1a","original_article_url":"","_links":{"self":[{"href":"https:\/\/www.pressenza.com\/es\/wp-json\/wp\/v2\/posts\/1741378","targetHints":{"allow":["GET"]}}],"collection":[{"href":"https:\/\/www.pressenza.com\/es\/wp-json\/wp\/v2\/posts"}],"about":[{"href":"https:\/\/www.pressenza.com\/es\/wp-json\/wp\/v2\/types\/post"}],"author":[{"embeddable":true,"href":"https:\/\/www.pressenza.com\/es\/wp-json\/wp\/v2\/users\/94"}],"replies":[{"embeddable":true,"href":"https:\/\/www.pressenza.com\/es\/wp-json\/wp\/v2\/comments?post=1741378"}],"version-history":[{"count":0,"href":"https:\/\/www.pressenza.com\/es\/wp-json\/wp\/v2\/posts\/1741378\/revisions"}],"wp:featuredmedia":[{"embeddable":true,"href":"https:\/\/www.pressenza.com\/es\/wp-json\/wp\/v2\/media\/1741380"}],"wp:attachment":[{"href":"https:\/\/www.pressenza.com\/es\/wp-json\/wp\/v2\/media?parent=1741378"}],"wp:term":[{"taxonomy":"category","embeddable":true,"href":"https:\/\/www.pressenza.com\/es\/wp-json\/wp\/v2\/categories?post=1741378"},{"taxonomy":"post_tag","embeddable":true,"href":"https:\/\/www.pressenza.com\/es\/wp-json\/wp\/v2\/tags?post=1741378"}],"curies":[{"name":"wp","href":"https:\/\/api.w.org\/{rel}","templated":true}]}}