{"id":1741218,"date":"2023-05-24T01:09:56","date_gmt":"2023-05-24T00:09:56","guid":{"rendered":"https:\/\/www.pressenza.com\/?p=1741218"},"modified":"2023-05-24T01:13:34","modified_gmt":"2023-05-24T00:13:34","slug":"llamado-a-la-campana-cvr20","status":"publish","type":"post","link":"https:\/\/www.pressenza.com\/es\/2023\/05\/llamado-a-la-campana-cvr20\/","title":{"rendered":"Llamado a la Campa\u00f1a CVR+20"},"content":{"rendered":"<p>M\u00e1s de 50 instituciones independientes y p\u00fablico en general se han sumado y convocan a la Campa\u00f1a CVR+20, para que NUNCA M\u00c1S se repitan los hechos de violencia pol\u00edtica y construyamos una sociedad solidaria, con justicia social y reconciliaci\u00f3n. Este llamado se hace m\u00e1s urgente que nunca, en tiempos en los que la polarizaci\u00f3n, discriminaci\u00f3n, racismo y otras lacras sociales que vienen violentando nuestros pueblos.<\/p>\n<p>Aqu\u00ed el pronunciamiento de la Coordinadora Nacional de Derechos Humanos (CNDDHH) que invita a unirse a la campa\u00f1a por los 20 a\u00f1os del Informe Final de la CVR:<\/p>\n<p>&nbsp;<\/p>\n<p><b>\u201cA 20 a\u00f1os de la presentaci\u00f3n del Informe Final de la Comisi\u00f3n de la Verdad y Reconciliaci\u00f3n\u201d<\/b><\/p>\n<p>Con ocasi\u00f3n de cumplirse veinte a\u00f1os de la presentaci\u00f3n del Informe Final de la Comisi\u00f3n de la Verdad y Reconciliaci\u00f3n (CVR), las organizaciones y personas abajo firmantes decimos:<\/p>\n<p>El Informe Final de la CVR, presentado el 28 de agosto del 2003, constituye un hito fundamental en la lucha por lograr justicia y reparaci\u00f3n. Asimismo, reafirm\u00f3 la necesidad de la democracia en el Per\u00fa. El informe evalu\u00f3 las causas y los efectos de la violencia pol\u00edtica de los a\u00f1os 80 y 90, revis\u00f3 el papel de los distintos actores e hizo recomendaciones. Su perspectiva fue y es la de construir una sociedad responsable, inclusiva y solidaria que nos permita convivir en paz y democracia, con justicia y desarrollo, para hacer realidad el anhelado \u201cNUNCA M\u00c1S\u201d, tantas veces repetido.<\/p>\n<p>En estos veinte a\u00f1os se lograron avances: m\u00e1s de cien casos de violaciones contra los derechos humanos fueron sentenciados, entre ellos, Alberto Fujimori, Vladimiro Montesinos, Daniel Urresti, mandos militares y dirigentes terroristas. Se cre\u00f3 el Programa de Reparaciones para las v\u00edctimas y sus familiares, gracias a la lucha perseverante de las organizaciones de v\u00edctimas, del movimiento de derechos humanos y de algunas instituciones de iglesias. Se formaron las fiscal\u00edas especializadas en derechos humanos. Se avanz\u00f3 en capacitar en estos temas a magistrados y miembros de las fuerzas del orden. Sin embargo, siguen pendientes las reformas institucionales en los campos de la salud, la educaci\u00f3n, la reestructuraci\u00f3n del Estado y la consolidaci\u00f3n de la democracia.<\/p>\n<p>Hoy, la Campa\u00f1a CVR+20 se reafirma en la necesidad de combatir la violencia y los discursos odio. Por y para ello el camino que debemos recorrer como sociedad para preservar la memoria de las v\u00edctimas de la violencia pol\u00edtica, es el de la reflexi\u00f3n, capacidad que debe formarse en las escuelas y familias. El Informe de la CVR aporta a la relectura de nuestra historia reciente, desde una visi\u00f3n integral de los valores humanos: la \u00e9tica, la solidaridad, la tolerancia, la libertad, el respeto a la verdad, la honestidad. A esto contribuyen, desde una mirada nacional, el memorial en ofrenda a los fallecidos por la violencia pol\u00edtica en los a\u00f1os 80 y 90 \u201cEl ojo que llora\u201d, as\u00ed como el museo Lugar de la Memoria, el santuario de La Hoyada en Ayacucho, Yalpanahuasi y m\u00e1s de 100 sitios de memoria en diversas partes del pa\u00eds.<\/p>\n<p>Las y los l\u00edderes pol\u00edticos que han gestionado el Estado a lo largo de estos veinte a\u00f1os no han tomado plena consciencia del compromiso hist\u00f3rico de llevar adelante las recomendaciones del Informe Final y han puesto en riesgo sus avances, contribuyendo a exacerbar una cultura autoritaria y de impunidad. El conservadurismo, la discriminaci\u00f3n, el racismo y el \u201cterruqueo\u201d, pasan por alto la realidad nacional y se adhieren a la ola mundial que pretende reescribir la historia sesg\u00e1ndola ideol\u00f3gicamente a favor de intereses antidemocr\u00e1ticos. Las consecuencias las estamos viendo en los \u00faltimos cuatro meses: la p\u00e9rdida de la vida de 70 personas, entre ejecuciones judiciales y masacres; violencia social y pol\u00edtica que enluta a nuestro pa\u00eds y revive un pasado que cre\u00edmos lejano.<\/p>\n<p>En los a\u00f1os 80 y 90 fueron nuestros pueblos quienes, con organizaci\u00f3n y dignidad colectiva, defendieron la vida y sus territorios frente a todo tipo de violencia. Recientemente, pese al desprecio y represi\u00f3n sufridos durante las movilizaciones, las comunidades, organizaciones y activistas han salido masivamente a ejercer la defensa de sus derechos, desafiando la ausencia de reconocimiento. Son ellos nuestra esperanza en la lucha por justicia y defensa de la democracia.<\/p>\n<p>Hoy, hacemos un llamado a las personas y organizaciones del Per\u00fa para cerrar filas en contra de todo tipo de violencia y defender la vida en dignidad, con memoria, justicia y reparaci\u00f3n. Las y los invitamos a sumarse a la Campa\u00f1a CVR+20 para un NUNCA MAS, porque \u201cSOLO LA JUSTICIA HACE LA PAZ\u201d.<\/p>\n<p><b>Firman y se adhieren al llamamiento:<\/b><\/p>\n<p>Coordinadora Nacional de Derechos Humanos<\/p>\n<p>&nbsp;<\/p>\n<p>Para firmar y adherirse a la Campa\u00f1a CVR+20 visite el siguiente enlace: https:\/\/forms.gle\/h5KE1JkRWPUwvJx78<\/p>\n<p>Foto: Derechos humanos sin fronteras.<\/p>\n","protected":false},"excerpt":{"rendered":"<p>M\u00e1s de 50 instituciones independientes y p\u00fablico en general se han sumado y convocan a la Campa\u00f1a CVR+20, para que NUNCA M\u00c1S se repitan los hechos de violencia pol\u00edtica y construyamos una sociedad solidaria, con justicia social y reconciliaci\u00f3n. Este&hellip;<\/p>\n","protected":false},"author":831,"featured_media":1741221,"comment_status":"closed","ping_status":"closed","sticky":false,"template":"","format":"standard","meta":{"footnotes":""},"categories":[11389,79,106739,1242,1243,67],"tags":[15735,113065,21436],"class_list":["post-1741218","post","type-post","status-publish","format-standard","has-post-thumbnail","hentry","category-contenido-original","category-derechos-humanos","category-noticia","category-noviolencia-tema","category-paz-desarme","category-sudamerica","tag-cvr","tag-informe-de-la-comision-de-la-verdad-y-la-reconciliacion","tag-violencia-politica"],"yoast_head":"<!-- This site is optimized with the Yoast SEO plugin v27.1.1 - https:\/\/yoast.com\/product\/yoast-seo-wordpress\/ -->\n<title>Llamado a la Campa\u00f1a CVR+20<\/title>\n<meta name=\"description\" content=\"M\u00e1s de 50 instituciones independientes y p\u00fablico en general se han sumado y convocan a la Campa\u00f1a CVR+20, para que NUNCA M\u00c1S se repitan los hechos de\" \/>\n<meta name=\"robots\" content=\"index, follow, max-snippet:-1, max-image-preview:large, max-video-preview:-1\" \/>\n<link rel=\"canonical\" href=\"https:\/\/www.pressenza.com\/es\/2023\/05\/llamado-a-la-campana-cvr20\/\" \/>\n<meta property=\"og:locale\" content=\"es_ES\" \/>\n<meta property=\"og:type\" content=\"article\" \/>\n<meta property=\"og:title\" content=\"Llamado a la Campa\u00f1a CVR+20\" \/>\n<meta property=\"og:description\" content=\"M\u00e1s de 50 instituciones independientes y p\u00fablico en general se han sumado y convocan a la Campa\u00f1a CVR+20, para que NUNCA M\u00c1S se repitan los hechos de\" \/>\n<meta property=\"og:url\" content=\"https:\/\/www.pressenza.com\/es\/2023\/05\/llamado-a-la-campana-cvr20\/\" \/>\n<meta property=\"og:site_name\" content=\"Pressenza\" \/>\n<meta property=\"article:publisher\" content=\"https:\/\/www.facebook.com\/PressenzaItalia\" \/>\n<meta property=\"article:published_time\" content=\"2023-05-24T00:09:56+00:00\" \/>\n<meta property=\"article:modified_time\" content=\"2023-05-24T00:13:34+00:00\" \/>\n<meta property=\"og:image\" content=\"https:\/\/www.pressenza.com\/wp-content\/uploads\/2023\/05\/CVR1.jpg\" \/>\n\t<meta property=\"og:image:width\" content=\"813\" \/>\n\t<meta property=\"og:image:height\" content=\"462\" \/>\n\t<meta property=\"og:image:type\" content=\"image\/jpeg\" \/>\n<meta name=\"author\" content=\"Redacci\u00f3n Per\u00fa\" \/>\n<meta name=\"twitter:card\" content=\"summary_large_image\" \/>\n<meta name=\"twitter:creator\" content=\"@PressenzaIPA\" \/>\n<meta name=\"twitter:site\" content=\"@PressenzaIPA\" \/>\n<meta name=\"twitter:label1\" content=\"Escrito por\" \/>\n\t<meta name=\"twitter:data1\" content=\"Redacci\u00f3n Per\u00fa\" \/>\n\t<meta name=\"twitter:label2\" content=\"Tiempo de lectura\" \/>\n\t<meta name=\"twitter:data2\" content=\"4 minutos\" \/>\n<script type=\"application\/ld+json\" class=\"yoast-schema-graph\">{\"@context\":\"https:\/\/schema.org\",\"@graph\":[{\"@type\":\"Article\",\"@id\":\"https:\/\/www.pressenza.com\/es\/2023\/05\/llamado-a-la-campana-cvr20\/#article\",\"isPartOf\":{\"@id\":\"https:\/\/www.pressenza.com\/es\/2023\/05\/llamado-a-la-campana-cvr20\/\"},\"author\":{\"name\":\"Redacci\u00f3n Per\u00fa\",\"@id\":\"https:\/\/www.pressenza.com\/es\/#\/schema\/person\/e86c29a41185b85084a478822f5de81b\"},\"headline\":\"Llamado a la Campa\u00f1a CVR+20\",\"datePublished\":\"2023-05-24T00:09:56+00:00\",\"dateModified\":\"2023-05-24T00:13:34+00:00\",\"mainEntityOfPage\":{\"@id\":\"https:\/\/www.pressenza.com\/es\/2023\/05\/llamado-a-la-campana-cvr20\/\"},\"wordCount\":830,\"publisher\":{\"@id\":\"https:\/\/www.pressenza.com\/es\/#organization\"},\"image\":{\"@id\":\"https:\/\/www.pressenza.com\/es\/2023\/05\/llamado-a-la-campana-cvr20\/#primaryimage\"},\"thumbnailUrl\":\"https:\/\/www.pressenza.com\/wp-content\/uploads\/2023\/05\/CVR1.jpg\",\"keywords\":[\"CVR\",\"Informe de la Comisi\u00f3n de la Verdad y la Reconciliaci\u00f3n\",\"Violencia pol\u00edtica\"],\"articleSection\":[\"Contenido Original\",\"Derechos Humanos\",\"Noticia\",\"Noviolencia\",\"Paz y Desarme\",\"Sudam\u00e9rica\"],\"inLanguage\":\"es\"},{\"@type\":\"WebPage\",\"@id\":\"https:\/\/www.pressenza.com\/es\/2023\/05\/llamado-a-la-campana-cvr20\/\",\"url\":\"https:\/\/www.pressenza.com\/es\/2023\/05\/llamado-a-la-campana-cvr20\/\",\"name\":\"Llamado a la Campa\u00f1a CVR+20\",\"isPartOf\":{\"@id\":\"https:\/\/www.pressenza.com\/es\/#website\"},\"primaryImageOfPage\":{\"@id\":\"https:\/\/www.pressenza.com\/es\/2023\/05\/llamado-a-la-campana-cvr20\/#primaryimage\"},\"image\":{\"@id\":\"https:\/\/www.pressenza.com\/es\/2023\/05\/llamado-a-la-campana-cvr20\/#primaryimage\"},\"thumbnailUrl\":\"https:\/\/www.pressenza.com\/wp-content\/uploads\/2023\/05\/CVR1.jpg\",\"datePublished\":\"2023-05-24T00:09:56+00:00\",\"dateModified\":\"2023-05-24T00:13:34+00:00\",\"description\":\"M\u00e1s de 50 instituciones independientes y p\u00fablico en general se han sumado y convocan a la Campa\u00f1a CVR+20, para que NUNCA M\u00c1S se repitan los hechos de\",\"breadcrumb\":{\"@id\":\"https:\/\/www.pressenza.com\/es\/2023\/05\/llamado-a-la-campana-cvr20\/#breadcrumb\"},\"inLanguage\":\"es\",\"potentialAction\":[{\"@type\":\"ReadAction\",\"target\":[\"https:\/\/www.pressenza.com\/es\/2023\/05\/llamado-a-la-campana-cvr20\/\"]}]},{\"@type\":\"ImageObject\",\"inLanguage\":\"es\",\"@id\":\"https:\/\/www.pressenza.com\/es\/2023\/05\/llamado-a-la-campana-cvr20\/#primaryimage\",\"url\":\"https:\/\/www.pressenza.com\/wp-content\/uploads\/2023\/05\/CVR1.jpg\",\"contentUrl\":\"https:\/\/www.pressenza.com\/wp-content\/uploads\/2023\/05\/CVR1.jpg\",\"width\":813,\"height\":462},{\"@type\":\"BreadcrumbList\",\"@id\":\"https:\/\/www.pressenza.com\/es\/2023\/05\/llamado-a-la-campana-cvr20\/#breadcrumb\",\"itemListElement\":[{\"@type\":\"ListItem\",\"position\":1,\"name\":\"Accueil\",\"item\":\"https:\/\/www.pressenza.com\/es\/\"},{\"@type\":\"ListItem\",\"position\":2,\"name\":\"Llamado a la Campa\u00f1a CVR+20\"}]},{\"@type\":\"WebSite\",\"@id\":\"https:\/\/www.pressenza.com\/es\/#website\",\"url\":\"https:\/\/www.pressenza.com\/es\/\",\"name\":\"Pressenza\",\"description\":\"International Press Agency\",\"publisher\":{\"@id\":\"https:\/\/www.pressenza.com\/es\/#organization\"},\"potentialAction\":[{\"@type\":\"SearchAction\",\"target\":{\"@type\":\"EntryPoint\",\"urlTemplate\":\"https:\/\/www.pressenza.com\/es\/?s={search_term_string}\"},\"query-input\":{\"@type\":\"PropertyValueSpecification\",\"valueRequired\":true,\"valueName\":\"search_term_string\"}}],\"inLanguage\":\"es\"},{\"@type\":\"Organization\",\"@id\":\"https:\/\/www.pressenza.com\/es\/#organization\",\"name\":\"Pressenza\",\"url\":\"https:\/\/www.pressenza.com\/es\/\",\"logo\":{\"@type\":\"ImageObject\",\"inLanguage\":\"es\",\"@id\":\"https:\/\/www.pressenza.com\/es\/#\/schema\/logo\/image\/\",\"url\":\"https:\/\/www.pressenza.com\/wp-content\/uploads\/2022\/10\/pressenza_logo_200x200.jpg\",\"contentUrl\":\"https:\/\/www.pressenza.com\/wp-content\/uploads\/2022\/10\/pressenza_logo_200x200.jpg\",\"width\":200,\"height\":200,\"caption\":\"Pressenza\"},\"image\":{\"@id\":\"https:\/\/www.pressenza.com\/es\/#\/schema\/logo\/image\/\"},\"sameAs\":[\"https:\/\/www.facebook.com\/PressenzaItalia\",\"https:\/\/x.com\/PressenzaIPA\"]},{\"@type\":\"Person\",\"@id\":\"https:\/\/www.pressenza.com\/es\/#\/schema\/person\/e86c29a41185b85084a478822f5de81b\",\"name\":\"Redacci\u00f3n Per\u00fa\",\"description\":\"News published by the Pressenza bureau in Peru\",\"url\":\"https:\/\/www.pressenza.com\/es\/author\/redaccion-peru\/\"}]}<\/script>\n<!-- \/ Yoast SEO plugin. -->","yoast_head_json":{"title":"Llamado a la Campa\u00f1a CVR+20","description":"M\u00e1s de 50 instituciones independientes y p\u00fablico en general se han sumado y convocan a la Campa\u00f1a CVR+20, para que NUNCA M\u00c1S se repitan los hechos de","robots":{"index":"index","follow":"follow","max-snippet":"max-snippet:-1","max-image-preview":"max-image-preview:large","max-video-preview":"max-video-preview:-1"},"canonical":"https:\/\/www.pressenza.com\/es\/2023\/05\/llamado-a-la-campana-cvr20\/","og_locale":"es_ES","og_type":"article","og_title":"Llamado a la Campa\u00f1a CVR+20","og_description":"M\u00e1s de 50 instituciones independientes y p\u00fablico en general se han sumado y convocan a la Campa\u00f1a CVR+20, para que NUNCA M\u00c1S se repitan los hechos de","og_url":"https:\/\/www.pressenza.com\/es\/2023\/05\/llamado-a-la-campana-cvr20\/","og_site_name":"Pressenza","article_publisher":"https:\/\/www.facebook.com\/PressenzaItalia","article_published_time":"2023-05-24T00:09:56+00:00","article_modified_time":"2023-05-24T00:13:34+00:00","og_image":[{"width":813,"height":462,"url":"https:\/\/www.pressenza.com\/wp-content\/uploads\/2023\/05\/CVR1.jpg","type":"image\/jpeg"}],"author":"Redacci\u00f3n Per\u00fa","twitter_card":"summary_large_image","twitter_creator":"@PressenzaIPA","twitter_site":"@PressenzaIPA","twitter_misc":{"Escrito por":"Redacci\u00f3n Per\u00fa","Tiempo de lectura":"4 minutos"},"schema":{"@context":"https:\/\/schema.org","@graph":[{"@type":"Article","@id":"https:\/\/www.pressenza.com\/es\/2023\/05\/llamado-a-la-campana-cvr20\/#article","isPartOf":{"@id":"https:\/\/www.pressenza.com\/es\/2023\/05\/llamado-a-la-campana-cvr20\/"},"author":{"name":"Redacci\u00f3n Per\u00fa","@id":"https:\/\/www.pressenza.com\/es\/#\/schema\/person\/e86c29a41185b85084a478822f5de81b"},"headline":"Llamado a la Campa\u00f1a CVR+20","datePublished":"2023-05-24T00:09:56+00:00","dateModified":"2023-05-24T00:13:34+00:00","mainEntityOfPage":{"@id":"https:\/\/www.pressenza.com\/es\/2023\/05\/llamado-a-la-campana-cvr20\/"},"wordCount":830,"publisher":{"@id":"https:\/\/www.pressenza.com\/es\/#organization"},"image":{"@id":"https:\/\/www.pressenza.com\/es\/2023\/05\/llamado-a-la-campana-cvr20\/#primaryimage"},"thumbnailUrl":"https:\/\/www.pressenza.com\/wp-content\/uploads\/2023\/05\/CVR1.jpg","keywords":["CVR","Informe de la Comisi\u00f3n de la Verdad y la Reconciliaci\u00f3n","Violencia pol\u00edtica"],"articleSection":["Contenido Original","Derechos Humanos","Noticia","Noviolencia","Paz y Desarme","Sudam\u00e9rica"],"inLanguage":"es"},{"@type":"WebPage","@id":"https:\/\/www.pressenza.com\/es\/2023\/05\/llamado-a-la-campana-cvr20\/","url":"https:\/\/www.pressenza.com\/es\/2023\/05\/llamado-a-la-campana-cvr20\/","name":"Llamado a la Campa\u00f1a CVR+20","isPartOf":{"@id":"https:\/\/www.pressenza.com\/es\/#website"},"primaryImageOfPage":{"@id":"https:\/\/www.pressenza.com\/es\/2023\/05\/llamado-a-la-campana-cvr20\/#primaryimage"},"image":{"@id":"https:\/\/www.pressenza.com\/es\/2023\/05\/llamado-a-la-campana-cvr20\/#primaryimage"},"thumbnailUrl":"https:\/\/www.pressenza.com\/wp-content\/uploads\/2023\/05\/CVR1.jpg","datePublished":"2023-05-24T00:09:56+00:00","dateModified":"2023-05-24T00:13:34+00:00","description":"M\u00e1s de 50 instituciones independientes y p\u00fablico en general se han sumado y convocan a la Campa\u00f1a CVR+20, para que NUNCA M\u00c1S se repitan los hechos de","breadcrumb":{"@id":"https:\/\/www.pressenza.com\/es\/2023\/05\/llamado-a-la-campana-cvr20\/#breadcrumb"},"inLanguage":"es","potentialAction":[{"@type":"ReadAction","target":["https:\/\/www.pressenza.com\/es\/2023\/05\/llamado-a-la-campana-cvr20\/"]}]},{"@type":"ImageObject","inLanguage":"es","@id":"https:\/\/www.pressenza.com\/es\/2023\/05\/llamado-a-la-campana-cvr20\/#primaryimage","url":"https:\/\/www.pressenza.com\/wp-content\/uploads\/2023\/05\/CVR1.jpg","contentUrl":"https:\/\/www.pressenza.com\/wp-content\/uploads\/2023\/05\/CVR1.jpg","width":813,"height":462},{"@type":"BreadcrumbList","@id":"https:\/\/www.pressenza.com\/es\/2023\/05\/llamado-a-la-campana-cvr20\/#breadcrumb","itemListElement":[{"@type":"ListItem","position":1,"name":"Accueil","item":"https:\/\/www.pressenza.com\/es\/"},{"@type":"ListItem","position":2,"name":"Llamado a la Campa\u00f1a CVR+20"}]},{"@type":"WebSite","@id":"https:\/\/www.pressenza.com\/es\/#website","url":"https:\/\/www.pressenza.com\/es\/","name":"Pressenza","description":"International Press Agency","publisher":{"@id":"https:\/\/www.pressenza.com\/es\/#organization"},"potentialAction":[{"@type":"SearchAction","target":{"@type":"EntryPoint","urlTemplate":"https:\/\/www.pressenza.com\/es\/?s={search_term_string}"},"query-input":{"@type":"PropertyValueSpecification","valueRequired":true,"valueName":"search_term_string"}}],"inLanguage":"es"},{"@type":"Organization","@id":"https:\/\/www.pressenza.com\/es\/#organization","name":"Pressenza","url":"https:\/\/www.pressenza.com\/es\/","logo":{"@type":"ImageObject","inLanguage":"es","@id":"https:\/\/www.pressenza.com\/es\/#\/schema\/logo\/image\/","url":"https:\/\/www.pressenza.com\/wp-content\/uploads\/2022\/10\/pressenza_logo_200x200.jpg","contentUrl":"https:\/\/www.pressenza.com\/wp-content\/uploads\/2022\/10\/pressenza_logo_200x200.jpg","width":200,"height":200,"caption":"Pressenza"},"image":{"@id":"https:\/\/www.pressenza.com\/es\/#\/schema\/logo\/image\/"},"sameAs":["https:\/\/www.facebook.com\/PressenzaItalia","https:\/\/x.com\/PressenzaIPA"]},{"@type":"Person","@id":"https:\/\/www.pressenza.com\/es\/#\/schema\/person\/e86c29a41185b85084a478822f5de81b","name":"Redacci\u00f3n Per\u00fa","description":"News published by the Pressenza bureau in Peru","url":"https:\/\/www.pressenza.com\/es\/author\/redaccion-peru\/"}]}},"place":"","original_article_url":"","_links":{"self":[{"href":"https:\/\/www.pressenza.com\/es\/wp-json\/wp\/v2\/posts\/1741218","targetHints":{"allow":["GET"]}}],"collection":[{"href":"https:\/\/www.pressenza.com\/es\/wp-json\/wp\/v2\/posts"}],"about":[{"href":"https:\/\/www.pressenza.com\/es\/wp-json\/wp\/v2\/types\/post"}],"author":[{"embeddable":true,"href":"https:\/\/www.pressenza.com\/es\/wp-json\/wp\/v2\/users\/831"}],"replies":[{"embeddable":true,"href":"https:\/\/www.pressenza.com\/es\/wp-json\/wp\/v2\/comments?post=1741218"}],"version-history":[{"count":0,"href":"https:\/\/www.pressenza.com\/es\/wp-json\/wp\/v2\/posts\/1741218\/revisions"}],"wp:featuredmedia":[{"embeddable":true,"href":"https:\/\/www.pressenza.com\/es\/wp-json\/wp\/v2\/media\/1741221"}],"wp:attachment":[{"href":"https:\/\/www.pressenza.com\/es\/wp-json\/wp\/v2\/media?parent=1741218"}],"wp:term":[{"taxonomy":"category","embeddable":true,"href":"https:\/\/www.pressenza.com\/es\/wp-json\/wp\/v2\/categories?post=1741218"},{"taxonomy":"post_tag","embeddable":true,"href":"https:\/\/www.pressenza.com\/es\/wp-json\/wp\/v2\/tags?post=1741218"}],"curies":[{"name":"wp","href":"https:\/\/api.w.org\/{rel}","templated":true}]}}