{"id":1740912,"date":"2023-05-22T15:31:34","date_gmt":"2023-05-22T14:31:34","guid":{"rendered":"https:\/\/www.pressenza.com\/?p=1740912"},"modified":"2023-05-22T17:58:12","modified_gmt":"2023-05-22T16:58:12","slug":"grecia-elecciones-nacionales-victoria-de-las-fuerzas-conservadoras","status":"publish","type":"post","link":"https:\/\/www.pressenza.com\/es\/2023\/05\/grecia-elecciones-nacionales-victoria-de-las-fuerzas-conservadoras\/","title":{"rendered":"Grecia &#8211; elecciones nacionales: victoria de las fuerzas conservadoras"},"content":{"rendered":"<blockquote><p>En Grecia, las elecciones nacionales se celebraron el domingo 21 de mayo con el sistema de representaci\u00f3n proporcional que rige desde el 2016. El 60,92% del electorado particip\u00f3 en las elecciones, lo que arroj\u00f3 un 39% de abstenci\u00f3n, ligeramente inferior al de las elecciones anteriores de 2019, cuando la abstenci\u00f3n alcanz\u00f3 el 43% del electorado.<\/p><\/blockquote>\n<p><strong>Resultados<\/strong><\/p>\n<p>El partido conservador Nueva Democracia, que ya gobernaba de forma aut\u00f3noma desde hace cuatro a\u00f1os, obtuvo el 40,79%, 146 esca\u00f1os, manteniendo -y aumentando en 200.000- el n\u00famero de votos que hab\u00eda obtenido en 2019. SYRIZA cay\u00f3 al 20,07% frente al 31,53% que recibi\u00f3 en las elecciones anteriores y cuenta ahora con 71 esca\u00f1os. PASOK &#8211; el partido socialista griego aument\u00f3 su participaci\u00f3n al 11,46% frente al 8,10% de las elecciones anteriores y obtuvo 41 esca\u00f1os. Cabe se\u00f1alar que estas fueron las primeras elecciones con el nuevo Presidente socialista, Nikos Androulakis. El Partido Comunista de Grecia tambi\u00e9n aument\u00f3 su porcentaje a un 7,23% y 26 esca\u00f1os, frente al 5,30% de las elecciones anteriores. El partido de extrema derecha Soluci\u00f3n Hel\u00e9nica tambi\u00e9n aument\u00f3 su porcentaje, recibiendo un 4,45% y 16 esca\u00f1os frente al 3,70% que obtuvo en 2019. La Alianza por la Ruptura MeRA25 recibi\u00f3 el 2,62% -frente al 3,44% de 2019- y no logr\u00f3 entrar en el Parlamento.<\/p>\n<p><strong>Formaci\u00f3n de Gobierno<\/strong><\/p>\n<p>Seg\u00fan el sistema de representaci\u00f3n proporcional, el primer partido o una combinaci\u00f3n de partidos necesita reunir una cuota electoral cercana al 50% y 151 esca\u00f1os para poder gobernar. Ayer, el Presidente de Nueva Democracia, Kyriakos Mitsotakis, dijo que probablemente no buscar\u00e1 formar alianzas, sino que se mover\u00e1 estrat\u00e9gicamente r\u00e1pido hacia el pr\u00f3ximo hito electoral (probablemente el 25 de junio), que se celebrar\u00e1 con representaci\u00f3n proporcional, para confirmar la mayor\u00eda ampliamente reforzada y aut\u00f3noma de su partido. Hoy ya ha recibido un mandato para formar gobierno y la evoluci\u00f3n ser\u00e1 r\u00e1pida en los pr\u00f3ximos d\u00edas.<\/p>\n<p><strong>Tendencias electorales<\/strong><\/p>\n<p>A tenor de los resultados y a pesar de los enormes desaf\u00edos a los que se enfrenta el pueblo griego, la pandemia, las consecuencias de la guerra, la crisis energ\u00e9tica, las privatizaciones, el deterioro de los servicios p\u00fablicos (sanidad, educaci\u00f3n, transporte p\u00fablico, informaci\u00f3n, etc.), el terrorismo policial y la carrera armament\u00edstica, han aumentado en Grecia las preferencias hacia los partidos que tienden a una pol\u00edtica conservadora y de extrema derecha. Al mismo tiempo, el Partido Comunista logr\u00f3 su ascenso y aglutin\u00f3 el voto contra las medidas antipopulares. El partido socialista fren\u00f3 la ca\u00edda que hab\u00eda experimentado durante varias elecciones, mientras que la alianza del MeRA25 con Unidad Popular y algunas otras fuerzas de izquierda no alineadas, no logr\u00f3 convencer como principal discurso de oposici\u00f3n.<\/p>\n","protected":false},"excerpt":{"rendered":"<p>En Grecia, las elecciones nacionales se celebraron el domingo 21 de mayo con el sistema de representaci\u00f3n proporcional que rige desde el 2016. El 60,92% del electorado particip\u00f3 en las elecciones, lo que arroj\u00f3 un 39% de abstenci\u00f3n, ligeramente inferior&hellip;<\/p>\n","protected":false},"author":1220,"featured_media":1740915,"comment_status":"closed","ping_status":"closed","sticky":false,"template":"","format":"standard","meta":{"footnotes":""},"categories":[11389,66,106739,74],"tags":[403,1346,10769,15844],"class_list":["post-1740912","post","type-post","status-publish","format-standard","has-post-thumbnail","hentry","category-contenido-original","category-europa-es","category-noticia","category-politica-es","tag-elecciones","tag-grecia-es","tag-syriza-es","tag-yanis-varoufakis-es"],"yoast_head":"<!-- This site is optimized with the Yoast SEO plugin v27.1.1 - https:\/\/yoast.com\/product\/yoast-seo-wordpress\/ -->\n<title>Grecia - elecciones nacionales: victoria de las fuerzas conservadoras<\/title>\n<meta name=\"description\" content=\"En Grecia, las elecciones nacionales se celebraron el domingo 21 de mayo con el sistema de representaci\u00f3n proporcional que rige desde el 2016. El 60,92%\" \/>\n<meta name=\"robots\" content=\"index, follow, max-snippet:-1, max-image-preview:large, max-video-preview:-1\" \/>\n<link rel=\"canonical\" href=\"https:\/\/www.pressenza.com\/es\/2023\/05\/grecia-elecciones-nacionales-victoria-de-las-fuerzas-conservadoras\/\" \/>\n<meta property=\"og:locale\" content=\"es_ES\" \/>\n<meta property=\"og:type\" content=\"article\" \/>\n<meta property=\"og:title\" content=\"Grecia - elecciones nacionales: victoria de las fuerzas conservadoras\" \/>\n<meta property=\"og:description\" content=\"En Grecia, las elecciones nacionales se celebraron el domingo 21 de mayo con el sistema de representaci\u00f3n proporcional que rige desde el 2016. El 60,92%\" \/>\n<meta property=\"og:url\" content=\"https:\/\/www.pressenza.com\/es\/2023\/05\/grecia-elecciones-nacionales-victoria-de-las-fuerzas-conservadoras\/\" \/>\n<meta property=\"og:site_name\" content=\"Pressenza\" \/>\n<meta property=\"article:publisher\" content=\"https:\/\/www.facebook.com\/PressenzaItalia\" \/>\n<meta property=\"article:author\" content=\"https:\/\/www.facebook.com\/pressenzagr\/\" \/>\n<meta property=\"article:published_time\" content=\"2023-05-22T14:31:34+00:00\" \/>\n<meta property=\"article:modified_time\" content=\"2023-05-22T16:58:12+00:00\" \/>\n<meta property=\"og:image\" content=\"https:\/\/www.pressenza.com\/wp-content\/uploads\/2023\/05\/greece-national-elections-photo-adobe-rights-Marianella-Kloka.png\" \/>\n\t<meta property=\"og:image:width\" content=\"820\" \/>\n\t<meta property=\"og:image:height\" content=\"546\" \/>\n\t<meta property=\"og:image:type\" content=\"image\/png\" \/>\n<meta name=\"author\" content=\"Pressenza Athens\" \/>\n<meta name=\"twitter:card\" content=\"summary_large_image\" \/>\n<meta name=\"twitter:creator\" content=\"@Pressenza_ath\" \/>\n<meta name=\"twitter:site\" content=\"@PressenzaIPA\" \/>\n<meta name=\"twitter:label1\" content=\"Escrito por\" \/>\n\t<meta name=\"twitter:data1\" content=\"Pressenza Athens\" \/>\n\t<meta name=\"twitter:label2\" content=\"Tiempo de lectura\" \/>\n\t<meta name=\"twitter:data2\" content=\"2 minutos\" \/>\n<script type=\"application\/ld+json\" class=\"yoast-schema-graph\">{\"@context\":\"https:\/\/schema.org\",\"@graph\":[{\"@type\":\"Article\",\"@id\":\"https:\/\/www.pressenza.com\/es\/2023\/05\/grecia-elecciones-nacionales-victoria-de-las-fuerzas-conservadoras\/#article\",\"isPartOf\":{\"@id\":\"https:\/\/www.pressenza.com\/es\/2023\/05\/grecia-elecciones-nacionales-victoria-de-las-fuerzas-conservadoras\/\"},\"author\":{\"name\":\"Pressenza Athens\",\"@id\":\"https:\/\/www.pressenza.com\/es\/#\/schema\/person\/9eae8d7f0aad5ec6a7f6f21ec94480fb\"},\"headline\":\"Grecia &#8211; elecciones nacionales: victoria de las fuerzas conservadoras\",\"datePublished\":\"2023-05-22T14:31:34+00:00\",\"dateModified\":\"2023-05-22T16:58:12+00:00\",\"mainEntityOfPage\":{\"@id\":\"https:\/\/www.pressenza.com\/es\/2023\/05\/grecia-elecciones-nacionales-victoria-de-las-fuerzas-conservadoras\/\"},\"wordCount\":462,\"publisher\":{\"@id\":\"https:\/\/www.pressenza.com\/es\/#organization\"},\"image\":{\"@id\":\"https:\/\/www.pressenza.com\/es\/2023\/05\/grecia-elecciones-nacionales-victoria-de-las-fuerzas-conservadoras\/#primaryimage\"},\"thumbnailUrl\":\"https:\/\/www.pressenza.com\/wp-content\/uploads\/2023\/05\/greece-national-elections-photo-adobe-rights-Marianella-Kloka.png\",\"keywords\":[\"elecciones\",\"Grecia\",\"Syriza\",\"Yanis Varoufakis\"],\"articleSection\":[\"Contenido Original\",\"Europa\",\"Noticia\",\"Pol\u00edtica\"],\"inLanguage\":\"es\"},{\"@type\":\"WebPage\",\"@id\":\"https:\/\/www.pressenza.com\/es\/2023\/05\/grecia-elecciones-nacionales-victoria-de-las-fuerzas-conservadoras\/\",\"url\":\"https:\/\/www.pressenza.com\/es\/2023\/05\/grecia-elecciones-nacionales-victoria-de-las-fuerzas-conservadoras\/\",\"name\":\"Grecia - elecciones nacionales: victoria de las fuerzas conservadoras\",\"isPartOf\":{\"@id\":\"https:\/\/www.pressenza.com\/es\/#website\"},\"primaryImageOfPage\":{\"@id\":\"https:\/\/www.pressenza.com\/es\/2023\/05\/grecia-elecciones-nacionales-victoria-de-las-fuerzas-conservadoras\/#primaryimage\"},\"image\":{\"@id\":\"https:\/\/www.pressenza.com\/es\/2023\/05\/grecia-elecciones-nacionales-victoria-de-las-fuerzas-conservadoras\/#primaryimage\"},\"thumbnailUrl\":\"https:\/\/www.pressenza.com\/wp-content\/uploads\/2023\/05\/greece-national-elections-photo-adobe-rights-Marianella-Kloka.png\",\"datePublished\":\"2023-05-22T14:31:34+00:00\",\"dateModified\":\"2023-05-22T16:58:12+00:00\",\"description\":\"En Grecia, las elecciones nacionales se celebraron el domingo 21 de mayo con el sistema de representaci\u00f3n proporcional que rige desde el 2016. El 60,92%\",\"breadcrumb\":{\"@id\":\"https:\/\/www.pressenza.com\/es\/2023\/05\/grecia-elecciones-nacionales-victoria-de-las-fuerzas-conservadoras\/#breadcrumb\"},\"inLanguage\":\"es\",\"potentialAction\":[{\"@type\":\"ReadAction\",\"target\":[\"https:\/\/www.pressenza.com\/es\/2023\/05\/grecia-elecciones-nacionales-victoria-de-las-fuerzas-conservadoras\/\"]}]},{\"@type\":\"ImageObject\",\"inLanguage\":\"es\",\"@id\":\"https:\/\/www.pressenza.com\/es\/2023\/05\/grecia-elecciones-nacionales-victoria-de-las-fuerzas-conservadoras\/#primaryimage\",\"url\":\"https:\/\/www.pressenza.com\/wp-content\/uploads\/2023\/05\/greece-national-elections-photo-adobe-rights-Marianella-Kloka.png\",\"contentUrl\":\"https:\/\/www.pressenza.com\/wp-content\/uploads\/2023\/05\/greece-national-elections-photo-adobe-rights-Marianella-Kloka.png\",\"width\":820,\"height\":546,\"caption\":\"Photo Adobe - rights for non-commercial use, Mariannella Kloka\"},{\"@type\":\"BreadcrumbList\",\"@id\":\"https:\/\/www.pressenza.com\/es\/2023\/05\/grecia-elecciones-nacionales-victoria-de-las-fuerzas-conservadoras\/#breadcrumb\",\"itemListElement\":[{\"@type\":\"ListItem\",\"position\":1,\"name\":\"Accueil\",\"item\":\"https:\/\/www.pressenza.com\/es\/\"},{\"@type\":\"ListItem\",\"position\":2,\"name\":\"Grecia &#8211; elecciones nacionales: victoria de las fuerzas conservadoras\"}]},{\"@type\":\"WebSite\",\"@id\":\"https:\/\/www.pressenza.com\/es\/#website\",\"url\":\"https:\/\/www.pressenza.com\/es\/\",\"name\":\"Pressenza\",\"description\":\"International Press Agency\",\"publisher\":{\"@id\":\"https:\/\/www.pressenza.com\/es\/#organization\"},\"potentialAction\":[{\"@type\":\"SearchAction\",\"target\":{\"@type\":\"EntryPoint\",\"urlTemplate\":\"https:\/\/www.pressenza.com\/es\/?s={search_term_string}\"},\"query-input\":{\"@type\":\"PropertyValueSpecification\",\"valueRequired\":true,\"valueName\":\"search_term_string\"}}],\"inLanguage\":\"es\"},{\"@type\":\"Organization\",\"@id\":\"https:\/\/www.pressenza.com\/es\/#organization\",\"name\":\"Pressenza\",\"url\":\"https:\/\/www.pressenza.com\/es\/\",\"logo\":{\"@type\":\"ImageObject\",\"inLanguage\":\"es\",\"@id\":\"https:\/\/www.pressenza.com\/es\/#\/schema\/logo\/image\/\",\"url\":\"https:\/\/www.pressenza.com\/wp-content\/uploads\/2022\/10\/pressenza_logo_200x200.jpg\",\"contentUrl\":\"https:\/\/www.pressenza.com\/wp-content\/uploads\/2022\/10\/pressenza_logo_200x200.jpg\",\"width\":200,\"height\":200,\"caption\":\"Pressenza\"},\"image\":{\"@id\":\"https:\/\/www.pressenza.com\/es\/#\/schema\/logo\/image\/\"},\"sameAs\":[\"https:\/\/www.facebook.com\/PressenzaItalia\",\"https:\/\/x.com\/PressenzaIPA\"]},{\"@type\":\"Person\",\"@id\":\"https:\/\/www.pressenza.com\/es\/#\/schema\/person\/9eae8d7f0aad5ec6a7f6f21ec94480fb\",\"name\":\"Pressenza Athens\",\"description\":\"News from the Pressenza Bureau in Athens, Greece\",\"sameAs\":[\"https:\/\/www.facebook.com\/pressenzagr\/\",\"https:\/\/x.com\/Pressenza_ath\"],\"url\":\"https:\/\/www.pressenza.com\/es\/author\/pressenza-athens\/\"}]}<\/script>\n<!-- \/ Yoast SEO plugin. -->","yoast_head_json":{"title":"Grecia - elecciones nacionales: victoria de las fuerzas conservadoras","description":"En Grecia, las elecciones nacionales se celebraron el domingo 21 de mayo con el sistema de representaci\u00f3n proporcional que rige desde el 2016. El 60,92%","robots":{"index":"index","follow":"follow","max-snippet":"max-snippet:-1","max-image-preview":"max-image-preview:large","max-video-preview":"max-video-preview:-1"},"canonical":"https:\/\/www.pressenza.com\/es\/2023\/05\/grecia-elecciones-nacionales-victoria-de-las-fuerzas-conservadoras\/","og_locale":"es_ES","og_type":"article","og_title":"Grecia - elecciones nacionales: victoria de las fuerzas conservadoras","og_description":"En Grecia, las elecciones nacionales se celebraron el domingo 21 de mayo con el sistema de representaci\u00f3n proporcional que rige desde el 2016. El 60,92%","og_url":"https:\/\/www.pressenza.com\/es\/2023\/05\/grecia-elecciones-nacionales-victoria-de-las-fuerzas-conservadoras\/","og_site_name":"Pressenza","article_publisher":"https:\/\/www.facebook.com\/PressenzaItalia","article_author":"https:\/\/www.facebook.com\/pressenzagr\/","article_published_time":"2023-05-22T14:31:34+00:00","article_modified_time":"2023-05-22T16:58:12+00:00","og_image":[{"width":820,"height":546,"url":"https:\/\/www.pressenza.com\/wp-content\/uploads\/2023\/05\/greece-national-elections-photo-adobe-rights-Marianella-Kloka.png","type":"image\/png"}],"author":"Pressenza Athens","twitter_card":"summary_large_image","twitter_creator":"@Pressenza_ath","twitter_site":"@PressenzaIPA","twitter_misc":{"Escrito por":"Pressenza Athens","Tiempo de lectura":"2 minutos"},"schema":{"@context":"https:\/\/schema.org","@graph":[{"@type":"Article","@id":"https:\/\/www.pressenza.com\/es\/2023\/05\/grecia-elecciones-nacionales-victoria-de-las-fuerzas-conservadoras\/#article","isPartOf":{"@id":"https:\/\/www.pressenza.com\/es\/2023\/05\/grecia-elecciones-nacionales-victoria-de-las-fuerzas-conservadoras\/"},"author":{"name":"Pressenza Athens","@id":"https:\/\/www.pressenza.com\/es\/#\/schema\/person\/9eae8d7f0aad5ec6a7f6f21ec94480fb"},"headline":"Grecia &#8211; elecciones nacionales: victoria de las fuerzas conservadoras","datePublished":"2023-05-22T14:31:34+00:00","dateModified":"2023-05-22T16:58:12+00:00","mainEntityOfPage":{"@id":"https:\/\/www.pressenza.com\/es\/2023\/05\/grecia-elecciones-nacionales-victoria-de-las-fuerzas-conservadoras\/"},"wordCount":462,"publisher":{"@id":"https:\/\/www.pressenza.com\/es\/#organization"},"image":{"@id":"https:\/\/www.pressenza.com\/es\/2023\/05\/grecia-elecciones-nacionales-victoria-de-las-fuerzas-conservadoras\/#primaryimage"},"thumbnailUrl":"https:\/\/www.pressenza.com\/wp-content\/uploads\/2023\/05\/greece-national-elections-photo-adobe-rights-Marianella-Kloka.png","keywords":["elecciones","Grecia","Syriza","Yanis Varoufakis"],"articleSection":["Contenido Original","Europa","Noticia","Pol\u00edtica"],"inLanguage":"es"},{"@type":"WebPage","@id":"https:\/\/www.pressenza.com\/es\/2023\/05\/grecia-elecciones-nacionales-victoria-de-las-fuerzas-conservadoras\/","url":"https:\/\/www.pressenza.com\/es\/2023\/05\/grecia-elecciones-nacionales-victoria-de-las-fuerzas-conservadoras\/","name":"Grecia - elecciones nacionales: victoria de las fuerzas conservadoras","isPartOf":{"@id":"https:\/\/www.pressenza.com\/es\/#website"},"primaryImageOfPage":{"@id":"https:\/\/www.pressenza.com\/es\/2023\/05\/grecia-elecciones-nacionales-victoria-de-las-fuerzas-conservadoras\/#primaryimage"},"image":{"@id":"https:\/\/www.pressenza.com\/es\/2023\/05\/grecia-elecciones-nacionales-victoria-de-las-fuerzas-conservadoras\/#primaryimage"},"thumbnailUrl":"https:\/\/www.pressenza.com\/wp-content\/uploads\/2023\/05\/greece-national-elections-photo-adobe-rights-Marianella-Kloka.png","datePublished":"2023-05-22T14:31:34+00:00","dateModified":"2023-05-22T16:58:12+00:00","description":"En Grecia, las elecciones nacionales se celebraron el domingo 21 de mayo con el sistema de representaci\u00f3n proporcional que rige desde el 2016. El 60,92%","breadcrumb":{"@id":"https:\/\/www.pressenza.com\/es\/2023\/05\/grecia-elecciones-nacionales-victoria-de-las-fuerzas-conservadoras\/#breadcrumb"},"inLanguage":"es","potentialAction":[{"@type":"ReadAction","target":["https:\/\/www.pressenza.com\/es\/2023\/05\/grecia-elecciones-nacionales-victoria-de-las-fuerzas-conservadoras\/"]}]},{"@type":"ImageObject","inLanguage":"es","@id":"https:\/\/www.pressenza.com\/es\/2023\/05\/grecia-elecciones-nacionales-victoria-de-las-fuerzas-conservadoras\/#primaryimage","url":"https:\/\/www.pressenza.com\/wp-content\/uploads\/2023\/05\/greece-national-elections-photo-adobe-rights-Marianella-Kloka.png","contentUrl":"https:\/\/www.pressenza.com\/wp-content\/uploads\/2023\/05\/greece-national-elections-photo-adobe-rights-Marianella-Kloka.png","width":820,"height":546,"caption":"Photo Adobe - rights for non-commercial use, Mariannella Kloka"},{"@type":"BreadcrumbList","@id":"https:\/\/www.pressenza.com\/es\/2023\/05\/grecia-elecciones-nacionales-victoria-de-las-fuerzas-conservadoras\/#breadcrumb","itemListElement":[{"@type":"ListItem","position":1,"name":"Accueil","item":"https:\/\/www.pressenza.com\/es\/"},{"@type":"ListItem","position":2,"name":"Grecia &#8211; elecciones nacionales: victoria de las fuerzas conservadoras"}]},{"@type":"WebSite","@id":"https:\/\/www.pressenza.com\/es\/#website","url":"https:\/\/www.pressenza.com\/es\/","name":"Pressenza","description":"International Press Agency","publisher":{"@id":"https:\/\/www.pressenza.com\/es\/#organization"},"potentialAction":[{"@type":"SearchAction","target":{"@type":"EntryPoint","urlTemplate":"https:\/\/www.pressenza.com\/es\/?s={search_term_string}"},"query-input":{"@type":"PropertyValueSpecification","valueRequired":true,"valueName":"search_term_string"}}],"inLanguage":"es"},{"@type":"Organization","@id":"https:\/\/www.pressenza.com\/es\/#organization","name":"Pressenza","url":"https:\/\/www.pressenza.com\/es\/","logo":{"@type":"ImageObject","inLanguage":"es","@id":"https:\/\/www.pressenza.com\/es\/#\/schema\/logo\/image\/","url":"https:\/\/www.pressenza.com\/wp-content\/uploads\/2022\/10\/pressenza_logo_200x200.jpg","contentUrl":"https:\/\/www.pressenza.com\/wp-content\/uploads\/2022\/10\/pressenza_logo_200x200.jpg","width":200,"height":200,"caption":"Pressenza"},"image":{"@id":"https:\/\/www.pressenza.com\/es\/#\/schema\/logo\/image\/"},"sameAs":["https:\/\/www.facebook.com\/PressenzaItalia","https:\/\/x.com\/PressenzaIPA"]},{"@type":"Person","@id":"https:\/\/www.pressenza.com\/es\/#\/schema\/person\/9eae8d7f0aad5ec6a7f6f21ec94480fb","name":"Pressenza Athens","description":"News from the Pressenza Bureau in Athens, Greece","sameAs":["https:\/\/www.facebook.com\/pressenzagr\/","https:\/\/x.com\/Pressenza_ath"],"url":"https:\/\/www.pressenza.com\/es\/author\/pressenza-athens\/"}]}},"place":"Atenas, Grecia","original_article_url":"","_links":{"self":[{"href":"https:\/\/www.pressenza.com\/es\/wp-json\/wp\/v2\/posts\/1740912","targetHints":{"allow":["GET"]}}],"collection":[{"href":"https:\/\/www.pressenza.com\/es\/wp-json\/wp\/v2\/posts"}],"about":[{"href":"https:\/\/www.pressenza.com\/es\/wp-json\/wp\/v2\/types\/post"}],"author":[{"embeddable":true,"href":"https:\/\/www.pressenza.com\/es\/wp-json\/wp\/v2\/users\/1220"}],"replies":[{"embeddable":true,"href":"https:\/\/www.pressenza.com\/es\/wp-json\/wp\/v2\/comments?post=1740912"}],"version-history":[{"count":0,"href":"https:\/\/www.pressenza.com\/es\/wp-json\/wp\/v2\/posts\/1740912\/revisions"}],"wp:featuredmedia":[{"embeddable":true,"href":"https:\/\/www.pressenza.com\/es\/wp-json\/wp\/v2\/media\/1740915"}],"wp:attachment":[{"href":"https:\/\/www.pressenza.com\/es\/wp-json\/wp\/v2\/media?parent=1740912"}],"wp:term":[{"taxonomy":"category","embeddable":true,"href":"https:\/\/www.pressenza.com\/es\/wp-json\/wp\/v2\/categories?post=1740912"},{"taxonomy":"post_tag","embeddable":true,"href":"https:\/\/www.pressenza.com\/es\/wp-json\/wp\/v2\/tags?post=1740912"}],"curies":[{"name":"wp","href":"https:\/\/api.w.org\/{rel}","templated":true}]}}