{"id":1740126,"date":"2023-05-18T22:52:52","date_gmt":"2023-05-18T21:52:52","guid":{"rendered":"https:\/\/www.pressenza.com\/?p=1740126"},"modified":"2023-05-18T22:52:52","modified_gmt":"2023-05-18T21:52:52","slug":"condenan-a-25-anos-de-prision-a-cinco-defensores-tseltales-en-chiapas","status":"publish","type":"post","link":"https:\/\/www.pressenza.com\/es\/2023\/05\/condenan-a-25-anos-de-prision-a-cinco-defensores-tseltales-en-chiapas\/","title":{"rendered":"Condenan a 25 a\u00f1os de prisi\u00f3n a cinco defensores tseltales en Chiapas"},"content":{"rendered":"<p style=\"padding-left: 40px;\">El Poder Judicial del Estado de Chiapas sentenci\u00f3 a 25 a\u00f1os de prisi\u00f3n a los defensores tseltales Manuel S\u00e1ntiz Cruz, Juan Velasco Aguilar, Agust\u00edn P\u00e9rez Velasco, Mart\u00edn P\u00e9rez Dom\u00ednguez y Agust\u00edn P\u00e9rez Dom\u00ednguez, quienes fueron detenidos arbitrariamente por defender su territorio en 2022.<\/p>\n<p>La sentencia fue emitida por la juez de Chiapas a pesar de que el pasado 3 de mayo tres de los cinco tseltales declararon que, despu\u00e9s de su detenci\u00f3n arbitraria a manos de la polic\u00eda municipal de San Juan Cancuc, de la Guardia Nacional y del ej\u00e9rcito el 29 de mayo de 2022, fueron entregados a la Fiscal\u00eda de Justicia Ind\u00edgena, \u00abquien primero les fabric\u00f3 el delito de portaci\u00f3n de droga y despu\u00e9s los involucr\u00f3 en el homicidio que fueron sentenciados\u00bb, explic\u00f3 el el Centro de Derechos Humanos Fray Bartolom\u00e9 de las Casas (Frayba).<\/p>\n<p>Los otros dos ind\u00edgenas sentenciados declararon que fueron detenidos de manera arbitraria por elementos de la Secretar\u00eda de Seguridad y Protecci\u00f3n Ciudadana y de la Polic\u00eda Especializada el 1 de junio de 2022, a las afueras del Centro Estatal de Reinserci\u00f3n Social de Sentenciados No. 5\u00a0 (CERSS No. 5) de San Crist\u00f3bal de Las Casas, cuando visitaban a sus compa\u00f1eros y como represalia por haber sido testigos del operativo y privaci\u00f3n arbitraria de la libertad.<\/p>\n<p>\u00abNinguno de estos elemento arbitrarios fueron tomados en cuenta, por lo que una vez m\u00e1s dan evidencia de la acci\u00f3n recurrente de criminalizaci\u00f3n hacia los pueblos originarios que defienden al territorio\u00bb, se\u00f1al\u00f3 el Frayba.<\/p>\n<p>El Centro critic\u00f3 que en el juicio se utilizaron \u00abcriterios de hace m\u00e1s de treinta a\u00f1os\u00bb y se le dio valor probatorio a las declaraciones de los polic\u00edas municipales, \u00abcuando ellos debieron ser los primeros en ser investigados\u00bb, ya que la muerte de las que se acus\u00f3 a los tseltales \u00abaconteci\u00f3 en la patrulla de la polic\u00eda municipal de San Juan Cancuc\u00bb. Otro hecho notorio, agreg\u00f3 el Frayba, fue que la juez \u00abdio valor a un acta de defunci\u00f3n alterada\u00bb.<\/p>\n<p>\u00abEste caso es parte de un modelo de complicidad que existe entre las autoridades municipales, estatales y federales, junto con jueces y fiscal\u00edas para generar la f\u00e1brica de culpables y mantener a personas inocentes en prisi\u00f3n, por lo que la falta de acceso a la justicia es un lastre del sistema jur\u00eddico mexicano\u00bb, asegur\u00f3 el Centro.<\/p>\n<p>El Frayba exigi\u00f3 la libertad y justicia para los cinco tseltales de San Juan Cancuc, ya que est\u00e1 plenamente documentada \u00abla existencia de graves violaciones a derechos humanos, entre ellas el debido proceso legal, haciendo notar la ineficacia de las investigaciones de la Fiscal\u00eda General del Estado, las cuales son carentes de valor jur\u00eddico, adem\u00e1s de la parcialidad del Poder Judicial que actu\u00f3 ignorando las evidencias claras de las privaciones arbitrarias de la libertad que fueron objeto los cinco defensores del territorio\u00bb.<\/p>\n<p>Los cinco tseltales, detenidos el 29 de mayo de 2022,<\/p>\n<p>A continuaci\u00f3n el comunicado completo:<\/p>\n<blockquote><p>Desde este Centro de Derechos Humanos Fray Bartolom\u00e9 de Las Casas, denunciamos la criminalizaci\u00f3n hacia los defensores del territorio; el gobierno Chiapas una vez m\u00e1s act\u00faa con toda impunidad. El d\u00eda de hoy 17 de mayo del 2023 el Poder Judicial del Estado de Chiapas declar\u00f3 culpables a Manuel S\u00e1ntiz Cruz, Juan Velasco Aguilar, Agust\u00edn P\u00e9rez Velasco, Mart\u00edn P\u00e9rez Dom\u00ednguez y Agust\u00edn P\u00e9rez Dom\u00ednguez, cinco ind\u00edgenas defensores comunitarios, del pueblo maya tseltales de San Juan Cancuc, privados arbitraria de su libertad por defender su territorio, a quienes se les conden\u00f3 a 25 a\u00f1os de prisi\u00f3n por un delito que no cometieron.<\/p>\n<p>Para establecer la condena la Juez utiliz\u00f3 criterios legales de 1993 es decir, criterios de hace m\u00e1s treinta a\u00f1os, a pesar de todas las reformas legales que han ocurrido en M\u00e9xico que deber\u00edan de garantizar los derechos humanos. La Juez le dio valor probatorio a las declaraciones de los polic\u00edas municipales, cuando ellos debieron ser los primeros en ser investigados, ya que la muerte aconteci\u00f3 en la patrulla de la polic\u00eda municipal de San Juan Cancuc; otro hecho notorio fue que dio valor a un acta de defunci\u00f3n alterada.<\/p>\n<p>El 3 de mayo de 2023, los cinco ind\u00edgenas tseltales rindieron su declaraci\u00f3n frente a la Juez, en donde mencionaron que tres de ellos fueron detenidos de manera arbitraria el d\u00eda 29 de mayo de 2022, en San Juan Cancuc, mediante un operativo conjunto de la Polic\u00eda Municipal, la Guardia Nacional y el Ej\u00e9rcito mexicano, para despu\u00e9s ser entregados a la Fiscal\u00eda de Justicia Ind\u00edgena, quien primero les fabric\u00f3 el delito de portaci\u00f3n de droga y despu\u00e9s los involucr\u00f3 en el homicidio que fueron sentenciados.<\/p>\n<p>Los dos \u00faltimos, declararon que fueron detenidos de manera arbitraria por elementos de la Secretar\u00eda de Seguridad y Protecci\u00f3n Ciudadana y de la Polic\u00eda Especializada el d\u00eda 1 de junio de 2022, a las afueras del Centro Estatal de Reinserci\u00f3n Social de Sentenciados No. 5\u00a0 (CERSS No. 5) de San Crist\u00f3bal de Las Casas, cuando visitaban a sus compa\u00f1eros y como represalia por haber sido testigos del operativo y privaci\u00f3n arbitraria de la libertad, hecho realizado por las Fuerzas de Seguridad el d\u00eda 29 de mayo de ese mismo a\u00f1o, ninguno de estos elemento arbitrarios fueron tomados en cuenta, por lo que una vez m\u00e1s dan evidencia de la acci\u00f3n recurrente de criminalizaci\u00f3n hacia los pueblos originarios que defienden al territorio.<\/p>\n<p>Este caso es parte de un modelo de complicidad que existe entre las autoridades municipales, estatales y federales, junto con jueces y fiscal\u00edas para generar la f\u00e1brica de culpables y mantener a personas inocentes en prisi\u00f3n, por lo que la falta de acceso a la justicia es un lastre del sistema jur\u00eddico mexicano.<\/p>\n<p>El Frayba exige libertad y justicia a los cinco ind\u00edgenas tseltales de San Juan Cancuc, ya que tenemos plenamente documentado la existencia de graves violaciones a derechos humanos, entre ellas el debido proceso legal, haciendo notar la ineficacia de las investigaciones de la Fiscal\u00eda General del Estado, las cuales son carentes de valor jur\u00eddico, adem\u00e1s de la parcialidad del Poder Judicial que actu\u00f3 ignorando las evidencias claras de las privaciones arbitrarias de la libertad que fueron objeto los cinco defensores del territorio. Por \u00faltimo, referimos los argumentos del Grupo de Trabajo sobre Detenciones Arbitrarias de las Naciones Unidas que menciona que, el encarcelamiento generalizado o sistem\u00e1tico u otra privaci\u00f3n grave de la libertad en violaci\u00f3n de las normas del derecho internacional pueden constituir cr\u00edmenes de lesa humanidad.\u00b9<\/p><\/blockquote>\n<hr \/>\n<p>\u00b9 Opini\u00f3n n\u00famero 43\/2021 del Grupo de Trabajo sobre la Detenci\u00f3n Arbitraria del Consejo de Derechos Humanos de la Organizaci\u00f3n de las Naciones Unidas, aprobada el diez de septiembre de 2021, relativa a Adri\u00e1n G\u00f3mez, Germ\u00e1n L\u00f3pez, Abrah\u00e1m L\u00f3pez, Juan de la Cruz y Marcelino Ruiz (M\u00e9xico).<br \/>\n<a href=\"https:\/\/www.dof.gob.mx\/nota_detalle.php?codigo=5647086&amp;fecha=29\/03\/2022#gsc.tab=0\" target=\"_blank\" rel=\"noopener\">https:\/\/www.dof.gob.mx\/nota_detalle.php?codigo=5647086&amp;fecha=29\/03\/2022#gsc.tab=0<\/a><\/p>\n","protected":false},"excerpt":{"rendered":"<p>El Poder Judicial del Estado de Chiapas sentenci\u00f3 a 25 a\u00f1os de prisi\u00f3n a los defensores tseltales Manuel S\u00e1ntiz Cruz, Juan Velasco Aguilar, Agust\u00edn P\u00e9rez Velasco, Mart\u00edn P\u00e9rez Dom\u00ednguez y Agust\u00edn P\u00e9rez Dom\u00ednguez, quienes fueron detenidos arbitrariamente por defender su&hellip;<\/p>\n","protected":false},"author":1628,"featured_media":1740127,"comment_status":"closed","ping_status":"closed","sticky":false,"template":"","format":"standard","meta":{"footnotes":""},"categories":[79,68,80],"tags":[54692,112930,54082,398,1321,49896,18507,102478],"class_list":["post-1740126","post","type-post","status-publish","format-standard","has-post-thumbnail","hentry","category-derechos-humanos","category-norteamerica","category-pueblos-originarios","tag-chiapas-es-2","tag-frayba","tag-indigenas-es","tag-justicia","tag-mexico","tag-pueblos-origiinarios","tag-territorios","tag-tseltales"],"yoast_head":"<!-- This site is optimized with the Yoast SEO plugin v27.1.1 - https:\/\/yoast.com\/product\/yoast-seo-wordpress\/ -->\n<title>Condenan a 25 a\u00f1os de prisi\u00f3n a cinco defensores tseltales en Chiapas<\/title>\n<meta name=\"description\" content=\"El Poder Judicial del Estado de Chiapas sentenci\u00f3 a 25 a\u00f1os de prisi\u00f3n a los defensores tseltales Manuel S\u00e1ntiz Cruz, Juan Velasco Aguilar, Agust\u00edn P\u00e9rez\" \/>\n<meta name=\"robots\" content=\"index, follow, max-snippet:-1, max-image-preview:large, max-video-preview:-1\" \/>\n<link rel=\"canonical\" href=\"https:\/\/www.pressenza.com\/es\/2023\/05\/condenan-a-25-anos-de-prision-a-cinco-defensores-tseltales-en-chiapas\/\" \/>\n<meta property=\"og:locale\" content=\"es_ES\" \/>\n<meta property=\"og:type\" content=\"article\" \/>\n<meta property=\"og:title\" content=\"Condenan a 25 a\u00f1os de prisi\u00f3n a cinco defensores tseltales en Chiapas\" \/>\n<meta property=\"og:description\" content=\"El Poder Judicial del Estado de Chiapas sentenci\u00f3 a 25 a\u00f1os de prisi\u00f3n a los defensores tseltales Manuel S\u00e1ntiz Cruz, Juan Velasco Aguilar, Agust\u00edn P\u00e9rez\" \/>\n<meta property=\"og:url\" content=\"https:\/\/www.pressenza.com\/es\/2023\/05\/condenan-a-25-anos-de-prision-a-cinco-defensores-tseltales-en-chiapas\/\" \/>\n<meta property=\"og:site_name\" content=\"Pressenza\" \/>\n<meta property=\"article:publisher\" content=\"https:\/\/www.facebook.com\/PressenzaItalia\" \/>\n<meta property=\"article:published_time\" content=\"2023-05-18T21:52:52+00:00\" \/>\n<meta property=\"og:image\" content=\"https:\/\/www.pressenza.com\/wp-content\/uploads\/2023\/05\/tseltales-desinformemonos.jpg\" \/>\n\t<meta property=\"og:image:width\" content=\"1024\" \/>\n\t<meta property=\"og:image:height\" content=\"496\" \/>\n\t<meta property=\"og:image:type\" content=\"image\/jpeg\" \/>\n<meta name=\"author\" content=\"Desinform\u00e9monos\" \/>\n<meta name=\"twitter:card\" content=\"summary_large_image\" \/>\n<meta name=\"twitter:creator\" content=\"@PressenzaIPA\" \/>\n<meta name=\"twitter:site\" content=\"@PressenzaIPA\" \/>\n<meta name=\"twitter:label1\" content=\"Escrito por\" \/>\n\t<meta name=\"twitter:data1\" content=\"Desinform\u00e9monos\" \/>\n\t<meta name=\"twitter:label2\" content=\"Tiempo de lectura\" \/>\n\t<meta name=\"twitter:data2\" content=\"6 minutos\" \/>\n<script type=\"application\/ld+json\" class=\"yoast-schema-graph\">{\"@context\":\"https:\/\/schema.org\",\"@graph\":[{\"@type\":\"Article\",\"@id\":\"https:\/\/www.pressenza.com\/es\/2023\/05\/condenan-a-25-anos-de-prision-a-cinco-defensores-tseltales-en-chiapas\/#article\",\"isPartOf\":{\"@id\":\"https:\/\/www.pressenza.com\/es\/2023\/05\/condenan-a-25-anos-de-prision-a-cinco-defensores-tseltales-en-chiapas\/\"},\"author\":{\"name\":\"Desinform\u00e9monos\",\"@id\":\"https:\/\/www.pressenza.com\/es\/#\/schema\/person\/bbbaee99f5088d6b61ae6e1829fe024c\"},\"headline\":\"Condenan a 25 a\u00f1os de prisi\u00f3n a cinco defensores tseltales en Chiapas\",\"datePublished\":\"2023-05-18T21:52:52+00:00\",\"mainEntityOfPage\":{\"@id\":\"https:\/\/www.pressenza.com\/es\/2023\/05\/condenan-a-25-anos-de-prision-a-cinco-defensores-tseltales-en-chiapas\/\"},\"wordCount\":1214,\"publisher\":{\"@id\":\"https:\/\/www.pressenza.com\/es\/#organization\"},\"image\":{\"@id\":\"https:\/\/www.pressenza.com\/es\/2023\/05\/condenan-a-25-anos-de-prision-a-cinco-defensores-tseltales-en-chiapas\/#primaryimage\"},\"thumbnailUrl\":\"https:\/\/www.pressenza.com\/wp-content\/uploads\/2023\/05\/tseltales-desinformemonos.jpg\",\"keywords\":[\"Chiapas\",\"Frayba\",\"indigenas\",\"justicia\",\"M\u00e9xico\",\"pueblos origiinarios\",\"territorios\",\"tseltales\"],\"articleSection\":[\"Derechos Humanos\",\"Norteam\u00e9rica\",\"Pueblos Originarios\"],\"inLanguage\":\"es\"},{\"@type\":\"WebPage\",\"@id\":\"https:\/\/www.pressenza.com\/es\/2023\/05\/condenan-a-25-anos-de-prision-a-cinco-defensores-tseltales-en-chiapas\/\",\"url\":\"https:\/\/www.pressenza.com\/es\/2023\/05\/condenan-a-25-anos-de-prision-a-cinco-defensores-tseltales-en-chiapas\/\",\"name\":\"Condenan a 25 a\u00f1os de prisi\u00f3n a cinco defensores tseltales en Chiapas\",\"isPartOf\":{\"@id\":\"https:\/\/www.pressenza.com\/es\/#website\"},\"primaryImageOfPage\":{\"@id\":\"https:\/\/www.pressenza.com\/es\/2023\/05\/condenan-a-25-anos-de-prision-a-cinco-defensores-tseltales-en-chiapas\/#primaryimage\"},\"image\":{\"@id\":\"https:\/\/www.pressenza.com\/es\/2023\/05\/condenan-a-25-anos-de-prision-a-cinco-defensores-tseltales-en-chiapas\/#primaryimage\"},\"thumbnailUrl\":\"https:\/\/www.pressenza.com\/wp-content\/uploads\/2023\/05\/tseltales-desinformemonos.jpg\",\"datePublished\":\"2023-05-18T21:52:52+00:00\",\"description\":\"El Poder Judicial del Estado de Chiapas sentenci\u00f3 a 25 a\u00f1os de prisi\u00f3n a los defensores tseltales Manuel S\u00e1ntiz Cruz, Juan Velasco Aguilar, Agust\u00edn P\u00e9rez\",\"breadcrumb\":{\"@id\":\"https:\/\/www.pressenza.com\/es\/2023\/05\/condenan-a-25-anos-de-prision-a-cinco-defensores-tseltales-en-chiapas\/#breadcrumb\"},\"inLanguage\":\"es\",\"potentialAction\":[{\"@type\":\"ReadAction\",\"target\":[\"https:\/\/www.pressenza.com\/es\/2023\/05\/condenan-a-25-anos-de-prision-a-cinco-defensores-tseltales-en-chiapas\/\"]}]},{\"@type\":\"ImageObject\",\"inLanguage\":\"es\",\"@id\":\"https:\/\/www.pressenza.com\/es\/2023\/05\/condenan-a-25-anos-de-prision-a-cinco-defensores-tseltales-en-chiapas\/#primaryimage\",\"url\":\"https:\/\/www.pressenza.com\/wp-content\/uploads\/2023\/05\/tseltales-desinformemonos.jpg\",\"contentUrl\":\"https:\/\/www.pressenza.com\/wp-content\/uploads\/2023\/05\/tseltales-desinformemonos.jpg\",\"width\":1024,\"height\":496},{\"@type\":\"BreadcrumbList\",\"@id\":\"https:\/\/www.pressenza.com\/es\/2023\/05\/condenan-a-25-anos-de-prision-a-cinco-defensores-tseltales-en-chiapas\/#breadcrumb\",\"itemListElement\":[{\"@type\":\"ListItem\",\"position\":1,\"name\":\"Accueil\",\"item\":\"https:\/\/www.pressenza.com\/es\/\"},{\"@type\":\"ListItem\",\"position\":2,\"name\":\"Condenan a 25 a\u00f1os de prisi\u00f3n a cinco defensores tseltales en Chiapas\"}]},{\"@type\":\"WebSite\",\"@id\":\"https:\/\/www.pressenza.com\/es\/#website\",\"url\":\"https:\/\/www.pressenza.com\/es\/\",\"name\":\"Pressenza\",\"description\":\"International Press Agency\",\"publisher\":{\"@id\":\"https:\/\/www.pressenza.com\/es\/#organization\"},\"potentialAction\":[{\"@type\":\"SearchAction\",\"target\":{\"@type\":\"EntryPoint\",\"urlTemplate\":\"https:\/\/www.pressenza.com\/es\/?s={search_term_string}\"},\"query-input\":{\"@type\":\"PropertyValueSpecification\",\"valueRequired\":true,\"valueName\":\"search_term_string\"}}],\"inLanguage\":\"es\"},{\"@type\":\"Organization\",\"@id\":\"https:\/\/www.pressenza.com\/es\/#organization\",\"name\":\"Pressenza\",\"url\":\"https:\/\/www.pressenza.com\/es\/\",\"logo\":{\"@type\":\"ImageObject\",\"inLanguage\":\"es\",\"@id\":\"https:\/\/www.pressenza.com\/es\/#\/schema\/logo\/image\/\",\"url\":\"https:\/\/www.pressenza.com\/wp-content\/uploads\/2022\/10\/pressenza_logo_200x200.jpg\",\"contentUrl\":\"https:\/\/www.pressenza.com\/wp-content\/uploads\/2022\/10\/pressenza_logo_200x200.jpg\",\"width\":200,\"height\":200,\"caption\":\"Pressenza\"},\"image\":{\"@id\":\"https:\/\/www.pressenza.com\/es\/#\/schema\/logo\/image\/\"},\"sameAs\":[\"https:\/\/www.facebook.com\/PressenzaItalia\",\"https:\/\/x.com\/PressenzaIPA\"]},{\"@type\":\"Person\",\"@id\":\"https:\/\/www.pressenza.com\/es\/#\/schema\/person\/bbbaee99f5088d6b61ae6e1829fe024c\",\"name\":\"Desinform\u00e9monos\",\"description\":\"Desinform\u00e9monos nace el 15 de octubre de 2009 y crece como un proyecto de comunicaci\u00f3n aut\u00f3noma, libre e independiente, conformado por un equipo de comunicadores, personas de los movimientos sociales, intelectuales y acad\u00e9micos, hombres y mujeres de varias generaciones que, como nosotros, buscan construir un espacio de expresi\u00f3n en y desde M\u00e9xico, donde se aloja la casa matriz.\",\"sameAs\":[\"https:\/\/desinformemonos.org\/\"],\"url\":\"https:\/\/www.pressenza.com\/es\/author\/desinformemonos\/\"}]}<\/script>\n<!-- \/ Yoast SEO plugin. -->","yoast_head_json":{"title":"Condenan a 25 a\u00f1os de prisi\u00f3n a cinco defensores tseltales en Chiapas","description":"El Poder Judicial del Estado de Chiapas sentenci\u00f3 a 25 a\u00f1os de prisi\u00f3n a los defensores tseltales Manuel S\u00e1ntiz Cruz, Juan Velasco Aguilar, Agust\u00edn P\u00e9rez","robots":{"index":"index","follow":"follow","max-snippet":"max-snippet:-1","max-image-preview":"max-image-preview:large","max-video-preview":"max-video-preview:-1"},"canonical":"https:\/\/www.pressenza.com\/es\/2023\/05\/condenan-a-25-anos-de-prision-a-cinco-defensores-tseltales-en-chiapas\/","og_locale":"es_ES","og_type":"article","og_title":"Condenan a 25 a\u00f1os de prisi\u00f3n a cinco defensores tseltales en Chiapas","og_description":"El Poder Judicial del Estado de Chiapas sentenci\u00f3 a 25 a\u00f1os de prisi\u00f3n a los defensores tseltales Manuel S\u00e1ntiz Cruz, Juan Velasco Aguilar, Agust\u00edn P\u00e9rez","og_url":"https:\/\/www.pressenza.com\/es\/2023\/05\/condenan-a-25-anos-de-prision-a-cinco-defensores-tseltales-en-chiapas\/","og_site_name":"Pressenza","article_publisher":"https:\/\/www.facebook.com\/PressenzaItalia","article_published_time":"2023-05-18T21:52:52+00:00","og_image":[{"width":1024,"height":496,"url":"https:\/\/www.pressenza.com\/wp-content\/uploads\/2023\/05\/tseltales-desinformemonos.jpg","type":"image\/jpeg"}],"author":"Desinform\u00e9monos","twitter_card":"summary_large_image","twitter_creator":"@PressenzaIPA","twitter_site":"@PressenzaIPA","twitter_misc":{"Escrito por":"Desinform\u00e9monos","Tiempo de lectura":"6 minutos"},"schema":{"@context":"https:\/\/schema.org","@graph":[{"@type":"Article","@id":"https:\/\/www.pressenza.com\/es\/2023\/05\/condenan-a-25-anos-de-prision-a-cinco-defensores-tseltales-en-chiapas\/#article","isPartOf":{"@id":"https:\/\/www.pressenza.com\/es\/2023\/05\/condenan-a-25-anos-de-prision-a-cinco-defensores-tseltales-en-chiapas\/"},"author":{"name":"Desinform\u00e9monos","@id":"https:\/\/www.pressenza.com\/es\/#\/schema\/person\/bbbaee99f5088d6b61ae6e1829fe024c"},"headline":"Condenan a 25 a\u00f1os de prisi\u00f3n a cinco defensores tseltales en Chiapas","datePublished":"2023-05-18T21:52:52+00:00","mainEntityOfPage":{"@id":"https:\/\/www.pressenza.com\/es\/2023\/05\/condenan-a-25-anos-de-prision-a-cinco-defensores-tseltales-en-chiapas\/"},"wordCount":1214,"publisher":{"@id":"https:\/\/www.pressenza.com\/es\/#organization"},"image":{"@id":"https:\/\/www.pressenza.com\/es\/2023\/05\/condenan-a-25-anos-de-prision-a-cinco-defensores-tseltales-en-chiapas\/#primaryimage"},"thumbnailUrl":"https:\/\/www.pressenza.com\/wp-content\/uploads\/2023\/05\/tseltales-desinformemonos.jpg","keywords":["Chiapas","Frayba","indigenas","justicia","M\u00e9xico","pueblos origiinarios","territorios","tseltales"],"articleSection":["Derechos Humanos","Norteam\u00e9rica","Pueblos Originarios"],"inLanguage":"es"},{"@type":"WebPage","@id":"https:\/\/www.pressenza.com\/es\/2023\/05\/condenan-a-25-anos-de-prision-a-cinco-defensores-tseltales-en-chiapas\/","url":"https:\/\/www.pressenza.com\/es\/2023\/05\/condenan-a-25-anos-de-prision-a-cinco-defensores-tseltales-en-chiapas\/","name":"Condenan a 25 a\u00f1os de prisi\u00f3n a cinco defensores tseltales en Chiapas","isPartOf":{"@id":"https:\/\/www.pressenza.com\/es\/#website"},"primaryImageOfPage":{"@id":"https:\/\/www.pressenza.com\/es\/2023\/05\/condenan-a-25-anos-de-prision-a-cinco-defensores-tseltales-en-chiapas\/#primaryimage"},"image":{"@id":"https:\/\/www.pressenza.com\/es\/2023\/05\/condenan-a-25-anos-de-prision-a-cinco-defensores-tseltales-en-chiapas\/#primaryimage"},"thumbnailUrl":"https:\/\/www.pressenza.com\/wp-content\/uploads\/2023\/05\/tseltales-desinformemonos.jpg","datePublished":"2023-05-18T21:52:52+00:00","description":"El Poder Judicial del Estado de Chiapas sentenci\u00f3 a 25 a\u00f1os de prisi\u00f3n a los defensores tseltales Manuel S\u00e1ntiz Cruz, Juan Velasco Aguilar, Agust\u00edn P\u00e9rez","breadcrumb":{"@id":"https:\/\/www.pressenza.com\/es\/2023\/05\/condenan-a-25-anos-de-prision-a-cinco-defensores-tseltales-en-chiapas\/#breadcrumb"},"inLanguage":"es","potentialAction":[{"@type":"ReadAction","target":["https:\/\/www.pressenza.com\/es\/2023\/05\/condenan-a-25-anos-de-prision-a-cinco-defensores-tseltales-en-chiapas\/"]}]},{"@type":"ImageObject","inLanguage":"es","@id":"https:\/\/www.pressenza.com\/es\/2023\/05\/condenan-a-25-anos-de-prision-a-cinco-defensores-tseltales-en-chiapas\/#primaryimage","url":"https:\/\/www.pressenza.com\/wp-content\/uploads\/2023\/05\/tseltales-desinformemonos.jpg","contentUrl":"https:\/\/www.pressenza.com\/wp-content\/uploads\/2023\/05\/tseltales-desinformemonos.jpg","width":1024,"height":496},{"@type":"BreadcrumbList","@id":"https:\/\/www.pressenza.com\/es\/2023\/05\/condenan-a-25-anos-de-prision-a-cinco-defensores-tseltales-en-chiapas\/#breadcrumb","itemListElement":[{"@type":"ListItem","position":1,"name":"Accueil","item":"https:\/\/www.pressenza.com\/es\/"},{"@type":"ListItem","position":2,"name":"Condenan a 25 a\u00f1os de prisi\u00f3n a cinco defensores tseltales en Chiapas"}]},{"@type":"WebSite","@id":"https:\/\/www.pressenza.com\/es\/#website","url":"https:\/\/www.pressenza.com\/es\/","name":"Pressenza","description":"International Press Agency","publisher":{"@id":"https:\/\/www.pressenza.com\/es\/#organization"},"potentialAction":[{"@type":"SearchAction","target":{"@type":"EntryPoint","urlTemplate":"https:\/\/www.pressenza.com\/es\/?s={search_term_string}"},"query-input":{"@type":"PropertyValueSpecification","valueRequired":true,"valueName":"search_term_string"}}],"inLanguage":"es"},{"@type":"Organization","@id":"https:\/\/www.pressenza.com\/es\/#organization","name":"Pressenza","url":"https:\/\/www.pressenza.com\/es\/","logo":{"@type":"ImageObject","inLanguage":"es","@id":"https:\/\/www.pressenza.com\/es\/#\/schema\/logo\/image\/","url":"https:\/\/www.pressenza.com\/wp-content\/uploads\/2022\/10\/pressenza_logo_200x200.jpg","contentUrl":"https:\/\/www.pressenza.com\/wp-content\/uploads\/2022\/10\/pressenza_logo_200x200.jpg","width":200,"height":200,"caption":"Pressenza"},"image":{"@id":"https:\/\/www.pressenza.com\/es\/#\/schema\/logo\/image\/"},"sameAs":["https:\/\/www.facebook.com\/PressenzaItalia","https:\/\/x.com\/PressenzaIPA"]},{"@type":"Person","@id":"https:\/\/www.pressenza.com\/es\/#\/schema\/person\/bbbaee99f5088d6b61ae6e1829fe024c","name":"Desinform\u00e9monos","description":"Desinform\u00e9monos nace el 15 de octubre de 2009 y crece como un proyecto de comunicaci\u00f3n aut\u00f3noma, libre e independiente, conformado por un equipo de comunicadores, personas de los movimientos sociales, intelectuales y acad\u00e9micos, hombres y mujeres de varias generaciones que, como nosotros, buscan construir un espacio de expresi\u00f3n en y desde M\u00e9xico, donde se aloja la casa matriz.","sameAs":["https:\/\/desinformemonos.org\/"],"url":"https:\/\/www.pressenza.com\/es\/author\/desinformemonos\/"}]}},"place":"M\u00e9xico","original_article_url":"https:\/\/desinformemonos.org\/condenan-a-25-anos-de-prision-a-cinco-defensores-tseltales-en-chiapas\/","_links":{"self":[{"href":"https:\/\/www.pressenza.com\/es\/wp-json\/wp\/v2\/posts\/1740126","targetHints":{"allow":["GET"]}}],"collection":[{"href":"https:\/\/www.pressenza.com\/es\/wp-json\/wp\/v2\/posts"}],"about":[{"href":"https:\/\/www.pressenza.com\/es\/wp-json\/wp\/v2\/types\/post"}],"author":[{"embeddable":true,"href":"https:\/\/www.pressenza.com\/es\/wp-json\/wp\/v2\/users\/1628"}],"replies":[{"embeddable":true,"href":"https:\/\/www.pressenza.com\/es\/wp-json\/wp\/v2\/comments?post=1740126"}],"version-history":[{"count":0,"href":"https:\/\/www.pressenza.com\/es\/wp-json\/wp\/v2\/posts\/1740126\/revisions"}],"wp:featuredmedia":[{"embeddable":true,"href":"https:\/\/www.pressenza.com\/es\/wp-json\/wp\/v2\/media\/1740127"}],"wp:attachment":[{"href":"https:\/\/www.pressenza.com\/es\/wp-json\/wp\/v2\/media?parent=1740126"}],"wp:term":[{"taxonomy":"category","embeddable":true,"href":"https:\/\/www.pressenza.com\/es\/wp-json\/wp\/v2\/categories?post=1740126"},{"taxonomy":"post_tag","embeddable":true,"href":"https:\/\/www.pressenza.com\/es\/wp-json\/wp\/v2\/tags?post=1740126"}],"curies":[{"name":"wp","href":"https:\/\/api.w.org\/{rel}","templated":true}]}}