{"id":1739133,"date":"2023-05-14T12:01:59","date_gmt":"2023-05-14T11:01:59","guid":{"rendered":"https:\/\/www.pressenza.com\/?p=1739133"},"modified":"2023-05-14T12:10:22","modified_gmt":"2023-05-14T11:10:22","slug":"la-liberacion-de-assange-es-crucial-para-nuestro-futuro","status":"publish","type":"post","link":"https:\/\/www.pressenza.com\/es\/2023\/05\/la-liberacion-de-assange-es-crucial-para-nuestro-futuro\/","title":{"rendered":"La liberaci\u00f3n de Assange es crucial para nuestro futuro"},"content":{"rendered":"<p style=\"padding-left: 40px;\">Discurso del reportero Fabian Scheidler* a favor de la liberaci\u00f3n del periodista en la Puerta de Brandenburgo el D\u00eda Mundial de la Libertad de Prensa<\/p>\n<p>Vivimos en un mundo al rev\u00e9s, pervertido. Julian Assange, en su tarea como periodista, desvel\u00f3 cr\u00edmenes de guerra. Pero ninguno de los criminales ha sido acusado o condenado. Por el contrario, quien revel\u00f3 los cr\u00edmenes ha estado encarcelado en condiciones inhumanas durante cuatro a\u00f1os en la prisi\u00f3n de alta seguridad de Belmarsh en Londres. Nils Melzer, el Relator Especial de la ONU sobre la tortura de 2016 a 2022, lleg\u00f3 a la conclusi\u00f3n de que Assange estaba siendo torturado.<\/p>\n<p>Julian Assange no ha sido acusado de ning\u00fan delito en el Reino Unido, Europa o en su pa\u00eds de origen, Australia. Est\u00e1 encarcelado \u00fanicamente porque Estados Unidos solicita su extradici\u00f3n para acusarlo y encarcelarlo durante el resto de su vida, aplic\u00e1ndole una draconiana ley de espionaje de la Primera Guerra Mundial. Pero Assange no es un esp\u00eda, sino un periodista y actu\u00f3 como tal. Si es extraditado y condenado, sentar\u00eda un peligroso precedente. Cualquier periodista en la Tierra tendr\u00eda que temer ser encarcelado de por vida como esp\u00eda si revela secretos sucios de los gobiernos. Ese ser\u00eda el fin de la libertad de prensa tal como la conocemos.<\/p>\n<div class=\"pb-ads robapaginas\">\n<div class=\"content\">\n<div id=\"sc-mpu1m\"><\/div>\n<\/div>\n<\/div>\n<div id=\"attachment_1737968\" class=\"wp-caption aligncenter\"><img loading=\"lazy\" decoding=\"async\" aria-describedby=\"caption-attachment-1737968\" class=\" wp-image-1737968\" src=\"https:\/\/www.pressenza.com\/wp-content\/uploads\/2023\/05\/2023-05-08-17_29_38-4-Julian-Assange-Demonstration-in-Berlin-am-Tag-der-Pressefreiheit-YouTube-\u2013-820x462.png\" alt=\"Warum eine Freilassung von Julian Assange entscheidend f\u00fcr unsere Zukunft ist\" width=\"825\" height=\"465\" srcset=\"https:\/\/www.pressenza.com\/wp-content\/uploads\/2023\/05\/2023-05-08-17_29_38-4-Julian-Assange-Demonstration-in-Berlin-am-Tag-der-Pressefreiheit-YouTube-\u2013-820x462.png 820w, https:\/\/www.pressenza.com\/wp-content\/uploads\/2023\/05\/2023-05-08-17_29_38-4-Julian-Assange-Demonstration-in-Berlin-am-Tag-der-Pressefreiheit-YouTube-\u2013-300x169.png 300w, https:\/\/www.pressenza.com\/wp-content\/uploads\/2023\/05\/2023-05-08-17_29_38-4-Julian-Assange-Demonstration-in-Berlin-am-Tag-der-Pressefreiheit-YouTube-\u2013.png 1910w\" sizes=\"auto, (max-width: 825px) 100vw, 825px\" \/><p id=\"caption-attachment-1737968\" class=\"wp-caption-text\">Captura de video de acTVism.org.<\/p><\/div>\n<h3>Las filtraciones y los reportajes de periodistas valientes pueden contribuir a poner fin a las guerras<\/h3>\n<p>Filtraciones y reportajes de valientes periodistas pueden contribuir a poner fin a las guerras \u00bfPor qu\u00e9 est\u00e1 Julian Assange en prisi\u00f3n? Est\u00e1 en prisi\u00f3n porque ha mostrado la verdad sobre nuestras guerras, en Irak, Afganist\u00e1n y en otros lugares. La guerra y la mentira est\u00e1n muy estrechamente relacionadas. No se pueden hacer guerras sin mentiras, porque la mayor\u00eda de las poblaciones las rechazan una vez que conocen la verdad sobre ellas. Por lo general, los gobiernos no dicen la verdad sobre las guerras, ya que, de hacerlo, perder\u00edan el apoyo de la poblaci\u00f3n. Tampoco los periodistas empotrados nos dicen la verdad sobre las guerras. Despu\u00e9s del desastre que supuso la Guerra de Vietnam para Estados Unidos, se desarrollaron varios conceptos para permitir que los periodistas solo pudieran estar empotrados en los campos de batalla bajo la escolta del ej\u00e9rcito respectivo. Eso es a lo que hemos asistido en Irak, en Afganist\u00e1n y en otros lugares. Solo unos pocos periodistas tuvieron la oportunidad de mirar detr\u00e1s de los bastidores. En ese contexto, las filtraciones son a\u00fan m\u00e1s importantes, las fuentes confidenciales son a\u00fan m\u00e1s importantes, y los periodistas como Julian Assange son a\u00fan m\u00e1s importantes.<\/p>\n<p>Informar sobre las verdades sucias de las guerras, sin importar de qu\u00e9 lado se est\u00e9n llevando a cabo, es crucial para evitar que esas guerras se vuelvan a librar en el futuro. Quiero mencionar algunos ejemplos de la historia para ilustrar esto. Durante la Guerra de Vietnam, los reportajes de valientes periodistas, a menudo apoyados por fuentes an\u00f3nimas o mediante filtraciones, contribuyeron decisivamente a poner fin a la matanza. Una de las etapas m\u00e1s importantes fue la historia revelada por Seymour Hersh en 1969 sobre los cr\u00edmenes de guerra en My Lai en Vietnam.<\/p>\n<p>En aquel entonces, las tropas estadounidenses mataron a cientos de civiles, sobre todo mujeres y ni\u00f1os, en una aldea. Esta historia y las im\u00e1genes resultantes fueron decisivas para que la opini\u00f3n p\u00fablica virara y se situara en contra de la guerra. Otra importante revelaci\u00f3n fueron los llamados \u201c<a href=\"https:\/\/ctxt.es\/es\/20180131\/Politica\/17500\/the-post-archivos-pentagono-Katherine-Graham-Ben-Bradlee.htm\" target=\"_blank\" rel=\"noopener\">Papeles del Pent\u00e1gono<\/a>\u201d, publicados por el denunciante Daniel Ellsberg con la ayuda de periodistas. En ellos se mostr\u00f3 que varios gobiernos estadounidenses hab\u00edan mentido sistem\u00e1ticamente al pueblo sobre la guerra de Vietnam, sus motivos, alcance y m\u00e9todos. Se descubri\u00f3 que no solo Vietnam fue bombardeado, sino tambi\u00e9n Laos y Camboya. En total, se estima que murieron entre tres y cuatro millones de personas en aquella guerra.<\/p>\n<p>Estos reportajes y las fuentes mayoritariamente an\u00f3nimas en las que se basaron contribuyeron de forma decisiva a poner fin a la guerra. M\u00e1s tarde se descubrieron los programas secretos con los que la CIA espiaba ilegalmente a ciudadanos estadounidenses. Esas revelaciones, tambi\u00e9n a trav\u00e9s de Seymour Hersh, llevaron, en 1975, a la creaci\u00f3n de la llamada Comisi\u00f3n Church, para controlar los servicios de inteligencia desde el Senado, un paso importante para preservar la democracia. Con el inicio de la llamada \u201cguerra contra el terrorismo\u201d despu\u00e9s del 11 de septiembre, experimentamos una nueva fase en las guerras. En 2004, Seymour Hersh revel\u00f3 las pr\u00e1cticas de tortura de Estados Unidos en la prisi\u00f3n iraqu\u00ed de Abu Ghraib.<\/p>\n<h3>Movilizar a trav\u00e9s de informaci\u00f3n manipulada<\/h3>\n<p>Wikileaks y Julian Assange conectan con esta larga tradici\u00f3n. En los a\u00f1os 2010 y 2011, Wikileaks, en buena parte gracias a la informaci\u00f3n proporcionada por Chelsea Manning, revel\u00f3 una serie de cr\u00edmenes de nuestros gobiernos que sacudieron al mundo. Entre ellos se encontraba un documento que mostraba c\u00f3mo la CIA intentaba movilizar a la opini\u00f3n p\u00fablica en Alemania y Francia para apoyar la guerra en Afganist\u00e1n. Un titular de este documento es significativo: \u201cPor qu\u00e9 no es suficiente contar con la apat\u00eda de los alemanes para esta guerra\u201d. Se trataba de movilizar a las personas mediante informaci\u00f3n manipulada para ampliar la intervenci\u00f3n en Afganist\u00e1n.<\/p>\n<p>El video titulado \u201cCollateral Murder\u201d (asesinato colateral) capt\u00f3 una gran atenci\u00f3n p\u00fablica. Las grabaciones de audio y video desde un helic\u00f3ptero estadounidense en Irak documentaron c\u00f3mo los soldados estadounidenses dispararon a civiles, incluidos dos periodistas de Reuters, y c\u00f3mo hablaban sobre la mejor manera de matar a estas personas. Los supervivientes intentaron rescatar a uno de los periodistas, que estaba gravemente herido, pero los soldados volvieron a disparar al herido hasta que muri\u00f3. En el autom\u00f3vil tambi\u00e9n hab\u00eda dos ni\u00f1os peque\u00f1os que resultaron heridos graves. \u00c9ste es solo un peque\u00f1o detalle de aquella guerra. Pero la indignaci\u00f3n mundial al respecto muestra lo que sucede cuando se revelan verdades sucias sobre las guerras. Entonces, el apoyo disminuye, las grandes narrativas b\u00e9licas se desmoronan: que son buenas guerras, que son guerras justas, que se lucha en nombre de unos determinados valores.<\/p>\n<p>M\u00e1s tarde, Wikileaks public\u00f3 los archivos titulados \u201cAfghan War Logs\u201d y los \u201cIraq War Logs\u201d, cientos de miles de datos que documentan cr\u00edmenes de guerra tanto de las potencias occidentales como de los se\u00f1ores de la guerra locales con quienes trabajaron codo con codo. Por \u00faltimo, los documentos de Guant\u00e1namo mostraron al mundo con qu\u00e9 brutalidad se operaba en aquella prisi\u00f3n de tortura. El horror de la llamada \u201cguerra contra el terrorismo\u201d se conoce en gran parte gracias a Wikileaks.<\/p>\n<p>\u00bfPor qu\u00e9 est\u00e1 Julian Assange en prisi\u00f3n? Porque ha quitado la m\u00e1scara de la hipocres\u00eda del discurso sobre los valores occidentales y ha mostrado lo brutal que es la realidad que hay detr\u00e1s. Por eso fue perseguido, encarcelado y, como dice Nils Melzer, torturado. El coraje de Julian Assange y de fuentes como Chelsea Manning fue crucial para que otros denunciantes y periodistas se atrevieran a revelar m\u00e1s pr\u00e1cticas oscuras de nuestros gobiernos. Por ejemplo, Edward Snowden, quien revel\u00f3 las pr\u00e1cticas de espionaje de la NSA y otras agencias.<\/p>\n<p>Despu\u00e9s de sus revelaciones, Julian Assange fue atacado no solo por los gobiernos afectados, sino tambi\u00e9n, de manera contundente, por algunos periodistas. Un presentador del canal de televisi\u00f3n estadounidense Fox pidi\u00f3 en directo su ejecuci\u00f3n. El Gobierno de Estados Unidos, con la ayuda de Gran Breta\u00f1a y Suecia, hizo todo lo posible para encarcelarlo lo m\u00e1s r\u00e1pido posible con diversos pretextos.<\/p>\n<p>La liberaci\u00f3n de Julian Assange es crucial para el futuro del periodismo, la libertad de expresi\u00f3n, la democracia y mucho m\u00e1s. El periodismo libre es indispensable para evitar futuras guerras. Actualmente nos encontramos en una situaci\u00f3n extremadamente peligrosa. Se perfila una nueva guerra fr\u00eda, as\u00ed como una guerra caliente entre bloques. La guerra en Ucrania amenaza con una mayor escalada. Estados Unidos y algunos aliados amenazan con una guerra contra China. Estos asuntos son claves para la supervivencia de la humanidad, ya que podr\u00edan desembocar en una confrontaci\u00f3n nuclear.<\/p>\n<h3>Necesitamos m\u00e1s periodistas como Julian Assange<\/h3>\n<p>La situaci\u00f3n es cr\u00edtica tambi\u00e9n por otra raz\u00f3n. Nos encontramos en un momento cr\u00edtico para la Tierra en t\u00e9rminos de cambio clim\u00e1tico, extinci\u00f3n de especies y otras cat\u00e1strofes ecol\u00f3gicas. Debemos centrar nuestras fuerzas en iniciar una transformaci\u00f3n socioecol\u00f3gica que prevenga la cat\u00e1strofe clim\u00e1tica y nos permita tener una vida digna en este planeta durante las pr\u00f3ximas generaciones. Para lograr esto, necesitamos recursos, dinero y cooperaci\u00f3n internacional para una transici\u00f3n pac\u00edfica, no para la guerra. Actualmente estamos viendo una nueva carrera armament\u00edstica que nos acerca a una confrontaci\u00f3n nuclear y, al mismo tiempo, nos impide frenar el colapso ecol\u00f3gico.<\/p>\n<p>Una breve retrospectiva: las llamadas guerras contra el terrorismo, en Afganist\u00e1n, Irak y en otros lugares, han costado al menos cinco billones de d\u00f3lares. Esa es aproximadamente la misma cantidad que, seg\u00fan Noam Chomsky y el economista estadounidense Robert Pollin, se necesitar\u00eda para un Nuevo Pacto Verde Global que permita lograr un cambio ecol\u00f3gico en la agricultura, en el suministro de energ\u00eda y en el transporte, al mismo tiempo que se crea m\u00e1s justicia social. En los \u00faltimos 20 a\u00f1os, este dinero se ha canalizado en direcci\u00f3n a la guerra en lugar de al cambio social que tanto necesitamos.<\/p>\n<p>Para evitar que esto suceda de nuevo, necesitamos periodismo cr\u00edtico, necesitamos periodismo libre, necesitamos periodismo valiente. La reciente filtraci\u00f3n del Pent\u00e1gono ha demostrado que, seg\u00fan la evaluaci\u00f3n del ej\u00e9rcito estadounidense, la guerra en Ucrania no puede ser ganada en un futuro cercano por ninguna de las dos partes. Es una situaci\u00f3n de punto muerto. Si esta guerra contin\u00faa, miles de personas m\u00e1s morir\u00e1n sin lograr ganancias significativas para Ucrania. Esto demuestra una vez m\u00e1s que solo las negociaciones pueden poner fin a esta guerra.<\/p>\n<p>En esta situaci\u00f3n, necesitamos m\u00e1s que nunca periodistas que nos informen sin tapujos sobre la realidad de la guerra, que miren m\u00e1s all\u00e1 de las fachadas. En el punto de inflexi\u00f3n de la historia de la humanidad en el que nos encontramos, necesitamos m\u00e1s que nunca una defensa del periodismo libre y sus fuentes.<\/p>\n<hr role=\"divider\" \/>\n<p>* Fabian Scheidler estudi\u00f3 Historia y Filosof\u00eda y trabaja como escritor independiente para medios impresos, televisi\u00f3n y teatro. En 2015 public\u00f3 su libro \u00abDas Ende der Megamaschine. Geschichte einer scheiternden Zivilisation\u00bb, que fue traducido a varios idiomas, al que sigui\u00f3 \u00abCaos. La nueva era de las revoluciones\u00bb (2017). En 2021, Piper-Verlag public\u00f3 \u00abThe Stuff We Are Made Of. Por qu\u00e9 necesitamos repensar la naturaleza y la sociedad\u00bb. Fabian Scheidler recibi\u00f3 el Premio Otto Brenner de Periodismo Cr\u00edtico en 2009. www.fabian-scheidler.de<\/p>\n","protected":false},"excerpt":{"rendered":"<p>Discurso del reportero Fabian Scheidler* a favor de la liberaci\u00f3n del periodista en la Puerta de Brandenburgo el D\u00eda Mundial de la Libertad de Prensa Vivimos en un mundo al rev\u00e9s, pervertido. Julian Assange, en su tarea como periodista, desvel\u00f3&hellip;<\/p>\n","protected":false},"author":1095,"featured_media":1739134,"comment_status":"closed","ping_status":"closed","sticky":false,"template":"","format":"standard","meta":{"footnotes":""},"categories":[75,79,66],"tags":[57507,57562,10793,5283,9053,10127,14247],"class_list":["post-1739133","post","type-post","status-publish","format-standard","has-post-thumbnail","hentry","category-cultura-es","category-derechos-humanos","category-europa-es","tag-assange-es","tag-freeassange","tag-estados-unidos-de-norteamerica","tag-julian-assange-es","tag-libertad-de-prensa","tag-solidaridad","tag-wikileaks-es"],"yoast_head":"<!-- This site is optimized with the Yoast SEO plugin v27.1.1 - https:\/\/yoast.com\/product\/yoast-seo-wordpress\/ -->\n<title>La liberaci\u00f3n de Assange es crucial para nuestro futuro<\/title>\n<meta name=\"description\" content=\"Discurso del reportero Fabian Scheidler* a favor de la liberaci\u00f3n del periodista en la Puerta de Brandenburgo el D\u00eda Mundial de la Libertad de Prensa\" \/>\n<meta name=\"robots\" content=\"index, follow, max-snippet:-1, max-image-preview:large, max-video-preview:-1\" \/>\n<link rel=\"canonical\" href=\"https:\/\/www.pressenza.com\/es\/2023\/05\/la-liberacion-de-assange-es-crucial-para-nuestro-futuro\/\" \/>\n<meta property=\"og:locale\" content=\"es_ES\" \/>\n<meta property=\"og:type\" content=\"article\" \/>\n<meta property=\"og:title\" content=\"La liberaci\u00f3n de Assange es crucial para nuestro futuro\" \/>\n<meta property=\"og:description\" content=\"Discurso del reportero Fabian Scheidler* a favor de la liberaci\u00f3n del periodista en la Puerta de Brandenburgo el D\u00eda Mundial de la Libertad de Prensa\" \/>\n<meta property=\"og:url\" content=\"https:\/\/www.pressenza.com\/es\/2023\/05\/la-liberacion-de-assange-es-crucial-para-nuestro-futuro\/\" \/>\n<meta property=\"og:site_name\" content=\"Pressenza\" \/>\n<meta property=\"article:publisher\" content=\"https:\/\/www.facebook.com\/PressenzaItalia\" \/>\n<meta property=\"article:author\" content=\"https:\/\/www.facebook.com\/Pressenza-Deutschland-sterreich-Schweiz-281675388658060\/timeline\/\" \/>\n<meta property=\"article:published_time\" content=\"2023-05-14T11:01:59+00:00\" \/>\n<meta property=\"article:modified_time\" content=\"2023-05-14T11:10:22+00:00\" \/>\n<meta property=\"og:image\" content=\"https:\/\/www.pressenza.com\/wp-content\/uploads\/2023\/05\/photo_2023-05-07-11.04.53.jpeg\" \/>\n\t<meta property=\"og:image:width\" content=\"1280\" \/>\n\t<meta property=\"og:image:height\" content=\"699\" \/>\n\t<meta property=\"og:image:type\" content=\"image\/jpeg\" \/>\n<meta name=\"author\" content=\"Pressenza Berlin\" \/>\n<meta name=\"twitter:card\" content=\"summary_large_image\" \/>\n<meta name=\"twitter:creator\" content=\"@pressenza_ger\" \/>\n<meta name=\"twitter:site\" content=\"@PressenzaIPA\" \/>\n<meta name=\"twitter:label1\" content=\"Escrito por\" \/>\n\t<meta name=\"twitter:data1\" content=\"Pressenza Berlin\" \/>\n\t<meta name=\"twitter:label2\" content=\"Tiempo de lectura\" \/>\n\t<meta name=\"twitter:data2\" content=\"9 minutos\" \/>\n<script type=\"application\/ld+json\" class=\"yoast-schema-graph\">{\"@context\":\"https:\/\/schema.org\",\"@graph\":[{\"@type\":\"Article\",\"@id\":\"https:\/\/www.pressenza.com\/es\/2023\/05\/la-liberacion-de-assange-es-crucial-para-nuestro-futuro\/#article\",\"isPartOf\":{\"@id\":\"https:\/\/www.pressenza.com\/es\/2023\/05\/la-liberacion-de-assange-es-crucial-para-nuestro-futuro\/\"},\"author\":{\"name\":\"Pressenza Berlin\",\"@id\":\"https:\/\/www.pressenza.com\/es\/#\/schema\/person\/57bb5480943a496a7722b0248e4b658a\"},\"headline\":\"La liberaci\u00f3n de Assange es crucial para nuestro futuro\",\"datePublished\":\"2023-05-14T11:01:59+00:00\",\"dateModified\":\"2023-05-14T11:10:22+00:00\",\"mainEntityOfPage\":{\"@id\":\"https:\/\/www.pressenza.com\/es\/2023\/05\/la-liberacion-de-assange-es-crucial-para-nuestro-futuro\/\"},\"wordCount\":1904,\"publisher\":{\"@id\":\"https:\/\/www.pressenza.com\/es\/#organization\"},\"image\":{\"@id\":\"https:\/\/www.pressenza.com\/es\/2023\/05\/la-liberacion-de-assange-es-crucial-para-nuestro-futuro\/#primaryimage\"},\"thumbnailUrl\":\"https:\/\/www.pressenza.com\/wp-content\/uploads\/2023\/05\/photo_2023-05-07-11.04.53.jpeg\",\"keywords\":[\"#Assange\",\"#FreeAssange\",\"Estados Unidos de Norteam\u00e9rica\",\"Julian Assange\",\"libertad de prensa\",\"Solidaridad\",\"Wikileaks\"],\"articleSection\":[\"Cultura y Medios\",\"Derechos Humanos\",\"Europa\"],\"inLanguage\":\"es\"},{\"@type\":\"WebPage\",\"@id\":\"https:\/\/www.pressenza.com\/es\/2023\/05\/la-liberacion-de-assange-es-crucial-para-nuestro-futuro\/\",\"url\":\"https:\/\/www.pressenza.com\/es\/2023\/05\/la-liberacion-de-assange-es-crucial-para-nuestro-futuro\/\",\"name\":\"La liberaci\u00f3n de Assange es crucial para nuestro futuro\",\"isPartOf\":{\"@id\":\"https:\/\/www.pressenza.com\/es\/#website\"},\"primaryImageOfPage\":{\"@id\":\"https:\/\/www.pressenza.com\/es\/2023\/05\/la-liberacion-de-assange-es-crucial-para-nuestro-futuro\/#primaryimage\"},\"image\":{\"@id\":\"https:\/\/www.pressenza.com\/es\/2023\/05\/la-liberacion-de-assange-es-crucial-para-nuestro-futuro\/#primaryimage\"},\"thumbnailUrl\":\"https:\/\/www.pressenza.com\/wp-content\/uploads\/2023\/05\/photo_2023-05-07-11.04.53.jpeg\",\"datePublished\":\"2023-05-14T11:01:59+00:00\",\"dateModified\":\"2023-05-14T11:10:22+00:00\",\"description\":\"Discurso del reportero Fabian Scheidler* a favor de la liberaci\u00f3n del periodista en la Puerta de Brandenburgo el D\u00eda Mundial de la Libertad de Prensa\",\"breadcrumb\":{\"@id\":\"https:\/\/www.pressenza.com\/es\/2023\/05\/la-liberacion-de-assange-es-crucial-para-nuestro-futuro\/#breadcrumb\"},\"inLanguage\":\"es\",\"potentialAction\":[{\"@type\":\"ReadAction\",\"target\":[\"https:\/\/www.pressenza.com\/es\/2023\/05\/la-liberacion-de-assange-es-crucial-para-nuestro-futuro\/\"]}]},{\"@type\":\"ImageObject\",\"inLanguage\":\"es\",\"@id\":\"https:\/\/www.pressenza.com\/es\/2023\/05\/la-liberacion-de-assange-es-crucial-para-nuestro-futuro\/#primaryimage\",\"url\":\"https:\/\/www.pressenza.com\/wp-content\/uploads\/2023\/05\/photo_2023-05-07-11.04.53.jpeg\",\"contentUrl\":\"https:\/\/www.pressenza.com\/wp-content\/uploads\/2023\/05\/photo_2023-05-07-11.04.53.jpeg\",\"width\":1280,\"height\":699},{\"@type\":\"BreadcrumbList\",\"@id\":\"https:\/\/www.pressenza.com\/es\/2023\/05\/la-liberacion-de-assange-es-crucial-para-nuestro-futuro\/#breadcrumb\",\"itemListElement\":[{\"@type\":\"ListItem\",\"position\":1,\"name\":\"Accueil\",\"item\":\"https:\/\/www.pressenza.com\/es\/\"},{\"@type\":\"ListItem\",\"position\":2,\"name\":\"La liberaci\u00f3n de Assange es crucial para nuestro futuro\"}]},{\"@type\":\"WebSite\",\"@id\":\"https:\/\/www.pressenza.com\/es\/#website\",\"url\":\"https:\/\/www.pressenza.com\/es\/\",\"name\":\"Pressenza\",\"description\":\"International Press Agency\",\"publisher\":{\"@id\":\"https:\/\/www.pressenza.com\/es\/#organization\"},\"potentialAction\":[{\"@type\":\"SearchAction\",\"target\":{\"@type\":\"EntryPoint\",\"urlTemplate\":\"https:\/\/www.pressenza.com\/es\/?s={search_term_string}\"},\"query-input\":{\"@type\":\"PropertyValueSpecification\",\"valueRequired\":true,\"valueName\":\"search_term_string\"}}],\"inLanguage\":\"es\"},{\"@type\":\"Organization\",\"@id\":\"https:\/\/www.pressenza.com\/es\/#organization\",\"name\":\"Pressenza\",\"url\":\"https:\/\/www.pressenza.com\/es\/\",\"logo\":{\"@type\":\"ImageObject\",\"inLanguage\":\"es\",\"@id\":\"https:\/\/www.pressenza.com\/es\/#\/schema\/logo\/image\/\",\"url\":\"https:\/\/www.pressenza.com\/wp-content\/uploads\/2022\/10\/pressenza_logo_200x200.jpg\",\"contentUrl\":\"https:\/\/www.pressenza.com\/wp-content\/uploads\/2022\/10\/pressenza_logo_200x200.jpg\",\"width\":200,\"height\":200,\"caption\":\"Pressenza\"},\"image\":{\"@id\":\"https:\/\/www.pressenza.com\/es\/#\/schema\/logo\/image\/\"},\"sameAs\":[\"https:\/\/www.facebook.com\/PressenzaItalia\",\"https:\/\/x.com\/PressenzaIPA\"]},{\"@type\":\"Person\",\"@id\":\"https:\/\/www.pressenza.com\/es\/#\/schema\/person\/57bb5480943a496a7722b0248e4b658a\",\"name\":\"Pressenza Berlin\",\"description\":\"News from the Pressenza Bureau in Berlin, Germany\",\"sameAs\":[\"https:\/\/www.facebook.com\/Pressenza-Deutschland-sterreich-Schweiz-281675388658060\/timeline\/\",\"https:\/\/x.com\/pressenza_ger\"],\"url\":\"https:\/\/www.pressenza.com\/es\/author\/pressenza-berlin\/\"}]}<\/script>\n<!-- \/ Yoast SEO plugin. -->","yoast_head_json":{"title":"La liberaci\u00f3n de Assange es crucial para nuestro futuro","description":"Discurso del reportero Fabian Scheidler* a favor de la liberaci\u00f3n del periodista en la Puerta de Brandenburgo el D\u00eda Mundial de la Libertad de Prensa","robots":{"index":"index","follow":"follow","max-snippet":"max-snippet:-1","max-image-preview":"max-image-preview:large","max-video-preview":"max-video-preview:-1"},"canonical":"https:\/\/www.pressenza.com\/es\/2023\/05\/la-liberacion-de-assange-es-crucial-para-nuestro-futuro\/","og_locale":"es_ES","og_type":"article","og_title":"La liberaci\u00f3n de Assange es crucial para nuestro futuro","og_description":"Discurso del reportero Fabian Scheidler* a favor de la liberaci\u00f3n del periodista en la Puerta de Brandenburgo el D\u00eda Mundial de la Libertad de Prensa","og_url":"https:\/\/www.pressenza.com\/es\/2023\/05\/la-liberacion-de-assange-es-crucial-para-nuestro-futuro\/","og_site_name":"Pressenza","article_publisher":"https:\/\/www.facebook.com\/PressenzaItalia","article_author":"https:\/\/www.facebook.com\/Pressenza-Deutschland-sterreich-Schweiz-281675388658060\/timeline\/","article_published_time":"2023-05-14T11:01:59+00:00","article_modified_time":"2023-05-14T11:10:22+00:00","og_image":[{"width":1280,"height":699,"url":"https:\/\/www.pressenza.com\/wp-content\/uploads\/2023\/05\/photo_2023-05-07-11.04.53.jpeg","type":"image\/jpeg"}],"author":"Pressenza Berlin","twitter_card":"summary_large_image","twitter_creator":"@pressenza_ger","twitter_site":"@PressenzaIPA","twitter_misc":{"Escrito por":"Pressenza Berlin","Tiempo de lectura":"9 minutos"},"schema":{"@context":"https:\/\/schema.org","@graph":[{"@type":"Article","@id":"https:\/\/www.pressenza.com\/es\/2023\/05\/la-liberacion-de-assange-es-crucial-para-nuestro-futuro\/#article","isPartOf":{"@id":"https:\/\/www.pressenza.com\/es\/2023\/05\/la-liberacion-de-assange-es-crucial-para-nuestro-futuro\/"},"author":{"name":"Pressenza Berlin","@id":"https:\/\/www.pressenza.com\/es\/#\/schema\/person\/57bb5480943a496a7722b0248e4b658a"},"headline":"La liberaci\u00f3n de Assange es crucial para nuestro futuro","datePublished":"2023-05-14T11:01:59+00:00","dateModified":"2023-05-14T11:10:22+00:00","mainEntityOfPage":{"@id":"https:\/\/www.pressenza.com\/es\/2023\/05\/la-liberacion-de-assange-es-crucial-para-nuestro-futuro\/"},"wordCount":1904,"publisher":{"@id":"https:\/\/www.pressenza.com\/es\/#organization"},"image":{"@id":"https:\/\/www.pressenza.com\/es\/2023\/05\/la-liberacion-de-assange-es-crucial-para-nuestro-futuro\/#primaryimage"},"thumbnailUrl":"https:\/\/www.pressenza.com\/wp-content\/uploads\/2023\/05\/photo_2023-05-07-11.04.53.jpeg","keywords":["#Assange","#FreeAssange","Estados Unidos de Norteam\u00e9rica","Julian Assange","libertad de prensa","Solidaridad","Wikileaks"],"articleSection":["Cultura y Medios","Derechos Humanos","Europa"],"inLanguage":"es"},{"@type":"WebPage","@id":"https:\/\/www.pressenza.com\/es\/2023\/05\/la-liberacion-de-assange-es-crucial-para-nuestro-futuro\/","url":"https:\/\/www.pressenza.com\/es\/2023\/05\/la-liberacion-de-assange-es-crucial-para-nuestro-futuro\/","name":"La liberaci\u00f3n de Assange es crucial para nuestro futuro","isPartOf":{"@id":"https:\/\/www.pressenza.com\/es\/#website"},"primaryImageOfPage":{"@id":"https:\/\/www.pressenza.com\/es\/2023\/05\/la-liberacion-de-assange-es-crucial-para-nuestro-futuro\/#primaryimage"},"image":{"@id":"https:\/\/www.pressenza.com\/es\/2023\/05\/la-liberacion-de-assange-es-crucial-para-nuestro-futuro\/#primaryimage"},"thumbnailUrl":"https:\/\/www.pressenza.com\/wp-content\/uploads\/2023\/05\/photo_2023-05-07-11.04.53.jpeg","datePublished":"2023-05-14T11:01:59+00:00","dateModified":"2023-05-14T11:10:22+00:00","description":"Discurso del reportero Fabian Scheidler* a favor de la liberaci\u00f3n del periodista en la Puerta de Brandenburgo el D\u00eda Mundial de la Libertad de Prensa","breadcrumb":{"@id":"https:\/\/www.pressenza.com\/es\/2023\/05\/la-liberacion-de-assange-es-crucial-para-nuestro-futuro\/#breadcrumb"},"inLanguage":"es","potentialAction":[{"@type":"ReadAction","target":["https:\/\/www.pressenza.com\/es\/2023\/05\/la-liberacion-de-assange-es-crucial-para-nuestro-futuro\/"]}]},{"@type":"ImageObject","inLanguage":"es","@id":"https:\/\/www.pressenza.com\/es\/2023\/05\/la-liberacion-de-assange-es-crucial-para-nuestro-futuro\/#primaryimage","url":"https:\/\/www.pressenza.com\/wp-content\/uploads\/2023\/05\/photo_2023-05-07-11.04.53.jpeg","contentUrl":"https:\/\/www.pressenza.com\/wp-content\/uploads\/2023\/05\/photo_2023-05-07-11.04.53.jpeg","width":1280,"height":699},{"@type":"BreadcrumbList","@id":"https:\/\/www.pressenza.com\/es\/2023\/05\/la-liberacion-de-assange-es-crucial-para-nuestro-futuro\/#breadcrumb","itemListElement":[{"@type":"ListItem","position":1,"name":"Accueil","item":"https:\/\/www.pressenza.com\/es\/"},{"@type":"ListItem","position":2,"name":"La liberaci\u00f3n de Assange es crucial para nuestro futuro"}]},{"@type":"WebSite","@id":"https:\/\/www.pressenza.com\/es\/#website","url":"https:\/\/www.pressenza.com\/es\/","name":"Pressenza","description":"International Press Agency","publisher":{"@id":"https:\/\/www.pressenza.com\/es\/#organization"},"potentialAction":[{"@type":"SearchAction","target":{"@type":"EntryPoint","urlTemplate":"https:\/\/www.pressenza.com\/es\/?s={search_term_string}"},"query-input":{"@type":"PropertyValueSpecification","valueRequired":true,"valueName":"search_term_string"}}],"inLanguage":"es"},{"@type":"Organization","@id":"https:\/\/www.pressenza.com\/es\/#organization","name":"Pressenza","url":"https:\/\/www.pressenza.com\/es\/","logo":{"@type":"ImageObject","inLanguage":"es","@id":"https:\/\/www.pressenza.com\/es\/#\/schema\/logo\/image\/","url":"https:\/\/www.pressenza.com\/wp-content\/uploads\/2022\/10\/pressenza_logo_200x200.jpg","contentUrl":"https:\/\/www.pressenza.com\/wp-content\/uploads\/2022\/10\/pressenza_logo_200x200.jpg","width":200,"height":200,"caption":"Pressenza"},"image":{"@id":"https:\/\/www.pressenza.com\/es\/#\/schema\/logo\/image\/"},"sameAs":["https:\/\/www.facebook.com\/PressenzaItalia","https:\/\/x.com\/PressenzaIPA"]},{"@type":"Person","@id":"https:\/\/www.pressenza.com\/es\/#\/schema\/person\/57bb5480943a496a7722b0248e4b658a","name":"Pressenza Berlin","description":"News from the Pressenza Bureau in Berlin, Germany","sameAs":["https:\/\/www.facebook.com\/Pressenza-Deutschland-sterreich-Schweiz-281675388658060\/timeline\/","https:\/\/x.com\/pressenza_ger"],"url":"https:\/\/www.pressenza.com\/es\/author\/pressenza-berlin\/"}]}},"place":"Fabian Scheidler","original_article_url":"","_links":{"self":[{"href":"https:\/\/www.pressenza.com\/es\/wp-json\/wp\/v2\/posts\/1739133","targetHints":{"allow":["GET"]}}],"collection":[{"href":"https:\/\/www.pressenza.com\/es\/wp-json\/wp\/v2\/posts"}],"about":[{"href":"https:\/\/www.pressenza.com\/es\/wp-json\/wp\/v2\/types\/post"}],"author":[{"embeddable":true,"href":"https:\/\/www.pressenza.com\/es\/wp-json\/wp\/v2\/users\/1095"}],"replies":[{"embeddable":true,"href":"https:\/\/www.pressenza.com\/es\/wp-json\/wp\/v2\/comments?post=1739133"}],"version-history":[{"count":0,"href":"https:\/\/www.pressenza.com\/es\/wp-json\/wp\/v2\/posts\/1739133\/revisions"}],"wp:featuredmedia":[{"embeddable":true,"href":"https:\/\/www.pressenza.com\/es\/wp-json\/wp\/v2\/media\/1739134"}],"wp:attachment":[{"href":"https:\/\/www.pressenza.com\/es\/wp-json\/wp\/v2\/media?parent=1739133"}],"wp:term":[{"taxonomy":"category","embeddable":true,"href":"https:\/\/www.pressenza.com\/es\/wp-json\/wp\/v2\/categories?post=1739133"},{"taxonomy":"post_tag","embeddable":true,"href":"https:\/\/www.pressenza.com\/es\/wp-json\/wp\/v2\/tags?post=1739133"}],"curies":[{"name":"wp","href":"https:\/\/api.w.org\/{rel}","templated":true}]}}