{"id":1738874,"date":"2023-05-13T04:15:02","date_gmt":"2023-05-13T03:15:02","guid":{"rendered":"https:\/\/www.pressenza.com\/?p=1738874"},"modified":"2023-05-13T04:15:02","modified_gmt":"2023-05-13T03:15:02","slug":"jose-carlos-aguero-el-establishment-si-ha-sido-puesto-en-jaque-en-estos-cinco-meses","status":"publish","type":"post","link":"https:\/\/www.pressenza.com\/es\/2023\/05\/jose-carlos-aguero-el-establishment-si-ha-sido-puesto-en-jaque-en-estos-cinco-meses\/","title":{"rendered":"Jos\u00e9 Carlos Ag\u00fcero: \u00abEl establishment s\u00ed ha sido puesto en jaque en estos cinco meses\u00bb"},"content":{"rendered":"<h4 class=\"Subtitle\">En La Mula TV, el historiador se\u00f1al\u00f3 que los grupos conservadores buscan negar que la movilizaci\u00f3n ciudadana provoc\u00f3 un \u00abremez\u00f3n hist\u00f3rico\u00bb que ha puesto en cuesti\u00f3n las formas de manejar nuestra vida social, econ\u00f3mica y pol\u00edtica.<\/h4>\n<p>Por: LaMula.pe<\/p>\n<p>Los grupos autoritarios y conservadores buscan negar que las masivas protestas que se iniciaron en diciembre del 2022 en Per\u00fa\u00a0<strong>han puesto en jaque al establishment<\/strong>, se\u00f1al\u00f3, en La Mula TV, el historiador\u00a0Jos\u00e9 Carlos Ag\u00fcero.<\/p>\n<p>En el programa &#8216;Al Filo&#8217;, Ag\u00fcero calific\u00f3 a los cinco meses de\u00a0gobierno de Dina Boluarte como un\u00a0<strong>\u00abmomento tr\u00e1gico\u00bb debido a la violaci\u00f3n de derechos humanos<\/strong>\u00a0y sus\u00a0formas autoritarias. Para el historiador, estamos ante una \u00abarticulaci\u00f3n flexible de intereses entre delincuenciales y mezquinos\u00bb.<\/p>\n<blockquote class=\"poster\"><p>\u00abPero creo que lo que supera esas definiciones m\u00e1s pol\u00edticas es que demasiada gente ha muerto como resultado de muchas malas acciones, por decisiones tomadas por esta gente, por estos grupos de poder\u00bb, dijo.<\/p><\/blockquote>\n<p>Frente a las reacciones de algunos grupos de ultraderecha contra las declaraciones de la presidenta sobre el informe de la Comisi\u00f3n Interamericana de Derechos Humanos (CIDH) y la responsabilidad de los agentes estatales, el historiador se\u00f1al\u00f3 que \u00abes coherente con todo lo que est\u00e1 pasando\u00bb.<\/p>\n<blockquote class=\"poster\"><p>\u00abEstamos ante un conjunto de personajes, cada cual m\u00e1s vil. No creo que a estas alturas nos deba llamar mucho la atenci\u00f3n que cometan, que mientan, que se comporten con cinismo, que se traicionen entre ellos, que no tengan ning\u00fan tipo de virtud sobre sus agencias, que no haya lealtad ni confianza ni apoyo.\u00a0<strong>Son una articulaci\u00f3n de grupos de poder esencialmente muy inescrupulosos sin ning\u00fan tipo de valor democr\u00e1tico\u00a0<\/strong>que los ampare, ni ciudadano, s\u00ed tienen valores, pero son muy conservadores, casi fan\u00e1ticos y los que no los tienen son b\u00e1sicamente delincuentes, mafiosos. Es lo que es\u00bb, sostuvo.<\/p><\/blockquote>\n<p>Ag\u00fcero precis\u00f3 que se trata de una \u00ab<strong>articulaci\u00f3n de un mont\u00f3n de grupos dispersos<\/strong>, diversos, que tienen poder pero coinciden en defender sus intereses, pero eso no los hace una coalici\u00f3n\u00bb. \u00abLos hace una articulaci\u00f3n nefasta para el pa\u00eds\u00bb, se\u00f1al\u00f3.<\/p>\n<p>En entrevista con Javier Torres, el historiador resalt\u00f3 que ve con \u00abrelativo optimismo\u00bb al sector de ciudadanos que se moviliz\u00f3 con demandas pol\u00edticas en los \u00faltimos meses. Ante ello, se\u00f1al\u00f3, hay una actitud negacionista de los grupos de poder que, en primer lugar, buscan negar lo que los afecta por sus posibles responsabilidades penales.<\/p>\n<blockquote class=\"poster\"><p>\u00abY eso es muy disolvente de cualquier tipo de cohesi\u00f3n, articulaci\u00f3n, red o alianza,\u00a0<strong>es un gran disolvente, nadie quiere ir a la c\u00e1rcel<\/strong>, en algunos casos adem\u00e1s, el motivo para hacer pol\u00edtica en el Per\u00fa es no ir a la c\u00e1rcel. Es un elemento nada despreciable\u00bb, dijo.<\/p><\/blockquote>\n<p>Pero lo principal, agreg\u00f3, es el \u00ab<strong>intento de negaci\u00f3n con el que se quiere obviar que el establishment s\u00ed ha sido puesto en jaque en estos cinco meses\u00bb.<\/strong><\/p>\n<blockquote class=\"poster\"><p>\u00abHa habido un remez\u00f3n hist\u00f3rico hacia una serie de formas de manejar nuestra vida social, econ\u00f3mica y pol\u00edtica y que se han puesto en entredicho por la movilizaci\u00f3n muy grande que ha habido, muy masiva, que b\u00e1sicamente ha cuestionado cosas muy hondas\u00bb, se\u00f1al\u00f3.<\/p><\/blockquote>\n<p>Para Ag\u00fcero, este \u00abha sido un movimiento exitoso, pese a que obviamente hay un componente tr\u00e1gico innegable\u00bb. En ese sentido, mencion\u00f3 que se trata de un movimiento\u00a0antiracista, antimonocultural, anticentralista, antilime\u00f1o, antielitista y, por otro lado, de una manera agresiva, el reclamo de\u00a0un nuevo sujeto de acci\u00f3n pol\u00edtica, que es \u00ab<strong>el que antes era nadie, el indio, el cholo, el rural, el campesino,\u00a0<\/strong>el que antes era solamente el subalterno que no pod\u00eda hablar, que era instrumento de la tutela o de la manipulaci\u00f3n de las \u00e9lites\u00bb.<\/p>\n<blockquote class=\"poster\"><p>\u00abPues no, este ciudadano ha protestado de manera ininterrumpida durante meses,\u00a0<strong>ha puesto en una situaci\u00f3n bastante inc\u00f3moda a todos estos poderes<\/strong>, a todos estos consensos previos, ha venido a Lima a hacer lo mismo y Lima, en gran parte, se ha sentido identificada. No la Lima del 7% que sigue apoyando, ni la Lima del Twitter, sino la Lima de muchos, la Lima extensa, la Lima Este, Lima Sur, Lima Norte, que son millones de personas, que ha apoyado y ha acogido a este momento. Eso es lo que se quiere negar\u00bb, reiter\u00f3.<\/p><\/blockquote>\n<p>El historiador sostuvo que ha habido un cambio positivo y que no debemos caer en referencias al pasado, sino \u00abconstatar lo que est\u00e1 pasando\u00bb.<\/p>\n<blockquote class=\"poster\"><p>\u00abEs importante que cambie la imaginaci\u00f3n de las cosas porque es un primer elemento. Tienes que permitirte poder pensar que ya las cosas son distintas, que se puede actuar de otra forma.\u00a0<strong>Lo que hemos visto es in\u00e9dito\u00a0<\/strong>y ha repolitizado el lenguaje, ha repolitizado a un mont\u00f3n de articuladores sociales\u00bb, se\u00f1al\u00f3.<\/p><\/blockquote>\n<p>Ag\u00fcero sostuvo que\u00a0<strong>el cambio del pa\u00eds y la transformaci\u00f3n del Estado \u00abest\u00e1 a tiro de gol<\/strong>\u00a0porque realmente lo que hemos vivido (&#8230;) a nivel\u00a0de desarrollo ciudadano es un salto cuantitativo enorme que yo no hab\u00eda visto antes\u00bb. \u00abNi siquiera en la Marcha de los Cuatro Suyos, para nada, no es comparable en ese sentido\u00bb, dijo.<\/p>\n<p>Mira la entrevista completa en La Mula TV:<\/p>\n<p><iframe loading=\"lazy\" src=\"https:\/\/www.youtube.com\/embed\/ZoT3Kd803ts?start=79\" width=\"100%\" height=\"315\" frameborder=\"0\" allowfullscreen=\"allowfullscreen\" data-mce-fragment=\"1\"><\/iframe><\/p>\n<p>Foto de portada: AP Photo \/ Hugo Curotto<\/p>\n<p>&nbsp;<\/p>\n","protected":false},"excerpt":{"rendered":"<p>En La Mula TV, el historiador se\u00f1al\u00f3 que los grupos conservadores buscan negar que la movilizaci\u00f3n ciudadana provoc\u00f3 un \u00abremez\u00f3n hist\u00f3rico\u00bb que ha puesto en cuesti\u00f3n las formas de manejar nuestra vida social, econ\u00f3mica y pol\u00edtica. Por: LaMula.pe Los grupos&hellip;<\/p>\n","protected":false},"author":831,"featured_media":1738877,"comment_status":"closed","ping_status":"closed","sticky":false,"template":"","format":"standard","meta":{"footnotes":""},"categories":[79,106739,74,67],"tags":[74189,31394,25097],"class_list":["post-1738874","post","type-post","status-publish","format-standard","has-post-thumbnail","hentry","category-derechos-humanos","category-noticia","category-politica-es","category-sudamerica","tag-establishment","tag-movilizacion-ciudadana","tag-violacion-de-derechos-humanos"],"yoast_head":"<!-- This site is optimized with the Yoast SEO plugin v27.1.1 - https:\/\/yoast.com\/product\/yoast-seo-wordpress\/ -->\n<title>Jos\u00e9 Carlos Ag\u00fcero: &quot;El establishment s\u00ed ha sido puesto en jaque en estos cinco meses&quot;<\/title>\n<meta name=\"description\" content=\"En La Mula TV, el historiador se\u00f1al\u00f3 que los grupos conservadores buscan negar que la movilizaci\u00f3n ciudadana provoc\u00f3 un &quot;remez\u00f3n hist\u00f3rico&quot; que ha puesto\" \/>\n<meta name=\"robots\" content=\"index, follow, max-snippet:-1, max-image-preview:large, max-video-preview:-1\" \/>\n<link rel=\"canonical\" href=\"https:\/\/www.pressenza.com\/es\/2023\/05\/jose-carlos-aguero-el-establishment-si-ha-sido-puesto-en-jaque-en-estos-cinco-meses\/\" \/>\n<meta property=\"og:locale\" content=\"es_ES\" \/>\n<meta property=\"og:type\" content=\"article\" \/>\n<meta property=\"og:title\" content=\"Jos\u00e9 Carlos Ag\u00fcero: &quot;El establishment s\u00ed ha sido puesto en jaque en estos cinco meses&quot;\" \/>\n<meta property=\"og:description\" content=\"En La Mula TV, el historiador se\u00f1al\u00f3 que los grupos conservadores buscan negar que la movilizaci\u00f3n ciudadana provoc\u00f3 un &quot;remez\u00f3n hist\u00f3rico&quot; que ha puesto\" \/>\n<meta property=\"og:url\" content=\"https:\/\/www.pressenza.com\/es\/2023\/05\/jose-carlos-aguero-el-establishment-si-ha-sido-puesto-en-jaque-en-estos-cinco-meses\/\" \/>\n<meta property=\"og:site_name\" content=\"Pressenza\" \/>\n<meta property=\"article:publisher\" content=\"https:\/\/www.facebook.com\/PressenzaItalia\" \/>\n<meta property=\"article:published_time\" content=\"2023-05-13T03:15:02+00:00\" \/>\n<meta property=\"og:image\" content=\"https:\/\/www.pressenza.com\/wp-content\/uploads\/2023\/05\/protestas.jpg\" \/>\n\t<meta property=\"og:image:width\" content=\"1200\" \/>\n\t<meta property=\"og:image:height\" content=\"800\" \/>\n\t<meta property=\"og:image:type\" content=\"image\/jpeg\" \/>\n<meta name=\"author\" content=\"Redacci\u00f3n Per\u00fa\" \/>\n<meta name=\"twitter:card\" content=\"summary_large_image\" \/>\n<meta name=\"twitter:creator\" content=\"@PressenzaIPA\" \/>\n<meta name=\"twitter:site\" content=\"@PressenzaIPA\" \/>\n<meta name=\"twitter:label1\" content=\"Escrito por\" \/>\n\t<meta name=\"twitter:data1\" content=\"Redacci\u00f3n Per\u00fa\" \/>\n\t<meta name=\"twitter:label2\" content=\"Tiempo de lectura\" \/>\n\t<meta name=\"twitter:data2\" content=\"4 minutos\" \/>\n<script type=\"application\/ld+json\" class=\"yoast-schema-graph\">{\"@context\":\"https:\/\/schema.org\",\"@graph\":[{\"@type\":\"Article\",\"@id\":\"https:\/\/www.pressenza.com\/es\/2023\/05\/jose-carlos-aguero-el-establishment-si-ha-sido-puesto-en-jaque-en-estos-cinco-meses\/#article\",\"isPartOf\":{\"@id\":\"https:\/\/www.pressenza.com\/es\/2023\/05\/jose-carlos-aguero-el-establishment-si-ha-sido-puesto-en-jaque-en-estos-cinco-meses\/\"},\"author\":{\"name\":\"Redacci\u00f3n Per\u00fa\",\"@id\":\"https:\/\/www.pressenza.com\/es\/#\/schema\/person\/e86c29a41185b85084a478822f5de81b\"},\"headline\":\"Jos\u00e9 Carlos Ag\u00fcero: \u00abEl establishment s\u00ed ha sido puesto en jaque en estos cinco meses\u00bb\",\"datePublished\":\"2023-05-13T03:15:02+00:00\",\"mainEntityOfPage\":{\"@id\":\"https:\/\/www.pressenza.com\/es\/2023\/05\/jose-carlos-aguero-el-establishment-si-ha-sido-puesto-en-jaque-en-estos-cinco-meses\/\"},\"wordCount\":921,\"publisher\":{\"@id\":\"https:\/\/www.pressenza.com\/es\/#organization\"},\"image\":{\"@id\":\"https:\/\/www.pressenza.com\/es\/2023\/05\/jose-carlos-aguero-el-establishment-si-ha-sido-puesto-en-jaque-en-estos-cinco-meses\/#primaryimage\"},\"thumbnailUrl\":\"https:\/\/www.pressenza.com\/wp-content\/uploads\/2023\/05\/protestas.jpg\",\"keywords\":[\"establishment\",\"movilizaci\u00f3n ciudadana\",\"violaci\u00f3n de derechos humanos\"],\"articleSection\":[\"Derechos Humanos\",\"Noticia\",\"Pol\u00edtica\",\"Sudam\u00e9rica\"],\"inLanguage\":\"es\"},{\"@type\":\"WebPage\",\"@id\":\"https:\/\/www.pressenza.com\/es\/2023\/05\/jose-carlos-aguero-el-establishment-si-ha-sido-puesto-en-jaque-en-estos-cinco-meses\/\",\"url\":\"https:\/\/www.pressenza.com\/es\/2023\/05\/jose-carlos-aguero-el-establishment-si-ha-sido-puesto-en-jaque-en-estos-cinco-meses\/\",\"name\":\"Jos\u00e9 Carlos Ag\u00fcero: \\\"El establishment s\u00ed ha sido puesto en jaque en estos cinco meses\\\"\",\"isPartOf\":{\"@id\":\"https:\/\/www.pressenza.com\/es\/#website\"},\"primaryImageOfPage\":{\"@id\":\"https:\/\/www.pressenza.com\/es\/2023\/05\/jose-carlos-aguero-el-establishment-si-ha-sido-puesto-en-jaque-en-estos-cinco-meses\/#primaryimage\"},\"image\":{\"@id\":\"https:\/\/www.pressenza.com\/es\/2023\/05\/jose-carlos-aguero-el-establishment-si-ha-sido-puesto-en-jaque-en-estos-cinco-meses\/#primaryimage\"},\"thumbnailUrl\":\"https:\/\/www.pressenza.com\/wp-content\/uploads\/2023\/05\/protestas.jpg\",\"datePublished\":\"2023-05-13T03:15:02+00:00\",\"description\":\"En La Mula TV, el historiador se\u00f1al\u00f3 que los grupos conservadores buscan negar que la movilizaci\u00f3n ciudadana provoc\u00f3 un \\\"remez\u00f3n hist\u00f3rico\\\" que ha puesto\",\"breadcrumb\":{\"@id\":\"https:\/\/www.pressenza.com\/es\/2023\/05\/jose-carlos-aguero-el-establishment-si-ha-sido-puesto-en-jaque-en-estos-cinco-meses\/#breadcrumb\"},\"inLanguage\":\"es\",\"potentialAction\":[{\"@type\":\"ReadAction\",\"target\":[\"https:\/\/www.pressenza.com\/es\/2023\/05\/jose-carlos-aguero-el-establishment-si-ha-sido-puesto-en-jaque-en-estos-cinco-meses\/\"]}]},{\"@type\":\"ImageObject\",\"inLanguage\":\"es\",\"@id\":\"https:\/\/www.pressenza.com\/es\/2023\/05\/jose-carlos-aguero-el-establishment-si-ha-sido-puesto-en-jaque-en-estos-cinco-meses\/#primaryimage\",\"url\":\"https:\/\/www.pressenza.com\/wp-content\/uploads\/2023\/05\/protestas.jpg\",\"contentUrl\":\"https:\/\/www.pressenza.com\/wp-content\/uploads\/2023\/05\/protestas.jpg\",\"width\":1200,\"height\":800},{\"@type\":\"BreadcrumbList\",\"@id\":\"https:\/\/www.pressenza.com\/es\/2023\/05\/jose-carlos-aguero-el-establishment-si-ha-sido-puesto-en-jaque-en-estos-cinco-meses\/#breadcrumb\",\"itemListElement\":[{\"@type\":\"ListItem\",\"position\":1,\"name\":\"Accueil\",\"item\":\"https:\/\/www.pressenza.com\/es\/\"},{\"@type\":\"ListItem\",\"position\":2,\"name\":\"Jos\u00e9 Carlos Ag\u00fcero: \u00abEl establishment s\u00ed ha sido puesto en jaque en estos cinco meses\u00bb\"}]},{\"@type\":\"WebSite\",\"@id\":\"https:\/\/www.pressenza.com\/es\/#website\",\"url\":\"https:\/\/www.pressenza.com\/es\/\",\"name\":\"Pressenza\",\"description\":\"International Press Agency\",\"publisher\":{\"@id\":\"https:\/\/www.pressenza.com\/es\/#organization\"},\"potentialAction\":[{\"@type\":\"SearchAction\",\"target\":{\"@type\":\"EntryPoint\",\"urlTemplate\":\"https:\/\/www.pressenza.com\/es\/?s={search_term_string}\"},\"query-input\":{\"@type\":\"PropertyValueSpecification\",\"valueRequired\":true,\"valueName\":\"search_term_string\"}}],\"inLanguage\":\"es\"},{\"@type\":\"Organization\",\"@id\":\"https:\/\/www.pressenza.com\/es\/#organization\",\"name\":\"Pressenza\",\"url\":\"https:\/\/www.pressenza.com\/es\/\",\"logo\":{\"@type\":\"ImageObject\",\"inLanguage\":\"es\",\"@id\":\"https:\/\/www.pressenza.com\/es\/#\/schema\/logo\/image\/\",\"url\":\"https:\/\/www.pressenza.com\/wp-content\/uploads\/2022\/10\/pressenza_logo_200x200.jpg\",\"contentUrl\":\"https:\/\/www.pressenza.com\/wp-content\/uploads\/2022\/10\/pressenza_logo_200x200.jpg\",\"width\":200,\"height\":200,\"caption\":\"Pressenza\"},\"image\":{\"@id\":\"https:\/\/www.pressenza.com\/es\/#\/schema\/logo\/image\/\"},\"sameAs\":[\"https:\/\/www.facebook.com\/PressenzaItalia\",\"https:\/\/x.com\/PressenzaIPA\"]},{\"@type\":\"Person\",\"@id\":\"https:\/\/www.pressenza.com\/es\/#\/schema\/person\/e86c29a41185b85084a478822f5de81b\",\"name\":\"Redacci\u00f3n Per\u00fa\",\"description\":\"News published by the Pressenza bureau in Peru\",\"url\":\"https:\/\/www.pressenza.com\/es\/author\/redaccion-peru\/\"}]}<\/script>\n<!-- \/ Yoast SEO plugin. -->","yoast_head_json":{"title":"Jos\u00e9 Carlos Ag\u00fcero: \"El establishment s\u00ed ha sido puesto en jaque en estos cinco meses\"","description":"En La Mula TV, el historiador se\u00f1al\u00f3 que los grupos conservadores buscan negar que la movilizaci\u00f3n ciudadana provoc\u00f3 un \"remez\u00f3n hist\u00f3rico\" que ha puesto","robots":{"index":"index","follow":"follow","max-snippet":"max-snippet:-1","max-image-preview":"max-image-preview:large","max-video-preview":"max-video-preview:-1"},"canonical":"https:\/\/www.pressenza.com\/es\/2023\/05\/jose-carlos-aguero-el-establishment-si-ha-sido-puesto-en-jaque-en-estos-cinco-meses\/","og_locale":"es_ES","og_type":"article","og_title":"Jos\u00e9 Carlos Ag\u00fcero: \"El establishment s\u00ed ha sido puesto en jaque en estos cinco meses\"","og_description":"En La Mula TV, el historiador se\u00f1al\u00f3 que los grupos conservadores buscan negar que la movilizaci\u00f3n ciudadana provoc\u00f3 un \"remez\u00f3n hist\u00f3rico\" que ha puesto","og_url":"https:\/\/www.pressenza.com\/es\/2023\/05\/jose-carlos-aguero-el-establishment-si-ha-sido-puesto-en-jaque-en-estos-cinco-meses\/","og_site_name":"Pressenza","article_publisher":"https:\/\/www.facebook.com\/PressenzaItalia","article_published_time":"2023-05-13T03:15:02+00:00","og_image":[{"width":1200,"height":800,"url":"https:\/\/www.pressenza.com\/wp-content\/uploads\/2023\/05\/protestas.jpg","type":"image\/jpeg"}],"author":"Redacci\u00f3n Per\u00fa","twitter_card":"summary_large_image","twitter_creator":"@PressenzaIPA","twitter_site":"@PressenzaIPA","twitter_misc":{"Escrito por":"Redacci\u00f3n Per\u00fa","Tiempo de lectura":"4 minutos"},"schema":{"@context":"https:\/\/schema.org","@graph":[{"@type":"Article","@id":"https:\/\/www.pressenza.com\/es\/2023\/05\/jose-carlos-aguero-el-establishment-si-ha-sido-puesto-en-jaque-en-estos-cinco-meses\/#article","isPartOf":{"@id":"https:\/\/www.pressenza.com\/es\/2023\/05\/jose-carlos-aguero-el-establishment-si-ha-sido-puesto-en-jaque-en-estos-cinco-meses\/"},"author":{"name":"Redacci\u00f3n Per\u00fa","@id":"https:\/\/www.pressenza.com\/es\/#\/schema\/person\/e86c29a41185b85084a478822f5de81b"},"headline":"Jos\u00e9 Carlos Ag\u00fcero: \u00abEl establishment s\u00ed ha sido puesto en jaque en estos cinco meses\u00bb","datePublished":"2023-05-13T03:15:02+00:00","mainEntityOfPage":{"@id":"https:\/\/www.pressenza.com\/es\/2023\/05\/jose-carlos-aguero-el-establishment-si-ha-sido-puesto-en-jaque-en-estos-cinco-meses\/"},"wordCount":921,"publisher":{"@id":"https:\/\/www.pressenza.com\/es\/#organization"},"image":{"@id":"https:\/\/www.pressenza.com\/es\/2023\/05\/jose-carlos-aguero-el-establishment-si-ha-sido-puesto-en-jaque-en-estos-cinco-meses\/#primaryimage"},"thumbnailUrl":"https:\/\/www.pressenza.com\/wp-content\/uploads\/2023\/05\/protestas.jpg","keywords":["establishment","movilizaci\u00f3n ciudadana","violaci\u00f3n de derechos humanos"],"articleSection":["Derechos Humanos","Noticia","Pol\u00edtica","Sudam\u00e9rica"],"inLanguage":"es"},{"@type":"WebPage","@id":"https:\/\/www.pressenza.com\/es\/2023\/05\/jose-carlos-aguero-el-establishment-si-ha-sido-puesto-en-jaque-en-estos-cinco-meses\/","url":"https:\/\/www.pressenza.com\/es\/2023\/05\/jose-carlos-aguero-el-establishment-si-ha-sido-puesto-en-jaque-en-estos-cinco-meses\/","name":"Jos\u00e9 Carlos Ag\u00fcero: \"El establishment s\u00ed ha sido puesto en jaque en estos cinco meses\"","isPartOf":{"@id":"https:\/\/www.pressenza.com\/es\/#website"},"primaryImageOfPage":{"@id":"https:\/\/www.pressenza.com\/es\/2023\/05\/jose-carlos-aguero-el-establishment-si-ha-sido-puesto-en-jaque-en-estos-cinco-meses\/#primaryimage"},"image":{"@id":"https:\/\/www.pressenza.com\/es\/2023\/05\/jose-carlos-aguero-el-establishment-si-ha-sido-puesto-en-jaque-en-estos-cinco-meses\/#primaryimage"},"thumbnailUrl":"https:\/\/www.pressenza.com\/wp-content\/uploads\/2023\/05\/protestas.jpg","datePublished":"2023-05-13T03:15:02+00:00","description":"En La Mula TV, el historiador se\u00f1al\u00f3 que los grupos conservadores buscan negar que la movilizaci\u00f3n ciudadana provoc\u00f3 un \"remez\u00f3n hist\u00f3rico\" que ha puesto","breadcrumb":{"@id":"https:\/\/www.pressenza.com\/es\/2023\/05\/jose-carlos-aguero-el-establishment-si-ha-sido-puesto-en-jaque-en-estos-cinco-meses\/#breadcrumb"},"inLanguage":"es","potentialAction":[{"@type":"ReadAction","target":["https:\/\/www.pressenza.com\/es\/2023\/05\/jose-carlos-aguero-el-establishment-si-ha-sido-puesto-en-jaque-en-estos-cinco-meses\/"]}]},{"@type":"ImageObject","inLanguage":"es","@id":"https:\/\/www.pressenza.com\/es\/2023\/05\/jose-carlos-aguero-el-establishment-si-ha-sido-puesto-en-jaque-en-estos-cinco-meses\/#primaryimage","url":"https:\/\/www.pressenza.com\/wp-content\/uploads\/2023\/05\/protestas.jpg","contentUrl":"https:\/\/www.pressenza.com\/wp-content\/uploads\/2023\/05\/protestas.jpg","width":1200,"height":800},{"@type":"BreadcrumbList","@id":"https:\/\/www.pressenza.com\/es\/2023\/05\/jose-carlos-aguero-el-establishment-si-ha-sido-puesto-en-jaque-en-estos-cinco-meses\/#breadcrumb","itemListElement":[{"@type":"ListItem","position":1,"name":"Accueil","item":"https:\/\/www.pressenza.com\/es\/"},{"@type":"ListItem","position":2,"name":"Jos\u00e9 Carlos Ag\u00fcero: \u00abEl establishment s\u00ed ha sido puesto en jaque en estos cinco meses\u00bb"}]},{"@type":"WebSite","@id":"https:\/\/www.pressenza.com\/es\/#website","url":"https:\/\/www.pressenza.com\/es\/","name":"Pressenza","description":"International Press Agency","publisher":{"@id":"https:\/\/www.pressenza.com\/es\/#organization"},"potentialAction":[{"@type":"SearchAction","target":{"@type":"EntryPoint","urlTemplate":"https:\/\/www.pressenza.com\/es\/?s={search_term_string}"},"query-input":{"@type":"PropertyValueSpecification","valueRequired":true,"valueName":"search_term_string"}}],"inLanguage":"es"},{"@type":"Organization","@id":"https:\/\/www.pressenza.com\/es\/#organization","name":"Pressenza","url":"https:\/\/www.pressenza.com\/es\/","logo":{"@type":"ImageObject","inLanguage":"es","@id":"https:\/\/www.pressenza.com\/es\/#\/schema\/logo\/image\/","url":"https:\/\/www.pressenza.com\/wp-content\/uploads\/2022\/10\/pressenza_logo_200x200.jpg","contentUrl":"https:\/\/www.pressenza.com\/wp-content\/uploads\/2022\/10\/pressenza_logo_200x200.jpg","width":200,"height":200,"caption":"Pressenza"},"image":{"@id":"https:\/\/www.pressenza.com\/es\/#\/schema\/logo\/image\/"},"sameAs":["https:\/\/www.facebook.com\/PressenzaItalia","https:\/\/x.com\/PressenzaIPA"]},{"@type":"Person","@id":"https:\/\/www.pressenza.com\/es\/#\/schema\/person\/e86c29a41185b85084a478822f5de81b","name":"Redacci\u00f3n Per\u00fa","description":"News published by the Pressenza bureau in Peru","url":"https:\/\/www.pressenza.com\/es\/author\/redaccion-peru\/"}]}},"place":"","original_article_url":"","_links":{"self":[{"href":"https:\/\/www.pressenza.com\/es\/wp-json\/wp\/v2\/posts\/1738874","targetHints":{"allow":["GET"]}}],"collection":[{"href":"https:\/\/www.pressenza.com\/es\/wp-json\/wp\/v2\/posts"}],"about":[{"href":"https:\/\/www.pressenza.com\/es\/wp-json\/wp\/v2\/types\/post"}],"author":[{"embeddable":true,"href":"https:\/\/www.pressenza.com\/es\/wp-json\/wp\/v2\/users\/831"}],"replies":[{"embeddable":true,"href":"https:\/\/www.pressenza.com\/es\/wp-json\/wp\/v2\/comments?post=1738874"}],"version-history":[{"count":0,"href":"https:\/\/www.pressenza.com\/es\/wp-json\/wp\/v2\/posts\/1738874\/revisions"}],"wp:featuredmedia":[{"embeddable":true,"href":"https:\/\/www.pressenza.com\/es\/wp-json\/wp\/v2\/media\/1738877"}],"wp:attachment":[{"href":"https:\/\/www.pressenza.com\/es\/wp-json\/wp\/v2\/media?parent=1738874"}],"wp:term":[{"taxonomy":"category","embeddable":true,"href":"https:\/\/www.pressenza.com\/es\/wp-json\/wp\/v2\/categories?post=1738874"},{"taxonomy":"post_tag","embeddable":true,"href":"https:\/\/www.pressenza.com\/es\/wp-json\/wp\/v2\/tags?post=1738874"}],"curies":[{"name":"wp","href":"https:\/\/api.w.org\/{rel}","templated":true}]}}