{"id":1738779,"date":"2023-05-12T20:55:16","date_gmt":"2023-05-12T19:55:16","guid":{"rendered":"https:\/\/www.pressenza.com\/?p=1738779"},"modified":"2023-05-12T20:55:16","modified_gmt":"2023-05-12T19:55:16","slug":"continentes-y-contenidos-11-05-2023-detencion-de-periodista-espanol-en-polonia-y-canal-nuevos-paradigmas","status":"publish","type":"post","link":"https:\/\/www.pressenza.com\/es\/2023\/05\/continentes-y-contenidos-11-05-2023-detencion-de-periodista-espanol-en-polonia-y-canal-nuevos-paradigmas\/","title":{"rendered":"Continentes y Contenidos 11\/05\/2023 Detenci\u00f3n de periodista espa\u00f1ol en Polonia y Canal \u00abNuevos Paradigmas\u00bb"},"content":{"rendered":"<p>Nos acercamos a la realidad que vive el periodista espa\u00f1ol Pablo Gonz\u00e1lez, detenido hace 14 meses en Polonia y acusado de cr\u00edmenes de espionaje en un contexto de guerra. Nos lo cuenta Jayro S\u00e1nchez, tras entrevistar a la mujer del corresponsal, Oihana Goirinea.<\/p>\n<p>Tambi\u00e9n hablamos con Javier Belda, quien conforma el Instituto Humanista de Pronosticaci\u00f3n Sist\u00e9mica que ha creado el canal de divulgaci\u00f3n e informativo Nuevos Paradigmas.<\/p>\n<!--[if lt IE 9]><script>document.createElement('audio');<\/script><![endif]-->\n<audio class=\"wp-audio-shortcode\" id=\"audio-1738779-1\" preload=\"none\" style=\"width: 100%;\" controls=\"controls\"><source type=\"audio\/mpeg\" src=\"https:\/\/www.ivoox.com\/continentes-contenidos-11-05-2023-detencion-periodista-espanol_md_108107496_wp_1.mp3?_=1\" \/><a href=\"https:\/\/www.ivoox.com\/continentes-contenidos-11-05-2023-detencion-periodista-espanol_md_108107496_wp_1.mp3\">https:\/\/www.ivoox.com\/continentes-contenidos-11-05-2023-detencion-periodista-espanol_md_108107496_wp_1.mp3<\/a><\/audio>\n<p><a title=\"Continentes y Contenidos 11\/05\/2023 Detenci\u00f3n de periodista espa\u00f1ol en Polonia y Canal \" href=\"https:\/\/go.ivoox.com\/rf\/108107496\">Ir a descargar<\/a><\/p>\n","protected":false},"excerpt":{"rendered":"<p>Nos acercamos a la realidad que vive el periodista espa\u00f1ol Pablo Gonz\u00e1lez, detenido hace 14 meses en Polonia y acusado de cr\u00edmenes de espionaje en un contexto de guerra. Nos lo cuenta Jayro S\u00e1nchez, tras entrevistar a la mujer del&hellip;<\/p>\n","protected":false},"author":1011,"featured_media":1738780,"comment_status":"closed","ping_status":"closed","sticky":false,"template":"","format":"standard","meta":{"footnotes":""},"categories":[11389,75,79,39,22754],"tags":[9049,30213,37274,5833,99640,11790,108560,67207,4816,40752,54738],"class_list":["post-1738779","post","type-post","status-publish","format-standard","has-post-thumbnail","hentry","category-contenido-original","category-cultura-es","category-derechos-humanos","category-internacional","category-radio-es","tag-continentes-y-contenidos","tag-corape","tag-detenciones-arbitrarias","tag-espionaje","tag-ihps","tag-nuevos-paradigmas","tag-pablo-gonzalez","tag-persecucion-a-periodistas","tag-polonia","tag-pressenza-internacional","tag-radio-es"],"yoast_head":"<!-- This site is optimized with the Yoast SEO plugin v27.1.1 - https:\/\/yoast.com\/product\/yoast-seo-wordpress\/ -->\n<title>Continentes y Contenidos 11\/05\/2023 Detenci\u00f3n de periodista espa\u00f1ol en Polonia y Canal &quot;Nuevos Paradigmas&quot;<\/title>\n<meta name=\"description\" content=\"Nos acercamos a la realidad que vive el periodista espa\u00f1ol Pablo Gonz\u00e1lez, detenido hace 14 meses en Polonia y acusado de cr\u00edmenes de espionaje en un\" \/>\n<meta name=\"robots\" content=\"index, follow, max-snippet:-1, max-image-preview:large, max-video-preview:-1\" \/>\n<link rel=\"canonical\" href=\"https:\/\/www.pressenza.com\/es\/2023\/05\/continentes-y-contenidos-11-05-2023-detencion-de-periodista-espanol-en-polonia-y-canal-nuevos-paradigmas\/\" \/>\n<meta property=\"og:locale\" content=\"es_ES\" \/>\n<meta property=\"og:type\" content=\"article\" \/>\n<meta property=\"og:title\" content=\"Continentes y Contenidos 11\/05\/2023 Detenci\u00f3n de periodista espa\u00f1ol en Polonia y Canal &quot;Nuevos Paradigmas&quot;\" \/>\n<meta property=\"og:description\" content=\"Nos acercamos a la realidad que vive el periodista espa\u00f1ol Pablo Gonz\u00e1lez, detenido hace 14 meses en Polonia y acusado de cr\u00edmenes de espionaje en un\" \/>\n<meta property=\"og:url\" content=\"https:\/\/www.pressenza.com\/es\/2023\/05\/continentes-y-contenidos-11-05-2023-detencion-de-periodista-espanol-en-polonia-y-canal-nuevos-paradigmas\/\" \/>\n<meta property=\"og:site_name\" content=\"Pressenza\" \/>\n<meta property=\"article:publisher\" content=\"https:\/\/www.facebook.com\/PressenzaItalia\" \/>\n<meta property=\"article:published_time\" content=\"2023-05-12T19:55:16+00:00\" \/>\n<meta property=\"og:image\" content=\"https:\/\/www.pressenza.com\/wp-content\/uploads\/2023\/05\/Programas-CyC202216.jpg\" \/>\n\t<meta property=\"og:image:width\" content=\"1920\" \/>\n\t<meta property=\"og:image:height\" content=\"1536\" \/>\n\t<meta property=\"og:image:type\" content=\"image\/jpeg\" \/>\n<meta name=\"author\" content=\"Redacci\u00f3n Ecuador\" \/>\n<meta name=\"twitter:card\" content=\"summary_large_image\" \/>\n<meta name=\"twitter:creator\" content=\"@PressenzaIPA\" \/>\n<meta name=\"twitter:site\" content=\"@PressenzaIPA\" \/>\n<meta name=\"twitter:label1\" content=\"Escrito por\" \/>\n\t<meta name=\"twitter:data1\" content=\"Redacci\u00f3n Ecuador\" \/>\n\t<meta name=\"twitter:label2\" content=\"Tiempo de lectura\" \/>\n\t<meta name=\"twitter:data2\" content=\"1 minuto\" \/>\n<script type=\"application\/ld+json\" class=\"yoast-schema-graph\">{\"@context\":\"https:\/\/schema.org\",\"@graph\":[{\"@type\":\"Article\",\"@id\":\"https:\/\/www.pressenza.com\/es\/2023\/05\/continentes-y-contenidos-11-05-2023-detencion-de-periodista-espanol-en-polonia-y-canal-nuevos-paradigmas\/#article\",\"isPartOf\":{\"@id\":\"https:\/\/www.pressenza.com\/es\/2023\/05\/continentes-y-contenidos-11-05-2023-detencion-de-periodista-espanol-en-polonia-y-canal-nuevos-paradigmas\/\"},\"author\":{\"name\":\"Redacci\u00f3n Ecuador\",\"@id\":\"https:\/\/www.pressenza.com\/es\/#\/schema\/person\/883a735c40665759bcc6fe0c26bcb46f\"},\"headline\":\"Continentes y Contenidos 11\/05\/2023 Detenci\u00f3n de periodista espa\u00f1ol en Polonia y Canal \u00abNuevos Paradigmas\u00bb\",\"datePublished\":\"2023-05-12T19:55:16+00:00\",\"mainEntityOfPage\":{\"@id\":\"https:\/\/www.pressenza.com\/es\/2023\/05\/continentes-y-contenidos-11-05-2023-detencion-de-periodista-espanol-en-polonia-y-canal-nuevos-paradigmas\/\"},\"wordCount\":105,\"publisher\":{\"@id\":\"https:\/\/www.pressenza.com\/es\/#organization\"},\"image\":{\"@id\":\"https:\/\/www.pressenza.com\/es\/2023\/05\/continentes-y-contenidos-11-05-2023-detencion-de-periodista-espanol-en-polonia-y-canal-nuevos-paradigmas\/#primaryimage\"},\"thumbnailUrl\":\"https:\/\/www.pressenza.com\/wp-content\/uploads\/2023\/05\/Programas-CyC202216.jpg\",\"keywords\":[\"Continentes y Contenidos\",\"Corape\",\"detenciones arbitrarias\",\"Espionaje\",\"IHPS\",\"Nuevos paradigmas\",\"Pablo Gonz\u00e1lez\",\"persecuci\u00f3n a periodistas\",\"Polonia\",\"Pressenza Internacional\",\"radio\"],\"articleSection\":[\"Contenido Original\",\"Cultura y Medios\",\"Derechos Humanos\",\"Internacional\",\"Radio\"],\"inLanguage\":\"es\"},{\"@type\":\"WebPage\",\"@id\":\"https:\/\/www.pressenza.com\/es\/2023\/05\/continentes-y-contenidos-11-05-2023-detencion-de-periodista-espanol-en-polonia-y-canal-nuevos-paradigmas\/\",\"url\":\"https:\/\/www.pressenza.com\/es\/2023\/05\/continentes-y-contenidos-11-05-2023-detencion-de-periodista-espanol-en-polonia-y-canal-nuevos-paradigmas\/\",\"name\":\"Continentes y Contenidos 11\/05\/2023 Detenci\u00f3n de periodista espa\u00f1ol en Polonia y Canal \\\"Nuevos Paradigmas\\\"\",\"isPartOf\":{\"@id\":\"https:\/\/www.pressenza.com\/es\/#website\"},\"primaryImageOfPage\":{\"@id\":\"https:\/\/www.pressenza.com\/es\/2023\/05\/continentes-y-contenidos-11-05-2023-detencion-de-periodista-espanol-en-polonia-y-canal-nuevos-paradigmas\/#primaryimage\"},\"image\":{\"@id\":\"https:\/\/www.pressenza.com\/es\/2023\/05\/continentes-y-contenidos-11-05-2023-detencion-de-periodista-espanol-en-polonia-y-canal-nuevos-paradigmas\/#primaryimage\"},\"thumbnailUrl\":\"https:\/\/www.pressenza.com\/wp-content\/uploads\/2023\/05\/Programas-CyC202216.jpg\",\"datePublished\":\"2023-05-12T19:55:16+00:00\",\"description\":\"Nos acercamos a la realidad que vive el periodista espa\u00f1ol Pablo Gonz\u00e1lez, detenido hace 14 meses en Polonia y acusado de cr\u00edmenes de espionaje en un\",\"breadcrumb\":{\"@id\":\"https:\/\/www.pressenza.com\/es\/2023\/05\/continentes-y-contenidos-11-05-2023-detencion-de-periodista-espanol-en-polonia-y-canal-nuevos-paradigmas\/#breadcrumb\"},\"inLanguage\":\"es\",\"potentialAction\":[{\"@type\":\"ReadAction\",\"target\":[\"https:\/\/www.pressenza.com\/es\/2023\/05\/continentes-y-contenidos-11-05-2023-detencion-de-periodista-espanol-en-polonia-y-canal-nuevos-paradigmas\/\"]}]},{\"@type\":\"ImageObject\",\"inLanguage\":\"es\",\"@id\":\"https:\/\/www.pressenza.com\/es\/2023\/05\/continentes-y-contenidos-11-05-2023-detencion-de-periodista-espanol-en-polonia-y-canal-nuevos-paradigmas\/#primaryimage\",\"url\":\"https:\/\/www.pressenza.com\/wp-content\/uploads\/2023\/05\/Programas-CyC202216.jpg\",\"contentUrl\":\"https:\/\/www.pressenza.com\/wp-content\/uploads\/2023\/05\/Programas-CyC202216.jpg\",\"width\":1920,\"height\":1536},{\"@type\":\"BreadcrumbList\",\"@id\":\"https:\/\/www.pressenza.com\/es\/2023\/05\/continentes-y-contenidos-11-05-2023-detencion-de-periodista-espanol-en-polonia-y-canal-nuevos-paradigmas\/#breadcrumb\",\"itemListElement\":[{\"@type\":\"ListItem\",\"position\":1,\"name\":\"Accueil\",\"item\":\"https:\/\/www.pressenza.com\/es\/\"},{\"@type\":\"ListItem\",\"position\":2,\"name\":\"Continentes y Contenidos 11\/05\/2023 Detenci\u00f3n de periodista espa\u00f1ol en Polonia y Canal \u00abNuevos Paradigmas\u00bb\"}]},{\"@type\":\"WebSite\",\"@id\":\"https:\/\/www.pressenza.com\/es\/#website\",\"url\":\"https:\/\/www.pressenza.com\/es\/\",\"name\":\"Pressenza\",\"description\":\"International Press Agency\",\"publisher\":{\"@id\":\"https:\/\/www.pressenza.com\/es\/#organization\"},\"potentialAction\":[{\"@type\":\"SearchAction\",\"target\":{\"@type\":\"EntryPoint\",\"urlTemplate\":\"https:\/\/www.pressenza.com\/es\/?s={search_term_string}\"},\"query-input\":{\"@type\":\"PropertyValueSpecification\",\"valueRequired\":true,\"valueName\":\"search_term_string\"}}],\"inLanguage\":\"es\"},{\"@type\":\"Organization\",\"@id\":\"https:\/\/www.pressenza.com\/es\/#organization\",\"name\":\"Pressenza\",\"url\":\"https:\/\/www.pressenza.com\/es\/\",\"logo\":{\"@type\":\"ImageObject\",\"inLanguage\":\"es\",\"@id\":\"https:\/\/www.pressenza.com\/es\/#\/schema\/logo\/image\/\",\"url\":\"https:\/\/www.pressenza.com\/wp-content\/uploads\/2022\/10\/pressenza_logo_200x200.jpg\",\"contentUrl\":\"https:\/\/www.pressenza.com\/wp-content\/uploads\/2022\/10\/pressenza_logo_200x200.jpg\",\"width\":200,\"height\":200,\"caption\":\"Pressenza\"},\"image\":{\"@id\":\"https:\/\/www.pressenza.com\/es\/#\/schema\/logo\/image\/\"},\"sameAs\":[\"https:\/\/www.facebook.com\/PressenzaItalia\",\"https:\/\/x.com\/PressenzaIPA\"]},{\"@type\":\"Person\",\"@id\":\"https:\/\/www.pressenza.com\/es\/#\/schema\/person\/883a735c40665759bcc6fe0c26bcb46f\",\"name\":\"Redacci\u00f3n Ecuador\",\"description\":\"News published by the Pressenza bureau in Quito, Ecuador\",\"url\":\"https:\/\/www.pressenza.com\/es\/author\/redaccion-ecuador\/\"}]}<\/script>\n<!-- \/ Yoast SEO plugin. -->","yoast_head_json":{"title":"Continentes y Contenidos 11\/05\/2023 Detenci\u00f3n de periodista espa\u00f1ol en Polonia y Canal \"Nuevos Paradigmas\"","description":"Nos acercamos a la realidad que vive el periodista espa\u00f1ol Pablo Gonz\u00e1lez, detenido hace 14 meses en Polonia y acusado de cr\u00edmenes de espionaje en un","robots":{"index":"index","follow":"follow","max-snippet":"max-snippet:-1","max-image-preview":"max-image-preview:large","max-video-preview":"max-video-preview:-1"},"canonical":"https:\/\/www.pressenza.com\/es\/2023\/05\/continentes-y-contenidos-11-05-2023-detencion-de-periodista-espanol-en-polonia-y-canal-nuevos-paradigmas\/","og_locale":"es_ES","og_type":"article","og_title":"Continentes y Contenidos 11\/05\/2023 Detenci\u00f3n de periodista espa\u00f1ol en Polonia y Canal \"Nuevos Paradigmas\"","og_description":"Nos acercamos a la realidad que vive el periodista espa\u00f1ol Pablo Gonz\u00e1lez, detenido hace 14 meses en Polonia y acusado de cr\u00edmenes de espionaje en un","og_url":"https:\/\/www.pressenza.com\/es\/2023\/05\/continentes-y-contenidos-11-05-2023-detencion-de-periodista-espanol-en-polonia-y-canal-nuevos-paradigmas\/","og_site_name":"Pressenza","article_publisher":"https:\/\/www.facebook.com\/PressenzaItalia","article_published_time":"2023-05-12T19:55:16+00:00","og_image":[{"width":1920,"height":1536,"url":"https:\/\/www.pressenza.com\/wp-content\/uploads\/2023\/05\/Programas-CyC202216.jpg","type":"image\/jpeg"}],"author":"Redacci\u00f3n Ecuador","twitter_card":"summary_large_image","twitter_creator":"@PressenzaIPA","twitter_site":"@PressenzaIPA","twitter_misc":{"Escrito por":"Redacci\u00f3n Ecuador","Tiempo de lectura":"1 minuto"},"schema":{"@context":"https:\/\/schema.org","@graph":[{"@type":"Article","@id":"https:\/\/www.pressenza.com\/es\/2023\/05\/continentes-y-contenidos-11-05-2023-detencion-de-periodista-espanol-en-polonia-y-canal-nuevos-paradigmas\/#article","isPartOf":{"@id":"https:\/\/www.pressenza.com\/es\/2023\/05\/continentes-y-contenidos-11-05-2023-detencion-de-periodista-espanol-en-polonia-y-canal-nuevos-paradigmas\/"},"author":{"name":"Redacci\u00f3n Ecuador","@id":"https:\/\/www.pressenza.com\/es\/#\/schema\/person\/883a735c40665759bcc6fe0c26bcb46f"},"headline":"Continentes y Contenidos 11\/05\/2023 Detenci\u00f3n de periodista espa\u00f1ol en Polonia y Canal \u00abNuevos Paradigmas\u00bb","datePublished":"2023-05-12T19:55:16+00:00","mainEntityOfPage":{"@id":"https:\/\/www.pressenza.com\/es\/2023\/05\/continentes-y-contenidos-11-05-2023-detencion-de-periodista-espanol-en-polonia-y-canal-nuevos-paradigmas\/"},"wordCount":105,"publisher":{"@id":"https:\/\/www.pressenza.com\/es\/#organization"},"image":{"@id":"https:\/\/www.pressenza.com\/es\/2023\/05\/continentes-y-contenidos-11-05-2023-detencion-de-periodista-espanol-en-polonia-y-canal-nuevos-paradigmas\/#primaryimage"},"thumbnailUrl":"https:\/\/www.pressenza.com\/wp-content\/uploads\/2023\/05\/Programas-CyC202216.jpg","keywords":["Continentes y Contenidos","Corape","detenciones arbitrarias","Espionaje","IHPS","Nuevos paradigmas","Pablo Gonz\u00e1lez","persecuci\u00f3n a periodistas","Polonia","Pressenza Internacional","radio"],"articleSection":["Contenido Original","Cultura y Medios","Derechos Humanos","Internacional","Radio"],"inLanguage":"es"},{"@type":"WebPage","@id":"https:\/\/www.pressenza.com\/es\/2023\/05\/continentes-y-contenidos-11-05-2023-detencion-de-periodista-espanol-en-polonia-y-canal-nuevos-paradigmas\/","url":"https:\/\/www.pressenza.com\/es\/2023\/05\/continentes-y-contenidos-11-05-2023-detencion-de-periodista-espanol-en-polonia-y-canal-nuevos-paradigmas\/","name":"Continentes y Contenidos 11\/05\/2023 Detenci\u00f3n de periodista espa\u00f1ol en Polonia y Canal \"Nuevos Paradigmas\"","isPartOf":{"@id":"https:\/\/www.pressenza.com\/es\/#website"},"primaryImageOfPage":{"@id":"https:\/\/www.pressenza.com\/es\/2023\/05\/continentes-y-contenidos-11-05-2023-detencion-de-periodista-espanol-en-polonia-y-canal-nuevos-paradigmas\/#primaryimage"},"image":{"@id":"https:\/\/www.pressenza.com\/es\/2023\/05\/continentes-y-contenidos-11-05-2023-detencion-de-periodista-espanol-en-polonia-y-canal-nuevos-paradigmas\/#primaryimage"},"thumbnailUrl":"https:\/\/www.pressenza.com\/wp-content\/uploads\/2023\/05\/Programas-CyC202216.jpg","datePublished":"2023-05-12T19:55:16+00:00","description":"Nos acercamos a la realidad que vive el periodista espa\u00f1ol Pablo Gonz\u00e1lez, detenido hace 14 meses en Polonia y acusado de cr\u00edmenes de espionaje en un","breadcrumb":{"@id":"https:\/\/www.pressenza.com\/es\/2023\/05\/continentes-y-contenidos-11-05-2023-detencion-de-periodista-espanol-en-polonia-y-canal-nuevos-paradigmas\/#breadcrumb"},"inLanguage":"es","potentialAction":[{"@type":"ReadAction","target":["https:\/\/www.pressenza.com\/es\/2023\/05\/continentes-y-contenidos-11-05-2023-detencion-de-periodista-espanol-en-polonia-y-canal-nuevos-paradigmas\/"]}]},{"@type":"ImageObject","inLanguage":"es","@id":"https:\/\/www.pressenza.com\/es\/2023\/05\/continentes-y-contenidos-11-05-2023-detencion-de-periodista-espanol-en-polonia-y-canal-nuevos-paradigmas\/#primaryimage","url":"https:\/\/www.pressenza.com\/wp-content\/uploads\/2023\/05\/Programas-CyC202216.jpg","contentUrl":"https:\/\/www.pressenza.com\/wp-content\/uploads\/2023\/05\/Programas-CyC202216.jpg","width":1920,"height":1536},{"@type":"BreadcrumbList","@id":"https:\/\/www.pressenza.com\/es\/2023\/05\/continentes-y-contenidos-11-05-2023-detencion-de-periodista-espanol-en-polonia-y-canal-nuevos-paradigmas\/#breadcrumb","itemListElement":[{"@type":"ListItem","position":1,"name":"Accueil","item":"https:\/\/www.pressenza.com\/es\/"},{"@type":"ListItem","position":2,"name":"Continentes y Contenidos 11\/05\/2023 Detenci\u00f3n de periodista espa\u00f1ol en Polonia y Canal \u00abNuevos Paradigmas\u00bb"}]},{"@type":"WebSite","@id":"https:\/\/www.pressenza.com\/es\/#website","url":"https:\/\/www.pressenza.com\/es\/","name":"Pressenza","description":"International Press Agency","publisher":{"@id":"https:\/\/www.pressenza.com\/es\/#organization"},"potentialAction":[{"@type":"SearchAction","target":{"@type":"EntryPoint","urlTemplate":"https:\/\/www.pressenza.com\/es\/?s={search_term_string}"},"query-input":{"@type":"PropertyValueSpecification","valueRequired":true,"valueName":"search_term_string"}}],"inLanguage":"es"},{"@type":"Organization","@id":"https:\/\/www.pressenza.com\/es\/#organization","name":"Pressenza","url":"https:\/\/www.pressenza.com\/es\/","logo":{"@type":"ImageObject","inLanguage":"es","@id":"https:\/\/www.pressenza.com\/es\/#\/schema\/logo\/image\/","url":"https:\/\/www.pressenza.com\/wp-content\/uploads\/2022\/10\/pressenza_logo_200x200.jpg","contentUrl":"https:\/\/www.pressenza.com\/wp-content\/uploads\/2022\/10\/pressenza_logo_200x200.jpg","width":200,"height":200,"caption":"Pressenza"},"image":{"@id":"https:\/\/www.pressenza.com\/es\/#\/schema\/logo\/image\/"},"sameAs":["https:\/\/www.facebook.com\/PressenzaItalia","https:\/\/x.com\/PressenzaIPA"]},{"@type":"Person","@id":"https:\/\/www.pressenza.com\/es\/#\/schema\/person\/883a735c40665759bcc6fe0c26bcb46f","name":"Redacci\u00f3n Ecuador","description":"News published by the Pressenza bureau in Quito, Ecuador","url":"https:\/\/www.pressenza.com\/es\/author\/redaccion-ecuador\/"}]}},"place":"Quito - Buenos Aires - Bogot\u00e1 - Madrid - Barcelona","original_article_url":"","_links":{"self":[{"href":"https:\/\/www.pressenza.com\/es\/wp-json\/wp\/v2\/posts\/1738779","targetHints":{"allow":["GET"]}}],"collection":[{"href":"https:\/\/www.pressenza.com\/es\/wp-json\/wp\/v2\/posts"}],"about":[{"href":"https:\/\/www.pressenza.com\/es\/wp-json\/wp\/v2\/types\/post"}],"author":[{"embeddable":true,"href":"https:\/\/www.pressenza.com\/es\/wp-json\/wp\/v2\/users\/1011"}],"replies":[{"embeddable":true,"href":"https:\/\/www.pressenza.com\/es\/wp-json\/wp\/v2\/comments?post=1738779"}],"version-history":[{"count":0,"href":"https:\/\/www.pressenza.com\/es\/wp-json\/wp\/v2\/posts\/1738779\/revisions"}],"wp:featuredmedia":[{"embeddable":true,"href":"https:\/\/www.pressenza.com\/es\/wp-json\/wp\/v2\/media\/1738780"}],"wp:attachment":[{"href":"https:\/\/www.pressenza.com\/es\/wp-json\/wp\/v2\/media?parent=1738779"}],"wp:term":[{"taxonomy":"category","embeddable":true,"href":"https:\/\/www.pressenza.com\/es\/wp-json\/wp\/v2\/categories?post=1738779"},{"taxonomy":"post_tag","embeddable":true,"href":"https:\/\/www.pressenza.com\/es\/wp-json\/wp\/v2\/tags?post=1738779"}],"curies":[{"name":"wp","href":"https:\/\/api.w.org\/{rel}","templated":true}]}}