{"id":1738428,"date":"2023-05-10T15:55:32","date_gmt":"2023-05-10T14:55:32","guid":{"rendered":"https:\/\/www.pressenza.com\/?p=1738428"},"modified":"2023-05-10T15:55:32","modified_gmt":"2023-05-10T14:55:32","slug":"iice-numero-de-personas-pobres-en-costa-rica-aumento-durante-el-segundo-semestre-del-2022","status":"publish","type":"post","link":"https:\/\/www.pressenza.com\/es\/2023\/05\/iice-numero-de-personas-pobres-en-costa-rica-aumento-durante-el-segundo-semestre-del-2022\/","title":{"rendered":"IICE: N\u00famero de personas pobres en Costa Rica aument\u00f3 durante el segundo semestre del 2022"},"content":{"rendered":"<h3>Estudio determin\u00f3 un ligero descenso en la desigualdad<\/h3>\n<h2>La poblaci\u00f3n en pobreza extrema creci\u00f3 de forma preocupante: pas\u00f3 de un 6 % en abril a un 8 % en diciembre del 2022.<\/h2>\n<p>Seg\u00fan el informe\u00a0<strong><a href=\"https:\/\/iice.ucr.ac.cr\/conferencia_prensa\/informe_mercado_IV_2022_1.pdf\" target=\"_blank\" rel=\"noopener\">An\u00e1lisis del mercado laboral y pobreza en Costa Rica<\/a><\/strong>, que present\u00f3 este martes 2 de mayo el\u00a0<strong><a href=\"https:\/\/iice.ucr.ac.cr\/\" target=\"_blank\" rel=\"noopener\">Instituto de Investigaciones en Ciencias Econ\u00f3micas<\/a><\/strong>\u00a0(IICE) de la Universidad de Costa Rica (UCR),\u00a0<strong>una de cada cuatro personas<\/strong>\u00a0en Costa Rica (el 24,9 %) se ubic\u00f3\u00a0<strong>bajo la l\u00ednea de pobreza<\/strong>\u00a0para diciembre del a\u00f1o pasado.<\/p>\n<p>De hecho, este porcentaje mostr\u00f3 un leve crecimiento a lo largo del segundo semestre del 2022. Pero el\u00a0<strong>aumento es a\u00fan m\u00e1s significativo si se compara con los primeros meses del 2020<\/strong>\u00a0(previo a la pandemia), cuando este porcentaje rondaba el 22%.<\/p>\n<p>Mientras tanto, la\u00a0<strong>pobreza extrema s\u00ed creci\u00f3 de forma alarmante en los \u00faltimos meses del a\u00f1o pasado<\/strong>, donde\u00a0<strong>ocho de cada 100 personas<\/strong>\u00a0en el pa\u00eds fueron incapaces de satisfacer sus necesidades alimentarias b\u00e1sicas. De hecho, en abril del mismo 2022, el porcentaje de pobreza extrema fue del 6 %, con lo que se puede concluir que este rubro creci\u00f3 dos puntos porcentuales en tan solo ocho meses.<\/p>\n<p><strong>La pobreza es m\u00e1s evidente en espacios rurales<\/strong><\/p>\n<p>Si se distingue el fen\u00f3meno de la pobreza por zona, se observa que en diciembre del 2022 el 30,1 % de la gente que viv\u00eda en la ruralidad era pobre, mientras que este porcentaje ca\u00eda al 22,9 % en las \u00e1reas urbana.<\/p>\n<p>Esta diferencia se ha acrecentado desde junio del 2020, cuando la pandemia produjo el efecto contrario y hubo m\u00e1s individuos pobres en zonas urbanizadas que en el campo. Otro fen\u00f3meno que destaca es que, independientemente de d\u00f3nde vivan las personas, la pobreza aument\u00f3 a partir de mayo del a\u00f1o pasado.<\/p>\n<figure class=\"wp-block-embed is-type-video is-provider-youtube wp-block-embed-youtube wp-embed-aspect-16-9 wp-has-aspect-ratio\">\n<div class=\"wp-block-embed__wrapper\"><span class=\"embed-youtube\"><iframe loading=\"lazy\" class=\"youtube-player\" src=\"https:\/\/www.youtube.com\/embed\/wqLWX7A6-vQ?version=3&amp;rel=1&amp;showsearch=0&amp;showinfo=1&amp;iv_load_policy=1&amp;fs=1&amp;hl=es-ES&amp;autohide=2&amp;wmode=transparent\" width=\"640\" height=\"360\" sandbox=\"allow-scripts allow-same-origin allow-popups allow-presentation\" allowfullscreen=\"allowfullscreen\" data-mce-fragment=\"1\"><\/iframe><\/span><\/div>\n<\/figure>\n<h3><strong>Luis Oviedo Carballo, investigador del IICE: 8 de cada 10 personas en pobreza son pobres extremos<\/strong><\/h3>\n<p>De forma similar se ha comportado la\u00a0<strong>pobreza extrema<\/strong>: mientras el 7,1 % de las personas en las ciudades no logra satisfacer sus necesidades alimentarias b\u00e1sicas, este porcentaje sube al\u00a0<strong>10,1 % en el campo<\/strong>. Ambos porcentajes han venido en aumento desde mayo del 2020 y se mantienen\u00a0<strong>muy por encima de los datos previos a la pandemia<\/strong>, cuando hab\u00eda alrededor del 6 % de pobreza extrema en zonas urbanas y 7 % en las rurales.<\/p>\n<h2>M\u00e1s pobres, menos desiguales<\/h2>\n<p>Pese al aumento de la pobreza,\u00a0<strong>la desigualdad descendi\u00f3 de forma lenta pero estable<\/strong>\u00a0desde febrero del a\u00f1o pasado e incluso presenta una baja significativa en comparaci\u00f3n con agosto del 2021.<\/p>\n<p>Para diciembre pasado, el Coeficiente de Gini (donde 1 es el m\u00e1ximo de desigualdad y 0 el m\u00ednimo) la cifr\u00f3 en 0,49, lo que significar\u00eda que el pa\u00eds es m\u00e1s pobre \u2013 seg\u00fan los datos presentados en los p\u00e1rrafos anteriores \u2013 pero un poco menos desigual que el a\u00f1o pasado.<\/p>\n<p>El IICE tambi\u00e9n realiz\u00f3 el\u00a0<strong>c\u00e1lculo del comportamiento de la pobreza considerando la ausencia de los subsidios econ\u00f3micos<\/strong>\u00a0como\u00a0<strong><a href=\"https:\/\/www.imas.go.cr\/es\/beneficios\/avancemos-0\" target=\"_blank\" rel=\"noopener\">Avancemos<\/a><\/strong>\u00a0y\u00a0<strong><a href=\"https:\/\/www.imas.go.cr\/beneficios\" target=\"_blank\" rel=\"noopener\">otras ayudas del Instituto Mixto de Ayuda Social<\/a><\/strong>\u00a0(IMAS), las\u00a0<strong><a href=\"https:\/\/fodesaf.go.cr\/prog_soc_selectivos\/programacion_anual\/fichas_tecnicas\/documentos\/RNC.pdf\" target=\"_blank\" rel=\"noopener\">Pensiones del R\u00e9gimen No Contributivo<\/a><\/strong>\u00a0y otras fuentes de transferencia econ\u00f3mica.\u00a0<strong>Si todos estos rubros se eliminaran, la pobreza en el pa\u00eds llegar\u00eda al 27,2 %<\/strong>\u00a0(2,3 puntos porcentuales m\u00e1s de la que ya hay), mientras que la\u00a0<strong>pobreza extrema<\/strong>\u00a0ser\u00eda de un\u00a0<strong>12,2 %<\/strong>\u00a0(4.3 puntos porcentuales extra).<\/p>\n<figure class=\"wp-block-embed is-type-video is-provider-youtube wp-block-embed-youtube wp-embed-aspect-16-9 wp-has-aspect-ratio\">\n<div class=\"wp-block-embed__wrapper\"><span class=\"embed-youtube\"><iframe loading=\"lazy\" class=\"youtube-player\" src=\"https:\/\/www.youtube.com\/embed\/wQUEDHnUwRk?version=3&amp;rel=1&amp;showsearch=0&amp;showinfo=1&amp;iv_load_policy=1&amp;fs=1&amp;hl=es-ES&amp;autohide=2&amp;wmode=transparent\" width=\"640\" height=\"360\" sandbox=\"allow-scripts allow-same-origin allow-popups allow-presentation\" allowfullscreen=\"allowfullscreen\" data-mce-fragment=\"1\"><\/iframe><\/span><\/div>\n<\/figure>\n<h3><strong>Luis Oviedo Carballo, investigador del IICE: impacto de subsidios en reducci\u00f3n de la pobreza<\/strong><\/h3>\n<p>&nbsp;<\/p>\n<p>Pablo Mora Vargas<\/p>\n<p>Periodista, Oficina de Divulgaci\u00f3n e Informaci\u00f3n, UCR<\/p>\n","protected":false},"excerpt":{"rendered":"<p>Estudio determin\u00f3 un ligero descenso en la desigualdad La poblaci\u00f3n en pobreza extrema creci\u00f3 de forma preocupante: pas\u00f3 de un 6 % en abril a un 8 % en diciembre del 2022. Seg\u00fan el informe\u00a0An\u00e1lisis del mercado laboral y pobreza&hellip;<\/p>\n","protected":false},"author":1793,"featured_media":1738429,"comment_status":"closed","ping_status":"closed","sticky":false,"template":"","format":"standard","meta":{"footnotes":""},"categories":[69,79,81,106739,161,74],"tags":[1035,45933,816,21256,30490,112557],"class_list":["post-1738428","post","type-post","status-publish","format-standard","has-post-thumbnail","hentry","category-america-central","category-derechos-humanos","category-economia-es","category-noticia","category-opiniones","category-politica-es","tag-desigualdad","tag-pobres","tag-pobreza-es","tag-pobreza-extrema","tag-subsidios","tag-ucr"],"yoast_head":"<!-- This site is optimized with the Yoast SEO plugin v27.1.1 - https:\/\/yoast.com\/product\/yoast-seo-wordpress\/ -->\n<title>IICE: N\u00famero de personas pobres en Costa Rica aument\u00f3 durante el segundo semestre del 2022<\/title>\n<meta name=\"description\" content=\"Estudio determin\u00f3 un ligero descenso en la desigualdad La poblaci\u00f3n en pobreza extrema creci\u00f3 de forma preocupante: pas\u00f3 de un 6 % en abril a un 8 % en\" \/>\n<meta name=\"robots\" content=\"index, follow, max-snippet:-1, max-image-preview:large, max-video-preview:-1\" \/>\n<link rel=\"canonical\" href=\"https:\/\/www.pressenza.com\/es\/2023\/05\/iice-numero-de-personas-pobres-en-costa-rica-aumento-durante-el-segundo-semestre-del-2022\/\" \/>\n<meta property=\"og:locale\" content=\"es_ES\" \/>\n<meta property=\"og:type\" content=\"article\" \/>\n<meta property=\"og:title\" content=\"IICE: N\u00famero de personas pobres en Costa Rica aument\u00f3 durante el segundo semestre del 2022\" \/>\n<meta property=\"og:description\" content=\"Estudio determin\u00f3 un ligero descenso en la desigualdad La poblaci\u00f3n en pobreza extrema creci\u00f3 de forma preocupante: pas\u00f3 de un 6 % en abril a un 8 % en\" \/>\n<meta property=\"og:url\" content=\"https:\/\/www.pressenza.com\/es\/2023\/05\/iice-numero-de-personas-pobres-en-costa-rica-aumento-durante-el-segundo-semestre-del-2022\/\" \/>\n<meta property=\"og:site_name\" content=\"Pressenza\" \/>\n<meta property=\"article:publisher\" content=\"https:\/\/www.facebook.com\/PressenzaItalia\" \/>\n<meta property=\"article:author\" content=\"https:\/\/www.facebook.com\/surcosdigital\" \/>\n<meta property=\"article:published_time\" content=\"2023-05-10T14:55:32+00:00\" \/>\n<meta property=\"og:image\" content=\"https:\/\/www.pressenza.com\/wp-content\/uploads\/2023\/05\/ucr.jpg\" \/>\n\t<meta property=\"og:image:width\" content=\"1536\" \/>\n\t<meta property=\"og:image:height\" content=\"1025\" \/>\n\t<meta property=\"og:image:type\" content=\"image\/jpeg\" \/>\n<meta name=\"author\" content=\"Surcos\" \/>\n<meta name=\"twitter:card\" content=\"summary_large_image\" \/>\n<meta name=\"twitter:creator\" content=\"@surcosdigital\" \/>\n<meta name=\"twitter:site\" content=\"@PressenzaIPA\" \/>\n<meta name=\"twitter:label1\" content=\"Escrito por\" \/>\n\t<meta name=\"twitter:data1\" content=\"Surcos\" \/>\n\t<meta name=\"twitter:label2\" content=\"Tiempo de lectura\" \/>\n\t<meta name=\"twitter:data2\" content=\"3 minutos\" \/>\n<script type=\"application\/ld+json\" class=\"yoast-schema-graph\">{\"@context\":\"https:\/\/schema.org\",\"@graph\":[{\"@type\":\"Article\",\"@id\":\"https:\/\/www.pressenza.com\/es\/2023\/05\/iice-numero-de-personas-pobres-en-costa-rica-aumento-durante-el-segundo-semestre-del-2022\/#article\",\"isPartOf\":{\"@id\":\"https:\/\/www.pressenza.com\/es\/2023\/05\/iice-numero-de-personas-pobres-en-costa-rica-aumento-durante-el-segundo-semestre-del-2022\/\"},\"author\":{\"name\":\"Surcos\",\"@id\":\"https:\/\/www.pressenza.com\/es\/#\/schema\/person\/3f8aed65e040327d1d4718e9e1fc0f77\"},\"headline\":\"IICE: N\u00famero de personas pobres en Costa Rica aument\u00f3 durante el segundo semestre del 2022\",\"datePublished\":\"2023-05-10T14:55:32+00:00\",\"mainEntityOfPage\":{\"@id\":\"https:\/\/www.pressenza.com\/es\/2023\/05\/iice-numero-de-personas-pobres-en-costa-rica-aumento-durante-el-segundo-semestre-del-2022\/\"},\"wordCount\":596,\"publisher\":{\"@id\":\"https:\/\/www.pressenza.com\/es\/#organization\"},\"image\":{\"@id\":\"https:\/\/www.pressenza.com\/es\/2023\/05\/iice-numero-de-personas-pobres-en-costa-rica-aumento-durante-el-segundo-semestre-del-2022\/#primaryimage\"},\"thumbnailUrl\":\"https:\/\/www.pressenza.com\/wp-content\/uploads\/2023\/05\/ucr.jpg\",\"keywords\":[\"desigualdad\",\"pobres\",\"Pobreza\",\"Pobreza extrema\",\"subsidios\",\"UCR\"],\"articleSection\":[\"Am\u00e9rica Central\",\"Derechos Humanos\",\"Econom\u00eda\",\"Noticia\",\"Opiniones\",\"Pol\u00edtica\"],\"inLanguage\":\"es\"},{\"@type\":\"WebPage\",\"@id\":\"https:\/\/www.pressenza.com\/es\/2023\/05\/iice-numero-de-personas-pobres-en-costa-rica-aumento-durante-el-segundo-semestre-del-2022\/\",\"url\":\"https:\/\/www.pressenza.com\/es\/2023\/05\/iice-numero-de-personas-pobres-en-costa-rica-aumento-durante-el-segundo-semestre-del-2022\/\",\"name\":\"IICE: N\u00famero de personas pobres en Costa Rica aument\u00f3 durante el segundo semestre del 2022\",\"isPartOf\":{\"@id\":\"https:\/\/www.pressenza.com\/es\/#website\"},\"primaryImageOfPage\":{\"@id\":\"https:\/\/www.pressenza.com\/es\/2023\/05\/iice-numero-de-personas-pobres-en-costa-rica-aumento-durante-el-segundo-semestre-del-2022\/#primaryimage\"},\"image\":{\"@id\":\"https:\/\/www.pressenza.com\/es\/2023\/05\/iice-numero-de-personas-pobres-en-costa-rica-aumento-durante-el-segundo-semestre-del-2022\/#primaryimage\"},\"thumbnailUrl\":\"https:\/\/www.pressenza.com\/wp-content\/uploads\/2023\/05\/ucr.jpg\",\"datePublished\":\"2023-05-10T14:55:32+00:00\",\"description\":\"Estudio determin\u00f3 un ligero descenso en la desigualdad La poblaci\u00f3n en pobreza extrema creci\u00f3 de forma preocupante: pas\u00f3 de un 6 % en abril a un 8 % en\",\"breadcrumb\":{\"@id\":\"https:\/\/www.pressenza.com\/es\/2023\/05\/iice-numero-de-personas-pobres-en-costa-rica-aumento-durante-el-segundo-semestre-del-2022\/#breadcrumb\"},\"inLanguage\":\"es\",\"potentialAction\":[{\"@type\":\"ReadAction\",\"target\":[\"https:\/\/www.pressenza.com\/es\/2023\/05\/iice-numero-de-personas-pobres-en-costa-rica-aumento-durante-el-segundo-semestre-del-2022\/\"]}]},{\"@type\":\"ImageObject\",\"inLanguage\":\"es\",\"@id\":\"https:\/\/www.pressenza.com\/es\/2023\/05\/iice-numero-de-personas-pobres-en-costa-rica-aumento-durante-el-segundo-semestre-del-2022\/#primaryimage\",\"url\":\"https:\/\/www.pressenza.com\/wp-content\/uploads\/2023\/05\/ucr.jpg\",\"contentUrl\":\"https:\/\/www.pressenza.com\/wp-content\/uploads\/2023\/05\/ucr.jpg\",\"width\":1536,\"height\":1025,\"caption\":\"Pie de foto: En diciembre del a\u00f1o pasado, el 25 % de las personas viv\u00eda en situaci\u00f3n de pobreza en Costa Rica. A inicios del 2020, antes de la pandemia, esta cifra era del 22 %, lo que evidencia el deterioro social que ha vivido el pa\u00eds en los \u00faltimos tres a\u00f1os. Foto: Anel Kenjekeeva, UCR\"},{\"@type\":\"BreadcrumbList\",\"@id\":\"https:\/\/www.pressenza.com\/es\/2023\/05\/iice-numero-de-personas-pobres-en-costa-rica-aumento-durante-el-segundo-semestre-del-2022\/#breadcrumb\",\"itemListElement\":[{\"@type\":\"ListItem\",\"position\":1,\"name\":\"Accueil\",\"item\":\"https:\/\/www.pressenza.com\/es\/\"},{\"@type\":\"ListItem\",\"position\":2,\"name\":\"IICE: N\u00famero de personas pobres en Costa Rica aument\u00f3 durante el segundo semestre del 2022\"}]},{\"@type\":\"WebSite\",\"@id\":\"https:\/\/www.pressenza.com\/es\/#website\",\"url\":\"https:\/\/www.pressenza.com\/es\/\",\"name\":\"Pressenza\",\"description\":\"International Press Agency\",\"publisher\":{\"@id\":\"https:\/\/www.pressenza.com\/es\/#organization\"},\"potentialAction\":[{\"@type\":\"SearchAction\",\"target\":{\"@type\":\"EntryPoint\",\"urlTemplate\":\"https:\/\/www.pressenza.com\/es\/?s={search_term_string}\"},\"query-input\":{\"@type\":\"PropertyValueSpecification\",\"valueRequired\":true,\"valueName\":\"search_term_string\"}}],\"inLanguage\":\"es\"},{\"@type\":\"Organization\",\"@id\":\"https:\/\/www.pressenza.com\/es\/#organization\",\"name\":\"Pressenza\",\"url\":\"https:\/\/www.pressenza.com\/es\/\",\"logo\":{\"@type\":\"ImageObject\",\"inLanguage\":\"es\",\"@id\":\"https:\/\/www.pressenza.com\/es\/#\/schema\/logo\/image\/\",\"url\":\"https:\/\/www.pressenza.com\/wp-content\/uploads\/2022\/10\/pressenza_logo_200x200.jpg\",\"contentUrl\":\"https:\/\/www.pressenza.com\/wp-content\/uploads\/2022\/10\/pressenza_logo_200x200.jpg\",\"width\":200,\"height\":200,\"caption\":\"Pressenza\"},\"image\":{\"@id\":\"https:\/\/www.pressenza.com\/es\/#\/schema\/logo\/image\/\"},\"sameAs\":[\"https:\/\/www.facebook.com\/PressenzaItalia\",\"https:\/\/x.com\/PressenzaIPA\"]},{\"@type\":\"Person\",\"@id\":\"https:\/\/www.pressenza.com\/es\/#\/schema\/person\/3f8aed65e040327d1d4718e9e1fc0f77\",\"name\":\"Surcos\",\"description\":\"https:\/\/surcosdigital.com\/\",\"sameAs\":[\"https:\/\/surcosdigital.com\/\",\"https:\/\/www.facebook.com\/surcosdigital\",\"https:\/\/x.com\/surcosdigital\"],\"url\":\"https:\/\/www.pressenza.com\/es\/author\/surcos\/\"}]}<\/script>\n<!-- \/ Yoast SEO plugin. -->","yoast_head_json":{"title":"IICE: N\u00famero de personas pobres en Costa Rica aument\u00f3 durante el segundo semestre del 2022","description":"Estudio determin\u00f3 un ligero descenso en la desigualdad La poblaci\u00f3n en pobreza extrema creci\u00f3 de forma preocupante: pas\u00f3 de un 6 % en abril a un 8 % en","robots":{"index":"index","follow":"follow","max-snippet":"max-snippet:-1","max-image-preview":"max-image-preview:large","max-video-preview":"max-video-preview:-1"},"canonical":"https:\/\/www.pressenza.com\/es\/2023\/05\/iice-numero-de-personas-pobres-en-costa-rica-aumento-durante-el-segundo-semestre-del-2022\/","og_locale":"es_ES","og_type":"article","og_title":"IICE: N\u00famero de personas pobres en Costa Rica aument\u00f3 durante el segundo semestre del 2022","og_description":"Estudio determin\u00f3 un ligero descenso en la desigualdad La poblaci\u00f3n en pobreza extrema creci\u00f3 de forma preocupante: pas\u00f3 de un 6 % en abril a un 8 % en","og_url":"https:\/\/www.pressenza.com\/es\/2023\/05\/iice-numero-de-personas-pobres-en-costa-rica-aumento-durante-el-segundo-semestre-del-2022\/","og_site_name":"Pressenza","article_publisher":"https:\/\/www.facebook.com\/PressenzaItalia","article_author":"https:\/\/www.facebook.com\/surcosdigital","article_published_time":"2023-05-10T14:55:32+00:00","og_image":[{"width":1536,"height":1025,"url":"https:\/\/www.pressenza.com\/wp-content\/uploads\/2023\/05\/ucr.jpg","type":"image\/jpeg"}],"author":"Surcos","twitter_card":"summary_large_image","twitter_creator":"@surcosdigital","twitter_site":"@PressenzaIPA","twitter_misc":{"Escrito por":"Surcos","Tiempo de lectura":"3 minutos"},"schema":{"@context":"https:\/\/schema.org","@graph":[{"@type":"Article","@id":"https:\/\/www.pressenza.com\/es\/2023\/05\/iice-numero-de-personas-pobres-en-costa-rica-aumento-durante-el-segundo-semestre-del-2022\/#article","isPartOf":{"@id":"https:\/\/www.pressenza.com\/es\/2023\/05\/iice-numero-de-personas-pobres-en-costa-rica-aumento-durante-el-segundo-semestre-del-2022\/"},"author":{"name":"Surcos","@id":"https:\/\/www.pressenza.com\/es\/#\/schema\/person\/3f8aed65e040327d1d4718e9e1fc0f77"},"headline":"IICE: N\u00famero de personas pobres en Costa Rica aument\u00f3 durante el segundo semestre del 2022","datePublished":"2023-05-10T14:55:32+00:00","mainEntityOfPage":{"@id":"https:\/\/www.pressenza.com\/es\/2023\/05\/iice-numero-de-personas-pobres-en-costa-rica-aumento-durante-el-segundo-semestre-del-2022\/"},"wordCount":596,"publisher":{"@id":"https:\/\/www.pressenza.com\/es\/#organization"},"image":{"@id":"https:\/\/www.pressenza.com\/es\/2023\/05\/iice-numero-de-personas-pobres-en-costa-rica-aumento-durante-el-segundo-semestre-del-2022\/#primaryimage"},"thumbnailUrl":"https:\/\/www.pressenza.com\/wp-content\/uploads\/2023\/05\/ucr.jpg","keywords":["desigualdad","pobres","Pobreza","Pobreza extrema","subsidios","UCR"],"articleSection":["Am\u00e9rica Central","Derechos Humanos","Econom\u00eda","Noticia","Opiniones","Pol\u00edtica"],"inLanguage":"es"},{"@type":"WebPage","@id":"https:\/\/www.pressenza.com\/es\/2023\/05\/iice-numero-de-personas-pobres-en-costa-rica-aumento-durante-el-segundo-semestre-del-2022\/","url":"https:\/\/www.pressenza.com\/es\/2023\/05\/iice-numero-de-personas-pobres-en-costa-rica-aumento-durante-el-segundo-semestre-del-2022\/","name":"IICE: N\u00famero de personas pobres en Costa Rica aument\u00f3 durante el segundo semestre del 2022","isPartOf":{"@id":"https:\/\/www.pressenza.com\/es\/#website"},"primaryImageOfPage":{"@id":"https:\/\/www.pressenza.com\/es\/2023\/05\/iice-numero-de-personas-pobres-en-costa-rica-aumento-durante-el-segundo-semestre-del-2022\/#primaryimage"},"image":{"@id":"https:\/\/www.pressenza.com\/es\/2023\/05\/iice-numero-de-personas-pobres-en-costa-rica-aumento-durante-el-segundo-semestre-del-2022\/#primaryimage"},"thumbnailUrl":"https:\/\/www.pressenza.com\/wp-content\/uploads\/2023\/05\/ucr.jpg","datePublished":"2023-05-10T14:55:32+00:00","description":"Estudio determin\u00f3 un ligero descenso en la desigualdad La poblaci\u00f3n en pobreza extrema creci\u00f3 de forma preocupante: pas\u00f3 de un 6 % en abril a un 8 % en","breadcrumb":{"@id":"https:\/\/www.pressenza.com\/es\/2023\/05\/iice-numero-de-personas-pobres-en-costa-rica-aumento-durante-el-segundo-semestre-del-2022\/#breadcrumb"},"inLanguage":"es","potentialAction":[{"@type":"ReadAction","target":["https:\/\/www.pressenza.com\/es\/2023\/05\/iice-numero-de-personas-pobres-en-costa-rica-aumento-durante-el-segundo-semestre-del-2022\/"]}]},{"@type":"ImageObject","inLanguage":"es","@id":"https:\/\/www.pressenza.com\/es\/2023\/05\/iice-numero-de-personas-pobres-en-costa-rica-aumento-durante-el-segundo-semestre-del-2022\/#primaryimage","url":"https:\/\/www.pressenza.com\/wp-content\/uploads\/2023\/05\/ucr.jpg","contentUrl":"https:\/\/www.pressenza.com\/wp-content\/uploads\/2023\/05\/ucr.jpg","width":1536,"height":1025,"caption":"Pie de foto: En diciembre del a\u00f1o pasado, el 25 % de las personas viv\u00eda en situaci\u00f3n de pobreza en Costa Rica. A inicios del 2020, antes de la pandemia, esta cifra era del 22 %, lo que evidencia el deterioro social que ha vivido el pa\u00eds en los \u00faltimos tres a\u00f1os. Foto: Anel Kenjekeeva, UCR"},{"@type":"BreadcrumbList","@id":"https:\/\/www.pressenza.com\/es\/2023\/05\/iice-numero-de-personas-pobres-en-costa-rica-aumento-durante-el-segundo-semestre-del-2022\/#breadcrumb","itemListElement":[{"@type":"ListItem","position":1,"name":"Accueil","item":"https:\/\/www.pressenza.com\/es\/"},{"@type":"ListItem","position":2,"name":"IICE: N\u00famero de personas pobres en Costa Rica aument\u00f3 durante el segundo semestre del 2022"}]},{"@type":"WebSite","@id":"https:\/\/www.pressenza.com\/es\/#website","url":"https:\/\/www.pressenza.com\/es\/","name":"Pressenza","description":"International Press Agency","publisher":{"@id":"https:\/\/www.pressenza.com\/es\/#organization"},"potentialAction":[{"@type":"SearchAction","target":{"@type":"EntryPoint","urlTemplate":"https:\/\/www.pressenza.com\/es\/?s={search_term_string}"},"query-input":{"@type":"PropertyValueSpecification","valueRequired":true,"valueName":"search_term_string"}}],"inLanguage":"es"},{"@type":"Organization","@id":"https:\/\/www.pressenza.com\/es\/#organization","name":"Pressenza","url":"https:\/\/www.pressenza.com\/es\/","logo":{"@type":"ImageObject","inLanguage":"es","@id":"https:\/\/www.pressenza.com\/es\/#\/schema\/logo\/image\/","url":"https:\/\/www.pressenza.com\/wp-content\/uploads\/2022\/10\/pressenza_logo_200x200.jpg","contentUrl":"https:\/\/www.pressenza.com\/wp-content\/uploads\/2022\/10\/pressenza_logo_200x200.jpg","width":200,"height":200,"caption":"Pressenza"},"image":{"@id":"https:\/\/www.pressenza.com\/es\/#\/schema\/logo\/image\/"},"sameAs":["https:\/\/www.facebook.com\/PressenzaItalia","https:\/\/x.com\/PressenzaIPA"]},{"@type":"Person","@id":"https:\/\/www.pressenza.com\/es\/#\/schema\/person\/3f8aed65e040327d1d4718e9e1fc0f77","name":"Surcos","description":"https:\/\/surcosdigital.com\/","sameAs":["https:\/\/surcosdigital.com\/","https:\/\/www.facebook.com\/surcosdigital","https:\/\/x.com\/surcosdigital"],"url":"https:\/\/www.pressenza.com\/es\/author\/surcos\/"}]}},"place":"","original_article_url":"","_links":{"self":[{"href":"https:\/\/www.pressenza.com\/es\/wp-json\/wp\/v2\/posts\/1738428","targetHints":{"allow":["GET"]}}],"collection":[{"href":"https:\/\/www.pressenza.com\/es\/wp-json\/wp\/v2\/posts"}],"about":[{"href":"https:\/\/www.pressenza.com\/es\/wp-json\/wp\/v2\/types\/post"}],"author":[{"embeddable":true,"href":"https:\/\/www.pressenza.com\/es\/wp-json\/wp\/v2\/users\/1793"}],"replies":[{"embeddable":true,"href":"https:\/\/www.pressenza.com\/es\/wp-json\/wp\/v2\/comments?post=1738428"}],"version-history":[{"count":0,"href":"https:\/\/www.pressenza.com\/es\/wp-json\/wp\/v2\/posts\/1738428\/revisions"}],"wp:featuredmedia":[{"embeddable":true,"href":"https:\/\/www.pressenza.com\/es\/wp-json\/wp\/v2\/media\/1738429"}],"wp:attachment":[{"href":"https:\/\/www.pressenza.com\/es\/wp-json\/wp\/v2\/media?parent=1738428"}],"wp:term":[{"taxonomy":"category","embeddable":true,"href":"https:\/\/www.pressenza.com\/es\/wp-json\/wp\/v2\/categories?post=1738428"},{"taxonomy":"post_tag","embeddable":true,"href":"https:\/\/www.pressenza.com\/es\/wp-json\/wp\/v2\/tags?post=1738428"}],"curies":[{"name":"wp","href":"https:\/\/api.w.org\/{rel}","templated":true}]}}