{"id":173807,"date":"2015-03-30T02:06:41","date_gmt":"2015-03-30T01:06:41","guid":{"rendered":"http:\/\/www.pressenza.com\/?p=173807"},"modified":"2015-03-30T02:06:41","modified_gmt":"2015-03-30T01:06:41","slug":"honduras-cinco-mil-campesinos-con-procesos-judiciales-por-exigir-su-tierra","status":"publish","type":"post","link":"https:\/\/www.pressenza.com\/es\/2015\/03\/honduras-cinco-mil-campesinos-con-procesos-judiciales-por-exigir-su-tierra\/","title":{"rendered":"Honduras: Cinco mil campesinos con procesos judiciales por exigir su tierra"},"content":{"rendered":"<p><em>Fuente Radio Progreso<\/em><\/p>\n<p>\u201cNo ten\u00eda ni un pedacito de tierra para vivir ni para cultivar los granos b\u00e1sicos  con los que comemos a diario\u201d, manifest\u00f3  Blanca Manueles, acusada de invasora de un pedazo de tierra donde hace 9 a\u00f1os vive con sus hijos en la aldea Quilaperque, del municipio de La Paz, en la zona central de Honduras.  <\/p>\n<p>Blanca es una de las m\u00e1s de 700 mujeres campesinas acusadas por luchar por un pedazo  de tierra. De acuerdo a la organizaci\u00f3n V\u00eda Campesina Honduras, alrededor de 5 mil campesinos y campesinas tienen procesos judiciales en su contra por  exigir el derecho  a la tierra. <\/p>\n<p>Solo en el departamento de La Paz, de 48 grupos campesinos, 46 de ellos tienen  procesos legales,  hay  m\u00e1s de 500 personas con medidas sustitutivas y 10 campesinos guardan prisi\u00f3n, condenados a  m\u00e1s de 6 a\u00f1os de c\u00e1rcel. <\/p>\n<p>Los campesinos que guardan prisi\u00f3n son: Omar Mej\u00eda G\u00e1lea,  Venancio  Palomo Chavarr\u00eda y Gerson Edgardo Hern\u00e1ndez  del  Grupo Buena Vista, la brea Comayagua, procesados 10 de Enero 2014. H\u00e9ctor David G\u00e1leas L\u00f3pez,  Nery Antonio Gonz\u00e1lez, \u00c1ngel Arnaldo Mart\u00ednez, Manuel Nicol\u00e1s Dom\u00ednguez, Jos\u00e9 David Aguilar G\u00e1leas y Jacinto Bardales, del  Grupo 18 de Abril la Pollera, Quilaperque, La Paz, procesados el 11 de Octubre 2013.<\/p>\n<p>\u201cEl movimiento campesino, contin\u00faa siendo reprimido por la tierra, nos deshacen nuestras milpas, nos golpean, nos queman nuestras casas, entre el a\u00f1o 2014 a la fecha 15 grupos campesinos pertenecientes a diferentes municipios de La Paz miembros de la Central Nacional de Trabajadores del Campo (CNTC), han sufrido desalojos violentos y para los pr\u00f3ximos d\u00edas se anuncian 34  desalojos m\u00e1s\u201d, indic\u00f3 Wilman Ch\u00e1vez, dirigente campesino.  <\/p>\n<p>Y esta situaci\u00f3n es a nivel nacional. \u201cEsto nos preocupa, sin embargo lo m\u00e1s lamentable y alarmante  es que  en los \u00faltimos cinco a\u00f1os han sido asesinados m\u00e1s de 130 campesinos solo aqu\u00ed en el sector del Bajo Agu\u00e1n, y  casos que est\u00e1n en total impunidad\u201d, dijo Irma Lemus del Observatorio de Derechos Humanos en el Agu\u00e1n, quien recibi\u00f3 a inicios de a\u00f1o un sobreseimiento definitivo por parte de los juzgados de Trujillo, donde ten\u00eda una denuncia por  \u201cusurpaci\u00f3n de tierras y robo agravado en perjuicio de la Asociaci\u00f3n de ganaderos de Col\u00f3n\u201d. <\/p>\n<p><strong>La justicia solo muerde a los pies descalzos<br \/>\n<\/strong><\/p>\n<p>\u201cTodo este proceso refleja que hay una pol\u00edtica de Estado que criminaliza la lucha de los sectores m\u00e1s empobrecidos de Honduras. El estado de derecho solo funciona para los grupos econ\u00f3micos,    pol\u00edticos del pa\u00eds\u201d, indic\u00f3 el abogado Luis Alonso Ch\u00e9vez de la Rocha, de la Convergencia por los Derechos Humanos de la Zona Noroccidental de Honduras.   <\/p>\n<p>\u201cEl sistema de justicia est\u00e1 controlado y sometido a los intereses de los poderes f\u00e1cticos, entonces las decisiones que se toman no est\u00e1n apegadas a derechos si no a los mandatos de estos grupos\u201d, concluy\u00f3.    <\/p>\n<p>Un caso que muestra la criminalizaci\u00f3n de la lucha por la tierra es el del campesino Jos\u00e9 Isabel \u201cChabelo\u201d  Morales, quien pese a que la repetici\u00f3n de su juicio el mes de febrero del 2014, tuvo vicios de nulidad; el Tribunal de Sentencia de  Trujillo, Col\u00f3n, pen\u00f3 a 17 a\u00f1os y medio de prisi\u00f3n a \u201cChabelo\u201d por el delito de homicidio en contra de un familiar del subcomisionado de polic\u00eda, Henry Osorto Canales. <\/p>\n<p>De acuerdo a la defensa, al dirigente campesino se le violaron todas las garant\u00edas constitucionales y sin las pruebas contundentes se dict\u00f3 por segunda vez una sentencia irracional jur\u00eddicamente.  <\/p>\n<p>Es importante mencionar que el alto oficial est\u00e1 involucrado en el  conflicto de tierras que se gener\u00f3 en el marco de una lucha entre la comunidad Guadalupe Carney, Trujillo, y un grupo de terratenientes que se posesion\u00f3 de la tierra que el Estado hondure\u00f1o adjudic\u00f3 en legal y debida forma el a\u00f1o 2000 a las familias campesinas organizadas en el Movimiento Campesino del Agu\u00e1n (MCA), organizaci\u00f3n  a la que pertenece \u201cChabelo\u201d.<\/p>\n<p><strong>No hay voluntad para solucionar<br \/>\n<\/strong><\/p>\n<p>\u201cPara solventar la problem\u00e1tica agraria y garantizar el apoyo al sector campesino del pa\u00eds, se introdujo el pasado 9 de Abril la Ley de Reforma Agraria Integral con Equidad de G\u00e9nero para la Soberan\u00eda Alimentaria y el Desarrollo Rural, misma que se mantiene engavetada en el Legislativo\u201d, indic\u00f3 Rafael Alegr\u00eda, diputado por el Partido Libertad y Refundaci\u00f3n, Libre.<\/p>\n<p>Existe una profunda preocupaci\u00f3n por la situaci\u00f3n que se vive en el campo, a m\u00e1s de un a\u00f1o  del gobierno de Juan Orlando Hern\u00e1ndez, a\u00fan no ha habido voluntad pol\u00edtica para solventar la crisis agraria, \u201cal contrario, hoy tenemos m\u00e1s represi\u00f3n, m\u00e1s pobreza, m\u00e1s discriminaci\u00f3n, desalojos violentos, asesinatos de mujeres campesinas, con la intenci\u00f3n de parar el ba\u00f1o de sangre y mejorar las condiciones de vida de los campesinos las organizaciones campesinas trabajamos muy duro en la preparaci\u00f3n de esta propuesta de Ley de Reforma Agraria, pero la Comisi\u00f3n de Dictamen en el Congreso Nacional le ha dado prioridad  a un proyecto de pesca y acuicultura y no parece haber voluntad para iniciar el debate de discusi\u00f3n de la misma\u201d manifest\u00f3  Alegr\u00eda.<\/p>\n<p><strong>Tierra en pocas manos<br \/>\n<\/strong><br \/>\nEn Honduras hay  m\u00e1s de 8 millones de personas, el 70% de esta poblaci\u00f3n vive en situaci\u00f3n   de pobreza, y de  4 millones de campesinos y campesinas  m\u00e1s de 2 millones  est\u00e1n en situaci\u00f3n de   indigencia total. Desde hace m\u00e1s de 20 a\u00f1os viene acumul\u00e1ndose una problem\u00e1tica de grandes dimensiones en el campo, la Ley de Modernizaci\u00f3n para el Desarrollo del Sector Agr\u00edcola aprobada en 1992 en el gobierno nacionalista de Rafael Leonardo Callejas desarticul\u00f3 el proceso de Reforma  agraria y dividi\u00f3 al movimiento campesino, seg\u00fan datos de organizaciones campesinas. <\/p>\n<p>\u201cAlrededor de unas 300 mil familias campesinas en Honduras no tienen acceso a la tierra, el campesinado hondure\u00f1o est\u00e1 sometido a una crisis agraria y alimentaria de grandes dimensiones, unido a esto la represi\u00f3n persecuci\u00f3n y asesinatos en el pa\u00eds est\u00e1n a la orden del d\u00eda. En los \u00faltimos cinco a\u00f1os m\u00e1s de 120 campesinos han sido asesinados en el Bajo Agu\u00e1n y estos casos siguen en total impunidad\u201d, asegur\u00f3 Mario L\u00f3pez, del Sindicato de Trabajadores de INA, Sitraina.   <\/p>\n","protected":false},"excerpt":{"rendered":"<p>Fuente Radio Progreso \u201cNo ten\u00eda ni un pedacito de tierra para vivir ni para cultivar los granos b\u00e1sicos con los que comemos a diario\u201d, manifest\u00f3 Blanca Manueles, acusada de invasora de un pedazo de tierra donde hace 9 a\u00f1os vive&hellip;<\/p>\n","protected":false},"author":1011,"featured_media":173808,"comment_status":"closed","ping_status":"open","sticky":false,"template":"","format":"standard","meta":{"footnotes":""},"categories":[69,79,161],"tags":[],"class_list":["post-173807","post","type-post","status-publish","format-standard","has-post-thumbnail","hentry","category-america-central","category-derechos-humanos","category-opiniones"],"yoast_head":"<!-- This site is optimized with the Yoast SEO plugin v27.1.1 - https:\/\/yoast.com\/product\/yoast-seo-wordpress\/ -->\n<title>Honduras: Cinco mil campesinos con procesos judiciales por exigir su tierra<\/title>\n<meta name=\"description\" content=\"Fuente Radio Progreso \u201cNo ten\u00eda ni un pedacito de tierra para vivir ni para cultivar los granos b\u00e1sicos con los que comemos a diario\u201d, manifest\u00f3 Blanca\" \/>\n<meta name=\"robots\" content=\"index, follow, max-snippet:-1, max-image-preview:large, max-video-preview:-1\" \/>\n<link rel=\"canonical\" href=\"https:\/\/www.pressenza.com\/es\/2015\/03\/honduras-cinco-mil-campesinos-con-procesos-judiciales-por-exigir-su-tierra\/\" \/>\n<meta property=\"og:locale\" content=\"es_ES\" \/>\n<meta property=\"og:type\" content=\"article\" \/>\n<meta property=\"og:title\" content=\"Honduras: Cinco mil campesinos con procesos judiciales por exigir su tierra\" \/>\n<meta property=\"og:description\" content=\"Fuente Radio Progreso \u201cNo ten\u00eda ni un pedacito de tierra para vivir ni para cultivar los granos b\u00e1sicos con los que comemos a diario\u201d, manifest\u00f3 Blanca\" \/>\n<meta property=\"og:url\" content=\"https:\/\/www.pressenza.com\/es\/2015\/03\/honduras-cinco-mil-campesinos-con-procesos-judiciales-por-exigir-su-tierra\/\" \/>\n<meta property=\"og:site_name\" content=\"Pressenza\" \/>\n<meta property=\"article:publisher\" content=\"https:\/\/www.facebook.com\/PressenzaItalia\" \/>\n<meta property=\"article:published_time\" content=\"2015-03-30T01:06:41+00:00\" \/>\n<meta property=\"og:image\" content=\"https:\/\/www.pressenza.com\/wp-content\/uploads\/2015\/03\/honduras.jpg\" \/>\n\t<meta property=\"og:image:width\" content=\"600\" \/>\n\t<meta property=\"og:image:height\" content=\"364\" \/>\n\t<meta property=\"og:image:type\" content=\"image\/jpeg\" \/>\n<meta name=\"author\" content=\"Redacci\u00f3n Ecuador\" \/>\n<meta name=\"twitter:card\" content=\"summary_large_image\" \/>\n<meta name=\"twitter:creator\" content=\"@PressenzaIPA\" \/>\n<meta name=\"twitter:site\" content=\"@PressenzaIPA\" \/>\n<meta name=\"twitter:label1\" content=\"Escrito por\" \/>\n\t<meta name=\"twitter:data1\" content=\"Redacci\u00f3n Ecuador\" \/>\n\t<meta name=\"twitter:label2\" content=\"Tiempo de lectura\" \/>\n\t<meta name=\"twitter:data2\" content=\"5 minutos\" \/>\n<script type=\"application\/ld+json\" class=\"yoast-schema-graph\">{\"@context\":\"https:\/\/schema.org\",\"@graph\":[{\"@type\":\"Article\",\"@id\":\"https:\/\/www.pressenza.com\/es\/2015\/03\/honduras-cinco-mil-campesinos-con-procesos-judiciales-por-exigir-su-tierra\/#article\",\"isPartOf\":{\"@id\":\"https:\/\/www.pressenza.com\/es\/2015\/03\/honduras-cinco-mil-campesinos-con-procesos-judiciales-por-exigir-su-tierra\/\"},\"author\":{\"name\":\"Redacci\u00f3n Ecuador\",\"@id\":\"https:\/\/www.pressenza.com\/es\/#\/schema\/person\/883a735c40665759bcc6fe0c26bcb46f\"},\"headline\":\"Honduras: Cinco mil campesinos con procesos judiciales por exigir su tierra\",\"datePublished\":\"2015-03-30T01:06:41+00:00\",\"mainEntityOfPage\":{\"@id\":\"https:\/\/www.pressenza.com\/es\/2015\/03\/honduras-cinco-mil-campesinos-con-procesos-judiciales-por-exigir-su-tierra\/\"},\"wordCount\":1085,\"publisher\":{\"@id\":\"https:\/\/www.pressenza.com\/es\/#organization\"},\"image\":{\"@id\":\"https:\/\/www.pressenza.com\/es\/2015\/03\/honduras-cinco-mil-campesinos-con-procesos-judiciales-por-exigir-su-tierra\/#primaryimage\"},\"thumbnailUrl\":\"https:\/\/www.pressenza.com\/wp-content\/uploads\/2015\/03\/honduras.jpg\",\"articleSection\":[\"Am\u00e9rica Central\",\"Derechos Humanos\",\"Opiniones\"],\"inLanguage\":\"es\"},{\"@type\":\"WebPage\",\"@id\":\"https:\/\/www.pressenza.com\/es\/2015\/03\/honduras-cinco-mil-campesinos-con-procesos-judiciales-por-exigir-su-tierra\/\",\"url\":\"https:\/\/www.pressenza.com\/es\/2015\/03\/honduras-cinco-mil-campesinos-con-procesos-judiciales-por-exigir-su-tierra\/\",\"name\":\"Honduras: Cinco mil campesinos con procesos judiciales por exigir su tierra\",\"isPartOf\":{\"@id\":\"https:\/\/www.pressenza.com\/es\/#website\"},\"primaryImageOfPage\":{\"@id\":\"https:\/\/www.pressenza.com\/es\/2015\/03\/honduras-cinco-mil-campesinos-con-procesos-judiciales-por-exigir-su-tierra\/#primaryimage\"},\"image\":{\"@id\":\"https:\/\/www.pressenza.com\/es\/2015\/03\/honduras-cinco-mil-campesinos-con-procesos-judiciales-por-exigir-su-tierra\/#primaryimage\"},\"thumbnailUrl\":\"https:\/\/www.pressenza.com\/wp-content\/uploads\/2015\/03\/honduras.jpg\",\"datePublished\":\"2015-03-30T01:06:41+00:00\",\"description\":\"Fuente Radio Progreso \u201cNo ten\u00eda ni un pedacito de tierra para vivir ni para cultivar los granos b\u00e1sicos con los que comemos a diario\u201d, manifest\u00f3 Blanca\",\"breadcrumb\":{\"@id\":\"https:\/\/www.pressenza.com\/es\/2015\/03\/honduras-cinco-mil-campesinos-con-procesos-judiciales-por-exigir-su-tierra\/#breadcrumb\"},\"inLanguage\":\"es\",\"potentialAction\":[{\"@type\":\"ReadAction\",\"target\":[\"https:\/\/www.pressenza.com\/es\/2015\/03\/honduras-cinco-mil-campesinos-con-procesos-judiciales-por-exigir-su-tierra\/\"]}]},{\"@type\":\"ImageObject\",\"inLanguage\":\"es\",\"@id\":\"https:\/\/www.pressenza.com\/es\/2015\/03\/honduras-cinco-mil-campesinos-con-procesos-judiciales-por-exigir-su-tierra\/#primaryimage\",\"url\":\"https:\/\/www.pressenza.com\/wp-content\/uploads\/2015\/03\/honduras.jpg\",\"contentUrl\":\"https:\/\/www.pressenza.com\/wp-content\/uploads\/2015\/03\/honduras.jpg\",\"width\":600,\"height\":364},{\"@type\":\"BreadcrumbList\",\"@id\":\"https:\/\/www.pressenza.com\/es\/2015\/03\/honduras-cinco-mil-campesinos-con-procesos-judiciales-por-exigir-su-tierra\/#breadcrumb\",\"itemListElement\":[{\"@type\":\"ListItem\",\"position\":1,\"name\":\"Accueil\",\"item\":\"https:\/\/www.pressenza.com\/es\/\"},{\"@type\":\"ListItem\",\"position\":2,\"name\":\"Honduras: Cinco mil campesinos con procesos judiciales por exigir su tierra\"}]},{\"@type\":\"WebSite\",\"@id\":\"https:\/\/www.pressenza.com\/es\/#website\",\"url\":\"https:\/\/www.pressenza.com\/es\/\",\"name\":\"Pressenza\",\"description\":\"International Press Agency\",\"publisher\":{\"@id\":\"https:\/\/www.pressenza.com\/es\/#organization\"},\"potentialAction\":[{\"@type\":\"SearchAction\",\"target\":{\"@type\":\"EntryPoint\",\"urlTemplate\":\"https:\/\/www.pressenza.com\/es\/?s={search_term_string}\"},\"query-input\":{\"@type\":\"PropertyValueSpecification\",\"valueRequired\":true,\"valueName\":\"search_term_string\"}}],\"inLanguage\":\"es\"},{\"@type\":\"Organization\",\"@id\":\"https:\/\/www.pressenza.com\/es\/#organization\",\"name\":\"Pressenza\",\"url\":\"https:\/\/www.pressenza.com\/es\/\",\"logo\":{\"@type\":\"ImageObject\",\"inLanguage\":\"es\",\"@id\":\"https:\/\/www.pressenza.com\/es\/#\/schema\/logo\/image\/\",\"url\":\"https:\/\/www.pressenza.com\/wp-content\/uploads\/2022\/10\/pressenza_logo_200x200.jpg\",\"contentUrl\":\"https:\/\/www.pressenza.com\/wp-content\/uploads\/2022\/10\/pressenza_logo_200x200.jpg\",\"width\":200,\"height\":200,\"caption\":\"Pressenza\"},\"image\":{\"@id\":\"https:\/\/www.pressenza.com\/es\/#\/schema\/logo\/image\/\"},\"sameAs\":[\"https:\/\/www.facebook.com\/PressenzaItalia\",\"https:\/\/x.com\/PressenzaIPA\"]},{\"@type\":\"Person\",\"@id\":\"https:\/\/www.pressenza.com\/es\/#\/schema\/person\/883a735c40665759bcc6fe0c26bcb46f\",\"name\":\"Redacci\u00f3n Ecuador\",\"description\":\"News published by the Pressenza bureau in Quito, Ecuador\",\"url\":\"https:\/\/www.pressenza.com\/es\/author\/redaccion-ecuador\/\"}]}<\/script>\n<!-- \/ Yoast SEO plugin. -->","yoast_head_json":{"title":"Honduras: Cinco mil campesinos con procesos judiciales por exigir su tierra","description":"Fuente Radio Progreso \u201cNo ten\u00eda ni un pedacito de tierra para vivir ni para cultivar los granos b\u00e1sicos con los que comemos a diario\u201d, manifest\u00f3 Blanca","robots":{"index":"index","follow":"follow","max-snippet":"max-snippet:-1","max-image-preview":"max-image-preview:large","max-video-preview":"max-video-preview:-1"},"canonical":"https:\/\/www.pressenza.com\/es\/2015\/03\/honduras-cinco-mil-campesinos-con-procesos-judiciales-por-exigir-su-tierra\/","og_locale":"es_ES","og_type":"article","og_title":"Honduras: Cinco mil campesinos con procesos judiciales por exigir su tierra","og_description":"Fuente Radio Progreso \u201cNo ten\u00eda ni un pedacito de tierra para vivir ni para cultivar los granos b\u00e1sicos con los que comemos a diario\u201d, manifest\u00f3 Blanca","og_url":"https:\/\/www.pressenza.com\/es\/2015\/03\/honduras-cinco-mil-campesinos-con-procesos-judiciales-por-exigir-su-tierra\/","og_site_name":"Pressenza","article_publisher":"https:\/\/www.facebook.com\/PressenzaItalia","article_published_time":"2015-03-30T01:06:41+00:00","og_image":[{"width":600,"height":364,"url":"https:\/\/www.pressenza.com\/wp-content\/uploads\/2015\/03\/honduras.jpg","type":"image\/jpeg"}],"author":"Redacci\u00f3n Ecuador","twitter_card":"summary_large_image","twitter_creator":"@PressenzaIPA","twitter_site":"@PressenzaIPA","twitter_misc":{"Escrito por":"Redacci\u00f3n Ecuador","Tiempo de lectura":"5 minutos"},"schema":{"@context":"https:\/\/schema.org","@graph":[{"@type":"Article","@id":"https:\/\/www.pressenza.com\/es\/2015\/03\/honduras-cinco-mil-campesinos-con-procesos-judiciales-por-exigir-su-tierra\/#article","isPartOf":{"@id":"https:\/\/www.pressenza.com\/es\/2015\/03\/honduras-cinco-mil-campesinos-con-procesos-judiciales-por-exigir-su-tierra\/"},"author":{"name":"Redacci\u00f3n Ecuador","@id":"https:\/\/www.pressenza.com\/es\/#\/schema\/person\/883a735c40665759bcc6fe0c26bcb46f"},"headline":"Honduras: Cinco mil campesinos con procesos judiciales por exigir su tierra","datePublished":"2015-03-30T01:06:41+00:00","mainEntityOfPage":{"@id":"https:\/\/www.pressenza.com\/es\/2015\/03\/honduras-cinco-mil-campesinos-con-procesos-judiciales-por-exigir-su-tierra\/"},"wordCount":1085,"publisher":{"@id":"https:\/\/www.pressenza.com\/es\/#organization"},"image":{"@id":"https:\/\/www.pressenza.com\/es\/2015\/03\/honduras-cinco-mil-campesinos-con-procesos-judiciales-por-exigir-su-tierra\/#primaryimage"},"thumbnailUrl":"https:\/\/www.pressenza.com\/wp-content\/uploads\/2015\/03\/honduras.jpg","articleSection":["Am\u00e9rica Central","Derechos Humanos","Opiniones"],"inLanguage":"es"},{"@type":"WebPage","@id":"https:\/\/www.pressenza.com\/es\/2015\/03\/honduras-cinco-mil-campesinos-con-procesos-judiciales-por-exigir-su-tierra\/","url":"https:\/\/www.pressenza.com\/es\/2015\/03\/honduras-cinco-mil-campesinos-con-procesos-judiciales-por-exigir-su-tierra\/","name":"Honduras: Cinco mil campesinos con procesos judiciales por exigir su tierra","isPartOf":{"@id":"https:\/\/www.pressenza.com\/es\/#website"},"primaryImageOfPage":{"@id":"https:\/\/www.pressenza.com\/es\/2015\/03\/honduras-cinco-mil-campesinos-con-procesos-judiciales-por-exigir-su-tierra\/#primaryimage"},"image":{"@id":"https:\/\/www.pressenza.com\/es\/2015\/03\/honduras-cinco-mil-campesinos-con-procesos-judiciales-por-exigir-su-tierra\/#primaryimage"},"thumbnailUrl":"https:\/\/www.pressenza.com\/wp-content\/uploads\/2015\/03\/honduras.jpg","datePublished":"2015-03-30T01:06:41+00:00","description":"Fuente Radio Progreso \u201cNo ten\u00eda ni un pedacito de tierra para vivir ni para cultivar los granos b\u00e1sicos con los que comemos a diario\u201d, manifest\u00f3 Blanca","breadcrumb":{"@id":"https:\/\/www.pressenza.com\/es\/2015\/03\/honduras-cinco-mil-campesinos-con-procesos-judiciales-por-exigir-su-tierra\/#breadcrumb"},"inLanguage":"es","potentialAction":[{"@type":"ReadAction","target":["https:\/\/www.pressenza.com\/es\/2015\/03\/honduras-cinco-mil-campesinos-con-procesos-judiciales-por-exigir-su-tierra\/"]}]},{"@type":"ImageObject","inLanguage":"es","@id":"https:\/\/www.pressenza.com\/es\/2015\/03\/honduras-cinco-mil-campesinos-con-procesos-judiciales-por-exigir-su-tierra\/#primaryimage","url":"https:\/\/www.pressenza.com\/wp-content\/uploads\/2015\/03\/honduras.jpg","contentUrl":"https:\/\/www.pressenza.com\/wp-content\/uploads\/2015\/03\/honduras.jpg","width":600,"height":364},{"@type":"BreadcrumbList","@id":"https:\/\/www.pressenza.com\/es\/2015\/03\/honduras-cinco-mil-campesinos-con-procesos-judiciales-por-exigir-su-tierra\/#breadcrumb","itemListElement":[{"@type":"ListItem","position":1,"name":"Accueil","item":"https:\/\/www.pressenza.com\/es\/"},{"@type":"ListItem","position":2,"name":"Honduras: Cinco mil campesinos con procesos judiciales por exigir su tierra"}]},{"@type":"WebSite","@id":"https:\/\/www.pressenza.com\/es\/#website","url":"https:\/\/www.pressenza.com\/es\/","name":"Pressenza","description":"International Press Agency","publisher":{"@id":"https:\/\/www.pressenza.com\/es\/#organization"},"potentialAction":[{"@type":"SearchAction","target":{"@type":"EntryPoint","urlTemplate":"https:\/\/www.pressenza.com\/es\/?s={search_term_string}"},"query-input":{"@type":"PropertyValueSpecification","valueRequired":true,"valueName":"search_term_string"}}],"inLanguage":"es"},{"@type":"Organization","@id":"https:\/\/www.pressenza.com\/es\/#organization","name":"Pressenza","url":"https:\/\/www.pressenza.com\/es\/","logo":{"@type":"ImageObject","inLanguage":"es","@id":"https:\/\/www.pressenza.com\/es\/#\/schema\/logo\/image\/","url":"https:\/\/www.pressenza.com\/wp-content\/uploads\/2022\/10\/pressenza_logo_200x200.jpg","contentUrl":"https:\/\/www.pressenza.com\/wp-content\/uploads\/2022\/10\/pressenza_logo_200x200.jpg","width":200,"height":200,"caption":"Pressenza"},"image":{"@id":"https:\/\/www.pressenza.com\/es\/#\/schema\/logo\/image\/"},"sameAs":["https:\/\/www.facebook.com\/PressenzaItalia","https:\/\/x.com\/PressenzaIPA"]},{"@type":"Person","@id":"https:\/\/www.pressenza.com\/es\/#\/schema\/person\/883a735c40665759bcc6fe0c26bcb46f","name":"Redacci\u00f3n Ecuador","description":"News published by the Pressenza bureau in Quito, Ecuador","url":"https:\/\/www.pressenza.com\/es\/author\/redaccion-ecuador\/"}]}},"place":"","original_article_url":"","_links":{"self":[{"href":"https:\/\/www.pressenza.com\/es\/wp-json\/wp\/v2\/posts\/173807","targetHints":{"allow":["GET"]}}],"collection":[{"href":"https:\/\/www.pressenza.com\/es\/wp-json\/wp\/v2\/posts"}],"about":[{"href":"https:\/\/www.pressenza.com\/es\/wp-json\/wp\/v2\/types\/post"}],"author":[{"embeddable":true,"href":"https:\/\/www.pressenza.com\/es\/wp-json\/wp\/v2\/users\/1011"}],"replies":[{"embeddable":true,"href":"https:\/\/www.pressenza.com\/es\/wp-json\/wp\/v2\/comments?post=173807"}],"version-history":[{"count":0,"href":"https:\/\/www.pressenza.com\/es\/wp-json\/wp\/v2\/posts\/173807\/revisions"}],"wp:featuredmedia":[{"embeddable":true,"href":"https:\/\/www.pressenza.com\/es\/wp-json\/wp\/v2\/media\/173808"}],"wp:attachment":[{"href":"https:\/\/www.pressenza.com\/es\/wp-json\/wp\/v2\/media?parent=173807"}],"wp:term":[{"taxonomy":"category","embeddable":true,"href":"https:\/\/www.pressenza.com\/es\/wp-json\/wp\/v2\/categories?post=173807"},{"taxonomy":"post_tag","embeddable":true,"href":"https:\/\/www.pressenza.com\/es\/wp-json\/wp\/v2\/tags?post=173807"}],"curies":[{"name":"wp","href":"https:\/\/api.w.org\/{rel}","templated":true}]}}