{"id":173784,"date":"2015-03-30T01:35:59","date_gmt":"2015-03-30T00:35:59","guid":{"rendered":"http:\/\/www.pressenza.com\/?p=173784"},"modified":"2015-03-30T10:37:54","modified_gmt":"2015-03-30T09:37:54","slug":"mexico-crisis-generalizada-en-derechos-humanos","status":"publish","type":"post","link":"https:\/\/www.pressenza.com\/es\/2015\/03\/mexico-crisis-generalizada-en-derechos-humanos\/","title":{"rendered":"Crisis \u00abgeneralizada\u00bb en derechos humanos en M\u00e9xico"},"content":{"rendered":"<p><strong><em>Por Eduardo Ibarra Aguirre para alainet.net<\/em><\/strong><\/p>\n<p>Acostumbrado como probablemente estaba el titular del Ejecutivo federal a escuchar los informes edulcorados de Ra\u00fal Plascencia Villanueva para lograr su apoyo en la reelecci\u00f3n como presidente de la Comisi\u00f3n Nacional de los Derechos Humanos, que ejerci\u00f3 de noviembre de 2009 al mismo mes pero de 2014, seguramente el primero que rindi\u00f3 su sucesor, Luis Ra\u00fal Gonz\u00e1lez, desenton\u00f3 por completo.<\/p>\n<p>Lo anterior puede ser considerado as\u00ed atenidos a la persistente renuencia de los encargados de la conducci\u00f3n pol\u00edtica del pa\u00eds a aceptar los diagn\u00f3sticos y recomendaciones emitidos por la Comisi\u00f3n Interamericana de Derechos Humanos, el Comit\u00e9 de Desapariciones Forzadas de la Organizaci\u00f3n de las Naciones Unidas y el Comit\u00e9 de Derechos Humanos quienes, por el contrario, recibieron puntuales y nada diplom\u00e1ticos rechazos de los secretarios de Gobernaci\u00f3n y de Relaciones Exteriores.<\/p>\n<p>Sabedor del desencuentro entre las autoridades federales y los organismos humanitarios globales, Gonz\u00e1lez P\u00e9rez rehus\u00f3 caer en aquella polarizaci\u00f3n, pero fue sumamente claro: Los derechos humanos atraviesan por \u201cel per\u00edodo de crisis m\u00e1s dif\u00edcil\u201d en los 24 a\u00f1os de existencia de la CNDH, mal llamada hasta la necedad ombudsman (defensor del pueblo). Justamente lo que m\u00e1s falta hace en M\u00e9xico son defensores del pueblo de hecho y\/o de derecho.<\/p>\n<p>Crisis de casi un cuarto de siglo, desde que la fund\u00f3 Carlos Salinas de Gortari \u2013el denunciado como presunto asesino de 700 activistas pol\u00edticos y sociales\u2013, por sugerencia de Jorge Carrillo Olea (me dec\u00eda el colega Jos\u00e9 Cabrera Parra), y que obedece \u201ca las graves violaciones que persisten, como detenciones arbitrarias, desapariciones forzadas, tortura y ejecuciones extrajudiciales\u201d.<\/p>\n<p>Se ahorr\u00f3 el anterior abogado general de la Universidad Nacional Aut\u00f3noma de M\u00e9xico el calificativo de \u201cgeneralizada\u201d que tanto malestar gener\u00f3 en la elite de los que juran Mover a M\u00e9xico. Mas \u201cel periodo de crisis m\u00e1s dif\u00edcil\u201d resulta tanto o m\u00e1s claridoso y cr\u00edtico. Salvo que a los gobernantes les moleste la cr\u00edtica desde el extranjero por s\u00ed misma, lo que es de dudarse mucho, pues son ellos y los funcionarios de los \u00faltimos 33 a\u00f1os los que abrieron de par en par las puertas del pa\u00eds al capital trasnacional y a las intromisiones imperiales de allende el Bravo y el Atl\u00e1ntico.<\/p>\n<p>Con todo, no es para ignorarse que Enrique Pe\u00f1a Nieto reaccion\u00f3 positivamente, por lo menos en el discurso de respuesta, al preocupante panorama descrito por Luis Gonz\u00e1lez:<\/p>\n<p>De 2010 a 2014, la CNDH present\u00f3 435 denuncias penales, de las cuales llegaron a consignaci\u00f3n \u00fanicamente 43 casos. Durante 2013 y 2014, present\u00f3 148 denuncias administrativas, pero s\u00f3lo 24 han concluido, 124 siguen en tr\u00e1mite y apenas siete terminaron con una sanci\u00f3n administrativa a los funcionarios involucrados. En la mayor\u00eda de los casos el castigo fue una amonestaci\u00f3n o suspensi\u00f3n por 15 d\u00edas, con dos casos de inhabilitaci\u00f3n. Y en otros 17 asuntos, las autoridades no encontraron elementos suficientes para imponer alguna sanci\u00f3n o se aleg\u00f3 que la facultad para ello ya hab\u00eda prescrito.<\/p>\n<p>Un monumento a la impunidad alimentada por omisi\u00f3n y\/o por comisi\u00f3n desde los tres poderes de la Uni\u00f3n y una CNDH incapaz de hacer respetar sus recomendaciones pese a disponer de atribuciones legales y de un presupuesto superior al que ejerce la Comisi\u00f3n Interamericana en Am\u00e9rica.<\/p>\n<p>Quien quebrante el precepto fundamental de respetar y hacer valer la ley \u201ctiene que asumir las consecuencias legales que corresponden\u201d, fue la afortunada frase presidencial que resume un compromiso tan plausible como antiguo e incumplido.<\/p>\n","protected":false},"excerpt":{"rendered":"<p>Por Eduardo Ibarra Aguirre para alainet.net Acostumbrado como probablemente estaba el titular del Ejecutivo federal a escuchar los informes edulcorados de Ra\u00fal Plascencia Villanueva para lograr su apoyo en la reelecci\u00f3n como presidente de la Comisi\u00f3n Nacional de los Derechos&hellip;<\/p>\n","protected":false},"author":1011,"featured_media":173785,"comment_status":"closed","ping_status":"open","sticky":false,"template":"","format":"standard","meta":{"footnotes":""},"categories":[69,79],"tags":[441,984,526,394,702,623],"class_list":["post-173784","post","type-post","status-publish","format-standard","has-post-thumbnail","hentry","category-america-central","category-derechos-humanos","tag-derechos-humanos","tag-indignados-es","tag-manifestacion","tag-protestas-sociales","tag-represion","tag-violencia"],"yoast_head":"<!-- This site is optimized with the Yoast SEO plugin v27.1.1 - https:\/\/yoast.com\/product\/yoast-seo-wordpress\/ -->\n<title>Crisis &quot;generalizada&quot; en derechos humanos en M\u00e9xico<\/title>\n<meta name=\"description\" content=\"Por Eduardo Ibarra Aguirre para alainet.net Acostumbrado como probablemente estaba el titular del Ejecutivo federal a escuchar los informes edulcorados de\" \/>\n<meta name=\"robots\" content=\"index, follow, max-snippet:-1, max-image-preview:large, max-video-preview:-1\" \/>\n<link rel=\"canonical\" href=\"https:\/\/www.pressenza.com\/es\/2015\/03\/mexico-crisis-generalizada-en-derechos-humanos\/\" \/>\n<meta property=\"og:locale\" content=\"es_ES\" \/>\n<meta property=\"og:type\" content=\"article\" \/>\n<meta property=\"og:title\" content=\"Crisis &quot;generalizada&quot; en derechos humanos en M\u00e9xico\" \/>\n<meta property=\"og:description\" content=\"Por Eduardo Ibarra Aguirre para alainet.net Acostumbrado como probablemente estaba el titular del Ejecutivo federal a escuchar los informes edulcorados de\" \/>\n<meta property=\"og:url\" content=\"https:\/\/www.pressenza.com\/es\/2015\/03\/mexico-crisis-generalizada-en-derechos-humanos\/\" \/>\n<meta property=\"og:site_name\" content=\"Pressenza\" \/>\n<meta property=\"article:publisher\" content=\"https:\/\/www.facebook.com\/PressenzaItalia\" \/>\n<meta property=\"article:published_time\" content=\"2015-03-30T00:35:59+00:00\" \/>\n<meta property=\"article:modified_time\" content=\"2015-03-30T09:37:54+00:00\" \/>\n<meta property=\"og:image\" content=\"https:\/\/www.pressenza.com\/wp-content\/uploads\/2015\/03\/foto_desaparecidos_telesur_small.jpg\" \/>\n\t<meta property=\"og:image:width\" content=\"614\" \/>\n\t<meta property=\"og:image:height\" content=\"280\" \/>\n\t<meta property=\"og:image:type\" content=\"image\/jpeg\" \/>\n<meta name=\"author\" content=\"Redacci\u00f3n Ecuador\" \/>\n<meta name=\"twitter:card\" content=\"summary_large_image\" \/>\n<meta name=\"twitter:creator\" content=\"@PressenzaIPA\" \/>\n<meta name=\"twitter:site\" content=\"@PressenzaIPA\" \/>\n<meta name=\"twitter:label1\" content=\"Escrito por\" \/>\n\t<meta name=\"twitter:data1\" content=\"Redacci\u00f3n Ecuador\" \/>\n\t<meta name=\"twitter:label2\" content=\"Tiempo de lectura\" \/>\n\t<meta name=\"twitter:data2\" content=\"3 minutos\" \/>\n<script type=\"application\/ld+json\" class=\"yoast-schema-graph\">{\"@context\":\"https:\/\/schema.org\",\"@graph\":[{\"@type\":\"Article\",\"@id\":\"https:\/\/www.pressenza.com\/es\/2015\/03\/mexico-crisis-generalizada-en-derechos-humanos\/#article\",\"isPartOf\":{\"@id\":\"https:\/\/www.pressenza.com\/es\/2015\/03\/mexico-crisis-generalizada-en-derechos-humanos\/\"},\"author\":{\"name\":\"Redacci\u00f3n Ecuador\",\"@id\":\"https:\/\/www.pressenza.com\/es\/#\/schema\/person\/883a735c40665759bcc6fe0c26bcb46f\"},\"headline\":\"Crisis \u00abgeneralizada\u00bb en derechos humanos en M\u00e9xico\",\"datePublished\":\"2015-03-30T00:35:59+00:00\",\"dateModified\":\"2015-03-30T09:37:54+00:00\",\"mainEntityOfPage\":{\"@id\":\"https:\/\/www.pressenza.com\/es\/2015\/03\/mexico-crisis-generalizada-en-derechos-humanos\/\"},\"wordCount\":617,\"publisher\":{\"@id\":\"https:\/\/www.pressenza.com\/es\/#organization\"},\"image\":{\"@id\":\"https:\/\/www.pressenza.com\/es\/2015\/03\/mexico-crisis-generalizada-en-derechos-humanos\/#primaryimage\"},\"thumbnailUrl\":\"https:\/\/www.pressenza.com\/wp-content\/uploads\/2015\/03\/foto_desaparecidos_telesur_small.jpg\",\"keywords\":[\"Derechos humanos\",\"indignados\",\"manifestaci\u00f3n\",\"protestas sociales\",\"represi\u00f3n\",\"Violencia\"],\"articleSection\":[\"Am\u00e9rica Central\",\"Derechos Humanos\"],\"inLanguage\":\"es\"},{\"@type\":\"WebPage\",\"@id\":\"https:\/\/www.pressenza.com\/es\/2015\/03\/mexico-crisis-generalizada-en-derechos-humanos\/\",\"url\":\"https:\/\/www.pressenza.com\/es\/2015\/03\/mexico-crisis-generalizada-en-derechos-humanos\/\",\"name\":\"Crisis \\\"generalizada\\\" en derechos humanos en M\u00e9xico\",\"isPartOf\":{\"@id\":\"https:\/\/www.pressenza.com\/es\/#website\"},\"primaryImageOfPage\":{\"@id\":\"https:\/\/www.pressenza.com\/es\/2015\/03\/mexico-crisis-generalizada-en-derechos-humanos\/#primaryimage\"},\"image\":{\"@id\":\"https:\/\/www.pressenza.com\/es\/2015\/03\/mexico-crisis-generalizada-en-derechos-humanos\/#primaryimage\"},\"thumbnailUrl\":\"https:\/\/www.pressenza.com\/wp-content\/uploads\/2015\/03\/foto_desaparecidos_telesur_small.jpg\",\"datePublished\":\"2015-03-30T00:35:59+00:00\",\"dateModified\":\"2015-03-30T09:37:54+00:00\",\"description\":\"Por Eduardo Ibarra Aguirre para alainet.net Acostumbrado como probablemente estaba el titular del Ejecutivo federal a escuchar los informes edulcorados de\",\"breadcrumb\":{\"@id\":\"https:\/\/www.pressenza.com\/es\/2015\/03\/mexico-crisis-generalizada-en-derechos-humanos\/#breadcrumb\"},\"inLanguage\":\"es\",\"potentialAction\":[{\"@type\":\"ReadAction\",\"target\":[\"https:\/\/www.pressenza.com\/es\/2015\/03\/mexico-crisis-generalizada-en-derechos-humanos\/\"]}]},{\"@type\":\"ImageObject\",\"inLanguage\":\"es\",\"@id\":\"https:\/\/www.pressenza.com\/es\/2015\/03\/mexico-crisis-generalizada-en-derechos-humanos\/#primaryimage\",\"url\":\"https:\/\/www.pressenza.com\/wp-content\/uploads\/2015\/03\/foto_desaparecidos_telesur_small.jpg\",\"contentUrl\":\"https:\/\/www.pressenza.com\/wp-content\/uploads\/2015\/03\/foto_desaparecidos_telesur_small.jpg\",\"width\":614,\"height\":280},{\"@type\":\"BreadcrumbList\",\"@id\":\"https:\/\/www.pressenza.com\/es\/2015\/03\/mexico-crisis-generalizada-en-derechos-humanos\/#breadcrumb\",\"itemListElement\":[{\"@type\":\"ListItem\",\"position\":1,\"name\":\"Accueil\",\"item\":\"https:\/\/www.pressenza.com\/es\/\"},{\"@type\":\"ListItem\",\"position\":2,\"name\":\"Crisis \u00abgeneralizada\u00bb en derechos humanos en M\u00e9xico\"}]},{\"@type\":\"WebSite\",\"@id\":\"https:\/\/www.pressenza.com\/es\/#website\",\"url\":\"https:\/\/www.pressenza.com\/es\/\",\"name\":\"Pressenza\",\"description\":\"International Press Agency\",\"publisher\":{\"@id\":\"https:\/\/www.pressenza.com\/es\/#organization\"},\"potentialAction\":[{\"@type\":\"SearchAction\",\"target\":{\"@type\":\"EntryPoint\",\"urlTemplate\":\"https:\/\/www.pressenza.com\/es\/?s={search_term_string}\"},\"query-input\":{\"@type\":\"PropertyValueSpecification\",\"valueRequired\":true,\"valueName\":\"search_term_string\"}}],\"inLanguage\":\"es\"},{\"@type\":\"Organization\",\"@id\":\"https:\/\/www.pressenza.com\/es\/#organization\",\"name\":\"Pressenza\",\"url\":\"https:\/\/www.pressenza.com\/es\/\",\"logo\":{\"@type\":\"ImageObject\",\"inLanguage\":\"es\",\"@id\":\"https:\/\/www.pressenza.com\/es\/#\/schema\/logo\/image\/\",\"url\":\"https:\/\/www.pressenza.com\/wp-content\/uploads\/2022\/10\/pressenza_logo_200x200.jpg\",\"contentUrl\":\"https:\/\/www.pressenza.com\/wp-content\/uploads\/2022\/10\/pressenza_logo_200x200.jpg\",\"width\":200,\"height\":200,\"caption\":\"Pressenza\"},\"image\":{\"@id\":\"https:\/\/www.pressenza.com\/es\/#\/schema\/logo\/image\/\"},\"sameAs\":[\"https:\/\/www.facebook.com\/PressenzaItalia\",\"https:\/\/x.com\/PressenzaIPA\"]},{\"@type\":\"Person\",\"@id\":\"https:\/\/www.pressenza.com\/es\/#\/schema\/person\/883a735c40665759bcc6fe0c26bcb46f\",\"name\":\"Redacci\u00f3n Ecuador\",\"description\":\"News published by the Pressenza bureau in Quito, Ecuador\",\"url\":\"https:\/\/www.pressenza.com\/es\/author\/redaccion-ecuador\/\"}]}<\/script>\n<!-- \/ Yoast SEO plugin. -->","yoast_head_json":{"title":"Crisis \"generalizada\" en derechos humanos en M\u00e9xico","description":"Por Eduardo Ibarra Aguirre para alainet.net Acostumbrado como probablemente estaba el titular del Ejecutivo federal a escuchar los informes edulcorados de","robots":{"index":"index","follow":"follow","max-snippet":"max-snippet:-1","max-image-preview":"max-image-preview:large","max-video-preview":"max-video-preview:-1"},"canonical":"https:\/\/www.pressenza.com\/es\/2015\/03\/mexico-crisis-generalizada-en-derechos-humanos\/","og_locale":"es_ES","og_type":"article","og_title":"Crisis \"generalizada\" en derechos humanos en M\u00e9xico","og_description":"Por Eduardo Ibarra Aguirre para alainet.net Acostumbrado como probablemente estaba el titular del Ejecutivo federal a escuchar los informes edulcorados de","og_url":"https:\/\/www.pressenza.com\/es\/2015\/03\/mexico-crisis-generalizada-en-derechos-humanos\/","og_site_name":"Pressenza","article_publisher":"https:\/\/www.facebook.com\/PressenzaItalia","article_published_time":"2015-03-30T00:35:59+00:00","article_modified_time":"2015-03-30T09:37:54+00:00","og_image":[{"width":614,"height":280,"url":"https:\/\/www.pressenza.com\/wp-content\/uploads\/2015\/03\/foto_desaparecidos_telesur_small.jpg","type":"image\/jpeg"}],"author":"Redacci\u00f3n Ecuador","twitter_card":"summary_large_image","twitter_creator":"@PressenzaIPA","twitter_site":"@PressenzaIPA","twitter_misc":{"Escrito por":"Redacci\u00f3n Ecuador","Tiempo de lectura":"3 minutos"},"schema":{"@context":"https:\/\/schema.org","@graph":[{"@type":"Article","@id":"https:\/\/www.pressenza.com\/es\/2015\/03\/mexico-crisis-generalizada-en-derechos-humanos\/#article","isPartOf":{"@id":"https:\/\/www.pressenza.com\/es\/2015\/03\/mexico-crisis-generalizada-en-derechos-humanos\/"},"author":{"name":"Redacci\u00f3n Ecuador","@id":"https:\/\/www.pressenza.com\/es\/#\/schema\/person\/883a735c40665759bcc6fe0c26bcb46f"},"headline":"Crisis \u00abgeneralizada\u00bb en derechos humanos en M\u00e9xico","datePublished":"2015-03-30T00:35:59+00:00","dateModified":"2015-03-30T09:37:54+00:00","mainEntityOfPage":{"@id":"https:\/\/www.pressenza.com\/es\/2015\/03\/mexico-crisis-generalizada-en-derechos-humanos\/"},"wordCount":617,"publisher":{"@id":"https:\/\/www.pressenza.com\/es\/#organization"},"image":{"@id":"https:\/\/www.pressenza.com\/es\/2015\/03\/mexico-crisis-generalizada-en-derechos-humanos\/#primaryimage"},"thumbnailUrl":"https:\/\/www.pressenza.com\/wp-content\/uploads\/2015\/03\/foto_desaparecidos_telesur_small.jpg","keywords":["Derechos humanos","indignados","manifestaci\u00f3n","protestas sociales","represi\u00f3n","Violencia"],"articleSection":["Am\u00e9rica Central","Derechos Humanos"],"inLanguage":"es"},{"@type":"WebPage","@id":"https:\/\/www.pressenza.com\/es\/2015\/03\/mexico-crisis-generalizada-en-derechos-humanos\/","url":"https:\/\/www.pressenza.com\/es\/2015\/03\/mexico-crisis-generalizada-en-derechos-humanos\/","name":"Crisis \"generalizada\" en derechos humanos en M\u00e9xico","isPartOf":{"@id":"https:\/\/www.pressenza.com\/es\/#website"},"primaryImageOfPage":{"@id":"https:\/\/www.pressenza.com\/es\/2015\/03\/mexico-crisis-generalizada-en-derechos-humanos\/#primaryimage"},"image":{"@id":"https:\/\/www.pressenza.com\/es\/2015\/03\/mexico-crisis-generalizada-en-derechos-humanos\/#primaryimage"},"thumbnailUrl":"https:\/\/www.pressenza.com\/wp-content\/uploads\/2015\/03\/foto_desaparecidos_telesur_small.jpg","datePublished":"2015-03-30T00:35:59+00:00","dateModified":"2015-03-30T09:37:54+00:00","description":"Por Eduardo Ibarra Aguirre para alainet.net Acostumbrado como probablemente estaba el titular del Ejecutivo federal a escuchar los informes edulcorados de","breadcrumb":{"@id":"https:\/\/www.pressenza.com\/es\/2015\/03\/mexico-crisis-generalizada-en-derechos-humanos\/#breadcrumb"},"inLanguage":"es","potentialAction":[{"@type":"ReadAction","target":["https:\/\/www.pressenza.com\/es\/2015\/03\/mexico-crisis-generalizada-en-derechos-humanos\/"]}]},{"@type":"ImageObject","inLanguage":"es","@id":"https:\/\/www.pressenza.com\/es\/2015\/03\/mexico-crisis-generalizada-en-derechos-humanos\/#primaryimage","url":"https:\/\/www.pressenza.com\/wp-content\/uploads\/2015\/03\/foto_desaparecidos_telesur_small.jpg","contentUrl":"https:\/\/www.pressenza.com\/wp-content\/uploads\/2015\/03\/foto_desaparecidos_telesur_small.jpg","width":614,"height":280},{"@type":"BreadcrumbList","@id":"https:\/\/www.pressenza.com\/es\/2015\/03\/mexico-crisis-generalizada-en-derechos-humanos\/#breadcrumb","itemListElement":[{"@type":"ListItem","position":1,"name":"Accueil","item":"https:\/\/www.pressenza.com\/es\/"},{"@type":"ListItem","position":2,"name":"Crisis \u00abgeneralizada\u00bb en derechos humanos en M\u00e9xico"}]},{"@type":"WebSite","@id":"https:\/\/www.pressenza.com\/es\/#website","url":"https:\/\/www.pressenza.com\/es\/","name":"Pressenza","description":"International Press Agency","publisher":{"@id":"https:\/\/www.pressenza.com\/es\/#organization"},"potentialAction":[{"@type":"SearchAction","target":{"@type":"EntryPoint","urlTemplate":"https:\/\/www.pressenza.com\/es\/?s={search_term_string}"},"query-input":{"@type":"PropertyValueSpecification","valueRequired":true,"valueName":"search_term_string"}}],"inLanguage":"es"},{"@type":"Organization","@id":"https:\/\/www.pressenza.com\/es\/#organization","name":"Pressenza","url":"https:\/\/www.pressenza.com\/es\/","logo":{"@type":"ImageObject","inLanguage":"es","@id":"https:\/\/www.pressenza.com\/es\/#\/schema\/logo\/image\/","url":"https:\/\/www.pressenza.com\/wp-content\/uploads\/2022\/10\/pressenza_logo_200x200.jpg","contentUrl":"https:\/\/www.pressenza.com\/wp-content\/uploads\/2022\/10\/pressenza_logo_200x200.jpg","width":200,"height":200,"caption":"Pressenza"},"image":{"@id":"https:\/\/www.pressenza.com\/es\/#\/schema\/logo\/image\/"},"sameAs":["https:\/\/www.facebook.com\/PressenzaItalia","https:\/\/x.com\/PressenzaIPA"]},{"@type":"Person","@id":"https:\/\/www.pressenza.com\/es\/#\/schema\/person\/883a735c40665759bcc6fe0c26bcb46f","name":"Redacci\u00f3n Ecuador","description":"News published by the Pressenza bureau in Quito, Ecuador","url":"https:\/\/www.pressenza.com\/es\/author\/redaccion-ecuador\/"}]}},"place":"M\u00e9xico DF","original_article_url":"","_links":{"self":[{"href":"https:\/\/www.pressenza.com\/es\/wp-json\/wp\/v2\/posts\/173784","targetHints":{"allow":["GET"]}}],"collection":[{"href":"https:\/\/www.pressenza.com\/es\/wp-json\/wp\/v2\/posts"}],"about":[{"href":"https:\/\/www.pressenza.com\/es\/wp-json\/wp\/v2\/types\/post"}],"author":[{"embeddable":true,"href":"https:\/\/www.pressenza.com\/es\/wp-json\/wp\/v2\/users\/1011"}],"replies":[{"embeddable":true,"href":"https:\/\/www.pressenza.com\/es\/wp-json\/wp\/v2\/comments?post=173784"}],"version-history":[{"count":0,"href":"https:\/\/www.pressenza.com\/es\/wp-json\/wp\/v2\/posts\/173784\/revisions"}],"wp:featuredmedia":[{"embeddable":true,"href":"https:\/\/www.pressenza.com\/es\/wp-json\/wp\/v2\/media\/173785"}],"wp:attachment":[{"href":"https:\/\/www.pressenza.com\/es\/wp-json\/wp\/v2\/media?parent=173784"}],"wp:term":[{"taxonomy":"category","embeddable":true,"href":"https:\/\/www.pressenza.com\/es\/wp-json\/wp\/v2\/categories?post=173784"},{"taxonomy":"post_tag","embeddable":true,"href":"https:\/\/www.pressenza.com\/es\/wp-json\/wp\/v2\/tags?post=173784"}],"curies":[{"name":"wp","href":"https:\/\/api.w.org\/{rel}","templated":true}]}}