{"id":1737774,"date":"2023-05-07T23:29:42","date_gmt":"2023-05-07T22:29:42","guid":{"rendered":"https:\/\/www.pressenza.com\/?p=1737774"},"modified":"2023-05-07T23:29:42","modified_gmt":"2023-05-07T22:29:42","slug":"peru-piura-del-desastre-en-curso-al-riesgo-de-mayor-desastre-con-el-nino-global","status":"publish","type":"post","link":"https:\/\/www.pressenza.com\/es\/2023\/05\/peru-piura-del-desastre-en-curso-al-riesgo-de-mayor-desastre-con-el-nino-global\/","title":{"rendered":"[Per\u00fa] Piura: del desastre en curso al riesgo de mayor desastre con el Ni\u00f1o Global"},"content":{"rendered":"<p>Por Marlene Castillo Fern\u00e1ndez*<\/p>\n<p>7 de mayo, 2023.- Los pron\u00f3sticos publicados recientemente en el Informe del Comit\u00e9 Multisectorial Encargado del Estudio Nacional del Fen\u00f3meno El Ni\u00f1o, (EFEN),\u00a0nos advierten de un escenario prolongado de calentamiento del mar peruano, en el per\u00edodo marcado por El Ni\u00f1o Costero actualmente en desarrollo y por el altamente probable Ni\u00f1o Global.<\/p>\n<p>En consecuencia, estamos advertidos\/as de la probable ocurrencia de los eventos peligrosos que se desencadenar\u00e1n con estos dos Ni\u00f1os, en dos tiempos. Lo que unido a la alta exposici\u00f3n y vulnerabilidad de sociedades en territorios donde impactan dichos eventos, nos remite a pronosticar, si se concretaran, en un per\u00edodo de desastres acumulables socio-territoriales en la costa peruana y con mayor magnitud en Piura.<\/p>\n<p>Este art\u00edculo analiza estos escenarios peligrosos, actual y pronosticado, e ilustra en el caso de la regi\u00f3n Piura, la construcci\u00f3n social del desastre actual y las cifras de los da\u00f1os\/afectaciones a fines de abril 2023.<\/p>\n<p>Se insiste en la necesidad gubernamental de aplicar una doble pista de gesti\u00f3n del riesgo de desastre: una, de <strong>gesti\u00f3n reactiva<\/strong> para continuar la mitigaci\u00f3n del desastre actual (declarado en emergencia), y, otra de activar desde ahora con sentido de urgencia, la <strong>gesti\u00f3n correctiva<\/strong> para prevenir reduciendo la vulnerabilidad existente riesgosa ante el pron\u00f3stico del Ni\u00f1o Global, en los probables 7 meses de tregua. Gesti\u00f3n y actuaci\u00f3n concertada y con participaci\u00f3n ciudadana en cada cuenca principal.<\/p>\n<h3 class=\"nota-interior-subtitulo\"><strong>Nunca antes hab\u00edamos encarado escenarios riesgosos en dos tiempos, entre el Ni\u00f1o costero actual y el Ni\u00f1o global anunciado (las dos versiones del FEN)<\/strong><\/h3>\n<p>Nunca antes el Per\u00fa, la costa y especialmente Piura, encararon un escenario abierto y prolongado calentamiento del mar (marzo 2023 a marzo 2024) que se inicia con El Ni\u00f1o Costero actual (sur de Ecuador y norte de Per\u00fa, surge en la denominada Regi\u00f3n Ni\u00f1o 1+2 o tambi\u00e9n Oc\u00e9ano Pac\u00edfico Oriental) luego de apenas 6 a\u00f1os del Ni\u00f1o Costero 2017 (frecuencia de ocurrencia in\u00e9dita), y culmina con el probable Ni\u00f1o Global\/ENSO (Oc\u00e9ano Pac\u00edfico Tropical, que surge en la denominada Regi\u00f3n Ni\u00f1o 3+4 o tambi\u00e9n Oc\u00e9ano Pac\u00edfico Central), de acuerdo a la tendencia actual y a los pron\u00f3sticos publicados de las instituciones oficiales expertas.<\/p>\n<p>Se confirma una vez m\u00e1s la conclusi\u00f3n pionera de un cient\u00edfico paite\u00f1o de que <em>\u201c<\/em>cada evento de El Ni\u00f1o tiene sus particularidades, no es exactamente igual que el anterior\u201d (Manuel Vegas V\u00e9lez, 1996).<\/p>\n<blockquote><p>Este fen\u00f3meno extremo in\u00e9dito, no es s\u00f3lo un producto directo de la naturaleza (&#8230;), sino tambi\u00e9n de la alteraci\u00f3n que ocasiona en esas variables y su interacci\u00f3n a causa del intenso y acelerado cambio clim\u00e1tico que ha producido la actividad humana durante al menos siglo y medio.<\/p><\/blockquote>\n<p>Este fen\u00f3meno extremo in\u00e9dito, no es s\u00f3lo un producto directo de la naturaleza (relaci\u00f3n oc\u00e9ano-atmosf\u00e9rica donde interviene el calentamiento del mar, la direcci\u00f3n y velocidad del sistema de vientos vinculados y el efecto de la estacionalidad clim\u00e1tica, por ejemplo), sino tambi\u00e9n de la alteraci\u00f3n que ocasiona en esas variables y su interacci\u00f3n a causa del intenso y acelerado cambio clim\u00e1tico que ha producido la actividad humana durante al menos siglo y medio.<\/p>\n<p>Por ello habr\u00eda que caracterizarlo como un fen\u00f3meno de doble causa: socio-natural. Una mayor intensidad y magnitud, as\u00ed como una mayor frecuencia de ocurrencia del Fen\u00f3meno El Ni\u00f1o extraordinario (variabilidad extrema) est\u00e1 considerado como impacto del cambio clim\u00e1tico mundial, en los Informes del Panel Intergubernamental de Cambio Clim\u00e1tico (IPCC).<\/p>\n<p>Para actuar gestionando el riesgo de desastre hay que aplicar el an\u00e1lisis de riesgo. Esto lo aprend\u00ed en Piura, en una consultor\u00eda para identificar los escenarios de riesgo-Piura en contexto de El Ni\u00f1o. El primer componente para calificar el riesgo de desastre es identificar, mapear y evaluar el impacto de los eventos peligrosos del Fen\u00f3meno El Ni\u00f1o, que pueden representar una amenaza (peligro) para la sociedad\/territorio que est\u00e1n expuestos y vulnerables a ser da\u00f1ados\/afectados de tal modo que esta sociedad de una localidad\/regi\u00f3n\/pa\u00eds no pueda recuperarse por s\u00ed misma, sino que requiere ayuda externa; es decir, una sociedad\/territorio en una situaci\u00f3n de desastre social. No es un desastre natural.<\/p>\n<p>El sostenido calentamiento del mar frente a la costa peruana es un indicio de que puede gestarse un Fen\u00f3meno El Ni\u00f1o-FEN. Este Fen\u00f3meno desencadena una serie de eventos (por ejemplo, las lluvias intensas continuas que conllevan activaci\u00f3n de quebradas\/r\u00edos, inundaci\u00f3n, deslizamientos, huaicos, desbordes de r\u00edos\/lagunas) que pueden ser peligrosos. El principal indicador de ese calentamiento es la anomal\u00eda positiva de la Temperatura Superficial del Mar (TSM); es decir, los grados de calor por encima del promedio hist\u00f3rico del mar (del per\u00edodo 1991-2020). Una de las zonas primeras que mostr\u00f3 ese calentamiento fue el mar frente al muelle de Paita (Piura), que registra una anomal\u00eda de 6 grados cent\u00edgrados de calor (+6) este 2 mayo (Bolet\u00edn Diario Oceanogr\u00e1fico No. 121\u2013 IMARPE).<\/p>\n<h3 class=\"nota-interior-subtitulo\"><strong>El escenario peligroso actual<\/strong><\/h3>\n<p>A m\u00e1s de 2 meses de calentamiento del mar (marzo-abril), no cabe duda de que estamos en el contexto de desarrollo del Ni\u00f1o Costero. Empez\u00f3 en condici\u00f3n de c\u00e1lido d\u00e9bil para pasar en marzo-abril-mayo a condici\u00f3n de c\u00e1lido fuerte. Los registros de anomal\u00edas de la TSM de esa zona-Paita nos permiten ilustrar las fases del Ni\u00f1o Costero actualmente en curso:<\/p>\n<ol>\n<li><u>Fase inicial de activaci\u00f3n<\/u>. Con anomal\u00edas positivas menores a 3 grados (+0.5\u00b0C\/21 enero; +2.6\u00b0C \/24 febrero). Las intensas lluvias se concentraron en la zona andina del norte. Especialmente en el Alto Piura (Chulucanas-Morrop\u00f3n) y la sierra piurana, activando quebradas y deslizamientos (Canchaque-Huancabamba).<\/li>\n<li><u>Fase de desarrollo del Ni\u00f1o Costero<\/u>. Con tendencia sostenida de r\u00e1pido aumento de anomal\u00edas positivas. Primero, una etapa breve, con la aparici\u00f3n y desplazamiento del cicl\u00f3n \u201cYaku\u201d con anomal\u00edas mayores de 3 grados (+3.4\u00b0C\/8 marzo; +4.7\u00b0C\/15 marzo; (+5.2\u00b0C\/17 marzo); contexto en el que la Comisi\u00f3n Multisectorial-EFEN comunica que se ha pasado del Estado de Vigilancia al Estado de Alerta de El Ni\u00f1o Costero. Segundo, una etapa postcicl\u00f3n, m\u00e1s caliente, con frecuencia en el rango de 5 a 6 grados;(+5.6\u00b0C\/17 abril; +6.2\u00b0C\/26 abril). En esta fase no s\u00f3lo contin\u00faan la frecuente ocurrencia de intensas lluvias en el sur de Ecuador y la costa del Per\u00fa, sino se producen desbordes de los r\u00edos pr\u00f3ximos a las ciudades y los campos de cultivo como est\u00e1 sucediendo en Tumbes y en Sullana-Paita. En la cuenca del r\u00edo Piura, en el mes de marzo, por ejemplo, se produce la expansi\u00f3n territorial y desborde de la laguna La Ni\u00f1a (Sechura), activaci\u00f3n y desbordes de quebradas o r\u00edos (Alto y Medio Piura), colapso de drenaje pluvial e inundaci\u00f3n en las ciudades (Piura, Catacaos, otros). En la cuenca del r\u00edo Chira, en el mes de abril, por ejemplo, se producen desbordes de canales (Miguel Checa) y del r\u00edo (ruptura de dique) en la zona pr\u00f3xima a su desembocadura en el mar (distritos de la prov. Paita).<\/li>\n<\/ol>\n<h3 class=\"nota-interior-subtitulo\"><strong>El escenario peligroso pronosticado enero-marzo 2024<\/strong><\/h3>\n<p>De acuerdo con el pron\u00f3stico de las instituciones oficiales expertas basados en estudios al 28 abril 2023, probablemente tendr\u00edamos calentamiento del mar prolongado debido al Ni\u00f1o Costero actual y a la gestaci\u00f3n del Ni\u00f1o Global en el Oc\u00e9ano Pac\u00edfico Central (Ni\u00f1o 3+4) que empezar\u00eda en el mes de junio de este a\u00f1o. No tiene certeza al 100% porque la variabilidad real no es controlada por el hombre, y la conjugaci\u00f3n de factores tal como el efecto de la estacionalidad real (FEN en invierno) por ejemplo podr\u00edan atenuar\/moderar ese calentamiento. No es una especulaci\u00f3n tampoco. Es un pron\u00f3stico de ahora basado en modelaciones cient\u00edficas y juicios de expertos de la Comisi\u00f3n EFEN, los que conforme se actualicen y procesen los datos conducir\u00e1 a que los pron\u00f3sticos se ajusten, lo que en perspectiva optimista podr\u00eda darnos una tregua de 7 meses. Por ahora, el pron\u00f3stico resumido es este:<\/p>\n<ul>\n<li>Por una parte, 5 meses m\u00e1s con el Ni\u00f1o Costero: mayo en condici\u00f3n de c\u00e1lido fuerte y de junio a setiembre en condici\u00f3n de c\u00e1lido moderado seguido de cerca por la probabilidad de c\u00e1lido d\u00e9bil; lo que podr\u00eda darnos una tregua de 4 meses.<\/li>\n<\/ul>\n<ul>\n<li>Por otra parte, probablemente tres meses de tregua, desde octubre hasta diciembre, etapa en que se estar\u00eda gestando el Ni\u00f1o Global en la regi\u00f3n del Oc\u00e9ano Pac\u00edfico Central (Ni\u00f1o 3+4), cuya expansi\u00f3n\/localizaci\u00f3n en el mar frente a la costa norte ocurrir\u00eda el primer trimestre del a\u00f1o 2004, calentar\u00eda a nuestro mar en condici\u00f3n de c\u00e1lido d\u00e9bil\/moderado (sujeto a ajuste de acuerdo a las tendencias reales junio-diciembre).<\/li>\n<\/ul>\n<p>Esas referencias son las que estar\u00edan llevando a que las autoridades nacionales del Poder Ejecutivo, incluida la Autoridad de Reconstrucci\u00f3n con Cambios (ARCC) adscrita a la PCM, est\u00e9n recientemente afirmando p\u00fablicamente que se cuenta con 7 meses de tregua clim\u00e1tica para anticipar intervenciones como parte de la preparaci\u00f3n ante el trimestre del Ni\u00f1o\/ENSO.<\/p>\n<p>La Tabla siguiente ilustra los pron\u00f3sticos de las tres fuentes que expone y analiza la Comisi\u00f3n Multisectorial EFEN en su reciente publicaci\u00f3n (28-04-2023).<br \/>\n<img decoding=\"async\" src=\"http:\/\/www.servindi.org\/sites\/default\/files\/editor\/mcf_7may23_1.png\" alt=\"\" \/><\/p>\n<p><u>En conclusi\u00f3n<\/u>: definitivamente todos los actores, empezando por las autoridades pol\u00edticas y administrativas de todos los niveles de gobierno y sectores, as\u00ed como los de la ciudadan\u00eda organizada y el sector privado, tienen que revisar las pol\u00edticas\/planes\/medidas\/proyectos\/actividades que ten\u00edan programado realizar este a\u00f1o 2023, para priorizar aquellas que atiendan no s\u00f3lo la mitigaci\u00f3n asociada a la emergencia durante el desastre actualmente en curso, sino tambi\u00e9n incorporar, adaptar y priorizar alternativas viables en 7 meses que tengan mayor efecto reduciendo la vulnerabilidad existente en cada cuenca que corre el riesgo de desastre con el Ni\u00f1o Global.<\/p>\n<p>A los negacionistas del pron\u00f3stico que la descalifican repitiendo que es una mera especulaci\u00f3n, hay que contestarles que el principio precautorio de corregir el riesgo existente se impone por la probabilidad de un mayor desastre especialmente en la costa y en el departamento de Piura que aqu\u00ed desarrollamos.<\/p>\n<h3 class=\"nota-interior-subtitulo\"><strong>Piura: escenario de desastre construido socialmente en contexto de El Ni\u00f1o Costero actual<\/strong><\/h3>\n<p><strong>El desastre es social<\/strong>. Es la materializaci\u00f3n del extremo riesgo que se ha configurado cuando el fen\u00f3meno que conlleva eventos peligrosos act\u00faa en un territorio\/una sociedad que est\u00e1 expuesta a sus efectos e impactos y que no tiene capacidad de anticipar y actuar para evitar\/reducir\/resistir dichos impactos (vulnerabilidad) con sus propias fuerzas\/recursos.<\/p>\n<p>El desastre no es natural. Por ejemplo, el bosque seco de algarrobos, zapote y faique aprovechado para la crianza de caprinos en los desiertos del Bajo Piura est\u00e1 expuesto a las lluvias intensas y temperaturas extremas del Ni\u00f1o, pero no es vulnerable, ah\u00ed no hay desastre; contrario a lo que sucede en las ciudades y valles, las extraordinarias lluvias del Ni\u00f1o recargan las aguas subterr\u00e1neas e impactan en la extendida regeneraci\u00f3n natural del bosque. La vulnerabilidad se construye socialmente. Por ejemplo, el aumento del nivel de sedimentaci\u00f3n (fondo del suelo) en el cauce del r\u00edo Piura, despu\u00e9s del Ni\u00f1o Costero, durante esos 5 a\u00f1os no se hizo descolmataci\u00f3n efectiva; en consecuencia, la ciudad se inundar\u00eda con un caudal (1,950 m3\/s) que representa el 56% de caudal desbordable de marzo del 2017.<\/p>\n<p>De modo similar, la capacidad de almacenamiento de agua de la represa Poechos en la cuenca del Chira, a casi 50 a\u00f1os de operatividad, ha disminuido en m\u00e1s del 50%, por el alto nivel de sedimentaci\u00f3n del suelo; por lo que ha aumentado el riesgo de descarga peligrosa de agua al r\u00edo Chira, por el aliviadero, como sucedi\u00f3 a fines de abril de este a\u00f1o.<\/p>\n<p>Pasemos a mostrar la responsabilidad p\u00fablica\/privada en la construcci\u00f3n del riesgo de desastre actual en el contexto del Ni\u00f1o Costero. Seleccionando las noticias que incorporan evaluaci\u00f3n ciudadana\/municipal de las causas que podr\u00edan explicar el desastre que est\u00e1n sufriendo, ilustramos los tipos de irresponsabilidad p\u00fablica-privada que configuran esta vulnerabilidad riesgosa en los desastres en Piura, con 8 casos.<\/p>\n<ol>\n<li><u>Obras de prevenci\u00f3n en el r\u00edo Piura para evitar la inundaci\u00f3n no fueron priorizadas el 2019 por las autoridades locales, regionales ni nacionales<\/u>. Noticia de hace m\u00e1s de 3 a\u00f1os (Diario Correo; 15-09-2019):\u201cEl especialista hidr\u00e1ulico del Colegio de Ingenieros de Piura,\u00a0<strong>Andr\u00e9s Farf\u00e1n Alb\u00e1n<\/strong>, se\u00f1al\u00f3 que existen obras de prevenci\u00f3n en el r\u00edo\u00a0<strong>Piura\u00a0<\/strong>que no han sido priorizadas por las autoridades y que son vitales para evitar nuevas inundaciones. Una de estas acciones preventivas es<strong>\u00a0el mantenimiento de los puentes<\/strong>\u00a0que se ubican a lo largo del cauce del r\u00edo<strong>\u00a0Piura<\/strong>\u00a0y que actualmente se encuentran deteriorados tras el fen\u00f3meno de El Ni\u00f1o Costero del 2017. \u00a0(\u2026) \u00a0no se ha evaluado c\u00f3mo se encuentran estos puentes ni se ha verificado si resistir\u00e1n las grandes avenidas de agua en el pr\u00f3ximo periodo lluvioso.\n<p><em>\u201c<\/em>Se debe ampliar la longitud el puente C\u00e1ceres unos 80 metros para ganar \u00e1rea hidr\u00e1ulica y reducir las velocidades erosivas y turbulentas, y as\u00ed evitar un posible colapso\u201d, se\u00f1al\u00f3 Farf\u00e1n <em>(\u2026) <\/em>Otra de las acciones inmediatas se\u00f1aladas por el miembro del Colegio de Ingenieros de\u00a0<strong>Piura<\/strong>\u00a0es el\u00a0<strong>enrocamiento del dique derecho<\/strong>\u00a0a la altura de la zona de Quinta Julia para evitar inundaciones en esa zona.<\/p>\n<p>\u201cFalta una Autoridad Aut\u00f3noma del r\u00edo Piura que controle y fiscalice todos los proyectos del r\u00edo en el casco urbano y\u00a0<strong>Bajo Piura<\/strong>, ya que actualmente no hay un consenso entre las autoridades con respecto a las medidas t\u00e9cnicas que se deben adoptar\u201d, indic\u00f3 Farf\u00e1n.<\/p>\n<p>Sobre la colocaci\u00f3n de las geobolsas en el dique izquierdo del\u00a0<strong>Bajo <\/strong><strong>Piura<\/strong>, se\u00f1al\u00f3 que\u00a0<strong>esa <\/strong><strong>alternativa <\/strong><strong>se usa en situaciones de emergencia y es temporal. <\/strong><em>\u201c<\/em>No estamos en emergencia, debemos tomar acciones t\u00e9cnicas inmediatas de prevenci\u00f3n ante un posible fen\u00f3meno lluvioso, el enrocado es una soluci\u00f3n m\u00e1s duradera y rentable\u201d.<\/li>\n<\/ol>\n<ol>\n<li value=\"2\"><u>Negligencia en el ejercicio de funciones de la entidad competente de asegurar la descolmataci\u00f3n del r\u00edo Piura post-Ni\u00f1o costero 2017.<\/u> Especialista de la Udep: Urge conocer el nivel de sedimentaci\u00f3n del cauce del r\u00edo y de la pendiente del fondo del r\u00edo Piura, despu\u00e9s del Ni\u00f1o Costero 2017, en puntos cr\u00edticos de su recorrido por la ciudad hasta su desembocadura. En la noticia (Radio Cutival\u00fa, 10-03-2023):<\/li>\n<\/ol>\n<ol>\n<li value=\"3\"><u>Obstrucci\u00f3n de cauces con materiales de arrastre de obras del sector privado<strong>, <\/strong>sin fiscalizaci\u00f3n ni sanci\u00f3n<\/u>. Caso de deslizamiento y destrucci\u00f3n de v\u00eda y viviendas en Canchaque (Huancabamba). T\u00edtulo de la noticia: \u201cResponsabilizan a empresa M\u00e1laga por huaico ocurrido en Canchaque\u201d\u00a0(Radio Cutival\u00fa, 16-03-23):\u201cIlbic Arrieta V\u00e1squez, dirigente de Palambla, se\u00f1al\u00f3 que el huaico ocurrido en la noche del mi\u00e9rcoles no es producto de las intensas lluvias sino producto de la irresponsabilidad de la empresa M\u00e1laga, constructora de la carretera Canchaque- Huancabamba.\n<p>\u201cLa empresa ha dejado toneladas de tierra abandonada en la cabecera de Puente Fierro y Cruz Blanco donde nace el r\u00edo Piura. Esto lo denunciamos hace dos a\u00f1os\u201d<em> (\u2026) A<\/em>rrieta indic\u00f3 que el peligro fue advertido a los congresistas piuranos Miguel Ciccia y Heidy Juarez pero \u201cno hicieron nada\u201d.<\/li>\n<\/ol>\n<ol>\n<li value=\"4\"><u>Construcci\u00f3n de carreteras sin considerar el \u00e1mbito de mayor impacto de activaci\u00f3n de lagunas, que adem\u00e1s ya tienen antecedentes en los pasados FEN extraordinarios<\/u>. Es el caso emblem\u00e1tico hecho noticia digital titulado: \u201cIncremento de la Laguna la Ni\u00f1a destroza la carretera Bay\u00f3var \u2013 Chiclayo\u201d (Radio Cutival\u00fa; 21-03-2023):\u201cLa carretera est\u00e1 represando las aguas del r\u00edo Piura porque las alcantarillas son pocas y no tienen la capacidad suficiente para que toda el agua que viene del r\u00edo Piura pase a la zona de Reventaz\u00f3n\u201d, explic\u00f3 Reyes Ruiz. Reyes Ruiz indic\u00f3 que el puente est\u00e1 destruido y luego de que baje el nivel del agua se debe construir el puente que ha sido planteado en el Plan Maestro del r\u00edo Piura y as\u00ed evitar un nuevo colapso ante un posible Ni\u00f1o Costero.\n<p>Se\u00f1al\u00f3 que como la carretera se ha convertido en un dique y el agua al no fluir hacia el mar ha tenido como consecuencia que esta llegue al Estuario de Virril\u00e1 afectando a los maricultores. con sus sembr\u00edos de concha de abanico. El funcionario a\u00f1adi\u00f3 que se debe hacer el encauzamiento del canal Chutuque para que el agua fluya\u201d.<\/li>\n<\/ol>\n<ol>\n<li value=\"5\"><u>Expansi\u00f3n insegura\/invasiva de la urbanizaci\u00f3n \u2013 viviendas, grifos, centros comerciales, carreteras \u2013 en las cuencas ciegas\/depresiones de la ciudad de Piura y sin que la autoridad competente asegure la correspondiente red de drenaje pluvial<\/u>.\u00a0La exposici\u00f3n detalladamente mapeada de la construcci\u00f3n de esta vulnerabilidad cr\u00edtica puede revisarse a modo de hilo (06-04-2023) en el siguiente link:<\/li>\n<\/ol>\n<blockquote class=\"twitter-tweet\" data-width=\"500\" data-dnt=\"true\">\n<p lang=\"es\" dir=\"ltr\">Quer\u00eda empezar el d\u00eda explicando los problemas de inundaci\u00f3n de Piura, qu\u00e9 cosas ha hecho la ciudad para resolver algunas cuencas y c\u00f3mo se configura el mapa de canales \/ drenes y lagunas de la ciudad. Esto es \u00fatil, sobre todo, para la prensa for\u00e1nea. <a href=\"https:\/\/t.co\/GOzpdXkqgu\">pic.twitter.com\/GOzpdXkqgu<\/a><\/p>\n<p>&mdash; bull.eth (@baumandemetz) <a href=\"https:\/\/twitter.com\/baumandemetz\/status\/1643944503600922625?ref_src=twsrc%5Etfw\">April 6, 2023<\/a><\/p><\/blockquote>\n<p><script async src=\"https:\/\/platform.twitter.com\/widgets.js\" charset=\"utf-8\"><\/script><\/p>\n<ol>\n<li value=\"6\"><u>Corrupci\u00f3n en elaboraci\u00f3n de expedientes y construcci\u00f3n de obras de defensas ribere\u00f1as<\/u>. El caso reciente, con tres noticias. Por una parte, \u00a0noticia titulada: \u201cLosas de defensas ribere\u00f1as del r\u00edo Piura colapsan a menos de 5 meses de inauguradas\u201d (El Tiempo, 20-04-2023): el\u00a0<strong>Decano del Colegio de Ingenieros<\/strong>\u00a0de Piura, Hermer Alzamora Rom\u00e1n:<em>\u201c<\/em>Al parecer por las juntas de dilataci\u00f3n estar\u00eda filtrando el agua, la misma que al ingresar si no est\u00e1 bien puesta la geomembrana o tal vez no tiene geomembrana, empieza a lavar los finos, es decir la tierra, la arena lo que significa que empezar\u00eda a erosionar y no se act\u00faa de manera inmediata va a desbaratar el talud (Inclinaci\u00f3n de un terreno). Gracias a dios que el agua nos est\u00e1 dando una tregua porque si sube el nivel puede afectar el resto de losas y perjudicar varios tramos de la ribera, porque esas fisuras (en las juntas de dilataci\u00f3n) ya se est\u00e1n evidenciando en otros espacios. Ahora con el r\u00edo lleno de agua no se puede trabajar de manera adecuada, as\u00ed que por ahora solo pueden parchar por el momento. la empresa\u00a0Pronte debe responder\u00a0ya que esta obra cuenta con una garant\u00eda de hasta 7 a\u00f1os\u201d, se\u00f1al\u00f3 el especialista\n<p>(\u2026), dichas defensas ser\u00edan para proteger por 100 a\u00f1os a la poblaci\u00f3n, hecho que al parecer no se estar\u00eda cumpliendo hasta el momento; peor a\u00fan, en esta obra se invirtieron cerca de S\/ 500 millones\u201d. Por otra parte, el diario La Rep\u00fablica (22-04-2023):<\/p>\n<p>\u201cla<strong>\u00a0Contralor\u00eda<\/strong>\u00a0realiz\u00f3 una auditor\u00eda de cumplimiento al contrato inicial de esta obra y se identific\u00f3 presunta responsabilidad penal, civil o administrativa en 23 funcionarios y ex funcionarios del Gobierno Regional por sobrevaloraci\u00f3n de precios y otras irregularidades. En esa l\u00ednea, apunt\u00f3 que la entidad fiscalizadora inform\u00f3 sobre\u00a0<strong>27 situaciones adversas<\/strong>\u00a0durante los a\u00f1os 2017 y 2021 con respecto al procedimiento de selecci\u00f3n, expediente t\u00e9cnico, ejecuci\u00f3n de la obra, supervisi\u00f3n y contrataci\u00f3n directa para el saldo de obra\u201d.<\/p>\n<p>Recientemente (El Tiempo, 04-05-2023): \u201cSe repite la historia. Esta ma\u00f1ana se report\u00f3 un nuevo colapso de las losas de las defensas ribere\u00f1as del\u00a0r\u00edo Piura<strong>. <\/strong>Este hundimiento de la infraestructura que tiene menos de un a\u00f1o de inaugurado se ubica entre\u00a0<strong>Los Ejidos\u00a0<\/strong>y el \u00abcuarto puente\u00bb de\u00a0<strong>Castilla\u201d.<\/strong><\/li>\n<li value=\"7\"><u>Construcci\u00f3n de puente estrechando el cauce del r\u00edo (invadi\u00e9ndolo ganan terreno para negocios) a su paso por la ciudad de Piura<\/u>. Al respecto, cinco a\u00f1os antes de la importante revelaci\u00f3n reciente del especial de la \u201cLa Encerrona\u201d (01-05-2023), ya en el 2018, el arquitecto Gianella asegur\u00f3 que la inundaci\u00f3n que sufrieron las ciudades de Piura y Castilla en marzo de 2017, pudo haber sido potenciada por la forma en que se construy\u00f3 el Puente C\u00e1ceres. Seg\u00fan el especialista, esta construcci\u00f3n estar\u00eda contribuyendo a la estrechez del cauce del r\u00edo Piura\u201d (\u2026).\u00abEl puente C\u00e1ceres se concluy\u00f3 en 1995 sin respetar normas de dise\u00f1o y estrechando el cauce del r\u00edo mediante el relleno de la plataforma fluvial que exist\u00eda en su margen izquierda (Castilla). Como resultado, en marzo de 2017 actu\u00f3 como represa m\u00e1s que como puente\u00bb, sostuvo en ese entonces para Factortierra.net (Radio Cutival\u00fa, 24-04-2023).<\/li>\n<\/ol>\n<ol>\n<li value=\"8\"><u>Inacci\u00f3n de autoridades competentes ante reclamos de mantenimiento y reforzamiento de diques, antes y durante la actual emergencia<\/u>. Es el caso de la noticia reciente (RPP; 01-05-2023):\u201cEl \u00faltimo s\u00e1bado 29\u00a0<a href=\"https:\/\/rpp.pe\/peru\/actualidad\/piura-colan-se-prepara-para-evacuar-poblados-tras-ruptura-de-dique-del-rio-chira-noticia-1481648\">se registr\u00f3 la ruptura del dique 1020, ubicado en el Bajo Chira, Piura, lo que ocasion\u00f3 la inundaci\u00f3n de tierras aleda\u00f1as<\/a>. Las autoridades se encuentran habilitando<strong>\u00a0lugares de refugio<\/strong>\u00a0para la poblaci\u00f3n (\u2026),\u00a0<a href=\"https:\/\/rpp.pe\/peru\/actualidad\/piura-colan-se-prepara-para-evacuar-poblados-tras-ruptura-de-dique-del-rio-chira-noticia-1481648\">el alcalde del distrito de Col\u00e1n<\/a>,<strong>\u00a0Gerardo T\u00e1vara<\/strong>, en di\u00e1logo con\u00a0<em>RPP Noticias<\/em>, indic\u00f3 que una eventual ruptura del dique fue\u00a0<strong>advertida\u00a0<\/strong>a las autoridades regionales competentes, pero que no se hizo nada por evitarla (\u2026) <em>\u00ab<\/em>Hace 15 d\u00edas, venimos en conversaciones con el\u00a0<strong>PECHP\u00a0<\/strong>que, pr\u00e1cticamente, es el encargado del dique (sobre) la crecida del r\u00edo Chira en las \u00faltimas semanas y le hemos solicitado la\u00a0<strong>protecci\u00f3n\u00a0<\/strong>del dique en esa zona\u00bb, se\u00f1al\u00f3 en\u00a0Ampliaci\u00f3n de Noticias. \u00abPero la\u00a0<strong>inacci\u00f3n\u00a0<\/strong>de ellos, pr\u00e1cticamente, ha ocasionado que, en una noche, el r\u00edo socave el dique en solo dos horas. Intentamos todos los esfuerzos con la maquinaria que ten\u00edamos en el distrito, pero fue imposible\u00bb (\u2026).\n<p>\u00abEl dique fue construido en el a\u00f1o 1992 y, desde ese momento, ya no se le ha dado\u00a0<strong>mantenimiento<\/strong>. Todos los pe\u00f1ascos que se pusieron de protecci\u00f3n al dique en ese a\u00f1o, las lluvias y los fen\u00f3menos del Ni\u00f1o que hemos tenido (han hecho que) ya pr\u00e1cticamente esa protecci\u00f3n no exista. El dique est\u00e1 expuesto\u00a0<strong>en varios puntos<\/strong>\u00bb (\u2026) \u00abTodos los campos de cultivo est\u00e1n perdidos. Vivimos una desesperaci\u00f3n econ\u00f3mica porque es una zona totalmente agr\u00edcola y, con este desastre del r\u00edo, pr\u00e1cticamente, estamos en condiciones de desprotecci\u00f3n (\u2026) \u00abTenemos aproximadamente\u00a0<strong>3500 hect\u00e1reas<\/strong>\u00a0en las cuales los sembr\u00edos se han perdido. Tuvimos que evacuar\u00a0y algunos agricultores pudieron sacar sus caballos, sus vacas; pero animales menores como cerdos, gallinas, no han podido salir\u00bb, remarc\u00f3.<\/li>\n<\/ol>\n<h3 class=\"nota-interior-subtitulo\"><strong>La magnitud del desastre actual, producto socio-natural.<\/strong><\/h3>\n<p>El desastre es la materializaci\u00f3n del riesgo construido. Pasamos a comparar cifras del desastre del Ni\u00f1o Costero 2017 y del desastre en curso del actual.<\/p>\n<p>El Ni\u00f1o Costero 2017 dur\u00f3 5 meses y medio, los primeros registros de anomal\u00edas positivas datan de mediados de diciembre 2016 y se prolong\u00f3 ese calentamiento del mar hasta mayo del 2017. Fue calificado de Ni\u00f1o Extraordinario (la m\u00e1xima categor\u00eda de intensidad, despu\u00e9s de Ni\u00f1o C\u00e1lido Fuerte), en ese contexto de extrema peligrosidad de los eventos desencadenados se produjo desastres en 13 de los 24 departamentos del pa\u00eds. La magnitud de estos desastres se mide estad\u00edsticamente por la cantidad de da\u00f1os y afectaciones, en este caso el INDECI report\u00f3 a nivel nacional: 1 mill\u00f3n 783,000 personas entre damnificadas y afectadas; 414,000 viviendas entre destruidas y afectadas; 131,611 hect\u00e1reas de cultivo entre destruidas y afectadas, entre otros tipos de afectaci\u00f3n (Bolet\u00edn estad\u00edstico virtual de la gesti\u00f3n reactiva-INDEC-Julio 2017). \u00a0Los departamentos con m\u00e1s da\u00f1os\/afectaci\u00f3n de diverso orden fueron Piura y La Libertad.<\/p>\n<p>Comparativo en el caso del departamento de Piura. El Ni\u00f1o Costero 2023 tiene algo m\u00e1s de 2 meses y ha sido calificado de C\u00e1lido Fuerte. Al menos en el departamento de Piura (que cuenta con data actualizada al 29 de abril en la tarde) los da\u00f1os en Piura actuales equivalen al 34% de personas afectadas respecto al Ni\u00f1o Costero del 2017 (160,369 respecto a 464,974), al 67% de las viviendas afectadas (56,485 respecto a 83,957); al 35% de la superficie en producci\u00f3n agr\u00edcola destruida y afectada (5,420 hect\u00e1reas respecto a 15,342 ha).<\/p>\n<p>No son todos los tipos de da\u00f1os\/afectaciones, se ha seleccionado las que se pueden comparar, pero hay otras como el de las aulas destruidas, inhabitables y afectadas que suman 2,508 en el actual contexto; adem\u00e1s de centros de salud y carreteras afectados. Otro impacto del efecto combinado de extrema pluviosidad con estancamiento de aguas y altas temperaturas atmosf\u00e9ricas, es la expansi\u00f3n del dengue: 17,431casos registrados oficialmente, seg\u00fan el reporte de DIRESA- Ministerio de Salud al 2 mayo; la regi\u00f3n con m\u00e1s casos s nivel nacional. Ver la Tabla adjunta.<\/p>\n<p><img decoding=\"async\" src=\"http:\/\/www.servindi.org\/sites\/default\/files\/editor\/mcf_7may23_2.png\" alt=\"\" \/><\/p>\n<p>No hay video oficial que nos est\u00e9 mostrando la magnitud del desastre en curso, as\u00ed como las principales acciones realizadas, a fin de informar y sensibilizar a la ciudadan\u00eda nacional y especialmente lime\u00f1a e incentivar su solidaridad. Se est\u00e1 invisibilizando, porque seguramente se ha evaluado que ser\u00eda aumentar la conflictividad social y empeorar\u00eda la imagen p\u00fablica y el creciente divorcio popular del gobierno, puesto que las autoridades m\u00e1ximas de los poderes Ejecutivo y Legislativo no est\u00e1n respondiendo como se necesita.<\/p>\n<p>&#8212;<br \/>\n*\u00a0Marlene Castillo Fern\u00e1ndez\u00a0es ingeniera agr\u00f3noma por la Universidad Nacional Agraria La Molina. Naci\u00f3 en Aija, en \u00c1ncash, pero en la actualidad vive en Lima.<\/p>\n","protected":false},"excerpt":{"rendered":"<p>Por Marlene Castillo Fern\u00e1ndez* 7 de mayo, 2023.- Los pron\u00f3sticos publicados recientemente en el Informe del Comit\u00e9 Multisectorial Encargado del Estudio Nacional del Fen\u00f3meno El Ni\u00f1o, (EFEN),\u00a0nos advierten de un escenario prolongado de calentamiento del mar peruano, en el per\u00edodo&hellip;<\/p>\n","protected":false},"author":1256,"featured_media":1737776,"comment_status":"closed","ping_status":"closed","sticky":false,"template":"","format":"standard","meta":{"footnotes":""},"categories":[497,78,67],"tags":[54909,112654,50346],"class_list":["post-1737774","post","type-post","status-publish","format-standard","has-post-thumbnail","hentry","category-ciencia-tecnologia","category-medio-ambiente-ecologia","category-sudamerica","tag-clima-es","tag-nino-global","tag-piura"],"yoast_head":"<!-- This site is optimized with the Yoast SEO plugin v27.1.1 - https:\/\/yoast.com\/product\/yoast-seo-wordpress\/ -->\n<title>[Per\u00fa] Piura: del desastre en curso al riesgo de mayor desastre con el Ni\u00f1o Global<\/title>\n<meta name=\"description\" content=\"Por Marlene Castillo Fern\u00e1ndez* 7 de mayo, 2023.- Los pron\u00f3sticos publicados recientemente en el Informe del Comit\u00e9 Multisectorial Encargado del Estudio\" \/>\n<meta name=\"robots\" content=\"index, follow, max-snippet:-1, max-image-preview:large, max-video-preview:-1\" \/>\n<link rel=\"canonical\" href=\"https:\/\/www.pressenza.com\/es\/2023\/05\/peru-piura-del-desastre-en-curso-al-riesgo-de-mayor-desastre-con-el-nino-global\/\" \/>\n<meta property=\"og:locale\" content=\"es_ES\" \/>\n<meta property=\"og:type\" content=\"article\" \/>\n<meta property=\"og:title\" content=\"[Per\u00fa] Piura: del desastre en curso al riesgo de mayor desastre con el Ni\u00f1o Global\" \/>\n<meta property=\"og:description\" content=\"Por Marlene Castillo Fern\u00e1ndez* 7 de mayo, 2023.- Los pron\u00f3sticos publicados recientemente en el Informe del Comit\u00e9 Multisectorial Encargado del Estudio\" \/>\n<meta property=\"og:url\" content=\"https:\/\/www.pressenza.com\/es\/2023\/05\/peru-piura-del-desastre-en-curso-al-riesgo-de-mayor-desastre-con-el-nino-global\/\" \/>\n<meta property=\"og:site_name\" content=\"Pressenza\" \/>\n<meta property=\"article:publisher\" content=\"https:\/\/www.facebook.com\/PressenzaItalia\" \/>\n<meta property=\"article:author\" content=\"https:\/\/www.facebook.com\/servindinoticias\/?fref=ts\" \/>\n<meta property=\"article:published_time\" content=\"2023-05-07T22:29:42+00:00\" \/>\n<meta property=\"og:image\" content=\"https:\/\/www.pressenza.com\/wp-content\/uploads\/2023\/05\/clima.png\" \/>\n\t<meta property=\"og:image:width\" content=\"950\" \/>\n\t<meta property=\"og:image:height\" content=\"515\" \/>\n\t<meta property=\"og:image:type\" content=\"image\/png\" \/>\n<meta name=\"author\" content=\"SERVINDI\" \/>\n<meta name=\"twitter:card\" content=\"summary_large_image\" \/>\n<meta name=\"twitter:creator\" content=\"@servindi\" \/>\n<meta name=\"twitter:site\" content=\"@PressenzaIPA\" \/>\n<meta name=\"twitter:label1\" content=\"Escrito por\" \/>\n\t<meta name=\"twitter:data1\" content=\"SERVINDI\" \/>\n\t<meta name=\"twitter:label2\" content=\"Tiempo de lectura\" \/>\n\t<meta name=\"twitter:data2\" content=\"19 minutos\" \/>\n<script type=\"application\/ld+json\" class=\"yoast-schema-graph\">{\"@context\":\"https:\/\/schema.org\",\"@graph\":[{\"@type\":\"Article\",\"@id\":\"https:\/\/www.pressenza.com\/es\/2023\/05\/peru-piura-del-desastre-en-curso-al-riesgo-de-mayor-desastre-con-el-nino-global\/#article\",\"isPartOf\":{\"@id\":\"https:\/\/www.pressenza.com\/es\/2023\/05\/peru-piura-del-desastre-en-curso-al-riesgo-de-mayor-desastre-con-el-nino-global\/\"},\"author\":{\"name\":\"SERVINDI\",\"@id\":\"https:\/\/www.pressenza.com\/es\/#\/schema\/person\/6f7bffaf2962fc89e55e93589c50d908\"},\"headline\":\"[Per\u00fa] Piura: del desastre en curso al riesgo de mayor desastre con el Ni\u00f1o Global\",\"datePublished\":\"2023-05-07T22:29:42+00:00\",\"mainEntityOfPage\":{\"@id\":\"https:\/\/www.pressenza.com\/es\/2023\/05\/peru-piura-del-desastre-en-curso-al-riesgo-de-mayor-desastre-con-el-nino-global\/\"},\"wordCount\":4328,\"publisher\":{\"@id\":\"https:\/\/www.pressenza.com\/es\/#organization\"},\"image\":{\"@id\":\"https:\/\/www.pressenza.com\/es\/2023\/05\/peru-piura-del-desastre-en-curso-al-riesgo-de-mayor-desastre-con-el-nino-global\/#primaryimage\"},\"thumbnailUrl\":\"https:\/\/www.pressenza.com\/wp-content\/uploads\/2023\/05\/clima.png\",\"keywords\":[\"clima\",\"Ni\u00f1o Global\",\"Piura\"],\"articleSection\":[\"Ciencia y Tecnolog\u00eda\",\"Ecolog\u00eda y Medio Ambiente\",\"Sudam\u00e9rica\"],\"inLanguage\":\"es\"},{\"@type\":\"WebPage\",\"@id\":\"https:\/\/www.pressenza.com\/es\/2023\/05\/peru-piura-del-desastre-en-curso-al-riesgo-de-mayor-desastre-con-el-nino-global\/\",\"url\":\"https:\/\/www.pressenza.com\/es\/2023\/05\/peru-piura-del-desastre-en-curso-al-riesgo-de-mayor-desastre-con-el-nino-global\/\",\"name\":\"[Per\u00fa] Piura: del desastre en curso al riesgo de mayor desastre con el Ni\u00f1o Global\",\"isPartOf\":{\"@id\":\"https:\/\/www.pressenza.com\/es\/#website\"},\"primaryImageOfPage\":{\"@id\":\"https:\/\/www.pressenza.com\/es\/2023\/05\/peru-piura-del-desastre-en-curso-al-riesgo-de-mayor-desastre-con-el-nino-global\/#primaryimage\"},\"image\":{\"@id\":\"https:\/\/www.pressenza.com\/es\/2023\/05\/peru-piura-del-desastre-en-curso-al-riesgo-de-mayor-desastre-con-el-nino-global\/#primaryimage\"},\"thumbnailUrl\":\"https:\/\/www.pressenza.com\/wp-content\/uploads\/2023\/05\/clima.png\",\"datePublished\":\"2023-05-07T22:29:42+00:00\",\"description\":\"Por Marlene Castillo Fern\u00e1ndez* 7 de mayo, 2023.- Los pron\u00f3sticos publicados recientemente en el Informe del Comit\u00e9 Multisectorial Encargado del Estudio\",\"breadcrumb\":{\"@id\":\"https:\/\/www.pressenza.com\/es\/2023\/05\/peru-piura-del-desastre-en-curso-al-riesgo-de-mayor-desastre-con-el-nino-global\/#breadcrumb\"},\"inLanguage\":\"es\",\"potentialAction\":[{\"@type\":\"ReadAction\",\"target\":[\"https:\/\/www.pressenza.com\/es\/2023\/05\/peru-piura-del-desastre-en-curso-al-riesgo-de-mayor-desastre-con-el-nino-global\/\"]}]},{\"@type\":\"ImageObject\",\"inLanguage\":\"es\",\"@id\":\"https:\/\/www.pressenza.com\/es\/2023\/05\/peru-piura-del-desastre-en-curso-al-riesgo-de-mayor-desastre-con-el-nino-global\/#primaryimage\",\"url\":\"https:\/\/www.pressenza.com\/wp-content\/uploads\/2023\/05\/clima.png\",\"contentUrl\":\"https:\/\/www.pressenza.com\/wp-content\/uploads\/2023\/05\/clima.png\",\"width\":950,\"height\":515},{\"@type\":\"BreadcrumbList\",\"@id\":\"https:\/\/www.pressenza.com\/es\/2023\/05\/peru-piura-del-desastre-en-curso-al-riesgo-de-mayor-desastre-con-el-nino-global\/#breadcrumb\",\"itemListElement\":[{\"@type\":\"ListItem\",\"position\":1,\"name\":\"Accueil\",\"item\":\"https:\/\/www.pressenza.com\/es\/\"},{\"@type\":\"ListItem\",\"position\":2,\"name\":\"[Per\u00fa] Piura: del desastre en curso al riesgo de mayor desastre con el Ni\u00f1o Global\"}]},{\"@type\":\"WebSite\",\"@id\":\"https:\/\/www.pressenza.com\/es\/#website\",\"url\":\"https:\/\/www.pressenza.com\/es\/\",\"name\":\"Pressenza\",\"description\":\"International Press Agency\",\"publisher\":{\"@id\":\"https:\/\/www.pressenza.com\/es\/#organization\"},\"potentialAction\":[{\"@type\":\"SearchAction\",\"target\":{\"@type\":\"EntryPoint\",\"urlTemplate\":\"https:\/\/www.pressenza.com\/es\/?s={search_term_string}\"},\"query-input\":{\"@type\":\"PropertyValueSpecification\",\"valueRequired\":true,\"valueName\":\"search_term_string\"}}],\"inLanguage\":\"es\"},{\"@type\":\"Organization\",\"@id\":\"https:\/\/www.pressenza.com\/es\/#organization\",\"name\":\"Pressenza\",\"url\":\"https:\/\/www.pressenza.com\/es\/\",\"logo\":{\"@type\":\"ImageObject\",\"inLanguage\":\"es\",\"@id\":\"https:\/\/www.pressenza.com\/es\/#\/schema\/logo\/image\/\",\"url\":\"https:\/\/www.pressenza.com\/wp-content\/uploads\/2022\/10\/pressenza_logo_200x200.jpg\",\"contentUrl\":\"https:\/\/www.pressenza.com\/wp-content\/uploads\/2022\/10\/pressenza_logo_200x200.jpg\",\"width\":200,\"height\":200,\"caption\":\"Pressenza\"},\"image\":{\"@id\":\"https:\/\/www.pressenza.com\/es\/#\/schema\/logo\/image\/\"},\"sameAs\":[\"https:\/\/www.facebook.com\/PressenzaItalia\",\"https:\/\/x.com\/PressenzaIPA\"]},{\"@type\":\"Person\",\"@id\":\"https:\/\/www.pressenza.com\/es\/#\/schema\/person\/6f7bffaf2962fc89e55e93589c50d908\",\"name\":\"SERVINDI\",\"description\":\"Conscientes de nuestro rol de apoyo y acompa\u00f1amiento operamos como una agencia de noticias y elaboramos notas informativas, informes especiales, entrevistas y producciones de audio y v\u00eddeo, relacionadas al acontecer ind\u00edgena y ambiental nacional y mundial. www.servindi.org\",\"sameAs\":[\"https:\/\/www.facebook.com\/servindinoticias\/?fref=ts\",\"https:\/\/x.com\/servindi\"],\"url\":\"https:\/\/www.pressenza.com\/es\/author\/servindi\/\"}]}<\/script>\n<!-- \/ Yoast SEO plugin. -->","yoast_head_json":{"title":"[Per\u00fa] Piura: del desastre en curso al riesgo de mayor desastre con el Ni\u00f1o Global","description":"Por Marlene Castillo Fern\u00e1ndez* 7 de mayo, 2023.- Los pron\u00f3sticos publicados recientemente en el Informe del Comit\u00e9 Multisectorial Encargado del Estudio","robots":{"index":"index","follow":"follow","max-snippet":"max-snippet:-1","max-image-preview":"max-image-preview:large","max-video-preview":"max-video-preview:-1"},"canonical":"https:\/\/www.pressenza.com\/es\/2023\/05\/peru-piura-del-desastre-en-curso-al-riesgo-de-mayor-desastre-con-el-nino-global\/","og_locale":"es_ES","og_type":"article","og_title":"[Per\u00fa] Piura: del desastre en curso al riesgo de mayor desastre con el Ni\u00f1o Global","og_description":"Por Marlene Castillo Fern\u00e1ndez* 7 de mayo, 2023.- Los pron\u00f3sticos publicados recientemente en el Informe del Comit\u00e9 Multisectorial Encargado del Estudio","og_url":"https:\/\/www.pressenza.com\/es\/2023\/05\/peru-piura-del-desastre-en-curso-al-riesgo-de-mayor-desastre-con-el-nino-global\/","og_site_name":"Pressenza","article_publisher":"https:\/\/www.facebook.com\/PressenzaItalia","article_author":"https:\/\/www.facebook.com\/servindinoticias\/?fref=ts","article_published_time":"2023-05-07T22:29:42+00:00","og_image":[{"width":950,"height":515,"url":"https:\/\/www.pressenza.com\/wp-content\/uploads\/2023\/05\/clima.png","type":"image\/png"}],"author":"SERVINDI","twitter_card":"summary_large_image","twitter_creator":"@servindi","twitter_site":"@PressenzaIPA","twitter_misc":{"Escrito por":"SERVINDI","Tiempo de lectura":"19 minutos"},"schema":{"@context":"https:\/\/schema.org","@graph":[{"@type":"Article","@id":"https:\/\/www.pressenza.com\/es\/2023\/05\/peru-piura-del-desastre-en-curso-al-riesgo-de-mayor-desastre-con-el-nino-global\/#article","isPartOf":{"@id":"https:\/\/www.pressenza.com\/es\/2023\/05\/peru-piura-del-desastre-en-curso-al-riesgo-de-mayor-desastre-con-el-nino-global\/"},"author":{"name":"SERVINDI","@id":"https:\/\/www.pressenza.com\/es\/#\/schema\/person\/6f7bffaf2962fc89e55e93589c50d908"},"headline":"[Per\u00fa] Piura: del desastre en curso al riesgo de mayor desastre con el Ni\u00f1o Global","datePublished":"2023-05-07T22:29:42+00:00","mainEntityOfPage":{"@id":"https:\/\/www.pressenza.com\/es\/2023\/05\/peru-piura-del-desastre-en-curso-al-riesgo-de-mayor-desastre-con-el-nino-global\/"},"wordCount":4328,"publisher":{"@id":"https:\/\/www.pressenza.com\/es\/#organization"},"image":{"@id":"https:\/\/www.pressenza.com\/es\/2023\/05\/peru-piura-del-desastre-en-curso-al-riesgo-de-mayor-desastre-con-el-nino-global\/#primaryimage"},"thumbnailUrl":"https:\/\/www.pressenza.com\/wp-content\/uploads\/2023\/05\/clima.png","keywords":["clima","Ni\u00f1o Global","Piura"],"articleSection":["Ciencia y Tecnolog\u00eda","Ecolog\u00eda y Medio Ambiente","Sudam\u00e9rica"],"inLanguage":"es"},{"@type":"WebPage","@id":"https:\/\/www.pressenza.com\/es\/2023\/05\/peru-piura-del-desastre-en-curso-al-riesgo-de-mayor-desastre-con-el-nino-global\/","url":"https:\/\/www.pressenza.com\/es\/2023\/05\/peru-piura-del-desastre-en-curso-al-riesgo-de-mayor-desastre-con-el-nino-global\/","name":"[Per\u00fa] Piura: del desastre en curso al riesgo de mayor desastre con el Ni\u00f1o Global","isPartOf":{"@id":"https:\/\/www.pressenza.com\/es\/#website"},"primaryImageOfPage":{"@id":"https:\/\/www.pressenza.com\/es\/2023\/05\/peru-piura-del-desastre-en-curso-al-riesgo-de-mayor-desastre-con-el-nino-global\/#primaryimage"},"image":{"@id":"https:\/\/www.pressenza.com\/es\/2023\/05\/peru-piura-del-desastre-en-curso-al-riesgo-de-mayor-desastre-con-el-nino-global\/#primaryimage"},"thumbnailUrl":"https:\/\/www.pressenza.com\/wp-content\/uploads\/2023\/05\/clima.png","datePublished":"2023-05-07T22:29:42+00:00","description":"Por Marlene Castillo Fern\u00e1ndez* 7 de mayo, 2023.- Los pron\u00f3sticos publicados recientemente en el Informe del Comit\u00e9 Multisectorial Encargado del Estudio","breadcrumb":{"@id":"https:\/\/www.pressenza.com\/es\/2023\/05\/peru-piura-del-desastre-en-curso-al-riesgo-de-mayor-desastre-con-el-nino-global\/#breadcrumb"},"inLanguage":"es","potentialAction":[{"@type":"ReadAction","target":["https:\/\/www.pressenza.com\/es\/2023\/05\/peru-piura-del-desastre-en-curso-al-riesgo-de-mayor-desastre-con-el-nino-global\/"]}]},{"@type":"ImageObject","inLanguage":"es","@id":"https:\/\/www.pressenza.com\/es\/2023\/05\/peru-piura-del-desastre-en-curso-al-riesgo-de-mayor-desastre-con-el-nino-global\/#primaryimage","url":"https:\/\/www.pressenza.com\/wp-content\/uploads\/2023\/05\/clima.png","contentUrl":"https:\/\/www.pressenza.com\/wp-content\/uploads\/2023\/05\/clima.png","width":950,"height":515},{"@type":"BreadcrumbList","@id":"https:\/\/www.pressenza.com\/es\/2023\/05\/peru-piura-del-desastre-en-curso-al-riesgo-de-mayor-desastre-con-el-nino-global\/#breadcrumb","itemListElement":[{"@type":"ListItem","position":1,"name":"Accueil","item":"https:\/\/www.pressenza.com\/es\/"},{"@type":"ListItem","position":2,"name":"[Per\u00fa] Piura: del desastre en curso al riesgo de mayor desastre con el Ni\u00f1o Global"}]},{"@type":"WebSite","@id":"https:\/\/www.pressenza.com\/es\/#website","url":"https:\/\/www.pressenza.com\/es\/","name":"Pressenza","description":"International Press Agency","publisher":{"@id":"https:\/\/www.pressenza.com\/es\/#organization"},"potentialAction":[{"@type":"SearchAction","target":{"@type":"EntryPoint","urlTemplate":"https:\/\/www.pressenza.com\/es\/?s={search_term_string}"},"query-input":{"@type":"PropertyValueSpecification","valueRequired":true,"valueName":"search_term_string"}}],"inLanguage":"es"},{"@type":"Organization","@id":"https:\/\/www.pressenza.com\/es\/#organization","name":"Pressenza","url":"https:\/\/www.pressenza.com\/es\/","logo":{"@type":"ImageObject","inLanguage":"es","@id":"https:\/\/www.pressenza.com\/es\/#\/schema\/logo\/image\/","url":"https:\/\/www.pressenza.com\/wp-content\/uploads\/2022\/10\/pressenza_logo_200x200.jpg","contentUrl":"https:\/\/www.pressenza.com\/wp-content\/uploads\/2022\/10\/pressenza_logo_200x200.jpg","width":200,"height":200,"caption":"Pressenza"},"image":{"@id":"https:\/\/www.pressenza.com\/es\/#\/schema\/logo\/image\/"},"sameAs":["https:\/\/www.facebook.com\/PressenzaItalia","https:\/\/x.com\/PressenzaIPA"]},{"@type":"Person","@id":"https:\/\/www.pressenza.com\/es\/#\/schema\/person\/6f7bffaf2962fc89e55e93589c50d908","name":"SERVINDI","description":"Conscientes de nuestro rol de apoyo y acompa\u00f1amiento operamos como una agencia de noticias y elaboramos notas informativas, informes especiales, entrevistas y producciones de audio y v\u00eddeo, relacionadas al acontecer ind\u00edgena y ambiental nacional y mundial. www.servindi.org","sameAs":["https:\/\/www.facebook.com\/servindinoticias\/?fref=ts","https:\/\/x.com\/servindi"],"url":"https:\/\/www.pressenza.com\/es\/author\/servindi\/"}]}},"place":"","original_article_url":"http:\/\/www.servindi.org\/actualidad-informes\/07\/05\/2023\/piura-del-desastre-en-curso-al-riesgo-de-mayor-desastre-con-el-nino","_links":{"self":[{"href":"https:\/\/www.pressenza.com\/es\/wp-json\/wp\/v2\/posts\/1737774","targetHints":{"allow":["GET"]}}],"collection":[{"href":"https:\/\/www.pressenza.com\/es\/wp-json\/wp\/v2\/posts"}],"about":[{"href":"https:\/\/www.pressenza.com\/es\/wp-json\/wp\/v2\/types\/post"}],"author":[{"embeddable":true,"href":"https:\/\/www.pressenza.com\/es\/wp-json\/wp\/v2\/users\/1256"}],"replies":[{"embeddable":true,"href":"https:\/\/www.pressenza.com\/es\/wp-json\/wp\/v2\/comments?post=1737774"}],"version-history":[{"count":0,"href":"https:\/\/www.pressenza.com\/es\/wp-json\/wp\/v2\/posts\/1737774\/revisions"}],"wp:featuredmedia":[{"embeddable":true,"href":"https:\/\/www.pressenza.com\/es\/wp-json\/wp\/v2\/media\/1737776"}],"wp:attachment":[{"href":"https:\/\/www.pressenza.com\/es\/wp-json\/wp\/v2\/media?parent=1737774"}],"wp:term":[{"taxonomy":"category","embeddable":true,"href":"https:\/\/www.pressenza.com\/es\/wp-json\/wp\/v2\/categories?post=1737774"},{"taxonomy":"post_tag","embeddable":true,"href":"https:\/\/www.pressenza.com\/es\/wp-json\/wp\/v2\/tags?post=1737774"}],"curies":[{"name":"wp","href":"https:\/\/api.w.org\/{rel}","templated":true}]}}