{"id":1735494,"date":"2023-04-26T17:11:07","date_gmt":"2023-04-26T16:11:07","guid":{"rendered":"https:\/\/www.pressenza.com\/?p=1735494"},"modified":"2023-04-26T17:11:07","modified_gmt":"2023-04-26T16:11:07","slug":"como-en-el-tango","status":"publish","type":"post","link":"https:\/\/www.pressenza.com\/es\/2023\/04\/como-en-el-tango\/","title":{"rendered":"Como en el tango\u2026"},"content":{"rendered":"<p>Los paradigmas vienen cayendo en completa inutilidad al momento de definir la naturaleza institucional de un pa\u00eds o las ideolog\u00edas que sustentan los partidos y movimientos pol\u00edticos y sociales. La propia dicotom\u00eda entre dictadura y democracia parece no encontrar distingos claros al momento de catalogar muchos reg\u00edmenes de la Tierra. Del mismo modo que declararse socialista, liberal, conservador o progresista no sirve de mucho ante una realidad tan compleja y abigarrada como la que existe.<\/p>\n<p>La propia lucha por el \u201cretorno a la democracia\u201d en Chile y otras naciones que tuvieron reg\u00edmenes castrenses expres\u00f3 muy distintas intenciones. Hubo quienes se sintieron en democracia cuando pudieron votar para elegir a sus autoridades, mientras que otros hasta hoy prefieren llamarle posdictadura a lo que vino despu\u00e9s de Pinochet, advirtiendo que mientras no tuvi\u00e9semos una nueva Constituci\u00f3n no podr\u00edamos dar por alcanzada la soberan\u00eda popular.<\/p>\n<p>De lo que no hay duda es que persisten en Chile estructuras y rasgos autoritarios que fueron heredados de la Dictadura, as\u00ed como conquistas que siguen pendientes para poder asumir que parlamentarios y gobernantes realmente representen al pueblo y no sean meros productos de la millonaria propaganda electoral, de las insanas componendas, como de la inobjetable influencia que ejercen los medios de comunicaci\u00f3n que, en algunos casos, exhiben menos diversidad y pluralismo que antes. Todo lo cual se traduce en que el voto ciudadano no es suficientemente libre e informado como ocurre en pa\u00edses de mayor nivel cultural y esp\u00edritu c\u00edvico.<\/p>\n<p>La misma composici\u00f3n partidaria del gobierno de Gabriel Boric se muestra como una extra\u00f1a amalgama de izquierdistas de los m\u00e1s distintos pelajes, adem\u00e1s de comunistas, liberales, socialistas \u201cdemocr\u00e1ticos\u201d, pasando por socialcristianos, ecologistas verdes y otras expresiones. Se habla que todos ellos est\u00e1n cruzados por \u201cdos almas\u201d diferentes que tironean al Ejecutivo para distintos lados, aunque en la pr\u00e1ctica parece ser que las decisiones de La Moneda atienden mucho m\u00e1s a las demandas de los derechistas y opositores. Compuestos tambi\u00e9n por quienes fueron ac\u00e9rrimos partidarios del gobierno de Pinochet y por otros que ya no gustan de ser c\u00f3mplices siquiera pasivos de los horrores cometidos durante 17 a\u00f1os de autoritarismo<\/p>\n<p>En efecto, las reformas econ\u00f3mico sociales que Boric y su c\u00edrculo m\u00e1s cercano prometieron si llegaban al gobierno hoy apenas subyacen debajo de la agenda de seguridad reclamada e impuesta por la derecha ante la evidencia de que se ha desbocado la criminalidad, la penetraci\u00f3n del narcotr\u00e1fico y otras lacras. En los \u00faltimos d\u00edas, el Ejecutivo viene poni\u00e9ndole sordina a sus grandes ofertas, como la reforma de los sistemas previsional y tributario. Al mismo tiempo que se abandona la idea de una profunda transformaci\u00f3n de las polic\u00edas, allan\u00e1ndose solo a la posibilidad de hacerle pausadas reformas, aunque, por de pronto, se admite darles m\u00e1s armas y atribuciones para reprimir a los inconformes con el estado actual de la econom\u00eda, la educaci\u00f3n y la salud. Concretamente, para reprimir las manifestaciones callejeras, las vindicaciones hist\u00f3ricas de los mapuches y emprenderlas contra la inmigraci\u00f3n de quienes se sindica ligeramente como los principales responsables de los delitos y criminalidad que campean de norte a sur.<\/p>\n<p>Incluso en un a\u00f1o de gesti\u00f3n la famosa promesa de paridad, ya ha sido vulnerada con la incorporaci\u00f3n al gabinete ministerial de un hombre en reemplazo de una mujer, lo que rompi\u00f3 con la correlaci\u00f3n de sexos.<\/p>\n<p>Para los ciudadanos que deber\u00e1n emitir su sufragio en los comicios venideros de verdad resulta imposible distinguir hoy el ideario de los social cristianos, comunistas, socialistas, radicales y ese c\u00famulo de denominaciones y emblemas que todav\u00eda se a\u00f1aden a los rostros de los millares de candidatos. Como tambi\u00e9n costar\u00eda mucho trazar una l\u00ednea divisoria entre los UDI, los republicanos, los militantes de Ev\u00f3poli y de Renovaci\u00f3n Nacional.\u00a0 Tambi\u00e9n parece muy dif\u00edcil saber qu\u00e9 representan aquellas expresiones nuevas como el Partido de la Gente, el Partido Regionalista Verde y otras colectividades.<\/p>\n<p>Por todo esto es que lo que prevalece hoy en Chile, y tambi\u00e9n en otros pa\u00edses cercanos, es la masiva desconfianza hacia toda la clase pol\u00edtica. M\u00e1s a\u00fan cuando se comprueba que los referentes\u00a0 y l\u00edderes nuevos terminan comport\u00e1ndose en el poder como todos sus antecesores, en cuanto a sus abusos de poder, desfalcos, nepotismo y otros vicios que, por cierto, se visualizan mejor, todav\u00eda, en los m\u00e1s de 350 municipios del pa\u00eds, con m\u00faltiples alcaldes y concejales imputados y hasta pr\u00f3fugos de la Justicia.<\/p>\n<p>Hace tiempo que la pol\u00edtica no se constituye en un servicio p\u00fablico sino m\u00e1s bien en una atractiva posibilidad de acceder a un cargo bien remunerado. De all\u00ed que los partidos, ahora tan disminuidos en el n\u00famero de sus militantes, luchan con dientes y u\u00f1as para acceder a los miles de puestos que se ofrecen las administraciones nacionales y comunales. Dada la flagrante inconsistencia ideol\u00f3gica, en los \u00faltimos d\u00edas se discute en el Parlamento la posibilidad de cesar en sus cargos a diputados y senadores que desobedezcan las \u00f3rdenes de partido o cambien de militancia y bancada. Los ejemplos llueven al respecto, y el fen\u00f3meno se asocia a la posibilidad de alcanzar ventajas personales como la de asegurarse la reelecci\u00f3n a trav\u00e9s de otra tienda o conglomerado.<\/p>\n<p>En el pasado, lo que ocurr\u00eda en el mundo ten\u00eda su correlato en la pol\u00edtica nacional, especialmente en los tiempos de la guerra fr\u00eda. Hoy sorprende que tanto el gobierno izquierdista actual como en anterior de derecha hayan demostrado tanta coincidencia en cuanto a someterse al influjo de los Estados Unidos. Sin remilgo alguno y en plena complacencia con todas las infamias perpetradas por la Casa Blanca contra la paz y el respeto a la libre determinaci\u00f3n de los pueblos.<\/p>\n<p>Llama la atenci\u00f3n, sin duda, que quienes abogan tanto por la democracia y el respeto los Derechos Humanos, \u201cdonde sea se vulneren\u201d, nada digan respecto de una naci\u00f3n como China que todav\u00eda se declara comunista y cuyo r\u00e9gimen dista mucho de parecerse a alguna de las democracias occidentales. Seguramente en resguardo de las exportaciones de Chile a este pa\u00eds, comercio que tanto favorece a los grandes empresarios chilenos, quienes, en esta materia, demuestran plena complacencia con las posturas del oficialismo. Mientras que en otros pa\u00edses de la regi\u00f3n se adopta una posici\u00f3n de neutralidad y pro paz hacia el conflicto ruso ucraniano, aqu\u00ed se le ofrece tribuna al presidente Volod\u00edmir Zelenski para expresar v\u00eda streeming su posici\u00f3n ante nuestro Congreso Nacional en pleno. Transmisi\u00f3n que cont\u00f3 con la asistencia masiva de parlamentarios.\u00a0 Ciertamente que, con Rusia, Chile no ha alcanzado un intercambio comercial relevante que justifique siquiera considerar las opiniones del presidente Putin.<\/p>\n<p>Como en el tango, nada o muy poco queda de identidad y solvencia ideol\u00f3gica de nuestra pol\u00edtica y sus principales actores. Realmente, ya da lo mismo ser de izquierda o de derecha. Lo mismo que de centro derecha o centro izquierda. Liberal o librepensador. \u201c<em>Da lo mismo ser derecho que traidor, ignorante, sabio o chorro, pretensioso estafador\u2026 Los inmorales nos han iguala\u00b4o. De los cambalaches se ha mescla\u00b4o la vida\u2026\u201d<\/em><\/p>\n<p>&nbsp;<\/p>\n","protected":false},"excerpt":{"rendered":"<p>Los paradigmas vienen cayendo en completa inutilidad al momento de definir la naturaleza institucional de un pa\u00eds o las ideolog\u00edas que sustentan los partidos y movimientos pol\u00edticos y sociales. La propia dicotom\u00eda entre dictadura y democracia parece no encontrar distingos&hellip;<\/p>\n","protected":false},"author":1739,"featured_media":1735495,"comment_status":"closed","ping_status":"closed","sticky":false,"template":"","format":"standard","meta":{"footnotes":""},"categories":[11389,161,74,67],"tags":[29,403,112358,112357],"class_list":["post-1735494","post","type-post","status-publish","format-standard","has-post-thumbnail","hentry","category-contenido-original","category-opiniones","category-politica-es","category-sudamerica","tag-chile","tag-elecciones","tag-gabrile-boric","tag-gobierno-paritario"],"yoast_head":"<!-- This site is optimized with the Yoast SEO plugin v27.1.1 - https:\/\/yoast.com\/product\/yoast-seo-wordpress\/ -->\n<title>Como en el tango\u2026<\/title>\n<meta name=\"description\" content=\"Los paradigmas vienen cayendo en completa inutilidad al momento de definir la naturaleza institucional de un pa\u00eds o las ideolog\u00edas que sustentan los\" \/>\n<meta name=\"robots\" content=\"index, follow, max-snippet:-1, max-image-preview:large, max-video-preview:-1\" \/>\n<link rel=\"canonical\" href=\"https:\/\/www.pressenza.com\/es\/2023\/04\/como-en-el-tango\/\" \/>\n<meta property=\"og:locale\" content=\"es_ES\" \/>\n<meta property=\"og:type\" content=\"article\" \/>\n<meta property=\"og:title\" content=\"Como en el tango\u2026\" \/>\n<meta property=\"og:description\" content=\"Los paradigmas vienen cayendo en completa inutilidad al momento de definir la naturaleza institucional de un pa\u00eds o las ideolog\u00edas que sustentan los\" \/>\n<meta property=\"og:url\" content=\"https:\/\/www.pressenza.com\/es\/2023\/04\/como-en-el-tango\/\" \/>\n<meta property=\"og:site_name\" content=\"Pressenza\" \/>\n<meta property=\"article:publisher\" content=\"https:\/\/www.facebook.com\/PressenzaItalia\" \/>\n<meta property=\"article:published_time\" content=\"2023-04-26T16:11:07+00:00\" \/>\n<meta property=\"og:image\" content=\"https:\/\/www.pressenza.com\/wp-content\/uploads\/2023\/04\/Foto-2-1.jpg\" \/>\n\t<meta property=\"og:image:width\" content=\"653\" \/>\n\t<meta property=\"og:image:height\" content=\"431\" \/>\n\t<meta property=\"og:image:type\" content=\"image\/jpeg\" \/>\n<meta name=\"author\" content=\"Juan Pablo C\u00e1rdenas\" \/>\n<meta name=\"twitter:card\" content=\"summary_large_image\" \/>\n<meta name=\"twitter:creator\" content=\"@PressenzaIPA\" \/>\n<meta name=\"twitter:site\" content=\"@PressenzaIPA\" \/>\n<meta name=\"twitter:label1\" content=\"Escrito por\" \/>\n\t<meta name=\"twitter:data1\" content=\"Juan Pablo C\u00e1rdenas\" \/>\n\t<meta name=\"twitter:label2\" content=\"Tiempo de lectura\" \/>\n\t<meta name=\"twitter:data2\" content=\"6 minutos\" \/>\n<script type=\"application\/ld+json\" class=\"yoast-schema-graph\">{\"@context\":\"https:\/\/schema.org\",\"@graph\":[{\"@type\":\"Article\",\"@id\":\"https:\/\/www.pressenza.com\/es\/2023\/04\/como-en-el-tango\/#article\",\"isPartOf\":{\"@id\":\"https:\/\/www.pressenza.com\/es\/2023\/04\/como-en-el-tango\/\"},\"author\":{\"name\":\"Juan Pablo C\u00e1rdenas\",\"@id\":\"https:\/\/www.pressenza.com\/es\/#\/schema\/person\/d72a7c8c014dcbfa2ef9e9976103ea0d\"},\"headline\":\"Como en el tango\u2026\",\"datePublished\":\"2023-04-26T16:11:07+00:00\",\"mainEntityOfPage\":{\"@id\":\"https:\/\/www.pressenza.com\/es\/2023\/04\/como-en-el-tango\/\"},\"wordCount\":1258,\"publisher\":{\"@id\":\"https:\/\/www.pressenza.com\/es\/#organization\"},\"image\":{\"@id\":\"https:\/\/www.pressenza.com\/es\/2023\/04\/como-en-el-tango\/#primaryimage\"},\"thumbnailUrl\":\"https:\/\/www.pressenza.com\/wp-content\/uploads\/2023\/04\/Foto-2-1.jpg\",\"keywords\":[\"Chile\",\"elecciones\",\"Gabrile Boric\",\"gobierno paritario\"],\"articleSection\":[\"Contenido Original\",\"Opiniones\",\"Pol\u00edtica\",\"Sudam\u00e9rica\"],\"inLanguage\":\"es\"},{\"@type\":\"WebPage\",\"@id\":\"https:\/\/www.pressenza.com\/es\/2023\/04\/como-en-el-tango\/\",\"url\":\"https:\/\/www.pressenza.com\/es\/2023\/04\/como-en-el-tango\/\",\"name\":\"Como en el tango\u2026\",\"isPartOf\":{\"@id\":\"https:\/\/www.pressenza.com\/es\/#website\"},\"primaryImageOfPage\":{\"@id\":\"https:\/\/www.pressenza.com\/es\/2023\/04\/como-en-el-tango\/#primaryimage\"},\"image\":{\"@id\":\"https:\/\/www.pressenza.com\/es\/2023\/04\/como-en-el-tango\/#primaryimage\"},\"thumbnailUrl\":\"https:\/\/www.pressenza.com\/wp-content\/uploads\/2023\/04\/Foto-2-1.jpg\",\"datePublished\":\"2023-04-26T16:11:07+00:00\",\"description\":\"Los paradigmas vienen cayendo en completa inutilidad al momento de definir la naturaleza institucional de un pa\u00eds o las ideolog\u00edas que sustentan los\",\"breadcrumb\":{\"@id\":\"https:\/\/www.pressenza.com\/es\/2023\/04\/como-en-el-tango\/#breadcrumb\"},\"inLanguage\":\"es\",\"potentialAction\":[{\"@type\":\"ReadAction\",\"target\":[\"https:\/\/www.pressenza.com\/es\/2023\/04\/como-en-el-tango\/\"]}]},{\"@type\":\"ImageObject\",\"inLanguage\":\"es\",\"@id\":\"https:\/\/www.pressenza.com\/es\/2023\/04\/como-en-el-tango\/#primaryimage\",\"url\":\"https:\/\/www.pressenza.com\/wp-content\/uploads\/2023\/04\/Foto-2-1.jpg\",\"contentUrl\":\"https:\/\/www.pressenza.com\/wp-content\/uploads\/2023\/04\/Foto-2-1.jpg\",\"width\":653,\"height\":431},{\"@type\":\"BreadcrumbList\",\"@id\":\"https:\/\/www.pressenza.com\/es\/2023\/04\/como-en-el-tango\/#breadcrumb\",\"itemListElement\":[{\"@type\":\"ListItem\",\"position\":1,\"name\":\"Accueil\",\"item\":\"https:\/\/www.pressenza.com\/es\/\"},{\"@type\":\"ListItem\",\"position\":2,\"name\":\"Como en el tango\u2026\"}]},{\"@type\":\"WebSite\",\"@id\":\"https:\/\/www.pressenza.com\/es\/#website\",\"url\":\"https:\/\/www.pressenza.com\/es\/\",\"name\":\"Pressenza\",\"description\":\"International Press Agency\",\"publisher\":{\"@id\":\"https:\/\/www.pressenza.com\/es\/#organization\"},\"potentialAction\":[{\"@type\":\"SearchAction\",\"target\":{\"@type\":\"EntryPoint\",\"urlTemplate\":\"https:\/\/www.pressenza.com\/es\/?s={search_term_string}\"},\"query-input\":{\"@type\":\"PropertyValueSpecification\",\"valueRequired\":true,\"valueName\":\"search_term_string\"}}],\"inLanguage\":\"es\"},{\"@type\":\"Organization\",\"@id\":\"https:\/\/www.pressenza.com\/es\/#organization\",\"name\":\"Pressenza\",\"url\":\"https:\/\/www.pressenza.com\/es\/\",\"logo\":{\"@type\":\"ImageObject\",\"inLanguage\":\"es\",\"@id\":\"https:\/\/www.pressenza.com\/es\/#\/schema\/logo\/image\/\",\"url\":\"https:\/\/www.pressenza.com\/wp-content\/uploads\/2022\/10\/pressenza_logo_200x200.jpg\",\"contentUrl\":\"https:\/\/www.pressenza.com\/wp-content\/uploads\/2022\/10\/pressenza_logo_200x200.jpg\",\"width\":200,\"height\":200,\"caption\":\"Pressenza\"},\"image\":{\"@id\":\"https:\/\/www.pressenza.com\/es\/#\/schema\/logo\/image\/\"},\"sameAs\":[\"https:\/\/www.facebook.com\/PressenzaItalia\",\"https:\/\/x.com\/PressenzaIPA\"]},{\"@type\":\"Person\",\"@id\":\"https:\/\/www.pressenza.com\/es\/#\/schema\/person\/d72a7c8c014dcbfa2ef9e9976103ea0d\",\"name\":\"Juan Pablo C\u00e1rdenas\",\"description\":\"Juan Pablo C\u00e1rdenas Squella es un periodista y profesor universitario de vasta trayectoria. En el 2005 recibi\u00f3 en premio nacional de Periodismo y, antes, la Pluma de Oro de la Libertad, otorgada por la Federaci\u00f3n Mundial de la Prensa. Tambi\u00e9n obtuvo el Premio Latinoamericano de Periodismo, la Houten Camara de Holanda (1989) entre otras m\u00faltiples distinciones nacionales y extranjeras. Forma parte de los sesenta periodistas del mundo considerados H\u00e9roes de la Libertad de Expresi\u00f3n, reconocimiento hecho por la Federaci\u00f3n Internacional de Periodistas. Ha sido director y columnista de las revistas Debate Universitario, An\u00e1lisis y Los Tiempos, as\u00ed como del diario electr\u00f3nico primeral\u00ednea.cl. Tambi\u00e9n fue por m\u00e1s 18 a\u00f1os director de la Radio Universidad de Chile y de su diario digital. Se ha desempe\u00f1ado como profesor de varias escuelas de periodismo de Santiago y Valpara\u00edso y en la Universidad de Chile alcanz\u00f3 el grado de profesor titular y senador universitario.\",\"url\":\"https:\/\/www.pressenza.com\/es\/author\/juan-pablo-cardenas\/\"}]}<\/script>\n<!-- \/ Yoast SEO plugin. -->","yoast_head_json":{"title":"Como en el tango\u2026","description":"Los paradigmas vienen cayendo en completa inutilidad al momento de definir la naturaleza institucional de un pa\u00eds o las ideolog\u00edas que sustentan los","robots":{"index":"index","follow":"follow","max-snippet":"max-snippet:-1","max-image-preview":"max-image-preview:large","max-video-preview":"max-video-preview:-1"},"canonical":"https:\/\/www.pressenza.com\/es\/2023\/04\/como-en-el-tango\/","og_locale":"es_ES","og_type":"article","og_title":"Como en el tango\u2026","og_description":"Los paradigmas vienen cayendo en completa inutilidad al momento de definir la naturaleza institucional de un pa\u00eds o las ideolog\u00edas que sustentan los","og_url":"https:\/\/www.pressenza.com\/es\/2023\/04\/como-en-el-tango\/","og_site_name":"Pressenza","article_publisher":"https:\/\/www.facebook.com\/PressenzaItalia","article_published_time":"2023-04-26T16:11:07+00:00","og_image":[{"width":653,"height":431,"url":"https:\/\/www.pressenza.com\/wp-content\/uploads\/2023\/04\/Foto-2-1.jpg","type":"image\/jpeg"}],"author":"Juan Pablo C\u00e1rdenas","twitter_card":"summary_large_image","twitter_creator":"@PressenzaIPA","twitter_site":"@PressenzaIPA","twitter_misc":{"Escrito por":"Juan Pablo C\u00e1rdenas","Tiempo de lectura":"6 minutos"},"schema":{"@context":"https:\/\/schema.org","@graph":[{"@type":"Article","@id":"https:\/\/www.pressenza.com\/es\/2023\/04\/como-en-el-tango\/#article","isPartOf":{"@id":"https:\/\/www.pressenza.com\/es\/2023\/04\/como-en-el-tango\/"},"author":{"name":"Juan Pablo C\u00e1rdenas","@id":"https:\/\/www.pressenza.com\/es\/#\/schema\/person\/d72a7c8c014dcbfa2ef9e9976103ea0d"},"headline":"Como en el tango\u2026","datePublished":"2023-04-26T16:11:07+00:00","mainEntityOfPage":{"@id":"https:\/\/www.pressenza.com\/es\/2023\/04\/como-en-el-tango\/"},"wordCount":1258,"publisher":{"@id":"https:\/\/www.pressenza.com\/es\/#organization"},"image":{"@id":"https:\/\/www.pressenza.com\/es\/2023\/04\/como-en-el-tango\/#primaryimage"},"thumbnailUrl":"https:\/\/www.pressenza.com\/wp-content\/uploads\/2023\/04\/Foto-2-1.jpg","keywords":["Chile","elecciones","Gabrile Boric","gobierno paritario"],"articleSection":["Contenido Original","Opiniones","Pol\u00edtica","Sudam\u00e9rica"],"inLanguage":"es"},{"@type":"WebPage","@id":"https:\/\/www.pressenza.com\/es\/2023\/04\/como-en-el-tango\/","url":"https:\/\/www.pressenza.com\/es\/2023\/04\/como-en-el-tango\/","name":"Como en el tango\u2026","isPartOf":{"@id":"https:\/\/www.pressenza.com\/es\/#website"},"primaryImageOfPage":{"@id":"https:\/\/www.pressenza.com\/es\/2023\/04\/como-en-el-tango\/#primaryimage"},"image":{"@id":"https:\/\/www.pressenza.com\/es\/2023\/04\/como-en-el-tango\/#primaryimage"},"thumbnailUrl":"https:\/\/www.pressenza.com\/wp-content\/uploads\/2023\/04\/Foto-2-1.jpg","datePublished":"2023-04-26T16:11:07+00:00","description":"Los paradigmas vienen cayendo en completa inutilidad al momento de definir la naturaleza institucional de un pa\u00eds o las ideolog\u00edas que sustentan los","breadcrumb":{"@id":"https:\/\/www.pressenza.com\/es\/2023\/04\/como-en-el-tango\/#breadcrumb"},"inLanguage":"es","potentialAction":[{"@type":"ReadAction","target":["https:\/\/www.pressenza.com\/es\/2023\/04\/como-en-el-tango\/"]}]},{"@type":"ImageObject","inLanguage":"es","@id":"https:\/\/www.pressenza.com\/es\/2023\/04\/como-en-el-tango\/#primaryimage","url":"https:\/\/www.pressenza.com\/wp-content\/uploads\/2023\/04\/Foto-2-1.jpg","contentUrl":"https:\/\/www.pressenza.com\/wp-content\/uploads\/2023\/04\/Foto-2-1.jpg","width":653,"height":431},{"@type":"BreadcrumbList","@id":"https:\/\/www.pressenza.com\/es\/2023\/04\/como-en-el-tango\/#breadcrumb","itemListElement":[{"@type":"ListItem","position":1,"name":"Accueil","item":"https:\/\/www.pressenza.com\/es\/"},{"@type":"ListItem","position":2,"name":"Como en el tango\u2026"}]},{"@type":"WebSite","@id":"https:\/\/www.pressenza.com\/es\/#website","url":"https:\/\/www.pressenza.com\/es\/","name":"Pressenza","description":"International Press Agency","publisher":{"@id":"https:\/\/www.pressenza.com\/es\/#organization"},"potentialAction":[{"@type":"SearchAction","target":{"@type":"EntryPoint","urlTemplate":"https:\/\/www.pressenza.com\/es\/?s={search_term_string}"},"query-input":{"@type":"PropertyValueSpecification","valueRequired":true,"valueName":"search_term_string"}}],"inLanguage":"es"},{"@type":"Organization","@id":"https:\/\/www.pressenza.com\/es\/#organization","name":"Pressenza","url":"https:\/\/www.pressenza.com\/es\/","logo":{"@type":"ImageObject","inLanguage":"es","@id":"https:\/\/www.pressenza.com\/es\/#\/schema\/logo\/image\/","url":"https:\/\/www.pressenza.com\/wp-content\/uploads\/2022\/10\/pressenza_logo_200x200.jpg","contentUrl":"https:\/\/www.pressenza.com\/wp-content\/uploads\/2022\/10\/pressenza_logo_200x200.jpg","width":200,"height":200,"caption":"Pressenza"},"image":{"@id":"https:\/\/www.pressenza.com\/es\/#\/schema\/logo\/image\/"},"sameAs":["https:\/\/www.facebook.com\/PressenzaItalia","https:\/\/x.com\/PressenzaIPA"]},{"@type":"Person","@id":"https:\/\/www.pressenza.com\/es\/#\/schema\/person\/d72a7c8c014dcbfa2ef9e9976103ea0d","name":"Juan Pablo C\u00e1rdenas","description":"Juan Pablo C\u00e1rdenas Squella es un periodista y profesor universitario de vasta trayectoria. En el 2005 recibi\u00f3 en premio nacional de Periodismo y, antes, la Pluma de Oro de la Libertad, otorgada por la Federaci\u00f3n Mundial de la Prensa. Tambi\u00e9n obtuvo el Premio Latinoamericano de Periodismo, la Houten Camara de Holanda (1989) entre otras m\u00faltiples distinciones nacionales y extranjeras. Forma parte de los sesenta periodistas del mundo considerados H\u00e9roes de la Libertad de Expresi\u00f3n, reconocimiento hecho por la Federaci\u00f3n Internacional de Periodistas. Ha sido director y columnista de las revistas Debate Universitario, An\u00e1lisis y Los Tiempos, as\u00ed como del diario electr\u00f3nico primeral\u00ednea.cl. Tambi\u00e9n fue por m\u00e1s 18 a\u00f1os director de la Radio Universidad de Chile y de su diario digital. Se ha desempe\u00f1ado como profesor de varias escuelas de periodismo de Santiago y Valpara\u00edso y en la Universidad de Chile alcanz\u00f3 el grado de profesor titular y senador universitario.","url":"https:\/\/www.pressenza.com\/es\/author\/juan-pablo-cardenas\/"}]}},"place":"Santiago de Chile","original_article_url":"","_links":{"self":[{"href":"https:\/\/www.pressenza.com\/es\/wp-json\/wp\/v2\/posts\/1735494","targetHints":{"allow":["GET"]}}],"collection":[{"href":"https:\/\/www.pressenza.com\/es\/wp-json\/wp\/v2\/posts"}],"about":[{"href":"https:\/\/www.pressenza.com\/es\/wp-json\/wp\/v2\/types\/post"}],"author":[{"embeddable":true,"href":"https:\/\/www.pressenza.com\/es\/wp-json\/wp\/v2\/users\/1739"}],"replies":[{"embeddable":true,"href":"https:\/\/www.pressenza.com\/es\/wp-json\/wp\/v2\/comments?post=1735494"}],"version-history":[{"count":0,"href":"https:\/\/www.pressenza.com\/es\/wp-json\/wp\/v2\/posts\/1735494\/revisions"}],"wp:featuredmedia":[{"embeddable":true,"href":"https:\/\/www.pressenza.com\/es\/wp-json\/wp\/v2\/media\/1735495"}],"wp:attachment":[{"href":"https:\/\/www.pressenza.com\/es\/wp-json\/wp\/v2\/media?parent=1735494"}],"wp:term":[{"taxonomy":"category","embeddable":true,"href":"https:\/\/www.pressenza.com\/es\/wp-json\/wp\/v2\/categories?post=1735494"},{"taxonomy":"post_tag","embeddable":true,"href":"https:\/\/www.pressenza.com\/es\/wp-json\/wp\/v2\/tags?post=1735494"}],"curies":[{"name":"wp","href":"https:\/\/api.w.org\/{rel}","templated":true}]}}