{"id":1735,"date":"2009-10-14T00:00:00","date_gmt":"2009-10-14T00:00:00","guid":{"rendered":""},"modified":"2009-10-14T16:22:31","modified_gmt":"2009-10-14T16:22:31","slug":"carta-por-la-paz-y-el-desarme","status":"publish","type":"post","link":"https:\/\/www.pressenza.com\/es\/2009\/10\/carta-por-la-paz-y-el-desarme\/","title":{"rendered":"Carta por la paz y el desarme"},"content":{"rendered":"<p>El gobierno de Colombia firm\u00f3 con el de Estados Unidos el permiso de operaci\u00f3n de siete bases militares por tropas estadunidenses en territorio colombiano. El texto final del acuerdo se ha mantenido en secreto, pero presumiblemente autoriza toda clase de operaciones en el interior y exterior del pa\u00eds.<br \/>\nEsto significa, junto con el despliegue de la IV Flota estadunidense, el incremento de la presencia militar de Estados Unidos en una regi\u00f3n estrat\u00e9gica desde la cual se pueden lanzar operaciones sobre todo el continente. Al firmar ese acuerdo, Colombia garantiz\u00f3 inmunidad a los militares y contratistas estadunidenses, lo cual equivale a garantizarles impunidad y colocarlos al margen de los controles judiciales nacionales e internacionales.<br \/>\nAl mismo tiempo, el uso de las bases significa una intervenci\u00f3n en los asuntos internos de Colombia y una amenaza contra los procesos democr\u00e1ticos en toda la regi\u00f3n. Por ejemplo, la base militar de Soto Cano en Honduras ha sido un espacio para el apoyo estadunidense a los golpistas de ese pa\u00eds.<br \/>\nEl aeropuerto internacional paname\u00f1o de Tocumen, es utilizado por aviones estadunidenses de reconocimiento E-3 AWACS, que vigilan permanentemente el espacio a\u00e9reo centroamericano. La campa\u00f1a del actual presidente de Panam\u00e1, Ricardo Martinelli, fue financiada en Washington; en correspondencia, apenas lleg\u00f3 al poder puso en vigor el acuerdo sobre Tocumen, sin negociaci\u00f3n ni consulta previas.<br \/>\nAl tiempo que se advierte una creciente presencia de buques de guerra estadunidense en la antigua base Radman, situada junto a la salida del canal de Panam\u00e1 al oceano Pac\u00edfico, Estados Unidos tiene planes para destacar aviones E-3 AWACS, Orion P-3 y transportes de carga C-17, en la base de Palanquero, en Colombia.<br \/>\nEs evidente el prop\u00f3sito de intervenir en los procesos de integraci\u00f3n latinoamericana, mediante un est\u00edmulo a las corrientes que quieren desestabilizar los avances democr\u00e1ticos y provocar conflictos en una regi\u00f3n que ha reemprendido la reivindicaci\u00f3n de su autonom\u00eda y la b\u00fasqueda de caminos propios para su desarrollo. En tal sentido, la secretaria de Estado, Hillary Clinton, reconoci\u00f3 en el acto de firma del acuerdo con el gobierno colombiano, que el objetivo del mismo es la \u00abseguridad regional\u00bb.<br \/>\nLa presencia de las bases estadunidenses en Colombia se ha justificado con el pretexto de la lucha contra el terrorismo y el narcotr\u00e1fico, pero en realidad representa una pieza del dispositivo militar global de Estados Unidos y patrocina un enfoque militar y unilateral de estos problemas, que impide su tratamiento regional, social, pol\u00edtico, aut\u00f3nomo y multilateral. La militarizaci\u00f3n unilateral implica la desestabilizaci\u00f3n regional y su presencia en Colombia y en las zonas fronterizas, ha contribuido a agravar la crisis humanitaria, ambiental y social de vastas regiones.<br \/>\nUna posible consecuencia es que los pa\u00edses que se sienten directamente amenazados por esta pol\u00edtica estadunidense, busquen a su vez recursos para reforzar su seguridad y se produzca as\u00ed una nueva carrera armamentista en la regi\u00f3n, provocada por Estados Unidos.<br \/>\nAdicionalmente, la creciente presencia militar de Washington en Am\u00e9rica Latina, sigue la pauta estrat\u00e9gica de la globalizaci\u00f3n de la Organizaci\u00f3n del Tratado del Atl\u00e1ntico Norte (OTAN), la \u00fanica alianza militar trasnacional, que pretende desplazar a la Organizaci\u00f3n de las Naciones Unidas (ONU), como el principal foro global y la m\u00e1s importante organizaci\u00f3n supranacional.<br \/>\nEl Comando Sur de Estados Unidos, responsable de la planificaci\u00f3n, coordinaci\u00f3n y conducci\u00f3n de las actividades militares estadunidenses en Am\u00e9rica Latina y el Caribe, ha instalado bases militares con aeropuertos en Araba-Curazao, Antillas Holandesas; en Manta, Ecuador; y en Comalapsa, El Salvador; y pretende instalar otras m\u00e1s en Argentina, Paraguay, Colombia y la Rep\u00fablica Dominicana.<br \/>\nLas mujeres y los hombres de buena voluntad en todo el mundo, comprometidos con la paz y el desarme total, exigimos que se suspendan definitivamente tanto la construcci\u00f3n o la concesi\u00f3n de nuevas bases, como la ampliaci\u00f3n de las ya existentes. Pedimos a cada gobierno de Am\u00e9rica Latina, el Caribe y el mundo, que exprese su rechazo decidido al proyecto del gobierno de Estados Unidos de dominar al planeta y a la humanidad entera; y que se adopte un compromiso serio, inmediato y efectivo para llevar a cabo un plan global de desarme, proporcional y simult\u00e1neo entre todas las naciones y en primer lugar, las grandes potencias.<br \/>\n Queremos la eliminaci\u00f3n de todos los arsenales nucleares como el primer paso hacia un desarme completo en nuestro planeta. Es tiempo de escuchar los millones de voces de mujeres y hombres del mundo entero, que exigen el fin del armamentismo, comenzando por el nuclear y de las guerras. Que la no violencia sea la carta de identidad de los seres humanos y se haga la paz.<\/p>\n<p>Septiembre de 2009.<\/p>\n","protected":false},"excerpt":{"rendered":"<p>El C\u00edrculo Latinoamericano de Estudios Internacionales, que forma parte de Abolition 2000, promueve la firma de una carta solicitando el retiro de todas las bases de Estados Unidos de Latino Am\u00e9rica.<br \/>\nHasta ahora, los  firmantes son artistas, pol\u00edticos, periodistas y profesionales de la sociedad civil mexicana, pero buscan hacer extensiva la iniciativa a firmantes de la Regi\u00f3n.<\/p>\n","protected":false},"author":19,"featured_media":0,"comment_status":"closed","ping_status":"open","sticky":false,"template":"","format":"standard","meta":{"footnotes":""},"categories":[149,68,74],"tags":[],"class_list":["post-1735","post","type-post","status-publish","format-standard","hentry","category-comunicados-de-prensa","category-norteamerica","category-politica-es"],"yoast_head":"<!-- This site is optimized with the Yoast SEO plugin v27.1.1 - https:\/\/yoast.com\/product\/yoast-seo-wordpress\/ -->\n<title>Carta por la paz y el desarme<\/title>\n<meta name=\"description\" content=\"El C\u00edrculo Latinoamericano de Estudios Internacionales, que forma parte de Abolition 2000, promueve la firma de una carta solicitando el retiro de todas las bases de Estados Unidos de Latino Am\u00e9rica. Hasta ahora, los firmantes son artistas, pol\u00edticos, periodistas y profesionales de la sociedad civil mexicana, pero buscan hacer extensiva la iniciativa a firmantes de la Regi\u00f3n.\" \/>\n<meta name=\"robots\" content=\"index, follow, max-snippet:-1, max-image-preview:large, max-video-preview:-1\" \/>\n<link rel=\"canonical\" href=\"https:\/\/www.pressenza.com\/es\/2009\/10\/carta-por-la-paz-y-el-desarme\/\" \/>\n<meta property=\"og:locale\" content=\"es_ES\" \/>\n<meta property=\"og:type\" content=\"article\" \/>\n<meta property=\"og:title\" content=\"Carta por la paz y el desarme\" \/>\n<meta property=\"og:description\" content=\"El C\u00edrculo Latinoamericano de Estudios Internacionales, que forma parte de Abolition 2000, promueve la firma de una carta solicitando el retiro de todas las bases de Estados Unidos de Latino Am\u00e9rica. Hasta ahora, los firmantes son artistas, pol\u00edticos, periodistas y profesionales de la sociedad civil mexicana, pero buscan hacer extensiva la iniciativa a firmantes de la Regi\u00f3n.\" \/>\n<meta property=\"og:url\" content=\"https:\/\/www.pressenza.com\/es\/2009\/10\/carta-por-la-paz-y-el-desarme\/\" \/>\n<meta property=\"og:site_name\" content=\"Pressenza\" \/>\n<meta property=\"article:publisher\" content=\"https:\/\/www.facebook.com\/PressenzaItalia\" \/>\n<meta property=\"article:author\" content=\"https:\/\/www.facebook.com\/pressenza\" \/>\n<meta property=\"article:published_time\" content=\"2009-10-14T00:00:00+00:00\" \/>\n<meta property=\"article:modified_time\" content=\"2009-10-14T16:22:31+00:00\" \/>\n<meta name=\"author\" content=\"Pressenza IPA\" \/>\n<meta name=\"twitter:card\" content=\"summary_large_image\" \/>\n<meta name=\"twitter:creator\" content=\"@PressenzaIPA\" \/>\n<meta name=\"twitter:site\" content=\"@PressenzaIPA\" \/>\n<meta name=\"twitter:label1\" content=\"Escrito por\" \/>\n\t<meta name=\"twitter:data1\" content=\"Pressenza IPA\" \/>\n\t<meta name=\"twitter:label2\" content=\"Tiempo de lectura\" \/>\n\t<meta name=\"twitter:data2\" content=\"4 minutos\" \/>\n<script type=\"application\/ld+json\" class=\"yoast-schema-graph\">{\"@context\":\"https:\/\/schema.org\",\"@graph\":[{\"@type\":\"Article\",\"@id\":\"https:\/\/www.pressenza.com\/es\/2009\/10\/carta-por-la-paz-y-el-desarme\/#article\",\"isPartOf\":{\"@id\":\"https:\/\/www.pressenza.com\/es\/2009\/10\/carta-por-la-paz-y-el-desarme\/\"},\"author\":{\"name\":\"Pressenza IPA\",\"@id\":\"https:\/\/www.pressenza.com\/es\/#\/schema\/person\/010e5d02bcf40965427a1289a4cc8d75\"},\"headline\":\"Carta por la paz y el desarme\",\"datePublished\":\"2009-10-14T00:00:00+00:00\",\"dateModified\":\"2009-10-14T16:22:31+00:00\",\"mainEntityOfPage\":{\"@id\":\"https:\/\/www.pressenza.com\/es\/2009\/10\/carta-por-la-paz-y-el-desarme\/\"},\"wordCount\":813,\"publisher\":{\"@id\":\"https:\/\/www.pressenza.com\/es\/#organization\"},\"articleSection\":[\"Comunicados de Prensa\",\"Norteam\u00e9rica\",\"Pol\u00edtica\"],\"inLanguage\":\"es\"},{\"@type\":\"WebPage\",\"@id\":\"https:\/\/www.pressenza.com\/es\/2009\/10\/carta-por-la-paz-y-el-desarme\/\",\"url\":\"https:\/\/www.pressenza.com\/es\/2009\/10\/carta-por-la-paz-y-el-desarme\/\",\"name\":\"Carta por la paz y el desarme\",\"isPartOf\":{\"@id\":\"https:\/\/www.pressenza.com\/es\/#website\"},\"datePublished\":\"2009-10-14T00:00:00+00:00\",\"dateModified\":\"2009-10-14T16:22:31+00:00\",\"description\":\"El C\u00edrculo Latinoamericano de Estudios Internacionales, que forma parte de Abolition 2000, promueve la firma de una carta solicitando el retiro de todas las bases de Estados Unidos de Latino Am\u00e9rica. Hasta ahora, los firmantes son artistas, pol\u00edticos, periodistas y profesionales de la sociedad civil mexicana, pero buscan hacer extensiva la iniciativa a firmantes de la Regi\u00f3n.\",\"breadcrumb\":{\"@id\":\"https:\/\/www.pressenza.com\/es\/2009\/10\/carta-por-la-paz-y-el-desarme\/#breadcrumb\"},\"inLanguage\":\"es\",\"potentialAction\":[{\"@type\":\"ReadAction\",\"target\":[\"https:\/\/www.pressenza.com\/es\/2009\/10\/carta-por-la-paz-y-el-desarme\/\"]}]},{\"@type\":\"BreadcrumbList\",\"@id\":\"https:\/\/www.pressenza.com\/es\/2009\/10\/carta-por-la-paz-y-el-desarme\/#breadcrumb\",\"itemListElement\":[{\"@type\":\"ListItem\",\"position\":1,\"name\":\"Accueil\",\"item\":\"https:\/\/www.pressenza.com\/es\/\"},{\"@type\":\"ListItem\",\"position\":2,\"name\":\"Carta por la paz y el desarme\"}]},{\"@type\":\"WebSite\",\"@id\":\"https:\/\/www.pressenza.com\/es\/#website\",\"url\":\"https:\/\/www.pressenza.com\/es\/\",\"name\":\"Pressenza\",\"description\":\"International Press Agency\",\"publisher\":{\"@id\":\"https:\/\/www.pressenza.com\/es\/#organization\"},\"potentialAction\":[{\"@type\":\"SearchAction\",\"target\":{\"@type\":\"EntryPoint\",\"urlTemplate\":\"https:\/\/www.pressenza.com\/es\/?s={search_term_string}\"},\"query-input\":{\"@type\":\"PropertyValueSpecification\",\"valueRequired\":true,\"valueName\":\"search_term_string\"}}],\"inLanguage\":\"es\"},{\"@type\":\"Organization\",\"@id\":\"https:\/\/www.pressenza.com\/es\/#organization\",\"name\":\"Pressenza\",\"url\":\"https:\/\/www.pressenza.com\/es\/\",\"logo\":{\"@type\":\"ImageObject\",\"inLanguage\":\"es\",\"@id\":\"https:\/\/www.pressenza.com\/es\/#\/schema\/logo\/image\/\",\"url\":\"https:\/\/www.pressenza.com\/wp-content\/uploads\/2022\/10\/pressenza_logo_200x200.jpg\",\"contentUrl\":\"https:\/\/www.pressenza.com\/wp-content\/uploads\/2022\/10\/pressenza_logo_200x200.jpg\",\"width\":200,\"height\":200,\"caption\":\"Pressenza\"},\"image\":{\"@id\":\"https:\/\/www.pressenza.com\/es\/#\/schema\/logo\/image\/\"},\"sameAs\":[\"https:\/\/www.facebook.com\/PressenzaItalia\",\"https:\/\/x.com\/PressenzaIPA\"]},{\"@type\":\"Person\",\"@id\":\"https:\/\/www.pressenza.com\/es\/#\/schema\/person\/010e5d02bcf40965427a1289a4cc8d75\",\"name\":\"Pressenza IPA\",\"description\":\"News from Pressenza IPA correspondents\",\"sameAs\":[\"https:\/\/www.facebook.com\/pressenza\",\"https:\/\/x.com\/PressenzaIPA\"],\"url\":\"https:\/\/www.pressenza.com\/es\/author\/pressenza-ipa\/\"}]}<\/script>\n<!-- \/ Yoast SEO plugin. -->","yoast_head_json":{"title":"Carta por la paz y el desarme","description":"El C\u00edrculo Latinoamericano de Estudios Internacionales, que forma parte de Abolition 2000, promueve la firma de una carta solicitando el retiro de todas las bases de Estados Unidos de Latino Am\u00e9rica. Hasta ahora, los firmantes son artistas, pol\u00edticos, periodistas y profesionales de la sociedad civil mexicana, pero buscan hacer extensiva la iniciativa a firmantes de la Regi\u00f3n.","robots":{"index":"index","follow":"follow","max-snippet":"max-snippet:-1","max-image-preview":"max-image-preview:large","max-video-preview":"max-video-preview:-1"},"canonical":"https:\/\/www.pressenza.com\/es\/2009\/10\/carta-por-la-paz-y-el-desarme\/","og_locale":"es_ES","og_type":"article","og_title":"Carta por la paz y el desarme","og_description":"El C\u00edrculo Latinoamericano de Estudios Internacionales, que forma parte de Abolition 2000, promueve la firma de una carta solicitando el retiro de todas las bases de Estados Unidos de Latino Am\u00e9rica. Hasta ahora, los firmantes son artistas, pol\u00edticos, periodistas y profesionales de la sociedad civil mexicana, pero buscan hacer extensiva la iniciativa a firmantes de la Regi\u00f3n.","og_url":"https:\/\/www.pressenza.com\/es\/2009\/10\/carta-por-la-paz-y-el-desarme\/","og_site_name":"Pressenza","article_publisher":"https:\/\/www.facebook.com\/PressenzaItalia","article_author":"https:\/\/www.facebook.com\/pressenza","article_published_time":"2009-10-14T00:00:00+00:00","article_modified_time":"2009-10-14T16:22:31+00:00","author":"Pressenza IPA","twitter_card":"summary_large_image","twitter_creator":"@PressenzaIPA","twitter_site":"@PressenzaIPA","twitter_misc":{"Escrito por":"Pressenza IPA","Tiempo de lectura":"4 minutos"},"schema":{"@context":"https:\/\/schema.org","@graph":[{"@type":"Article","@id":"https:\/\/www.pressenza.com\/es\/2009\/10\/carta-por-la-paz-y-el-desarme\/#article","isPartOf":{"@id":"https:\/\/www.pressenza.com\/es\/2009\/10\/carta-por-la-paz-y-el-desarme\/"},"author":{"name":"Pressenza IPA","@id":"https:\/\/www.pressenza.com\/es\/#\/schema\/person\/010e5d02bcf40965427a1289a4cc8d75"},"headline":"Carta por la paz y el desarme","datePublished":"2009-10-14T00:00:00+00:00","dateModified":"2009-10-14T16:22:31+00:00","mainEntityOfPage":{"@id":"https:\/\/www.pressenza.com\/es\/2009\/10\/carta-por-la-paz-y-el-desarme\/"},"wordCount":813,"publisher":{"@id":"https:\/\/www.pressenza.com\/es\/#organization"},"articleSection":["Comunicados de Prensa","Norteam\u00e9rica","Pol\u00edtica"],"inLanguage":"es"},{"@type":"WebPage","@id":"https:\/\/www.pressenza.com\/es\/2009\/10\/carta-por-la-paz-y-el-desarme\/","url":"https:\/\/www.pressenza.com\/es\/2009\/10\/carta-por-la-paz-y-el-desarme\/","name":"Carta por la paz y el desarme","isPartOf":{"@id":"https:\/\/www.pressenza.com\/es\/#website"},"datePublished":"2009-10-14T00:00:00+00:00","dateModified":"2009-10-14T16:22:31+00:00","description":"El C\u00edrculo Latinoamericano de Estudios Internacionales, que forma parte de Abolition 2000, promueve la firma de una carta solicitando el retiro de todas las bases de Estados Unidos de Latino Am\u00e9rica. Hasta ahora, los firmantes son artistas, pol\u00edticos, periodistas y profesionales de la sociedad civil mexicana, pero buscan hacer extensiva la iniciativa a firmantes de la Regi\u00f3n.","breadcrumb":{"@id":"https:\/\/www.pressenza.com\/es\/2009\/10\/carta-por-la-paz-y-el-desarme\/#breadcrumb"},"inLanguage":"es","potentialAction":[{"@type":"ReadAction","target":["https:\/\/www.pressenza.com\/es\/2009\/10\/carta-por-la-paz-y-el-desarme\/"]}]},{"@type":"BreadcrumbList","@id":"https:\/\/www.pressenza.com\/es\/2009\/10\/carta-por-la-paz-y-el-desarme\/#breadcrumb","itemListElement":[{"@type":"ListItem","position":1,"name":"Accueil","item":"https:\/\/www.pressenza.com\/es\/"},{"@type":"ListItem","position":2,"name":"Carta por la paz y el desarme"}]},{"@type":"WebSite","@id":"https:\/\/www.pressenza.com\/es\/#website","url":"https:\/\/www.pressenza.com\/es\/","name":"Pressenza","description":"International Press Agency","publisher":{"@id":"https:\/\/www.pressenza.com\/es\/#organization"},"potentialAction":[{"@type":"SearchAction","target":{"@type":"EntryPoint","urlTemplate":"https:\/\/www.pressenza.com\/es\/?s={search_term_string}"},"query-input":{"@type":"PropertyValueSpecification","valueRequired":true,"valueName":"search_term_string"}}],"inLanguage":"es"},{"@type":"Organization","@id":"https:\/\/www.pressenza.com\/es\/#organization","name":"Pressenza","url":"https:\/\/www.pressenza.com\/es\/","logo":{"@type":"ImageObject","inLanguage":"es","@id":"https:\/\/www.pressenza.com\/es\/#\/schema\/logo\/image\/","url":"https:\/\/www.pressenza.com\/wp-content\/uploads\/2022\/10\/pressenza_logo_200x200.jpg","contentUrl":"https:\/\/www.pressenza.com\/wp-content\/uploads\/2022\/10\/pressenza_logo_200x200.jpg","width":200,"height":200,"caption":"Pressenza"},"image":{"@id":"https:\/\/www.pressenza.com\/es\/#\/schema\/logo\/image\/"},"sameAs":["https:\/\/www.facebook.com\/PressenzaItalia","https:\/\/x.com\/PressenzaIPA"]},{"@type":"Person","@id":"https:\/\/www.pressenza.com\/es\/#\/schema\/person\/010e5d02bcf40965427a1289a4cc8d75","name":"Pressenza IPA","description":"News from Pressenza IPA correspondents","sameAs":["https:\/\/www.facebook.com\/pressenza","https:\/\/x.com\/PressenzaIPA"],"url":"https:\/\/www.pressenza.com\/es\/author\/pressenza-ipa\/"}]}},"place":"Ciudad de M\u00e9xico","original_article_url":"","_links":{"self":[{"href":"https:\/\/www.pressenza.com\/es\/wp-json\/wp\/v2\/posts\/1735","targetHints":{"allow":["GET"]}}],"collection":[{"href":"https:\/\/www.pressenza.com\/es\/wp-json\/wp\/v2\/posts"}],"about":[{"href":"https:\/\/www.pressenza.com\/es\/wp-json\/wp\/v2\/types\/post"}],"author":[{"embeddable":true,"href":"https:\/\/www.pressenza.com\/es\/wp-json\/wp\/v2\/users\/19"}],"replies":[{"embeddable":true,"href":"https:\/\/www.pressenza.com\/es\/wp-json\/wp\/v2\/comments?post=1735"}],"version-history":[{"count":0,"href":"https:\/\/www.pressenza.com\/es\/wp-json\/wp\/v2\/posts\/1735\/revisions"}],"wp:attachment":[{"href":"https:\/\/www.pressenza.com\/es\/wp-json\/wp\/v2\/media?parent=1735"}],"wp:term":[{"taxonomy":"category","embeddable":true,"href":"https:\/\/www.pressenza.com\/es\/wp-json\/wp\/v2\/categories?post=1735"},{"taxonomy":"post_tag","embeddable":true,"href":"https:\/\/www.pressenza.com\/es\/wp-json\/wp\/v2\/tags?post=1735"}],"curies":[{"name":"wp","href":"https:\/\/api.w.org\/{rel}","templated":true}]}}