{"id":1734714,"date":"2023-04-23T13:00:24","date_gmt":"2023-04-23T12:00:24","guid":{"rendered":"https:\/\/www.pressenza.com\/?p=1734714"},"modified":"2023-04-23T13:00:24","modified_gmt":"2023-04-23T12:00:24","slug":"acuerdo-de-escazu-a-proposito-de-la-segunda-conferencia-de-los-estados-partes-cop2","status":"publish","type":"post","link":"https:\/\/www.pressenza.com\/es\/2023\/04\/acuerdo-de-escazu-a-proposito-de-la-segunda-conferencia-de-los-estados-partes-cop2\/","title":{"rendered":"Acuerdo de Escaz\u00fa: a prop\u00f3sito de la segunda Conferencia de los Estados Partes (COP2)"},"content":{"rendered":"<p>A partir del 19 de abril, inici\u00f3 en Buenos Aires (Argentina) la segunda Conferencia de Estados Partes al Acuerdo de Escaz\u00fa, un tratado regional adoptado en Costa Rica en el 2018 (v\u00e9ase <a href=\"https:\/\/repositorio.cepal.org\/bitstream\/handle\/11362\/43595\/S2200798_es.pdf?sequence=7&amp;isAllowed=y\">texto completo<\/a>).<\/p>\n<p>Esta cita que concluy\u00f3 el 21 de abril es tambi\u00e9n denominada por las siglas en ingl\u00e9s \u00ab<i>Conference of Parties<\/i>\u00bb o designada por \u00abCOP2\u00bb: se trata en efecto de una reuni\u00f3n en la que participan los Estados Partes al Acuerdo de Escaz\u00fa, y que suman a la fecha 15 (v\u00e9ase <a href=\"https:\/\/treaties.un.org\/Pages\/ViewDetails.aspx?src=IND&amp;mtdsg_no=XXVII-18&amp;chapter=27&amp;clang=_en\">estado oficial<\/a> de firmas y ratificaciones).<\/p>\n<p>La inauguraci\u00f3n cont\u00f3 con la presencia de Jefe de Estado argentino (v\u00e9anse <a href=\"https:\/\/www.cepal.org\/es\/noticias\/presidente-argentina-participara-la-apertura-la-segunda-reunion-la-conferencia-partes\">nota oficial<\/a>\u00a0y\u00a0<a href=\"https:\/\/www.casarosada.gob.ar\/slider-principal\/49830-el-presidente-inauguro-la-segunda-reunion-de-la-conferencia-de-las-partes-del-acuerdo-de-escazu\">comunicado de prensa<\/a> de la Casa Rosada) y se pudieron seguir todas las sesiones en directo, accesando el enlace oficial de la CEPAL previsto para este efecto (v\u00e9ase <a href=\"https:\/\/acuerdodeescazu.cepal.org\/cop2\/es\">enlace<\/a>).<\/p>\n<p><b><i>Estados Partes y Estados no Partes invitados y eventos paralelos<\/i><\/b><\/p>\n<p>Esta COP2 fue objeto de una reuni\u00f3n preparatoria previa, realizada tambi\u00e9n en Argentina el pasado 6 de marzo en la que se precisaron los temas a discutir (v\u00e9ase <a href=\"https:\/\/repositorio.cepal.org\/bitstream\/handle\/11362\/48815\/S2300248_es.pdf?sequence=1&amp;isAllowed=y\">informe<\/a>): se indica (en p\u00e1ginas 15 y 16 del precitado informe) que fueron invitados a participar a esta reuni\u00f3n preparatoria representantes de Estados que a\u00fan no han ratificado el Acuerdo de Escaz\u00fa, a saber: Brasil, Colombia y Per\u00fa.\u00a0 Un gesto de naturaleza pol\u00edtica de los 15 Estados Partes hacia estos tres Estados, invitados a observar diversas sesiones, una de ellas muy esperada sobre las iniciativas de cada Estado Parte para implementar a nivel nacional el Acuerdo de Escaz\u00fa.<\/p>\n<p>Cabe se\u00f1alar que, de forma paralela a las reuniones de los representantes estatales durante esta COP2, se realizaron una serie de muy variados eventos organizados desde la sociedad civil y desde diversas organizaciones internacionales (v\u00e9ase <a href=\"https:\/\/acuerdodeescazu.cepal.org\/cop2\/es\/eventosparalelos\">programa<\/a> de eventos paralelos).<\/p>\n<p><span style=\"font-weight: 400;\">En esta COP2, Chile (uno de los dos Estados que lider\u00f3 las negociaciones durante m\u00e1s de 5 a\u00f1os y medio que culminaron en Escaz\u00fa), particip\u00f3 esta vez como Estado Parte: v\u00e9ase <b><a href=\"https:\/\/www.paiscircular.cl\/medio-ambiente\/constance-nalegach-es-un-deber-de-los-estados-parte-del-acuerdo-de-escazu-avanzar-en-la-proteccion-de-los-defensores-de-los-derechos-ambientales\/\">entrevista<\/a><\/b> a la negociadora chilena del Acuerdo de Escaz\u00fa, publicada en <em>Pa\u00eds Circular<\/em>, del 18\/04\/2023. Un reciente informe (v\u00e9ase <b><a href=\"https:\/\/www.fima.cl\/wp-content\/uploads\/2023\/04\/analisis-cumplimiento-2023.pdf\">texto<\/a><\/b>) sobre el grado de cumplimiento de Chile con los est\u00e1ndares que propone el Acuerdo de Escaz\u00fa analiza las diversas iniciativas tomadas por las autoridades gubernamentales chilenas, que deber\u00edan de poder replicarse en otras latitudes en Am\u00e9rica Latina. A su vez la sociedad civil ha presentado valiosas propuestas a los Estados Partes, tal como por ejemplo, entre muchas otras, este informe elaborado por OXFAM\u00a0<\/span><span style=\"font-weight: 400;\">(v\u00e9ase<\/span><span style=\"font-weight: 400;\">\u00a0<\/span><b><a href=\"https:\/\/oi-files-cng-prod.s3.amazonaws.com\/lac.oxfam.org\/s3fs-public\/file_attachments\/Posicionamiento%20Oxfam%20COP2%20Escazu.pdf\">documento<\/a><\/b><span style=\"font-weight: 400;\">).<\/span><\/p>\n<p style=\"font-weight: 400;\">M\u00e1s generalmente, esta otra <b><a href=\"https:\/\/dialogochino.net\/es\/articulo\/65017-escazu-es-un-piso-no-un-techo-para-la-proteccion-de-los-derechos-humanos-carlos-de-miguel\/\">entrevista<\/a><\/b>\u00a0a un alto funcionario de la CEPAL (publicada en <em>Di\u00e1logo Chino<\/em>, edici\u00f3n del 14\/04\/2023) permite tambi\u00e9n apreciar los desaf\u00edos que para los Estados de la regi\u00f3n significa la construcci\u00f3n de una verdadera democracia ambiental, y ello a partir de los principios enumerados en el Acuerdo de Escaz\u00fa.<\/p>\n<p style=\"font-weight: 400;\"><strong><em>La COP 1\u00a0 y la COP2 en breve<\/em><\/strong><\/p>\n<p style=\"font-weight: 400;\">Como se recordar\u00e1 el Acuerdo de Escaz\u00fa se adopt\u00f3 en marzo del 2018 en Costa Rica, y el proceso de negociaci\u00f3n fue co-liderado por Chile y Costa Rica. Este tratado regional entr\u00f3 en vigor en abril del 2021 al reunir las ratificaciones necesarias (en total 11, seg\u00fan lo establece el mismo tratado en su Art\u00edculo 22).<\/p>\n<p style=\"font-weight: 400;\">La primera COP se reuni\u00f3 un a\u00f1o despu\u00e9s, en abril del 2022, en Santiago de Chile (v\u00e9ase<b><a href=\"https:\/\/acuerdodeescazu.cepal.org\/cop1\/es\/programa\"> programa<\/a><\/b>),\u00a0contando en aquel momento el Acuerdo de Escaz\u00fa con 12 Estados Partes, a saber: Antigua y Barbuda, Argentina, Bolivia, Ecuador, Guyana, M\u00e9xico, Nicaragua, Panam\u00e1, Saint Kitts y Nevis, Santa Luc\u00eda, San Vicente y las Granadinas as\u00ed como Uruguay. Desde entonces, el Acuerdo de Escaz\u00fa ha sumado a tres nuevos Estados Partes: Chile (junio del 2022), as\u00ed como las ratificaciones de Belice y de Granada registradas recientemente (marzo del 2023) que tuvimos la oportunidad de comentar, adem\u00e1s de otros notorios avances del Acuerdo de Escaz\u00fa en lo que va del a\u00f1o 2023, as\u00ed como la persistente negativa de Costa Rica en aprobarlo (<strong>Nota 1<\/strong>).<\/p>\n<p style=\"font-weight: 400;\">En d\u00edas recientes, autoridades en Brasil se\u00f1alaron su inter\u00e9s en acelerar el proceso de ratificaci\u00f3n del Acuerdo de Escaz\u00fa (v\u00e9ase <b><a href=\"https:\/\/www.noticiasaominuto.com\/mundo\/2296792\/brasil-quer-acelerar-ratificacao-do-acordo-de-escazu\">nota de prensa<\/a><\/b>\u00a0del 13\/04\/2023): cabe precisar que la titular de la cartera de ambiente de Brasil estar\u00e1 presente en la ceremonia de inauguraci\u00f3n de la COP2 (v\u00e9ase <b><a href=\"https:\/\/www.cepal.org\/es\/noticias\/como-seguir-la-segunda-reunion-la-conferencia-partes-acuerdo-escazu\">nota oficial<\/a><\/b>). El triste par\u00e9ntesis que signific\u00f3 para los derechos humanos y el ambiente, as\u00ed como para la poblaciones ind\u00edgenas brasile\u00f1as, la administraci\u00f3n del Presidente Bolsonaro\u00a0 (2017-2022) permite augurar un renovado inter\u00e9s de las autoridades de Brasil en adherir al Acuerdo de Escaz\u00fa.<\/p>\n<p style=\"font-weight: 400;\">Se espera adem\u00e1s que pronto Colombia concluya el proceso de ratificaci\u00f3n, al haber sido aprobado el Acuerdo de Escaz\u00fa por las dos c\u00e1maras de su Poder Legislativo en noviembre del 2022, una aprobaci\u00f3n que tuvimos la oportunidad de analizar (<strong>Nota 2<\/strong>).<\/p>\n<p style=\"font-weight: 400;\">En Am\u00e9rica Latina, adem\u00e1s de Colombia, los siguientes Estados han firmado el Acuerdo de Escaz\u00fa, pero a\u00fan no lo han aprobado: Brasil, Costa Rica, Guatemala, Hait\u00ed, Paraguay, Per\u00fa y Rep\u00fablica Dominicana. Al tiempo que ni tan siquiera lo han firmado los siguientes: Cuba, El Salvador, Honduras y Venezuela.<\/p>\n<p style=\"font-weight: 400;\"><strong><em>A modo de conclusi\u00f3n<\/em><\/strong><\/p>\n<p style=\"font-weight: 400;\">M\u00e1s all\u00e1 de los obst\u00e1culos\u00a0 de todo tipo que se han generado en algunos Estados para bloquear la aprobaci\u00f3n del Acuerdo de Escaz\u00fa y del desinter\u00e9s de otros en (por lo menos &#8230;) firmar este acuerdo, son varios los temas sobre la implementaci\u00f3n del Acuerdo de Escaz\u00fa que se discutieron entre los Estados Partes a partir de este 19 de abril en Buenos Aires.<\/p>\n<p style=\"font-weight: 400;\">A ese respecto, llama la atenci\u00f3n\u00a0la escasa cobertura en medios de prensa costarricenses sobre las diversas iniciativas gestadas a partir del Acuerdo de Escaz\u00fa en el 2022, y es previsible que esta COP2 en Argentina sufra el mismo trato.<\/p>\n<p style=\"font-weight: 400;\">En abril del 2022, se compil\u00f3 una valiosa gu\u00eda de implementaci\u00f3n del Acuerdo de Escaz\u00fa (v\u00e9ase <b><a href=\"https:\/\/repositorio.cepal.org\/bitstream\/handle\/11362\/48494\/S2300151_es.pdf?sequence=4&amp;isAllowed=y\">texto completo<\/a><\/b>) que puede desde ya ser usada para generar u orientar pol\u00edticas p\u00fablicas en diversos Estados, sean estos Estados Partes o no.<\/p>\n<p style=\"font-weight: 400;\">Entre los diversos temas a tratar en Buenos Aires, figur\u00f3 tambi\u00e9n la designaci\u00f3n de los integrantes del <em>Comit\u00e9 de Apoyo a la Aplicaci\u00f3n y Cumplimiento<\/em> que crea este tratado regional en su Art\u00edculo 18, as\u00ed como la implementaci\u00f3n del <em>Fondo Voluntario de Contribuciones<\/em>\u00a0(Art\u00edculo 14).<\/p>\n<p style=\"font-weight: 400;\">Adicionalmente, se busc\u00f3 la forma de darle seguimiento a las diversas recomendaciones y conclusiones del primer foro sobre defensores ambientales, reunido en Quito (Ecuador) en el mes de noviembre del 2022 (v\u00e9ase <b><a href=\"https:\/\/repositorio.cepal.org\/bitstream\/handle\/11362\/48790\/3\/S2300138_es.pdf\">informe<\/a><\/b>):\u00a0un Plan de Acci\u00f3n\u00a0(v\u00e9ase\u00a0<b><a href=\"https:\/\/acuerdodeescazu.cepal.org\/cop2\/sites\/acuerdodeescazucop2\/files\/indice_anotado_final_14_de_abril.pdf\">documento<\/a><\/b>)\u00a0ha sido puesto a consulta para las organizaciones de la sociedad civil con miras a contar con sus insumos y propuestas. Al respecto, un segundo foro sobre defensores ambientales tendr\u00e1 lugar en Panam\u00e1, durante la \u00faltima semana de setiembre del 2023.<\/p>\n<p style=\"font-weight: 400;\">Estas y muchas otras iniciativas confirman el paso firme y decisivo que est\u00e1n imprimi\u00e9ndole al Acuerdo de Escaz\u00fa los Estados Partes y la CEPAL, conscientes de la importancia de llevar con marcha sostenida la implementaci\u00f3n de este tratado regional: un instrumento jur\u00eddico moderno en materia de gesti\u00f3n y de gobernanza ambiental, tal y como apuntado en varias publicaciones (<strong>Nota 3<\/strong>).<\/p>\n<p style=\"font-weight: 400;\">La pr\u00f3xima reuni\u00f3n de los Estados Partes (o \u00abCOP\u00bb) se realizar\u00e1 nuevamente en Santiago de Chile, en el mes de abril del 2024 (confirm\u00e1ndose de paso el marcado desinter\u00e9s de las autoridades de Costa Rica, al volver a la misma capital que para la primera reuni\u00f3n de este tipo).<\/p>\n<p style=\"font-weight: 400;\">Con relaci\u00f3n a Costa Rica, los titulares de esta <b><a href=\"https:\/\/www.dw.com\/es\/acuerdo-de-escaz%C3%BA-sin-costa-rica-del-liderazgo-al-olvido\/a-64734628\">nota<\/a><\/b> de la DW (Alemania) y de esta <b><a href=\"https:\/\/www.france24.com\/es\/minuto-a-minuto\/20230201-acuerdo-medioambiental-de-escaz%C3%BA-entre-la-vida-y-la-muerte-en-costa-rica\">otra<\/a><\/b> de <em>France24<\/em>\u00a0(Francia), o bien de este <b><a href=\"https:\/\/www.elobservador.com.uy\/nota\/retroceso-costa-rica-decidio-no-ratificar-el-acuerdo-de-escazu-sobre-medio-ambiente-20232219180\">cable<\/a><\/b> de la agencia internacional de noticias AFP replicado en un medio uruguayo, permiten apreciar el profundo desconcierto que, a nivel internacional, ha causado su ausencia entre los Estados Partes al Acuerdo de Escaz\u00fa, m\u00e1s de cinco a\u00f1os desde su adopci\u00f3n en suelo costarricense.<\/p>\n<p style=\"font-weight: 400;\">&#8212;-<\/p>\n<p style=\"font-weight: 400;\"><strong>Nota 1<\/strong>: V\u00e9ase al respecto <strong>BOEGLIN N<\/strong>., \u00ab<em>El Acuerdo de Escaz\u00fa: viento en popa<\/em>\u00ab,\u00a0Portal de la Universidad de Costa Rica (UCR), edici\u00f3n del 10\/04\/2023. Texto disponible\u00a0<b><a href=\"https:\/\/www.ucr.ac.cr\/noticias\/2023\/4\/10\/voz-experta-acuerdo-de-escazu-viento-en-popa.html\">aqu\u00ed<\/a><\/b>.<\/p>\n<p style=\"font-weight: 400;\"><strong>Nota 2<\/strong>: V\u00e9ase al respecto <strong>BOEGLIN N.<\/strong>, \u00ab<em>Colombia a pocos meses de ser oficialmente Estado Parte del Acuerdo de Escaz\u00fa<\/em>\u00ab, Portal de la Universidad de Costa Rica (UCR), edici\u00f3n del 15\/11\/2022. Texto disponible <b><a href=\"https:\/\/www.ucr.ac.cr\/noticias\/2022\/11\/15\/voz-experta-colombia-a-pocos-meses-de-ser-oficialmente-estado-parte-del-acuerdo-de-escazu.html\">aqu\u00ed<\/a><\/b>.<\/p>\n<p style=\"font-weight: 400;\"><strong>Nota 3<\/strong>:\u00a0V\u00e9ase por ejemplo<strong>\u00a0PE\u00d1A CHAC\u00d3N M.<\/strong>, \u00ab<em>Transparencia y rendici\u00f3n de cuentas en el Estado de Derecho ambiental<\/em>\u00ab, Delfino.cr, edici\u00f3n del 17 de abril del 2021, disponible\u00a0<strong><b><a href=\"https:\/\/delfino.cr\/2021\/04\/transparencia-y-rendicion-de-cuentas-en-el-estado-de-derecho-ambiental\">aqu\u00ed<\/a><\/b><\/strong>. Sobre el Acuerdo de Escaz\u00fa, remitimos a tres valiosas (y voluminosas) publicaciones colectivas que detallan los alcances de su contenido y de su importancia\u00a0para la consolidaci\u00f3n de una verdadera democracia ambiental en Am\u00e9rica Latina y el Caribe:\u00a0<strong>ATILIO FRANZA J. &amp; PRIEUR M.<\/strong>\u00a0(dir.),<em>\u00a0Acuerdo de Escaz\u00fa: enfoque internacional, regional y nacional<\/em>, Editorial Jusbaires, Buenos Aires, 2022, 670 p\u00e1gs. Obra disponible de manera integral en este\u00a0<strong><b><a href=\"https:\/\/editorial.jusbaires.gob.ar\/libros\/360\/online\">enlace<\/a><\/b><\/strong>;\u00a0\u00a0as\u00ed como\u00a0<strong>BARCENA\u00a0A., MU\u00d1OZ AVILA\u00a0L.,\u00a0TORRES V.\u00a0<\/strong>(Editoras),\u00a0<em>El\u00a0Acuerdo de Escaz\u00fa sobre democracia ambiental y su relaci\u00f3n con la Agenda 2030 para el Desarrollo\u00a0Sostenible<\/em>, 2021, CEPAL \/ Universidad del Rosario (Colombia),\u00a0298 p\u00e1gs., disponible en\u00a0este\u00a0<strong><b><a href=\"https:\/\/repositorio.cepal.org\/bitstream\/handle\/11362\/47427\/3\/S2100857_es.pdf\">enlace<\/a><\/b><\/strong>; y\u00a0<strong>PRIEUR\u00a0M., SOZZO G. y NAPOLI A.\u00a0<\/strong>(Editores),\u00a0<em>Acuerdo\u00a0de Escaz\u00fa: pacto para la eco-nom\u00eda\u00a0y democracia del siglo\u00a0XXI<\/em>,\u00a0330 p\u00e1gs., \u00a02020, Universidad del Litoral (Argentina), disponible en este\u00a0<strong><b><a href=\"https:\/\/bibliotecavirtual.unl.edu.ar:8443\/handle\/11185\/5688\">enlace<\/a><\/b><\/strong>. El hecho que se trata de un instrumento de vanguardia se puede confirmar a\u00fan m\u00e1s al revisar los desarrollos para garantizar una correcta aplicaci\u00f3n del Art\u00edculo 7 y del Art\u00edculo 9, elaborados por la misma CEPAL en la precitada gu\u00eda de implementaci\u00f3n del Acuerdo de Escaz\u00fa, presentada formalmente en abril del 2022 (disponible\u00a0<strong><b><a href=\"https:\/\/www.cepal.org\/sites\/default\/files\/news\/files\/21-00642_pfc-white_paper-escazu_guia_de_implementacion.pdf\">aqu\u00ed<\/a><\/b><\/strong>, particularmente en pp.108-126).<\/p>\n","protected":false},"excerpt":{"rendered":"<p>A partir del 19 de abril, inici\u00f3 en Buenos Aires (Argentina) la segunda Conferencia de Estados Partes al Acuerdo de Escaz\u00fa, un tratado regional adoptado en Costa Rica en el 2018 (v\u00e9ase texto completo). Esta cita que concluy\u00f3 el 21&hellip;<\/p>\n","protected":false},"author":1329,"featured_media":1734716,"comment_status":"closed","ping_status":"closed","sticky":false,"template":"","format":"standard","meta":{"footnotes":""},"categories":[69,161,74],"tags":[50349],"class_list":["post-1734714","post","type-post","status-publish","format-standard","has-post-thumbnail","hentry","category-america-central","category-opiniones","category-politica-es","tag-acuerdo-de-escazu"],"yoast_head":"<!-- This site is optimized with the Yoast SEO plugin v27.1.1 - https:\/\/yoast.com\/product\/yoast-seo-wordpress\/ -->\n<title>Acuerdo de Escaz\u00fa: a prop\u00f3sito de la segunda Conferencia de los Estados Partes (COP2)<\/title>\n<meta name=\"description\" content=\"A partir del 19 de abril, inici\u00f3 en Buenos Aires (Argentina) la segunda Conferencia de Estados Partes al Acuerdo de Escaz\u00fa, un tratado regional adoptado\" \/>\n<meta name=\"robots\" content=\"index, follow, max-snippet:-1, max-image-preview:large, max-video-preview:-1\" \/>\n<link rel=\"canonical\" href=\"https:\/\/www.pressenza.com\/es\/2023\/04\/acuerdo-de-escazu-a-proposito-de-la-segunda-conferencia-de-los-estados-partes-cop2\/\" \/>\n<meta property=\"og:locale\" content=\"es_ES\" \/>\n<meta property=\"og:type\" content=\"article\" \/>\n<meta property=\"og:title\" content=\"Acuerdo de Escaz\u00fa: a prop\u00f3sito de la segunda Conferencia de los Estados Partes (COP2)\" \/>\n<meta property=\"og:description\" content=\"A partir del 19 de abril, inici\u00f3 en Buenos Aires (Argentina) la segunda Conferencia de Estados Partes al Acuerdo de Escaz\u00fa, un tratado regional adoptado\" \/>\n<meta property=\"og:url\" content=\"https:\/\/www.pressenza.com\/es\/2023\/04\/acuerdo-de-escazu-a-proposito-de-la-segunda-conferencia-de-los-estados-partes-cop2\/\" \/>\n<meta property=\"og:site_name\" content=\"Pressenza\" \/>\n<meta property=\"article:publisher\" content=\"https:\/\/www.facebook.com\/PressenzaItalia\" \/>\n<meta property=\"article:published_time\" content=\"2023-04-23T12:00:24+00:00\" \/>\n<meta property=\"og:image\" content=\"https:\/\/www.pressenza.com\/wp-content\/uploads\/2023\/04\/COP2_Escazu_-_Banner_Evento_20_04.2e16d0ba.fill-1200x630-1.png\" \/>\n\t<meta property=\"og:image:width\" content=\"950\" \/>\n\t<meta property=\"og:image:height\" content=\"499\" \/>\n\t<meta property=\"og:image:type\" content=\"image\/png\" \/>\n<meta name=\"author\" content=\"Nicolas Boeglin\" \/>\n<meta name=\"twitter:card\" content=\"summary_large_image\" \/>\n<meta name=\"twitter:creator\" content=\"@PressenzaIPA\" \/>\n<meta name=\"twitter:site\" content=\"@PressenzaIPA\" \/>\n<meta name=\"twitter:label1\" content=\"Escrito por\" \/>\n\t<meta name=\"twitter:data1\" content=\"Nicolas Boeglin\" \/>\n\t<meta name=\"twitter:label2\" content=\"Tiempo de lectura\" \/>\n\t<meta name=\"twitter:data2\" content=\"8 minutos\" \/>\n<script type=\"application\/ld+json\" class=\"yoast-schema-graph\">{\"@context\":\"https:\/\/schema.org\",\"@graph\":[{\"@type\":\"Article\",\"@id\":\"https:\/\/www.pressenza.com\/es\/2023\/04\/acuerdo-de-escazu-a-proposito-de-la-segunda-conferencia-de-los-estados-partes-cop2\/#article\",\"isPartOf\":{\"@id\":\"https:\/\/www.pressenza.com\/es\/2023\/04\/acuerdo-de-escazu-a-proposito-de-la-segunda-conferencia-de-los-estados-partes-cop2\/\"},\"author\":{\"name\":\"Nicolas Boeglin\",\"@id\":\"https:\/\/www.pressenza.com\/es\/#\/schema\/person\/3166268d27b8b74a51a91eecd7b64f26\"},\"headline\":\"Acuerdo de Escaz\u00fa: a prop\u00f3sito de la segunda Conferencia de los Estados Partes (COP2)\",\"datePublished\":\"2023-04-23T12:00:24+00:00\",\"mainEntityOfPage\":{\"@id\":\"https:\/\/www.pressenza.com\/es\/2023\/04\/acuerdo-de-escazu-a-proposito-de-la-segunda-conferencia-de-los-estados-partes-cop2\/\"},\"wordCount\":1647,\"publisher\":{\"@id\":\"https:\/\/www.pressenza.com\/es\/#organization\"},\"image\":{\"@id\":\"https:\/\/www.pressenza.com\/es\/2023\/04\/acuerdo-de-escazu-a-proposito-de-la-segunda-conferencia-de-los-estados-partes-cop2\/#primaryimage\"},\"thumbnailUrl\":\"https:\/\/www.pressenza.com\/wp-content\/uploads\/2023\/04\/COP2_Escazu_-_Banner_Evento_20_04.2e16d0ba.fill-1200x630-1.png\",\"keywords\":[\"Acuerdo de Escaz\u00fa\"],\"articleSection\":[\"Am\u00e9rica Central\",\"Opiniones\",\"Pol\u00edtica\"],\"inLanguage\":\"es\"},{\"@type\":\"WebPage\",\"@id\":\"https:\/\/www.pressenza.com\/es\/2023\/04\/acuerdo-de-escazu-a-proposito-de-la-segunda-conferencia-de-los-estados-partes-cop2\/\",\"url\":\"https:\/\/www.pressenza.com\/es\/2023\/04\/acuerdo-de-escazu-a-proposito-de-la-segunda-conferencia-de-los-estados-partes-cop2\/\",\"name\":\"Acuerdo de Escaz\u00fa: a prop\u00f3sito de la segunda Conferencia de los Estados Partes (COP2)\",\"isPartOf\":{\"@id\":\"https:\/\/www.pressenza.com\/es\/#website\"},\"primaryImageOfPage\":{\"@id\":\"https:\/\/www.pressenza.com\/es\/2023\/04\/acuerdo-de-escazu-a-proposito-de-la-segunda-conferencia-de-los-estados-partes-cop2\/#primaryimage\"},\"image\":{\"@id\":\"https:\/\/www.pressenza.com\/es\/2023\/04\/acuerdo-de-escazu-a-proposito-de-la-segunda-conferencia-de-los-estados-partes-cop2\/#primaryimage\"},\"thumbnailUrl\":\"https:\/\/www.pressenza.com\/wp-content\/uploads\/2023\/04\/COP2_Escazu_-_Banner_Evento_20_04.2e16d0ba.fill-1200x630-1.png\",\"datePublished\":\"2023-04-23T12:00:24+00:00\",\"description\":\"A partir del 19 de abril, inici\u00f3 en Buenos Aires (Argentina) la segunda Conferencia de Estados Partes al Acuerdo de Escaz\u00fa, un tratado regional adoptado\",\"breadcrumb\":{\"@id\":\"https:\/\/www.pressenza.com\/es\/2023\/04\/acuerdo-de-escazu-a-proposito-de-la-segunda-conferencia-de-los-estados-partes-cop2\/#breadcrumb\"},\"inLanguage\":\"es\",\"potentialAction\":[{\"@type\":\"ReadAction\",\"target\":[\"https:\/\/www.pressenza.com\/es\/2023\/04\/acuerdo-de-escazu-a-proposito-de-la-segunda-conferencia-de-los-estados-partes-cop2\/\"]}]},{\"@type\":\"ImageObject\",\"inLanguage\":\"es\",\"@id\":\"https:\/\/www.pressenza.com\/es\/2023\/04\/acuerdo-de-escazu-a-proposito-de-la-segunda-conferencia-de-los-estados-partes-cop2\/#primaryimage\",\"url\":\"https:\/\/www.pressenza.com\/wp-content\/uploads\/2023\/04\/COP2_Escazu_-_Banner_Evento_20_04.2e16d0ba.fill-1200x630-1.png\",\"contentUrl\":\"https:\/\/www.pressenza.com\/wp-content\/uploads\/2023\/04\/COP2_Escazu_-_Banner_Evento_20_04.2e16d0ba.fill-1200x630-1.png\",\"width\":950,\"height\":499},{\"@type\":\"BreadcrumbList\",\"@id\":\"https:\/\/www.pressenza.com\/es\/2023\/04\/acuerdo-de-escazu-a-proposito-de-la-segunda-conferencia-de-los-estados-partes-cop2\/#breadcrumb\",\"itemListElement\":[{\"@type\":\"ListItem\",\"position\":1,\"name\":\"Accueil\",\"item\":\"https:\/\/www.pressenza.com\/es\/\"},{\"@type\":\"ListItem\",\"position\":2,\"name\":\"Acuerdo de Escaz\u00fa: a prop\u00f3sito de la segunda Conferencia de los Estados Partes (COP2)\"}]},{\"@type\":\"WebSite\",\"@id\":\"https:\/\/www.pressenza.com\/es\/#website\",\"url\":\"https:\/\/www.pressenza.com\/es\/\",\"name\":\"Pressenza\",\"description\":\"International Press Agency\",\"publisher\":{\"@id\":\"https:\/\/www.pressenza.com\/es\/#organization\"},\"potentialAction\":[{\"@type\":\"SearchAction\",\"target\":{\"@type\":\"EntryPoint\",\"urlTemplate\":\"https:\/\/www.pressenza.com\/es\/?s={search_term_string}\"},\"query-input\":{\"@type\":\"PropertyValueSpecification\",\"valueRequired\":true,\"valueName\":\"search_term_string\"}}],\"inLanguage\":\"es\"},{\"@type\":\"Organization\",\"@id\":\"https:\/\/www.pressenza.com\/es\/#organization\",\"name\":\"Pressenza\",\"url\":\"https:\/\/www.pressenza.com\/es\/\",\"logo\":{\"@type\":\"ImageObject\",\"inLanguage\":\"es\",\"@id\":\"https:\/\/www.pressenza.com\/es\/#\/schema\/logo\/image\/\",\"url\":\"https:\/\/www.pressenza.com\/wp-content\/uploads\/2022\/10\/pressenza_logo_200x200.jpg\",\"contentUrl\":\"https:\/\/www.pressenza.com\/wp-content\/uploads\/2022\/10\/pressenza_logo_200x200.jpg\",\"width\":200,\"height\":200,\"caption\":\"Pressenza\"},\"image\":{\"@id\":\"https:\/\/www.pressenza.com\/es\/#\/schema\/logo\/image\/\"},\"sameAs\":[\"https:\/\/www.facebook.com\/PressenzaItalia\",\"https:\/\/x.com\/PressenzaIPA\"]},{\"@type\":\"Person\",\"@id\":\"https:\/\/www.pressenza.com\/es\/#\/schema\/person\/3166268d27b8b74a51a91eecd7b64f26\",\"name\":\"Nicolas Boeglin\",\"description\":\"Nicolas Boeglin, Professor of International Law, Law Faculty, University of Costa Rica (UCR). Contact : nboeglin@gmail.com\",\"url\":\"https:\/\/www.pressenza.com\/es\/author\/nicolas-boeglin\/\"}]}<\/script>\n<!-- \/ Yoast SEO plugin. -->","yoast_head_json":{"title":"Acuerdo de Escaz\u00fa: a prop\u00f3sito de la segunda Conferencia de los Estados Partes (COP2)","description":"A partir del 19 de abril, inici\u00f3 en Buenos Aires (Argentina) la segunda Conferencia de Estados Partes al Acuerdo de Escaz\u00fa, un tratado regional adoptado","robots":{"index":"index","follow":"follow","max-snippet":"max-snippet:-1","max-image-preview":"max-image-preview:large","max-video-preview":"max-video-preview:-1"},"canonical":"https:\/\/www.pressenza.com\/es\/2023\/04\/acuerdo-de-escazu-a-proposito-de-la-segunda-conferencia-de-los-estados-partes-cop2\/","og_locale":"es_ES","og_type":"article","og_title":"Acuerdo de Escaz\u00fa: a prop\u00f3sito de la segunda Conferencia de los Estados Partes (COP2)","og_description":"A partir del 19 de abril, inici\u00f3 en Buenos Aires (Argentina) la segunda Conferencia de Estados Partes al Acuerdo de Escaz\u00fa, un tratado regional adoptado","og_url":"https:\/\/www.pressenza.com\/es\/2023\/04\/acuerdo-de-escazu-a-proposito-de-la-segunda-conferencia-de-los-estados-partes-cop2\/","og_site_name":"Pressenza","article_publisher":"https:\/\/www.facebook.com\/PressenzaItalia","article_published_time":"2023-04-23T12:00:24+00:00","og_image":[{"width":950,"height":499,"url":"https:\/\/www.pressenza.com\/wp-content\/uploads\/2023\/04\/COP2_Escazu_-_Banner_Evento_20_04.2e16d0ba.fill-1200x630-1.png","type":"image\/png"}],"author":"Nicolas Boeglin","twitter_card":"summary_large_image","twitter_creator":"@PressenzaIPA","twitter_site":"@PressenzaIPA","twitter_misc":{"Escrito por":"Nicolas Boeglin","Tiempo de lectura":"8 minutos"},"schema":{"@context":"https:\/\/schema.org","@graph":[{"@type":"Article","@id":"https:\/\/www.pressenza.com\/es\/2023\/04\/acuerdo-de-escazu-a-proposito-de-la-segunda-conferencia-de-los-estados-partes-cop2\/#article","isPartOf":{"@id":"https:\/\/www.pressenza.com\/es\/2023\/04\/acuerdo-de-escazu-a-proposito-de-la-segunda-conferencia-de-los-estados-partes-cop2\/"},"author":{"name":"Nicolas Boeglin","@id":"https:\/\/www.pressenza.com\/es\/#\/schema\/person\/3166268d27b8b74a51a91eecd7b64f26"},"headline":"Acuerdo de Escaz\u00fa: a prop\u00f3sito de la segunda Conferencia de los Estados Partes (COP2)","datePublished":"2023-04-23T12:00:24+00:00","mainEntityOfPage":{"@id":"https:\/\/www.pressenza.com\/es\/2023\/04\/acuerdo-de-escazu-a-proposito-de-la-segunda-conferencia-de-los-estados-partes-cop2\/"},"wordCount":1647,"publisher":{"@id":"https:\/\/www.pressenza.com\/es\/#organization"},"image":{"@id":"https:\/\/www.pressenza.com\/es\/2023\/04\/acuerdo-de-escazu-a-proposito-de-la-segunda-conferencia-de-los-estados-partes-cop2\/#primaryimage"},"thumbnailUrl":"https:\/\/www.pressenza.com\/wp-content\/uploads\/2023\/04\/COP2_Escazu_-_Banner_Evento_20_04.2e16d0ba.fill-1200x630-1.png","keywords":["Acuerdo de Escaz\u00fa"],"articleSection":["Am\u00e9rica Central","Opiniones","Pol\u00edtica"],"inLanguage":"es"},{"@type":"WebPage","@id":"https:\/\/www.pressenza.com\/es\/2023\/04\/acuerdo-de-escazu-a-proposito-de-la-segunda-conferencia-de-los-estados-partes-cop2\/","url":"https:\/\/www.pressenza.com\/es\/2023\/04\/acuerdo-de-escazu-a-proposito-de-la-segunda-conferencia-de-los-estados-partes-cop2\/","name":"Acuerdo de Escaz\u00fa: a prop\u00f3sito de la segunda Conferencia de los Estados Partes (COP2)","isPartOf":{"@id":"https:\/\/www.pressenza.com\/es\/#website"},"primaryImageOfPage":{"@id":"https:\/\/www.pressenza.com\/es\/2023\/04\/acuerdo-de-escazu-a-proposito-de-la-segunda-conferencia-de-los-estados-partes-cop2\/#primaryimage"},"image":{"@id":"https:\/\/www.pressenza.com\/es\/2023\/04\/acuerdo-de-escazu-a-proposito-de-la-segunda-conferencia-de-los-estados-partes-cop2\/#primaryimage"},"thumbnailUrl":"https:\/\/www.pressenza.com\/wp-content\/uploads\/2023\/04\/COP2_Escazu_-_Banner_Evento_20_04.2e16d0ba.fill-1200x630-1.png","datePublished":"2023-04-23T12:00:24+00:00","description":"A partir del 19 de abril, inici\u00f3 en Buenos Aires (Argentina) la segunda Conferencia de Estados Partes al Acuerdo de Escaz\u00fa, un tratado regional adoptado","breadcrumb":{"@id":"https:\/\/www.pressenza.com\/es\/2023\/04\/acuerdo-de-escazu-a-proposito-de-la-segunda-conferencia-de-los-estados-partes-cop2\/#breadcrumb"},"inLanguage":"es","potentialAction":[{"@type":"ReadAction","target":["https:\/\/www.pressenza.com\/es\/2023\/04\/acuerdo-de-escazu-a-proposito-de-la-segunda-conferencia-de-los-estados-partes-cop2\/"]}]},{"@type":"ImageObject","inLanguage":"es","@id":"https:\/\/www.pressenza.com\/es\/2023\/04\/acuerdo-de-escazu-a-proposito-de-la-segunda-conferencia-de-los-estados-partes-cop2\/#primaryimage","url":"https:\/\/www.pressenza.com\/wp-content\/uploads\/2023\/04\/COP2_Escazu_-_Banner_Evento_20_04.2e16d0ba.fill-1200x630-1.png","contentUrl":"https:\/\/www.pressenza.com\/wp-content\/uploads\/2023\/04\/COP2_Escazu_-_Banner_Evento_20_04.2e16d0ba.fill-1200x630-1.png","width":950,"height":499},{"@type":"BreadcrumbList","@id":"https:\/\/www.pressenza.com\/es\/2023\/04\/acuerdo-de-escazu-a-proposito-de-la-segunda-conferencia-de-los-estados-partes-cop2\/#breadcrumb","itemListElement":[{"@type":"ListItem","position":1,"name":"Accueil","item":"https:\/\/www.pressenza.com\/es\/"},{"@type":"ListItem","position":2,"name":"Acuerdo de Escaz\u00fa: a prop\u00f3sito de la segunda Conferencia de los Estados Partes (COP2)"}]},{"@type":"WebSite","@id":"https:\/\/www.pressenza.com\/es\/#website","url":"https:\/\/www.pressenza.com\/es\/","name":"Pressenza","description":"International Press Agency","publisher":{"@id":"https:\/\/www.pressenza.com\/es\/#organization"},"potentialAction":[{"@type":"SearchAction","target":{"@type":"EntryPoint","urlTemplate":"https:\/\/www.pressenza.com\/es\/?s={search_term_string}"},"query-input":{"@type":"PropertyValueSpecification","valueRequired":true,"valueName":"search_term_string"}}],"inLanguage":"es"},{"@type":"Organization","@id":"https:\/\/www.pressenza.com\/es\/#organization","name":"Pressenza","url":"https:\/\/www.pressenza.com\/es\/","logo":{"@type":"ImageObject","inLanguage":"es","@id":"https:\/\/www.pressenza.com\/es\/#\/schema\/logo\/image\/","url":"https:\/\/www.pressenza.com\/wp-content\/uploads\/2022\/10\/pressenza_logo_200x200.jpg","contentUrl":"https:\/\/www.pressenza.com\/wp-content\/uploads\/2022\/10\/pressenza_logo_200x200.jpg","width":200,"height":200,"caption":"Pressenza"},"image":{"@id":"https:\/\/www.pressenza.com\/es\/#\/schema\/logo\/image\/"},"sameAs":["https:\/\/www.facebook.com\/PressenzaItalia","https:\/\/x.com\/PressenzaIPA"]},{"@type":"Person","@id":"https:\/\/www.pressenza.com\/es\/#\/schema\/person\/3166268d27b8b74a51a91eecd7b64f26","name":"Nicolas Boeglin","description":"Nicolas Boeglin, Professor of International Law, Law Faculty, University of Costa Rica (UCR). Contact : nboeglin@gmail.com","url":"https:\/\/www.pressenza.com\/es\/author\/nicolas-boeglin\/"}]}},"place":"Costa Rica","original_article_url":"https:\/\/derechointernacionalcr.blogspot.com\/2023\/04\/acuerdo-de-escazu-segunda-conferencia.html","_links":{"self":[{"href":"https:\/\/www.pressenza.com\/es\/wp-json\/wp\/v2\/posts\/1734714","targetHints":{"allow":["GET"]}}],"collection":[{"href":"https:\/\/www.pressenza.com\/es\/wp-json\/wp\/v2\/posts"}],"about":[{"href":"https:\/\/www.pressenza.com\/es\/wp-json\/wp\/v2\/types\/post"}],"author":[{"embeddable":true,"href":"https:\/\/www.pressenza.com\/es\/wp-json\/wp\/v2\/users\/1329"}],"replies":[{"embeddable":true,"href":"https:\/\/www.pressenza.com\/es\/wp-json\/wp\/v2\/comments?post=1734714"}],"version-history":[{"count":0,"href":"https:\/\/www.pressenza.com\/es\/wp-json\/wp\/v2\/posts\/1734714\/revisions"}],"wp:featuredmedia":[{"embeddable":true,"href":"https:\/\/www.pressenza.com\/es\/wp-json\/wp\/v2\/media\/1734716"}],"wp:attachment":[{"href":"https:\/\/www.pressenza.com\/es\/wp-json\/wp\/v2\/media?parent=1734714"}],"wp:term":[{"taxonomy":"category","embeddable":true,"href":"https:\/\/www.pressenza.com\/es\/wp-json\/wp\/v2\/categories?post=1734714"},{"taxonomy":"post_tag","embeddable":true,"href":"https:\/\/www.pressenza.com\/es\/wp-json\/wp\/v2\/tags?post=1734714"}],"curies":[{"name":"wp","href":"https:\/\/api.w.org\/{rel}","templated":true}]}}