{"id":1734508,"date":"2023-04-22T06:14:46","date_gmt":"2023-04-22T05:14:46","guid":{"rendered":"https:\/\/www.pressenza.com\/?p=1734508"},"modified":"2023-05-01T00:04:08","modified_gmt":"2023-04-30T23:04:08","slug":"en-primera-persona-por-que-los-pueblos-indigenas-pueden-contribuir-a-salvar-el-planeta","status":"publish","type":"post","link":"https:\/\/www.pressenza.com\/es\/2023\/04\/en-primera-persona-por-que-los-pueblos-indigenas-pueden-contribuir-a-salvar-el-planeta\/","title":{"rendered":"En primera persona: Por qu\u00e9 los pueblos ind\u00edgenas pueden contribuir a salvar el planeta"},"content":{"rendered":"<p>En temas de medio ambiente y de cuestiones relacionadas con la biodiversidad, la influencia de los pueblos ind\u00edgenas es m\u00e1s importante que nunca a nivel internacional, afirma un miembro del pueblo ind\u00edgena Karen de Myanmar.<\/p>\n<h4>\u00abEn las culturas ind\u00edgenas, observamos la cocina de una mujer. Si tiene una gran variedad de semillas aut\u00f3ctonas, significa que es laboriosa y un miembro valioso de la comunidad. Para nosotros, este es un indicador de riqueza m\u00e1s importante que el dinero\u00bb.\u00a0 Naw Ei Ei Min, Miembro del pueblo ind\u00edgena Karen de Myanmar.<\/h4>\n<p>Con motivo del D\u00eda Internacional de la Madre Tierra, que se celebra cada a\u00f1o el 22 de abril, Naw Ei Ei Min, miembro del pueblo ind\u00edgena Karen de Myanmar, nos explica por qu\u00e9 los pueblos ind\u00edgenas juegan un papel importante en la protecci\u00f3n del medio ambiente y en la lucha contra la crisis clim\u00e1tica.<\/p>\n<p>\u00abPara los pueblos ind\u00edgenas, la tierra, el bosque y el agua representan la vida. Dependemos de la naturaleza y cuidamos de nuestro paisaje. La gesti\u00f3n de los recursos naturales es una parte importante de nuestra forma de vida. Por ejemplo, la forma en que utilizamos la rotaci\u00f3n de cultivos, y evitamos los monocultivos plantando varios tipos de cosechas en nuestras tierras.<\/p>\n<p>En las culturas ind\u00edgenas, observamos la cocina de una mujer. Si tiene una gran variedad de semillas aut\u00f3ctonas, significa que es laboriosa y un miembro valioso de la comunidad. Para nosotros,\u00a0<strong>este es un indicador de riqueza m\u00e1s importante que el dinero<\/strong>.<\/p>\n<h3>La influencia medioambiental es m\u00e1s importante que nunca<\/h3>\n<p>Empec\u00e9 trabajando en el Pacto de los Pueblos Ind\u00edgenas de Asia, una organizaci\u00f3n que representa a 14 pa\u00edses del continente y que aboga por las comunidades ind\u00edgenas en la\u00a0<a href=\"https:\/\/www.un.org\/es\/ga\/about\/index.shtml\">Asamblea General<\/a>. Decid\u00ed centrarme en el papel que desempe\u00f1amos en la protecci\u00f3n de la biodiversidad.<\/p>\n<p>Cuando se trata del medio ambiente y de cuestiones relacionadas con la biodiversidad, nuestra influencia es m\u00e1s importante que nunca a nivel internacional. En la Convenci\u00f3n Marco de las Naciones Unidas sobre el Cambio Clim\u00e1tico (<a href=\"https:\/\/unfccc.int\/\" target=\"_blank\" rel=\"noopener noreferrer\">UNFCC<\/a>C) existe ahora una plataforma de comunidades locales y pueblos ind\u00edgenas.<\/p>\n<p>Es un gran logro para los pueblos ind\u00edgenas, ya que nos proporciona un \u00e1mbito de actuaci\u00f3n para el conocimiento ind\u00edgena y nos permite participar en el proceso de toma de decisiones.<\/p>\n<p>Pero estos cambios deben extenderse tambi\u00e9n a nivel nacional, regional y comunitario.\u00a0<strong>El verdadero cambio tiene que producirse sobre el terreno<\/strong>. La compleja forma de negociaci\u00f3n de los acuerdos internacionales a veces no encaja con nuestra forma de comunicarnos; todav\u00eda tiene que haber m\u00e1s equidad, en t\u00e9rminos de nuestra participaci\u00f3n, y conceder la palabra a quienes nos preocupa el cambio clim\u00e1tico.<\/p>\n<h3>La justicia clim\u00e1tica como elemento fundamental<\/h3>\n<p>La destrucci\u00f3n del entorno natural implica la desaparici\u00f3n de nuestro modo de vida tradicional. Los pueblos ind\u00edgenas sufren los efectos del cambio clim\u00e1tico a diario, sobre el terreno, en sus tierras y en sus comunidades.<\/p>\n<p>Nos enfrentamos a las amenazas del cambio clim\u00e1tico, y tambi\u00e9n a la continua explotaci\u00f3n de los recursos naturales.\u00a0<strong>Por eso es tan importante que exista la justicia clim\u00e1tica.<\/strong>\u00a0Si queremos encontrar soluciones duraderas a la crisis, debemos tener en cuenta las opiniones de los pueblos ind\u00edgenas\u00bb.<\/p>\n<p>Naw Ei Ei Min representa al continente asi\u00e1tico en el Foro Permanente para las Cuestiones Ind\u00edgenas de las Naciones Unidas. Habl\u00f3 con Noticias ONU durante la 22\u00aa sesi\u00f3n del Foro que se celebra entre el 17 y el 28 de abril en la sede de la Organizaci\u00f3n en Nueva York.<\/p>\n","protected":false},"excerpt":{"rendered":"<p>En temas de medio ambiente y de cuestiones relacionadas con la biodiversidad, la influencia de los pueblos ind\u00edgenas es m\u00e1s importante que nunca a nivel internacional, afirma un miembro del pueblo ind\u00edgena Karen de Myanmar. \u00abEn las culturas ind\u00edgenas, observamos&hellip;<\/p>\n","protected":false},"author":933,"featured_media":1734509,"comment_status":"closed","ping_status":"closed","sticky":false,"template":"","format":"standard","meta":{"footnotes":""},"categories":[76,39,161,80],"tags":[90200,67855],"class_list":["post-1734508","post","type-post","status-publish","format-standard","has-post-thumbnail","hentry","category-relaciones-exteriores","category-internacional","category-opiniones","category-pueblos-originarios","tag-convencion-marco-de-las-naciones-unidas-sobre-el-cambio-climatico","tag-justicia-climatica"],"yoast_head":"<!-- This site is optimized with the Yoast SEO plugin v27.1.1 - https:\/\/yoast.com\/product\/yoast-seo-wordpress\/ -->\n<title>En primera persona: Por qu\u00e9 los pueblos ind\u00edgenas pueden contribuir a salvar el planeta<\/title>\n<meta name=\"description\" content=\"En temas de medio ambiente y de cuestiones relacionadas con la biodiversidad, la influencia de los pueblos ind\u00edgenas es m\u00e1s importante que nunca a nivel\" \/>\n<meta name=\"robots\" content=\"index, follow, max-snippet:-1, max-image-preview:large, max-video-preview:-1\" \/>\n<link rel=\"canonical\" href=\"https:\/\/www.pressenza.com\/es\/2023\/04\/en-primera-persona-por-que-los-pueblos-indigenas-pueden-contribuir-a-salvar-el-planeta\/\" \/>\n<meta property=\"og:locale\" content=\"es_ES\" \/>\n<meta property=\"og:type\" content=\"article\" \/>\n<meta property=\"og:title\" content=\"En primera persona: Por qu\u00e9 los pueblos ind\u00edgenas pueden contribuir a salvar el planeta\" \/>\n<meta property=\"og:description\" content=\"En temas de medio ambiente y de cuestiones relacionadas con la biodiversidad, la influencia de los pueblos ind\u00edgenas es m\u00e1s importante que nunca a nivel\" \/>\n<meta property=\"og:url\" content=\"https:\/\/www.pressenza.com\/es\/2023\/04\/en-primera-persona-por-que-los-pueblos-indigenas-pueden-contribuir-a-salvar-el-planeta\/\" \/>\n<meta property=\"og:site_name\" content=\"Pressenza\" \/>\n<meta property=\"article:publisher\" content=\"https:\/\/www.facebook.com\/PressenzaItalia\" \/>\n<meta property=\"article:author\" content=\"https:\/\/www.facebook.com\/UN.News.Centre\" \/>\n<meta property=\"article:published_time\" content=\"2023-04-22T05:14:46+00:00\" \/>\n<meta property=\"article:modified_time\" content=\"2023-04-30T23:04:08+00:00\" \/>\n<meta property=\"og:image\" content=\"https:\/\/www.pressenza.com\/wp-content\/uploads\/2023\/04\/nai.jpg\" \/>\n\t<meta property=\"og:image:width\" content=\"1170\" \/>\n\t<meta property=\"og:image:height\" content=\"530\" \/>\n\t<meta property=\"og:image:type\" content=\"image\/jpeg\" \/>\n<meta name=\"author\" content=\"UN News Centre\" \/>\n<meta name=\"twitter:card\" content=\"summary_large_image\" \/>\n<meta name=\"twitter:creator\" content=\"@UN_News_Centre\" \/>\n<meta name=\"twitter:site\" content=\"@PressenzaIPA\" \/>\n<meta name=\"twitter:label1\" content=\"Escrito por\" \/>\n\t<meta name=\"twitter:data1\" content=\"UN News Centre\" \/>\n\t<meta name=\"twitter:label2\" content=\"Tiempo de lectura\" \/>\n\t<meta name=\"twitter:data2\" content=\"3 minutos\" \/>\n<script type=\"application\/ld+json\" class=\"yoast-schema-graph\">{\"@context\":\"https:\/\/schema.org\",\"@graph\":[{\"@type\":\"Article\",\"@id\":\"https:\/\/www.pressenza.com\/es\/2023\/04\/en-primera-persona-por-que-los-pueblos-indigenas-pueden-contribuir-a-salvar-el-planeta\/#article\",\"isPartOf\":{\"@id\":\"https:\/\/www.pressenza.com\/es\/2023\/04\/en-primera-persona-por-que-los-pueblos-indigenas-pueden-contribuir-a-salvar-el-planeta\/\"},\"author\":{\"name\":\"UN News Centre\",\"@id\":\"https:\/\/www.pressenza.com\/es\/#\/schema\/person\/868696f3a70d4f8ef7caec14cc979248\"},\"headline\":\"En primera persona: Por qu\u00e9 los pueblos ind\u00edgenas pueden contribuir a salvar el planeta\",\"datePublished\":\"2023-04-22T05:14:46+00:00\",\"dateModified\":\"2023-04-30T23:04:08+00:00\",\"mainEntityOfPage\":{\"@id\":\"https:\/\/www.pressenza.com\/es\/2023\/04\/en-primera-persona-por-que-los-pueblos-indigenas-pueden-contribuir-a-salvar-el-planeta\/\"},\"wordCount\":636,\"publisher\":{\"@id\":\"https:\/\/www.pressenza.com\/es\/#organization\"},\"image\":{\"@id\":\"https:\/\/www.pressenza.com\/es\/2023\/04\/en-primera-persona-por-que-los-pueblos-indigenas-pueden-contribuir-a-salvar-el-planeta\/#primaryimage\"},\"thumbnailUrl\":\"https:\/\/www.pressenza.com\/wp-content\/uploads\/2023\/04\/nai.jpg\",\"keywords\":[\"Convenci\u00f3n Marco de las Naciones Unidas sobre el Cambio Clim\u00e1tico\",\"Justicia Clim\u00e1tica\"],\"articleSection\":[\"Asuntos internacionales\",\"Internacional\",\"Opiniones\",\"Pueblos Originarios\"],\"inLanguage\":\"es\"},{\"@type\":\"WebPage\",\"@id\":\"https:\/\/www.pressenza.com\/es\/2023\/04\/en-primera-persona-por-que-los-pueblos-indigenas-pueden-contribuir-a-salvar-el-planeta\/\",\"url\":\"https:\/\/www.pressenza.com\/es\/2023\/04\/en-primera-persona-por-que-los-pueblos-indigenas-pueden-contribuir-a-salvar-el-planeta\/\",\"name\":\"En primera persona: Por qu\u00e9 los pueblos ind\u00edgenas pueden contribuir a salvar el planeta\",\"isPartOf\":{\"@id\":\"https:\/\/www.pressenza.com\/es\/#website\"},\"primaryImageOfPage\":{\"@id\":\"https:\/\/www.pressenza.com\/es\/2023\/04\/en-primera-persona-por-que-los-pueblos-indigenas-pueden-contribuir-a-salvar-el-planeta\/#primaryimage\"},\"image\":{\"@id\":\"https:\/\/www.pressenza.com\/es\/2023\/04\/en-primera-persona-por-que-los-pueblos-indigenas-pueden-contribuir-a-salvar-el-planeta\/#primaryimage\"},\"thumbnailUrl\":\"https:\/\/www.pressenza.com\/wp-content\/uploads\/2023\/04\/nai.jpg\",\"datePublished\":\"2023-04-22T05:14:46+00:00\",\"dateModified\":\"2023-04-30T23:04:08+00:00\",\"description\":\"En temas de medio ambiente y de cuestiones relacionadas con la biodiversidad, la influencia de los pueblos ind\u00edgenas es m\u00e1s importante que nunca a nivel\",\"breadcrumb\":{\"@id\":\"https:\/\/www.pressenza.com\/es\/2023\/04\/en-primera-persona-por-que-los-pueblos-indigenas-pueden-contribuir-a-salvar-el-planeta\/#breadcrumb\"},\"inLanguage\":\"es\",\"potentialAction\":[{\"@type\":\"ReadAction\",\"target\":[\"https:\/\/www.pressenza.com\/es\/2023\/04\/en-primera-persona-por-que-los-pueblos-indigenas-pueden-contribuir-a-salvar-el-planeta\/\"]}]},{\"@type\":\"ImageObject\",\"inLanguage\":\"es\",\"@id\":\"https:\/\/www.pressenza.com\/es\/2023\/04\/en-primera-persona-por-que-los-pueblos-indigenas-pueden-contribuir-a-salvar-el-planeta\/#primaryimage\",\"url\":\"https:\/\/www.pressenza.com\/wp-content\/uploads\/2023\/04\/nai.jpg\",\"contentUrl\":\"https:\/\/www.pressenza.com\/wp-content\/uploads\/2023\/04\/nai.jpg\",\"width\":1170,\"height\":530,\"caption\":\"Naw Ei Ei Min, member of the Executive Council of the Asia Indigenous Peoples Pact.\"},{\"@type\":\"BreadcrumbList\",\"@id\":\"https:\/\/www.pressenza.com\/es\/2023\/04\/en-primera-persona-por-que-los-pueblos-indigenas-pueden-contribuir-a-salvar-el-planeta\/#breadcrumb\",\"itemListElement\":[{\"@type\":\"ListItem\",\"position\":1,\"name\":\"Accueil\",\"item\":\"https:\/\/www.pressenza.com\/es\/\"},{\"@type\":\"ListItem\",\"position\":2,\"name\":\"En primera persona: Por qu\u00e9 los pueblos ind\u00edgenas pueden contribuir a salvar el planeta\"}]},{\"@type\":\"WebSite\",\"@id\":\"https:\/\/www.pressenza.com\/es\/#website\",\"url\":\"https:\/\/www.pressenza.com\/es\/\",\"name\":\"Pressenza\",\"description\":\"International Press Agency\",\"publisher\":{\"@id\":\"https:\/\/www.pressenza.com\/es\/#organization\"},\"potentialAction\":[{\"@type\":\"SearchAction\",\"target\":{\"@type\":\"EntryPoint\",\"urlTemplate\":\"https:\/\/www.pressenza.com\/es\/?s={search_term_string}\"},\"query-input\":{\"@type\":\"PropertyValueSpecification\",\"valueRequired\":true,\"valueName\":\"search_term_string\"}}],\"inLanguage\":\"es\"},{\"@type\":\"Organization\",\"@id\":\"https:\/\/www.pressenza.com\/es\/#organization\",\"name\":\"Pressenza\",\"url\":\"https:\/\/www.pressenza.com\/es\/\",\"logo\":{\"@type\":\"ImageObject\",\"inLanguage\":\"es\",\"@id\":\"https:\/\/www.pressenza.com\/es\/#\/schema\/logo\/image\/\",\"url\":\"https:\/\/www.pressenza.com\/wp-content\/uploads\/2022\/10\/pressenza_logo_200x200.jpg\",\"contentUrl\":\"https:\/\/www.pressenza.com\/wp-content\/uploads\/2022\/10\/pressenza_logo_200x200.jpg\",\"width\":200,\"height\":200,\"caption\":\"Pressenza\"},\"image\":{\"@id\":\"https:\/\/www.pressenza.com\/es\/#\/schema\/logo\/image\/\"},\"sameAs\":[\"https:\/\/www.facebook.com\/PressenzaItalia\",\"https:\/\/x.com\/PressenzaIPA\"]},{\"@type\":\"Person\",\"@id\":\"https:\/\/www.pressenza.com\/es\/#\/schema\/person\/868696f3a70d4f8ef7caec14cc979248\",\"name\":\"UN News Centre\",\"description\":\"News from the UN News Service www.un.org\/News\/\",\"sameAs\":[\"http:\/\/www.un.org\/News\/\",\"https:\/\/www.facebook.com\/UN.News.Centre\",\"https:\/\/x.com\/UN_News_Centre\"],\"url\":\"https:\/\/www.pressenza.com\/es\/author\/unnewscentre\/\"}]}<\/script>\n<!-- \/ Yoast SEO plugin. -->","yoast_head_json":{"title":"En primera persona: Por qu\u00e9 los pueblos ind\u00edgenas pueden contribuir a salvar el planeta","description":"En temas de medio ambiente y de cuestiones relacionadas con la biodiversidad, la influencia de los pueblos ind\u00edgenas es m\u00e1s importante que nunca a nivel","robots":{"index":"index","follow":"follow","max-snippet":"max-snippet:-1","max-image-preview":"max-image-preview:large","max-video-preview":"max-video-preview:-1"},"canonical":"https:\/\/www.pressenza.com\/es\/2023\/04\/en-primera-persona-por-que-los-pueblos-indigenas-pueden-contribuir-a-salvar-el-planeta\/","og_locale":"es_ES","og_type":"article","og_title":"En primera persona: Por qu\u00e9 los pueblos ind\u00edgenas pueden contribuir a salvar el planeta","og_description":"En temas de medio ambiente y de cuestiones relacionadas con la biodiversidad, la influencia de los pueblos ind\u00edgenas es m\u00e1s importante que nunca a nivel","og_url":"https:\/\/www.pressenza.com\/es\/2023\/04\/en-primera-persona-por-que-los-pueblos-indigenas-pueden-contribuir-a-salvar-el-planeta\/","og_site_name":"Pressenza","article_publisher":"https:\/\/www.facebook.com\/PressenzaItalia","article_author":"https:\/\/www.facebook.com\/UN.News.Centre","article_published_time":"2023-04-22T05:14:46+00:00","article_modified_time":"2023-04-30T23:04:08+00:00","og_image":[{"width":1170,"height":530,"url":"https:\/\/www.pressenza.com\/wp-content\/uploads\/2023\/04\/nai.jpg","type":"image\/jpeg"}],"author":"UN News Centre","twitter_card":"summary_large_image","twitter_creator":"@UN_News_Centre","twitter_site":"@PressenzaIPA","twitter_misc":{"Escrito por":"UN News Centre","Tiempo de lectura":"3 minutos"},"schema":{"@context":"https:\/\/schema.org","@graph":[{"@type":"Article","@id":"https:\/\/www.pressenza.com\/es\/2023\/04\/en-primera-persona-por-que-los-pueblos-indigenas-pueden-contribuir-a-salvar-el-planeta\/#article","isPartOf":{"@id":"https:\/\/www.pressenza.com\/es\/2023\/04\/en-primera-persona-por-que-los-pueblos-indigenas-pueden-contribuir-a-salvar-el-planeta\/"},"author":{"name":"UN News Centre","@id":"https:\/\/www.pressenza.com\/es\/#\/schema\/person\/868696f3a70d4f8ef7caec14cc979248"},"headline":"En primera persona: Por qu\u00e9 los pueblos ind\u00edgenas pueden contribuir a salvar el planeta","datePublished":"2023-04-22T05:14:46+00:00","dateModified":"2023-04-30T23:04:08+00:00","mainEntityOfPage":{"@id":"https:\/\/www.pressenza.com\/es\/2023\/04\/en-primera-persona-por-que-los-pueblos-indigenas-pueden-contribuir-a-salvar-el-planeta\/"},"wordCount":636,"publisher":{"@id":"https:\/\/www.pressenza.com\/es\/#organization"},"image":{"@id":"https:\/\/www.pressenza.com\/es\/2023\/04\/en-primera-persona-por-que-los-pueblos-indigenas-pueden-contribuir-a-salvar-el-planeta\/#primaryimage"},"thumbnailUrl":"https:\/\/www.pressenza.com\/wp-content\/uploads\/2023\/04\/nai.jpg","keywords":["Convenci\u00f3n Marco de las Naciones Unidas sobre el Cambio Clim\u00e1tico","Justicia Clim\u00e1tica"],"articleSection":["Asuntos internacionales","Internacional","Opiniones","Pueblos Originarios"],"inLanguage":"es"},{"@type":"WebPage","@id":"https:\/\/www.pressenza.com\/es\/2023\/04\/en-primera-persona-por-que-los-pueblos-indigenas-pueden-contribuir-a-salvar-el-planeta\/","url":"https:\/\/www.pressenza.com\/es\/2023\/04\/en-primera-persona-por-que-los-pueblos-indigenas-pueden-contribuir-a-salvar-el-planeta\/","name":"En primera persona: Por qu\u00e9 los pueblos ind\u00edgenas pueden contribuir a salvar el planeta","isPartOf":{"@id":"https:\/\/www.pressenza.com\/es\/#website"},"primaryImageOfPage":{"@id":"https:\/\/www.pressenza.com\/es\/2023\/04\/en-primera-persona-por-que-los-pueblos-indigenas-pueden-contribuir-a-salvar-el-planeta\/#primaryimage"},"image":{"@id":"https:\/\/www.pressenza.com\/es\/2023\/04\/en-primera-persona-por-que-los-pueblos-indigenas-pueden-contribuir-a-salvar-el-planeta\/#primaryimage"},"thumbnailUrl":"https:\/\/www.pressenza.com\/wp-content\/uploads\/2023\/04\/nai.jpg","datePublished":"2023-04-22T05:14:46+00:00","dateModified":"2023-04-30T23:04:08+00:00","description":"En temas de medio ambiente y de cuestiones relacionadas con la biodiversidad, la influencia de los pueblos ind\u00edgenas es m\u00e1s importante que nunca a nivel","breadcrumb":{"@id":"https:\/\/www.pressenza.com\/es\/2023\/04\/en-primera-persona-por-que-los-pueblos-indigenas-pueden-contribuir-a-salvar-el-planeta\/#breadcrumb"},"inLanguage":"es","potentialAction":[{"@type":"ReadAction","target":["https:\/\/www.pressenza.com\/es\/2023\/04\/en-primera-persona-por-que-los-pueblos-indigenas-pueden-contribuir-a-salvar-el-planeta\/"]}]},{"@type":"ImageObject","inLanguage":"es","@id":"https:\/\/www.pressenza.com\/es\/2023\/04\/en-primera-persona-por-que-los-pueblos-indigenas-pueden-contribuir-a-salvar-el-planeta\/#primaryimage","url":"https:\/\/www.pressenza.com\/wp-content\/uploads\/2023\/04\/nai.jpg","contentUrl":"https:\/\/www.pressenza.com\/wp-content\/uploads\/2023\/04\/nai.jpg","width":1170,"height":530,"caption":"Naw Ei Ei Min, member of the Executive Council of the Asia Indigenous Peoples Pact."},{"@type":"BreadcrumbList","@id":"https:\/\/www.pressenza.com\/es\/2023\/04\/en-primera-persona-por-que-los-pueblos-indigenas-pueden-contribuir-a-salvar-el-planeta\/#breadcrumb","itemListElement":[{"@type":"ListItem","position":1,"name":"Accueil","item":"https:\/\/www.pressenza.com\/es\/"},{"@type":"ListItem","position":2,"name":"En primera persona: Por qu\u00e9 los pueblos ind\u00edgenas pueden contribuir a salvar el planeta"}]},{"@type":"WebSite","@id":"https:\/\/www.pressenza.com\/es\/#website","url":"https:\/\/www.pressenza.com\/es\/","name":"Pressenza","description":"International Press Agency","publisher":{"@id":"https:\/\/www.pressenza.com\/es\/#organization"},"potentialAction":[{"@type":"SearchAction","target":{"@type":"EntryPoint","urlTemplate":"https:\/\/www.pressenza.com\/es\/?s={search_term_string}"},"query-input":{"@type":"PropertyValueSpecification","valueRequired":true,"valueName":"search_term_string"}}],"inLanguage":"es"},{"@type":"Organization","@id":"https:\/\/www.pressenza.com\/es\/#organization","name":"Pressenza","url":"https:\/\/www.pressenza.com\/es\/","logo":{"@type":"ImageObject","inLanguage":"es","@id":"https:\/\/www.pressenza.com\/es\/#\/schema\/logo\/image\/","url":"https:\/\/www.pressenza.com\/wp-content\/uploads\/2022\/10\/pressenza_logo_200x200.jpg","contentUrl":"https:\/\/www.pressenza.com\/wp-content\/uploads\/2022\/10\/pressenza_logo_200x200.jpg","width":200,"height":200,"caption":"Pressenza"},"image":{"@id":"https:\/\/www.pressenza.com\/es\/#\/schema\/logo\/image\/"},"sameAs":["https:\/\/www.facebook.com\/PressenzaItalia","https:\/\/x.com\/PressenzaIPA"]},{"@type":"Person","@id":"https:\/\/www.pressenza.com\/es\/#\/schema\/person\/868696f3a70d4f8ef7caec14cc979248","name":"UN News Centre","description":"News from the UN News Service www.un.org\/News\/","sameAs":["http:\/\/www.un.org\/News\/","https:\/\/www.facebook.com\/UN.News.Centre","https:\/\/x.com\/UN_News_Centre"],"url":"https:\/\/www.pressenza.com\/es\/author\/unnewscentre\/"}]}},"place":"","original_article_url":"https:\/\/news.un.org\/es\/interview\/2023\/04\/1520337","_links":{"self":[{"href":"https:\/\/www.pressenza.com\/es\/wp-json\/wp\/v2\/posts\/1734508","targetHints":{"allow":["GET"]}}],"collection":[{"href":"https:\/\/www.pressenza.com\/es\/wp-json\/wp\/v2\/posts"}],"about":[{"href":"https:\/\/www.pressenza.com\/es\/wp-json\/wp\/v2\/types\/post"}],"author":[{"embeddable":true,"href":"https:\/\/www.pressenza.com\/es\/wp-json\/wp\/v2\/users\/933"}],"replies":[{"embeddable":true,"href":"https:\/\/www.pressenza.com\/es\/wp-json\/wp\/v2\/comments?post=1734508"}],"version-history":[{"count":0,"href":"https:\/\/www.pressenza.com\/es\/wp-json\/wp\/v2\/posts\/1734508\/revisions"}],"wp:featuredmedia":[{"embeddable":true,"href":"https:\/\/www.pressenza.com\/es\/wp-json\/wp\/v2\/media\/1734509"}],"wp:attachment":[{"href":"https:\/\/www.pressenza.com\/es\/wp-json\/wp\/v2\/media?parent=1734508"}],"wp:term":[{"taxonomy":"category","embeddable":true,"href":"https:\/\/www.pressenza.com\/es\/wp-json\/wp\/v2\/categories?post=1734508"},{"taxonomy":"post_tag","embeddable":true,"href":"https:\/\/www.pressenza.com\/es\/wp-json\/wp\/v2\/tags?post=1734508"}],"curies":[{"name":"wp","href":"https:\/\/api.w.org\/{rel}","templated":true}]}}