{"id":1734038,"date":"2023-04-19T23:23:50","date_gmt":"2023-04-19T22:23:50","guid":{"rendered":"https:\/\/www.pressenza.com\/?p=1734038"},"modified":"2023-04-19T23:23:50","modified_gmt":"2023-04-19T22:23:50","slug":"waskiri-la-misteriosa-ciudad-prehispanica-descubierta-en-bolivia-y-que-limita-con-chile","status":"publish","type":"post","link":"https:\/\/www.pressenza.com\/es\/2023\/04\/waskiri-la-misteriosa-ciudad-prehispanica-descubierta-en-bolivia-y-que-limita-con-chile\/","title":{"rendered":"\u2018Waskiri\u2019, la misteriosa ciudad prehisp\u00e1nica descubierta en Bolivia y que limita con Chile"},"content":{"rendered":"<p>Se trata de un centro ceremonial con \u00abcaracter\u00edsticas in\u00e9ditas\u00bb para la regi\u00f3n de los Andes, ubicada en la provincia de Carangas, dentro del altiplano boliviano.<\/p>\n<p>Investigadores de Argentina y Francia descubrieron en la provincia de Carangas en el Departamento de Oruro, al oeste de Bolivia, \u00abuna impresionante construcci\u00f3n circular\u00bb de origen prehisp\u00e1nico llamada \u2018Waskiri\u2019 que podr\u00eda tener\u00a0<strong>una antig\u00fcedad cercana a los 800 a\u00f1os<\/strong>.<\/p>\n<p>El estudio arqueol\u00f3gico fue realizado por el argentino\u00a0Pablo Cruz y los franceses Richard Joffre y Jean Vacher, y\u00a0<a href=\"https:\/\/www.cambridge.org\/core\/journals\/antiquity\/article\/prehispanic-religious-landscape-on-the-arid-andean-altiplano-of-bolivia\/F0BC5A0A86982AE6E8DEB8E6679939D6#article\" target=\"_blank\" rel=\"noreferrer noopener\">publicado<\/a>\u00a0por la oficina de prensa de la Universidad de Cambridge en la revista Antiquity y en su sitio web. Adem\u00e1s, cont\u00f3 con la financiaci\u00f3n del Instituto Nacional de Investigaci\u00f3n para el Desarrollo Sostenible (IRD) de Francia y el apoyo del Instituto de Antropolog\u00eda y Arqueolog\u00eda de la\u00a0Universidad Mayor de San Andr\u00e9s (UMSA) de La Paz, Bolivia; y el proyecto Redes Andinas.<\/p>\n<p>De acuerdo con el informe de los expertos, el sitio que llamaron\u00a0<strong>\u2018Waskiri\u2019 est\u00e1 cerca del r\u00edo Lauca y en la frontera entre Bolivia y Chile, en el altiplano boliviano<\/strong>, sobre \u00abun peque\u00f1o cerro que sorprende, tanto por sus grandes dimensiones (140 metros de di\u00e1metro) como por su dise\u00f1o y regularidad\u00bb.<\/p>\n<p><a href=\"https:\/\/www.pressenza.com\/wp-content\/uploads\/2023\/04\/643ed33159bf5b59446c4863.jpg\"><img loading=\"lazy\" decoding=\"async\" class=\"alignleft size-large wp-image-1734039\" src=\"https:\/\/www.pressenza.com\/wp-content\/uploads\/2023\/04\/643ed33159bf5b59446c4863-820x380.jpg\" alt=\"\" width=\"820\" height=\"380\" srcset=\"https:\/\/www.pressenza.com\/wp-content\/uploads\/2023\/04\/643ed33159bf5b59446c4863-820x380.jpg 820w, https:\/\/www.pressenza.com\/wp-content\/uploads\/2023\/04\/643ed33159bf5b59446c4863-300x139.jpg 300w, https:\/\/www.pressenza.com\/wp-content\/uploads\/2023\/04\/643ed33159bf5b59446c4863.jpg 1104w\" sizes=\"auto, (max-width: 820px) 100vw, 820px\" \/><\/a><\/p>\n<p>&nbsp;<\/p>\n<p>&nbsp;<\/p>\n<p>&nbsp;<\/p>\n<p>&nbsp;<\/p>\n<p>&nbsp;<\/p>\n<p>&nbsp;<\/p>\n<p>&nbsp;<\/p>\n<p>&nbsp;<\/p>\n<p>&nbsp;<\/p>\n<p>&nbsp;<\/p>\n<p>Fotograf\u00eda y plano del sitio de Waskiri Cambridge University Press \/ P. Cruz<\/p>\n<p>Para los investigadores, se trata de un centro ceremonial \u00abcompletamente diferente\u00bb que muestra caracter\u00edsticas desconocidas en comparaci\u00f3n con otros lugares hallados en esa regi\u00f3n, rese\u00f1a\u00a0<a href=\"https:\/\/actualidad.rt.com\/actualidad\/464297-waskiri-impresionante-construccion-prehispanica-descubierta-bolivia\" target=\"_blank\" rel=\"noreferrer noopener\">RT<\/a>.<\/p>\n<p>\u00abEl centro ceremonial prehisp\u00e1nico de Waskiri no solo\u00a0<strong>es un descubrimiento sorprendente en esta regi\u00f3n des\u00e9rtica y escasamente poblada<\/strong>\u00a0de los Andes, sino que tambi\u00e9n exhibe caracter\u00edsticas que no tienen precedentes en los Andes prehisp\u00e1nicos\u00bb, dice el estudio.<\/p>\n<p>Los expertos se\u00f1alan que\u00a0<strong>sobre el lugar es probable que exista una primera referencia<\/strong>\u00a0que describi\u00f3 en una cr\u00f3nica el sacerdote Bartolom\u00e9 \u00c1lvarez durante la d\u00e9cada de 1580, cuando viaj\u00f3 por Carangas para realizar labores de evangelizaci\u00f3n. El cura dijo que hab\u00eda recibido informaci\u00f3n sobre un \u00abgran edificio circular\u00bb que describi\u00f3 como la \u00abcasa y negocio del infierno\u00bb, donde las autoridades ind\u00edgenas de la regi\u00f3n se reun\u00edan para realizar rituales de todo tipo.<\/p>\n<p>El lugar, describen los investigadores, tiene \u00abun anillo perimetral formado por 39 recintos contiguos, cada uno de ellos con una superficie entre 106 y 144 metros cuadrados\u00bb, que entre todos encierran una gran plaza de aproximadamente una hect\u00e1rea, en la que hay \u00ababundantes fragmentos de cer\u00e1mica atribuidos a los Per\u00edodos Intermedio Tard\u00edo y Tard\u00edo\u00bb, es decir,\u00a0<strong>entre los a\u00f1os 1.250 y 1.600 despu\u00e9s de Cristo<\/strong>.<\/p>\n<h3 id=\"h-uso-y-origen-de-waskiri\" class=\"wp-block-heading\">Uso y origen de Waskiri<\/h3>\n<p>Seg\u00fan el estudio,\u00a0<strong>el \u2018Waskiri\u2019 est\u00e1 ubicado en una zona des\u00e9rtica<\/strong>\u00a0separada de cualquier asentamiento prehisp\u00e1nico o sector agr\u00edcola, y su funci\u00f3n habr\u00eda sido como centro ceremonial regional de espacio neutral o com\u00fan.<\/p>\n<p>\u00abWaskiri tiene una ubicaci\u00f3n central dentro de la cartograf\u00eda religiosa de la regi\u00f3n,\u00a0<strong>conectada visual y espacialmente con las principales monta\u00f1as sagradas<\/strong>, numerosos sitios conc\u00e9ntricos amurallados, torres funerarias adornadas con dise\u00f1os que replican los textiles incas y otros marcadores geosimb\u00f3licos\u00bb, dice la publicaci\u00f3n.<\/p>\n<p><a href=\"https:\/\/www.pressenza.com\/wp-content\/uploads\/2023\/04\/643ed33459bf5b59446c4865.jpg\"><img loading=\"lazy\" decoding=\"async\" class=\"alignleft size-large wp-image-1734041\" src=\"https:\/\/www.pressenza.com\/wp-content\/uploads\/2023\/04\/643ed33459bf5b59446c4865-820x384.jpg\" alt=\"\" width=\"820\" height=\"384\" srcset=\"https:\/\/www.pressenza.com\/wp-content\/uploads\/2023\/04\/643ed33459bf5b59446c4865-820x384.jpg 820w, https:\/\/www.pressenza.com\/wp-content\/uploads\/2023\/04\/643ed33459bf5b59446c4865-300x140.jpg 300w, https:\/\/www.pressenza.com\/wp-content\/uploads\/2023\/04\/643ed33459bf5b59446c4865.jpg 1104w\" sizes=\"auto, (max-width: 820px) 100vw, 820px\" \/><\/a><\/p>\n<p>&nbsp;<\/p>\n<p>&nbsp;<\/p>\n<p>&nbsp;<\/p>\n<p>&nbsp;<\/p>\n<p>&nbsp;<\/p>\n<p>&nbsp;<\/p>\n<p>&nbsp;<\/p>\n<p>&nbsp;<\/p>\n<p>&nbsp;<\/p>\n<p>&nbsp;<\/p>\n<p>Comparaci\u00f3n entre la estructura del sitio Waskiri y el sistema de ceques del Cuzco Cambridge University Press \/ P. Cruz<\/p>\n<p>Los expertos indican que el dise\u00f1o radial del sitio y su vinculaci\u00f3n con los principales hitos religiosos de la regi\u00f3n, los wak\u2019as, reflejan \u00abel sistema de ceques incas, los caminos que ordenaban la geograf\u00eda sagrada en Cuzco, la capital de sus pueblos\u00bb.<\/p>\n<p>Adem\u00e1s, los muros radiales que delimitan los 39 recintos perimetrales de Waskiri\u00a0<strong>muestran \u00abuna estructura muy parecida a la del ceque inca del Cuzco\u00bb<\/strong>.<\/p>\n<p>\u00abSi los muros divisorios de Waskiri efectivamente representaban un sistema de ceques, esto\u00a0<strong>ser\u00eda una evidencia m\u00e1s expl\u00edcita<\/strong>\u00a0de que los incas replicaron la estructura simb\u00f3lica de Cuzco en las regiones que colonizaron\u00bb, agrega el estudio.<\/p>\n<h3 id=\"h-un-denso-paisaje-ritual\" class=\"wp-block-heading\">\u00abUn denso paisaje ritual\u00bb<\/h3>\n<p>Durante la investigaci\u00f3n, adem\u00e1s del \u2018Waskiri\u2019, que \u00abse destaca por sus caracter\u00edsticas in\u00e9ditas para los Andes\u00bb, los expertos comentaron que en la regi\u00f3n de Carangas identificaron \u00abuna sorprendente concentraci\u00f3n de sitios religiosos prehisp\u00e1nicos, que est\u00e1n vinculados tanto a los antiguos cultos andinos de wak\u2019a (monta\u00f1as sagradas, cerros tutelares y ancestros momificados) como al asentamiento inca de la regi\u00f3n\u00bb.<\/p>\n<p>Estos estudios, agregan los arque\u00f3logos, han revelado que en esa regi\u00f3n caracterizada por su clima extremadamente \u00e1rido y fr\u00edo, \u00ab<strong>muchos sitios y estructuras religiosas prehisp\u00e1nicas que forman un denso paisaje ritual\u00bb<\/strong>, integrado por al menos 135 sitios ubicados en la cima de las colinas, que en mayor\u00eda \u00abest\u00e1n directamente asociados con antiguas \u00e1reas de producci\u00f3n agr\u00edcola\u00bb.<\/p>\n<p>Los sitios \u00ab<strong>pueden ser identificados en el suelo y en im\u00e1genes satelitales<\/strong>\u00a0por su n\u00famero variable de paredes conc\u00e9ntricas (entre dos y nueve por sitio), cada una de las cuales ocupa un nivel diferente de terraza alrededor de la cima del cerro\u00bb, destacan los investigadores.<\/p>\n<p><a href=\"https:\/\/www.pressenza.com\/wp-content\/uploads\/2023\/04\/643ed33359bf5b59446c4864.jpg\"><img loading=\"lazy\" decoding=\"async\" class=\"alignleft size-large wp-image-1734042\" src=\"https:\/\/www.pressenza.com\/wp-content\/uploads\/2023\/04\/643ed33359bf5b59446c4864-747x1024.jpg\" alt=\"\" width=\"747\" height=\"1024\" srcset=\"https:\/\/www.pressenza.com\/wp-content\/uploads\/2023\/04\/643ed33359bf5b59446c4864-747x1024.jpg 747w, https:\/\/www.pressenza.com\/wp-content\/uploads\/2023\/04\/643ed33359bf5b59446c4864-219x300.jpg 219w, https:\/\/www.pressenza.com\/wp-content\/uploads\/2023\/04\/643ed33359bf5b59446c4864.jpg 1104w\" sizes=\"auto, (max-width: 747px) 100vw, 747px\" \/><\/a><\/p>\n<p>&nbsp;<\/p>\n<p>&nbsp;<\/p>\n<p>&nbsp;<\/p>\n<p>&nbsp;<\/p>\n<p>&nbsp;<\/p>\n<p>&nbsp;<\/p>\n<p>&nbsp;<\/p>\n<p>&nbsp;<\/p>\n<p>&nbsp;<\/p>\n<p>&nbsp;<\/p>\n<p>&nbsp;<\/p>\n<p>&nbsp;<\/p>\n<p>&nbsp;<\/p>\n<p>&nbsp;<\/p>\n<p>&nbsp;<\/p>\n<p>&nbsp;<\/p>\n<p>&nbsp;<\/p>\n<p>&nbsp;<\/p>\n<p>&nbsp;<\/p>\n<p>&nbsp;<\/p>\n<p>&nbsp;<\/p>\n<p>&nbsp;<\/p>\n<p>&nbsp;<\/p>\n<p>&nbsp;<\/p>\n<p>&nbsp;<\/p>\n<p>&nbsp;<\/p>\n<p>Arriba: vista desde Waskiri, mostrando las siluetas de las principales monta\u00f1as sagradas de la regi\u00f3n. Abajo: distribuci\u00f3n de sitios sagrados alrededor de Waskiri Cambridge University Press \/ P. Cruz<\/p>\n<p>En todos estos espacios se encuentran\u00a0<strong>abundantes cantidades de fragmentos de cer\u00e1mica prehisp\u00e1nica<\/strong>, que en su mayor\u00eda son de estilos locales t\u00edpicos de los Per\u00edodos Intermedio Tard\u00edo y Tard\u00edo, junto con algunos estilos regionales vinculados a la expansi\u00f3n sur de los Incas.<\/p>\n<p>La investigaci\u00f3n determin\u00f3 que estos espacios ceremoniales \u00absurgieron durante el Per\u00edodo Intermedio Tard\u00edo, al igual que las pukaras, y luego fueron apropiados y resignificados por los Incas\u00bb. Adem\u00e1s, detalla que\u00a0<strong>su concentraci\u00f3n en el altiplano<\/strong>\u00a0<strong>podr\u00eda obedecer a la creencia de que los dioses regulaban las extremas condiciones clim\u00e1ticas<\/strong>, porque una peque\u00f1a variaci\u00f3n de temperatura o precipitaciones pod\u00eda provocar la p\u00e9rdida de cultivos o la muerte del ganado.<\/p>\n<p>Para los expertos este importante descubrimiento sobre el centro ceremonial y el paisaje ritual en el que se encuentra Waskiri, \u00abproporciona\u00a0<strong>un rico material para estudios posteriores de la historia prehisp\u00e1nica de esta parte de los Andes<\/strong>, un \u00e1rea que generalmente ha sido poco\u00a0estudiada\u00ab.<\/p>\n<p>Por\u00a0<strong><a href=\"https:\/\/www.elciudadano.com\/author\/orlandoangel\/\">Ronald \u00c1ngel<\/a><\/strong><\/p>\n","protected":false},"excerpt":{"rendered":"<p>Se trata de un centro ceremonial con \u00abcaracter\u00edsticas in\u00e9ditas\u00bb para la regi\u00f3n de los Andes, ubicada en la provincia de Carangas, dentro del altiplano boliviano. Investigadores de Argentina y Francia descubrieron en la provincia de Carangas en el Departamento de&hellip;<\/p>\n","protected":false},"author":616,"featured_media":1734046,"comment_status":"closed","ping_status":"closed","sticky":false,"template":"","format":"standard","meta":{"footnotes":""},"categories":[75,39,106739,80,106740,67],"tags":[],"class_list":["post-1734038","post","type-post","status-publish","format-standard","has-post-thumbnail","hentry","category-cultura-es","category-internacional","category-noticia","category-pueblos-originarios","category-reportaje","category-sudamerica"],"yoast_head":"<!-- This site is optimized with the Yoast SEO plugin v27.1.1 - https:\/\/yoast.com\/product\/yoast-seo-wordpress\/ -->\n<title>\u2018Waskiri\u2019, la misteriosa ciudad prehisp\u00e1nica descubierta en Bolivia y que limita con Chile<\/title>\n<meta name=\"description\" content=\"Se trata de un centro ceremonial con &quot;caracter\u00edsticas in\u00e9ditas&quot; para la regi\u00f3n de los Andes, ubicada en la provincia de Carangas, dentro del altiplano\" \/>\n<meta name=\"robots\" content=\"index, follow, max-snippet:-1, max-image-preview:large, max-video-preview:-1\" \/>\n<link rel=\"canonical\" href=\"https:\/\/www.pressenza.com\/es\/2023\/04\/waskiri-la-misteriosa-ciudad-prehispanica-descubierta-en-bolivia-y-que-limita-con-chile\/\" \/>\n<meta property=\"og:locale\" content=\"es_ES\" \/>\n<meta property=\"og:type\" content=\"article\" \/>\n<meta property=\"og:title\" content=\"\u2018Waskiri\u2019, la misteriosa ciudad prehisp\u00e1nica descubierta en Bolivia y que limita con Chile\" \/>\n<meta property=\"og:description\" content=\"Se trata de un centro ceremonial con &quot;caracter\u00edsticas in\u00e9ditas&quot; para la regi\u00f3n de los Andes, ubicada en la provincia de Carangas, dentro del altiplano\" \/>\n<meta property=\"og:url\" content=\"https:\/\/www.pressenza.com\/es\/2023\/04\/waskiri-la-misteriosa-ciudad-prehispanica-descubierta-en-bolivia-y-que-limita-con-chile\/\" \/>\n<meta property=\"og:site_name\" content=\"Pressenza\" \/>\n<meta property=\"article:publisher\" content=\"https:\/\/www.facebook.com\/PressenzaItalia\" \/>\n<meta property=\"article:published_time\" content=\"2023-04-19T22:23:50+00:00\" \/>\n<meta property=\"og:image\" content=\"https:\/\/www.pressenza.com\/wp-content\/uploads\/2023\/04\/waskiri.jpg\" \/>\n\t<meta property=\"og:image:width\" content=\"1104\" \/>\n\t<meta property=\"og:image:height\" content=\"622\" \/>\n\t<meta property=\"og:image:type\" content=\"image\/jpeg\" \/>\n<meta name=\"author\" content=\"El Ciudadano\" \/>\n<meta name=\"twitter:card\" content=\"summary_large_image\" \/>\n<meta name=\"twitter:creator\" content=\"@PressenzaIPA\" \/>\n<meta name=\"twitter:site\" content=\"@PressenzaIPA\" \/>\n<meta name=\"twitter:label1\" content=\"Escrito por\" \/>\n\t<meta name=\"twitter:data1\" content=\"El Ciudadano\" \/>\n\t<meta name=\"twitter:label2\" content=\"Tiempo de lectura\" \/>\n\t<meta name=\"twitter:data2\" content=\"6 minutos\" \/>\n<script type=\"application\/ld+json\" class=\"yoast-schema-graph\">{\"@context\":\"https:\/\/schema.org\",\"@graph\":[{\"@type\":\"Article\",\"@id\":\"https:\/\/www.pressenza.com\/es\/2023\/04\/waskiri-la-misteriosa-ciudad-prehispanica-descubierta-en-bolivia-y-que-limita-con-chile\/#article\",\"isPartOf\":{\"@id\":\"https:\/\/www.pressenza.com\/es\/2023\/04\/waskiri-la-misteriosa-ciudad-prehispanica-descubierta-en-bolivia-y-que-limita-con-chile\/\"},\"author\":{\"name\":\"El Ciudadano\",\"@id\":\"https:\/\/www.pressenza.com\/es\/#\/schema\/person\/6522eecb4cd68e074b27e251e4b04ef8\"},\"headline\":\"\u2018Waskiri\u2019, la misteriosa ciudad prehisp\u00e1nica descubierta en Bolivia y que limita con Chile\",\"datePublished\":\"2023-04-19T22:23:50+00:00\",\"mainEntityOfPage\":{\"@id\":\"https:\/\/www.pressenza.com\/es\/2023\/04\/waskiri-la-misteriosa-ciudad-prehispanica-descubierta-en-bolivia-y-que-limita-con-chile\/\"},\"wordCount\":1129,\"publisher\":{\"@id\":\"https:\/\/www.pressenza.com\/es\/#organization\"},\"image\":{\"@id\":\"https:\/\/www.pressenza.com\/es\/2023\/04\/waskiri-la-misteriosa-ciudad-prehispanica-descubierta-en-bolivia-y-que-limita-con-chile\/#primaryimage\"},\"thumbnailUrl\":\"https:\/\/www.pressenza.com\/wp-content\/uploads\/2023\/04\/waskiri.jpg\",\"articleSection\":[\"Cultura y Medios\",\"Internacional\",\"Noticia\",\"Pueblos Originarios\",\"Reportaje\",\"Sudam\u00e9rica\"],\"inLanguage\":\"es\"},{\"@type\":\"WebPage\",\"@id\":\"https:\/\/www.pressenza.com\/es\/2023\/04\/waskiri-la-misteriosa-ciudad-prehispanica-descubierta-en-bolivia-y-que-limita-con-chile\/\",\"url\":\"https:\/\/www.pressenza.com\/es\/2023\/04\/waskiri-la-misteriosa-ciudad-prehispanica-descubierta-en-bolivia-y-que-limita-con-chile\/\",\"name\":\"\u2018Waskiri\u2019, la misteriosa ciudad prehisp\u00e1nica descubierta en Bolivia y que limita con Chile\",\"isPartOf\":{\"@id\":\"https:\/\/www.pressenza.com\/es\/#website\"},\"primaryImageOfPage\":{\"@id\":\"https:\/\/www.pressenza.com\/es\/2023\/04\/waskiri-la-misteriosa-ciudad-prehispanica-descubierta-en-bolivia-y-que-limita-con-chile\/#primaryimage\"},\"image\":{\"@id\":\"https:\/\/www.pressenza.com\/es\/2023\/04\/waskiri-la-misteriosa-ciudad-prehispanica-descubierta-en-bolivia-y-que-limita-con-chile\/#primaryimage\"},\"thumbnailUrl\":\"https:\/\/www.pressenza.com\/wp-content\/uploads\/2023\/04\/waskiri.jpg\",\"datePublished\":\"2023-04-19T22:23:50+00:00\",\"description\":\"Se trata de un centro ceremonial con \\\"caracter\u00edsticas in\u00e9ditas\\\" para la regi\u00f3n de los Andes, ubicada en la provincia de Carangas, dentro del altiplano\",\"breadcrumb\":{\"@id\":\"https:\/\/www.pressenza.com\/es\/2023\/04\/waskiri-la-misteriosa-ciudad-prehispanica-descubierta-en-bolivia-y-que-limita-con-chile\/#breadcrumb\"},\"inLanguage\":\"es\",\"potentialAction\":[{\"@type\":\"ReadAction\",\"target\":[\"https:\/\/www.pressenza.com\/es\/2023\/04\/waskiri-la-misteriosa-ciudad-prehispanica-descubierta-en-bolivia-y-que-limita-con-chile\/\"]}]},{\"@type\":\"ImageObject\",\"inLanguage\":\"es\",\"@id\":\"https:\/\/www.pressenza.com\/es\/2023\/04\/waskiri-la-misteriosa-ciudad-prehispanica-descubierta-en-bolivia-y-que-limita-con-chile\/#primaryimage\",\"url\":\"https:\/\/www.pressenza.com\/wp-content\/uploads\/2023\/04\/waskiri.jpg\",\"contentUrl\":\"https:\/\/www.pressenza.com\/wp-content\/uploads\/2023\/04\/waskiri.jpg\",\"width\":1104,\"height\":622},{\"@type\":\"BreadcrumbList\",\"@id\":\"https:\/\/www.pressenza.com\/es\/2023\/04\/waskiri-la-misteriosa-ciudad-prehispanica-descubierta-en-bolivia-y-que-limita-con-chile\/#breadcrumb\",\"itemListElement\":[{\"@type\":\"ListItem\",\"position\":1,\"name\":\"Accueil\",\"item\":\"https:\/\/www.pressenza.com\/es\/\"},{\"@type\":\"ListItem\",\"position\":2,\"name\":\"\u2018Waskiri\u2019, la misteriosa ciudad prehisp\u00e1nica descubierta en Bolivia y que limita con Chile\"}]},{\"@type\":\"WebSite\",\"@id\":\"https:\/\/www.pressenza.com\/es\/#website\",\"url\":\"https:\/\/www.pressenza.com\/es\/\",\"name\":\"Pressenza\",\"description\":\"International Press Agency\",\"publisher\":{\"@id\":\"https:\/\/www.pressenza.com\/es\/#organization\"},\"potentialAction\":[{\"@type\":\"SearchAction\",\"target\":{\"@type\":\"EntryPoint\",\"urlTemplate\":\"https:\/\/www.pressenza.com\/es\/?s={search_term_string}\"},\"query-input\":{\"@type\":\"PropertyValueSpecification\",\"valueRequired\":true,\"valueName\":\"search_term_string\"}}],\"inLanguage\":\"es\"},{\"@type\":\"Organization\",\"@id\":\"https:\/\/www.pressenza.com\/es\/#organization\",\"name\":\"Pressenza\",\"url\":\"https:\/\/www.pressenza.com\/es\/\",\"logo\":{\"@type\":\"ImageObject\",\"inLanguage\":\"es\",\"@id\":\"https:\/\/www.pressenza.com\/es\/#\/schema\/logo\/image\/\",\"url\":\"https:\/\/www.pressenza.com\/wp-content\/uploads\/2022\/10\/pressenza_logo_200x200.jpg\",\"contentUrl\":\"https:\/\/www.pressenza.com\/wp-content\/uploads\/2022\/10\/pressenza_logo_200x200.jpg\",\"width\":200,\"height\":200,\"caption\":\"Pressenza\"},\"image\":{\"@id\":\"https:\/\/www.pressenza.com\/es\/#\/schema\/logo\/image\/\"},\"sameAs\":[\"https:\/\/www.facebook.com\/PressenzaItalia\",\"https:\/\/x.com\/PressenzaIPA\"]},{\"@type\":\"Person\",\"@id\":\"https:\/\/www.pressenza.com\/es\/#\/schema\/person\/6522eecb4cd68e074b27e251e4b04ef8\",\"name\":\"El Ciudadano\",\"description\":\"El Ciudadano es un medio de comunicaci\u00f3n de circulaci\u00f3n mensual en papel y de funcionamiento diario en la web. Forma parte de la Red de Medios de los Pueblos por lo que se declara como un medio del Tercer Sector para romper el cerco informativo. El Ciudadano es una publicaci\u00f3n que busca elevar desde lo local a lo global las demandas de la organizaci\u00f3n social chilena como tambi\u00e9n promover la acci\u00f3n directa de la ciudadan\u00eda por su derecho a autodeterminaci\u00f3n. elciudadano.cl\",\"url\":\"https:\/\/www.pressenza.com\/es\/author\/el-ciudadano\/\"}]}<\/script>\n<!-- \/ Yoast SEO plugin. -->","yoast_head_json":{"title":"\u2018Waskiri\u2019, la misteriosa ciudad prehisp\u00e1nica descubierta en Bolivia y que limita con Chile","description":"Se trata de un centro ceremonial con \"caracter\u00edsticas in\u00e9ditas\" para la regi\u00f3n de los Andes, ubicada en la provincia de Carangas, dentro del altiplano","robots":{"index":"index","follow":"follow","max-snippet":"max-snippet:-1","max-image-preview":"max-image-preview:large","max-video-preview":"max-video-preview:-1"},"canonical":"https:\/\/www.pressenza.com\/es\/2023\/04\/waskiri-la-misteriosa-ciudad-prehispanica-descubierta-en-bolivia-y-que-limita-con-chile\/","og_locale":"es_ES","og_type":"article","og_title":"\u2018Waskiri\u2019, la misteriosa ciudad prehisp\u00e1nica descubierta en Bolivia y que limita con Chile","og_description":"Se trata de un centro ceremonial con \"caracter\u00edsticas in\u00e9ditas\" para la regi\u00f3n de los Andes, ubicada en la provincia de Carangas, dentro del altiplano","og_url":"https:\/\/www.pressenza.com\/es\/2023\/04\/waskiri-la-misteriosa-ciudad-prehispanica-descubierta-en-bolivia-y-que-limita-con-chile\/","og_site_name":"Pressenza","article_publisher":"https:\/\/www.facebook.com\/PressenzaItalia","article_published_time":"2023-04-19T22:23:50+00:00","og_image":[{"width":1104,"height":622,"url":"https:\/\/www.pressenza.com\/wp-content\/uploads\/2023\/04\/waskiri.jpg","type":"image\/jpeg"}],"author":"El Ciudadano","twitter_card":"summary_large_image","twitter_creator":"@PressenzaIPA","twitter_site":"@PressenzaIPA","twitter_misc":{"Escrito por":"El Ciudadano","Tiempo de lectura":"6 minutos"},"schema":{"@context":"https:\/\/schema.org","@graph":[{"@type":"Article","@id":"https:\/\/www.pressenza.com\/es\/2023\/04\/waskiri-la-misteriosa-ciudad-prehispanica-descubierta-en-bolivia-y-que-limita-con-chile\/#article","isPartOf":{"@id":"https:\/\/www.pressenza.com\/es\/2023\/04\/waskiri-la-misteriosa-ciudad-prehispanica-descubierta-en-bolivia-y-que-limita-con-chile\/"},"author":{"name":"El Ciudadano","@id":"https:\/\/www.pressenza.com\/es\/#\/schema\/person\/6522eecb4cd68e074b27e251e4b04ef8"},"headline":"\u2018Waskiri\u2019, la misteriosa ciudad prehisp\u00e1nica descubierta en Bolivia y que limita con Chile","datePublished":"2023-04-19T22:23:50+00:00","mainEntityOfPage":{"@id":"https:\/\/www.pressenza.com\/es\/2023\/04\/waskiri-la-misteriosa-ciudad-prehispanica-descubierta-en-bolivia-y-que-limita-con-chile\/"},"wordCount":1129,"publisher":{"@id":"https:\/\/www.pressenza.com\/es\/#organization"},"image":{"@id":"https:\/\/www.pressenza.com\/es\/2023\/04\/waskiri-la-misteriosa-ciudad-prehispanica-descubierta-en-bolivia-y-que-limita-con-chile\/#primaryimage"},"thumbnailUrl":"https:\/\/www.pressenza.com\/wp-content\/uploads\/2023\/04\/waskiri.jpg","articleSection":["Cultura y Medios","Internacional","Noticia","Pueblos Originarios","Reportaje","Sudam\u00e9rica"],"inLanguage":"es"},{"@type":"WebPage","@id":"https:\/\/www.pressenza.com\/es\/2023\/04\/waskiri-la-misteriosa-ciudad-prehispanica-descubierta-en-bolivia-y-que-limita-con-chile\/","url":"https:\/\/www.pressenza.com\/es\/2023\/04\/waskiri-la-misteriosa-ciudad-prehispanica-descubierta-en-bolivia-y-que-limita-con-chile\/","name":"\u2018Waskiri\u2019, la misteriosa ciudad prehisp\u00e1nica descubierta en Bolivia y que limita con Chile","isPartOf":{"@id":"https:\/\/www.pressenza.com\/es\/#website"},"primaryImageOfPage":{"@id":"https:\/\/www.pressenza.com\/es\/2023\/04\/waskiri-la-misteriosa-ciudad-prehispanica-descubierta-en-bolivia-y-que-limita-con-chile\/#primaryimage"},"image":{"@id":"https:\/\/www.pressenza.com\/es\/2023\/04\/waskiri-la-misteriosa-ciudad-prehispanica-descubierta-en-bolivia-y-que-limita-con-chile\/#primaryimage"},"thumbnailUrl":"https:\/\/www.pressenza.com\/wp-content\/uploads\/2023\/04\/waskiri.jpg","datePublished":"2023-04-19T22:23:50+00:00","description":"Se trata de un centro ceremonial con \"caracter\u00edsticas in\u00e9ditas\" para la regi\u00f3n de los Andes, ubicada en la provincia de Carangas, dentro del altiplano","breadcrumb":{"@id":"https:\/\/www.pressenza.com\/es\/2023\/04\/waskiri-la-misteriosa-ciudad-prehispanica-descubierta-en-bolivia-y-que-limita-con-chile\/#breadcrumb"},"inLanguage":"es","potentialAction":[{"@type":"ReadAction","target":["https:\/\/www.pressenza.com\/es\/2023\/04\/waskiri-la-misteriosa-ciudad-prehispanica-descubierta-en-bolivia-y-que-limita-con-chile\/"]}]},{"@type":"ImageObject","inLanguage":"es","@id":"https:\/\/www.pressenza.com\/es\/2023\/04\/waskiri-la-misteriosa-ciudad-prehispanica-descubierta-en-bolivia-y-que-limita-con-chile\/#primaryimage","url":"https:\/\/www.pressenza.com\/wp-content\/uploads\/2023\/04\/waskiri.jpg","contentUrl":"https:\/\/www.pressenza.com\/wp-content\/uploads\/2023\/04\/waskiri.jpg","width":1104,"height":622},{"@type":"BreadcrumbList","@id":"https:\/\/www.pressenza.com\/es\/2023\/04\/waskiri-la-misteriosa-ciudad-prehispanica-descubierta-en-bolivia-y-que-limita-con-chile\/#breadcrumb","itemListElement":[{"@type":"ListItem","position":1,"name":"Accueil","item":"https:\/\/www.pressenza.com\/es\/"},{"@type":"ListItem","position":2,"name":"\u2018Waskiri\u2019, la misteriosa ciudad prehisp\u00e1nica descubierta en Bolivia y que limita con Chile"}]},{"@type":"WebSite","@id":"https:\/\/www.pressenza.com\/es\/#website","url":"https:\/\/www.pressenza.com\/es\/","name":"Pressenza","description":"International Press Agency","publisher":{"@id":"https:\/\/www.pressenza.com\/es\/#organization"},"potentialAction":[{"@type":"SearchAction","target":{"@type":"EntryPoint","urlTemplate":"https:\/\/www.pressenza.com\/es\/?s={search_term_string}"},"query-input":{"@type":"PropertyValueSpecification","valueRequired":true,"valueName":"search_term_string"}}],"inLanguage":"es"},{"@type":"Organization","@id":"https:\/\/www.pressenza.com\/es\/#organization","name":"Pressenza","url":"https:\/\/www.pressenza.com\/es\/","logo":{"@type":"ImageObject","inLanguage":"es","@id":"https:\/\/www.pressenza.com\/es\/#\/schema\/logo\/image\/","url":"https:\/\/www.pressenza.com\/wp-content\/uploads\/2022\/10\/pressenza_logo_200x200.jpg","contentUrl":"https:\/\/www.pressenza.com\/wp-content\/uploads\/2022\/10\/pressenza_logo_200x200.jpg","width":200,"height":200,"caption":"Pressenza"},"image":{"@id":"https:\/\/www.pressenza.com\/es\/#\/schema\/logo\/image\/"},"sameAs":["https:\/\/www.facebook.com\/PressenzaItalia","https:\/\/x.com\/PressenzaIPA"]},{"@type":"Person","@id":"https:\/\/www.pressenza.com\/es\/#\/schema\/person\/6522eecb4cd68e074b27e251e4b04ef8","name":"El Ciudadano","description":"El Ciudadano es un medio de comunicaci\u00f3n de circulaci\u00f3n mensual en papel y de funcionamiento diario en la web. Forma parte de la Red de Medios de los Pueblos por lo que se declara como un medio del Tercer Sector para romper el cerco informativo. El Ciudadano es una publicaci\u00f3n que busca elevar desde lo local a lo global las demandas de la organizaci\u00f3n social chilena como tambi\u00e9n promover la acci\u00f3n directa de la ciudadan\u00eda por su derecho a autodeterminaci\u00f3n. elciudadano.cl","url":"https:\/\/www.pressenza.com\/es\/author\/el-ciudadano\/"}]}},"place":"","original_article_url":"","_links":{"self":[{"href":"https:\/\/www.pressenza.com\/es\/wp-json\/wp\/v2\/posts\/1734038","targetHints":{"allow":["GET"]}}],"collection":[{"href":"https:\/\/www.pressenza.com\/es\/wp-json\/wp\/v2\/posts"}],"about":[{"href":"https:\/\/www.pressenza.com\/es\/wp-json\/wp\/v2\/types\/post"}],"author":[{"embeddable":true,"href":"https:\/\/www.pressenza.com\/es\/wp-json\/wp\/v2\/users\/616"}],"replies":[{"embeddable":true,"href":"https:\/\/www.pressenza.com\/es\/wp-json\/wp\/v2\/comments?post=1734038"}],"version-history":[{"count":0,"href":"https:\/\/www.pressenza.com\/es\/wp-json\/wp\/v2\/posts\/1734038\/revisions"}],"wp:featuredmedia":[{"embeddable":true,"href":"https:\/\/www.pressenza.com\/es\/wp-json\/wp\/v2\/media\/1734046"}],"wp:attachment":[{"href":"https:\/\/www.pressenza.com\/es\/wp-json\/wp\/v2\/media?parent=1734038"}],"wp:term":[{"taxonomy":"category","embeddable":true,"href":"https:\/\/www.pressenza.com\/es\/wp-json\/wp\/v2\/categories?post=1734038"},{"taxonomy":"post_tag","embeddable":true,"href":"https:\/\/www.pressenza.com\/es\/wp-json\/wp\/v2\/tags?post=1734038"}],"curies":[{"name":"wp","href":"https:\/\/api.w.org\/{rel}","templated":true}]}}