{"id":1733817,"date":"2023-04-19T01:44:23","date_gmt":"2023-04-19T00:44:23","guid":{"rendered":"https:\/\/www.pressenza.com\/?p=1733817"},"modified":"2023-04-19T01:44:23","modified_gmt":"2023-04-19T00:44:23","slug":"el-salvador-la-cidh-advierte-sobre-situacion-de-derechos-humanos","status":"publish","type":"post","link":"https:\/\/www.pressenza.com\/es\/2023\/04\/el-salvador-la-cidh-advierte-sobre-situacion-de-derechos-humanos\/","title":{"rendered":"El Salvador: la CIDH advierte sobre situaci\u00f3n de derechos humanos"},"content":{"rendered":"<p>Hace pocas semanas atr\u00e1s el gobierno de Nayib Bukele, que controla la Asamblea Legislativa, logr\u00f3 la aprobaci\u00f3n del r\u00e9gimen de excepci\u00f3n establecido en marzo de 2022. Es la d\u00e9cimo segunda vez que esta medida de excepci\u00f3n de prolonga y, en ese contexto, la Comisi\u00f3n Interamericana de Derechos Humanos hizo un llamado al gobierno salvadore\u00f1o para que restablezca la plena vigencia de todos los derechos y garant\u00edas para todos sus ciudadanos.<\/p>\n<p>Bajo el argumento de terminar con las pandillas y el crimen organizado y durante el r\u00e9gimen de excepci\u00f3n, el n\u00famero de personas detenidas supera los sesenta y dos mil y, de acuerdo a denuncias recibidas por la CIDH, las detenciones no han seguido el debido proceso y hay un alto n\u00famero de personas sin procesos judiciales en curso, es decir, detenidas sin haber comprobado su culpabilidad.<\/p>\n<p>El llamado urgente de la CIDH a respetar plenamente los derechos humanos ha sido respondido por el r\u00e9gimen salvadore\u00f1o indicando que todas las medidas tomadas respetan la constituci\u00f3n nacional y los marcos internacionales de derechos humano, adem\u00e1s de exhibir el r\u00e9cord de 188 d\u00edas sin homicidios. La CIDH ha indicado que la suspensi\u00f3n de derechos y garant\u00edas es un mecanismo inadecuado para enfrentar el crimen y, por otra parte, la norma interamericana autoriza estas suspensiones por tiempo limitado y con car\u00e1cter muy excepciones, dos condiciones que el gobierno de Bukele no ha respetado.<\/p>\n<p>Vale recordar que la CIDH es \u00f3rganos aut\u00f3nomo de la OEA y que su mandato es promover la observancia y defensa de los derechos humanos en la regi\u00f3n.<\/p>\n","protected":false},"excerpt":{"rendered":"<p>Hace pocas semanas atr\u00e1s el gobierno de Nayib Bukele, que controla la Asamblea Legislativa, logr\u00f3 la aprobaci\u00f3n del r\u00e9gimen de excepci\u00f3n establecido en marzo de 2022. Es la d\u00e9cimo segunda vez que esta medida de excepci\u00f3n de prolonga y, en&hellip;<\/p>\n","protected":false},"author":1011,"featured_media":1733839,"comment_status":"closed","ping_status":"closed","sticky":false,"template":"","format":"standard","meta":{"footnotes":""},"categories":[11389,79,106739],"tags":[17497,24379,53268,12175,71136,17495],"class_list":["post-1733817","post","type-post","status-publish","format-standard","has-post-thumbnail","hentry","category-contenido-original","category-derechos-humanos","category-noticia","tag-cidh","tag-corte-interamericana-de-derechos-humanos","tag-crimen-organizado","tag-el-salvador-es","tag-nayib-bukele","tag-seguridad"],"yoast_head":"<!-- This site is optimized with the Yoast SEO plugin v27.1.1 - https:\/\/yoast.com\/product\/yoast-seo-wordpress\/ -->\n<title>El Salvador: la CIDH advierte sobre situaci\u00f3n de derechos humanos<\/title>\n<meta name=\"description\" content=\"Hace pocas semanas atr\u00e1s el gobierno de Nayib Bukele, que controla la Asamblea Legislativa, logr\u00f3 la aprobaci\u00f3n del r\u00e9gimen de excepci\u00f3n establecido en\" \/>\n<meta name=\"robots\" content=\"index, follow, max-snippet:-1, max-image-preview:large, max-video-preview:-1\" \/>\n<link rel=\"canonical\" href=\"https:\/\/www.pressenza.com\/es\/2023\/04\/el-salvador-la-cidh-advierte-sobre-situacion-de-derechos-humanos\/\" \/>\n<meta property=\"og:locale\" content=\"es_ES\" \/>\n<meta property=\"og:type\" content=\"article\" \/>\n<meta property=\"og:title\" content=\"El Salvador: la CIDH advierte sobre situaci\u00f3n de derechos humanos\" \/>\n<meta property=\"og:description\" content=\"Hace pocas semanas atr\u00e1s el gobierno de Nayib Bukele, que controla la Asamblea Legislativa, logr\u00f3 la aprobaci\u00f3n del r\u00e9gimen de excepci\u00f3n establecido en\" \/>\n<meta property=\"og:url\" content=\"https:\/\/www.pressenza.com\/es\/2023\/04\/el-salvador-la-cidh-advierte-sobre-situacion-de-derechos-humanos\/\" \/>\n<meta property=\"og:site_name\" content=\"Pressenza\" \/>\n<meta property=\"article:publisher\" content=\"https:\/\/www.facebook.com\/PressenzaItalia\" \/>\n<meta property=\"article:published_time\" content=\"2023-04-19T00:44:23+00:00\" \/>\n<meta property=\"og:image\" content=\"https:\/\/www.pressenza.com\/wp-content\/uploads\/2023\/04\/Sans-titre.jpg\" \/>\n\t<meta property=\"og:image:width\" content=\"500\" \/>\n\t<meta property=\"og:image:height\" content=\"500\" \/>\n\t<meta property=\"og:image:type\" content=\"image\/jpeg\" \/>\n<meta name=\"author\" content=\"Redacci\u00f3n Ecuador\" \/>\n<meta name=\"twitter:card\" content=\"summary_large_image\" \/>\n<meta name=\"twitter:creator\" content=\"@PressenzaIPA\" \/>\n<meta name=\"twitter:site\" content=\"@PressenzaIPA\" \/>\n<meta name=\"twitter:label1\" content=\"Escrito por\" \/>\n\t<meta name=\"twitter:data1\" content=\"Redacci\u00f3n Ecuador\" \/>\n\t<meta name=\"twitter:label2\" content=\"Tiempo de lectura\" \/>\n\t<meta name=\"twitter:data2\" content=\"2 minutos\" \/>\n<script type=\"application\/ld+json\" class=\"yoast-schema-graph\">{\"@context\":\"https:\/\/schema.org\",\"@graph\":[{\"@type\":\"Article\",\"@id\":\"https:\/\/www.pressenza.com\/es\/2023\/04\/el-salvador-la-cidh-advierte-sobre-situacion-de-derechos-humanos\/#article\",\"isPartOf\":{\"@id\":\"https:\/\/www.pressenza.com\/es\/2023\/04\/el-salvador-la-cidh-advierte-sobre-situacion-de-derechos-humanos\/\"},\"author\":{\"name\":\"Redacci\u00f3n Ecuador\",\"@id\":\"https:\/\/www.pressenza.com\/es\/#\/schema\/person\/883a735c40665759bcc6fe0c26bcb46f\"},\"headline\":\"El Salvador: la CIDH advierte sobre situaci\u00f3n de derechos humanos\",\"datePublished\":\"2023-04-19T00:44:23+00:00\",\"mainEntityOfPage\":{\"@id\":\"https:\/\/www.pressenza.com\/es\/2023\/04\/el-salvador-la-cidh-advierte-sobre-situacion-de-derechos-humanos\/\"},\"wordCount\":290,\"publisher\":{\"@id\":\"https:\/\/www.pressenza.com\/es\/#organization\"},\"image\":{\"@id\":\"https:\/\/www.pressenza.com\/es\/2023\/04\/el-salvador-la-cidh-advierte-sobre-situacion-de-derechos-humanos\/#primaryimage\"},\"thumbnailUrl\":\"https:\/\/www.pressenza.com\/wp-content\/uploads\/2023\/04\/Sans-titre.jpg\",\"keywords\":[\"CIDH\",\"Corte Interamericana de Derechos Humanos\",\"crimen organizado\",\"El Salvador\",\"Nayib Bukele\",\"Seguridad\"],\"articleSection\":[\"Contenido Original\",\"Derechos Humanos\",\"Noticia\"],\"inLanguage\":\"es\"},{\"@type\":\"WebPage\",\"@id\":\"https:\/\/www.pressenza.com\/es\/2023\/04\/el-salvador-la-cidh-advierte-sobre-situacion-de-derechos-humanos\/\",\"url\":\"https:\/\/www.pressenza.com\/es\/2023\/04\/el-salvador-la-cidh-advierte-sobre-situacion-de-derechos-humanos\/\",\"name\":\"El Salvador: la CIDH advierte sobre situaci\u00f3n de derechos humanos\",\"isPartOf\":{\"@id\":\"https:\/\/www.pressenza.com\/es\/#website\"},\"primaryImageOfPage\":{\"@id\":\"https:\/\/www.pressenza.com\/es\/2023\/04\/el-salvador-la-cidh-advierte-sobre-situacion-de-derechos-humanos\/#primaryimage\"},\"image\":{\"@id\":\"https:\/\/www.pressenza.com\/es\/2023\/04\/el-salvador-la-cidh-advierte-sobre-situacion-de-derechos-humanos\/#primaryimage\"},\"thumbnailUrl\":\"https:\/\/www.pressenza.com\/wp-content\/uploads\/2023\/04\/Sans-titre.jpg\",\"datePublished\":\"2023-04-19T00:44:23+00:00\",\"description\":\"Hace pocas semanas atr\u00e1s el gobierno de Nayib Bukele, que controla la Asamblea Legislativa, logr\u00f3 la aprobaci\u00f3n del r\u00e9gimen de excepci\u00f3n establecido en\",\"breadcrumb\":{\"@id\":\"https:\/\/www.pressenza.com\/es\/2023\/04\/el-salvador-la-cidh-advierte-sobre-situacion-de-derechos-humanos\/#breadcrumb\"},\"inLanguage\":\"es\",\"potentialAction\":[{\"@type\":\"ReadAction\",\"target\":[\"https:\/\/www.pressenza.com\/es\/2023\/04\/el-salvador-la-cidh-advierte-sobre-situacion-de-derechos-humanos\/\"]}]},{\"@type\":\"ImageObject\",\"inLanguage\":\"es\",\"@id\":\"https:\/\/www.pressenza.com\/es\/2023\/04\/el-salvador-la-cidh-advierte-sobre-situacion-de-derechos-humanos\/#primaryimage\",\"url\":\"https:\/\/www.pressenza.com\/wp-content\/uploads\/2023\/04\/Sans-titre.jpg\",\"contentUrl\":\"https:\/\/www.pressenza.com\/wp-content\/uploads\/2023\/04\/Sans-titre.jpg\",\"width\":500,\"height\":500},{\"@type\":\"BreadcrumbList\",\"@id\":\"https:\/\/www.pressenza.com\/es\/2023\/04\/el-salvador-la-cidh-advierte-sobre-situacion-de-derechos-humanos\/#breadcrumb\",\"itemListElement\":[{\"@type\":\"ListItem\",\"position\":1,\"name\":\"Accueil\",\"item\":\"https:\/\/www.pressenza.com\/es\/\"},{\"@type\":\"ListItem\",\"position\":2,\"name\":\"El Salvador: la CIDH advierte sobre situaci\u00f3n de derechos humanos\"}]},{\"@type\":\"WebSite\",\"@id\":\"https:\/\/www.pressenza.com\/es\/#website\",\"url\":\"https:\/\/www.pressenza.com\/es\/\",\"name\":\"Pressenza\",\"description\":\"International Press Agency\",\"publisher\":{\"@id\":\"https:\/\/www.pressenza.com\/es\/#organization\"},\"potentialAction\":[{\"@type\":\"SearchAction\",\"target\":{\"@type\":\"EntryPoint\",\"urlTemplate\":\"https:\/\/www.pressenza.com\/es\/?s={search_term_string}\"},\"query-input\":{\"@type\":\"PropertyValueSpecification\",\"valueRequired\":true,\"valueName\":\"search_term_string\"}}],\"inLanguage\":\"es\"},{\"@type\":\"Organization\",\"@id\":\"https:\/\/www.pressenza.com\/es\/#organization\",\"name\":\"Pressenza\",\"url\":\"https:\/\/www.pressenza.com\/es\/\",\"logo\":{\"@type\":\"ImageObject\",\"inLanguage\":\"es\",\"@id\":\"https:\/\/www.pressenza.com\/es\/#\/schema\/logo\/image\/\",\"url\":\"https:\/\/www.pressenza.com\/wp-content\/uploads\/2022\/10\/pressenza_logo_200x200.jpg\",\"contentUrl\":\"https:\/\/www.pressenza.com\/wp-content\/uploads\/2022\/10\/pressenza_logo_200x200.jpg\",\"width\":200,\"height\":200,\"caption\":\"Pressenza\"},\"image\":{\"@id\":\"https:\/\/www.pressenza.com\/es\/#\/schema\/logo\/image\/\"},\"sameAs\":[\"https:\/\/www.facebook.com\/PressenzaItalia\",\"https:\/\/x.com\/PressenzaIPA\"]},{\"@type\":\"Person\",\"@id\":\"https:\/\/www.pressenza.com\/es\/#\/schema\/person\/883a735c40665759bcc6fe0c26bcb46f\",\"name\":\"Redacci\u00f3n Ecuador\",\"description\":\"News published by the Pressenza bureau in Quito, Ecuador\",\"url\":\"https:\/\/www.pressenza.com\/es\/author\/redaccion-ecuador\/\"}]}<\/script>\n<!-- \/ Yoast SEO plugin. -->","yoast_head_json":{"title":"El Salvador: la CIDH advierte sobre situaci\u00f3n de derechos humanos","description":"Hace pocas semanas atr\u00e1s el gobierno de Nayib Bukele, que controla la Asamblea Legislativa, logr\u00f3 la aprobaci\u00f3n del r\u00e9gimen de excepci\u00f3n establecido en","robots":{"index":"index","follow":"follow","max-snippet":"max-snippet:-1","max-image-preview":"max-image-preview:large","max-video-preview":"max-video-preview:-1"},"canonical":"https:\/\/www.pressenza.com\/es\/2023\/04\/el-salvador-la-cidh-advierte-sobre-situacion-de-derechos-humanos\/","og_locale":"es_ES","og_type":"article","og_title":"El Salvador: la CIDH advierte sobre situaci\u00f3n de derechos humanos","og_description":"Hace pocas semanas atr\u00e1s el gobierno de Nayib Bukele, que controla la Asamblea Legislativa, logr\u00f3 la aprobaci\u00f3n del r\u00e9gimen de excepci\u00f3n establecido en","og_url":"https:\/\/www.pressenza.com\/es\/2023\/04\/el-salvador-la-cidh-advierte-sobre-situacion-de-derechos-humanos\/","og_site_name":"Pressenza","article_publisher":"https:\/\/www.facebook.com\/PressenzaItalia","article_published_time":"2023-04-19T00:44:23+00:00","og_image":[{"width":500,"height":500,"url":"https:\/\/www.pressenza.com\/wp-content\/uploads\/2023\/04\/Sans-titre.jpg","type":"image\/jpeg"}],"author":"Redacci\u00f3n Ecuador","twitter_card":"summary_large_image","twitter_creator":"@PressenzaIPA","twitter_site":"@PressenzaIPA","twitter_misc":{"Escrito por":"Redacci\u00f3n Ecuador","Tiempo de lectura":"2 minutos"},"schema":{"@context":"https:\/\/schema.org","@graph":[{"@type":"Article","@id":"https:\/\/www.pressenza.com\/es\/2023\/04\/el-salvador-la-cidh-advierte-sobre-situacion-de-derechos-humanos\/#article","isPartOf":{"@id":"https:\/\/www.pressenza.com\/es\/2023\/04\/el-salvador-la-cidh-advierte-sobre-situacion-de-derechos-humanos\/"},"author":{"name":"Redacci\u00f3n Ecuador","@id":"https:\/\/www.pressenza.com\/es\/#\/schema\/person\/883a735c40665759bcc6fe0c26bcb46f"},"headline":"El Salvador: la CIDH advierte sobre situaci\u00f3n de derechos humanos","datePublished":"2023-04-19T00:44:23+00:00","mainEntityOfPage":{"@id":"https:\/\/www.pressenza.com\/es\/2023\/04\/el-salvador-la-cidh-advierte-sobre-situacion-de-derechos-humanos\/"},"wordCount":290,"publisher":{"@id":"https:\/\/www.pressenza.com\/es\/#organization"},"image":{"@id":"https:\/\/www.pressenza.com\/es\/2023\/04\/el-salvador-la-cidh-advierte-sobre-situacion-de-derechos-humanos\/#primaryimage"},"thumbnailUrl":"https:\/\/www.pressenza.com\/wp-content\/uploads\/2023\/04\/Sans-titre.jpg","keywords":["CIDH","Corte Interamericana de Derechos Humanos","crimen organizado","El Salvador","Nayib Bukele","Seguridad"],"articleSection":["Contenido Original","Derechos Humanos","Noticia"],"inLanguage":"es"},{"@type":"WebPage","@id":"https:\/\/www.pressenza.com\/es\/2023\/04\/el-salvador-la-cidh-advierte-sobre-situacion-de-derechos-humanos\/","url":"https:\/\/www.pressenza.com\/es\/2023\/04\/el-salvador-la-cidh-advierte-sobre-situacion-de-derechos-humanos\/","name":"El Salvador: la CIDH advierte sobre situaci\u00f3n de derechos humanos","isPartOf":{"@id":"https:\/\/www.pressenza.com\/es\/#website"},"primaryImageOfPage":{"@id":"https:\/\/www.pressenza.com\/es\/2023\/04\/el-salvador-la-cidh-advierte-sobre-situacion-de-derechos-humanos\/#primaryimage"},"image":{"@id":"https:\/\/www.pressenza.com\/es\/2023\/04\/el-salvador-la-cidh-advierte-sobre-situacion-de-derechos-humanos\/#primaryimage"},"thumbnailUrl":"https:\/\/www.pressenza.com\/wp-content\/uploads\/2023\/04\/Sans-titre.jpg","datePublished":"2023-04-19T00:44:23+00:00","description":"Hace pocas semanas atr\u00e1s el gobierno de Nayib Bukele, que controla la Asamblea Legislativa, logr\u00f3 la aprobaci\u00f3n del r\u00e9gimen de excepci\u00f3n establecido en","breadcrumb":{"@id":"https:\/\/www.pressenza.com\/es\/2023\/04\/el-salvador-la-cidh-advierte-sobre-situacion-de-derechos-humanos\/#breadcrumb"},"inLanguage":"es","potentialAction":[{"@type":"ReadAction","target":["https:\/\/www.pressenza.com\/es\/2023\/04\/el-salvador-la-cidh-advierte-sobre-situacion-de-derechos-humanos\/"]}]},{"@type":"ImageObject","inLanguage":"es","@id":"https:\/\/www.pressenza.com\/es\/2023\/04\/el-salvador-la-cidh-advierte-sobre-situacion-de-derechos-humanos\/#primaryimage","url":"https:\/\/www.pressenza.com\/wp-content\/uploads\/2023\/04\/Sans-titre.jpg","contentUrl":"https:\/\/www.pressenza.com\/wp-content\/uploads\/2023\/04\/Sans-titre.jpg","width":500,"height":500},{"@type":"BreadcrumbList","@id":"https:\/\/www.pressenza.com\/es\/2023\/04\/el-salvador-la-cidh-advierte-sobre-situacion-de-derechos-humanos\/#breadcrumb","itemListElement":[{"@type":"ListItem","position":1,"name":"Accueil","item":"https:\/\/www.pressenza.com\/es\/"},{"@type":"ListItem","position":2,"name":"El Salvador: la CIDH advierte sobre situaci\u00f3n de derechos humanos"}]},{"@type":"WebSite","@id":"https:\/\/www.pressenza.com\/es\/#website","url":"https:\/\/www.pressenza.com\/es\/","name":"Pressenza","description":"International Press Agency","publisher":{"@id":"https:\/\/www.pressenza.com\/es\/#organization"},"potentialAction":[{"@type":"SearchAction","target":{"@type":"EntryPoint","urlTemplate":"https:\/\/www.pressenza.com\/es\/?s={search_term_string}"},"query-input":{"@type":"PropertyValueSpecification","valueRequired":true,"valueName":"search_term_string"}}],"inLanguage":"es"},{"@type":"Organization","@id":"https:\/\/www.pressenza.com\/es\/#organization","name":"Pressenza","url":"https:\/\/www.pressenza.com\/es\/","logo":{"@type":"ImageObject","inLanguage":"es","@id":"https:\/\/www.pressenza.com\/es\/#\/schema\/logo\/image\/","url":"https:\/\/www.pressenza.com\/wp-content\/uploads\/2022\/10\/pressenza_logo_200x200.jpg","contentUrl":"https:\/\/www.pressenza.com\/wp-content\/uploads\/2022\/10\/pressenza_logo_200x200.jpg","width":200,"height":200,"caption":"Pressenza"},"image":{"@id":"https:\/\/www.pressenza.com\/es\/#\/schema\/logo\/image\/"},"sameAs":["https:\/\/www.facebook.com\/PressenzaItalia","https:\/\/x.com\/PressenzaIPA"]},{"@type":"Person","@id":"https:\/\/www.pressenza.com\/es\/#\/schema\/person\/883a735c40665759bcc6fe0c26bcb46f","name":"Redacci\u00f3n Ecuador","description":"News published by the Pressenza bureau in Quito, Ecuador","url":"https:\/\/www.pressenza.com\/es\/author\/redaccion-ecuador\/"}]}},"place":"San Jos\u00e9 - San Salvador","original_article_url":"","_links":{"self":[{"href":"https:\/\/www.pressenza.com\/es\/wp-json\/wp\/v2\/posts\/1733817","targetHints":{"allow":["GET"]}}],"collection":[{"href":"https:\/\/www.pressenza.com\/es\/wp-json\/wp\/v2\/posts"}],"about":[{"href":"https:\/\/www.pressenza.com\/es\/wp-json\/wp\/v2\/types\/post"}],"author":[{"embeddable":true,"href":"https:\/\/www.pressenza.com\/es\/wp-json\/wp\/v2\/users\/1011"}],"replies":[{"embeddable":true,"href":"https:\/\/www.pressenza.com\/es\/wp-json\/wp\/v2\/comments?post=1733817"}],"version-history":[{"count":0,"href":"https:\/\/www.pressenza.com\/es\/wp-json\/wp\/v2\/posts\/1733817\/revisions"}],"wp:featuredmedia":[{"embeddable":true,"href":"https:\/\/www.pressenza.com\/es\/wp-json\/wp\/v2\/media\/1733839"}],"wp:attachment":[{"href":"https:\/\/www.pressenza.com\/es\/wp-json\/wp\/v2\/media?parent=1733817"}],"wp:term":[{"taxonomy":"category","embeddable":true,"href":"https:\/\/www.pressenza.com\/es\/wp-json\/wp\/v2\/categories?post=1733817"},{"taxonomy":"post_tag","embeddable":true,"href":"https:\/\/www.pressenza.com\/es\/wp-json\/wp\/v2\/tags?post=1733817"}],"curies":[{"name":"wp","href":"https:\/\/api.w.org\/{rel}","templated":true}]}}