{"id":1731,"date":"2009-10-14T00:00:00","date_gmt":"2009-10-14T00:00:00","guid":{"rendered":""},"modified":"2009-10-14T11:59:19","modified_gmt":"2009-10-14T11:59:19","slug":"argentina-se-prepara-para-reglamentar-la-nueva-ley-de-medios-audiovisuales","status":"publish","type":"post","link":"https:\/\/www.pressenza.com\/es\/2009\/10\/argentina-se-prepara-para-reglamentar-la-nueva-ley-de-medios-audiovisuales\/","title":{"rendered":"Argentina se prepara para reglamentar la nueva ley de medios audiovisuales"},"content":{"rendered":"<p>La C\u00e1mara de Senadores de la Naci\u00f3n Argentina aprob\u00f3 el s\u00e1bado pasado, y luego de una extensa jornada de debate, la ley 26.522 de Servicios de Comunicaci\u00f3n Audiovisual. La misma reemplaza a la 22.285 (sancionada durante la \u00faltima dictadura militar) y fue elaborada durante cinco a\u00f1os por la Coalici\u00f3n para una Radiodifusi\u00f3n Democr\u00e1tica (www.coalicion.org.ar), un colectivo independiente conformado por Universidades, periodistas, cient\u00edficos, medios de comunicaci\u00f3n, asociaciones profesionales y otras instituciones de la sociedad civil.<\/p>\n<p>Inspir\u00e1ndose en los aportes y recomendaciones de organismos internacionales como la Corte Interamericana de Derechos Humanos (CIDH) y la Organizaci\u00f3n de Estados Americanos (OEA), el proyecto se propone garantizar el derecho humano a la libertad de expresi\u00f3n. Para ello, establece la igualdad de oportunidades en el acceso y participaci\u00f3n de todos los sectores de la sociedad a la titularidad y gesti\u00f3n de los servicios de radiodifusi\u00f3n. En este sentido, a trav\u00e9s de su art\u00edculo 21, la norma habilita la concesi\u00f3n, ya no s\u00f3lo a las empresas y sociedades comerciales, sino tambi\u00e9n a las organizaciones de la sociedad civil sin fines de lucro como asociaciones, fundaciones, mutuales y Universidades. <\/p>\n<p>Esto \u00faltimo representa una oportunidad para establecer nuevos medios de comunicaci\u00f3n que se fundan en los valores de paz, no-violencia y no-discriminaci\u00f3n, fundamentales para la construcci\u00f3n de una sociedad verdaderamente humana. Como se sabe, actualmente las audiencias est\u00e1n cada vez m\u00e1s expuestas a la promoci\u00f3n de estereotipos sociales, la naturalizaci\u00f3n de la desigualdad, la xenofobia y muchas otras formas de violencia psicol\u00f3gica, puntos maximizados por los medios de difusi\u00f3n masivos, hoy en manos de grupos hiper-concentrados.<\/p>\n<p>Hasta el momento, en Argentina la radiodifusi\u00f3n s\u00f3lo pod\u00eda ejercerse como actividad con fines de lucro, por lo que los criterios de adjudicaci\u00f3n de licencias s\u00f3lo estaban basados en la posesi\u00f3n de riqueza y preferencia de aspectos patrimoniales. Como se sabe, las sucesivas modificaciones a la ley 22.285 (operadas durante los \u00faltimos veinte a\u00f1os, en plena democracia), lejos de democratizar el acceso, facilitaron la concentraci\u00f3n de la propiedad hasta conformar grandes monopolios multi-medi\u00e1ticos.<\/p>\n<p>La nueva ley tambi\u00e9n se propone garantizar la independencia de los medios de comunicaci\u00f3n. La misma impide que sean titulares de licencias de servicios de radiodifusi\u00f3n integrantes de sus \u00f3rganos directivos, quienes ocupen cargos electivos oficiales nacionales, provinciales o municipales, funcionarios p\u00fablicos de los distintos poderes. Tambi\u00e9n imposibilita cualquier forma de presi\u00f3n, ventajas o castigos a los comunicadores o empresas o instituciones prestadoras en funci\u00f3n de sus opiniones, l\u00ednea informativa o editorial, en el marco del respeto al estado de derecho democr\u00e1tico y los derechos humanos. Incluso proh\u00edbe la asignaci\u00f3n arbitraria o discriminatoria de publicidad oficial, cr\u00e9ditos oficiales o prebendas.<\/p>\n<p>A tal efecto, la nueva ley prev\u00e9 la conformaci\u00f3n de un nuevo organismo aut\u00e1rquico y colegiado, en reemplazo del actual COMFER. Por primera vez, se garantiza el acceso de la oposici\u00f3n parlamentaria al control del sistema de medios. Es que el nuevo organismo estar\u00e1 integrado por representantes de la legislatura nacional, de la segunda y tercera minor\u00eda (es decir, la oposici\u00f3n parlamentaria), representantes de las Universidades, de las asociaciones sin fines de lucro y de los trabajadores del sector.<\/p>\n","protected":false},"excerpt":{"rendered":"<p>La presidenta Cristina Fern\u00e1ndez de Kirchner promulg\u00f3 la norma, que fue publicada en el Bolet\u00edn Oficial con fecha 10 de octubre de 2009. Le nueva ley puede permitir contrarrestar la violencia econ\u00f3mica y psicol\u00f3gica producida por la existencia de fuertes monopolios medi\u00e1ticos en Argentina, al garantizar la igualdad de acceso a los medios para organizaciones sin fines de lucro. <\/p>\n","protected":false},"author":19,"featured_media":0,"comment_status":"closed","ping_status":"open","sticky":false,"template":"","format":"standard","meta":{"footnotes":""},"categories":[161,74,67],"tags":[],"class_list":["post-1731","post","type-post","status-publish","format-standard","hentry","category-opiniones","category-politica-es","category-sudamerica"],"yoast_head":"<!-- This site is optimized with the Yoast SEO plugin v27.1.1 - https:\/\/yoast.com\/product\/yoast-seo-wordpress\/ -->\n<title>Argentina se prepara para reglamentar la nueva ley de medios audiovisuales<\/title>\n<meta name=\"description\" content=\"La presidenta Cristina Fern\u00e1ndez de Kirchner promulg\u00f3 la norma, que fue publicada en el Bolet\u00edn Oficial con fecha 10 de octubre de 2009. Le nueva ley puede permitir contrarrestar la violencia econ\u00f3mica y psicol\u00f3gica producida por la existencia de fuertes monopolios medi\u00e1ticos en Argentina, al garantizar la igualdad de acceso a los medios para organizaciones sin fines de lucro.\" \/>\n<meta name=\"robots\" content=\"index, follow, max-snippet:-1, max-image-preview:large, max-video-preview:-1\" \/>\n<link rel=\"canonical\" href=\"https:\/\/www.pressenza.com\/es\/2009\/10\/argentina-se-prepara-para-reglamentar-la-nueva-ley-de-medios-audiovisuales\/\" \/>\n<meta property=\"og:locale\" content=\"es_ES\" \/>\n<meta property=\"og:type\" content=\"article\" \/>\n<meta property=\"og:title\" content=\"Argentina se prepara para reglamentar la nueva ley de medios audiovisuales\" \/>\n<meta property=\"og:description\" content=\"La presidenta Cristina Fern\u00e1ndez de Kirchner promulg\u00f3 la norma, que fue publicada en el Bolet\u00edn Oficial con fecha 10 de octubre de 2009. Le nueva ley puede permitir contrarrestar la violencia econ\u00f3mica y psicol\u00f3gica producida por la existencia de fuertes monopolios medi\u00e1ticos en Argentina, al garantizar la igualdad de acceso a los medios para organizaciones sin fines de lucro.\" \/>\n<meta property=\"og:url\" content=\"https:\/\/www.pressenza.com\/es\/2009\/10\/argentina-se-prepara-para-reglamentar-la-nueva-ley-de-medios-audiovisuales\/\" \/>\n<meta property=\"og:site_name\" content=\"Pressenza\" \/>\n<meta property=\"article:publisher\" content=\"https:\/\/www.facebook.com\/PressenzaItalia\" \/>\n<meta property=\"article:author\" content=\"https:\/\/www.facebook.com\/pressenza\" \/>\n<meta property=\"article:published_time\" content=\"2009-10-14T00:00:00+00:00\" \/>\n<meta property=\"article:modified_time\" content=\"2009-10-14T11:59:19+00:00\" \/>\n<meta name=\"author\" content=\"Pressenza IPA\" \/>\n<meta name=\"twitter:card\" content=\"summary_large_image\" \/>\n<meta name=\"twitter:creator\" content=\"@PressenzaIPA\" \/>\n<meta name=\"twitter:site\" content=\"@PressenzaIPA\" \/>\n<meta name=\"twitter:label1\" content=\"Escrito por\" \/>\n\t<meta name=\"twitter:data1\" content=\"Pressenza IPA\" \/>\n\t<meta name=\"twitter:label2\" content=\"Tiempo de lectura\" \/>\n\t<meta name=\"twitter:data2\" content=\"3 minutos\" \/>\n<script type=\"application\/ld+json\" class=\"yoast-schema-graph\">{\"@context\":\"https:\/\/schema.org\",\"@graph\":[{\"@type\":\"Article\",\"@id\":\"https:\/\/www.pressenza.com\/es\/2009\/10\/argentina-se-prepara-para-reglamentar-la-nueva-ley-de-medios-audiovisuales\/#article\",\"isPartOf\":{\"@id\":\"https:\/\/www.pressenza.com\/es\/2009\/10\/argentina-se-prepara-para-reglamentar-la-nueva-ley-de-medios-audiovisuales\/\"},\"author\":{\"name\":\"Pressenza IPA\",\"@id\":\"https:\/\/www.pressenza.com\/es\/#\/schema\/person\/010e5d02bcf40965427a1289a4cc8d75\"},\"headline\":\"Argentina se prepara para reglamentar la nueva ley de medios audiovisuales\",\"datePublished\":\"2009-10-14T00:00:00+00:00\",\"dateModified\":\"2009-10-14T11:59:19+00:00\",\"mainEntityOfPage\":{\"@id\":\"https:\/\/www.pressenza.com\/es\/2009\/10\/argentina-se-prepara-para-reglamentar-la-nueva-ley-de-medios-audiovisuales\/\"},\"wordCount\":576,\"publisher\":{\"@id\":\"https:\/\/www.pressenza.com\/es\/#organization\"},\"articleSection\":[\"Opiniones\",\"Pol\u00edtica\",\"Sudam\u00e9rica\"],\"inLanguage\":\"es\"},{\"@type\":\"WebPage\",\"@id\":\"https:\/\/www.pressenza.com\/es\/2009\/10\/argentina-se-prepara-para-reglamentar-la-nueva-ley-de-medios-audiovisuales\/\",\"url\":\"https:\/\/www.pressenza.com\/es\/2009\/10\/argentina-se-prepara-para-reglamentar-la-nueva-ley-de-medios-audiovisuales\/\",\"name\":\"Argentina se prepara para reglamentar la nueva ley de medios audiovisuales\",\"isPartOf\":{\"@id\":\"https:\/\/www.pressenza.com\/es\/#website\"},\"datePublished\":\"2009-10-14T00:00:00+00:00\",\"dateModified\":\"2009-10-14T11:59:19+00:00\",\"description\":\"La presidenta Cristina Fern\u00e1ndez de Kirchner promulg\u00f3 la norma, que fue publicada en el Bolet\u00edn Oficial con fecha 10 de octubre de 2009. Le nueva ley puede permitir contrarrestar la violencia econ\u00f3mica y psicol\u00f3gica producida por la existencia de fuertes monopolios medi\u00e1ticos en Argentina, al garantizar la igualdad de acceso a los medios para organizaciones sin fines de lucro.\",\"breadcrumb\":{\"@id\":\"https:\/\/www.pressenza.com\/es\/2009\/10\/argentina-se-prepara-para-reglamentar-la-nueva-ley-de-medios-audiovisuales\/#breadcrumb\"},\"inLanguage\":\"es\",\"potentialAction\":[{\"@type\":\"ReadAction\",\"target\":[\"https:\/\/www.pressenza.com\/es\/2009\/10\/argentina-se-prepara-para-reglamentar-la-nueva-ley-de-medios-audiovisuales\/\"]}]},{\"@type\":\"BreadcrumbList\",\"@id\":\"https:\/\/www.pressenza.com\/es\/2009\/10\/argentina-se-prepara-para-reglamentar-la-nueva-ley-de-medios-audiovisuales\/#breadcrumb\",\"itemListElement\":[{\"@type\":\"ListItem\",\"position\":1,\"name\":\"Accueil\",\"item\":\"https:\/\/www.pressenza.com\/es\/\"},{\"@type\":\"ListItem\",\"position\":2,\"name\":\"Argentina se prepara para reglamentar la nueva ley de medios audiovisuales\"}]},{\"@type\":\"WebSite\",\"@id\":\"https:\/\/www.pressenza.com\/es\/#website\",\"url\":\"https:\/\/www.pressenza.com\/es\/\",\"name\":\"Pressenza\",\"description\":\"International Press Agency\",\"publisher\":{\"@id\":\"https:\/\/www.pressenza.com\/es\/#organization\"},\"potentialAction\":[{\"@type\":\"SearchAction\",\"target\":{\"@type\":\"EntryPoint\",\"urlTemplate\":\"https:\/\/www.pressenza.com\/es\/?s={search_term_string}\"},\"query-input\":{\"@type\":\"PropertyValueSpecification\",\"valueRequired\":true,\"valueName\":\"search_term_string\"}}],\"inLanguage\":\"es\"},{\"@type\":\"Organization\",\"@id\":\"https:\/\/www.pressenza.com\/es\/#organization\",\"name\":\"Pressenza\",\"url\":\"https:\/\/www.pressenza.com\/es\/\",\"logo\":{\"@type\":\"ImageObject\",\"inLanguage\":\"es\",\"@id\":\"https:\/\/www.pressenza.com\/es\/#\/schema\/logo\/image\/\",\"url\":\"https:\/\/www.pressenza.com\/wp-content\/uploads\/2022\/10\/pressenza_logo_200x200.jpg\",\"contentUrl\":\"https:\/\/www.pressenza.com\/wp-content\/uploads\/2022\/10\/pressenza_logo_200x200.jpg\",\"width\":200,\"height\":200,\"caption\":\"Pressenza\"},\"image\":{\"@id\":\"https:\/\/www.pressenza.com\/es\/#\/schema\/logo\/image\/\"},\"sameAs\":[\"https:\/\/www.facebook.com\/PressenzaItalia\",\"https:\/\/x.com\/PressenzaIPA\"]},{\"@type\":\"Person\",\"@id\":\"https:\/\/www.pressenza.com\/es\/#\/schema\/person\/010e5d02bcf40965427a1289a4cc8d75\",\"name\":\"Pressenza IPA\",\"description\":\"News from Pressenza IPA correspondents\",\"sameAs\":[\"https:\/\/www.facebook.com\/pressenza\",\"https:\/\/x.com\/PressenzaIPA\"],\"url\":\"https:\/\/www.pressenza.com\/es\/author\/pressenza-ipa\/\"}]}<\/script>\n<!-- \/ Yoast SEO plugin. -->","yoast_head_json":{"title":"Argentina se prepara para reglamentar la nueva ley de medios audiovisuales","description":"La presidenta Cristina Fern\u00e1ndez de Kirchner promulg\u00f3 la norma, que fue publicada en el Bolet\u00edn Oficial con fecha 10 de octubre de 2009. Le nueva ley puede permitir contrarrestar la violencia econ\u00f3mica y psicol\u00f3gica producida por la existencia de fuertes monopolios medi\u00e1ticos en Argentina, al garantizar la igualdad de acceso a los medios para organizaciones sin fines de lucro.","robots":{"index":"index","follow":"follow","max-snippet":"max-snippet:-1","max-image-preview":"max-image-preview:large","max-video-preview":"max-video-preview:-1"},"canonical":"https:\/\/www.pressenza.com\/es\/2009\/10\/argentina-se-prepara-para-reglamentar-la-nueva-ley-de-medios-audiovisuales\/","og_locale":"es_ES","og_type":"article","og_title":"Argentina se prepara para reglamentar la nueva ley de medios audiovisuales","og_description":"La presidenta Cristina Fern\u00e1ndez de Kirchner promulg\u00f3 la norma, que fue publicada en el Bolet\u00edn Oficial con fecha 10 de octubre de 2009. Le nueva ley puede permitir contrarrestar la violencia econ\u00f3mica y psicol\u00f3gica producida por la existencia de fuertes monopolios medi\u00e1ticos en Argentina, al garantizar la igualdad de acceso a los medios para organizaciones sin fines de lucro.","og_url":"https:\/\/www.pressenza.com\/es\/2009\/10\/argentina-se-prepara-para-reglamentar-la-nueva-ley-de-medios-audiovisuales\/","og_site_name":"Pressenza","article_publisher":"https:\/\/www.facebook.com\/PressenzaItalia","article_author":"https:\/\/www.facebook.com\/pressenza","article_published_time":"2009-10-14T00:00:00+00:00","article_modified_time":"2009-10-14T11:59:19+00:00","author":"Pressenza IPA","twitter_card":"summary_large_image","twitter_creator":"@PressenzaIPA","twitter_site":"@PressenzaIPA","twitter_misc":{"Escrito por":"Pressenza IPA","Tiempo de lectura":"3 minutos"},"schema":{"@context":"https:\/\/schema.org","@graph":[{"@type":"Article","@id":"https:\/\/www.pressenza.com\/es\/2009\/10\/argentina-se-prepara-para-reglamentar-la-nueva-ley-de-medios-audiovisuales\/#article","isPartOf":{"@id":"https:\/\/www.pressenza.com\/es\/2009\/10\/argentina-se-prepara-para-reglamentar-la-nueva-ley-de-medios-audiovisuales\/"},"author":{"name":"Pressenza IPA","@id":"https:\/\/www.pressenza.com\/es\/#\/schema\/person\/010e5d02bcf40965427a1289a4cc8d75"},"headline":"Argentina se prepara para reglamentar la nueva ley de medios audiovisuales","datePublished":"2009-10-14T00:00:00+00:00","dateModified":"2009-10-14T11:59:19+00:00","mainEntityOfPage":{"@id":"https:\/\/www.pressenza.com\/es\/2009\/10\/argentina-se-prepara-para-reglamentar-la-nueva-ley-de-medios-audiovisuales\/"},"wordCount":576,"publisher":{"@id":"https:\/\/www.pressenza.com\/es\/#organization"},"articleSection":["Opiniones","Pol\u00edtica","Sudam\u00e9rica"],"inLanguage":"es"},{"@type":"WebPage","@id":"https:\/\/www.pressenza.com\/es\/2009\/10\/argentina-se-prepara-para-reglamentar-la-nueva-ley-de-medios-audiovisuales\/","url":"https:\/\/www.pressenza.com\/es\/2009\/10\/argentina-se-prepara-para-reglamentar-la-nueva-ley-de-medios-audiovisuales\/","name":"Argentina se prepara para reglamentar la nueva ley de medios audiovisuales","isPartOf":{"@id":"https:\/\/www.pressenza.com\/es\/#website"},"datePublished":"2009-10-14T00:00:00+00:00","dateModified":"2009-10-14T11:59:19+00:00","description":"La presidenta Cristina Fern\u00e1ndez de Kirchner promulg\u00f3 la norma, que fue publicada en el Bolet\u00edn Oficial con fecha 10 de octubre de 2009. Le nueva ley puede permitir contrarrestar la violencia econ\u00f3mica y psicol\u00f3gica producida por la existencia de fuertes monopolios medi\u00e1ticos en Argentina, al garantizar la igualdad de acceso a los medios para organizaciones sin fines de lucro.","breadcrumb":{"@id":"https:\/\/www.pressenza.com\/es\/2009\/10\/argentina-se-prepara-para-reglamentar-la-nueva-ley-de-medios-audiovisuales\/#breadcrumb"},"inLanguage":"es","potentialAction":[{"@type":"ReadAction","target":["https:\/\/www.pressenza.com\/es\/2009\/10\/argentina-se-prepara-para-reglamentar-la-nueva-ley-de-medios-audiovisuales\/"]}]},{"@type":"BreadcrumbList","@id":"https:\/\/www.pressenza.com\/es\/2009\/10\/argentina-se-prepara-para-reglamentar-la-nueva-ley-de-medios-audiovisuales\/#breadcrumb","itemListElement":[{"@type":"ListItem","position":1,"name":"Accueil","item":"https:\/\/www.pressenza.com\/es\/"},{"@type":"ListItem","position":2,"name":"Argentina se prepara para reglamentar la nueva ley de medios audiovisuales"}]},{"@type":"WebSite","@id":"https:\/\/www.pressenza.com\/es\/#website","url":"https:\/\/www.pressenza.com\/es\/","name":"Pressenza","description":"International Press Agency","publisher":{"@id":"https:\/\/www.pressenza.com\/es\/#organization"},"potentialAction":[{"@type":"SearchAction","target":{"@type":"EntryPoint","urlTemplate":"https:\/\/www.pressenza.com\/es\/?s={search_term_string}"},"query-input":{"@type":"PropertyValueSpecification","valueRequired":true,"valueName":"search_term_string"}}],"inLanguage":"es"},{"@type":"Organization","@id":"https:\/\/www.pressenza.com\/es\/#organization","name":"Pressenza","url":"https:\/\/www.pressenza.com\/es\/","logo":{"@type":"ImageObject","inLanguage":"es","@id":"https:\/\/www.pressenza.com\/es\/#\/schema\/logo\/image\/","url":"https:\/\/www.pressenza.com\/wp-content\/uploads\/2022\/10\/pressenza_logo_200x200.jpg","contentUrl":"https:\/\/www.pressenza.com\/wp-content\/uploads\/2022\/10\/pressenza_logo_200x200.jpg","width":200,"height":200,"caption":"Pressenza"},"image":{"@id":"https:\/\/www.pressenza.com\/es\/#\/schema\/logo\/image\/"},"sameAs":["https:\/\/www.facebook.com\/PressenzaItalia","https:\/\/x.com\/PressenzaIPA"]},{"@type":"Person","@id":"https:\/\/www.pressenza.com\/es\/#\/schema\/person\/010e5d02bcf40965427a1289a4cc8d75","name":"Pressenza IPA","description":"News from Pressenza IPA correspondents","sameAs":["https:\/\/www.facebook.com\/pressenza","https:\/\/x.com\/PressenzaIPA"],"url":"https:\/\/www.pressenza.com\/es\/author\/pressenza-ipa\/"}]}},"place":"Buenos Aires","original_article_url":"","_links":{"self":[{"href":"https:\/\/www.pressenza.com\/es\/wp-json\/wp\/v2\/posts\/1731","targetHints":{"allow":["GET"]}}],"collection":[{"href":"https:\/\/www.pressenza.com\/es\/wp-json\/wp\/v2\/posts"}],"about":[{"href":"https:\/\/www.pressenza.com\/es\/wp-json\/wp\/v2\/types\/post"}],"author":[{"embeddable":true,"href":"https:\/\/www.pressenza.com\/es\/wp-json\/wp\/v2\/users\/19"}],"replies":[{"embeddable":true,"href":"https:\/\/www.pressenza.com\/es\/wp-json\/wp\/v2\/comments?post=1731"}],"version-history":[{"count":0,"href":"https:\/\/www.pressenza.com\/es\/wp-json\/wp\/v2\/posts\/1731\/revisions"}],"wp:attachment":[{"href":"https:\/\/www.pressenza.com\/es\/wp-json\/wp\/v2\/media?parent=1731"}],"wp:term":[{"taxonomy":"category","embeddable":true,"href":"https:\/\/www.pressenza.com\/es\/wp-json\/wp\/v2\/categories?post=1731"},{"taxonomy":"post_tag","embeddable":true,"href":"https:\/\/www.pressenza.com\/es\/wp-json\/wp\/v2\/tags?post=1731"}],"curies":[{"name":"wp","href":"https:\/\/api.w.org\/{rel}","templated":true}]}}