{"id":1729442,"date":"2023-04-01T00:02:07","date_gmt":"2023-03-31T23:02:07","guid":{"rendered":"https:\/\/www.pressenza.com\/?p=1729442"},"modified":"2023-04-01T00:02:07","modified_gmt":"2023-03-31T23:02:07","slug":"apaguemos-la-guerra-y-encendamos-la-paz","status":"publish","type":"post","link":"https:\/\/www.pressenza.com\/es\/2023\/04\/apaguemos-la-guerra-y-encendamos-la-paz\/","title":{"rendered":"Apaguemos la Guerra y encendamos la Paz"},"content":{"rendered":"<p>La militancia humanista chilena, hace causa com\u00fan con el clamor de la sociedad civil europea y su llamado a la manifestaci\u00f3n noviolenta en contra de la guerra el pr\u00f3ximo 2 de abril de 2023.<\/p>\n<p>Venimos denunciando al liderazgo pol\u00edtico, de las potencias del primer mundo, como responsables de la violencia brutal de la guerra y la transgresi\u00f3n a los DDHH de la ciudadan\u00eda en distintos puntos del planeta. Son escandalosas las cifras de v\u00edctimas de asesinatos masivos de civiles, torturas, golpizas y encarcelamiento en recintos al margen de toda ley, sin que todo ello implique asumir alguna responsabilidad.<\/p>\n<p>Hemos dicho claramente que las gobernanzas de la Uni\u00f3n Europea, vienen imponiendo un modelo de sociedad por d\u00e9cadas. Hoy alertan sobre el crecimiento de partidos de ultraderecha, como en Italia, Suecia, Espa\u00f1a, en Polonia y la Hungr\u00eda de Orb\u00e1n, y dicen que el fen\u00f3meno tendr\u00eda su origen en el aumento de la inmigraci\u00f3n. Lo que no asumen, es que tal migraci\u00f3n viene de los pa\u00edses que han sido destruidos por la OTAN.<\/p>\n<p>Denunciamos al complejo militar industrial, los que se enriquecen sin piedad ni humanidad a costa de la sangre y las vidas de gente inocente en distintos lugares del planeta.<\/p>\n<p>En una direcci\u00f3n contraria a las formas del sistema antihumanista imperante, en Chile el Movimiento Humanista con todos sus organismos, incluido su \u00f3rgano pol\u00edtico Partido Humanista, ha intencionado desde sus or\u00edgenes \u201cHumanizar la Tierra\u201d, objetivo que implica resolver los grandes problemas humanos, tanto del individuo como de la sociedad. El Humanismo Universalista sostiene que, en todas las culturas, en su mejor momento de creatividad, la actitud humanista impregna el ambiente social.<\/p>\n<p>Dicha actitud no es una filosof\u00eda sino una perspectiva, una sensibilidad y un modo de vivir la relaci\u00f3n con los otros seres humanos. Nuestra doctrina social y nuestro compromiso de acci\u00f3n en el mundo tiene como principios basales la ubicaci\u00f3n del ser humano como valor y preocupaci\u00f3n central, afirmar la igualdad de todas las personas, reconocer la diversidad personal y cultural condenando toda discriminaci\u00f3n que se realice en raz\u00f3n de las diferencias econ\u00f3micas, sexuales, raciales, \u00e9tnicas y culturales, auspiciar el desarrollo del conocimiento por encima de las limitaciones impuestas al pensamiento por prejuicios aceptados como verdades absolutas o inmutables, afirmar la libertad de ideas y creencias y repudiar todas las formas de violencia f\u00edsica, econ\u00f3mica, racial, sexual, religiosa, moral y psicol\u00f3gica.<\/p>\n<p>Los humanistas del mundo estamos convocados a visibilizar todo atropello a la dignidad humana y a denunciar todo lo que vaya en direcci\u00f3n contraria a estos principios. En este a\u00f1o, particularmente sensible, dado la conmemoraci\u00f3n de los 50 a\u00f1os, de asesinatos de compatriotas durante la dictadura c\u00edvico militar chilena, nos colocamos en alerta frente a estos aberrantes procesos antihumanistas y convocamos a todas las personas de buen coraz\u00f3n a manifestarse levantando sus manos por la Paz y la No Violencia el domingo 2 de Abril a las 12 a.m. frente al Museo de Bellas Artes de Santiago de Chile; porque <em>la violencia se aprende y la no violencia tambi\u00e9n<\/em>.<\/p>\n<p>&nbsp;<\/p>\n<p>Redacci\u00f3n colaborativa de la militancia del Partido Humanista<\/p>\n","protected":false},"excerpt":{"rendered":"<p>La militancia humanista chilena, hace causa com\u00fan con el clamor de la sociedad civil europea y su llamado a la manifestaci\u00f3n noviolenta en contra de la guerra el pr\u00f3ximo 2 de abril de 2023. Venimos denunciando al liderazgo pol\u00edtico, de&hellip;<\/p>\n","protected":false},"author":386,"featured_media":1729443,"comment_status":"closed","ping_status":"closed","sticky":false,"template":"","format":"standard","meta":{"footnotes":""},"categories":[149,11389,39,1243],"tags":[110822,26299,418,419],"class_list":["post-1729442","post","type-post","status-publish","format-standard","has-post-thumbnail","hentry","category-comunicados-de-prensa","category-contenido-original","category-internacional","category-paz-desarme","tag-2-de-abril","tag-no-violencia","tag-partido-humanista","tag-paz"],"yoast_head":"<!-- This site is optimized with the Yoast SEO plugin v27.1.1 - https:\/\/yoast.com\/product\/yoast-seo-wordpress\/ -->\n<title>Apaguemos la Guerra y encendamos la Paz<\/title>\n<meta name=\"description\" content=\"La militancia humanista chilena, hace causa com\u00fan con el clamor de la sociedad civil europea y su llamado a la manifestaci\u00f3n noviolenta en contra de la\" \/>\n<meta name=\"robots\" content=\"index, follow, max-snippet:-1, max-image-preview:large, max-video-preview:-1\" \/>\n<link rel=\"canonical\" href=\"https:\/\/www.pressenza.com\/es\/2023\/04\/apaguemos-la-guerra-y-encendamos-la-paz\/\" \/>\n<meta property=\"og:locale\" content=\"es_ES\" \/>\n<meta property=\"og:type\" content=\"article\" \/>\n<meta property=\"og:title\" content=\"Apaguemos la Guerra y encendamos la Paz\" \/>\n<meta property=\"og:description\" content=\"La militancia humanista chilena, hace causa com\u00fan con el clamor de la sociedad civil europea y su llamado a la manifestaci\u00f3n noviolenta en contra de la\" \/>\n<meta property=\"og:url\" content=\"https:\/\/www.pressenza.com\/es\/2023\/04\/apaguemos-la-guerra-y-encendamos-la-paz\/\" \/>\n<meta property=\"og:site_name\" content=\"Pressenza\" \/>\n<meta property=\"article:publisher\" content=\"https:\/\/www.facebook.com\/PressenzaItalia\" \/>\n<meta property=\"article:author\" content=\"https:\/\/www.facebook.com\/PartidoHumanistaChile?fref=ts\" \/>\n<meta property=\"article:published_time\" content=\"2023-03-31T23:02:07+00:00\" \/>\n<meta property=\"og:image\" content=\"https:\/\/www.pressenza.com\/wp-content\/uploads\/2023\/04\/2-de-abril.jpg\" \/>\n\t<meta property=\"og:image:width\" content=\"800\" \/>\n\t<meta property=\"og:image:height\" content=\"763\" \/>\n\t<meta property=\"og:image:type\" content=\"image\/jpeg\" \/>\n<meta name=\"author\" content=\"Partido Humanista de Chile\" \/>\n<meta name=\"twitter:card\" content=\"summary_large_image\" \/>\n<meta name=\"twitter:creator\" content=\"@phumanista\" \/>\n<meta name=\"twitter:site\" content=\"@PressenzaIPA\" \/>\n<meta name=\"twitter:label1\" content=\"Escrito por\" \/>\n\t<meta name=\"twitter:data1\" content=\"Partido Humanista de Chile\" \/>\n\t<meta name=\"twitter:label2\" content=\"Tiempo de lectura\" \/>\n\t<meta name=\"twitter:data2\" content=\"3 minutos\" \/>\n<script type=\"application\/ld+json\" class=\"yoast-schema-graph\">{\"@context\":\"https:\/\/schema.org\",\"@graph\":[{\"@type\":\"Article\",\"@id\":\"https:\/\/www.pressenza.com\/es\/2023\/04\/apaguemos-la-guerra-y-encendamos-la-paz\/#article\",\"isPartOf\":{\"@id\":\"https:\/\/www.pressenza.com\/es\/2023\/04\/apaguemos-la-guerra-y-encendamos-la-paz\/\"},\"author\":{\"name\":\"Partido Humanista de Chile\",\"@id\":\"https:\/\/www.pressenza.com\/es\/#\/schema\/person\/21472c42980bab786ff5a256b8239bf5\"},\"headline\":\"Apaguemos la Guerra y encendamos la Paz\",\"datePublished\":\"2023-03-31T23:02:07+00:00\",\"mainEntityOfPage\":{\"@id\":\"https:\/\/www.pressenza.com\/es\/2023\/04\/apaguemos-la-guerra-y-encendamos-la-paz\/\"},\"wordCount\":551,\"publisher\":{\"@id\":\"https:\/\/www.pressenza.com\/es\/#organization\"},\"image\":{\"@id\":\"https:\/\/www.pressenza.com\/es\/2023\/04\/apaguemos-la-guerra-y-encendamos-la-paz\/#primaryimage\"},\"thumbnailUrl\":\"https:\/\/www.pressenza.com\/wp-content\/uploads\/2023\/04\/2-de-abril.jpg\",\"keywords\":[\"#2 de abril\",\"No violencia\",\"Partido Humanista\",\"Paz\"],\"articleSection\":[\"Comunicados de Prensa\",\"Contenido Original\",\"Internacional\",\"Paz y Desarme\"],\"inLanguage\":\"es\"},{\"@type\":\"WebPage\",\"@id\":\"https:\/\/www.pressenza.com\/es\/2023\/04\/apaguemos-la-guerra-y-encendamos-la-paz\/\",\"url\":\"https:\/\/www.pressenza.com\/es\/2023\/04\/apaguemos-la-guerra-y-encendamos-la-paz\/\",\"name\":\"Apaguemos la Guerra y encendamos la Paz\",\"isPartOf\":{\"@id\":\"https:\/\/www.pressenza.com\/es\/#website\"},\"primaryImageOfPage\":{\"@id\":\"https:\/\/www.pressenza.com\/es\/2023\/04\/apaguemos-la-guerra-y-encendamos-la-paz\/#primaryimage\"},\"image\":{\"@id\":\"https:\/\/www.pressenza.com\/es\/2023\/04\/apaguemos-la-guerra-y-encendamos-la-paz\/#primaryimage\"},\"thumbnailUrl\":\"https:\/\/www.pressenza.com\/wp-content\/uploads\/2023\/04\/2-de-abril.jpg\",\"datePublished\":\"2023-03-31T23:02:07+00:00\",\"description\":\"La militancia humanista chilena, hace causa com\u00fan con el clamor de la sociedad civil europea y su llamado a la manifestaci\u00f3n noviolenta en contra de la\",\"breadcrumb\":{\"@id\":\"https:\/\/www.pressenza.com\/es\/2023\/04\/apaguemos-la-guerra-y-encendamos-la-paz\/#breadcrumb\"},\"inLanguage\":\"es\",\"potentialAction\":[{\"@type\":\"ReadAction\",\"target\":[\"https:\/\/www.pressenza.com\/es\/2023\/04\/apaguemos-la-guerra-y-encendamos-la-paz\/\"]}]},{\"@type\":\"ImageObject\",\"inLanguage\":\"es\",\"@id\":\"https:\/\/www.pressenza.com\/es\/2023\/04\/apaguemos-la-guerra-y-encendamos-la-paz\/#primaryimage\",\"url\":\"https:\/\/www.pressenza.com\/wp-content\/uploads\/2023\/04\/2-de-abril.jpg\",\"contentUrl\":\"https:\/\/www.pressenza.com\/wp-content\/uploads\/2023\/04\/2-de-abril.jpg\",\"width\":800,\"height\":763},{\"@type\":\"BreadcrumbList\",\"@id\":\"https:\/\/www.pressenza.com\/es\/2023\/04\/apaguemos-la-guerra-y-encendamos-la-paz\/#breadcrumb\",\"itemListElement\":[{\"@type\":\"ListItem\",\"position\":1,\"name\":\"Accueil\",\"item\":\"https:\/\/www.pressenza.com\/es\/\"},{\"@type\":\"ListItem\",\"position\":2,\"name\":\"Apaguemos la Guerra y encendamos la Paz\"}]},{\"@type\":\"WebSite\",\"@id\":\"https:\/\/www.pressenza.com\/es\/#website\",\"url\":\"https:\/\/www.pressenza.com\/es\/\",\"name\":\"Pressenza\",\"description\":\"International Press Agency\",\"publisher\":{\"@id\":\"https:\/\/www.pressenza.com\/es\/#organization\"},\"potentialAction\":[{\"@type\":\"SearchAction\",\"target\":{\"@type\":\"EntryPoint\",\"urlTemplate\":\"https:\/\/www.pressenza.com\/es\/?s={search_term_string}\"},\"query-input\":{\"@type\":\"PropertyValueSpecification\",\"valueRequired\":true,\"valueName\":\"search_term_string\"}}],\"inLanguage\":\"es\"},{\"@type\":\"Organization\",\"@id\":\"https:\/\/www.pressenza.com\/es\/#organization\",\"name\":\"Pressenza\",\"url\":\"https:\/\/www.pressenza.com\/es\/\",\"logo\":{\"@type\":\"ImageObject\",\"inLanguage\":\"es\",\"@id\":\"https:\/\/www.pressenza.com\/es\/#\/schema\/logo\/image\/\",\"url\":\"https:\/\/www.pressenza.com\/wp-content\/uploads\/2022\/10\/pressenza_logo_200x200.jpg\",\"contentUrl\":\"https:\/\/www.pressenza.com\/wp-content\/uploads\/2022\/10\/pressenza_logo_200x200.jpg\",\"width\":200,\"height\":200,\"caption\":\"Pressenza\"},\"image\":{\"@id\":\"https:\/\/www.pressenza.com\/es\/#\/schema\/logo\/image\/\"},\"sameAs\":[\"https:\/\/www.facebook.com\/PressenzaItalia\",\"https:\/\/x.com\/PressenzaIPA\"]},{\"@type\":\"Person\",\"@id\":\"https:\/\/www.pressenza.com\/es\/#\/schema\/person\/21472c42980bab786ff5a256b8239bf5\",\"name\":\"Partido Humanista de Chile\",\"description\":\"www.partidohumanista.cl\",\"sameAs\":[\"https:\/\/www.facebook.com\/PartidoHumanistaChile?fref=ts\",\"https:\/\/x.com\/phumanista\"],\"url\":\"https:\/\/www.pressenza.com\/es\/author\/partido-humanista-de-chile\/\"}]}<\/script>\n<!-- \/ Yoast SEO plugin. -->","yoast_head_json":{"title":"Apaguemos la Guerra y encendamos la Paz","description":"La militancia humanista chilena, hace causa com\u00fan con el clamor de la sociedad civil europea y su llamado a la manifestaci\u00f3n noviolenta en contra de la","robots":{"index":"index","follow":"follow","max-snippet":"max-snippet:-1","max-image-preview":"max-image-preview:large","max-video-preview":"max-video-preview:-1"},"canonical":"https:\/\/www.pressenza.com\/es\/2023\/04\/apaguemos-la-guerra-y-encendamos-la-paz\/","og_locale":"es_ES","og_type":"article","og_title":"Apaguemos la Guerra y encendamos la Paz","og_description":"La militancia humanista chilena, hace causa com\u00fan con el clamor de la sociedad civil europea y su llamado a la manifestaci\u00f3n noviolenta en contra de la","og_url":"https:\/\/www.pressenza.com\/es\/2023\/04\/apaguemos-la-guerra-y-encendamos-la-paz\/","og_site_name":"Pressenza","article_publisher":"https:\/\/www.facebook.com\/PressenzaItalia","article_author":"https:\/\/www.facebook.com\/PartidoHumanistaChile?fref=ts","article_published_time":"2023-03-31T23:02:07+00:00","og_image":[{"width":800,"height":763,"url":"https:\/\/www.pressenza.com\/wp-content\/uploads\/2023\/04\/2-de-abril.jpg","type":"image\/jpeg"}],"author":"Partido Humanista de Chile","twitter_card":"summary_large_image","twitter_creator":"@phumanista","twitter_site":"@PressenzaIPA","twitter_misc":{"Escrito por":"Partido Humanista de Chile","Tiempo de lectura":"3 minutos"},"schema":{"@context":"https:\/\/schema.org","@graph":[{"@type":"Article","@id":"https:\/\/www.pressenza.com\/es\/2023\/04\/apaguemos-la-guerra-y-encendamos-la-paz\/#article","isPartOf":{"@id":"https:\/\/www.pressenza.com\/es\/2023\/04\/apaguemos-la-guerra-y-encendamos-la-paz\/"},"author":{"name":"Partido Humanista de Chile","@id":"https:\/\/www.pressenza.com\/es\/#\/schema\/person\/21472c42980bab786ff5a256b8239bf5"},"headline":"Apaguemos la Guerra y encendamos la Paz","datePublished":"2023-03-31T23:02:07+00:00","mainEntityOfPage":{"@id":"https:\/\/www.pressenza.com\/es\/2023\/04\/apaguemos-la-guerra-y-encendamos-la-paz\/"},"wordCount":551,"publisher":{"@id":"https:\/\/www.pressenza.com\/es\/#organization"},"image":{"@id":"https:\/\/www.pressenza.com\/es\/2023\/04\/apaguemos-la-guerra-y-encendamos-la-paz\/#primaryimage"},"thumbnailUrl":"https:\/\/www.pressenza.com\/wp-content\/uploads\/2023\/04\/2-de-abril.jpg","keywords":["#2 de abril","No violencia","Partido Humanista","Paz"],"articleSection":["Comunicados de Prensa","Contenido Original","Internacional","Paz y Desarme"],"inLanguage":"es"},{"@type":"WebPage","@id":"https:\/\/www.pressenza.com\/es\/2023\/04\/apaguemos-la-guerra-y-encendamos-la-paz\/","url":"https:\/\/www.pressenza.com\/es\/2023\/04\/apaguemos-la-guerra-y-encendamos-la-paz\/","name":"Apaguemos la Guerra y encendamos la Paz","isPartOf":{"@id":"https:\/\/www.pressenza.com\/es\/#website"},"primaryImageOfPage":{"@id":"https:\/\/www.pressenza.com\/es\/2023\/04\/apaguemos-la-guerra-y-encendamos-la-paz\/#primaryimage"},"image":{"@id":"https:\/\/www.pressenza.com\/es\/2023\/04\/apaguemos-la-guerra-y-encendamos-la-paz\/#primaryimage"},"thumbnailUrl":"https:\/\/www.pressenza.com\/wp-content\/uploads\/2023\/04\/2-de-abril.jpg","datePublished":"2023-03-31T23:02:07+00:00","description":"La militancia humanista chilena, hace causa com\u00fan con el clamor de la sociedad civil europea y su llamado a la manifestaci\u00f3n noviolenta en contra de la","breadcrumb":{"@id":"https:\/\/www.pressenza.com\/es\/2023\/04\/apaguemos-la-guerra-y-encendamos-la-paz\/#breadcrumb"},"inLanguage":"es","potentialAction":[{"@type":"ReadAction","target":["https:\/\/www.pressenza.com\/es\/2023\/04\/apaguemos-la-guerra-y-encendamos-la-paz\/"]}]},{"@type":"ImageObject","inLanguage":"es","@id":"https:\/\/www.pressenza.com\/es\/2023\/04\/apaguemos-la-guerra-y-encendamos-la-paz\/#primaryimage","url":"https:\/\/www.pressenza.com\/wp-content\/uploads\/2023\/04\/2-de-abril.jpg","contentUrl":"https:\/\/www.pressenza.com\/wp-content\/uploads\/2023\/04\/2-de-abril.jpg","width":800,"height":763},{"@type":"BreadcrumbList","@id":"https:\/\/www.pressenza.com\/es\/2023\/04\/apaguemos-la-guerra-y-encendamos-la-paz\/#breadcrumb","itemListElement":[{"@type":"ListItem","position":1,"name":"Accueil","item":"https:\/\/www.pressenza.com\/es\/"},{"@type":"ListItem","position":2,"name":"Apaguemos la Guerra y encendamos la Paz"}]},{"@type":"WebSite","@id":"https:\/\/www.pressenza.com\/es\/#website","url":"https:\/\/www.pressenza.com\/es\/","name":"Pressenza","description":"International Press Agency","publisher":{"@id":"https:\/\/www.pressenza.com\/es\/#organization"},"potentialAction":[{"@type":"SearchAction","target":{"@type":"EntryPoint","urlTemplate":"https:\/\/www.pressenza.com\/es\/?s={search_term_string}"},"query-input":{"@type":"PropertyValueSpecification","valueRequired":true,"valueName":"search_term_string"}}],"inLanguage":"es"},{"@type":"Organization","@id":"https:\/\/www.pressenza.com\/es\/#organization","name":"Pressenza","url":"https:\/\/www.pressenza.com\/es\/","logo":{"@type":"ImageObject","inLanguage":"es","@id":"https:\/\/www.pressenza.com\/es\/#\/schema\/logo\/image\/","url":"https:\/\/www.pressenza.com\/wp-content\/uploads\/2022\/10\/pressenza_logo_200x200.jpg","contentUrl":"https:\/\/www.pressenza.com\/wp-content\/uploads\/2022\/10\/pressenza_logo_200x200.jpg","width":200,"height":200,"caption":"Pressenza"},"image":{"@id":"https:\/\/www.pressenza.com\/es\/#\/schema\/logo\/image\/"},"sameAs":["https:\/\/www.facebook.com\/PressenzaItalia","https:\/\/x.com\/PressenzaIPA"]},{"@type":"Person","@id":"https:\/\/www.pressenza.com\/es\/#\/schema\/person\/21472c42980bab786ff5a256b8239bf5","name":"Partido Humanista de Chile","description":"www.partidohumanista.cl","sameAs":["https:\/\/www.facebook.com\/PartidoHumanistaChile?fref=ts","https:\/\/x.com\/phumanista"],"url":"https:\/\/www.pressenza.com\/es\/author\/partido-humanista-de-chile\/"}]}},"place":"Santiago de Chile","original_article_url":"","_links":{"self":[{"href":"https:\/\/www.pressenza.com\/es\/wp-json\/wp\/v2\/posts\/1729442","targetHints":{"allow":["GET"]}}],"collection":[{"href":"https:\/\/www.pressenza.com\/es\/wp-json\/wp\/v2\/posts"}],"about":[{"href":"https:\/\/www.pressenza.com\/es\/wp-json\/wp\/v2\/types\/post"}],"author":[{"embeddable":true,"href":"https:\/\/www.pressenza.com\/es\/wp-json\/wp\/v2\/users\/386"}],"replies":[{"embeddable":true,"href":"https:\/\/www.pressenza.com\/es\/wp-json\/wp\/v2\/comments?post=1729442"}],"version-history":[{"count":0,"href":"https:\/\/www.pressenza.com\/es\/wp-json\/wp\/v2\/posts\/1729442\/revisions"}],"wp:featuredmedia":[{"embeddable":true,"href":"https:\/\/www.pressenza.com\/es\/wp-json\/wp\/v2\/media\/1729443"}],"wp:attachment":[{"href":"https:\/\/www.pressenza.com\/es\/wp-json\/wp\/v2\/media?parent=1729442"}],"wp:term":[{"taxonomy":"category","embeddable":true,"href":"https:\/\/www.pressenza.com\/es\/wp-json\/wp\/v2\/categories?post=1729442"},{"taxonomy":"post_tag","embeddable":true,"href":"https:\/\/www.pressenza.com\/es\/wp-json\/wp\/v2\/tags?post=1729442"}],"curies":[{"name":"wp","href":"https:\/\/api.w.org\/{rel}","templated":true}]}}