{"id":1729438,"date":"2023-03-31T23:13:51","date_gmt":"2023-03-31T22:13:51","guid":{"rendered":"https:\/\/www.pressenza.com\/?p=1729438"},"modified":"2023-03-31T23:17:57","modified_gmt":"2023-03-31T22:17:57","slug":"la-expulsion-de-los-judios-el-31-de-marzo-de-1492-una-fecha-historica-olvidada","status":"publish","type":"post","link":"https:\/\/www.pressenza.com\/es\/2023\/03\/la-expulsion-de-los-judios-el-31-de-marzo-de-1492-una-fecha-historica-olvidada\/","title":{"rendered":"La expulsi\u00f3n de los jud\u00edos el 31 de marzo de 1492: una fecha hist\u00f3rica\u00a0olvidada"},"content":{"rendered":"<p>por <a href=\"https:\/\/theconversation.com\/profiles\/cristobal-jose-alvarez-lopez-1213334\">Crist\u00f3bal Jos\u00e9 \u00c1lvarez L\u00f3pez<\/a>, <em><a href=\"https:\/\/theconversation.com\/institutions\/universidad-pablo-de-olavide-1362\">Universidad Pablo de Olavide<\/a><\/em><\/p>\n<p>El 31 de marzo de 1492 los Reyes Cat\u00f3licos firmaron en Granada la expulsi\u00f3n de los jud\u00edos. Seg\u00fan el texto de los edictos \u2013hubo varias <a href=\"https:\/\/dialnet.unirioja.es\/descarga\/articulo\/1356206.pdf\">versiones<\/a> y m\u00faltiples copias\u2013, el pueblo jud\u00edo ten\u00eda hasta finales del mes de julio de ese mismo a\u00f1o para abandonar los territorios de las coronas de Castilla y de Arag\u00f3n.<\/p>\n<blockquote><p><em>\u201cPor ende Nos, con consejo y parecer de algunos prelados y grandes y cavalleros de nuestros reynos y de otras personas de sciencia y consciencia de nuestro Consejo, haviendo havido sobrello mucha deliberacion, acordamos de mandar salir todos los dichos judios y judias de nuestros reynos, y que jamas tornen ni vuelvan a ellos nin a alguno dellos; e sobrello mandamos dar esta nuestra carta, por la qual mandamos a todos los judios y judias de qualquier edat que sean (\u2026) que fasta en fin del mes de julio primero que viene (\u2026) salgan todos de los dichos nuestros reynos y se\u00f1orios\u201d.<\/em><\/p><\/blockquote>\n<figure class=\"align-right zoomable\"><a href=\"https:\/\/images.theconversation.com\/files\/392219\/original\/file-20210329-15-sy6owj.jpeg?ixlib=rb-1.1.0&amp;q=45&amp;auto=format&amp;w=1000&amp;fit=clip\"><img decoding=\"async\" src=\"https:\/\/images.theconversation.com\/files\/392219\/original\/file-20210329-15-sy6owj.jpeg?ixlib=rb-1.1.0&amp;q=45&amp;auto=format&amp;w=237&amp;fit=clip\" sizes=\"(min-width: 1466px) 754px, (max-width: 599px) 100vw, (min-width: 600px) 600px, 237px\" srcset=\"https:\/\/images.theconversation.com\/files\/392219\/original\/file-20210329-15-sy6owj.jpeg?ixlib=rb-1.1.0&amp;q=45&amp;auto=format&amp;w=600&amp;h=838&amp;fit=crop&amp;dpr=1 600w, https:\/\/images.theconversation.com\/files\/392219\/original\/file-20210329-15-sy6owj.jpeg?ixlib=rb-1.1.0&amp;q=30&amp;auto=format&amp;w=600&amp;h=838&amp;fit=crop&amp;dpr=2 1200w, https:\/\/images.theconversation.com\/files\/392219\/original\/file-20210329-15-sy6owj.jpeg?ixlib=rb-1.1.0&amp;q=15&amp;auto=format&amp;w=600&amp;h=838&amp;fit=crop&amp;dpr=3 1800w, https:\/\/images.theconversation.com\/files\/392219\/original\/file-20210329-15-sy6owj.jpeg?ixlib=rb-1.1.0&amp;q=45&amp;auto=format&amp;w=754&amp;h=1053&amp;fit=crop&amp;dpr=1 754w, https:\/\/images.theconversation.com\/files\/392219\/original\/file-20210329-15-sy6owj.jpeg?ixlib=rb-1.1.0&amp;q=30&amp;auto=format&amp;w=754&amp;h=1053&amp;fit=crop&amp;dpr=2 1508w, https:\/\/images.theconversation.com\/files\/392219\/original\/file-20210329-15-sy6owj.jpeg?ixlib=rb-1.1.0&amp;q=15&amp;auto=format&amp;w=754&amp;h=1053&amp;fit=crop&amp;dpr=3 2262w\" alt=\"\" \/><\/a><figcaption><span class=\"caption\">Copia sellada del Edicto de Granada promulgado en la Alhambra el 31 de marzo de 1492 por Fernando II de Arag\u00f3n e Isabel I de Castilla, seg\u00fan el cual se expulsaba a los jud\u00edos de la Corona de Castilla y de la Corona de Arag\u00f3n. <\/span><span class=\"attribution\"><a class=\"source\" href=\"https:\/\/commons.wikimedia.org\/wiki\/File:Alhambra_Decree.jpg\">Wikimedia Commons<\/a><\/span><\/figcaption><\/figure>\n<p>Los Reyes Cat\u00f3licos, buscando la unidad religiosa de sus dominios, segu\u00edan la estela de otras potencias europeas que tambi\u00e9n hab\u00edan expulsado a los jud\u00edos con anterioridad, como era el caso de Inglaterra en 1209 o Francia en 1306.<\/p>\n<p><strong>El antijuda\u00edsmo en la pen\u00ednsula ib\u00e9rica<\/strong><\/p>\n<p>Pero el movimiento antijud\u00edo no era nuevo en la Pen\u00ednsula. En junio de 1391, el arcediano de \u00c9cija, Ferr\u00e1n Mart\u00ednez, hab\u00eda promovido el <a href=\"https:\/\/sevilla.abc.es\/sevilla\/sevi-matanza-juderia-sevilla-201909210818_noticia.html\">asalto a la juder\u00eda de Sevilla<\/a>. En los meses siguientes, la misma suerte corrieron otras comunidades jud\u00edas, como las de C\u00f3rdoba, Ja\u00e9n, Valencia, Toledo o Barcelona. Miles de jud\u00edos tuvieron que elegir entre la conversi\u00f3n o la muerte.<\/p>\n<p>Estas conversiones suscitaron durante todo el siglo XV un gran recelo por el ascenso social de los nuevos cristianos. Muchos de ellos fueron acusados de judaizar en secreto y de ah\u00ed surge la instauraci\u00f3n de la <a href=\"https:\/\/es.wikipedia.org\/wiki\/Inquisici%C3%B3n_espa%C3%B1ola\">Inquisici\u00f3n<\/a> en 1478. Aun as\u00ed, los Reyes Cat\u00f3licos estimaban que la presencia jud\u00eda era una mala influencia para los conversos, por eso decretaron la expulsi\u00f3n.<\/p>\n<p><strong>La di\u00e1spora sefard\u00ed<\/strong><\/p>\n<p>En torno a cien mil jud\u00edos se dispersaron por el norte de \u00c1frica, los Pa\u00edses Bajos, Italia y, en especial, el Imperio otomano. All\u00ed fueron muy bien recibidos por el sult\u00e1n <a href=\"https:\/\/es.wikipedia.org\/wiki\/Bayezid_II\">Bayaceto II<\/a>, cuyo imperio estaba en plena expansi\u00f3n. La poblaci\u00f3n jud\u00eda \u2013ducha en el comercio, la incipiente industria, la artesan\u00eda, las ciencias, la medicina, etc.\u2013 supuso un revulsivo para la consolidaci\u00f3n del Imperio otomano. Se cuenta que el propio Bayaceto II <a href=\"https:\/\/books.google.es\/books?id=kPqCfydAmOkC&amp;pg=PA23&amp;lpg=PA23&amp;dq=%22llam%C3%A1is+a+fernando%22&amp;source=bl&amp;ots=GtDavrK8ZF&amp;sig=ACfU3U1uw78H1-fqLt9bQ3A7pzIKT9HBjw&amp;hl=es&amp;sa=X&amp;ved=2ahUKEwiDmJ3XmdXvAhVJQEEAHRd4CloQ6AEwAHoECAQQAw#v=onepage&amp;q=%22llam%C3%A1is%20a%20fernando%22&amp;f=false\">se burlaba<\/a> de la falta de ingenio de Fernando el Cat\u00f3lico, que hab\u00eda empobrecido su reino al expulsar a un grupo social de tanto provecho.<\/p>\n<p>El destacado papel de los sefard\u00edes en el Imperio otomano qued\u00f3 reflejado en la <a href=\"http:\/\/bdh-rd.bne.es\/viewer.vm?id=0000137319&amp;page=1\"><em>Historia Pontificial y Catholica<\/em><\/a>, de <a href=\"https:\/\/es.wikipedia.org\/wiki\/Gonzalo_de_Illescas\">Gonzalo de Illescas<\/a>:<\/p>\n<blockquote><p><em>\u201cLleuaron de aca nuestra lengua, y toda via la guardan, y vsan della de buena gana, y es cierto que en las ciudades de Salonique, Constantinopla, Alexandria, y en el Cayro, y en otras ciudades de contrataci\u00f3n, y en Venecia, no compran, ni venden, ni negocian, en otra lengua sino en Espa\u00f1ol. Y yo conosci en Venecia Iudios de Salonique hartos, que hablauan Castellano, con ser bien mo\u00e7os, tambien y mejor que yo\u201d.<\/em><\/p><\/blockquote>\n<p>Seg\u00fan esta cr\u00f3nica, a comienzos del siglo XVII el espa\u00f1ol serv\u00eda como lengua franca del comercio mediterr\u00e1neo. Por paradojas de la historia, 1492 se recuerda como el a\u00f1o del \u201cdescubrimiento\u201d de Am\u00e9rica, pero cay\u00f3 en el olvido colectivo que tambi\u00e9n fue el a\u00f1o de la expulsi\u00f3n de los jud\u00edos. Al mismo tiempo que la lengua espa\u00f1ola viajaba a Occidente en las carabelas de Col\u00f3n, tambi\u00e9n hubo un viaje clandestino menos conocido en nuestra historia: los jud\u00edos llevaron nuestra lengua a Oriente y la continuaron empleando y transmitiendo en las florecientes comunidades sefard\u00edes del Imperio otomano.<\/p>\n<figure class=\"align-center zoomable\"><a href=\"https:\/\/images.theconversation.com\/files\/392225\/original\/file-20210329-23-119kp17.jpeg?ixlib=rb-1.1.0&amp;q=45&amp;auto=format&amp;w=1000&amp;fit=clip\"><img decoding=\"async\" src=\"https:\/\/images.theconversation.com\/files\/392225\/original\/file-20210329-23-119kp17.jpeg?ixlib=rb-1.1.0&amp;q=45&amp;auto=format&amp;w=754&amp;fit=clip\" sizes=\"(min-width: 1466px) 754px, (max-width: 599px) 100vw, (min-width: 600px) 600px, 237px\" srcset=\"https:\/\/images.theconversation.com\/files\/392225\/original\/file-20210329-23-119kp17.jpeg?ixlib=rb-1.1.0&amp;q=45&amp;auto=format&amp;w=600&amp;h=414&amp;fit=crop&amp;dpr=1 600w, https:\/\/images.theconversation.com\/files\/392225\/original\/file-20210329-23-119kp17.jpeg?ixlib=rb-1.1.0&amp;q=30&amp;auto=format&amp;w=600&amp;h=414&amp;fit=crop&amp;dpr=2 1200w, https:\/\/images.theconversation.com\/files\/392225\/original\/file-20210329-23-119kp17.jpeg?ixlib=rb-1.1.0&amp;q=15&amp;auto=format&amp;w=600&amp;h=414&amp;fit=crop&amp;dpr=3 1800w, https:\/\/images.theconversation.com\/files\/392225\/original\/file-20210329-23-119kp17.jpeg?ixlib=rb-1.1.0&amp;q=45&amp;auto=format&amp;w=754&amp;h=520&amp;fit=crop&amp;dpr=1 754w, https:\/\/images.theconversation.com\/files\/392225\/original\/file-20210329-23-119kp17.jpeg?ixlib=rb-1.1.0&amp;q=30&amp;auto=format&amp;w=754&amp;h=520&amp;fit=crop&amp;dpr=2 1508w, https:\/\/images.theconversation.com\/files\/392225\/original\/file-20210329-23-119kp17.jpeg?ixlib=rb-1.1.0&amp;q=15&amp;auto=format&amp;w=754&amp;h=520&amp;fit=crop&amp;dpr=3 2262w\" alt=\"\" \/><\/a><figcaption><span class=\"caption\">Migraciones y asentamientos de las comunidades jud\u00edas espa\u00f1olas. En rojo durante los siglos XV y XVI, y en negro durante los siglos XVII y XVIII.<\/span><br \/>\n<span class=\"attribution\"><a class=\"source\" href=\"http:\/\/michel.azaria.free.fr\/History.htm\">\u00abYiddish and Judeo-Spanish, a European Heritage\u00bb por Prof. Ha\u00efm-Vidal Sephiha, Universit\u00e9 Paris Sorbonne Nouvelle.<\/a><\/span><\/figcaption><\/figure>\n<p><strong>La expulsi\u00f3n olvidada<\/strong><\/p>\n<p>Salvo casos aislados, como Illescas, durante varios siglos apenas hubo referencias a la expulsi\u00f3n de los jud\u00edos. En 1860, con la <a href=\"https:\/\/es.wikipedia.org\/wiki\/Batalla_de_Tetu%C3%A1n\">toma de Tetu\u00e1n<\/a> por parte del <a href=\"https:\/\/es.wikipedia.org\/wiki\/Leopoldo_O%27Donnell\">general O\u2019Donnell<\/a>, se dio un primer contacto con las juder\u00edas marroqu\u00edes. Pero habr\u00e1 que esperar hasta comienzos del siglo XX para que la opini\u00f3n p\u00fablica espa\u00f1ola conociera la existencia de las comunidades sefard\u00edes de Oriente.<\/p>\n<p>El senador <a href=\"https:\/\/es.wikipedia.org\/wiki\/%C3%81ngel_Pulido_Fern%C3%A1ndez\">\u00c1ngel Pulido Fern\u00e1ndez<\/a>, por azar, entr\u00f3 en contacto con los sefard\u00edes en uno de sus viajes. A partir de ah\u00ed, comenz\u00f3 una campa\u00f1a filosefard\u00ed en la prensa nacional. Se pon\u00eda el foco de atenci\u00f3n en esos \u201cespa\u00f1oles sin patria\u201d que hab\u00edan sido injustamente desterrados. Pero esta campa\u00f1a no lleg\u00f3 a tener el respaldo social deseado y se qued\u00f3 en buenas intenciones por parte de unos pocos idealistas.<\/p>\n<p><strong>La nacionalidad espa\u00f1ola para los sefard\u00edes<\/strong><\/p>\n<p>La restituci\u00f3n de la deuda hist\u00f3rica con el pueblo jud\u00edo es reciente. Con la promulgaci\u00f3n de la <a href=\"https:\/\/www.boe.es\/eli\/es\/l\/2015\/06\/24\/12\">\u201cLey 12\/2015, de 24 de junio, en materia de concesi\u00f3n de la nacionalidad espa\u00f1ola a los sefard\u00edes originarios de Espa\u00f1a\u201d<\/a>, los jud\u00edos descendientes de los expulsados en 1492 tienen la posibilidad de que se les reconozca su origen espa\u00f1ol. Pero los <a href=\"https:\/\/elpais.com\/politica\/2018\/11\/17\/actualidad\/1542476664_339040.html\">tr\u00e1mites son complicados y costosos<\/a>, de ah\u00ed que no sea f\u00e1cil obtener la nacionalidad. La ley tiene m\u00e1s valor simb\u00f3lico que pr\u00e1ctico.<\/p>\n<p>A pesar de todo, la expulsi\u00f3n de los jud\u00edos sigue siendo un episodio poco conocido en la historia de Espa\u00f1a. El 31 de marzo debe ser un d\u00eda de recuerdo en el que conmemorar la expulsi\u00f3n de una parte importante de la poblaci\u00f3n espa\u00f1ola. As\u00ed, con la restituci\u00f3n de la memoria, podremos sumarnos a las palabras pronunciadas por el rey Felipe VI: <a href=\"https:\/\/www.efe.com\/efe\/espana\/portada\/el-rey-a-los-sefardies-retornados-cuanto-os-hemos-echado-de-menos\/10010-2777343\">\u201c\u00a1Cu\u00e1nto os hemos echado de menos!\u201d<\/a>.<!-- Below is The Conversation's page counter tag. Please DO NOT REMOVE. --><img loading=\"lazy\" decoding=\"async\" style=\"border: none !important; box-shadow: none !important; margin: 0 !important; max-height: 1px !important; max-width: 1px !important; min-height: 1px !important; min-width: 1px !important; opacity: 0 !important; outline: none !important; padding: 0 !important;\" src=\"https:\/\/counter.theconversation.com\/content\/157702\/count.gif?distributor=republish-lightbox-basic\" alt=\"The Conversation\" width=\"1\" height=\"1\" \/><!-- End of code. If you don't see any code above, please get new code from the Advanced tab after you click the republish button. The page counter does not collect any personal data. More info: https:\/\/theconversation.com\/republishing-guidelines --><\/p>\n<p>(*) <a href=\"https:\/\/theconversation.com\/profiles\/cristobal-jose-alvarez-lopez-1213334\">Crist\u00f3bal Jos\u00e9 \u00c1lvarez L\u00f3pez<\/a>, Profesor de lengua espa\u00f1ola, <em><a href=\"https:\/\/theconversation.com\/institutions\/universidad-pablo-de-olavide-1362\">Universidad Pablo de Olavide<\/a><\/em><\/p>\n<p>&nbsp;<\/p>\n","protected":false},"excerpt":{"rendered":"<p>por Crist\u00f3bal Jos\u00e9 \u00c1lvarez L\u00f3pez, Universidad Pablo de Olavide El 31 de marzo de 1492 los Reyes Cat\u00f3licos firmaron en Granada la expulsi\u00f3n de los jud\u00edos. Seg\u00fan el texto de los edictos \u2013hubo varias versiones y m\u00faltiples copias\u2013, el pueblo&hellip;<\/p>\n","protected":false},"author":1791,"featured_media":1729440,"comment_status":"closed","ping_status":"closed","sticky":false,"template":"","format":"standard","meta":{"footnotes":""},"categories":[79,66],"tags":[111658,111656,111657,3111],"class_list":["post-1729438","post","type-post","status-publish","format-standard","has-post-thumbnail","hentry","category-derechos-humanos","category-europa-es","tag-intolerancia-religiosa-es","tag-judios-sefardies","tag-reyes-catolicos","tag-violencia-religiosa"],"yoast_head":"<!-- This site is optimized with the Yoast SEO plugin v27.1.1 - https:\/\/yoast.com\/product\/yoast-seo-wordpress\/ -->\n<title>La expulsi\u00f3n de los jud\u00edos el 31 de marzo de 1492: una fecha hist\u00f3rica\u00a0olvidada<\/title>\n<meta name=\"description\" content=\"por Crist\u00f3bal Jos\u00e9 \u00c1lvarez L\u00f3pez, Universidad Pablo de Olavide El 31 de marzo de 1492 los Reyes Cat\u00f3licos firmaron en Granada la expulsi\u00f3n de los jud\u00edos.\" \/>\n<meta name=\"robots\" content=\"index, follow, max-snippet:-1, max-image-preview:large, max-video-preview:-1\" \/>\n<link rel=\"canonical\" href=\"https:\/\/www.pressenza.com\/es\/2023\/03\/la-expulsion-de-los-judios-el-31-de-marzo-de-1492-una-fecha-historica-olvidada\/\" \/>\n<meta property=\"og:locale\" content=\"es_ES\" \/>\n<meta property=\"og:type\" content=\"article\" \/>\n<meta property=\"og:title\" content=\"La expulsi\u00f3n de los jud\u00edos el 31 de marzo de 1492: una fecha hist\u00f3rica\u00a0olvidada\" \/>\n<meta property=\"og:description\" content=\"por Crist\u00f3bal Jos\u00e9 \u00c1lvarez L\u00f3pez, Universidad Pablo de Olavide El 31 de marzo de 1492 los Reyes Cat\u00f3licos firmaron en Granada la expulsi\u00f3n de los jud\u00edos.\" \/>\n<meta property=\"og:url\" content=\"https:\/\/www.pressenza.com\/es\/2023\/03\/la-expulsion-de-los-judios-el-31-de-marzo-de-1492-una-fecha-historica-olvidada\/\" \/>\n<meta property=\"og:site_name\" content=\"Pressenza\" \/>\n<meta property=\"article:publisher\" content=\"https:\/\/www.facebook.com\/PressenzaItalia\" \/>\n<meta property=\"article:author\" content=\"https:\/\/www.facebook.com\/ConversationUK\" \/>\n<meta property=\"article:published_time\" content=\"2023-03-31T22:13:51+00:00\" \/>\n<meta property=\"article:modified_time\" content=\"2023-03-31T22:17:57+00:00\" \/>\n<meta property=\"og:image\" content=\"https:\/\/www.pressenza.com\/wp-content\/uploads\/2023\/03\/Expulsion_de_los_judios.jpg\" \/>\n\t<meta property=\"og:image:width\" content=\"825\" \/>\n\t<meta property=\"og:image:height\" content=\"646\" \/>\n\t<meta property=\"og:image:type\" content=\"image\/jpeg\" \/>\n<meta name=\"author\" content=\"The Conversation\" \/>\n<meta name=\"twitter:card\" content=\"summary_large_image\" \/>\n<meta name=\"twitter:creator\" content=\"@ConversationUK\" \/>\n<meta name=\"twitter:site\" content=\"@PressenzaIPA\" \/>\n<meta name=\"twitter:label1\" content=\"Escrito por\" \/>\n\t<meta name=\"twitter:data1\" content=\"The Conversation\" \/>\n\t<meta name=\"twitter:label2\" content=\"Tiempo de lectura\" \/>\n\t<meta name=\"twitter:data2\" content=\"6 minutos\" \/>\n<script type=\"application\/ld+json\" class=\"yoast-schema-graph\">{\"@context\":\"https:\/\/schema.org\",\"@graph\":[{\"@type\":\"Article\",\"@id\":\"https:\/\/www.pressenza.com\/es\/2023\/03\/la-expulsion-de-los-judios-el-31-de-marzo-de-1492-una-fecha-historica-olvidada\/#article\",\"isPartOf\":{\"@id\":\"https:\/\/www.pressenza.com\/es\/2023\/03\/la-expulsion-de-los-judios-el-31-de-marzo-de-1492-una-fecha-historica-olvidada\/\"},\"author\":{\"name\":\"The Conversation\",\"@id\":\"https:\/\/www.pressenza.com\/es\/#\/schema\/person\/e1864562a7d22b9c279812ebdb56e58d\"},\"headline\":\"La expulsi\u00f3n de los jud\u00edos el 31 de marzo de 1492: una fecha hist\u00f3rica\u00a0olvidada\",\"datePublished\":\"2023-03-31T22:13:51+00:00\",\"dateModified\":\"2023-03-31T22:17:57+00:00\",\"mainEntityOfPage\":{\"@id\":\"https:\/\/www.pressenza.com\/es\/2023\/03\/la-expulsion-de-los-judios-el-31-de-marzo-de-1492-una-fecha-historica-olvidada\/\"},\"wordCount\":1131,\"publisher\":{\"@id\":\"https:\/\/www.pressenza.com\/es\/#organization\"},\"image\":{\"@id\":\"https:\/\/www.pressenza.com\/es\/2023\/03\/la-expulsion-de-los-judios-el-31-de-marzo-de-1492-una-fecha-historica-olvidada\/#primaryimage\"},\"thumbnailUrl\":\"https:\/\/www.pressenza.com\/wp-content\/uploads\/2023\/03\/Expulsion_de_los_judios.jpg\",\"keywords\":[\"Intoler\u00e2ncia Religiosa\",\"jud\u00edos sefard\u00edes\",\"Reyes Cat\u00f3licos\",\"Violencia religiosa\"],\"articleSection\":[\"Derechos Humanos\",\"Europa\"],\"inLanguage\":\"es\"},{\"@type\":\"WebPage\",\"@id\":\"https:\/\/www.pressenza.com\/es\/2023\/03\/la-expulsion-de-los-judios-el-31-de-marzo-de-1492-una-fecha-historica-olvidada\/\",\"url\":\"https:\/\/www.pressenza.com\/es\/2023\/03\/la-expulsion-de-los-judios-el-31-de-marzo-de-1492-una-fecha-historica-olvidada\/\",\"name\":\"La expulsi\u00f3n de los jud\u00edos el 31 de marzo de 1492: una fecha hist\u00f3rica\u00a0olvidada\",\"isPartOf\":{\"@id\":\"https:\/\/www.pressenza.com\/es\/#website\"},\"primaryImageOfPage\":{\"@id\":\"https:\/\/www.pressenza.com\/es\/2023\/03\/la-expulsion-de-los-judios-el-31-de-marzo-de-1492-una-fecha-historica-olvidada\/#primaryimage\"},\"image\":{\"@id\":\"https:\/\/www.pressenza.com\/es\/2023\/03\/la-expulsion-de-los-judios-el-31-de-marzo-de-1492-una-fecha-historica-olvidada\/#primaryimage\"},\"thumbnailUrl\":\"https:\/\/www.pressenza.com\/wp-content\/uploads\/2023\/03\/Expulsion_de_los_judios.jpg\",\"datePublished\":\"2023-03-31T22:13:51+00:00\",\"dateModified\":\"2023-03-31T22:17:57+00:00\",\"description\":\"por Crist\u00f3bal Jos\u00e9 \u00c1lvarez L\u00f3pez, Universidad Pablo de Olavide El 31 de marzo de 1492 los Reyes Cat\u00f3licos firmaron en Granada la expulsi\u00f3n de los jud\u00edos.\",\"breadcrumb\":{\"@id\":\"https:\/\/www.pressenza.com\/es\/2023\/03\/la-expulsion-de-los-judios-el-31-de-marzo-de-1492-una-fecha-historica-olvidada\/#breadcrumb\"},\"inLanguage\":\"es\",\"potentialAction\":[{\"@type\":\"ReadAction\",\"target\":[\"https:\/\/www.pressenza.com\/es\/2023\/03\/la-expulsion-de-los-judios-el-31-de-marzo-de-1492-una-fecha-historica-olvidada\/\"]}]},{\"@type\":\"ImageObject\",\"inLanguage\":\"es\",\"@id\":\"https:\/\/www.pressenza.com\/es\/2023\/03\/la-expulsion-de-los-judios-el-31-de-marzo-de-1492-una-fecha-historica-olvidada\/#primaryimage\",\"url\":\"https:\/\/www.pressenza.com\/wp-content\/uploads\/2023\/03\/Expulsion_de_los_judios.jpg\",\"contentUrl\":\"https:\/\/www.pressenza.com\/wp-content\/uploads\/2023\/03\/Expulsion_de_los_judios.jpg\",\"width\":825,\"height\":646},{\"@type\":\"BreadcrumbList\",\"@id\":\"https:\/\/www.pressenza.com\/es\/2023\/03\/la-expulsion-de-los-judios-el-31-de-marzo-de-1492-una-fecha-historica-olvidada\/#breadcrumb\",\"itemListElement\":[{\"@type\":\"ListItem\",\"position\":1,\"name\":\"Accueil\",\"item\":\"https:\/\/www.pressenza.com\/es\/\"},{\"@type\":\"ListItem\",\"position\":2,\"name\":\"La expulsi\u00f3n de los jud\u00edos el 31 de marzo de 1492: una fecha hist\u00f3rica\u00a0olvidada\"}]},{\"@type\":\"WebSite\",\"@id\":\"https:\/\/www.pressenza.com\/es\/#website\",\"url\":\"https:\/\/www.pressenza.com\/es\/\",\"name\":\"Pressenza\",\"description\":\"International Press Agency\",\"publisher\":{\"@id\":\"https:\/\/www.pressenza.com\/es\/#organization\"},\"potentialAction\":[{\"@type\":\"SearchAction\",\"target\":{\"@type\":\"EntryPoint\",\"urlTemplate\":\"https:\/\/www.pressenza.com\/es\/?s={search_term_string}\"},\"query-input\":{\"@type\":\"PropertyValueSpecification\",\"valueRequired\":true,\"valueName\":\"search_term_string\"}}],\"inLanguage\":\"es\"},{\"@type\":\"Organization\",\"@id\":\"https:\/\/www.pressenza.com\/es\/#organization\",\"name\":\"Pressenza\",\"url\":\"https:\/\/www.pressenza.com\/es\/\",\"logo\":{\"@type\":\"ImageObject\",\"inLanguage\":\"es\",\"@id\":\"https:\/\/www.pressenza.com\/es\/#\/schema\/logo\/image\/\",\"url\":\"https:\/\/www.pressenza.com\/wp-content\/uploads\/2022\/10\/pressenza_logo_200x200.jpg\",\"contentUrl\":\"https:\/\/www.pressenza.com\/wp-content\/uploads\/2022\/10\/pressenza_logo_200x200.jpg\",\"width\":200,\"height\":200,\"caption\":\"Pressenza\"},\"image\":{\"@id\":\"https:\/\/www.pressenza.com\/es\/#\/schema\/logo\/image\/\"},\"sameAs\":[\"https:\/\/www.facebook.com\/PressenzaItalia\",\"https:\/\/x.com\/PressenzaIPA\"]},{\"@type\":\"Person\",\"@id\":\"https:\/\/www.pressenza.com\/es\/#\/schema\/person\/e1864562a7d22b9c279812ebdb56e58d\",\"name\":\"The Conversation\",\"description\":\"The Conversation is an independent source of news and views, sourced from the academic and research community and delivered direct to the public.\",\"sameAs\":[\"https:\/\/theconversation.com\/uk\/\",\"https:\/\/www.facebook.com\/ConversationUK\",\"https:\/\/x.com\/ConversationUK\"],\"url\":\"https:\/\/www.pressenza.com\/es\/author\/the-conversation\/\"}]}<\/script>\n<!-- \/ Yoast SEO plugin. -->","yoast_head_json":{"title":"La expulsi\u00f3n de los jud\u00edos el 31 de marzo de 1492: una fecha hist\u00f3rica\u00a0olvidada","description":"por Crist\u00f3bal Jos\u00e9 \u00c1lvarez L\u00f3pez, Universidad Pablo de Olavide El 31 de marzo de 1492 los Reyes Cat\u00f3licos firmaron en Granada la expulsi\u00f3n de los jud\u00edos.","robots":{"index":"index","follow":"follow","max-snippet":"max-snippet:-1","max-image-preview":"max-image-preview:large","max-video-preview":"max-video-preview:-1"},"canonical":"https:\/\/www.pressenza.com\/es\/2023\/03\/la-expulsion-de-los-judios-el-31-de-marzo-de-1492-una-fecha-historica-olvidada\/","og_locale":"es_ES","og_type":"article","og_title":"La expulsi\u00f3n de los jud\u00edos el 31 de marzo de 1492: una fecha hist\u00f3rica\u00a0olvidada","og_description":"por Crist\u00f3bal Jos\u00e9 \u00c1lvarez L\u00f3pez, Universidad Pablo de Olavide El 31 de marzo de 1492 los Reyes Cat\u00f3licos firmaron en Granada la expulsi\u00f3n de los jud\u00edos.","og_url":"https:\/\/www.pressenza.com\/es\/2023\/03\/la-expulsion-de-los-judios-el-31-de-marzo-de-1492-una-fecha-historica-olvidada\/","og_site_name":"Pressenza","article_publisher":"https:\/\/www.facebook.com\/PressenzaItalia","article_author":"https:\/\/www.facebook.com\/ConversationUK","article_published_time":"2023-03-31T22:13:51+00:00","article_modified_time":"2023-03-31T22:17:57+00:00","og_image":[{"width":825,"height":646,"url":"https:\/\/www.pressenza.com\/wp-content\/uploads\/2023\/03\/Expulsion_de_los_judios.jpg","type":"image\/jpeg"}],"author":"The Conversation","twitter_card":"summary_large_image","twitter_creator":"@ConversationUK","twitter_site":"@PressenzaIPA","twitter_misc":{"Escrito por":"The Conversation","Tiempo de lectura":"6 minutos"},"schema":{"@context":"https:\/\/schema.org","@graph":[{"@type":"Article","@id":"https:\/\/www.pressenza.com\/es\/2023\/03\/la-expulsion-de-los-judios-el-31-de-marzo-de-1492-una-fecha-historica-olvidada\/#article","isPartOf":{"@id":"https:\/\/www.pressenza.com\/es\/2023\/03\/la-expulsion-de-los-judios-el-31-de-marzo-de-1492-una-fecha-historica-olvidada\/"},"author":{"name":"The Conversation","@id":"https:\/\/www.pressenza.com\/es\/#\/schema\/person\/e1864562a7d22b9c279812ebdb56e58d"},"headline":"La expulsi\u00f3n de los jud\u00edos el 31 de marzo de 1492: una fecha hist\u00f3rica\u00a0olvidada","datePublished":"2023-03-31T22:13:51+00:00","dateModified":"2023-03-31T22:17:57+00:00","mainEntityOfPage":{"@id":"https:\/\/www.pressenza.com\/es\/2023\/03\/la-expulsion-de-los-judios-el-31-de-marzo-de-1492-una-fecha-historica-olvidada\/"},"wordCount":1131,"publisher":{"@id":"https:\/\/www.pressenza.com\/es\/#organization"},"image":{"@id":"https:\/\/www.pressenza.com\/es\/2023\/03\/la-expulsion-de-los-judios-el-31-de-marzo-de-1492-una-fecha-historica-olvidada\/#primaryimage"},"thumbnailUrl":"https:\/\/www.pressenza.com\/wp-content\/uploads\/2023\/03\/Expulsion_de_los_judios.jpg","keywords":["Intoler\u00e2ncia Religiosa","jud\u00edos sefard\u00edes","Reyes Cat\u00f3licos","Violencia religiosa"],"articleSection":["Derechos Humanos","Europa"],"inLanguage":"es"},{"@type":"WebPage","@id":"https:\/\/www.pressenza.com\/es\/2023\/03\/la-expulsion-de-los-judios-el-31-de-marzo-de-1492-una-fecha-historica-olvidada\/","url":"https:\/\/www.pressenza.com\/es\/2023\/03\/la-expulsion-de-los-judios-el-31-de-marzo-de-1492-una-fecha-historica-olvidada\/","name":"La expulsi\u00f3n de los jud\u00edos el 31 de marzo de 1492: una fecha hist\u00f3rica\u00a0olvidada","isPartOf":{"@id":"https:\/\/www.pressenza.com\/es\/#website"},"primaryImageOfPage":{"@id":"https:\/\/www.pressenza.com\/es\/2023\/03\/la-expulsion-de-los-judios-el-31-de-marzo-de-1492-una-fecha-historica-olvidada\/#primaryimage"},"image":{"@id":"https:\/\/www.pressenza.com\/es\/2023\/03\/la-expulsion-de-los-judios-el-31-de-marzo-de-1492-una-fecha-historica-olvidada\/#primaryimage"},"thumbnailUrl":"https:\/\/www.pressenza.com\/wp-content\/uploads\/2023\/03\/Expulsion_de_los_judios.jpg","datePublished":"2023-03-31T22:13:51+00:00","dateModified":"2023-03-31T22:17:57+00:00","description":"por Crist\u00f3bal Jos\u00e9 \u00c1lvarez L\u00f3pez, Universidad Pablo de Olavide El 31 de marzo de 1492 los Reyes Cat\u00f3licos firmaron en Granada la expulsi\u00f3n de los jud\u00edos.","breadcrumb":{"@id":"https:\/\/www.pressenza.com\/es\/2023\/03\/la-expulsion-de-los-judios-el-31-de-marzo-de-1492-una-fecha-historica-olvidada\/#breadcrumb"},"inLanguage":"es","potentialAction":[{"@type":"ReadAction","target":["https:\/\/www.pressenza.com\/es\/2023\/03\/la-expulsion-de-los-judios-el-31-de-marzo-de-1492-una-fecha-historica-olvidada\/"]}]},{"@type":"ImageObject","inLanguage":"es","@id":"https:\/\/www.pressenza.com\/es\/2023\/03\/la-expulsion-de-los-judios-el-31-de-marzo-de-1492-una-fecha-historica-olvidada\/#primaryimage","url":"https:\/\/www.pressenza.com\/wp-content\/uploads\/2023\/03\/Expulsion_de_los_judios.jpg","contentUrl":"https:\/\/www.pressenza.com\/wp-content\/uploads\/2023\/03\/Expulsion_de_los_judios.jpg","width":825,"height":646},{"@type":"BreadcrumbList","@id":"https:\/\/www.pressenza.com\/es\/2023\/03\/la-expulsion-de-los-judios-el-31-de-marzo-de-1492-una-fecha-historica-olvidada\/#breadcrumb","itemListElement":[{"@type":"ListItem","position":1,"name":"Accueil","item":"https:\/\/www.pressenza.com\/es\/"},{"@type":"ListItem","position":2,"name":"La expulsi\u00f3n de los jud\u00edos el 31 de marzo de 1492: una fecha hist\u00f3rica\u00a0olvidada"}]},{"@type":"WebSite","@id":"https:\/\/www.pressenza.com\/es\/#website","url":"https:\/\/www.pressenza.com\/es\/","name":"Pressenza","description":"International Press Agency","publisher":{"@id":"https:\/\/www.pressenza.com\/es\/#organization"},"potentialAction":[{"@type":"SearchAction","target":{"@type":"EntryPoint","urlTemplate":"https:\/\/www.pressenza.com\/es\/?s={search_term_string}"},"query-input":{"@type":"PropertyValueSpecification","valueRequired":true,"valueName":"search_term_string"}}],"inLanguage":"es"},{"@type":"Organization","@id":"https:\/\/www.pressenza.com\/es\/#organization","name":"Pressenza","url":"https:\/\/www.pressenza.com\/es\/","logo":{"@type":"ImageObject","inLanguage":"es","@id":"https:\/\/www.pressenza.com\/es\/#\/schema\/logo\/image\/","url":"https:\/\/www.pressenza.com\/wp-content\/uploads\/2022\/10\/pressenza_logo_200x200.jpg","contentUrl":"https:\/\/www.pressenza.com\/wp-content\/uploads\/2022\/10\/pressenza_logo_200x200.jpg","width":200,"height":200,"caption":"Pressenza"},"image":{"@id":"https:\/\/www.pressenza.com\/es\/#\/schema\/logo\/image\/"},"sameAs":["https:\/\/www.facebook.com\/PressenzaItalia","https:\/\/x.com\/PressenzaIPA"]},{"@type":"Person","@id":"https:\/\/www.pressenza.com\/es\/#\/schema\/person\/e1864562a7d22b9c279812ebdb56e58d","name":"The Conversation","description":"The Conversation is an independent source of news and views, sourced from the academic and research community and delivered direct to the public.","sameAs":["https:\/\/theconversation.com\/uk\/","https:\/\/www.facebook.com\/ConversationUK","https:\/\/x.com\/ConversationUK"],"url":"https:\/\/www.pressenza.com\/es\/author\/the-conversation\/"}]}},"place":"","original_article_url":"","_links":{"self":[{"href":"https:\/\/www.pressenza.com\/es\/wp-json\/wp\/v2\/posts\/1729438","targetHints":{"allow":["GET"]}}],"collection":[{"href":"https:\/\/www.pressenza.com\/es\/wp-json\/wp\/v2\/posts"}],"about":[{"href":"https:\/\/www.pressenza.com\/es\/wp-json\/wp\/v2\/types\/post"}],"author":[{"embeddable":true,"href":"https:\/\/www.pressenza.com\/es\/wp-json\/wp\/v2\/users\/1791"}],"replies":[{"embeddable":true,"href":"https:\/\/www.pressenza.com\/es\/wp-json\/wp\/v2\/comments?post=1729438"}],"version-history":[{"count":0,"href":"https:\/\/www.pressenza.com\/es\/wp-json\/wp\/v2\/posts\/1729438\/revisions"}],"wp:featuredmedia":[{"embeddable":true,"href":"https:\/\/www.pressenza.com\/es\/wp-json\/wp\/v2\/media\/1729440"}],"wp:attachment":[{"href":"https:\/\/www.pressenza.com\/es\/wp-json\/wp\/v2\/media?parent=1729438"}],"wp:term":[{"taxonomy":"category","embeddable":true,"href":"https:\/\/www.pressenza.com\/es\/wp-json\/wp\/v2\/categories?post=1729438"},{"taxonomy":"post_tag","embeddable":true,"href":"https:\/\/www.pressenza.com\/es\/wp-json\/wp\/v2\/tags?post=1729438"}],"curies":[{"name":"wp","href":"https:\/\/api.w.org\/{rel}","templated":true}]}}