{"id":1729423,"date":"2023-03-31T22:45:59","date_gmt":"2023-03-31T21:45:59","guid":{"rendered":"https:\/\/www.pressenza.com\/?p=1729423"},"modified":"2023-03-31T22:52:35","modified_gmt":"2023-03-31T21:52:35","slug":"resisto-luego-existo-un-recorrido-cartografico-por-la-memoria","status":"publish","type":"post","link":"https:\/\/www.pressenza.com\/es\/2023\/03\/resisto-luego-existo-un-recorrido-cartografico-por-la-memoria\/","title":{"rendered":"Resisto, luego existo: Un recorrido cartogr\u00e1fico por la memoria"},"content":{"rendered":"<p data-adtags-visited=\"true\"><em>Con base en el trabajo recogido en la cartograf\u00eda \u201c<a href=\"http:\/\/centromemoria.gov.co\/wp-content\/uploads\/2020\/05\/Bogot\u00e1-Ciudad-Memoria.pdf\">Bogot\u00e1, ciudad memoria<\/a>\u201d, la exposici\u00f3n \u201cResisto, luego existo\u201d ofrece una panor\u00e1mica de las luchas y las resistencias de los \u00faltimos ochenta a\u00f1os de la historia de Colombia.<\/em><\/p>\n<p data-adtags-visited=\"true\"><em><strong>Por I\u00f1aki Chaves<\/strong><\/em><\/p>\n<p data-adtags-visited=\"true\">La exposici\u00f3n es una muestra viva porque su contenido ir\u00e1 variando con el tiempo para abarcar \u201ctodos los hechos y procesos del proyecto\u201d, en palabras de Jos\u00e9 Antequera, director del <a href=\"http:\/\/centromemoria.gov.co\/resisto-luego-existo-es-la-nueva-exposicion-central-del-centro-de-memoria\/\">Centro de Memoria, Paz y Reconciliaci\u00f3n<\/a> (CMPR) de Bogot\u00e1 donde est\u00e1 instalada y cuya inauguraci\u00f3n tuvo lugar el 24 de marzo de 2023.<\/p>\n<p data-adtags-visited=\"true\">En el mapa de resistencia de Bogot\u00e1 que da pie a esta muestra se recogen 91 puntos de memoria sobre hechos que atentaron contra las libertades y los derechos civiles, y de las v\u00edctimas que han ido quedando en el camino, cuya finalidad es colaborar en la construcci\u00f3n de nuevas memorias y nuevas ciudadan\u00edas para luchar contra el silencio y el olvido.<\/p>\n<p data-adtags-visited=\"true\">La exposici\u00f3n es una visita obligada, tanto desde el punto de vista hist\u00f3rico como desde el pedag\u00f3gico, para conocer y constatar toda la vida y toda la muerte que siembran los territorios colombianos junto a todas las luchas, las esperanzas y las resistencias que han permitido a sus gentes sobrevivir y seguir aferr\u00e1ndose a sus tierras y a su existencia.<\/p>\n<p data-adtags-visited=\"true\">La entrada abre con los medios como grandes protagonistas, con l\u00e1minas extendidas en el suelo que reproducen noticias sobre hechos destacados de la historia reciente y con algunos espacios en negro como un llamado de atenci\u00f3n a esa censura medi\u00e1tica que ignora o no cuenta aquello que pueda afectar directamente los intereses de las corporaciones que los financian o los poderes que los gobiernan.<\/p>\n<figure class=\"wp-block-image size-large is-resized\"><a href=\"https:\/\/paterasalsur.files.wordpress.com\/2023\/03\/resisto2.jpeg\"><img loading=\"lazy\" decoding=\"async\" class=\"wp-image-2298\" src=\"https:\/\/paterasalsur.files.wordpress.com\/2023\/03\/resisto2.jpeg?w=1024\" sizes=\"auto, (max-width: 571px) 100vw, 571px\" srcset=\"https:\/\/paterasalsur.files.wordpress.com\/2023\/03\/resisto2.jpeg?w=569 569w, https:\/\/paterasalsur.files.wordpress.com\/2023\/03\/resisto2.jpeg?w=1138 1138w, https:\/\/paterasalsur.files.wordpress.com\/2023\/03\/resisto2.jpeg?w=150 150w, https:\/\/paterasalsur.files.wordpress.com\/2023\/03\/resisto2.jpeg?w=300 300w, https:\/\/paterasalsur.files.wordpress.com\/2023\/03\/resisto2.jpeg?w=768 768w\" alt=\"\" width=\"571\" height=\"421\" data-attachment-id=\"2298\" data-permalink=\"https:\/\/paterasalsur.wordpress.com\/2023\/03\/31\/resisto-luego-existo\/resisto2\/\" data-orig-file=\"https:\/\/paterasalsur.files.wordpress.com\/2023\/03\/resisto2.jpeg\" data-orig-size=\"3774,2793\" data-comments-opened=\"1\" data-image-meta=\"{&quot;aperture&quot;:&quot;2.2&quot;,&quot;credit&quot;:&quot;&quot;,&quot;camera&quot;:&quot;iPhone SE (1st generation)&quot;,&quot;caption&quot;:&quot;&quot;,&quot;created_timestamp&quot;:&quot;1680168986&quot;,&quot;copyright&quot;:&quot;&quot;,&quot;focal_length&quot;:&quot;4.15&quot;,&quot;iso&quot;:&quot;40&quot;,&quot;shutter_speed&quot;:&quot;0.033333333333333&quot;,&quot;title&quot;:&quot;&quot;,&quot;orientation&quot;:&quot;1&quot;}\" data-image-title=\"resisto2\" data-image-description=\"\" data-image-caption=\"\" data-medium-file=\"https:\/\/paterasalsur.files.wordpress.com\/2023\/03\/resisto2.jpeg?w=300\" data-large-file=\"https:\/\/paterasalsur.files.wordpress.com\/2023\/03\/resisto2.jpeg?w=535\" \/><\/a><figcaption class=\"wp-element-caption\">Reproducci\u00f3n de noticias del per\u00edodo abarcado por la exposici\u00f3n (foto: I\u00f1aki Chaves)<\/figcaption><\/figure>\n<p>Ordenada como un recorrido laber\u00edntico por las violencias y las resistencias, que otra cosa es la historia de Colombia sino un resistente laberinto, la sala ofrece diez etapas que inician con una pregunta, \u201c\u00bfQu\u00e9 es lo memorable?\u201d, y que incluyen \u201cVoces del presente\u201d, \u201cPor la paz y la democracia\u201d, \u201cResisto, luego existo\u201d (de las v\u00edctimas cuya resistencia merece ser valorada y escuchada), \u201cEn defensa del territorio\u201d, \u201cResisto por amor a\u2026\u201d, \u201cLos \u00e9xodos que nos construyen\u201d, \u201cVestigios\u201d, \u201cCausa com\u00fan\u201d y \u201cBogot\u00e1, ciudad memoria\u201d, dejando abierta una salida esperanzada hacia la paz.<\/p>\n<p>Un panel recoge la l\u00ednea del tiempo, elaborada por el soci\u00f3logo y periodista Alfredo Molano y que figura como parte de sus aportes al trabajo que llev\u00f3 a cabo como miembro de la Comisi\u00f3n de la Verdad, con seis per\u00edodos que van desde 1944 hasta 2019 (a\u00f1o de su fallecimiento), con algunas notas a\u00f1adidas por el propio CMPR, y una etapa por escribir desde 2020 hasta 2035 que esperemos que quede registrada solamente con tinta y no con sangre. Curiosamente, el cronograma no incluye el a\u00f1o 1991 en el que se aprob\u00f3 la actual Constituci\u00f3n Pol\u00edtica de Colombia.<\/p>\n<p>Con esta exposici\u00f3n el Centro de Memoria no pretende, en palabras de su director \u201ccontar un relato final sobre lo que ocurri\u00f3 en el conflicto, sino que es una exposici\u00f3n que ha sido construida para que todo sea dialogado\u201d. La idea no es que se contemple la historia de manera est\u00e1tica, sino que \u201chaya conversaci\u00f3n p\u00fablica\u201d sobre todo lo expuesto en ella.<\/p>\n<p>Colombia, un pa\u00eds que existe porque resiste, tiene en esta muestra un gui\u00f1o, tan expl\u00edcito como simb\u00f3lico, a la necesidad de hacer memoria de sus v\u00edctimas y de sus luchas sociales, de sus sue\u00f1os de democracia y de paz. Una memoria que es un \u201cmapa por armar\u201d, indispensable para poder labrarse un futuro de vida digna.<\/p>\n<p>Cuando se acerca el 9 de abril, en el que se cumplir\u00e1n 75 a\u00f1os del asesinato del l\u00edder pol\u00edtico liberal Jorge Eli\u00e9cer Gait\u00e1n y se celebrar\u00e1 un nuevo D\u00eda Nacional de la Memoria y la Solidaridad con las V\u00edctimas del conflicto armado, es inexcusable visitar la exposici\u00f3n \u201cResisto, luego existo\u201d para entender la historia de este pa\u00eds, sus realidades y los deseos de su ciudadan\u00eda por construir una nueva Colombia a partir de todas las narrativas que la constituyen, de todas sus memorias.<\/p>\n<figure class=\"wp-block-image size-large is-resized\"><a href=\"https:\/\/paterasalsur.files.wordpress.com\/2023\/03\/resisto3.jpg\"><img loading=\"lazy\" decoding=\"async\" class=\"wp-image-2300\" src=\"https:\/\/paterasalsur.files.wordpress.com\/2023\/03\/resisto3.jpg?w=1024\" sizes=\"auto, (max-width: 623px) 100vw, 623px\" srcset=\"https:\/\/paterasalsur.files.wordpress.com\/2023\/03\/resisto3.jpg?w=1024 1024w, https:\/\/paterasalsur.files.wordpress.com\/2023\/03\/resisto3.jpg?w=623 623w, https:\/\/paterasalsur.files.wordpress.com\/2023\/03\/resisto3.jpg?w=1244 1244w, https:\/\/paterasalsur.files.wordpress.com\/2023\/03\/resisto3.jpg?w=150 150w, https:\/\/paterasalsur.files.wordpress.com\/2023\/03\/resisto3.jpg?w=300 300w, https:\/\/paterasalsur.files.wordpress.com\/2023\/03\/resisto3.jpg?w=768 768w\" alt=\"\" width=\"623\" height=\"495\" data-attachment-id=\"2300\" data-permalink=\"https:\/\/paterasalsur.wordpress.com\/2023\/03\/31\/resisto-luego-existo\/resisto3\/\" data-orig-file=\"https:\/\/paterasalsur.files.wordpress.com\/2023\/03\/resisto3.jpg\" data-orig-size=\"3593,2860\" data-comments-opened=\"1\" data-image-meta=\"{&quot;aperture&quot;:&quot;2.2&quot;,&quot;credit&quot;:&quot;&quot;,&quot;camera&quot;:&quot;iPhone SE (1st generation)&quot;,&quot;caption&quot;:&quot;&quot;,&quot;created_timestamp&quot;:&quot;1680169080&quot;,&quot;copyright&quot;:&quot;&quot;,&quot;focal_length&quot;:&quot;4.15&quot;,&quot;iso&quot;:&quot;25&quot;,&quot;shutter_speed&quot;:&quot;0.016666666666667&quot;,&quot;title&quot;:&quot;&quot;,&quot;orientation&quot;:&quot;1&quot;}\" data-image-title=\"resisto3\" data-image-description=\"\" data-image-caption=\"\" data-medium-file=\"https:\/\/paterasalsur.files.wordpress.com\/2023\/03\/resisto3.jpg?w=300\" data-large-file=\"https:\/\/paterasalsur.files.wordpress.com\/2023\/03\/resisto3.jpg?w=535\" \/><\/a><figcaption class=\"wp-element-caption\">L\u00ednea del tiempo de los ochenta a\u00f1os de historia que cubre la exposici\u00f3n (foto: I\u00f1aki Ch.)<\/figcaption><\/figure>\n<figure class=\"wp-block-image size-large is-resized\"><a href=\"https:\/\/paterasalsur.files.wordpress.com\/2023\/03\/resisto4.jpg\"><img loading=\"lazy\" decoding=\"async\" class=\"wp-image-2302\" src=\"https:\/\/paterasalsur.files.wordpress.com\/2023\/03\/resisto4.jpg?w=1024\" sizes=\"auto, (max-width: 624px) 100vw, 624px\" srcset=\"https:\/\/paterasalsur.files.wordpress.com\/2023\/03\/resisto4.jpg?w=1024 1024w, https:\/\/paterasalsur.files.wordpress.com\/2023\/03\/resisto4.jpg?w=624 624w, https:\/\/paterasalsur.files.wordpress.com\/2023\/03\/resisto4.jpg?w=1248 1248w, https:\/\/paterasalsur.files.wordpress.com\/2023\/03\/resisto4.jpg?w=150 150w, https:\/\/paterasalsur.files.wordpress.com\/2023\/03\/resisto4.jpg?w=300 300w, https:\/\/paterasalsur.files.wordpress.com\/2023\/03\/resisto4.jpg?w=768 768w\" alt=\"\" width=\"624\" height=\"468\" data-attachment-id=\"2302\" data-permalink=\"https:\/\/paterasalsur.wordpress.com\/2023\/03\/31\/resisto-luego-existo\/resisto4\/\" data-orig-file=\"https:\/\/paterasalsur.files.wordpress.com\/2023\/03\/resisto4.jpg\" data-orig-size=\"4032,3024\" data-comments-opened=\"1\" data-image-meta=\"{&quot;aperture&quot;:&quot;2.2&quot;,&quot;credit&quot;:&quot;&quot;,&quot;camera&quot;:&quot;iPhone SE (1st generation)&quot;,&quot;caption&quot;:&quot;&quot;,&quot;created_timestamp&quot;:&quot;1680169446&quot;,&quot;copyright&quot;:&quot;&quot;,&quot;focal_length&quot;:&quot;4.15&quot;,&quot;iso&quot;:&quot;32&quot;,&quot;shutter_speed&quot;:&quot;0.033333333333333&quot;,&quot;title&quot;:&quot;&quot;,&quot;orientation&quot;:&quot;1&quot;}\" data-image-title=\"resisto4\" data-image-description=\"\" data-image-caption=\"\" data-medium-file=\"https:\/\/paterasalsur.files.wordpress.com\/2023\/03\/resisto4.jpg?w=300\" data-large-file=\"https:\/\/paterasalsur.files.wordpress.com\/2023\/03\/resisto4.jpg?w=535\" \/><\/a><figcaption class=\"wp-element-caption\">Motivos para resistir y existir (foto: I\u00f1aki Chaves)<\/figcaption><\/figure>\n<figure class=\"wp-block-image size-large is-resized\"><a href=\"https:\/\/paterasalsur.files.wordpress.com\/2023\/03\/resisto5.jpg\"><img loading=\"lazy\" decoding=\"async\" class=\"wp-image-2304\" src=\"https:\/\/paterasalsur.files.wordpress.com\/2023\/03\/resisto5.jpg?w=1024\" sizes=\"auto, (max-width: 624px) 100vw, 624px\" srcset=\"https:\/\/paterasalsur.files.wordpress.com\/2023\/03\/resisto5.jpg?w=1024 1024w, https:\/\/paterasalsur.files.wordpress.com\/2023\/03\/resisto5.jpg?w=624 624w, https:\/\/paterasalsur.files.wordpress.com\/2023\/03\/resisto5.jpg?w=1246 1246w, https:\/\/paterasalsur.files.wordpress.com\/2023\/03\/resisto5.jpg?w=150 150w, https:\/\/paterasalsur.files.wordpress.com\/2023\/03\/resisto5.jpg?w=300 300w, https:\/\/paterasalsur.files.wordpress.com\/2023\/03\/resisto5.jpg?w=768 768w\" alt=\"\" width=\"624\" height=\"427\" data-attachment-id=\"2304\" data-permalink=\"https:\/\/paterasalsur.wordpress.com\/2023\/03\/31\/resisto-luego-existo\/resisto5\/\" data-orig-file=\"https:\/\/paterasalsur.files.wordpress.com\/2023\/03\/resisto5.jpg\" data-orig-size=\"3970,2721\" data-comments-opened=\"1\" data-image-meta=\"{&quot;aperture&quot;:&quot;2.2&quot;,&quot;credit&quot;:&quot;&quot;,&quot;camera&quot;:&quot;iPhone SE (1st generation)&quot;,&quot;caption&quot;:&quot;&quot;,&quot;created_timestamp&quot;:&quot;1680169540&quot;,&quot;copyright&quot;:&quot;&quot;,&quot;focal_length&quot;:&quot;4.15&quot;,&quot;iso&quot;:&quot;25&quot;,&quot;shutter_speed&quot;:&quot;0.033333333333333&quot;,&quot;title&quot;:&quot;&quot;,&quot;orientation&quot;:&quot;1&quot;}\" data-image-title=\"resisto5\" data-image-description=\"\" data-image-caption=\"\" data-medium-file=\"https:\/\/paterasalsur.files.wordpress.com\/2023\/03\/resisto5.jpg?w=300\" data-large-file=\"https:\/\/paterasalsur.files.wordpress.com\/2023\/03\/resisto5.jpg?w=535\" \/><\/a><figcaption class=\"wp-element-caption\">Lugares de memoria en Bogot\u00e1 (foto: I\u00f1aki Chaves)<\/p>\n<div dir=\"ltr\"><b>(*) <em>J. Ignacio \u00abI\u00f1aki\u00bb Chaves G. es <\/em><\/b><em><span style=\"color: #000000;\">Doctor en Comunicaci\u00f3n y Ciencias Sociales, integrante del <\/span><span style=\"color: #000000;\">Grupo Investigaci\u00f3n Laboratorio Comunicaci\u00f3n y Cultura &#8211; COMandaluc\u00eda, <\/span><span style=\"color: #000000;\">Investigador junior Colciencias y <\/span><span style=\"color: #000000;\">miembro de IFJ, AE-IC y ALAIC<\/span><\/em><\/div>\n<\/figcaption><\/figure>\n","protected":false},"excerpt":{"rendered":"<p>Con base en el trabajo recogido en la cartograf\u00eda \u201cBogot\u00e1, ciudad memoria\u201d, la exposici\u00f3n \u201cResisto, luego existo\u201d ofrece una panor\u00e1mica de las luchas y las resistencias de los \u00faltimos ochenta a\u00f1os de la historia de Colombia. Por I\u00f1aki Chaves La&hellip;<\/p>\n","protected":false},"author":1053,"featured_media":1729426,"comment_status":"closed","ping_status":"closed","sticky":false,"template":"","format":"standard","meta":{"footnotes":""},"categories":[75,5667,67],"tags":[30,57255,103967],"class_list":["post-1729423","post","type-post","status-publish","format-standard","has-post-thumbnail","hentry","category-cultura-es","category-foto-reportajes","category-sudamerica","tag-colombia","tag-luchas-sociales","tag-memoria-viva"],"yoast_head":"<!-- This site is optimized with the Yoast SEO plugin v27.1.1 - https:\/\/yoast.com\/product\/yoast-seo-wordpress\/ -->\n<title>Resisto, luego existo: Un recorrido cartogr\u00e1fico por la memoria<\/title>\n<meta name=\"description\" content=\"Con base en el trabajo recogido en la cartograf\u00eda \u201cBogot\u00e1, ciudad memoria\u201d, la exposici\u00f3n \u201cResisto, luego existo\u201d ofrece una panor\u00e1mica de las luchas y\" \/>\n<meta name=\"robots\" content=\"index, follow, max-snippet:-1, max-image-preview:large, max-video-preview:-1\" \/>\n<link rel=\"canonical\" href=\"https:\/\/www.pressenza.com\/es\/2023\/03\/resisto-luego-existo-un-recorrido-cartografico-por-la-memoria\/\" \/>\n<meta property=\"og:locale\" content=\"es_ES\" \/>\n<meta property=\"og:type\" content=\"article\" \/>\n<meta property=\"og:title\" content=\"Resisto, luego existo: Un recorrido cartogr\u00e1fico por la memoria\" \/>\n<meta property=\"og:description\" content=\"Con base en el trabajo recogido en la cartograf\u00eda \u201cBogot\u00e1, ciudad memoria\u201d, la exposici\u00f3n \u201cResisto, luego existo\u201d ofrece una panor\u00e1mica de las luchas y\" \/>\n<meta property=\"og:url\" content=\"https:\/\/www.pressenza.com\/es\/2023\/03\/resisto-luego-existo-un-recorrido-cartografico-por-la-memoria\/\" \/>\n<meta property=\"og:site_name\" content=\"Pressenza\" \/>\n<meta property=\"article:publisher\" content=\"https:\/\/www.facebook.com\/PressenzaItalia\" \/>\n<meta property=\"article:published_time\" content=\"2023-03-31T21:45:59+00:00\" \/>\n<meta property=\"article:modified_time\" content=\"2023-03-31T21:52:35+00:00\" \/>\n<meta property=\"og:image\" content=\"https:\/\/www.pressenza.com\/wp-content\/uploads\/2023\/03\/resisto1.jpeg\" \/>\n\t<meta property=\"og:image:width\" content=\"1920\" \/>\n\t<meta property=\"og:image:height\" content=\"1460\" \/>\n\t<meta property=\"og:image:type\" content=\"image\/jpeg\" \/>\n<meta name=\"author\" content=\"Redacci\u00f3n Colombia\" \/>\n<meta name=\"twitter:card\" content=\"summary_large_image\" \/>\n<meta name=\"twitter:creator\" content=\"@PressenzaIPA\" \/>\n<meta name=\"twitter:site\" content=\"@PressenzaIPA\" \/>\n<meta name=\"twitter:label1\" content=\"Escrito por\" \/>\n\t<meta name=\"twitter:data1\" content=\"Redacci\u00f3n Colombia\" \/>\n\t<meta name=\"twitter:label2\" content=\"Tiempo de lectura\" \/>\n\t<meta name=\"twitter:data2\" content=\"5 minutos\" \/>\n<script type=\"application\/ld+json\" class=\"yoast-schema-graph\">{\"@context\":\"https:\/\/schema.org\",\"@graph\":[{\"@type\":\"Article\",\"@id\":\"https:\/\/www.pressenza.com\/es\/2023\/03\/resisto-luego-existo-un-recorrido-cartografico-por-la-memoria\/#article\",\"isPartOf\":{\"@id\":\"https:\/\/www.pressenza.com\/es\/2023\/03\/resisto-luego-existo-un-recorrido-cartografico-por-la-memoria\/\"},\"author\":{\"name\":\"Redacci\u00f3n Colombia\",\"@id\":\"https:\/\/www.pressenza.com\/es\/#\/schema\/person\/7c8ee170a4502d638436c91e385315f2\"},\"headline\":\"Resisto, luego existo: Un recorrido cartogr\u00e1fico por la memoria\",\"datePublished\":\"2023-03-31T21:45:59+00:00\",\"dateModified\":\"2023-03-31T21:52:35+00:00\",\"mainEntityOfPage\":{\"@id\":\"https:\/\/www.pressenza.com\/es\/2023\/03\/resisto-luego-existo-un-recorrido-cartografico-por-la-memoria\/\"},\"wordCount\":810,\"publisher\":{\"@id\":\"https:\/\/www.pressenza.com\/es\/#organization\"},\"image\":{\"@id\":\"https:\/\/www.pressenza.com\/es\/2023\/03\/resisto-luego-existo-un-recorrido-cartografico-por-la-memoria\/#primaryimage\"},\"thumbnailUrl\":\"https:\/\/www.pressenza.com\/wp-content\/uploads\/2023\/03\/resisto1.jpeg\",\"keywords\":[\"Colombia\",\"luchas sociales\",\"memoria viva\"],\"articleSection\":[\"Cultura y Medios\",\"Fotorreportajes\",\"Sudam\u00e9rica\"],\"inLanguage\":\"es\"},{\"@type\":\"WebPage\",\"@id\":\"https:\/\/www.pressenza.com\/es\/2023\/03\/resisto-luego-existo-un-recorrido-cartografico-por-la-memoria\/\",\"url\":\"https:\/\/www.pressenza.com\/es\/2023\/03\/resisto-luego-existo-un-recorrido-cartografico-por-la-memoria\/\",\"name\":\"Resisto, luego existo: Un recorrido cartogr\u00e1fico por la memoria\",\"isPartOf\":{\"@id\":\"https:\/\/www.pressenza.com\/es\/#website\"},\"primaryImageOfPage\":{\"@id\":\"https:\/\/www.pressenza.com\/es\/2023\/03\/resisto-luego-existo-un-recorrido-cartografico-por-la-memoria\/#primaryimage\"},\"image\":{\"@id\":\"https:\/\/www.pressenza.com\/es\/2023\/03\/resisto-luego-existo-un-recorrido-cartografico-por-la-memoria\/#primaryimage\"},\"thumbnailUrl\":\"https:\/\/www.pressenza.com\/wp-content\/uploads\/2023\/03\/resisto1.jpeg\",\"datePublished\":\"2023-03-31T21:45:59+00:00\",\"dateModified\":\"2023-03-31T21:52:35+00:00\",\"description\":\"Con base en el trabajo recogido en la cartograf\u00eda \u201cBogot\u00e1, ciudad memoria\u201d, la exposici\u00f3n \u201cResisto, luego existo\u201d ofrece una panor\u00e1mica de las luchas y\",\"breadcrumb\":{\"@id\":\"https:\/\/www.pressenza.com\/es\/2023\/03\/resisto-luego-existo-un-recorrido-cartografico-por-la-memoria\/#breadcrumb\"},\"inLanguage\":\"es\",\"potentialAction\":[{\"@type\":\"ReadAction\",\"target\":[\"https:\/\/www.pressenza.com\/es\/2023\/03\/resisto-luego-existo-un-recorrido-cartografico-por-la-memoria\/\"]}]},{\"@type\":\"ImageObject\",\"inLanguage\":\"es\",\"@id\":\"https:\/\/www.pressenza.com\/es\/2023\/03\/resisto-luego-existo-un-recorrido-cartografico-por-la-memoria\/#primaryimage\",\"url\":\"https:\/\/www.pressenza.com\/wp-content\/uploads\/2023\/03\/resisto1.jpeg\",\"contentUrl\":\"https:\/\/www.pressenza.com\/wp-content\/uploads\/2023\/03\/resisto1.jpeg\",\"width\":1920,\"height\":1460},{\"@type\":\"BreadcrumbList\",\"@id\":\"https:\/\/www.pressenza.com\/es\/2023\/03\/resisto-luego-existo-un-recorrido-cartografico-por-la-memoria\/#breadcrumb\",\"itemListElement\":[{\"@type\":\"ListItem\",\"position\":1,\"name\":\"Accueil\",\"item\":\"https:\/\/www.pressenza.com\/es\/\"},{\"@type\":\"ListItem\",\"position\":2,\"name\":\"Resisto, luego existo: Un recorrido cartogr\u00e1fico por la memoria\"}]},{\"@type\":\"WebSite\",\"@id\":\"https:\/\/www.pressenza.com\/es\/#website\",\"url\":\"https:\/\/www.pressenza.com\/es\/\",\"name\":\"Pressenza\",\"description\":\"International Press Agency\",\"publisher\":{\"@id\":\"https:\/\/www.pressenza.com\/es\/#organization\"},\"potentialAction\":[{\"@type\":\"SearchAction\",\"target\":{\"@type\":\"EntryPoint\",\"urlTemplate\":\"https:\/\/www.pressenza.com\/es\/?s={search_term_string}\"},\"query-input\":{\"@type\":\"PropertyValueSpecification\",\"valueRequired\":true,\"valueName\":\"search_term_string\"}}],\"inLanguage\":\"es\"},{\"@type\":\"Organization\",\"@id\":\"https:\/\/www.pressenza.com\/es\/#organization\",\"name\":\"Pressenza\",\"url\":\"https:\/\/www.pressenza.com\/es\/\",\"logo\":{\"@type\":\"ImageObject\",\"inLanguage\":\"es\",\"@id\":\"https:\/\/www.pressenza.com\/es\/#\/schema\/logo\/image\/\",\"url\":\"https:\/\/www.pressenza.com\/wp-content\/uploads\/2022\/10\/pressenza_logo_200x200.jpg\",\"contentUrl\":\"https:\/\/www.pressenza.com\/wp-content\/uploads\/2022\/10\/pressenza_logo_200x200.jpg\",\"width\":200,\"height\":200,\"caption\":\"Pressenza\"},\"image\":{\"@id\":\"https:\/\/www.pressenza.com\/es\/#\/schema\/logo\/image\/\"},\"sameAs\":[\"https:\/\/www.facebook.com\/PressenzaItalia\",\"https:\/\/x.com\/PressenzaIPA\"]},{\"@type\":\"Person\",\"@id\":\"https:\/\/www.pressenza.com\/es\/#\/schema\/person\/7c8ee170a4502d638436c91e385315f2\",\"name\":\"Redacci\u00f3n Colombia\",\"description\":\"News published by the Pressenza bureau in Colombia\",\"url\":\"https:\/\/www.pressenza.com\/es\/author\/redaccion-colombia\/\"}]}<\/script>\n<!-- \/ Yoast SEO plugin. -->","yoast_head_json":{"title":"Resisto, luego existo: Un recorrido cartogr\u00e1fico por la memoria","description":"Con base en el trabajo recogido en la cartograf\u00eda \u201cBogot\u00e1, ciudad memoria\u201d, la exposici\u00f3n \u201cResisto, luego existo\u201d ofrece una panor\u00e1mica de las luchas y","robots":{"index":"index","follow":"follow","max-snippet":"max-snippet:-1","max-image-preview":"max-image-preview:large","max-video-preview":"max-video-preview:-1"},"canonical":"https:\/\/www.pressenza.com\/es\/2023\/03\/resisto-luego-existo-un-recorrido-cartografico-por-la-memoria\/","og_locale":"es_ES","og_type":"article","og_title":"Resisto, luego existo: Un recorrido cartogr\u00e1fico por la memoria","og_description":"Con base en el trabajo recogido en la cartograf\u00eda \u201cBogot\u00e1, ciudad memoria\u201d, la exposici\u00f3n \u201cResisto, luego existo\u201d ofrece una panor\u00e1mica de las luchas y","og_url":"https:\/\/www.pressenza.com\/es\/2023\/03\/resisto-luego-existo-un-recorrido-cartografico-por-la-memoria\/","og_site_name":"Pressenza","article_publisher":"https:\/\/www.facebook.com\/PressenzaItalia","article_published_time":"2023-03-31T21:45:59+00:00","article_modified_time":"2023-03-31T21:52:35+00:00","og_image":[{"width":1920,"height":1460,"url":"https:\/\/www.pressenza.com\/wp-content\/uploads\/2023\/03\/resisto1.jpeg","type":"image\/jpeg"}],"author":"Redacci\u00f3n Colombia","twitter_card":"summary_large_image","twitter_creator":"@PressenzaIPA","twitter_site":"@PressenzaIPA","twitter_misc":{"Escrito por":"Redacci\u00f3n Colombia","Tiempo de lectura":"5 minutos"},"schema":{"@context":"https:\/\/schema.org","@graph":[{"@type":"Article","@id":"https:\/\/www.pressenza.com\/es\/2023\/03\/resisto-luego-existo-un-recorrido-cartografico-por-la-memoria\/#article","isPartOf":{"@id":"https:\/\/www.pressenza.com\/es\/2023\/03\/resisto-luego-existo-un-recorrido-cartografico-por-la-memoria\/"},"author":{"name":"Redacci\u00f3n Colombia","@id":"https:\/\/www.pressenza.com\/es\/#\/schema\/person\/7c8ee170a4502d638436c91e385315f2"},"headline":"Resisto, luego existo: Un recorrido cartogr\u00e1fico por la memoria","datePublished":"2023-03-31T21:45:59+00:00","dateModified":"2023-03-31T21:52:35+00:00","mainEntityOfPage":{"@id":"https:\/\/www.pressenza.com\/es\/2023\/03\/resisto-luego-existo-un-recorrido-cartografico-por-la-memoria\/"},"wordCount":810,"publisher":{"@id":"https:\/\/www.pressenza.com\/es\/#organization"},"image":{"@id":"https:\/\/www.pressenza.com\/es\/2023\/03\/resisto-luego-existo-un-recorrido-cartografico-por-la-memoria\/#primaryimage"},"thumbnailUrl":"https:\/\/www.pressenza.com\/wp-content\/uploads\/2023\/03\/resisto1.jpeg","keywords":["Colombia","luchas sociales","memoria viva"],"articleSection":["Cultura y Medios","Fotorreportajes","Sudam\u00e9rica"],"inLanguage":"es"},{"@type":"WebPage","@id":"https:\/\/www.pressenza.com\/es\/2023\/03\/resisto-luego-existo-un-recorrido-cartografico-por-la-memoria\/","url":"https:\/\/www.pressenza.com\/es\/2023\/03\/resisto-luego-existo-un-recorrido-cartografico-por-la-memoria\/","name":"Resisto, luego existo: Un recorrido cartogr\u00e1fico por la memoria","isPartOf":{"@id":"https:\/\/www.pressenza.com\/es\/#website"},"primaryImageOfPage":{"@id":"https:\/\/www.pressenza.com\/es\/2023\/03\/resisto-luego-existo-un-recorrido-cartografico-por-la-memoria\/#primaryimage"},"image":{"@id":"https:\/\/www.pressenza.com\/es\/2023\/03\/resisto-luego-existo-un-recorrido-cartografico-por-la-memoria\/#primaryimage"},"thumbnailUrl":"https:\/\/www.pressenza.com\/wp-content\/uploads\/2023\/03\/resisto1.jpeg","datePublished":"2023-03-31T21:45:59+00:00","dateModified":"2023-03-31T21:52:35+00:00","description":"Con base en el trabajo recogido en la cartograf\u00eda \u201cBogot\u00e1, ciudad memoria\u201d, la exposici\u00f3n \u201cResisto, luego existo\u201d ofrece una panor\u00e1mica de las luchas y","breadcrumb":{"@id":"https:\/\/www.pressenza.com\/es\/2023\/03\/resisto-luego-existo-un-recorrido-cartografico-por-la-memoria\/#breadcrumb"},"inLanguage":"es","potentialAction":[{"@type":"ReadAction","target":["https:\/\/www.pressenza.com\/es\/2023\/03\/resisto-luego-existo-un-recorrido-cartografico-por-la-memoria\/"]}]},{"@type":"ImageObject","inLanguage":"es","@id":"https:\/\/www.pressenza.com\/es\/2023\/03\/resisto-luego-existo-un-recorrido-cartografico-por-la-memoria\/#primaryimage","url":"https:\/\/www.pressenza.com\/wp-content\/uploads\/2023\/03\/resisto1.jpeg","contentUrl":"https:\/\/www.pressenza.com\/wp-content\/uploads\/2023\/03\/resisto1.jpeg","width":1920,"height":1460},{"@type":"BreadcrumbList","@id":"https:\/\/www.pressenza.com\/es\/2023\/03\/resisto-luego-existo-un-recorrido-cartografico-por-la-memoria\/#breadcrumb","itemListElement":[{"@type":"ListItem","position":1,"name":"Accueil","item":"https:\/\/www.pressenza.com\/es\/"},{"@type":"ListItem","position":2,"name":"Resisto, luego existo: Un recorrido cartogr\u00e1fico por la memoria"}]},{"@type":"WebSite","@id":"https:\/\/www.pressenza.com\/es\/#website","url":"https:\/\/www.pressenza.com\/es\/","name":"Pressenza","description":"International Press Agency","publisher":{"@id":"https:\/\/www.pressenza.com\/es\/#organization"},"potentialAction":[{"@type":"SearchAction","target":{"@type":"EntryPoint","urlTemplate":"https:\/\/www.pressenza.com\/es\/?s={search_term_string}"},"query-input":{"@type":"PropertyValueSpecification","valueRequired":true,"valueName":"search_term_string"}}],"inLanguage":"es"},{"@type":"Organization","@id":"https:\/\/www.pressenza.com\/es\/#organization","name":"Pressenza","url":"https:\/\/www.pressenza.com\/es\/","logo":{"@type":"ImageObject","inLanguage":"es","@id":"https:\/\/www.pressenza.com\/es\/#\/schema\/logo\/image\/","url":"https:\/\/www.pressenza.com\/wp-content\/uploads\/2022\/10\/pressenza_logo_200x200.jpg","contentUrl":"https:\/\/www.pressenza.com\/wp-content\/uploads\/2022\/10\/pressenza_logo_200x200.jpg","width":200,"height":200,"caption":"Pressenza"},"image":{"@id":"https:\/\/www.pressenza.com\/es\/#\/schema\/logo\/image\/"},"sameAs":["https:\/\/www.facebook.com\/PressenzaItalia","https:\/\/x.com\/PressenzaIPA"]},{"@type":"Person","@id":"https:\/\/www.pressenza.com\/es\/#\/schema\/person\/7c8ee170a4502d638436c91e385315f2","name":"Redacci\u00f3n Colombia","description":"News published by the Pressenza bureau in Colombia","url":"https:\/\/www.pressenza.com\/es\/author\/redaccion-colombia\/"}]}},"place":"Bogot\u00e1 Colombia","original_article_url":"https:\/\/paterasalsur.wordpress.com\/2023\/03\/31\/resisto-luego-existo\/","_links":{"self":[{"href":"https:\/\/www.pressenza.com\/es\/wp-json\/wp\/v2\/posts\/1729423","targetHints":{"allow":["GET"]}}],"collection":[{"href":"https:\/\/www.pressenza.com\/es\/wp-json\/wp\/v2\/posts"}],"about":[{"href":"https:\/\/www.pressenza.com\/es\/wp-json\/wp\/v2\/types\/post"}],"author":[{"embeddable":true,"href":"https:\/\/www.pressenza.com\/es\/wp-json\/wp\/v2\/users\/1053"}],"replies":[{"embeddable":true,"href":"https:\/\/www.pressenza.com\/es\/wp-json\/wp\/v2\/comments?post=1729423"}],"version-history":[{"count":0,"href":"https:\/\/www.pressenza.com\/es\/wp-json\/wp\/v2\/posts\/1729423\/revisions"}],"wp:featuredmedia":[{"embeddable":true,"href":"https:\/\/www.pressenza.com\/es\/wp-json\/wp\/v2\/media\/1729426"}],"wp:attachment":[{"href":"https:\/\/www.pressenza.com\/es\/wp-json\/wp\/v2\/media?parent=1729423"}],"wp:term":[{"taxonomy":"category","embeddable":true,"href":"https:\/\/www.pressenza.com\/es\/wp-json\/wp\/v2\/categories?post=1729423"},{"taxonomy":"post_tag","embeddable":true,"href":"https:\/\/www.pressenza.com\/es\/wp-json\/wp\/v2\/tags?post=1729423"}],"curies":[{"name":"wp","href":"https:\/\/api.w.org\/{rel}","templated":true}]}}