{"id":1729114,"date":"2023-03-31T03:17:29","date_gmt":"2023-03-31T02:17:29","guid":{"rendered":"https:\/\/www.pressenza.com\/?p=1729114"},"modified":"2023-03-30T18:55:10","modified_gmt":"2023-03-30T17:55:10","slug":"no-se-rinde","status":"publish","type":"post","link":"https:\/\/www.pressenza.com\/es\/2023\/03\/no-se-rinde\/","title":{"rendered":"No se rinde"},"content":{"rendered":"<p><span style=\"color: #808080;\"><em>27 de marzo 2023, El Espectador<\/em><\/span><\/p>\n<p class=\"font--secondary\">\u201cNo se rinde mientras tenga coraz\u00f3n. No se rinde mientras tenga una raz\u00f3n\u201d. Una hora 25 minutos de reflexiones, voces que lloran, que evocan, se caen y se vuelven a levantar. Voces de mujeres que confluyen como los r\u00edos. Sobrevivientes. Que nadie confunda cicatriz con derrota, ni tumba con olvido. Que nadie crea que a las mujeres de Colombia las venci\u00f3 la guerra. Una cosa es tener vuelto a\u00f1icos un pedazo de la historia, y otra, darse por vencido\u2026 por vencida.<\/p>\n<p class=\"font--secondary\"><i>Cuando las aguas se juntan<\/i>\u00a0es mucho m\u00e1s que un documental. Es un susurro que grita desde adentro, desde la turbulencia y el dolor, desde el abandono y el coraje, desde la orfandad y el plomo.<\/p>\n<div id=\"fusion-app\">\n<div class=\"Site_skin \">\n<div class=\"Container \">\n<div id=\"main-layout\" class=\"GlobalContainer Layout-Container\">\n<section id=\"\" class=\"\">\n<div class=\"Layout-Divisions pure-u-1\">\n<div class=\"Article Article_column \">\n<div class=\"Article_column \">\n<div class=\"Layout-Row null\">\n<section class=\"pure-u-1 pure-u-xl-8-12\">\n<article>\n<div class=\"Article-Content no-paywall \">\n<section class=\"false\">\n<p class=\"font--secondary\">Las aguas se juntan y se convierten en r\u00edos grandes y caudalosos. Las mujeres se juntan y se vuelven -nos volvemos- mezcla de ternura y fortaleza, de valor, duelo, nostalgia y resistencia. \u201cNo existe vida digna para las mujeres si no estamos juntas\u201d, es la consigna de la Guajira al Putumayo, del Choc\u00f3 al Catatumbo. Lo dicen campesinas, ind\u00edgenas y afrodescendientes. Lo dicen l\u00edderes sociales y ministras; artesanas, violinistas y m\u00e9dicas; artistas, cocaleras y tejedoras.<\/p>\n<p class=\"font--secondary\">Lo dicen madres de hijos y de hijas, madres de sufrimientos y consuelos, madres de curaciones, abrazos y reconciliaciones. Madres de la oquedad dejada por la guerra, madres del silencio, de los c\u00e1nticos y las tamboras. Hijas y madres de la tierra.<\/p>\n<p class=\"font--secondary\"><i>Cuando las aguas se juntan<\/i>\u00a0se lanz\u00f3 hace pocos d\u00edas en Espa\u00f1a y en varias ciudades de Colombia. La pel\u00edcula se logr\u00f3 gracias a ONU Mujeres y a Margarita Mart\u00ednez, colombiana, directora de cine que se ha recorrido nuestro pa\u00eds y ha llorado por los 6.402 muchachos asesinados por la infamia y se ha preguntado por qu\u00e9 ocho millones de v\u00edctimas y por qu\u00e9 hemos sido tan tercos para la guerra. \u00bfC\u00f3mo permitimos m\u00e1s de 60 a\u00f1os de conflicto armado, que nos agrietaron la vida y la geograf\u00eda? Y ha visto -tambi\u00e9n- c\u00f3mo nos hemos suturado las heridas, y sabe que para ser constructores de paz hay que ser a\u00fan m\u00e1s tercos que para dirigir una guerra.<\/p>\n<p class=\"font--secondary\">Serrat dir\u00eda que Margarita \u201ces menuda como el viento\u201d; quiz\u00e1 por eso le alcanza la vida para atravesar selvas, mares y monta\u00f1as y llegar directo al coraz\u00f3n de las personas y que le cuenten c\u00f3mo ha sido la vida y la muerte en las veredas de Colombia; c\u00f3mo suenan las balas en la madrugada y c\u00f3mo se desgarra el coraz\u00f3n de un ni\u00f1o cuando asesinan a su mam\u00e1 en la puerta de sus ojos y su casa.<\/p>\n<p class=\"font--secondary\">Margarita Mart\u00ednez -con el apoyo de ONU Mujeres, la embajada de Suecia en Colombia y la Comisi\u00f3n de la Verdad- recogi\u00f3 para este documental inspiraciones y testimonios que deben conocerse dentro y fuera de nuestro pa\u00eds. Para que nadie vuelva a preguntar si en Colombia hubo s\u00ed o no un conflicto armado; que nadie se atreva a pensar que la discriminaci\u00f3n es tolerable, que la pobreza es un trazo m\u00e1s del paisaje, y la guerra una predestinaci\u00f3n inevitable. Y que el mundo conozca qui\u00e9nes son las \u201cTejedoras de Vida\u201d del Putumayo, y el valor de las lideresas de \u201cNarrar para Vivir\u201d en Montes de Mar\u00eda, y qu\u00e9 es \u201cRuta Pac\u00edfica\u201d, y por qu\u00e9 las madres de Soacha son invencibles; y c\u00f3mo \u201cAMOR\u201d -Asociaci\u00f3n de Mujeres del Oriente Antioque\u00f1o- trabaja por las mujeres y por el territorio, casa grande, abrazo urgente.<\/p>\n<div class=\"sunmedia-2\">\n<div id=\"sm-it-main-container-1680197218271\" class=\"sm-it-main-container\" data-it=\"2064d999-79c2-4744-b447-033e1a7117e7\" data-device=\"desktop\" data-index=\"0\">\n<div id=\"sm-alternative-1680197218271\" class=\"sm-alternative\" data-it=\"2064d999-79c2-4744-b447-033e1a7117e7\" data-index=\"0\" data-device=\"desktop\">\u00a1Bravo, Margarita! por juntar los r\u00edos de todas las aguas. Ser ciudadanos implica no seguir parti\u00e9ndonos entre v\u00edctimas y victimarios. No se vale agachar la cabeza ni vivir muertos entre el miedo, la desaparici\u00f3n y la tortura. Lograste que la voz de la <i>juntanza<\/i> se oyera, imparable, del Atrato al Amazonas, como un soplo de vida y un compromiso de paz.<\/div>\n<p><iframe loading=\"lazy\" title=\"YouTube video player\" src=\"https:\/\/www.youtube.com\/embed\/TVeJGg98Ms8\" width=\"820\" height=\"460\" frameborder=\"0\" allowfullscreen=\"allowfullscreen\"><span data-mce-type=\"bookmark\" style=\"display: inline-block; width: 0px; overflow: hidden; line-height: 0;\" class=\"mce_SELRES_start\">\ufeff<\/span><\/iframe><\/p>\n<\/div>\n<\/div>\n<\/section>\n<\/div>\n<\/article>\n<\/section>\n<\/div>\n<\/div>\n<\/div>\n<\/div>\n<\/section>\n<\/div>\n<\/div>\n<\/div>\n<\/div>\n","protected":false},"excerpt":{"rendered":"<p>27 de marzo 2023, El Espectador \u201cNo se rinde mientras tenga coraz\u00f3n. No se rinde mientras tenga una raz\u00f3n\u201d. Una hora 25 minutos de reflexiones, voces que lloran, que evocan, se caen y se vuelven a levantar. Voces de mujeres&hellip;<\/p>\n","protected":false},"author":1897,"featured_media":1729119,"comment_status":"closed","ping_status":"closed","sticky":false,"template":"","format":"standard","meta":{"footnotes":""},"categories":[75,161,1243,67],"tags":[78568,30949,30,111623,544,111624,1025,22037,419],"class_list":["post-1729114","post","type-post","status-publish","format-standard","has-post-thumbnail","hentry","category-cultura-es","category-opiniones","category-paz-desarme","category-sudamerica","tag-lahuelladeloslideres","tag-acuerdos-de-paz","tag-colombia","tag-cuando-las-aguas-se-juntan","tag-documental","tag-margarita-martinez","tag-mujeres","tag-onu-mujeres","tag-paz"],"yoast_head":"<!-- This site is optimized with the Yoast SEO plugin v27.1.1 - https:\/\/yoast.com\/product\/yoast-seo-wordpress\/ -->\n<title>No se rinde<\/title>\n<meta name=\"description\" content=\"27 de marzo 2023, El Espectador \u201cNo se rinde mientras tenga coraz\u00f3n. No se rinde mientras tenga una raz\u00f3n\u201d. Una hora 25 minutos de reflexiones, voces que\" \/>\n<meta name=\"robots\" content=\"index, follow, max-snippet:-1, max-image-preview:large, max-video-preview:-1\" \/>\n<link rel=\"canonical\" href=\"https:\/\/www.pressenza.com\/es\/2023\/03\/no-se-rinde\/\" \/>\n<meta property=\"og:locale\" content=\"es_ES\" \/>\n<meta property=\"og:type\" content=\"article\" \/>\n<meta property=\"og:title\" content=\"No se rinde\" \/>\n<meta property=\"og:description\" content=\"27 de marzo 2023, El Espectador \u201cNo se rinde mientras tenga coraz\u00f3n. No se rinde mientras tenga una raz\u00f3n\u201d. Una hora 25 minutos de reflexiones, voces que\" \/>\n<meta property=\"og:url\" content=\"https:\/\/www.pressenza.com\/es\/2023\/03\/no-se-rinde\/\" \/>\n<meta property=\"og:site_name\" content=\"Pressenza\" \/>\n<meta property=\"article:publisher\" content=\"https:\/\/www.facebook.com\/PressenzaItalia\" \/>\n<meta property=\"article:published_time\" content=\"2023-03-31T02:17:29+00:00\" \/>\n<meta property=\"og:image\" content=\"https:\/\/www.pressenza.com\/wp-content\/uploads\/2023\/03\/cuando-las-aguas-se-juntan-poster.jpg\" \/>\n\t<meta property=\"og:image:width\" content=\"1024\" \/>\n\t<meta property=\"og:image:height\" content=\"724\" \/>\n\t<meta property=\"og:image:type\" content=\"image\/jpeg\" \/>\n<meta name=\"author\" content=\"Gloria Arias Nieto\" \/>\n<meta name=\"twitter:card\" content=\"summary_large_image\" \/>\n<meta name=\"twitter:creator\" content=\"@gloriariasnieto\" \/>\n<meta name=\"twitter:site\" content=\"@PressenzaIPA\" \/>\n<meta name=\"twitter:label1\" content=\"Escrito por\" \/>\n\t<meta name=\"twitter:data1\" content=\"Gloria Arias Nieto\" \/>\n\t<meta name=\"twitter:label2\" content=\"Tiempo de lectura\" \/>\n\t<meta name=\"twitter:data2\" content=\"3 minutos\" \/>\n<script type=\"application\/ld+json\" class=\"yoast-schema-graph\">{\"@context\":\"https:\/\/schema.org\",\"@graph\":[{\"@type\":\"Article\",\"@id\":\"https:\/\/www.pressenza.com\/es\/2023\/03\/no-se-rinde\/#article\",\"isPartOf\":{\"@id\":\"https:\/\/www.pressenza.com\/es\/2023\/03\/no-se-rinde\/\"},\"author\":{\"name\":\"Gloria Arias Nieto\",\"@id\":\"https:\/\/www.pressenza.com\/es\/#\/schema\/person\/476779c5c0c262f919761226ef961a29\"},\"headline\":\"No se rinde\",\"datePublished\":\"2023-03-31T02:17:29+00:00\",\"mainEntityOfPage\":{\"@id\":\"https:\/\/www.pressenza.com\/es\/2023\/03\/no-se-rinde\/\"},\"wordCount\":681,\"publisher\":{\"@id\":\"https:\/\/www.pressenza.com\/es\/#organization\"},\"image\":{\"@id\":\"https:\/\/www.pressenza.com\/es\/2023\/03\/no-se-rinde\/#primaryimage\"},\"thumbnailUrl\":\"https:\/\/www.pressenza.com\/wp-content\/uploads\/2023\/03\/cuando-las-aguas-se-juntan-poster.jpg\",\"keywords\":[\"#LaHuellaDeLosLideres\",\"Acuerdos de Paz\",\"Colombia\",\"Cuando las aguas se juntan\",\"documental\",\"Margarita Mart\u00ednez\",\"Mujeres\",\"ONU Mujeres\",\"Paz\"],\"articleSection\":[\"Cultura y Medios\",\"Opiniones\",\"Paz y Desarme\",\"Sudam\u00e9rica\"],\"inLanguage\":\"es\"},{\"@type\":\"WebPage\",\"@id\":\"https:\/\/www.pressenza.com\/es\/2023\/03\/no-se-rinde\/\",\"url\":\"https:\/\/www.pressenza.com\/es\/2023\/03\/no-se-rinde\/\",\"name\":\"No se rinde\",\"isPartOf\":{\"@id\":\"https:\/\/www.pressenza.com\/es\/#website\"},\"primaryImageOfPage\":{\"@id\":\"https:\/\/www.pressenza.com\/es\/2023\/03\/no-se-rinde\/#primaryimage\"},\"image\":{\"@id\":\"https:\/\/www.pressenza.com\/es\/2023\/03\/no-se-rinde\/#primaryimage\"},\"thumbnailUrl\":\"https:\/\/www.pressenza.com\/wp-content\/uploads\/2023\/03\/cuando-las-aguas-se-juntan-poster.jpg\",\"datePublished\":\"2023-03-31T02:17:29+00:00\",\"description\":\"27 de marzo 2023, El Espectador \u201cNo se rinde mientras tenga coraz\u00f3n. No se rinde mientras tenga una raz\u00f3n\u201d. Una hora 25 minutos de reflexiones, voces que\",\"breadcrumb\":{\"@id\":\"https:\/\/www.pressenza.com\/es\/2023\/03\/no-se-rinde\/#breadcrumb\"},\"inLanguage\":\"es\",\"potentialAction\":[{\"@type\":\"ReadAction\",\"target\":[\"https:\/\/www.pressenza.com\/es\/2023\/03\/no-se-rinde\/\"]}]},{\"@type\":\"ImageObject\",\"inLanguage\":\"es\",\"@id\":\"https:\/\/www.pressenza.com\/es\/2023\/03\/no-se-rinde\/#primaryimage\",\"url\":\"https:\/\/www.pressenza.com\/wp-content\/uploads\/2023\/03\/cuando-las-aguas-se-juntan-poster.jpg\",\"contentUrl\":\"https:\/\/www.pressenza.com\/wp-content\/uploads\/2023\/03\/cuando-las-aguas-se-juntan-poster.jpg\",\"width\":1024,\"height\":724},{\"@type\":\"BreadcrumbList\",\"@id\":\"https:\/\/www.pressenza.com\/es\/2023\/03\/no-se-rinde\/#breadcrumb\",\"itemListElement\":[{\"@type\":\"ListItem\",\"position\":1,\"name\":\"Accueil\",\"item\":\"https:\/\/www.pressenza.com\/es\/\"},{\"@type\":\"ListItem\",\"position\":2,\"name\":\"No se rinde\"}]},{\"@type\":\"WebSite\",\"@id\":\"https:\/\/www.pressenza.com\/es\/#website\",\"url\":\"https:\/\/www.pressenza.com\/es\/\",\"name\":\"Pressenza\",\"description\":\"International Press Agency\",\"publisher\":{\"@id\":\"https:\/\/www.pressenza.com\/es\/#organization\"},\"potentialAction\":[{\"@type\":\"SearchAction\",\"target\":{\"@type\":\"EntryPoint\",\"urlTemplate\":\"https:\/\/www.pressenza.com\/es\/?s={search_term_string}\"},\"query-input\":{\"@type\":\"PropertyValueSpecification\",\"valueRequired\":true,\"valueName\":\"search_term_string\"}}],\"inLanguage\":\"es\"},{\"@type\":\"Organization\",\"@id\":\"https:\/\/www.pressenza.com\/es\/#organization\",\"name\":\"Pressenza\",\"url\":\"https:\/\/www.pressenza.com\/es\/\",\"logo\":{\"@type\":\"ImageObject\",\"inLanguage\":\"es\",\"@id\":\"https:\/\/www.pressenza.com\/es\/#\/schema\/logo\/image\/\",\"url\":\"https:\/\/www.pressenza.com\/wp-content\/uploads\/2022\/10\/pressenza_logo_200x200.jpg\",\"contentUrl\":\"https:\/\/www.pressenza.com\/wp-content\/uploads\/2022\/10\/pressenza_logo_200x200.jpg\",\"width\":200,\"height\":200,\"caption\":\"Pressenza\"},\"image\":{\"@id\":\"https:\/\/www.pressenza.com\/es\/#\/schema\/logo\/image\/\"},\"sameAs\":[\"https:\/\/www.facebook.com\/PressenzaItalia\",\"https:\/\/x.com\/PressenzaIPA\"]},{\"@type\":\"Person\",\"@id\":\"https:\/\/www.pressenza.com\/es\/#\/schema\/person\/476779c5c0c262f919761226ef961a29\",\"name\":\"Gloria Arias Nieto\",\"description\":\"M\u00e9dica y periodista, columnista de El Espectador. Promotora de procesos de paz y reconciliaci\u00f3n. Miembro del movimiento Defendamos la Paz (DLP) @gloriariasnieto\",\"sameAs\":[\"https:\/\/x.com\/gloriariasnieto\"],\"url\":\"https:\/\/www.pressenza.com\/es\/author\/gloria-arias-nieto\/\"}]}<\/script>\n<!-- \/ Yoast SEO plugin. -->","yoast_head_json":{"title":"No se rinde","description":"27 de marzo 2023, El Espectador \u201cNo se rinde mientras tenga coraz\u00f3n. No se rinde mientras tenga una raz\u00f3n\u201d. Una hora 25 minutos de reflexiones, voces que","robots":{"index":"index","follow":"follow","max-snippet":"max-snippet:-1","max-image-preview":"max-image-preview:large","max-video-preview":"max-video-preview:-1"},"canonical":"https:\/\/www.pressenza.com\/es\/2023\/03\/no-se-rinde\/","og_locale":"es_ES","og_type":"article","og_title":"No se rinde","og_description":"27 de marzo 2023, El Espectador \u201cNo se rinde mientras tenga coraz\u00f3n. No se rinde mientras tenga una raz\u00f3n\u201d. Una hora 25 minutos de reflexiones, voces que","og_url":"https:\/\/www.pressenza.com\/es\/2023\/03\/no-se-rinde\/","og_site_name":"Pressenza","article_publisher":"https:\/\/www.facebook.com\/PressenzaItalia","article_published_time":"2023-03-31T02:17:29+00:00","og_image":[{"width":1024,"height":724,"url":"https:\/\/www.pressenza.com\/wp-content\/uploads\/2023\/03\/cuando-las-aguas-se-juntan-poster.jpg","type":"image\/jpeg"}],"author":"Gloria Arias Nieto","twitter_card":"summary_large_image","twitter_creator":"@gloriariasnieto","twitter_site":"@PressenzaIPA","twitter_misc":{"Escrito por":"Gloria Arias Nieto","Tiempo de lectura":"3 minutos"},"schema":{"@context":"https:\/\/schema.org","@graph":[{"@type":"Article","@id":"https:\/\/www.pressenza.com\/es\/2023\/03\/no-se-rinde\/#article","isPartOf":{"@id":"https:\/\/www.pressenza.com\/es\/2023\/03\/no-se-rinde\/"},"author":{"name":"Gloria Arias Nieto","@id":"https:\/\/www.pressenza.com\/es\/#\/schema\/person\/476779c5c0c262f919761226ef961a29"},"headline":"No se rinde","datePublished":"2023-03-31T02:17:29+00:00","mainEntityOfPage":{"@id":"https:\/\/www.pressenza.com\/es\/2023\/03\/no-se-rinde\/"},"wordCount":681,"publisher":{"@id":"https:\/\/www.pressenza.com\/es\/#organization"},"image":{"@id":"https:\/\/www.pressenza.com\/es\/2023\/03\/no-se-rinde\/#primaryimage"},"thumbnailUrl":"https:\/\/www.pressenza.com\/wp-content\/uploads\/2023\/03\/cuando-las-aguas-se-juntan-poster.jpg","keywords":["#LaHuellaDeLosLideres","Acuerdos de Paz","Colombia","Cuando las aguas se juntan","documental","Margarita Mart\u00ednez","Mujeres","ONU Mujeres","Paz"],"articleSection":["Cultura y Medios","Opiniones","Paz y Desarme","Sudam\u00e9rica"],"inLanguage":"es"},{"@type":"WebPage","@id":"https:\/\/www.pressenza.com\/es\/2023\/03\/no-se-rinde\/","url":"https:\/\/www.pressenza.com\/es\/2023\/03\/no-se-rinde\/","name":"No se rinde","isPartOf":{"@id":"https:\/\/www.pressenza.com\/es\/#website"},"primaryImageOfPage":{"@id":"https:\/\/www.pressenza.com\/es\/2023\/03\/no-se-rinde\/#primaryimage"},"image":{"@id":"https:\/\/www.pressenza.com\/es\/2023\/03\/no-se-rinde\/#primaryimage"},"thumbnailUrl":"https:\/\/www.pressenza.com\/wp-content\/uploads\/2023\/03\/cuando-las-aguas-se-juntan-poster.jpg","datePublished":"2023-03-31T02:17:29+00:00","description":"27 de marzo 2023, El Espectador \u201cNo se rinde mientras tenga coraz\u00f3n. No se rinde mientras tenga una raz\u00f3n\u201d. Una hora 25 minutos de reflexiones, voces que","breadcrumb":{"@id":"https:\/\/www.pressenza.com\/es\/2023\/03\/no-se-rinde\/#breadcrumb"},"inLanguage":"es","potentialAction":[{"@type":"ReadAction","target":["https:\/\/www.pressenza.com\/es\/2023\/03\/no-se-rinde\/"]}]},{"@type":"ImageObject","inLanguage":"es","@id":"https:\/\/www.pressenza.com\/es\/2023\/03\/no-se-rinde\/#primaryimage","url":"https:\/\/www.pressenza.com\/wp-content\/uploads\/2023\/03\/cuando-las-aguas-se-juntan-poster.jpg","contentUrl":"https:\/\/www.pressenza.com\/wp-content\/uploads\/2023\/03\/cuando-las-aguas-se-juntan-poster.jpg","width":1024,"height":724},{"@type":"BreadcrumbList","@id":"https:\/\/www.pressenza.com\/es\/2023\/03\/no-se-rinde\/#breadcrumb","itemListElement":[{"@type":"ListItem","position":1,"name":"Accueil","item":"https:\/\/www.pressenza.com\/es\/"},{"@type":"ListItem","position":2,"name":"No se rinde"}]},{"@type":"WebSite","@id":"https:\/\/www.pressenza.com\/es\/#website","url":"https:\/\/www.pressenza.com\/es\/","name":"Pressenza","description":"International Press Agency","publisher":{"@id":"https:\/\/www.pressenza.com\/es\/#organization"},"potentialAction":[{"@type":"SearchAction","target":{"@type":"EntryPoint","urlTemplate":"https:\/\/www.pressenza.com\/es\/?s={search_term_string}"},"query-input":{"@type":"PropertyValueSpecification","valueRequired":true,"valueName":"search_term_string"}}],"inLanguage":"es"},{"@type":"Organization","@id":"https:\/\/www.pressenza.com\/es\/#organization","name":"Pressenza","url":"https:\/\/www.pressenza.com\/es\/","logo":{"@type":"ImageObject","inLanguage":"es","@id":"https:\/\/www.pressenza.com\/es\/#\/schema\/logo\/image\/","url":"https:\/\/www.pressenza.com\/wp-content\/uploads\/2022\/10\/pressenza_logo_200x200.jpg","contentUrl":"https:\/\/www.pressenza.com\/wp-content\/uploads\/2022\/10\/pressenza_logo_200x200.jpg","width":200,"height":200,"caption":"Pressenza"},"image":{"@id":"https:\/\/www.pressenza.com\/es\/#\/schema\/logo\/image\/"},"sameAs":["https:\/\/www.facebook.com\/PressenzaItalia","https:\/\/x.com\/PressenzaIPA"]},{"@type":"Person","@id":"https:\/\/www.pressenza.com\/es\/#\/schema\/person\/476779c5c0c262f919761226ef961a29","name":"Gloria Arias Nieto","description":"M\u00e9dica y periodista, columnista de El Espectador. Promotora de procesos de paz y reconciliaci\u00f3n. Miembro del movimiento Defendamos la Paz (DLP) @gloriariasnieto","sameAs":["https:\/\/x.com\/gloriariasnieto"],"url":"https:\/\/www.pressenza.com\/es\/author\/gloria-arias-nieto\/"}]}},"place":"Bogot\u00e1, Colombia","original_article_url":"https:\/\/www.elespectador.com\/opinion\/columnistas\/gloria-arias-nieto\/no-se-rinde\/","_links":{"self":[{"href":"https:\/\/www.pressenza.com\/es\/wp-json\/wp\/v2\/posts\/1729114","targetHints":{"allow":["GET"]}}],"collection":[{"href":"https:\/\/www.pressenza.com\/es\/wp-json\/wp\/v2\/posts"}],"about":[{"href":"https:\/\/www.pressenza.com\/es\/wp-json\/wp\/v2\/types\/post"}],"author":[{"embeddable":true,"href":"https:\/\/www.pressenza.com\/es\/wp-json\/wp\/v2\/users\/1897"}],"replies":[{"embeddable":true,"href":"https:\/\/www.pressenza.com\/es\/wp-json\/wp\/v2\/comments?post=1729114"}],"version-history":[{"count":0,"href":"https:\/\/www.pressenza.com\/es\/wp-json\/wp\/v2\/posts\/1729114\/revisions"}],"wp:featuredmedia":[{"embeddable":true,"href":"https:\/\/www.pressenza.com\/es\/wp-json\/wp\/v2\/media\/1729119"}],"wp:attachment":[{"href":"https:\/\/www.pressenza.com\/es\/wp-json\/wp\/v2\/media?parent=1729114"}],"wp:term":[{"taxonomy":"category","embeddable":true,"href":"https:\/\/www.pressenza.com\/es\/wp-json\/wp\/v2\/categories?post=1729114"},{"taxonomy":"post_tag","embeddable":true,"href":"https:\/\/www.pressenza.com\/es\/wp-json\/wp\/v2\/tags?post=1729114"}],"curies":[{"name":"wp","href":"https:\/\/api.w.org\/{rel}","templated":true}]}}