{"id":1729093,"date":"2023-03-30T17:02:34","date_gmt":"2023-03-30T16:02:34","guid":{"rendered":"https:\/\/www.pressenza.com\/?p=1729093"},"modified":"2023-03-30T17:02:34","modified_gmt":"2023-03-30T16:02:34","slug":"refugiadas-afganas-safura","status":"publish","type":"post","link":"https:\/\/www.pressenza.com\/es\/2023\/03\/refugiadas-afganas-safura\/","title":{"rendered":"Refugiadas afganas. Safura"},"content":{"rendered":"<p class=\"section__body\" style=\"padding-left: 40px;\">Cuando piensas que ya has llegado te das cuenta de que aqu\u00ed dentro hay muchas otras fronteras. El idioma. Las ayudas. El sistema dice todo el rato: falta la documentaci\u00f3n. La burocracia es racista<\/p>\n<p class=\"autor\" style=\"padding-left: 40px;\">Por Mar\u00eda Gonz\u00e1lez Reyes\u00b9\/ctxt<\/p>\n<p>Yo s\u00e9 qui\u00e9n es ella y me acerco. \u201cEstoy buscando una semilla como esta\u201d, me dice mostr\u00e1ndome en su mano abierta una bellota de roble. Hace fr\u00edo. Arriba, el sol de invierno.<\/p>\n<p>Le digo mi nombre. Me dice el suyo. Safura. Charlamos sobre la nieve y los \u00e1rboles mientras sus tres hijas y su hijo juegan. \u201cCreo que no recuerdan nada del viaje\u201d, dice. \u201cTe esperan, Safura, tenemos que entrar\u201d, le avisan.<\/p>\n<p>La sala es lo suficientemente grande como para que nos pongamos en c\u00edrculo. \u201cYa sabes, cuenta solo lo que te apetezca compartir, esperamos no hacerte ninguna pregunta inc\u00f3moda o inapropiada, pero si es as\u00ed no dudes en dec\u00edrnoslo\u201d.<\/p>\n<p>Safura comienza a hablar.<\/p>\n<p>El motivo de mi viaje era salvar a mis hijas y mi vida. Afganist\u00e1n es muy duro para las mujeres. No s\u00e9 cu\u00e1ntos a\u00f1os tengo, no tengo ning\u00fan documento. En los pueblos es as\u00ed. Cuando preguntas a tu madre \u00bfcu\u00e1ndo nac\u00ed? ella no responde con un d\u00eda o un mes. Dice: naciste cuando estaba nevando o naciste en el momento de recoger la fruta. Para muchas mujeres no hay constancia de que naces ni de que mueres. Si te asesinan nadie lo sabe. Yo nac\u00ed en uno de esos pueblos peque\u00f1os de Afganist\u00e1n.<\/p>\n<blockquote><p>Trabajaba en el campo, era un trabajo duro. \u00c9ramos siete hermanas y cuatro hermanos. Ya no me acuerdo qu\u00e9 lugar ocupo entre ellos. No fui al colegio. No aprend\u00ed a escribir ni a leer. En mi pueblo nunca dej\u00f3 de haber talibanes, ni antes ni ahora. Por eso no pude aprender las cosas del colegio.<\/p><\/blockquote>\n<p>La situaci\u00f3n era muy dif\u00edcil as\u00ed que contactamos con gente que nos pod\u00eda pasar la frontera. Tuvimos que pagar mucho dinero. De Afganist\u00e1n a Ir\u00e1n. Despu\u00e9s, Turqu\u00eda.<\/p>\n<p>Caminamos mucho. Atravesar fronteras es caminar, caminar, caminar\u2026 Hay muchos intentos. Vas. Vuelves. Te internas en el bosque. Muchos d\u00edas. Y llegamos a Bulgaria despu\u00e9s de mucho tiempo caminando. De d\u00edas sin comida ni agua. Mi hija mayor estaba muy enferma. Vomitaba y estaba muy cansada. Hubo ratos en que uno de los hombres a los que pagamos la cargaba en el hombro como un saco. No pod\u00edamos llamar para pedir ayuda, nos hab\u00edan quitado los tel\u00e9fonos. No ten\u00edamos las medicinas que necesitaba. Pensaba que estaba muerta. Nos cogi\u00f3 la polic\u00eda. No s\u00e9 c\u00f3mo consigui\u00f3 resistir. La vida gan\u00f3 a la muerte.<\/p>\n<p>Luego pasamos a Serbia, Hungr\u00eda y Austria. Ah\u00ed nos volvi\u00f3 a coger la polic\u00eda. Solo sal\u00edamos de mi pa\u00eds para salvarnos.<\/p>\n<blockquote><p>En el viaje pasan muchas cosas complicadas. Da tiempo a que ocurra de todo porque est\u00e1s meses viajando hasta conseguir llegar. Caminas, caminas, caminas. Durante mucho tiempo viajamos el mismo grupo, de unas veinte personas. Cuando atravesamos el bosque hacia Bulgaria una familia no pudo seguir. Los dejamos all\u00ed, en medio del bosque. Ten\u00edan ni\u00f1os. No s\u00e9 qu\u00e9 ha pasado con esa familia. Es dif\u00edcil irte. Es dif\u00edcil quedarte con ellos.<\/p><\/blockquote>\n<p>Luego Italia, Francia. Caminar. Caminar. Caminar. Dormir en la calle. Con miedo. Miedo a que te hagan regresar, a que te devuelvan, a que te golpeen. Al final llegamos a Barcelona. Luego Madrid.<\/p>\n<p>Pero cuando piensas que ya has llegado te das cuenta de que aqu\u00ed dentro hay muchas otras fronteras. El idioma. Las ayudas, que son unos meses pero luego se acaban y est\u00e1s de nuevo en la calle. Con los hijos. Consigues un peque\u00f1o lugar para vivir. Y te llega la notificaci\u00f3n de desahucio. Pero no s\u00e9 leer el idioma. La calle de nuevo. Sin contrato no hay posibilidad de alquilar. Sin casa no hay posibilidad de encontrar trabajo. Si eres de Afganist\u00e1n ni te alquilan ni te contratan.<\/p>\n<blockquote><p>No puedo cobrar ninguna ayuda porque mis hijos no tienen ning\u00fan documento. Nacieron en casa, no tienen papeles ni de all\u00ed ni de aqu\u00ed. Pero el sistema pide un libro de familia para poder conceder ayudas. Mis hijas y mi hijo nacieron en casa. Mi madre era el m\u00e9dico que me atendi\u00f3. El sistema dice todo el rato: falta la documentaci\u00f3n. La burocracia es racista. Igualmente no te alquilan por ser de donde soy yo. Hay muchas fronteras internas.<\/p><\/blockquote>\n<p>hora est\u00e1 todo mejor. Hubo mucha gente en el camino que nos ayud\u00f3, tambi\u00e9n a conseguir casa. Aqu\u00ed mis hijas s\u00ed pueden estudiar. All\u00ed, si hay dos hijas en la misma familia, una es obligada a casarse con un talib\u00e1n. No pod\u00eda dejar que esto les pasara a mis hijas. Muchas mujeres est\u00e1n encerradas. Su comida depende de lo que trae el marido. Nadie sabe cu\u00e1ntas mujeres nacen. Nadie sabe cu\u00e1ntas mujeres mueren antes de lo que les tocar\u00eda. No se registra cu\u00e1ndo nacen. No se registra cu\u00e1ndo mueren. Es como si no existieran.<\/p>\n<p>No nos dejan venir en avi\u00f3n. Las fronteras son muy dif\u00edciles. Matan a mucha gente. Con disparos. De cansancio. Ahogadas. En la frontera con Turqu\u00eda comenz\u00f3 a haber disparos, solo me qued\u00e9 con la beb\u00e9 y perd\u00ed a mi hijo y a mi hija. Otra gente me ayud\u00f3 a encontrarlos.<\/p>\n<p>\u00bfDe qu\u00e9 viv\u00edas en Afganist\u00e1n? S\u00e9 sobrevivir sin comprar nada. All\u00ed ten\u00eda bosque y huerto. Tierra que me hac\u00eda no pasar hambre. Aqu\u00ed en ese sentido es m\u00e1s dif\u00edcil, no sab\u00eda el idioma, pero hay trabajos para los que no hace falta saber hablar ni escribir, como limpiar.<\/p>\n<p>\u00bfCu\u00e1ndo te fuiste? No s\u00e9 el mes, hac\u00eda fr\u00edo. Lo decidimos muy r\u00e1pido. Nos enteramos de que un familiar hab\u00eda pasado la frontera y fuimos. En el pueblo nadie sabe que te vas. Si lo dices no te puedes ir. Los talibanes dicen que en la oscuridad no puedes salir de casa. Si sales y te ven te matan.<\/p>\n<p>\u00bfCu\u00e1ndo llegaste? No s\u00e9, tambi\u00e9n hac\u00eda fr\u00edo.<\/p>\n<p>\u00bfY tus hijas y tu hijo? Creo que no se acuerdan del viaje. Creo que no se acuerdan de dormir en la calle ni de las c\u00e1rceles. Hubo momentos que pens\u00e9 que era mejor que estuvieran muertas antes de tener que pasar por esa situaci\u00f3n.<\/p>\n<p>\u00bfTe apetece contar algo m\u00e1s? No lo cuento todo. Hay cosas que si comienzo a hablarlas no puedo parar de llorar. Y no quiero. No pude hablar con nadie de la dureza del viaje cuando llegu\u00e9 y se me ha quedado encogido el est\u00f3mago.<\/p>\n<p>\u00bfQu\u00e9 hubieses necesitado cuando llegaste? Lo primero, un abrazo.<\/p>\n<p>\u00bfQu\u00e9 necesitas ahora? Hacer algo por las mujeres de mi pa\u00eds. Contar lo que est\u00e1 pasando.<\/p>\n<hr \/>\n<p>Mar\u00eda Gonz\u00e1lez Reyes es escritora, activista de Ecologistas en Acci\u00f3n y profesora de Educaci\u00f3n Secundaria.<\/p>\n","protected":false},"excerpt":{"rendered":"<p>Cuando piensas que ya has llegado te das cuenta de que aqu\u00ed dentro hay muchas otras fronteras. El idioma. Las ayudas. El sistema dice todo el rato: falta la documentaci\u00f3n. La burocracia es racista Por Mar\u00eda Gonz\u00e1lez Reyes\u00b9\/ctxt Yo s\u00e9&hellip;<\/p>\n","protected":false},"author":94,"featured_media":1729095,"comment_status":"closed","ping_status":"closed","sticky":false,"template":"","format":"standard","meta":{"footnotes":""},"categories":[65,66,54515,54574],"tags":[7279,15715,108711,3098,43337],"class_list":["post-1729093","post","type-post","status-publish","format-standard","has-post-thumbnail","hentry","category-asia-es","category-europa-es","category-genero-y-feminismos","category-migrantes-es","tag-afganistan","tag-migracion","tag-mujeres-afganas","tag-racismo","tag-talibanes"],"yoast_head":"<!-- This site is optimized with the Yoast SEO plugin v27.1.1 - https:\/\/yoast.com\/product\/yoast-seo-wordpress\/ -->\n<title>Refugiadas afganas. Safura<\/title>\n<meta name=\"description\" content=\"Cuando piensas que ya has llegado te das cuenta de que aqu\u00ed dentro hay muchas otras fronteras. El idioma. Las ayudas. El sistema dice todo el rato: falta\" \/>\n<meta name=\"robots\" content=\"index, follow, max-snippet:-1, max-image-preview:large, max-video-preview:-1\" \/>\n<link rel=\"canonical\" href=\"https:\/\/www.pressenza.com\/es\/2023\/03\/refugiadas-afganas-safura\/\" \/>\n<meta property=\"og:locale\" content=\"es_ES\" \/>\n<meta property=\"og:type\" content=\"article\" \/>\n<meta property=\"og:title\" content=\"Refugiadas afganas. Safura\" \/>\n<meta property=\"og:description\" content=\"Cuando piensas que ya has llegado te das cuenta de que aqu\u00ed dentro hay muchas otras fronteras. El idioma. Las ayudas. El sistema dice todo el rato: falta\" \/>\n<meta property=\"og:url\" content=\"https:\/\/www.pressenza.com\/es\/2023\/03\/refugiadas-afganas-safura\/\" \/>\n<meta property=\"og:site_name\" content=\"Pressenza\" \/>\n<meta property=\"article:publisher\" content=\"https:\/\/www.facebook.com\/PressenzaItalia\" \/>\n<meta property=\"article:author\" content=\"https:\/\/www.facebook.com\/pressenza\" \/>\n<meta property=\"article:published_time\" content=\"2023-03-30T16:02:34+00:00\" \/>\n<meta property=\"og:image\" content=\"https:\/\/www.pressenza.com\/wp-content\/uploads\/2023\/03\/images_cms-image-000031619.jpeg\" \/>\n\t<meta property=\"og:image:width\" content=\"820\" \/>\n\t<meta property=\"og:image:height\" content=\"528\" \/>\n\t<meta property=\"og:image:type\" content=\"image\/jpeg\" \/>\n<meta name=\"author\" content=\"Redacci\u00f3n Madrid\" \/>\n<meta name=\"twitter:card\" content=\"summary_large_image\" \/>\n<meta name=\"twitter:creator\" content=\"@pressenza\" \/>\n<meta name=\"twitter:site\" content=\"@PressenzaIPA\" \/>\n<meta name=\"twitter:label1\" content=\"Escrito por\" \/>\n\t<meta name=\"twitter:data1\" content=\"Redacci\u00f3n Madrid\" \/>\n\t<meta name=\"twitter:label2\" content=\"Tiempo de lectura\" \/>\n\t<meta name=\"twitter:data2\" content=\"6 minutos\" \/>\n<script type=\"application\/ld+json\" class=\"yoast-schema-graph\">{\"@context\":\"https:\/\/schema.org\",\"@graph\":[{\"@type\":\"Article\",\"@id\":\"https:\/\/www.pressenza.com\/es\/2023\/03\/refugiadas-afganas-safura\/#article\",\"isPartOf\":{\"@id\":\"https:\/\/www.pressenza.com\/es\/2023\/03\/refugiadas-afganas-safura\/\"},\"author\":{\"name\":\"Redacci\u00f3n Madrid\",\"@id\":\"https:\/\/www.pressenza.com\/es\/#\/schema\/person\/828fc40eeca2ad7be3630e5a46adba94\"},\"headline\":\"Refugiadas afganas. Safura\",\"datePublished\":\"2023-03-30T16:02:34+00:00\",\"mainEntityOfPage\":{\"@id\":\"https:\/\/www.pressenza.com\/es\/2023\/03\/refugiadas-afganas-safura\/\"},\"wordCount\":1198,\"publisher\":{\"@id\":\"https:\/\/www.pressenza.com\/es\/#organization\"},\"image\":{\"@id\":\"https:\/\/www.pressenza.com\/es\/2023\/03\/refugiadas-afganas-safura\/#primaryimage\"},\"thumbnailUrl\":\"https:\/\/www.pressenza.com\/wp-content\/uploads\/2023\/03\/images_cms-image-000031619.jpeg\",\"keywords\":[\"Afganist\u00e1n\",\"migraci\u00f3n\",\"mujeres afganas\",\"racismo\",\"Talibanes\"],\"articleSection\":[\"Asia\",\"Europa\",\"G\u00e9nero y Feminismos\",\"Migrantes\"],\"inLanguage\":\"es\"},{\"@type\":\"WebPage\",\"@id\":\"https:\/\/www.pressenza.com\/es\/2023\/03\/refugiadas-afganas-safura\/\",\"url\":\"https:\/\/www.pressenza.com\/es\/2023\/03\/refugiadas-afganas-safura\/\",\"name\":\"Refugiadas afganas. Safura\",\"isPartOf\":{\"@id\":\"https:\/\/www.pressenza.com\/es\/#website\"},\"primaryImageOfPage\":{\"@id\":\"https:\/\/www.pressenza.com\/es\/2023\/03\/refugiadas-afganas-safura\/#primaryimage\"},\"image\":{\"@id\":\"https:\/\/www.pressenza.com\/es\/2023\/03\/refugiadas-afganas-safura\/#primaryimage\"},\"thumbnailUrl\":\"https:\/\/www.pressenza.com\/wp-content\/uploads\/2023\/03\/images_cms-image-000031619.jpeg\",\"datePublished\":\"2023-03-30T16:02:34+00:00\",\"description\":\"Cuando piensas que ya has llegado te das cuenta de que aqu\u00ed dentro hay muchas otras fronteras. El idioma. Las ayudas. El sistema dice todo el rato: falta\",\"breadcrumb\":{\"@id\":\"https:\/\/www.pressenza.com\/es\/2023\/03\/refugiadas-afganas-safura\/#breadcrumb\"},\"inLanguage\":\"es\",\"potentialAction\":[{\"@type\":\"ReadAction\",\"target\":[\"https:\/\/www.pressenza.com\/es\/2023\/03\/refugiadas-afganas-safura\/\"]}]},{\"@type\":\"ImageObject\",\"inLanguage\":\"es\",\"@id\":\"https:\/\/www.pressenza.com\/es\/2023\/03\/refugiadas-afganas-safura\/#primaryimage\",\"url\":\"https:\/\/www.pressenza.com\/wp-content\/uploads\/2023\/03\/images_cms-image-000031619.jpeg\",\"contentUrl\":\"https:\/\/www.pressenza.com\/wp-content\/uploads\/2023\/03\/images_cms-image-000031619.jpeg\",\"width\":820,\"height\":528},{\"@type\":\"BreadcrumbList\",\"@id\":\"https:\/\/www.pressenza.com\/es\/2023\/03\/refugiadas-afganas-safura\/#breadcrumb\",\"itemListElement\":[{\"@type\":\"ListItem\",\"position\":1,\"name\":\"Accueil\",\"item\":\"https:\/\/www.pressenza.com\/es\/\"},{\"@type\":\"ListItem\",\"position\":2,\"name\":\"Refugiadas afganas. Safura\"}]},{\"@type\":\"WebSite\",\"@id\":\"https:\/\/www.pressenza.com\/es\/#website\",\"url\":\"https:\/\/www.pressenza.com\/es\/\",\"name\":\"Pressenza\",\"description\":\"International Press Agency\",\"publisher\":{\"@id\":\"https:\/\/www.pressenza.com\/es\/#organization\"},\"potentialAction\":[{\"@type\":\"SearchAction\",\"target\":{\"@type\":\"EntryPoint\",\"urlTemplate\":\"https:\/\/www.pressenza.com\/es\/?s={search_term_string}\"},\"query-input\":{\"@type\":\"PropertyValueSpecification\",\"valueRequired\":true,\"valueName\":\"search_term_string\"}}],\"inLanguage\":\"es\"},{\"@type\":\"Organization\",\"@id\":\"https:\/\/www.pressenza.com\/es\/#organization\",\"name\":\"Pressenza\",\"url\":\"https:\/\/www.pressenza.com\/es\/\",\"logo\":{\"@type\":\"ImageObject\",\"inLanguage\":\"es\",\"@id\":\"https:\/\/www.pressenza.com\/es\/#\/schema\/logo\/image\/\",\"url\":\"https:\/\/www.pressenza.com\/wp-content\/uploads\/2022\/10\/pressenza_logo_200x200.jpg\",\"contentUrl\":\"https:\/\/www.pressenza.com\/wp-content\/uploads\/2022\/10\/pressenza_logo_200x200.jpg\",\"width\":200,\"height\":200,\"caption\":\"Pressenza\"},\"image\":{\"@id\":\"https:\/\/www.pressenza.com\/es\/#\/schema\/logo\/image\/\"},\"sameAs\":[\"https:\/\/www.facebook.com\/PressenzaItalia\",\"https:\/\/x.com\/PressenzaIPA\"]},{\"@type\":\"Person\",\"@id\":\"https:\/\/www.pressenza.com\/es\/#\/schema\/person\/828fc40eeca2ad7be3630e5a46adba94\",\"name\":\"Redacci\u00f3n Madrid\",\"description\":\"News from the Pressenza Bureau in Madrid, Spain\",\"sameAs\":[\"https:\/\/www.facebook.com\/pressenza\",\"https:\/\/x.com\/pressenza\"],\"url\":\"https:\/\/www.pressenza.com\/es\/author\/redaccion-madrid\/\"}]}<\/script>\n<!-- \/ Yoast SEO plugin. -->","yoast_head_json":{"title":"Refugiadas afganas. Safura","description":"Cuando piensas que ya has llegado te das cuenta de que aqu\u00ed dentro hay muchas otras fronteras. El idioma. Las ayudas. El sistema dice todo el rato: falta","robots":{"index":"index","follow":"follow","max-snippet":"max-snippet:-1","max-image-preview":"max-image-preview:large","max-video-preview":"max-video-preview:-1"},"canonical":"https:\/\/www.pressenza.com\/es\/2023\/03\/refugiadas-afganas-safura\/","og_locale":"es_ES","og_type":"article","og_title":"Refugiadas afganas. Safura","og_description":"Cuando piensas que ya has llegado te das cuenta de que aqu\u00ed dentro hay muchas otras fronteras. El idioma. Las ayudas. El sistema dice todo el rato: falta","og_url":"https:\/\/www.pressenza.com\/es\/2023\/03\/refugiadas-afganas-safura\/","og_site_name":"Pressenza","article_publisher":"https:\/\/www.facebook.com\/PressenzaItalia","article_author":"https:\/\/www.facebook.com\/pressenza","article_published_time":"2023-03-30T16:02:34+00:00","og_image":[{"width":820,"height":528,"url":"https:\/\/www.pressenza.com\/wp-content\/uploads\/2023\/03\/images_cms-image-000031619.jpeg","type":"image\/jpeg"}],"author":"Redacci\u00f3n Madrid","twitter_card":"summary_large_image","twitter_creator":"@pressenza","twitter_site":"@PressenzaIPA","twitter_misc":{"Escrito por":"Redacci\u00f3n Madrid","Tiempo de lectura":"6 minutos"},"schema":{"@context":"https:\/\/schema.org","@graph":[{"@type":"Article","@id":"https:\/\/www.pressenza.com\/es\/2023\/03\/refugiadas-afganas-safura\/#article","isPartOf":{"@id":"https:\/\/www.pressenza.com\/es\/2023\/03\/refugiadas-afganas-safura\/"},"author":{"name":"Redacci\u00f3n Madrid","@id":"https:\/\/www.pressenza.com\/es\/#\/schema\/person\/828fc40eeca2ad7be3630e5a46adba94"},"headline":"Refugiadas afganas. Safura","datePublished":"2023-03-30T16:02:34+00:00","mainEntityOfPage":{"@id":"https:\/\/www.pressenza.com\/es\/2023\/03\/refugiadas-afganas-safura\/"},"wordCount":1198,"publisher":{"@id":"https:\/\/www.pressenza.com\/es\/#organization"},"image":{"@id":"https:\/\/www.pressenza.com\/es\/2023\/03\/refugiadas-afganas-safura\/#primaryimage"},"thumbnailUrl":"https:\/\/www.pressenza.com\/wp-content\/uploads\/2023\/03\/images_cms-image-000031619.jpeg","keywords":["Afganist\u00e1n","migraci\u00f3n","mujeres afganas","racismo","Talibanes"],"articleSection":["Asia","Europa","G\u00e9nero y Feminismos","Migrantes"],"inLanguage":"es"},{"@type":"WebPage","@id":"https:\/\/www.pressenza.com\/es\/2023\/03\/refugiadas-afganas-safura\/","url":"https:\/\/www.pressenza.com\/es\/2023\/03\/refugiadas-afganas-safura\/","name":"Refugiadas afganas. Safura","isPartOf":{"@id":"https:\/\/www.pressenza.com\/es\/#website"},"primaryImageOfPage":{"@id":"https:\/\/www.pressenza.com\/es\/2023\/03\/refugiadas-afganas-safura\/#primaryimage"},"image":{"@id":"https:\/\/www.pressenza.com\/es\/2023\/03\/refugiadas-afganas-safura\/#primaryimage"},"thumbnailUrl":"https:\/\/www.pressenza.com\/wp-content\/uploads\/2023\/03\/images_cms-image-000031619.jpeg","datePublished":"2023-03-30T16:02:34+00:00","description":"Cuando piensas que ya has llegado te das cuenta de que aqu\u00ed dentro hay muchas otras fronteras. El idioma. Las ayudas. El sistema dice todo el rato: falta","breadcrumb":{"@id":"https:\/\/www.pressenza.com\/es\/2023\/03\/refugiadas-afganas-safura\/#breadcrumb"},"inLanguage":"es","potentialAction":[{"@type":"ReadAction","target":["https:\/\/www.pressenza.com\/es\/2023\/03\/refugiadas-afganas-safura\/"]}]},{"@type":"ImageObject","inLanguage":"es","@id":"https:\/\/www.pressenza.com\/es\/2023\/03\/refugiadas-afganas-safura\/#primaryimage","url":"https:\/\/www.pressenza.com\/wp-content\/uploads\/2023\/03\/images_cms-image-000031619.jpeg","contentUrl":"https:\/\/www.pressenza.com\/wp-content\/uploads\/2023\/03\/images_cms-image-000031619.jpeg","width":820,"height":528},{"@type":"BreadcrumbList","@id":"https:\/\/www.pressenza.com\/es\/2023\/03\/refugiadas-afganas-safura\/#breadcrumb","itemListElement":[{"@type":"ListItem","position":1,"name":"Accueil","item":"https:\/\/www.pressenza.com\/es\/"},{"@type":"ListItem","position":2,"name":"Refugiadas afganas. Safura"}]},{"@type":"WebSite","@id":"https:\/\/www.pressenza.com\/es\/#website","url":"https:\/\/www.pressenza.com\/es\/","name":"Pressenza","description":"International Press Agency","publisher":{"@id":"https:\/\/www.pressenza.com\/es\/#organization"},"potentialAction":[{"@type":"SearchAction","target":{"@type":"EntryPoint","urlTemplate":"https:\/\/www.pressenza.com\/es\/?s={search_term_string}"},"query-input":{"@type":"PropertyValueSpecification","valueRequired":true,"valueName":"search_term_string"}}],"inLanguage":"es"},{"@type":"Organization","@id":"https:\/\/www.pressenza.com\/es\/#organization","name":"Pressenza","url":"https:\/\/www.pressenza.com\/es\/","logo":{"@type":"ImageObject","inLanguage":"es","@id":"https:\/\/www.pressenza.com\/es\/#\/schema\/logo\/image\/","url":"https:\/\/www.pressenza.com\/wp-content\/uploads\/2022\/10\/pressenza_logo_200x200.jpg","contentUrl":"https:\/\/www.pressenza.com\/wp-content\/uploads\/2022\/10\/pressenza_logo_200x200.jpg","width":200,"height":200,"caption":"Pressenza"},"image":{"@id":"https:\/\/www.pressenza.com\/es\/#\/schema\/logo\/image\/"},"sameAs":["https:\/\/www.facebook.com\/PressenzaItalia","https:\/\/x.com\/PressenzaIPA"]},{"@type":"Person","@id":"https:\/\/www.pressenza.com\/es\/#\/schema\/person\/828fc40eeca2ad7be3630e5a46adba94","name":"Redacci\u00f3n Madrid","description":"News from the Pressenza Bureau in Madrid, Spain","sameAs":["https:\/\/www.facebook.com\/pressenza","https:\/\/x.com\/pressenza"],"url":"https:\/\/www.pressenza.com\/es\/author\/redaccion-madrid\/"}]}},"place":"Espa\u00f1a","original_article_url":"https:\/\/ctxt.es\/es\/20230301\/Firmas\/42350\/afganistan-refugiados-migrantes-fronteras-taliban-mujeres.htm","_links":{"self":[{"href":"https:\/\/www.pressenza.com\/es\/wp-json\/wp\/v2\/posts\/1729093","targetHints":{"allow":["GET"]}}],"collection":[{"href":"https:\/\/www.pressenza.com\/es\/wp-json\/wp\/v2\/posts"}],"about":[{"href":"https:\/\/www.pressenza.com\/es\/wp-json\/wp\/v2\/types\/post"}],"author":[{"embeddable":true,"href":"https:\/\/www.pressenza.com\/es\/wp-json\/wp\/v2\/users\/94"}],"replies":[{"embeddable":true,"href":"https:\/\/www.pressenza.com\/es\/wp-json\/wp\/v2\/comments?post=1729093"}],"version-history":[{"count":0,"href":"https:\/\/www.pressenza.com\/es\/wp-json\/wp\/v2\/posts\/1729093\/revisions"}],"wp:featuredmedia":[{"embeddable":true,"href":"https:\/\/www.pressenza.com\/es\/wp-json\/wp\/v2\/media\/1729095"}],"wp:attachment":[{"href":"https:\/\/www.pressenza.com\/es\/wp-json\/wp\/v2\/media?parent=1729093"}],"wp:term":[{"taxonomy":"category","embeddable":true,"href":"https:\/\/www.pressenza.com\/es\/wp-json\/wp\/v2\/categories?post=1729093"},{"taxonomy":"post_tag","embeddable":true,"href":"https:\/\/www.pressenza.com\/es\/wp-json\/wp\/v2\/tags?post=1729093"}],"curies":[{"name":"wp","href":"https:\/\/api.w.org\/{rel}","templated":true}]}}