{"id":1726895,"date":"2023-03-22T05:18:15","date_gmt":"2023-03-22T05:18:15","guid":{"rendered":"https:\/\/www.pressenza.com\/?p=1726895"},"modified":"2023-03-22T15:10:09","modified_gmt":"2023-03-22T15:10:09","slug":"peru-lejos-de-eliminar-la-discriminacion","status":"publish","type":"post","link":"https:\/\/www.pressenza.com\/es\/2023\/03\/peru-lejos-de-eliminar-la-discriminacion\/","title":{"rendered":"Per\u00fa: Lejos de eliminar la discriminaci\u00f3n"},"content":{"rendered":"<p>Ayer 21 de \u00a0marzo, D\u00eda Internacional de la Eliminaci\u00f3n de la Discriminaci\u00f3n Racial, el Per\u00fa no tuvo nada que celebrar. La crisis social y pol\u00edtica que vive el pa\u00eds muestra un tremendo retroceso en cuanto al respeto a nuestra diversidad cultural, con actos flagrantes de discriminaci\u00f3n racial y \u00e9tnica, incluso de nuestras propias autoridades.<\/p>\n<p>Seg\u00fan se\u00f1ala el Ministerio de Cultura, el Per\u00fa es un pa\u00eds pluricultural, que presenta en su territorio 55 pueblos ind\u00edgenas, que hablan 48 lenguas originarias. Estas abarcan a m\u00e1s de 2 mil comunidades nativas y 6 mil comunidades campesinas, representando m\u00e1s de 3 millones de peruanos distribuidos en 23 departamentos.<\/p>\n<p>Pese al aporte de estas comunidades en diversos \u00e1mbitos del conocimiento humano, cuyas pr\u00e1cticas ancestrales han aportado a la seguridad alimentaria del pa\u00eds y al cuidado de la diversidad biol\u00f3gica de la flora y fauna, adem\u00e1s de costumbres como el trabajo comunal, la minka y la cosmovisi\u00f3n andina; esta poblaci\u00f3n a\u00fan presenta fuertes limitantes para su desarrollo.<\/p>\n<p>As\u00ed, solo el 48,5% cuenta con un establecimiento de salud (y los que tienen, son puestos o postas de salud de nivel b\u00e1sico), el 95,2% logr\u00f3 instalar instituciones educativas del nivel b\u00e1sico pero solo el 2% presenta instituciones de educaci\u00f3n t\u00e9cnica y el 0,5% de educaci\u00f3n superior; asimismo, solo el 27,6% cuenta con servicios de comunicaci\u00f3n.<\/p>\n<p>Es decir, esta diversidad cultural, lejos de ser considerada una potencialidad de nuestro pa\u00eds, es postergada por los diferentes gobiernos de turno.<\/p>\n<p><strong>Violencia en manifestaciones <\/strong><\/p>\n<p>Y a\u00fan m\u00e1s, la postergaci\u00f3n de estos grupos de peruanos se ha intensificado con los \u00faltimos acontecimientos suscitados en la llamada \u201cToma de Lima\u201d, en la que se ha evidenciado un trato discriminatorio y denigrante hacia los diversos grupos de manifestantes provenientes del sur del pa\u00eds.<\/p>\n<p>Hechos como negarle el saludo al ex presidente Pedro Castillo por parte de la ex presidenta del Congreso de la Rep\u00fablica, o la declaraci\u00f3n de la presidenta Dina Boluarte quien se\u00f1al\u00f3 que \u201cPuno no es el Per\u00fa\u201d, o la detenci\u00f3n y denuncias de agresiones a manifestantes pune\u00f1os en la toma de la Universidad Nacional Mayor de San Marcos; as\u00ed como la represi\u00f3n con bombas lacrim\u00f3genas a madres aymaras con hijos en sus espaldas, entre otras, son algunas de las evidencias que muestran un Per\u00fa en retroceso, donde los derechos como la dignidad e igualdad, van quedando en el olvido, mientras la discriminaci\u00f3n racial se asienta sin rubor alguno.<\/p>\n","protected":false},"excerpt":{"rendered":"<p>Ayer 21 de \u00a0marzo, D\u00eda Internacional de la Eliminaci\u00f3n de la Discriminaci\u00f3n Racial, el Per\u00fa no tuvo nada que celebrar. La crisis social y pol\u00edtica que vive el pa\u00eds muestra un tremendo retroceso en cuanto al respeto a nuestra diversidad&hellip;<\/p>\n","protected":false},"author":831,"featured_media":1726896,"comment_status":"closed","ping_status":"closed","sticky":false,"template":"","format":"standard","meta":{"footnotes":""},"categories":[11389,75,79,80,67],"tags":[95288,111309,25221,22210,109326],"class_list":["post-1726895","post","type-post","status-publish","format-standard","has-post-thumbnail","hentry","category-contenido-original","category-cultura-es","category-derechos-humanos","category-pueblos-originarios","category-sudamerica","tag-comunidades-campesinas","tag-comunidades-nativas","tag-discriminacion-racial","tag-pueblos-originarios","tag-toma-de-lima"],"yoast_head":"<!-- This site is optimized with the Yoast SEO plugin v27.1.1 - https:\/\/yoast.com\/product\/yoast-seo-wordpress\/ -->\n<title>Per\u00fa: Lejos de eliminar la discriminaci\u00f3n<\/title>\n<meta name=\"description\" content=\"Ayer 21 de \u00a0marzo, D\u00eda Internacional de la Eliminaci\u00f3n de la Discriminaci\u00f3n Racial, el Per\u00fa no tuvo nada que celebrar. La crisis social y pol\u00edtica que\" \/>\n<meta name=\"robots\" content=\"index, follow, max-snippet:-1, max-image-preview:large, max-video-preview:-1\" \/>\n<link rel=\"canonical\" href=\"https:\/\/www.pressenza.com\/es\/2023\/03\/peru-lejos-de-eliminar-la-discriminacion\/\" \/>\n<meta property=\"og:locale\" content=\"es_ES\" \/>\n<meta property=\"og:type\" content=\"article\" \/>\n<meta property=\"og:title\" content=\"Per\u00fa: Lejos de eliminar la discriminaci\u00f3n\" \/>\n<meta property=\"og:description\" content=\"Ayer 21 de \u00a0marzo, D\u00eda Internacional de la Eliminaci\u00f3n de la Discriminaci\u00f3n Racial, el Per\u00fa no tuvo nada que celebrar. La crisis social y pol\u00edtica que\" \/>\n<meta property=\"og:url\" content=\"https:\/\/www.pressenza.com\/es\/2023\/03\/peru-lejos-de-eliminar-la-discriminacion\/\" \/>\n<meta property=\"og:site_name\" content=\"Pressenza\" \/>\n<meta property=\"article:publisher\" content=\"https:\/\/www.facebook.com\/PressenzaItalia\" \/>\n<meta property=\"article:published_time\" content=\"2023-03-22T05:18:15+00:00\" \/>\n<meta property=\"article:modified_time\" content=\"2023-03-22T15:10:09+00:00\" \/>\n<meta property=\"og:image\" content=\"https:\/\/www.pressenza.com\/wp-content\/uploads\/2023\/03\/01-Diversidad-cultural-en-Peru.jpg\" \/>\n\t<meta property=\"og:image:width\" content=\"1200\" \/>\n\t<meta property=\"og:image:height\" content=\"675\" \/>\n\t<meta property=\"og:image:type\" content=\"image\/jpeg\" \/>\n<meta name=\"author\" content=\"Redacci\u00f3n Per\u00fa\" \/>\n<meta name=\"twitter:card\" content=\"summary_large_image\" \/>\n<meta name=\"twitter:creator\" content=\"@PressenzaIPA\" \/>\n<meta name=\"twitter:site\" content=\"@PressenzaIPA\" \/>\n<meta name=\"twitter:label1\" content=\"Escrito por\" \/>\n\t<meta name=\"twitter:data1\" content=\"Redacci\u00f3n Per\u00fa\" \/>\n\t<meta name=\"twitter:label2\" content=\"Tiempo de lectura\" \/>\n\t<meta name=\"twitter:data2\" content=\"2 minutos\" \/>\n<script type=\"application\/ld+json\" class=\"yoast-schema-graph\">{\"@context\":\"https:\/\/schema.org\",\"@graph\":[{\"@type\":\"Article\",\"@id\":\"https:\/\/www.pressenza.com\/es\/2023\/03\/peru-lejos-de-eliminar-la-discriminacion\/#article\",\"isPartOf\":{\"@id\":\"https:\/\/www.pressenza.com\/es\/2023\/03\/peru-lejos-de-eliminar-la-discriminacion\/\"},\"author\":{\"name\":\"Redacci\u00f3n Per\u00fa\",\"@id\":\"https:\/\/www.pressenza.com\/es\/#\/schema\/person\/e86c29a41185b85084a478822f5de81b\"},\"headline\":\"Per\u00fa: Lejos de eliminar la discriminaci\u00f3n\",\"datePublished\":\"2023-03-22T05:18:15+00:00\",\"dateModified\":\"2023-03-22T15:10:09+00:00\",\"mainEntityOfPage\":{\"@id\":\"https:\/\/www.pressenza.com\/es\/2023\/03\/peru-lejos-de-eliminar-la-discriminacion\/\"},\"wordCount\":429,\"publisher\":{\"@id\":\"https:\/\/www.pressenza.com\/es\/#organization\"},\"image\":{\"@id\":\"https:\/\/www.pressenza.com\/es\/2023\/03\/peru-lejos-de-eliminar-la-discriminacion\/#primaryimage\"},\"thumbnailUrl\":\"https:\/\/www.pressenza.com\/wp-content\/uploads\/2023\/03\/01-Diversidad-cultural-en-Peru.jpg\",\"keywords\":[\"comunidades campesinas\",\"comunidades nativas\",\"discriminaci\u00f3n racial\",\"Pueblos Originarios\",\"Toma de Lima\"],\"articleSection\":[\"Contenido Original\",\"Cultura y Medios\",\"Derechos Humanos\",\"Pueblos Originarios\",\"Sudam\u00e9rica\"],\"inLanguage\":\"es\"},{\"@type\":\"WebPage\",\"@id\":\"https:\/\/www.pressenza.com\/es\/2023\/03\/peru-lejos-de-eliminar-la-discriminacion\/\",\"url\":\"https:\/\/www.pressenza.com\/es\/2023\/03\/peru-lejos-de-eliminar-la-discriminacion\/\",\"name\":\"Per\u00fa: Lejos de eliminar la discriminaci\u00f3n\",\"isPartOf\":{\"@id\":\"https:\/\/www.pressenza.com\/es\/#website\"},\"primaryImageOfPage\":{\"@id\":\"https:\/\/www.pressenza.com\/es\/2023\/03\/peru-lejos-de-eliminar-la-discriminacion\/#primaryimage\"},\"image\":{\"@id\":\"https:\/\/www.pressenza.com\/es\/2023\/03\/peru-lejos-de-eliminar-la-discriminacion\/#primaryimage\"},\"thumbnailUrl\":\"https:\/\/www.pressenza.com\/wp-content\/uploads\/2023\/03\/01-Diversidad-cultural-en-Peru.jpg\",\"datePublished\":\"2023-03-22T05:18:15+00:00\",\"dateModified\":\"2023-03-22T15:10:09+00:00\",\"description\":\"Ayer 21 de \u00a0marzo, D\u00eda Internacional de la Eliminaci\u00f3n de la Discriminaci\u00f3n Racial, el Per\u00fa no tuvo nada que celebrar. La crisis social y pol\u00edtica que\",\"breadcrumb\":{\"@id\":\"https:\/\/www.pressenza.com\/es\/2023\/03\/peru-lejos-de-eliminar-la-discriminacion\/#breadcrumb\"},\"inLanguage\":\"es\",\"potentialAction\":[{\"@type\":\"ReadAction\",\"target\":[\"https:\/\/www.pressenza.com\/es\/2023\/03\/peru-lejos-de-eliminar-la-discriminacion\/\"]}]},{\"@type\":\"ImageObject\",\"inLanguage\":\"es\",\"@id\":\"https:\/\/www.pressenza.com\/es\/2023\/03\/peru-lejos-de-eliminar-la-discriminacion\/#primaryimage\",\"url\":\"https:\/\/www.pressenza.com\/wp-content\/uploads\/2023\/03\/01-Diversidad-cultural-en-Peru.jpg\",\"contentUrl\":\"https:\/\/www.pressenza.com\/wp-content\/uploads\/2023\/03\/01-Diversidad-cultural-en-Peru.jpg\",\"width\":1200,\"height\":675},{\"@type\":\"BreadcrumbList\",\"@id\":\"https:\/\/www.pressenza.com\/es\/2023\/03\/peru-lejos-de-eliminar-la-discriminacion\/#breadcrumb\",\"itemListElement\":[{\"@type\":\"ListItem\",\"position\":1,\"name\":\"Accueil\",\"item\":\"https:\/\/www.pressenza.com\/es\/\"},{\"@type\":\"ListItem\",\"position\":2,\"name\":\"Per\u00fa: Lejos de eliminar la discriminaci\u00f3n\"}]},{\"@type\":\"WebSite\",\"@id\":\"https:\/\/www.pressenza.com\/es\/#website\",\"url\":\"https:\/\/www.pressenza.com\/es\/\",\"name\":\"Pressenza\",\"description\":\"International Press Agency\",\"publisher\":{\"@id\":\"https:\/\/www.pressenza.com\/es\/#organization\"},\"potentialAction\":[{\"@type\":\"SearchAction\",\"target\":{\"@type\":\"EntryPoint\",\"urlTemplate\":\"https:\/\/www.pressenza.com\/es\/?s={search_term_string}\"},\"query-input\":{\"@type\":\"PropertyValueSpecification\",\"valueRequired\":true,\"valueName\":\"search_term_string\"}}],\"inLanguage\":\"es\"},{\"@type\":\"Organization\",\"@id\":\"https:\/\/www.pressenza.com\/es\/#organization\",\"name\":\"Pressenza\",\"url\":\"https:\/\/www.pressenza.com\/es\/\",\"logo\":{\"@type\":\"ImageObject\",\"inLanguage\":\"es\",\"@id\":\"https:\/\/www.pressenza.com\/es\/#\/schema\/logo\/image\/\",\"url\":\"https:\/\/www.pressenza.com\/wp-content\/uploads\/2022\/10\/pressenza_logo_200x200.jpg\",\"contentUrl\":\"https:\/\/www.pressenza.com\/wp-content\/uploads\/2022\/10\/pressenza_logo_200x200.jpg\",\"width\":200,\"height\":200,\"caption\":\"Pressenza\"},\"image\":{\"@id\":\"https:\/\/www.pressenza.com\/es\/#\/schema\/logo\/image\/\"},\"sameAs\":[\"https:\/\/www.facebook.com\/PressenzaItalia\",\"https:\/\/x.com\/PressenzaIPA\"]},{\"@type\":\"Person\",\"@id\":\"https:\/\/www.pressenza.com\/es\/#\/schema\/person\/e86c29a41185b85084a478822f5de81b\",\"name\":\"Redacci\u00f3n Per\u00fa\",\"description\":\"News published by the Pressenza bureau in Peru\",\"url\":\"https:\/\/www.pressenza.com\/es\/author\/redaccion-peru\/\"}]}<\/script>\n<!-- \/ Yoast SEO plugin. -->","yoast_head_json":{"title":"Per\u00fa: Lejos de eliminar la discriminaci\u00f3n","description":"Ayer 21 de \u00a0marzo, D\u00eda Internacional de la Eliminaci\u00f3n de la Discriminaci\u00f3n Racial, el Per\u00fa no tuvo nada que celebrar. La crisis social y pol\u00edtica que","robots":{"index":"index","follow":"follow","max-snippet":"max-snippet:-1","max-image-preview":"max-image-preview:large","max-video-preview":"max-video-preview:-1"},"canonical":"https:\/\/www.pressenza.com\/es\/2023\/03\/peru-lejos-de-eliminar-la-discriminacion\/","og_locale":"es_ES","og_type":"article","og_title":"Per\u00fa: Lejos de eliminar la discriminaci\u00f3n","og_description":"Ayer 21 de \u00a0marzo, D\u00eda Internacional de la Eliminaci\u00f3n de la Discriminaci\u00f3n Racial, el Per\u00fa no tuvo nada que celebrar. La crisis social y pol\u00edtica que","og_url":"https:\/\/www.pressenza.com\/es\/2023\/03\/peru-lejos-de-eliminar-la-discriminacion\/","og_site_name":"Pressenza","article_publisher":"https:\/\/www.facebook.com\/PressenzaItalia","article_published_time":"2023-03-22T05:18:15+00:00","article_modified_time":"2023-03-22T15:10:09+00:00","og_image":[{"width":1200,"height":675,"url":"https:\/\/www.pressenza.com\/wp-content\/uploads\/2023\/03\/01-Diversidad-cultural-en-Peru.jpg","type":"image\/jpeg"}],"author":"Redacci\u00f3n Per\u00fa","twitter_card":"summary_large_image","twitter_creator":"@PressenzaIPA","twitter_site":"@PressenzaIPA","twitter_misc":{"Escrito por":"Redacci\u00f3n Per\u00fa","Tiempo de lectura":"2 minutos"},"schema":{"@context":"https:\/\/schema.org","@graph":[{"@type":"Article","@id":"https:\/\/www.pressenza.com\/es\/2023\/03\/peru-lejos-de-eliminar-la-discriminacion\/#article","isPartOf":{"@id":"https:\/\/www.pressenza.com\/es\/2023\/03\/peru-lejos-de-eliminar-la-discriminacion\/"},"author":{"name":"Redacci\u00f3n Per\u00fa","@id":"https:\/\/www.pressenza.com\/es\/#\/schema\/person\/e86c29a41185b85084a478822f5de81b"},"headline":"Per\u00fa: Lejos de eliminar la discriminaci\u00f3n","datePublished":"2023-03-22T05:18:15+00:00","dateModified":"2023-03-22T15:10:09+00:00","mainEntityOfPage":{"@id":"https:\/\/www.pressenza.com\/es\/2023\/03\/peru-lejos-de-eliminar-la-discriminacion\/"},"wordCount":429,"publisher":{"@id":"https:\/\/www.pressenza.com\/es\/#organization"},"image":{"@id":"https:\/\/www.pressenza.com\/es\/2023\/03\/peru-lejos-de-eliminar-la-discriminacion\/#primaryimage"},"thumbnailUrl":"https:\/\/www.pressenza.com\/wp-content\/uploads\/2023\/03\/01-Diversidad-cultural-en-Peru.jpg","keywords":["comunidades campesinas","comunidades nativas","discriminaci\u00f3n racial","Pueblos Originarios","Toma de Lima"],"articleSection":["Contenido Original","Cultura y Medios","Derechos Humanos","Pueblos Originarios","Sudam\u00e9rica"],"inLanguage":"es"},{"@type":"WebPage","@id":"https:\/\/www.pressenza.com\/es\/2023\/03\/peru-lejos-de-eliminar-la-discriminacion\/","url":"https:\/\/www.pressenza.com\/es\/2023\/03\/peru-lejos-de-eliminar-la-discriminacion\/","name":"Per\u00fa: Lejos de eliminar la discriminaci\u00f3n","isPartOf":{"@id":"https:\/\/www.pressenza.com\/es\/#website"},"primaryImageOfPage":{"@id":"https:\/\/www.pressenza.com\/es\/2023\/03\/peru-lejos-de-eliminar-la-discriminacion\/#primaryimage"},"image":{"@id":"https:\/\/www.pressenza.com\/es\/2023\/03\/peru-lejos-de-eliminar-la-discriminacion\/#primaryimage"},"thumbnailUrl":"https:\/\/www.pressenza.com\/wp-content\/uploads\/2023\/03\/01-Diversidad-cultural-en-Peru.jpg","datePublished":"2023-03-22T05:18:15+00:00","dateModified":"2023-03-22T15:10:09+00:00","description":"Ayer 21 de \u00a0marzo, D\u00eda Internacional de la Eliminaci\u00f3n de la Discriminaci\u00f3n Racial, el Per\u00fa no tuvo nada que celebrar. La crisis social y pol\u00edtica que","breadcrumb":{"@id":"https:\/\/www.pressenza.com\/es\/2023\/03\/peru-lejos-de-eliminar-la-discriminacion\/#breadcrumb"},"inLanguage":"es","potentialAction":[{"@type":"ReadAction","target":["https:\/\/www.pressenza.com\/es\/2023\/03\/peru-lejos-de-eliminar-la-discriminacion\/"]}]},{"@type":"ImageObject","inLanguage":"es","@id":"https:\/\/www.pressenza.com\/es\/2023\/03\/peru-lejos-de-eliminar-la-discriminacion\/#primaryimage","url":"https:\/\/www.pressenza.com\/wp-content\/uploads\/2023\/03\/01-Diversidad-cultural-en-Peru.jpg","contentUrl":"https:\/\/www.pressenza.com\/wp-content\/uploads\/2023\/03\/01-Diversidad-cultural-en-Peru.jpg","width":1200,"height":675},{"@type":"BreadcrumbList","@id":"https:\/\/www.pressenza.com\/es\/2023\/03\/peru-lejos-de-eliminar-la-discriminacion\/#breadcrumb","itemListElement":[{"@type":"ListItem","position":1,"name":"Accueil","item":"https:\/\/www.pressenza.com\/es\/"},{"@type":"ListItem","position":2,"name":"Per\u00fa: Lejos de eliminar la discriminaci\u00f3n"}]},{"@type":"WebSite","@id":"https:\/\/www.pressenza.com\/es\/#website","url":"https:\/\/www.pressenza.com\/es\/","name":"Pressenza","description":"International Press Agency","publisher":{"@id":"https:\/\/www.pressenza.com\/es\/#organization"},"potentialAction":[{"@type":"SearchAction","target":{"@type":"EntryPoint","urlTemplate":"https:\/\/www.pressenza.com\/es\/?s={search_term_string}"},"query-input":{"@type":"PropertyValueSpecification","valueRequired":true,"valueName":"search_term_string"}}],"inLanguage":"es"},{"@type":"Organization","@id":"https:\/\/www.pressenza.com\/es\/#organization","name":"Pressenza","url":"https:\/\/www.pressenza.com\/es\/","logo":{"@type":"ImageObject","inLanguage":"es","@id":"https:\/\/www.pressenza.com\/es\/#\/schema\/logo\/image\/","url":"https:\/\/www.pressenza.com\/wp-content\/uploads\/2022\/10\/pressenza_logo_200x200.jpg","contentUrl":"https:\/\/www.pressenza.com\/wp-content\/uploads\/2022\/10\/pressenza_logo_200x200.jpg","width":200,"height":200,"caption":"Pressenza"},"image":{"@id":"https:\/\/www.pressenza.com\/es\/#\/schema\/logo\/image\/"},"sameAs":["https:\/\/www.facebook.com\/PressenzaItalia","https:\/\/x.com\/PressenzaIPA"]},{"@type":"Person","@id":"https:\/\/www.pressenza.com\/es\/#\/schema\/person\/e86c29a41185b85084a478822f5de81b","name":"Redacci\u00f3n Per\u00fa","description":"News published by the Pressenza bureau in Peru","url":"https:\/\/www.pressenza.com\/es\/author\/redaccion-peru\/"}]}},"place":"","original_article_url":"","_links":{"self":[{"href":"https:\/\/www.pressenza.com\/es\/wp-json\/wp\/v2\/posts\/1726895","targetHints":{"allow":["GET"]}}],"collection":[{"href":"https:\/\/www.pressenza.com\/es\/wp-json\/wp\/v2\/posts"}],"about":[{"href":"https:\/\/www.pressenza.com\/es\/wp-json\/wp\/v2\/types\/post"}],"author":[{"embeddable":true,"href":"https:\/\/www.pressenza.com\/es\/wp-json\/wp\/v2\/users\/831"}],"replies":[{"embeddable":true,"href":"https:\/\/www.pressenza.com\/es\/wp-json\/wp\/v2\/comments?post=1726895"}],"version-history":[{"count":0,"href":"https:\/\/www.pressenza.com\/es\/wp-json\/wp\/v2\/posts\/1726895\/revisions"}],"wp:featuredmedia":[{"embeddable":true,"href":"https:\/\/www.pressenza.com\/es\/wp-json\/wp\/v2\/media\/1726896"}],"wp:attachment":[{"href":"https:\/\/www.pressenza.com\/es\/wp-json\/wp\/v2\/media?parent=1726895"}],"wp:term":[{"taxonomy":"category","embeddable":true,"href":"https:\/\/www.pressenza.com\/es\/wp-json\/wp\/v2\/categories?post=1726895"},{"taxonomy":"post_tag","embeddable":true,"href":"https:\/\/www.pressenza.com\/es\/wp-json\/wp\/v2\/tags?post=1726895"}],"curies":[{"name":"wp","href":"https:\/\/api.w.org\/{rel}","templated":true}]}}