{"id":1725913,"date":"2023-03-17T21:20:46","date_gmt":"2023-03-17T21:20:46","guid":{"rendered":"https:\/\/www.pressenza.com\/?p=1725913"},"modified":"2023-03-17T21:20:46","modified_gmt":"2023-03-17T21:20:46","slug":"la-soledad-receta-del-sistema","status":"publish","type":"post","link":"https:\/\/www.pressenza.com\/es\/2023\/03\/la-soledad-receta-del-sistema\/","title":{"rendered":"La soledad: receta del sistema"},"content":{"rendered":"<p>Por: Oleg Yasninky<\/p>\n<p>Uno de los principales objetivos del proyecto neoliberal, que adem\u00e1s es su m\u00e9todo, es la atomizaci\u00f3n del ser social \u2013humano\u2013 en mil esquirlas esquizofr\u00e9nicas de\u00a0<strong>pseudolibertades<\/strong>\u00a0y<strong>\u00a0pseudoindependencias personales.<\/strong><\/p>\n<p>Podemos buscar los ejemplos m\u00e1s burdos. No hemos visto nunca ning\u00fan comercial o publicidad de ning\u00fan negocio promocionando algo colectivo, intangible, locamente desapegado del fetiche material, aunque sea disfrazado con mil promesas espirituales. No. El asunto es bastante m\u00e1s sencillo. Desde muy temprana edad, nos ense\u00f1an a distinguir el mundo de nuestras fantas\u00edas del \u00abmundo real\u00bb y este mundo real suele ser explicado como una carrera, una competencia hacia una meta llamada \u00ab\u00e9xito\u00bb, y en este mapa que nos presentan y obligan a seguir, hay muchos\u00a0<strong>continentes intencionalmente omitidos<\/strong>, tales como la vejez o la muerte, que siguen siendo tab\u00faes en la civilizaci\u00f3n occidental.<\/p>\n<blockquote><p>Parece que todo est\u00e1 hecho para que evitemos hacernos algunas preguntas. Para que no descubramos que los momentos de felicidad m\u00e1s grandes en nuestras vidas poco o nada ten\u00edan que ver con nuestra situaci\u00f3n econ\u00f3mica de entonces. Prefieren tenernos siempre en peque\u00f1as metas materiales con el gran vac\u00edo esperando despu\u00e9s de lograrlas.<\/p><\/blockquote>\n<p>Es interesante analizar estos procesos en el \u00e1mbito laboral. La enorme mayor\u00eda de los mortales trabajamos para satisfacer nuestras necesidades econ\u00f3micas, algunos pasando por realidades muy crudas y apremiantes. Varias veces, m\u00e1s all\u00e1 de la indemnizaci\u00f3n o de los resultados econ\u00f3micos de un negocio propio, nos sentimos satisfechos con algo que hicimos bien hecho, lo que nos da la felicidad de saber que\u00a0<strong>la motivaci\u00f3n material no es la \u00fanica<\/strong>. Y tambi\u00e9n, a veces, nos pasa como a m\u00ed ahora, esta sensaci\u00f3n de inspiraci\u00f3n viva, cuando les escribo estas palabras. Me siento de regreso a Latinoam\u00e9rica, donde pas\u00e9 la mayor parte de mi vida, o con un pedacito de Latinoam\u00e9rica en alg\u00fan lugar de mi mundo en Mosc\u00fa, con las personas que conozco y quiero. Sin prisa y con una total confianza, conversamos de tantas cosas que vamos descubriendo en este camino.<\/p>\n<p>S\u00e9 que alguien ver\u00e1 en estas palabras \u00abla propaganda de Putin\u00bb. Otros, los m\u00e1s estudiosos, encontrar\u00e1n una falta total de rigor cient\u00edfico y un caos mental imperdonable para el periodismo serio. Algunos en sus cr\u00edticas tendr\u00e1n una u otra raz\u00f3n. Pero lo importante es que juntos estamos construyendo este espacio de compartir y sentirnos muy cerca, mucho m\u00e1s all\u00e1 de no vernos f\u00edsicamente, de no estar siempre de acuerdo en todo y de no exigirnos perfecciones inexistentes. Pero este placer de la conexi\u00f3n humana siempre es la fuente inspiradora de mis palabras.<\/p>\n<p><strong>Nos ense\u00f1an a no confiar en los dem\u00e1s ni en nosotros mismos<\/strong>, y si seguimos haci\u00e9ndolo, entonces es que no hemos entendido los principios b\u00e1sicos de las nuevas reglas de la modernidad. La falta de principios es declarada \u00abflexibilidad\u00bb, el oportunismo es \u00abla capacidad de adaptarse a las nuevas condiciones\u00bb y la falta de sentimientos de asco y responsabilidad es nombrada \u00abhedonismo\u00bb.<\/p>\n<blockquote><p>Todo parece ser una evasi\u00f3n. Mil tareas importantes desde el momento de despertar, las emergencias m\u00e1s urgentes, todo para no tener que mirarse al espejo antes de salir al mundo.<\/p><\/blockquote>\n<p>Parece que la idea de lo \u00abindividual\u00bb fue una trampa mental para convertirnos en una masa de soledades incapaces de conectarnos con mundos que llevamos dentro. Cuando \u00abel librepensador\u00bb del siglo antepasado abandonaba su iglesia, su familia, su sindicato o su partido para construir su \u00abmirada independiente\u00bb, en su ingenuidad, \u00e9l seguramente no pod\u00eda ver que para nuestra naturaleza de seres sociales, el \u00fanico verdadero desarrollo personal posible es mejorando y profundizando nuestras interrelaciones con los otros seres humanos, que sin el espejo del otro simplemente no tenemos c\u00f3mo vernos y que para descubrir y cumplir nuestra misi\u00f3n en este mundo, debemos junto con otros aprender a construir relaciones de interdependencia, complicidad y armon\u00eda. Como\u00a0<strong>la felicidad humana siempre es un mal negocio para el sistema<\/strong>, ahora nos mantienen en masa la gran parte de nuestras vidas mirando las pantallas de los dispositivos electr\u00f3nicos, para que ojal\u00e1 no veamos el de al lado y, en lo ideal, ni recordemos de nuestra existencia.<\/p>\n<p>No es cierto que detr\u00e1s del impenetrable y oscuro manto de la historia anterior no haya habido momentos de luz. En alg\u00fan momento, nuestros ancestros aprendieron a compartir y ponerse de acuerdo. Sin esto, habr\u00edan sido devorados por bestias prehist\u00f3ricas y nunca habr\u00edamos abandonado las cuevas. Tal vez en este caminar de las cuevas, muchos hacia las chozas y algunos pocos hacia los palacios, se produjo el primer desv\u00edo que la prensa y los pol\u00edticos con los a\u00f1os supieron explicar y justificar utilizando los conceptos sobre la \u00abnaturaleza humana\u00bb, muy convenientes al poder para eternizar su c\u00f3modo statu quo.<\/p>\n<p>El sistema anula la base de la sociedad humana: la antigua b\u00fasqueda de un acuerdo social, que emana de los valores, los principios y las ideas acerca del bien com\u00fan. El triunfo de las utop\u00edas individualistas que se nos inculca desde el momento de nuestro nacer en la sociedad capitalista es justamente el \u00abfin de la historia\u00bb buscado por el poder, para condenar a los humanos a una muerte de soledad y vac\u00edo.<\/p>\n<p><strong>El factor pol\u00edtico clave para resolver el problema es el amor<\/strong>. Despu\u00e9s de tantas telenovelas, historietas, c\u00f3mics y mil c\u00e1tedras de hipocres\u00edas de todo tipo, que todos conocemos muy bien, esta palabra suena tal vez incluso peor que las palabras \u00abdemocracia\u00bb, \u00ablibertad\u00bb, \u00abjusticia\u00bb o \u00abderechos humanos\u00bb. Lo s\u00e9. Pero coincidamos que la pobre palabra no tiene la culpa y que no nos queda otra que seguir abusando de ella, mientras no encontremos alguna mejor (o si el amor llegara a ser una norma de las relaciones humanas, tal vez, desaparecer\u00eda por innecesaria). Y entonces\u2026 los que saben algo del amor dicen que no existen amores ni grandes ni peque\u00f1os, ni rom\u00e1nticos, ni infelices, ni ardientes, ni malditos. Dicen que existe solo el amor como algo completo, absoluto, \u00edntegro, que no aguanta los adjetivos, ni necesita la literatura.<\/p>\n<p>En una sociedad emocionalmente fracasada, que es un para\u00edso para los sic\u00f3logos y guionistas de teleseries, no se puede hablar de casi nada en serio. Nunca he sabido c\u00f3mo explicar por qu\u00e9 el amor no \u00abse hace\u00bb, no \u00abse busca\u00bb ni mucho menos \u00abse reclama\u00bb, pues son conceptos profundamente ofensivos y equivocados. Tratando de evocarlo, hablo de otra cosa. Debe ser como una manera de ubicarse en el mundo, sin piel, uniendo todo lo que llevamos dentro con el infinito que nos rodea, buscando las palabras, las miradas y los silencios que son abrazos, y unidos con los de otros son una revoluci\u00f3n.<\/p>\n<p><strong>El sistema hace todo por desintegrarnos y fragmentarnos<\/strong>.\u00a0<strong>Cada vez le sobramos m\u00e1s<\/strong>. Las extra\u00f1as enfermedades, los remedios peores que las enfermedades y las armas de destrucci\u00f3n masiva cumplen la misma funci\u00f3n que los plasmas que nos ofrecen soledad y vac\u00edo. Nuestro deber es volver a relacionarnos como humanos y recuperar nuestra esencia colectiva, algo sin lo cual simplemente no tendremos hacia d\u00f3nde avanzar.<\/p>\n<p>El art\u00edculo original lo puede encontrar en el siguiente link: https:\/\/actualidad.rt.com\/opinion\/oleg-yasinsky\/460907-soledad-receta-sistema<\/p>\n<p>&nbsp;<\/p>\n","protected":false},"excerpt":{"rendered":"<p>Por: Oleg Yasninky Uno de los principales objetivos del proyecto neoliberal, que adem\u00e1s es su m\u00e9todo, es la atomizaci\u00f3n del ser social \u2013humano\u2013 en mil esquirlas esquizofr\u00e9nicas de\u00a0pseudolibertades\u00a0y\u00a0pseudoindependencias personales. Podemos buscar los ejemplos m\u00e1s burdos. No hemos visto nunca ning\u00fan&hellip;<\/p>\n","protected":false},"author":1181,"featured_media":1725916,"comment_status":"closed","ping_status":"closed","sticky":false,"template":"","format":"standard","meta":{"footnotes":""},"categories":[39,161,1239],"tags":[111174,13047,441,75460],"class_list":["post-1725913","post","type-post","status-publish","format-standard","has-post-thumbnail","hentry","category-internacional","category-opiniones","category-salud","tag-alud-mental","tag-amor","tag-derechos-humanos","tag-soledad"],"yoast_head":"<!-- This site is optimized with the Yoast SEO plugin v27.1.1 - https:\/\/yoast.com\/product\/yoast-seo-wordpress\/ -->\n<title>La soledad: receta del sistema<\/title>\n<meta name=\"description\" content=\"Por: Oleg Yasninky Uno de los principales objetivos del proyecto neoliberal, que adem\u00e1s es su m\u00e9todo, es la atomizaci\u00f3n del ser social \u2013humano\u2013 en mil\" \/>\n<meta name=\"robots\" content=\"index, follow, max-snippet:-1, max-image-preview:large, max-video-preview:-1\" \/>\n<link rel=\"canonical\" href=\"https:\/\/www.pressenza.com\/es\/2023\/03\/la-soledad-receta-del-sistema\/\" \/>\n<meta property=\"og:locale\" content=\"es_ES\" \/>\n<meta property=\"og:type\" content=\"article\" \/>\n<meta property=\"og:title\" content=\"La soledad: receta del sistema\" \/>\n<meta property=\"og:description\" content=\"Por: Oleg Yasninky Uno de los principales objetivos del proyecto neoliberal, que adem\u00e1s es su m\u00e9todo, es la atomizaci\u00f3n del ser social \u2013humano\u2013 en mil\" \/>\n<meta property=\"og:url\" content=\"https:\/\/www.pressenza.com\/es\/2023\/03\/la-soledad-receta-del-sistema\/\" \/>\n<meta property=\"og:site_name\" content=\"Pressenza\" \/>\n<meta property=\"article:publisher\" content=\"https:\/\/www.facebook.com\/PressenzaItalia\" \/>\n<meta property=\"article:author\" content=\"https:\/\/www.facebook.com\/RTnews\" \/>\n<meta property=\"article:published_time\" content=\"2023-03-17T21:20:46+00:00\" \/>\n<meta property=\"og:image\" content=\"https:\/\/www.pressenza.com\/wp-content\/uploads\/2023\/03\/soledad2.webp\" \/>\n\t<meta property=\"og:image:width\" content=\"1278\" \/>\n\t<meta property=\"og:image:height\" content=\"850\" \/>\n\t<meta property=\"og:image:type\" content=\"image\/webp\" \/>\n<meta name=\"author\" content=\"RT\" \/>\n<meta name=\"twitter:card\" content=\"summary_large_image\" \/>\n<meta name=\"twitter:creator\" content=\"@RT_com\" \/>\n<meta name=\"twitter:site\" content=\"@PressenzaIPA\" \/>\n<meta name=\"twitter:label1\" content=\"Escrito por\" \/>\n\t<meta name=\"twitter:data1\" content=\"RT\" \/>\n\t<meta name=\"twitter:label2\" content=\"Tiempo de lectura\" \/>\n\t<meta name=\"twitter:data2\" content=\"6 minutos\" \/>\n<script type=\"application\/ld+json\" class=\"yoast-schema-graph\">{\"@context\":\"https:\/\/schema.org\",\"@graph\":[{\"@type\":\"Article\",\"@id\":\"https:\/\/www.pressenza.com\/es\/2023\/03\/la-soledad-receta-del-sistema\/#article\",\"isPartOf\":{\"@id\":\"https:\/\/www.pressenza.com\/es\/2023\/03\/la-soledad-receta-del-sistema\/\"},\"author\":{\"name\":\"RT\",\"@id\":\"https:\/\/www.pressenza.com\/es\/#\/schema\/person\/a9bc3bac2cc72cc81fc57959c714a38e\"},\"headline\":\"La soledad: receta del sistema\",\"datePublished\":\"2023-03-17T21:20:46+00:00\",\"mainEntityOfPage\":{\"@id\":\"https:\/\/www.pressenza.com\/es\/2023\/03\/la-soledad-receta-del-sistema\/\"},\"wordCount\":1258,\"publisher\":{\"@id\":\"https:\/\/www.pressenza.com\/es\/#organization\"},\"image\":{\"@id\":\"https:\/\/www.pressenza.com\/es\/2023\/03\/la-soledad-receta-del-sistema\/#primaryimage\"},\"thumbnailUrl\":\"https:\/\/www.pressenza.com\/wp-content\/uploads\/2023\/03\/soledad2.webp\",\"keywords\":[\"alud mental\",\"Amor\",\"Derechos humanos\",\"soledad\"],\"articleSection\":[\"Internacional\",\"Opiniones\",\"Salud\"],\"inLanguage\":\"es\"},{\"@type\":\"WebPage\",\"@id\":\"https:\/\/www.pressenza.com\/es\/2023\/03\/la-soledad-receta-del-sistema\/\",\"url\":\"https:\/\/www.pressenza.com\/es\/2023\/03\/la-soledad-receta-del-sistema\/\",\"name\":\"La soledad: receta del sistema\",\"isPartOf\":{\"@id\":\"https:\/\/www.pressenza.com\/es\/#website\"},\"primaryImageOfPage\":{\"@id\":\"https:\/\/www.pressenza.com\/es\/2023\/03\/la-soledad-receta-del-sistema\/#primaryimage\"},\"image\":{\"@id\":\"https:\/\/www.pressenza.com\/es\/2023\/03\/la-soledad-receta-del-sistema\/#primaryimage\"},\"thumbnailUrl\":\"https:\/\/www.pressenza.com\/wp-content\/uploads\/2023\/03\/soledad2.webp\",\"datePublished\":\"2023-03-17T21:20:46+00:00\",\"description\":\"Por: Oleg Yasninky Uno de los principales objetivos del proyecto neoliberal, que adem\u00e1s es su m\u00e9todo, es la atomizaci\u00f3n del ser social \u2013humano\u2013 en mil\",\"breadcrumb\":{\"@id\":\"https:\/\/www.pressenza.com\/es\/2023\/03\/la-soledad-receta-del-sistema\/#breadcrumb\"},\"inLanguage\":\"es\",\"potentialAction\":[{\"@type\":\"ReadAction\",\"target\":[\"https:\/\/www.pressenza.com\/es\/2023\/03\/la-soledad-receta-del-sistema\/\"]}]},{\"@type\":\"ImageObject\",\"inLanguage\":\"es\",\"@id\":\"https:\/\/www.pressenza.com\/es\/2023\/03\/la-soledad-receta-del-sistema\/#primaryimage\",\"url\":\"https:\/\/www.pressenza.com\/wp-content\/uploads\/2023\/03\/soledad2.webp\",\"contentUrl\":\"https:\/\/www.pressenza.com\/wp-content\/uploads\/2023\/03\/soledad2.webp\",\"width\":1278,\"height\":850},{\"@type\":\"BreadcrumbList\",\"@id\":\"https:\/\/www.pressenza.com\/es\/2023\/03\/la-soledad-receta-del-sistema\/#breadcrumb\",\"itemListElement\":[{\"@type\":\"ListItem\",\"position\":1,\"name\":\"Accueil\",\"item\":\"https:\/\/www.pressenza.com\/es\/\"},{\"@type\":\"ListItem\",\"position\":2,\"name\":\"La soledad: receta del sistema\"}]},{\"@type\":\"WebSite\",\"@id\":\"https:\/\/www.pressenza.com\/es\/#website\",\"url\":\"https:\/\/www.pressenza.com\/es\/\",\"name\":\"Pressenza\",\"description\":\"International Press Agency\",\"publisher\":{\"@id\":\"https:\/\/www.pressenza.com\/es\/#organization\"},\"potentialAction\":[{\"@type\":\"SearchAction\",\"target\":{\"@type\":\"EntryPoint\",\"urlTemplate\":\"https:\/\/www.pressenza.com\/es\/?s={search_term_string}\"},\"query-input\":{\"@type\":\"PropertyValueSpecification\",\"valueRequired\":true,\"valueName\":\"search_term_string\"}}],\"inLanguage\":\"es\"},{\"@type\":\"Organization\",\"@id\":\"https:\/\/www.pressenza.com\/es\/#organization\",\"name\":\"Pressenza\",\"url\":\"https:\/\/www.pressenza.com\/es\/\",\"logo\":{\"@type\":\"ImageObject\",\"inLanguage\":\"es\",\"@id\":\"https:\/\/www.pressenza.com\/es\/#\/schema\/logo\/image\/\",\"url\":\"https:\/\/www.pressenza.com\/wp-content\/uploads\/2022\/10\/pressenza_logo_200x200.jpg\",\"contentUrl\":\"https:\/\/www.pressenza.com\/wp-content\/uploads\/2022\/10\/pressenza_logo_200x200.jpg\",\"width\":200,\"height\":200,\"caption\":\"Pressenza\"},\"image\":{\"@id\":\"https:\/\/www.pressenza.com\/es\/#\/schema\/logo\/image\/\"},\"sameAs\":[\"https:\/\/www.facebook.com\/PressenzaItalia\",\"https:\/\/x.com\/PressenzaIPA\"]},{\"@type\":\"Person\",\"@id\":\"https:\/\/www.pressenza.com\/es\/#\/schema\/person\/a9bc3bac2cc72cc81fc57959c714a38e\",\"name\":\"RT\",\"description\":\"With its first channel launched in December 2005, the RT network now consists of three global news channels broadcasting in English, Spanish and Arabic, RT America broadcasting from a Washington, DC studio, RT UK airing from London, and a documentary channel RTDoc \u2013 in English and Russian. Today RT has a global reach of over 700 million people in 100+ countries. Articles and photographs by RT on Pressenza do not fall under the Creative Commons license are are not reproducible in any way. RT news covers the major issues of our time for viewers wishing to question more and delivers stories often missed by the mainstream media to create news with an edge. RT provides an alternative perspective on major global events, and acquaints an international audience with the Russian viewpoint. rt.com\",\"sameAs\":[\"http:\/\/www.rt.com\",\"https:\/\/www.facebook.com\/RTnews\",\"https:\/\/x.com\/RT_com\"],\"url\":\"https:\/\/www.pressenza.com\/es\/author\/russia-today\/\"}]}<\/script>\n<!-- \/ Yoast SEO plugin. -->","yoast_head_json":{"title":"La soledad: receta del sistema","description":"Por: Oleg Yasninky Uno de los principales objetivos del proyecto neoliberal, que adem\u00e1s es su m\u00e9todo, es la atomizaci\u00f3n del ser social \u2013humano\u2013 en mil","robots":{"index":"index","follow":"follow","max-snippet":"max-snippet:-1","max-image-preview":"max-image-preview:large","max-video-preview":"max-video-preview:-1"},"canonical":"https:\/\/www.pressenza.com\/es\/2023\/03\/la-soledad-receta-del-sistema\/","og_locale":"es_ES","og_type":"article","og_title":"La soledad: receta del sistema","og_description":"Por: Oleg Yasninky Uno de los principales objetivos del proyecto neoliberal, que adem\u00e1s es su m\u00e9todo, es la atomizaci\u00f3n del ser social \u2013humano\u2013 en mil","og_url":"https:\/\/www.pressenza.com\/es\/2023\/03\/la-soledad-receta-del-sistema\/","og_site_name":"Pressenza","article_publisher":"https:\/\/www.facebook.com\/PressenzaItalia","article_author":"https:\/\/www.facebook.com\/RTnews","article_published_time":"2023-03-17T21:20:46+00:00","og_image":[{"width":1278,"height":850,"url":"https:\/\/www.pressenza.com\/wp-content\/uploads\/2023\/03\/soledad2.webp","type":"image\/webp"}],"author":"RT","twitter_card":"summary_large_image","twitter_creator":"@RT_com","twitter_site":"@PressenzaIPA","twitter_misc":{"Escrito por":"RT","Tiempo de lectura":"6 minutos"},"schema":{"@context":"https:\/\/schema.org","@graph":[{"@type":"Article","@id":"https:\/\/www.pressenza.com\/es\/2023\/03\/la-soledad-receta-del-sistema\/#article","isPartOf":{"@id":"https:\/\/www.pressenza.com\/es\/2023\/03\/la-soledad-receta-del-sistema\/"},"author":{"name":"RT","@id":"https:\/\/www.pressenza.com\/es\/#\/schema\/person\/a9bc3bac2cc72cc81fc57959c714a38e"},"headline":"La soledad: receta del sistema","datePublished":"2023-03-17T21:20:46+00:00","mainEntityOfPage":{"@id":"https:\/\/www.pressenza.com\/es\/2023\/03\/la-soledad-receta-del-sistema\/"},"wordCount":1258,"publisher":{"@id":"https:\/\/www.pressenza.com\/es\/#organization"},"image":{"@id":"https:\/\/www.pressenza.com\/es\/2023\/03\/la-soledad-receta-del-sistema\/#primaryimage"},"thumbnailUrl":"https:\/\/www.pressenza.com\/wp-content\/uploads\/2023\/03\/soledad2.webp","keywords":["alud mental","Amor","Derechos humanos","soledad"],"articleSection":["Internacional","Opiniones","Salud"],"inLanguage":"es"},{"@type":"WebPage","@id":"https:\/\/www.pressenza.com\/es\/2023\/03\/la-soledad-receta-del-sistema\/","url":"https:\/\/www.pressenza.com\/es\/2023\/03\/la-soledad-receta-del-sistema\/","name":"La soledad: receta del sistema","isPartOf":{"@id":"https:\/\/www.pressenza.com\/es\/#website"},"primaryImageOfPage":{"@id":"https:\/\/www.pressenza.com\/es\/2023\/03\/la-soledad-receta-del-sistema\/#primaryimage"},"image":{"@id":"https:\/\/www.pressenza.com\/es\/2023\/03\/la-soledad-receta-del-sistema\/#primaryimage"},"thumbnailUrl":"https:\/\/www.pressenza.com\/wp-content\/uploads\/2023\/03\/soledad2.webp","datePublished":"2023-03-17T21:20:46+00:00","description":"Por: Oleg Yasninky Uno de los principales objetivos del proyecto neoliberal, que adem\u00e1s es su m\u00e9todo, es la atomizaci\u00f3n del ser social \u2013humano\u2013 en mil","breadcrumb":{"@id":"https:\/\/www.pressenza.com\/es\/2023\/03\/la-soledad-receta-del-sistema\/#breadcrumb"},"inLanguage":"es","potentialAction":[{"@type":"ReadAction","target":["https:\/\/www.pressenza.com\/es\/2023\/03\/la-soledad-receta-del-sistema\/"]}]},{"@type":"ImageObject","inLanguage":"es","@id":"https:\/\/www.pressenza.com\/es\/2023\/03\/la-soledad-receta-del-sistema\/#primaryimage","url":"https:\/\/www.pressenza.com\/wp-content\/uploads\/2023\/03\/soledad2.webp","contentUrl":"https:\/\/www.pressenza.com\/wp-content\/uploads\/2023\/03\/soledad2.webp","width":1278,"height":850},{"@type":"BreadcrumbList","@id":"https:\/\/www.pressenza.com\/es\/2023\/03\/la-soledad-receta-del-sistema\/#breadcrumb","itemListElement":[{"@type":"ListItem","position":1,"name":"Accueil","item":"https:\/\/www.pressenza.com\/es\/"},{"@type":"ListItem","position":2,"name":"La soledad: receta del sistema"}]},{"@type":"WebSite","@id":"https:\/\/www.pressenza.com\/es\/#website","url":"https:\/\/www.pressenza.com\/es\/","name":"Pressenza","description":"International Press Agency","publisher":{"@id":"https:\/\/www.pressenza.com\/es\/#organization"},"potentialAction":[{"@type":"SearchAction","target":{"@type":"EntryPoint","urlTemplate":"https:\/\/www.pressenza.com\/es\/?s={search_term_string}"},"query-input":{"@type":"PropertyValueSpecification","valueRequired":true,"valueName":"search_term_string"}}],"inLanguage":"es"},{"@type":"Organization","@id":"https:\/\/www.pressenza.com\/es\/#organization","name":"Pressenza","url":"https:\/\/www.pressenza.com\/es\/","logo":{"@type":"ImageObject","inLanguage":"es","@id":"https:\/\/www.pressenza.com\/es\/#\/schema\/logo\/image\/","url":"https:\/\/www.pressenza.com\/wp-content\/uploads\/2022\/10\/pressenza_logo_200x200.jpg","contentUrl":"https:\/\/www.pressenza.com\/wp-content\/uploads\/2022\/10\/pressenza_logo_200x200.jpg","width":200,"height":200,"caption":"Pressenza"},"image":{"@id":"https:\/\/www.pressenza.com\/es\/#\/schema\/logo\/image\/"},"sameAs":["https:\/\/www.facebook.com\/PressenzaItalia","https:\/\/x.com\/PressenzaIPA"]},{"@type":"Person","@id":"https:\/\/www.pressenza.com\/es\/#\/schema\/person\/a9bc3bac2cc72cc81fc57959c714a38e","name":"RT","description":"With its first channel launched in December 2005, the RT network now consists of three global news channels broadcasting in English, Spanish and Arabic, RT America broadcasting from a Washington, DC studio, RT UK airing from London, and a documentary channel RTDoc \u2013 in English and Russian. Today RT has a global reach of over 700 million people in 100+ countries. Articles and photographs by RT on Pressenza do not fall under the Creative Commons license are are not reproducible in any way. RT news covers the major issues of our time for viewers wishing to question more and delivers stories often missed by the mainstream media to create news with an edge. RT provides an alternative perspective on major global events, and acquaints an international audience with the Russian viewpoint. rt.com","sameAs":["http:\/\/www.rt.com","https:\/\/www.facebook.com\/RTnews","https:\/\/x.com\/RT_com"],"url":"https:\/\/www.pressenza.com\/es\/author\/russia-today\/"}]}},"place":"","original_article_url":"","_links":{"self":[{"href":"https:\/\/www.pressenza.com\/es\/wp-json\/wp\/v2\/posts\/1725913","targetHints":{"allow":["GET"]}}],"collection":[{"href":"https:\/\/www.pressenza.com\/es\/wp-json\/wp\/v2\/posts"}],"about":[{"href":"https:\/\/www.pressenza.com\/es\/wp-json\/wp\/v2\/types\/post"}],"author":[{"embeddable":true,"href":"https:\/\/www.pressenza.com\/es\/wp-json\/wp\/v2\/users\/1181"}],"replies":[{"embeddable":true,"href":"https:\/\/www.pressenza.com\/es\/wp-json\/wp\/v2\/comments?post=1725913"}],"version-history":[{"count":0,"href":"https:\/\/www.pressenza.com\/es\/wp-json\/wp\/v2\/posts\/1725913\/revisions"}],"wp:featuredmedia":[{"embeddable":true,"href":"https:\/\/www.pressenza.com\/es\/wp-json\/wp\/v2\/media\/1725916"}],"wp:attachment":[{"href":"https:\/\/www.pressenza.com\/es\/wp-json\/wp\/v2\/media?parent=1725913"}],"wp:term":[{"taxonomy":"category","embeddable":true,"href":"https:\/\/www.pressenza.com\/es\/wp-json\/wp\/v2\/categories?post=1725913"},{"taxonomy":"post_tag","embeddable":true,"href":"https:\/\/www.pressenza.com\/es\/wp-json\/wp\/v2\/tags?post=1725913"}],"curies":[{"name":"wp","href":"https:\/\/api.w.org\/{rel}","templated":true}]}}