{"id":1725707,"date":"2023-03-16T22:14:02","date_gmt":"2023-03-16T22:14:02","guid":{"rendered":"https:\/\/www.pressenza.com\/?p=1725707"},"modified":"2023-03-16T22:14:02","modified_gmt":"2023-03-16T22:14:02","slug":"el-terrorismo-y-sus-repercusiones-en-el-acceso-al-agua-en-el-sahel","status":"publish","type":"post","link":"https:\/\/www.pressenza.com\/es\/2023\/03\/el-terrorismo-y-sus-repercusiones-en-el-acceso-al-agua-en-el-sahel\/","title":{"rendered":"El terrorismo y sus repercusiones en el acceso al agua en el Sahel"},"content":{"rendered":"<section class=\"elementor-section elementor-top-section elementor-element elementor-element-16f4bdea elementor-section-boxed elementor-section-height-default elementor-section-height-default\" data-id=\"16f4bdea\" data-element_type=\"section\">\n<div class=\"elementor-container elementor-column-gap-default\">\n<div class=\"elementor-row\">\n<div class=\"elementor-column elementor-col-100 elementor-top-column elementor-element elementor-element-12c4c1f5\" data-id=\"12c4c1f5\" data-element_type=\"column\">\n<div class=\"elementor-column-wrap elementor-element-populated\">\n<div class=\"elementor-widget-wrap\">\n<div class=\"elementor-element elementor-element-86326b6 elementor-widget elementor-widget-heading\" data-id=\"86326b6\" data-element_type=\"widget\" data-widget_type=\"heading.default\">\n<div class=\"elementor-widget-container\">\n<p class=\"elementor-heading-title elementor-size-default\" style=\"padding-left: 40px;\">Este es un art\u00edculo de opini\u00f3n de Armand Houanye, secretario ejecutivo regional de la Asociaci\u00f3n Mundial para el Agua en \u00c1frica Occidental.<\/p>\n<\/div>\n<\/div>\n<\/div>\n<\/div>\n<\/div>\n<\/div>\n<\/div>\n<\/section>\n<section class=\"elementor-section elementor-top-section elementor-element elementor-element-35134fda elementor-section-boxed elementor-section-height-default elementor-section-height-default\" data-id=\"35134fda\" data-element_type=\"section\">\n<div class=\"elementor-container elementor-column-gap-default\">\n<div class=\"elementor-row\">\n<div class=\"elementor-column elementor-col-50 elementor-top-column elementor-element elementor-element-1c1240d5\" data-id=\"1c1240d5\" data-element_type=\"column\">\n<div class=\"elementor-column-wrap elementor-element-populated\">\n<div class=\"elementor-widget-wrap\">\n<div id=\"ips-destacada\" class=\"elementor-element elementor-element-4f350e35 elementor-widget elementor-widget-theme-post-featured-image elementor-widget-image\" data-id=\"4f350e35\" data-element_type=\"widget\" data-widget_type=\"theme-post-featured-image.default\">\n<div class=\"elementor-widget-container\">\n<div class=\"elementor-image\">\n<p>El capit\u00e1n Ibrahim Traor, presidente interino de Burkina Faso, habl\u00f3 a fines del a\u00f1o pasado de los conflictos que asolan ahora su pa\u00eds y gran parte de su regi\u00f3n. Describi\u00f3 la situaci\u00f3n de Burkina Faso como previsible, dadas las deficiencias end\u00e9micas de la gobernanza que, en su opini\u00f3n, han conducido al abandono econ\u00f3mico de muchos j\u00f3venes, sobre todo fuera de las zonas urbanas.<span id=\"more-170387\"><\/span><\/p>\n<p>Pronunci\u00f3 estas palabras el 13 de noviembre ante partidos pol\u00edticos, organizaciones de la sociedad civil y l\u00edderes tradicionales y consuetudinarios en Uagadug\u00fa, la capital del pa\u00eds, con el fin de sensibilizar a la opini\u00f3n p\u00fablica sobre el r\u00e1pido deterioro de la situaci\u00f3n de seguridad en Burkina Faso.<\/p>\n<p>Destac\u00f3 especialmente su atenci\u00f3n al agua, ya que describi\u00f3 c\u00f3mo la poblaci\u00f3n de las regiones del suroeste, noroeste y el Sahel, como Gorom-Gorom, Tinasane y Markoye, se abastec\u00eda mediante bidones para recoger agua.<\/p>\n<p>Esto le llev\u00f3 a preguntarse por qu\u00e9 no hab\u00eda proyectos de desarrollo en estas regiones empobrecidas. La gente camina kil\u00f3metros, se lament\u00f3, para conseguir agua para el ganado que muere en el camino.<\/p>\n<p>No hay carreteras para que los camiones transporten siquiera el pienso para el ganado, reflexion\u00f3, antes de referirse al puente de carretera Kongoussi-Djibo, construido en los a\u00f1os 50, que est\u00e1 tan deteriorado que ya no soporta los camiones que llevar\u00edan al mercado los productos locales, ahora abandonados en descomposici\u00f3n.<\/p>\n<p>Todo, dijo, por la falta de inversi\u00f3n en la construcci\u00f3n y el mantenimiento de infraestructuras esenciales.<\/p>\n<p>Su discurso describe una realidad en toda la regi\u00f3n del Sahel, donde los atentados terroristas han proliferado desde 2012, tras el asesinato de Muammar Gadafi y el posterior saqueo de los dep\u00f3sitos de armas de Libia.<\/p>\n<p>Desde entonces, muchos pueblos han ido quedando \u00a0abandonados en Mal\u00ed, Burkina Faso y N\u00edger, y miles de personas se han visto desplazadas sin que los gobiernos hayan intervenido para frenar la violencia.<\/p>\n<p>(La regi\u00f3n del Sahel la constituye una franja horizontal en \u00c1frica que va del oc\u00e9ano Atl\u00e1ntico al mar Rojo, limitada al norte por el desierto del Sahara y al sur por la sabana sudanesa, con un clima semi\u00e1rido. La conforman 10 pa\u00edses de oeste a este: Senegal, Gambia, Mauritania, Guinea, Mal\u00ed, Burkina Faso, N\u00edger, Chad, Camer\u00fan y Nigeria)<\/p>\n<p>Como el agua potable es una necesidad b\u00e1sica, la falta de acceso a ella desencadena muchos problemas en todos los niveles de la sociedad. Tradicionalmente, las aldeas se sit\u00faan cerca de los cursos de agua para poder abastecerse sin problemas, as\u00ed como la pr\u00e1ctica de la horticultura para producir ingredientes b\u00e1sicos para alimentos que puedan consumirse y venderse para obtener dinero en efectivo para la comunidad.<\/p>\n<p>Con el aumento de los atentados terroristas, sobre todo en Mal\u00ed, N\u00edger y Burkina Faso, pero llegando tambi\u00e9n a pa\u00edses costeros como Costa de Marfil, Togo y Ben\u00edn, muchos pueblos han sido abandonados o est\u00e1n bajo el control de grupos terroristas armados que imponen sus propias normas y dictados a la poblaci\u00f3n local.<\/p>\n<p>Las poblaciones desplazadas se ven privadas de sus fuentes de agua tradicionales, ya sean cursos de agua naturales, tomas de agua o pozos, cort\u00e1ndoles el suministro de agua y, por tanto, el acceso a sus medios de subsistencia f\u00edsica y econ\u00f3mica.<\/p>\n<p>\u201cLas leyes establecidas para la gesti\u00f3n y el uso del agua y otros recursos naturales delimitando las zonas que se van a explotar\u201d, me dijo una autoridad local elegida en una zona dominada por los terroristas en la parte centro-sur de Mal\u00ed, a\u00f1adiendo que, \u201clas zonas cultivables se reducen y ellos (los grupos terroristas) ocupan las zonas boscosas aptas para la agricultura y que contienen las reservas locales de agua\u201d.<\/p>\n<p>Los jefes de los pueblos ocupados bajo coacci\u00f3n se ven obligados a cooperar con estos grupos. Por lo tanto, son los interlocutores preferidos de todos aquellos que solicitan permiso para operar en estas zonas controladas.<\/p>\n<p>La opini\u00f3n del jefe de aldea est\u00e1 condicionada al acuerdo previo del grupo al que pertenece esa aldea. Existen verdaderas negociaciones con estos grupos terroristas antes de autorizar la entrada en el territorio de cualquier proyecto o socio.<\/p>\n<p><a class=\"elementor-post-info__terms-list-item\" href=\"https:\/\/ipsnoticias.net\/temas\/acceso-al-agua\/\">acceso al agua<\/a>,\u00a0<a class=\"elementor-post-info__terms-list-item\" href=\"https:\/\/ipsnoticias.net\/temas\/africa\/\">\u00c1frica<\/a>,\u00a0<a class=\"elementor-post-info__terms-list-item\" href=\"https:\/\/ipsnoticias.net\/temas\/agua\/\">agua<\/a>,\u00a0<a class=\"elementor-post-info__terms-list-item\" href=\"https:\/\/ipsnoticias.net\/temas\/asociacion-mundial-para-el-agua-gwp\/\">Asociaci\u00f3n Mundial para el Agua (GWP)<\/a>,\u00a0<a class=\"elementor-post-info__terms-list-item\" href=\"https:\/\/ipsnoticias.net\/temas\/burkina-faso\/\">Burkina Faso<\/a>,\u00a0<a class=\"elementor-post-info__terms-list-item\" href=\"https:\/\/ipsnoticias.net\/temas\/sahel\/\">Sahel<\/a>,\u00a0<a class=\"elementor-post-info__terms-list-item\" href=\"https:\/\/ipsnoticias.net\/temas\/terrorismo\/\">terrorismo<\/a>La realidad en los pa\u00edses del Sahel en general es que los sucesivos gobiernos desde la independencia han concentrado su \u00abadministraci\u00f3n\u00bb en las zonas urbanas. Pero una vez que se sale de las zonas urbanas las poblaciones son abandonadas a su suerte con una administraci\u00f3n m\u00e1s opresiva y nada preocupada por dar respuestas sostenibles a las necesidades de desarrollo de estas localidades.<\/p>\n<p>Los agentes del registro de la propiedad (aduanas), de las fuerzas del orden (polic\u00eda, gendarmes) y de la protecci\u00f3n de la naturaleza (agua y bosques) encuentran m\u00e1s r\u00e1pidamente la manera de dedicarse a pr\u00e1cticas delictivas que a ofrecer a los pobres los servicios que necesitan.<\/p>\n<p>\u00abHemos perdido muchos fondos que se han transferido a otras localidades consideradas m\u00e1s accesibles\u00bb, me explic\u00f3 recientemente un funcionario del gobierno local en una de las zonas bajo control. \u00abDado que los propios grupos necesitan tener un acceso privilegiado al agua potable, facilitan la llegada de algunos socios para instalar sistemas de suministro de agua\u00bb, a\u00f1adi\u00f3.<\/p>\n<p>Las Asociaci\u00f3n Mundial para el Agua (GWP, en ingl\u00e9s) en \u00c1frica Occidental est\u00e1 ejecutando el proyecto financiado por la Uni\u00f3n Europea Agua para el crecimiento y la reducci\u00f3n de la pobreza en la subcuenca de Mekrou, en N\u00edger, pero no pudo lanzar el proyecto como estaba previsto en agosto de 2020 debido a un atentado terrorista en el que murieron tr\u00e1gicamente ocho personas.<\/p>\n<p>La gesti\u00f3n y el desarrollo del agua no es m\u00e1s que uno de los muchos sectores afectados por las actividades terroristas en la regi\u00f3n, pero el agua, a diferencia de otros sectores, es una cuesti\u00f3n de supervivencia.<\/p>\n<p>Por tanto, existe una necesidad imperiosa de reforzar y mejorar la gobernanza de los recursos h\u00eddricos y de la tierra, garantizando al mismo tiempo que se realizan las inversiones necesarias para responder de forma sostenible a las necesidades de desarrollo relacionadas con el agua de las personas que viven en zonas urbanas y rurales a todos los niveles en los pa\u00edses del Sahel.<\/p>\n<\/div>\n<\/div>\n<\/div>\n<\/div>\n<\/div>\n<\/div>\n<\/div>\n<\/div>\n<\/section>\n","protected":false},"excerpt":{"rendered":"<p>Este es un art\u00edculo de opini\u00f3n de Armand Houanye, secretario ejecutivo regional de la Asociaci\u00f3n Mundial para el Agua en \u00c1frica Occidental. El capit\u00e1n Ibrahim Traor, presidente interino de Burkina Faso, habl\u00f3 a fines del a\u00f1o pasado de los conflictos&hellip;<\/p>\n","protected":false},"author":347,"featured_media":1725708,"comment_status":"closed","ping_status":"closed","sticky":false,"template":"","format":"standard","meta":{"footnotes":""},"categories":[64,79,74],"tags":[57205,16510,642,111144,14417,60584,350],"class_list":["post-1725707","post","type-post","status-publish","format-standard","has-post-thumbnail","hentry","category-africa-es","category-derechos-humanos","category-politica-es","tag-acceso-al-agua","tag-africa-es","tag-agua","tag-asociacion-mundial-para-el-agua-gwp","tag-burkina-faso-es","tag-sahel-es","tag-terrorismo-es"],"yoast_head":"<!-- This site is optimized with the Yoast SEO plugin v27.1.1 - https:\/\/yoast.com\/product\/yoast-seo-wordpress\/ -->\n<title>El terrorismo y sus repercusiones en el acceso al agua en el Sahel<\/title>\n<meta name=\"description\" content=\"Este es un art\u00edculo de opini\u00f3n de Armand Houanye, secretario ejecutivo regional de la Asociaci\u00f3n Mundial para el Agua en \u00c1frica Occidental. El capit\u00e1n\" \/>\n<meta name=\"robots\" content=\"index, follow, max-snippet:-1, max-image-preview:large, max-video-preview:-1\" \/>\n<link rel=\"canonical\" href=\"https:\/\/www.pressenza.com\/es\/2023\/03\/el-terrorismo-y-sus-repercusiones-en-el-acceso-al-agua-en-el-sahel\/\" \/>\n<meta property=\"og:locale\" content=\"es_ES\" \/>\n<meta property=\"og:type\" content=\"article\" \/>\n<meta property=\"og:title\" content=\"El terrorismo y sus repercusiones en el acceso al agua en el Sahel\" \/>\n<meta property=\"og:description\" content=\"Este es un art\u00edculo de opini\u00f3n de Armand Houanye, secretario ejecutivo regional de la Asociaci\u00f3n Mundial para el Agua en \u00c1frica Occidental. El capit\u00e1n\" \/>\n<meta property=\"og:url\" content=\"https:\/\/www.pressenza.com\/es\/2023\/03\/el-terrorismo-y-sus-repercusiones-en-el-acceso-al-agua-en-el-sahel\/\" \/>\n<meta property=\"og:site_name\" content=\"Pressenza\" \/>\n<meta property=\"article:publisher\" content=\"https:\/\/www.facebook.com\/PressenzaItalia\" \/>\n<meta property=\"article:author\" content=\"http:\/\/www.facebook.com\/ipsnoticias\" \/>\n<meta property=\"article:published_time\" content=\"2023-03-16T22:14:02+00:00\" \/>\n<meta property=\"og:image\" content=\"https:\/\/www.pressenza.com\/wp-content\/uploads\/2023\/03\/foto-ONU.jpg\" \/>\n\t<meta property=\"og:image:width\" content=\"820\" \/>\n\t<meta property=\"og:image:height\" content=\"544\" \/>\n\t<meta property=\"og:image:type\" content=\"image\/jpeg\" \/>\n<meta name=\"author\" content=\"Inter Press Service\" \/>\n<meta name=\"twitter:card\" content=\"summary_large_image\" \/>\n<meta name=\"twitter:creator\" content=\"@ipsnoticias\" \/>\n<meta name=\"twitter:site\" content=\"@PressenzaIPA\" \/>\n<meta name=\"twitter:label1\" content=\"Escrito por\" \/>\n\t<meta name=\"twitter:data1\" content=\"Inter Press Service\" \/>\n\t<meta name=\"twitter:label2\" content=\"Tiempo de lectura\" \/>\n\t<meta name=\"twitter:data2\" content=\"5 minutos\" \/>\n<script type=\"application\/ld+json\" class=\"yoast-schema-graph\">{\"@context\":\"https:\/\/schema.org\",\"@graph\":[{\"@type\":\"Article\",\"@id\":\"https:\/\/www.pressenza.com\/es\/2023\/03\/el-terrorismo-y-sus-repercusiones-en-el-acceso-al-agua-en-el-sahel\/#article\",\"isPartOf\":{\"@id\":\"https:\/\/www.pressenza.com\/es\/2023\/03\/el-terrorismo-y-sus-repercusiones-en-el-acceso-al-agua-en-el-sahel\/\"},\"author\":{\"name\":\"Inter Press Service\",\"@id\":\"https:\/\/www.pressenza.com\/es\/#\/schema\/person\/7467f88f6765c239bdd52f3c432de81a\"},\"headline\":\"El terrorismo y sus repercusiones en el acceso al agua en el Sahel\",\"datePublished\":\"2023-03-16T22:14:02+00:00\",\"mainEntityOfPage\":{\"@id\":\"https:\/\/www.pressenza.com\/es\/2023\/03\/el-terrorismo-y-sus-repercusiones-en-el-acceso-al-agua-en-el-sahel\/\"},\"wordCount\":1121,\"publisher\":{\"@id\":\"https:\/\/www.pressenza.com\/es\/#organization\"},\"image\":{\"@id\":\"https:\/\/www.pressenza.com\/es\/2023\/03\/el-terrorismo-y-sus-repercusiones-en-el-acceso-al-agua-en-el-sahel\/#primaryimage\"},\"thumbnailUrl\":\"https:\/\/www.pressenza.com\/wp-content\/uploads\/2023\/03\/foto-ONU.jpg\",\"keywords\":[\"acceso al agua\",\"Africa\",\"Agua\",\"Asociaci\u00f3n Mundial para el Agua (GWP)\",\"Burkina Faso\",\"sahel\",\"terrorismo\"],\"articleSection\":[\"Africa\",\"Derechos Humanos\",\"Pol\u00edtica\"],\"inLanguage\":\"es\"},{\"@type\":\"WebPage\",\"@id\":\"https:\/\/www.pressenza.com\/es\/2023\/03\/el-terrorismo-y-sus-repercusiones-en-el-acceso-al-agua-en-el-sahel\/\",\"url\":\"https:\/\/www.pressenza.com\/es\/2023\/03\/el-terrorismo-y-sus-repercusiones-en-el-acceso-al-agua-en-el-sahel\/\",\"name\":\"El terrorismo y sus repercusiones en el acceso al agua en el Sahel\",\"isPartOf\":{\"@id\":\"https:\/\/www.pressenza.com\/es\/#website\"},\"primaryImageOfPage\":{\"@id\":\"https:\/\/www.pressenza.com\/es\/2023\/03\/el-terrorismo-y-sus-repercusiones-en-el-acceso-al-agua-en-el-sahel\/#primaryimage\"},\"image\":{\"@id\":\"https:\/\/www.pressenza.com\/es\/2023\/03\/el-terrorismo-y-sus-repercusiones-en-el-acceso-al-agua-en-el-sahel\/#primaryimage\"},\"thumbnailUrl\":\"https:\/\/www.pressenza.com\/wp-content\/uploads\/2023\/03\/foto-ONU.jpg\",\"datePublished\":\"2023-03-16T22:14:02+00:00\",\"description\":\"Este es un art\u00edculo de opini\u00f3n de Armand Houanye, secretario ejecutivo regional de la Asociaci\u00f3n Mundial para el Agua en \u00c1frica Occidental. El capit\u00e1n\",\"breadcrumb\":{\"@id\":\"https:\/\/www.pressenza.com\/es\/2023\/03\/el-terrorismo-y-sus-repercusiones-en-el-acceso-al-agua-en-el-sahel\/#breadcrumb\"},\"inLanguage\":\"es\",\"potentialAction\":[{\"@type\":\"ReadAction\",\"target\":[\"https:\/\/www.pressenza.com\/es\/2023\/03\/el-terrorismo-y-sus-repercusiones-en-el-acceso-al-agua-en-el-sahel\/\"]}]},{\"@type\":\"ImageObject\",\"inLanguage\":\"es\",\"@id\":\"https:\/\/www.pressenza.com\/es\/2023\/03\/el-terrorismo-y-sus-repercusiones-en-el-acceso-al-agua-en-el-sahel\/#primaryimage\",\"url\":\"https:\/\/www.pressenza.com\/wp-content\/uploads\/2023\/03\/foto-ONU.jpg\",\"contentUrl\":\"https:\/\/www.pressenza.com\/wp-content\/uploads\/2023\/03\/foto-ONU.jpg\",\"width\":820,\"height\":544},{\"@type\":\"BreadcrumbList\",\"@id\":\"https:\/\/www.pressenza.com\/es\/2023\/03\/el-terrorismo-y-sus-repercusiones-en-el-acceso-al-agua-en-el-sahel\/#breadcrumb\",\"itemListElement\":[{\"@type\":\"ListItem\",\"position\":1,\"name\":\"Accueil\",\"item\":\"https:\/\/www.pressenza.com\/es\/\"},{\"@type\":\"ListItem\",\"position\":2,\"name\":\"El terrorismo y sus repercusiones en el acceso al agua en el Sahel\"}]},{\"@type\":\"WebSite\",\"@id\":\"https:\/\/www.pressenza.com\/es\/#website\",\"url\":\"https:\/\/www.pressenza.com\/es\/\",\"name\":\"Pressenza\",\"description\":\"International Press Agency\",\"publisher\":{\"@id\":\"https:\/\/www.pressenza.com\/es\/#organization\"},\"potentialAction\":[{\"@type\":\"SearchAction\",\"target\":{\"@type\":\"EntryPoint\",\"urlTemplate\":\"https:\/\/www.pressenza.com\/es\/?s={search_term_string}\"},\"query-input\":{\"@type\":\"PropertyValueSpecification\",\"valueRequired\":true,\"valueName\":\"search_term_string\"}}],\"inLanguage\":\"es\"},{\"@type\":\"Organization\",\"@id\":\"https:\/\/www.pressenza.com\/es\/#organization\",\"name\":\"Pressenza\",\"url\":\"https:\/\/www.pressenza.com\/es\/\",\"logo\":{\"@type\":\"ImageObject\",\"inLanguage\":\"es\",\"@id\":\"https:\/\/www.pressenza.com\/es\/#\/schema\/logo\/image\/\",\"url\":\"https:\/\/www.pressenza.com\/wp-content\/uploads\/2022\/10\/pressenza_logo_200x200.jpg\",\"contentUrl\":\"https:\/\/www.pressenza.com\/wp-content\/uploads\/2022\/10\/pressenza_logo_200x200.jpg\",\"width\":200,\"height\":200,\"caption\":\"Pressenza\"},\"image\":{\"@id\":\"https:\/\/www.pressenza.com\/es\/#\/schema\/logo\/image\/\"},\"sameAs\":[\"https:\/\/www.facebook.com\/PressenzaItalia\",\"https:\/\/x.com\/PressenzaIPA\"]},{\"@type\":\"Person\",\"@id\":\"https:\/\/www.pressenza.com\/es\/#\/schema\/person\/7467f88f6765c239bdd52f3c432de81a\",\"name\":\"Inter Press Service\",\"description\":\"IPS is an international communications institution at the heart of a global news agency that amplifies the voices of the South and civil society on development, globalisation, human rights and the environment. www.ipsnews.net\",\"sameAs\":[\"http:\/\/www.facebook.com\/ipsnoticias\",\"https:\/\/x.com\/ipsnoticias\"],\"url\":\"https:\/\/www.pressenza.com\/es\/author\/ips-inter-press-service\/\"}]}<\/script>\n<!-- \/ Yoast SEO plugin. -->","yoast_head_json":{"title":"El terrorismo y sus repercusiones en el acceso al agua en el Sahel","description":"Este es un art\u00edculo de opini\u00f3n de Armand Houanye, secretario ejecutivo regional de la Asociaci\u00f3n Mundial para el Agua en \u00c1frica Occidental. El capit\u00e1n","robots":{"index":"index","follow":"follow","max-snippet":"max-snippet:-1","max-image-preview":"max-image-preview:large","max-video-preview":"max-video-preview:-1"},"canonical":"https:\/\/www.pressenza.com\/es\/2023\/03\/el-terrorismo-y-sus-repercusiones-en-el-acceso-al-agua-en-el-sahel\/","og_locale":"es_ES","og_type":"article","og_title":"El terrorismo y sus repercusiones en el acceso al agua en el Sahel","og_description":"Este es un art\u00edculo de opini\u00f3n de Armand Houanye, secretario ejecutivo regional de la Asociaci\u00f3n Mundial para el Agua en \u00c1frica Occidental. El capit\u00e1n","og_url":"https:\/\/www.pressenza.com\/es\/2023\/03\/el-terrorismo-y-sus-repercusiones-en-el-acceso-al-agua-en-el-sahel\/","og_site_name":"Pressenza","article_publisher":"https:\/\/www.facebook.com\/PressenzaItalia","article_author":"http:\/\/www.facebook.com\/ipsnoticias","article_published_time":"2023-03-16T22:14:02+00:00","og_image":[{"width":820,"height":544,"url":"https:\/\/www.pressenza.com\/wp-content\/uploads\/2023\/03\/foto-ONU.jpg","type":"image\/jpeg"}],"author":"Inter Press Service","twitter_card":"summary_large_image","twitter_creator":"@ipsnoticias","twitter_site":"@PressenzaIPA","twitter_misc":{"Escrito por":"Inter Press Service","Tiempo de lectura":"5 minutos"},"schema":{"@context":"https:\/\/schema.org","@graph":[{"@type":"Article","@id":"https:\/\/www.pressenza.com\/es\/2023\/03\/el-terrorismo-y-sus-repercusiones-en-el-acceso-al-agua-en-el-sahel\/#article","isPartOf":{"@id":"https:\/\/www.pressenza.com\/es\/2023\/03\/el-terrorismo-y-sus-repercusiones-en-el-acceso-al-agua-en-el-sahel\/"},"author":{"name":"Inter Press Service","@id":"https:\/\/www.pressenza.com\/es\/#\/schema\/person\/7467f88f6765c239bdd52f3c432de81a"},"headline":"El terrorismo y sus repercusiones en el acceso al agua en el Sahel","datePublished":"2023-03-16T22:14:02+00:00","mainEntityOfPage":{"@id":"https:\/\/www.pressenza.com\/es\/2023\/03\/el-terrorismo-y-sus-repercusiones-en-el-acceso-al-agua-en-el-sahel\/"},"wordCount":1121,"publisher":{"@id":"https:\/\/www.pressenza.com\/es\/#organization"},"image":{"@id":"https:\/\/www.pressenza.com\/es\/2023\/03\/el-terrorismo-y-sus-repercusiones-en-el-acceso-al-agua-en-el-sahel\/#primaryimage"},"thumbnailUrl":"https:\/\/www.pressenza.com\/wp-content\/uploads\/2023\/03\/foto-ONU.jpg","keywords":["acceso al agua","Africa","Agua","Asociaci\u00f3n Mundial para el Agua (GWP)","Burkina Faso","sahel","terrorismo"],"articleSection":["Africa","Derechos Humanos","Pol\u00edtica"],"inLanguage":"es"},{"@type":"WebPage","@id":"https:\/\/www.pressenza.com\/es\/2023\/03\/el-terrorismo-y-sus-repercusiones-en-el-acceso-al-agua-en-el-sahel\/","url":"https:\/\/www.pressenza.com\/es\/2023\/03\/el-terrorismo-y-sus-repercusiones-en-el-acceso-al-agua-en-el-sahel\/","name":"El terrorismo y sus repercusiones en el acceso al agua en el Sahel","isPartOf":{"@id":"https:\/\/www.pressenza.com\/es\/#website"},"primaryImageOfPage":{"@id":"https:\/\/www.pressenza.com\/es\/2023\/03\/el-terrorismo-y-sus-repercusiones-en-el-acceso-al-agua-en-el-sahel\/#primaryimage"},"image":{"@id":"https:\/\/www.pressenza.com\/es\/2023\/03\/el-terrorismo-y-sus-repercusiones-en-el-acceso-al-agua-en-el-sahel\/#primaryimage"},"thumbnailUrl":"https:\/\/www.pressenza.com\/wp-content\/uploads\/2023\/03\/foto-ONU.jpg","datePublished":"2023-03-16T22:14:02+00:00","description":"Este es un art\u00edculo de opini\u00f3n de Armand Houanye, secretario ejecutivo regional de la Asociaci\u00f3n Mundial para el Agua en \u00c1frica Occidental. El capit\u00e1n","breadcrumb":{"@id":"https:\/\/www.pressenza.com\/es\/2023\/03\/el-terrorismo-y-sus-repercusiones-en-el-acceso-al-agua-en-el-sahel\/#breadcrumb"},"inLanguage":"es","potentialAction":[{"@type":"ReadAction","target":["https:\/\/www.pressenza.com\/es\/2023\/03\/el-terrorismo-y-sus-repercusiones-en-el-acceso-al-agua-en-el-sahel\/"]}]},{"@type":"ImageObject","inLanguage":"es","@id":"https:\/\/www.pressenza.com\/es\/2023\/03\/el-terrorismo-y-sus-repercusiones-en-el-acceso-al-agua-en-el-sahel\/#primaryimage","url":"https:\/\/www.pressenza.com\/wp-content\/uploads\/2023\/03\/foto-ONU.jpg","contentUrl":"https:\/\/www.pressenza.com\/wp-content\/uploads\/2023\/03\/foto-ONU.jpg","width":820,"height":544},{"@type":"BreadcrumbList","@id":"https:\/\/www.pressenza.com\/es\/2023\/03\/el-terrorismo-y-sus-repercusiones-en-el-acceso-al-agua-en-el-sahel\/#breadcrumb","itemListElement":[{"@type":"ListItem","position":1,"name":"Accueil","item":"https:\/\/www.pressenza.com\/es\/"},{"@type":"ListItem","position":2,"name":"El terrorismo y sus repercusiones en el acceso al agua en el Sahel"}]},{"@type":"WebSite","@id":"https:\/\/www.pressenza.com\/es\/#website","url":"https:\/\/www.pressenza.com\/es\/","name":"Pressenza","description":"International Press Agency","publisher":{"@id":"https:\/\/www.pressenza.com\/es\/#organization"},"potentialAction":[{"@type":"SearchAction","target":{"@type":"EntryPoint","urlTemplate":"https:\/\/www.pressenza.com\/es\/?s={search_term_string}"},"query-input":{"@type":"PropertyValueSpecification","valueRequired":true,"valueName":"search_term_string"}}],"inLanguage":"es"},{"@type":"Organization","@id":"https:\/\/www.pressenza.com\/es\/#organization","name":"Pressenza","url":"https:\/\/www.pressenza.com\/es\/","logo":{"@type":"ImageObject","inLanguage":"es","@id":"https:\/\/www.pressenza.com\/es\/#\/schema\/logo\/image\/","url":"https:\/\/www.pressenza.com\/wp-content\/uploads\/2022\/10\/pressenza_logo_200x200.jpg","contentUrl":"https:\/\/www.pressenza.com\/wp-content\/uploads\/2022\/10\/pressenza_logo_200x200.jpg","width":200,"height":200,"caption":"Pressenza"},"image":{"@id":"https:\/\/www.pressenza.com\/es\/#\/schema\/logo\/image\/"},"sameAs":["https:\/\/www.facebook.com\/PressenzaItalia","https:\/\/x.com\/PressenzaIPA"]},{"@type":"Person","@id":"https:\/\/www.pressenza.com\/es\/#\/schema\/person\/7467f88f6765c239bdd52f3c432de81a","name":"Inter Press Service","description":"IPS is an international communications institution at the heart of a global news agency that amplifies the voices of the South and civil society on development, globalisation, human rights and the environment. www.ipsnews.net","sameAs":["http:\/\/www.facebook.com\/ipsnoticias","https:\/\/x.com\/ipsnoticias"],"url":"https:\/\/www.pressenza.com\/es\/author\/ips-inter-press-service\/"}]}},"place":"Uagadug\u00fa","original_article_url":"https:\/\/ipsnoticias.net\/2023\/03\/el-terrorismo-y-sus-repercusiones-en-el-acceso-al-agua-en-el-sahel\/","_links":{"self":[{"href":"https:\/\/www.pressenza.com\/es\/wp-json\/wp\/v2\/posts\/1725707","targetHints":{"allow":["GET"]}}],"collection":[{"href":"https:\/\/www.pressenza.com\/es\/wp-json\/wp\/v2\/posts"}],"about":[{"href":"https:\/\/www.pressenza.com\/es\/wp-json\/wp\/v2\/types\/post"}],"author":[{"embeddable":true,"href":"https:\/\/www.pressenza.com\/es\/wp-json\/wp\/v2\/users\/347"}],"replies":[{"embeddable":true,"href":"https:\/\/www.pressenza.com\/es\/wp-json\/wp\/v2\/comments?post=1725707"}],"version-history":[{"count":0,"href":"https:\/\/www.pressenza.com\/es\/wp-json\/wp\/v2\/posts\/1725707\/revisions"}],"wp:featuredmedia":[{"embeddable":true,"href":"https:\/\/www.pressenza.com\/es\/wp-json\/wp\/v2\/media\/1725708"}],"wp:attachment":[{"href":"https:\/\/www.pressenza.com\/es\/wp-json\/wp\/v2\/media?parent=1725707"}],"wp:term":[{"taxonomy":"category","embeddable":true,"href":"https:\/\/www.pressenza.com\/es\/wp-json\/wp\/v2\/categories?post=1725707"},{"taxonomy":"post_tag","embeddable":true,"href":"https:\/\/www.pressenza.com\/es\/wp-json\/wp\/v2\/tags?post=1725707"}],"curies":[{"name":"wp","href":"https:\/\/api.w.org\/{rel}","templated":true}]}}