{"id":1725341,"date":"2023-03-15T17:00:55","date_gmt":"2023-03-15T17:00:55","guid":{"rendered":"https:\/\/www.pressenza.com\/?p=1725341"},"modified":"2023-03-15T17:00:55","modified_gmt":"2023-03-15T17:00:55","slug":"cuidado-que-la-naturaleza-se-va-a-defender","status":"publish","type":"post","link":"https:\/\/www.pressenza.com\/es\/2023\/03\/cuidado-que-la-naturaleza-se-va-a-defender\/","title":{"rendered":"Cuidado, que la naturaleza se va a defender"},"content":{"rendered":"<p>Yo no soy creyente, ni siquiera creo en el Gran Arquitecto del Universo, porque si ese personaje existiera, habr\u00eda hecho un mundo lleno de casas para todos y que nadie tuviera que pagar nada ni se quedara a la intemperie.<\/p>\n<p>En fin, lo que s\u00ed creo es que la naturaleza es muy inteligente. Tambi\u00e9n comete errores, como todo el mundo. Por ejemplo, no habernos puesto alas, ya lo he dicho otras veces.<\/p>\n<p>Pero hay cosas absolutamente sorprendentes en la naturaleza que dan mucho que pensar y que a veces la gente ni las sabe.<\/p>\n<p>Ah\u00ed est\u00e1 la aplicaci\u00f3n en la naturaleza de la secuencia de Fibonacci, un cient\u00edfico de los siglos XII y XIII. Y este se\u00f1or, despu\u00e9s de muchos estudios, descubri\u00f3 algo que se ha llamado la Sucesi\u00f3n o Secuencia Fibonacci, que consiste una sucesi\u00f3n de n\u00fameros que, empezando por la unidad, cada uno de sus t\u00e9rminos es la suma de los dos anteriores: 1,1,2,3,5,8,13\u2026 y as\u00ed hasta el infinito. Y ojo, no pongan esta secuencia como su contrase\u00f1a en los correos, en el Banco o en cualquier cosa, porque los hackers la conocen muy bien.<\/p>\n<p>Sucesiones num\u00e9ricas hay muchas, la m\u00e1s elemental es 1,2,3,4,5, y sigue. Pero la que est\u00e1 en la naturaleza, en todas partes, es la de Fibonacci. Raro, \u00bfverdad? Porque las hojas de la mayor\u00eda de las plantas se ubican en el tronco o en la rama exactamente a distancias que responden a la sucesi\u00f3n de Fibonacci . F\u00edjense y lo ver\u00e1n si tienen plantas, aunque sean de interior.<\/p>\n<p>Las falanges de los dedos de la mano humana tambi\u00e9n est\u00e1n ubicadas seg\u00fan la sucesi\u00f3n de Fibonacci, y \u00a1Terminen de sorprenderse!, tambi\u00e9n lo est\u00e1n las galaxias del universo conocido.<\/p>\n<p>\u00bfEsto es casualidad o qu\u00e9? Muchos dir\u00e1n que hay una inteligencia superior que hizo todo esto, pero ser\u00eda bueno que entonces nos explicaran de d\u00f3nde sali\u00f3 esa inteligencia \u00bfalguien o algo la cre\u00f3?<\/p>\n<p>No voy a meterme en estos andurriales religiosos, filos\u00f3ficos o como los quieran llamar, porque mi intenci\u00f3n en esta oportunidad es hablar de la naturaleza. De la sabidur\u00eda de la naturaleza.<\/p>\n<p>Las muestras de la inteligencia de la naturaleza son m\u00faltiples, fuera de la sucesi\u00f3n de Fibonacci. Desde luego, la complejidad de todos los organismos vivos, desde una hormiga o bacteria hasta el ser humano. Por ejemplo, todos los reflejos que tenemos, cosas que hacemos sin que nadie nos las ense\u00f1e. \u00bfAlguien nos ense\u00f1\u00f3 a respirar, alguien nos ense\u00f1\u00f3 a parpadear? Bueno, todos estamos de acuerdo en estas cosas.<\/p>\n<p>Pero hay otras m\u00e1s complejas, por ejemplo los ling\u00fc\u00edstas y concretamente Noam Chomsky ha demostrado que los ni\u00f1os traen integrado una especie de chip que les hace comprender las bases profundas de la gram\u00e1tica, que son universales, por muy diferentes que sean los lenguajes humanos. Eso les permite entender y hablar f\u00e1cilmente cualquier idioma.<\/p>\n<p>Una amiga educadora me dice que \u201cAhora los ni\u00f1os vienen con el chip inform\u00e1tico integrado, no cabe duda, lo he comprobado varias veces, aunque no sepan nada sobre el problema, en un ratito encuentran la soluci\u00f3n. De verdad esto es asombroso\u201d.<\/p>\n<p>Porque adem\u00e1s, aunque usted no lo crea, todos los idiomas obedecen a las mismas profundas pautas gramaticales, sea el chino, el zul\u00fa o el castellano. Esto lo saben muy bien<br \/>\nlos especialistas.<\/p>\n<p>Por lo mismo pienso que debe ser cierto que tambi\u00e9n nacen los beb\u00e9s con todo el sistema tecnol\u00f3gico y cibern\u00e9tico integrado a sus cabecitas.<\/p>\n<p>Y ya poni\u00e9ndonos a reflexionar, podr\u00edamos pensar que los seres vivos tienen chips moment\u00e1neamente desactivados, que se activan seg\u00fan las circunstancias. As\u00ed con ese chip<br \/>\ninform\u00e1tico que antes no se necesitaba ni se usaba.<\/p>\n<p>Pero que los seres vivos tienen chips o genes recesivos, est\u00e1 probado. Lo demostr\u00f3 ya Bjorn Zamjanovic en su conocida obra \u201dIntelligent nature\u201d, Lubliana, 1964. Por ejemplo, usted se parec\u00eda de joven a su pap\u00e1, pero con el tiempo se ha ido pareciendo cada vez m\u00e1s a su mam\u00e1. A m\u00ed me ha pasado eso. Los genes est\u00e1n ah\u00ed, pero se van activando con el tiempo o cuando se necesita.<\/p>\n<p>Quiz\u00e1s la naturaleza, que es tan sabia, de repente va a decir que ya basta de destrucci\u00f3n porque el planeta est\u00e1 muy mal. \u00bfC\u00f3mo se atreven?, pensar\u00e1 para sus adentros y entonces decidir\u00e1 acabar con los que lo est\u00e1n destruyendo.<\/p>\n<p>Pues si no somos capaces de parar esto, los animales y las plantas nos van a castigar. \u00bfNo han visto ustedes una mirada un poco rara en su perrito querido? \u00bfNo han visto que las plantas est\u00e1n creciendo m\u00e1s r\u00e1pido y echando unos brotes desconocidos? Por lo menos en el hemisferio norte ya se nota algo raro. Hasta los \u00e1rboles de la calle se ven un poco distintos, no s\u00e9 en qu\u00e9, pero hay una diferencia dif\u00edcil de explicar.<\/p>\n<p>\u00bfSe estar\u00e1n poniendo en contacto entre ellos, se estar\u00e1n comunicando? Desde luego, los \u00e1rboles se comunican por las ra\u00edces, eso ya est\u00e1 probado. Los animales y las plantas tienen tambi\u00e9n un chip recesivo para evitar la extinci\u00f3n de la especie.<\/p>\n<p>\u00bfY los seres humanos no lo tenemos? No lo s\u00e9, al menos los cient\u00edficos todav\u00eda no lo han descubierto. Y es muy posible que ese chip se active y de pronto todo el mundo se ponga a usar la misma ropa todos los a\u00f1os, no cambiar\u00e1n de auto ni de computadora. Y los fabricantes se tendr\u00e1n que resignar.<\/p>\n<p>Pero mientras tanto compa\u00f1eros, creo que m\u00e1s nos vale ponernos a cuidar la naturaleza, porque de otro modo los seres humanos nos vamos a acabar, sea que ya no exista suficiente ox\u00edgeno, sea que los animales y sobre todo los \u00e1rboles y plantas, decidan defenderse del quienes los est\u00e1 destruyendo y no van a esperar a ver si se nos activa un chip recesivo. \u00bfC\u00f3mo se van a defender? No lo s\u00e9, pero me lo puedo imaginar.<\/p>\n<p>Existen plantas carn\u00edvoras \u00bfSaben ustedes? Comen moscas y ese tipo de insectos. Pero en caso de necesidad, de vida o muerte, quiz\u00e1s pcdr\u00edan comer cosas m\u00e1s grandes\u2026<br \/>\nEsta es una planta carn\u00edvora. No s\u00e9 el nombre, pero es una foto.<\/p>\n","protected":false},"excerpt":{"rendered":"<p>Yo no soy creyente, ni siquiera creo en el Gran Arquitecto del Universo, porque si ese personaje existiera, habr\u00eda hecho un mundo lleno de casas para todos y que nadie tuviera que pagar nada ni se quedara a la intemperie.&hellip;<\/p>\n","protected":false},"author":2124,"featured_media":1725343,"comment_status":"closed","ping_status":"closed","sticky":false,"template":"","format":"standard","meta":{"footnotes":""},"categories":[11389,78,39,161],"tags":[56336],"class_list":["post-1725341","post","type-post","status-publish","format-standard","has-post-thumbnail","hentry","category-contenido-original","category-medio-ambiente-ecologia","category-internacional","category-opiniones","tag-naturaleza"],"yoast_head":"<!-- This site is optimized with the Yoast SEO plugin v27.1.1 - https:\/\/yoast.com\/product\/yoast-seo-wordpress\/ -->\n<title>Cuidado, que la naturaleza se va a defender<\/title>\n<meta name=\"description\" content=\"Yo no soy creyente, ni siquiera creo en el Gran Arquitecto del Universo, porque si ese personaje existiera, habr\u00eda hecho un mundo lleno de casas para\" \/>\n<meta name=\"robots\" content=\"index, follow, max-snippet:-1, max-image-preview:large, max-video-preview:-1\" \/>\n<link rel=\"canonical\" href=\"https:\/\/www.pressenza.com\/es\/2023\/03\/cuidado-que-la-naturaleza-se-va-a-defender\/\" \/>\n<meta property=\"og:locale\" content=\"es_ES\" \/>\n<meta property=\"og:type\" content=\"article\" \/>\n<meta property=\"og:title\" content=\"Cuidado, que la naturaleza se va a defender\" \/>\n<meta property=\"og:description\" content=\"Yo no soy creyente, ni siquiera creo en el Gran Arquitecto del Universo, porque si ese personaje existiera, habr\u00eda hecho un mundo lleno de casas para\" \/>\n<meta property=\"og:url\" content=\"https:\/\/www.pressenza.com\/es\/2023\/03\/cuidado-que-la-naturaleza-se-va-a-defender\/\" \/>\n<meta property=\"og:site_name\" content=\"Pressenza\" \/>\n<meta property=\"article:publisher\" content=\"https:\/\/www.facebook.com\/PressenzaItalia\" \/>\n<meta property=\"article:published_time\" content=\"2023-03-15T17:00:55+00:00\" \/>\n<meta property=\"og:image\" content=\"https:\/\/www.pressenza.com\/wp-content\/uploads\/2023\/03\/planta.jpeg\" \/>\n\t<meta property=\"og:image:width\" content=\"259\" \/>\n\t<meta property=\"og:image:height\" content=\"194\" \/>\n\t<meta property=\"og:image:type\" content=\"image\/jpeg\" \/>\n<meta name=\"author\" content=\"Margarita Labarca Goddard\" \/>\n<meta name=\"twitter:card\" content=\"summary_large_image\" \/>\n<meta name=\"twitter:creator\" content=\"@PressenzaIPA\" \/>\n<meta name=\"twitter:site\" content=\"@PressenzaIPA\" \/>\n<meta name=\"twitter:label1\" content=\"Escrito por\" \/>\n\t<meta name=\"twitter:data1\" content=\"Margarita Labarca Goddard\" \/>\n\t<meta name=\"twitter:label2\" content=\"Tiempo de lectura\" \/>\n\t<meta name=\"twitter:data2\" content=\"5 minutos\" \/>\n<script type=\"application\/ld+json\" class=\"yoast-schema-graph\">{\"@context\":\"https:\/\/schema.org\",\"@graph\":[{\"@type\":\"Article\",\"@id\":\"https:\/\/www.pressenza.com\/es\/2023\/03\/cuidado-que-la-naturaleza-se-va-a-defender\/#article\",\"isPartOf\":{\"@id\":\"https:\/\/www.pressenza.com\/es\/2023\/03\/cuidado-que-la-naturaleza-se-va-a-defender\/\"},\"author\":{\"name\":\"Margarita Labarca Goddard\",\"@id\":\"https:\/\/www.pressenza.com\/es\/#\/schema\/person\/671f453ff8d847cc1742639e75e22e13\"},\"headline\":\"Cuidado, que la naturaleza se va a defender\",\"datePublished\":\"2023-03-15T17:00:55+00:00\",\"mainEntityOfPage\":{\"@id\":\"https:\/\/www.pressenza.com\/es\/2023\/03\/cuidado-que-la-naturaleza-se-va-a-defender\/\"},\"wordCount\":1088,\"publisher\":{\"@id\":\"https:\/\/www.pressenza.com\/es\/#organization\"},\"image\":{\"@id\":\"https:\/\/www.pressenza.com\/es\/2023\/03\/cuidado-que-la-naturaleza-se-va-a-defender\/#primaryimage\"},\"thumbnailUrl\":\"https:\/\/www.pressenza.com\/wp-content\/uploads\/2023\/03\/planta.jpeg\",\"keywords\":[\"naturaleza\"],\"articleSection\":[\"Contenido Original\",\"Ecolog\u00eda y Medio Ambiente\",\"Internacional\",\"Opiniones\"],\"inLanguage\":\"es\"},{\"@type\":\"WebPage\",\"@id\":\"https:\/\/www.pressenza.com\/es\/2023\/03\/cuidado-que-la-naturaleza-se-va-a-defender\/\",\"url\":\"https:\/\/www.pressenza.com\/es\/2023\/03\/cuidado-que-la-naturaleza-se-va-a-defender\/\",\"name\":\"Cuidado, que la naturaleza se va a defender\",\"isPartOf\":{\"@id\":\"https:\/\/www.pressenza.com\/es\/#website\"},\"primaryImageOfPage\":{\"@id\":\"https:\/\/www.pressenza.com\/es\/2023\/03\/cuidado-que-la-naturaleza-se-va-a-defender\/#primaryimage\"},\"image\":{\"@id\":\"https:\/\/www.pressenza.com\/es\/2023\/03\/cuidado-que-la-naturaleza-se-va-a-defender\/#primaryimage\"},\"thumbnailUrl\":\"https:\/\/www.pressenza.com\/wp-content\/uploads\/2023\/03\/planta.jpeg\",\"datePublished\":\"2023-03-15T17:00:55+00:00\",\"description\":\"Yo no soy creyente, ni siquiera creo en el Gran Arquitecto del Universo, porque si ese personaje existiera, habr\u00eda hecho un mundo lleno de casas para\",\"breadcrumb\":{\"@id\":\"https:\/\/www.pressenza.com\/es\/2023\/03\/cuidado-que-la-naturaleza-se-va-a-defender\/#breadcrumb\"},\"inLanguage\":\"es\",\"potentialAction\":[{\"@type\":\"ReadAction\",\"target\":[\"https:\/\/www.pressenza.com\/es\/2023\/03\/cuidado-que-la-naturaleza-se-va-a-defender\/\"]}]},{\"@type\":\"ImageObject\",\"inLanguage\":\"es\",\"@id\":\"https:\/\/www.pressenza.com\/es\/2023\/03\/cuidado-que-la-naturaleza-se-va-a-defender\/#primaryimage\",\"url\":\"https:\/\/www.pressenza.com\/wp-content\/uploads\/2023\/03\/planta.jpeg\",\"contentUrl\":\"https:\/\/www.pressenza.com\/wp-content\/uploads\/2023\/03\/planta.jpeg\",\"width\":259,\"height\":194},{\"@type\":\"BreadcrumbList\",\"@id\":\"https:\/\/www.pressenza.com\/es\/2023\/03\/cuidado-que-la-naturaleza-se-va-a-defender\/#breadcrumb\",\"itemListElement\":[{\"@type\":\"ListItem\",\"position\":1,\"name\":\"Accueil\",\"item\":\"https:\/\/www.pressenza.com\/es\/\"},{\"@type\":\"ListItem\",\"position\":2,\"name\":\"Cuidado, que la naturaleza se va a defender\"}]},{\"@type\":\"WebSite\",\"@id\":\"https:\/\/www.pressenza.com\/es\/#website\",\"url\":\"https:\/\/www.pressenza.com\/es\/\",\"name\":\"Pressenza\",\"description\":\"International Press Agency\",\"publisher\":{\"@id\":\"https:\/\/www.pressenza.com\/es\/#organization\"},\"potentialAction\":[{\"@type\":\"SearchAction\",\"target\":{\"@type\":\"EntryPoint\",\"urlTemplate\":\"https:\/\/www.pressenza.com\/es\/?s={search_term_string}\"},\"query-input\":{\"@type\":\"PropertyValueSpecification\",\"valueRequired\":true,\"valueName\":\"search_term_string\"}}],\"inLanguage\":\"es\"},{\"@type\":\"Organization\",\"@id\":\"https:\/\/www.pressenza.com\/es\/#organization\",\"name\":\"Pressenza\",\"url\":\"https:\/\/www.pressenza.com\/es\/\",\"logo\":{\"@type\":\"ImageObject\",\"inLanguage\":\"es\",\"@id\":\"https:\/\/www.pressenza.com\/es\/#\/schema\/logo\/image\/\",\"url\":\"https:\/\/www.pressenza.com\/wp-content\/uploads\/2022\/10\/pressenza_logo_200x200.jpg\",\"contentUrl\":\"https:\/\/www.pressenza.com\/wp-content\/uploads\/2022\/10\/pressenza_logo_200x200.jpg\",\"width\":200,\"height\":200,\"caption\":\"Pressenza\"},\"image\":{\"@id\":\"https:\/\/www.pressenza.com\/es\/#\/schema\/logo\/image\/\"},\"sameAs\":[\"https:\/\/www.facebook.com\/PressenzaItalia\",\"https:\/\/x.com\/PressenzaIPA\"]},{\"@type\":\"Person\",\"@id\":\"https:\/\/www.pressenza.com\/es\/#\/schema\/person\/671f453ff8d847cc1742639e75e22e13\",\"name\":\"Margarita Labarca Goddard\",\"description\":\"A graduate of the University of Chile\u2019s Law School (1960), she held a prominent role in public administration during Salvador Allende\u2019s government. Her life has been shaped by a deep international perspective, from an upbringing in Argentina and post-war Paris to political exile in Cuba and Mexico following the 1973 coup. A resident of Mexico since 1979 due to judicial persecution by the Chilean dictatorship, she brings to her writing extensive expertise in the legal, political, and social issues of Latin America.\",\"url\":\"https:\/\/www.pressenza.com\/es\/author\/margarita-labarca-goddard\/\"}]}<\/script>\n<!-- \/ Yoast SEO plugin. -->","yoast_head_json":{"title":"Cuidado, que la naturaleza se va a defender","description":"Yo no soy creyente, ni siquiera creo en el Gran Arquitecto del Universo, porque si ese personaje existiera, habr\u00eda hecho un mundo lleno de casas para","robots":{"index":"index","follow":"follow","max-snippet":"max-snippet:-1","max-image-preview":"max-image-preview:large","max-video-preview":"max-video-preview:-1"},"canonical":"https:\/\/www.pressenza.com\/es\/2023\/03\/cuidado-que-la-naturaleza-se-va-a-defender\/","og_locale":"es_ES","og_type":"article","og_title":"Cuidado, que la naturaleza se va a defender","og_description":"Yo no soy creyente, ni siquiera creo en el Gran Arquitecto del Universo, porque si ese personaje existiera, habr\u00eda hecho un mundo lleno de casas para","og_url":"https:\/\/www.pressenza.com\/es\/2023\/03\/cuidado-que-la-naturaleza-se-va-a-defender\/","og_site_name":"Pressenza","article_publisher":"https:\/\/www.facebook.com\/PressenzaItalia","article_published_time":"2023-03-15T17:00:55+00:00","og_image":[{"width":259,"height":194,"url":"https:\/\/www.pressenza.com\/wp-content\/uploads\/2023\/03\/planta.jpeg","type":"image\/jpeg"}],"author":"Margarita Labarca Goddard","twitter_card":"summary_large_image","twitter_creator":"@PressenzaIPA","twitter_site":"@PressenzaIPA","twitter_misc":{"Escrito por":"Margarita Labarca Goddard","Tiempo de lectura":"5 minutos"},"schema":{"@context":"https:\/\/schema.org","@graph":[{"@type":"Article","@id":"https:\/\/www.pressenza.com\/es\/2023\/03\/cuidado-que-la-naturaleza-se-va-a-defender\/#article","isPartOf":{"@id":"https:\/\/www.pressenza.com\/es\/2023\/03\/cuidado-que-la-naturaleza-se-va-a-defender\/"},"author":{"name":"Margarita Labarca Goddard","@id":"https:\/\/www.pressenza.com\/es\/#\/schema\/person\/671f453ff8d847cc1742639e75e22e13"},"headline":"Cuidado, que la naturaleza se va a defender","datePublished":"2023-03-15T17:00:55+00:00","mainEntityOfPage":{"@id":"https:\/\/www.pressenza.com\/es\/2023\/03\/cuidado-que-la-naturaleza-se-va-a-defender\/"},"wordCount":1088,"publisher":{"@id":"https:\/\/www.pressenza.com\/es\/#organization"},"image":{"@id":"https:\/\/www.pressenza.com\/es\/2023\/03\/cuidado-que-la-naturaleza-se-va-a-defender\/#primaryimage"},"thumbnailUrl":"https:\/\/www.pressenza.com\/wp-content\/uploads\/2023\/03\/planta.jpeg","keywords":["naturaleza"],"articleSection":["Contenido Original","Ecolog\u00eda y Medio Ambiente","Internacional","Opiniones"],"inLanguage":"es"},{"@type":"WebPage","@id":"https:\/\/www.pressenza.com\/es\/2023\/03\/cuidado-que-la-naturaleza-se-va-a-defender\/","url":"https:\/\/www.pressenza.com\/es\/2023\/03\/cuidado-que-la-naturaleza-se-va-a-defender\/","name":"Cuidado, que la naturaleza se va a defender","isPartOf":{"@id":"https:\/\/www.pressenza.com\/es\/#website"},"primaryImageOfPage":{"@id":"https:\/\/www.pressenza.com\/es\/2023\/03\/cuidado-que-la-naturaleza-se-va-a-defender\/#primaryimage"},"image":{"@id":"https:\/\/www.pressenza.com\/es\/2023\/03\/cuidado-que-la-naturaleza-se-va-a-defender\/#primaryimage"},"thumbnailUrl":"https:\/\/www.pressenza.com\/wp-content\/uploads\/2023\/03\/planta.jpeg","datePublished":"2023-03-15T17:00:55+00:00","description":"Yo no soy creyente, ni siquiera creo en el Gran Arquitecto del Universo, porque si ese personaje existiera, habr\u00eda hecho un mundo lleno de casas para","breadcrumb":{"@id":"https:\/\/www.pressenza.com\/es\/2023\/03\/cuidado-que-la-naturaleza-se-va-a-defender\/#breadcrumb"},"inLanguage":"es","potentialAction":[{"@type":"ReadAction","target":["https:\/\/www.pressenza.com\/es\/2023\/03\/cuidado-que-la-naturaleza-se-va-a-defender\/"]}]},{"@type":"ImageObject","inLanguage":"es","@id":"https:\/\/www.pressenza.com\/es\/2023\/03\/cuidado-que-la-naturaleza-se-va-a-defender\/#primaryimage","url":"https:\/\/www.pressenza.com\/wp-content\/uploads\/2023\/03\/planta.jpeg","contentUrl":"https:\/\/www.pressenza.com\/wp-content\/uploads\/2023\/03\/planta.jpeg","width":259,"height":194},{"@type":"BreadcrumbList","@id":"https:\/\/www.pressenza.com\/es\/2023\/03\/cuidado-que-la-naturaleza-se-va-a-defender\/#breadcrumb","itemListElement":[{"@type":"ListItem","position":1,"name":"Accueil","item":"https:\/\/www.pressenza.com\/es\/"},{"@type":"ListItem","position":2,"name":"Cuidado, que la naturaleza se va a defender"}]},{"@type":"WebSite","@id":"https:\/\/www.pressenza.com\/es\/#website","url":"https:\/\/www.pressenza.com\/es\/","name":"Pressenza","description":"International Press Agency","publisher":{"@id":"https:\/\/www.pressenza.com\/es\/#organization"},"potentialAction":[{"@type":"SearchAction","target":{"@type":"EntryPoint","urlTemplate":"https:\/\/www.pressenza.com\/es\/?s={search_term_string}"},"query-input":{"@type":"PropertyValueSpecification","valueRequired":true,"valueName":"search_term_string"}}],"inLanguage":"es"},{"@type":"Organization","@id":"https:\/\/www.pressenza.com\/es\/#organization","name":"Pressenza","url":"https:\/\/www.pressenza.com\/es\/","logo":{"@type":"ImageObject","inLanguage":"es","@id":"https:\/\/www.pressenza.com\/es\/#\/schema\/logo\/image\/","url":"https:\/\/www.pressenza.com\/wp-content\/uploads\/2022\/10\/pressenza_logo_200x200.jpg","contentUrl":"https:\/\/www.pressenza.com\/wp-content\/uploads\/2022\/10\/pressenza_logo_200x200.jpg","width":200,"height":200,"caption":"Pressenza"},"image":{"@id":"https:\/\/www.pressenza.com\/es\/#\/schema\/logo\/image\/"},"sameAs":["https:\/\/www.facebook.com\/PressenzaItalia","https:\/\/x.com\/PressenzaIPA"]},{"@type":"Person","@id":"https:\/\/www.pressenza.com\/es\/#\/schema\/person\/671f453ff8d847cc1742639e75e22e13","name":"Margarita Labarca Goddard","description":"A graduate of the University of Chile\u2019s Law School (1960), she held a prominent role in public administration during Salvador Allende\u2019s government. Her life has been shaped by a deep international perspective, from an upbringing in Argentina and post-war Paris to political exile in Cuba and Mexico following the 1973 coup. A resident of Mexico since 1979 due to judicial persecution by the Chilean dictatorship, she brings to her writing extensive expertise in the legal, political, and social issues of Latin America.","url":"https:\/\/www.pressenza.com\/es\/author\/margarita-labarca-goddard\/"}]}},"place":"Ciudad de M\u00e9xico, M\u00e9xico","original_article_url":"","_links":{"self":[{"href":"https:\/\/www.pressenza.com\/es\/wp-json\/wp\/v2\/posts\/1725341","targetHints":{"allow":["GET"]}}],"collection":[{"href":"https:\/\/www.pressenza.com\/es\/wp-json\/wp\/v2\/posts"}],"about":[{"href":"https:\/\/www.pressenza.com\/es\/wp-json\/wp\/v2\/types\/post"}],"author":[{"embeddable":true,"href":"https:\/\/www.pressenza.com\/es\/wp-json\/wp\/v2\/users\/2124"}],"replies":[{"embeddable":true,"href":"https:\/\/www.pressenza.com\/es\/wp-json\/wp\/v2\/comments?post=1725341"}],"version-history":[{"count":0,"href":"https:\/\/www.pressenza.com\/es\/wp-json\/wp\/v2\/posts\/1725341\/revisions"}],"wp:featuredmedia":[{"embeddable":true,"href":"https:\/\/www.pressenza.com\/es\/wp-json\/wp\/v2\/media\/1725343"}],"wp:attachment":[{"href":"https:\/\/www.pressenza.com\/es\/wp-json\/wp\/v2\/media?parent=1725341"}],"wp:term":[{"taxonomy":"category","embeddable":true,"href":"https:\/\/www.pressenza.com\/es\/wp-json\/wp\/v2\/categories?post=1725341"},{"taxonomy":"post_tag","embeddable":true,"href":"https:\/\/www.pressenza.com\/es\/wp-json\/wp\/v2\/tags?post=1725341"}],"curies":[{"name":"wp","href":"https:\/\/api.w.org\/{rel}","templated":true}]}}