{"id":1724894,"date":"2023-03-14T01:16:19","date_gmt":"2023-03-14T01:16:19","guid":{"rendered":"https:\/\/www.pressenza.com\/?p=1724894"},"modified":"2023-03-14T01:16:19","modified_gmt":"2023-03-14T01:16:19","slug":"comunidades-mapuche-en-asamblea-permanente","status":"publish","type":"post","link":"https:\/\/www.pressenza.com\/es\/2023\/03\/comunidades-mapuche-en-asamblea-permanente\/","title":{"rendered":"Comunidades mapuche en asamblea permanente"},"content":{"rendered":"<p style=\"padding-left: 40px;\">Desde 1994, la Constituci\u00f3n Argentina reconoce que los pueblos ind\u00edgenas que habitan el pa\u00eds son preexistentes al Estado Nacional y por tanto tienen derecho a la posesi\u00f3n y propiedad de las tierras que tradicionalmente ocupan. Pasados casi 30 a\u00f1os, ese derecho no se ha hecho efectivo. Por el contrario, muchas comunidades originarias han sido expulsadas de sus territorios mientras el propio Estado, gobierno tras gobierno, los vende a empresas nacionales y extranjeras dedicadas al extractivismo, la explotaci\u00f3n forestal y de monocultivos, los emprendimientos inmobiliarios y tur\u00edsticos. Muchas comunidades realizan reclamos por v\u00eda legal. Otras inician procesos directos de recuperaci\u00f3n, instal\u00e1ndose en los territorios que les pertenecen y se les niegan. As\u00ed vienen actuando muchas comunidades mapuche en la Patagonia. Es el caso de la lof <em>(comunidad)<\/em> Cayunao, que reivindica terrenos entregados a una cooperativa de servicios y otros en los que est\u00e1n las nacientes de un importante r\u00edo de la zona (el r\u00edo Chubut) y habr\u00edan sido vendidos a testaferros de potentados extranjeros.<\/p>\n<p style=\"padding-left: 40px;\">Sigue un comunicado difundido ayer por la lof Cayunao, actualizando las medidas que decidieron tomar para continuar su lucha.<\/p>\n<blockquote><p>Mari Mari Machi, Mari Mari pu lonko, Mari Mari pu pillan cushe, Mari Mari pu pe\u00f1i la pu lagmien. <em>(Saludo en mpaudungun)<\/em><\/p>\n<p>Hoy 12 de Marzo del 2023, varias Lofche <em>(comunidades)<\/em> reunidas en trawn <em>(asamblea),<\/em> en territorio de la Lofche Cayunao expresamos:<\/p>\n<p>El Estado nacional y provincial es el responsable de los conflictos territoriales, por la defensa de la naturaleza, el agua y los territorios sanos. Defensa que es llevada adelante por pueblos originarios y una parte de la sociedad, quienes defienden la sana relaci\u00f3n con estas fuerzas y espacios.<\/p>\n<p>Es el Estado el que permiti\u00f3, permite y entrega abiertamente los territorios y recursos a capitales extranjeros. Benneton, Lewis, qataries, los extranjeros cada vez reciben m\u00e1s favores por parte del Estado argentino y sus dirigentes provinciales. Reciben el permiso de instalarse en territorios abundantes en riquezas naturales, reciben el apoyo pol\u00edtico y de las fuerzas armadas, polic\u00eda y gendarmer\u00eda al servicio de proteger sus intereses, reciben la inoperancia del sistema judicial, que permite la violaci\u00f3n sistem\u00e1tica de las leyes argentinas que supuestamente nos protegen, protegen la naturaleza y el buen vivir de nuestras hijas, hijos, nietas y nietos.<\/p>\n<p>Los extranjeros son cada vez m\u00e1s en los territorios, cambian los nombres del expropiador extranjero, pero siguen en manos ajenas a la preservaci\u00f3n de estos lugares. Es el caso de la reivindicaci\u00f3n territorial a COOPETEL por la Lofche Cayunao, d\u00f3nde el Estado entrega territorio a organizaciones nacionales o provinciales, las cuales son altamente extractivistas y da\u00f1inas con el equilibrio natural.<\/p>\n<p>Exigimos al Estado nacional y el Estado provincial se haga responsable y de soluciones a favor del pueblo Mapuche, las leyes argentinas y tratados internacionales sobre la protecci\u00f3n y defensa de los territorios en la Patagonia.<\/p>\n<p>En acci\u00f3n por esta situaci\u00f3n, pu Lofche <em>(las comunidades) <\/em>nos organizaremos en trawn para seguir dando resistencia a este atropello y buscando soluciones. Pu Lofche\u00a0nos declaramos en trawn permanente para esta defensa.<\/p>\n<p>La lof Cayunao seguir\u00e1 con el control territorial en la zona de veranada d\u00f3nde avanza el expropiador, solicitando continuar con el estado de alerta por parte del pueblo mapuche y la sociedad en general, como tambi\u00e9n sigue solicitando la organizaci\u00f3n autogestiva y el acompa\u00f1amiento a la Lof.<\/p>\n<p>Invitamos al pueblo mapuche al pr\u00f3ximo trawn, que se realizar\u00e1 en el Lofche Quemquemtrew los d\u00edas 8 y 9 de abril.<\/p>\n<p>\u00a1Libertad a las presas pol\u00edticas Mapuche!!<br \/>\n\u00a1Libertad a la Machi Betiana Coluan Nawel y retorno a su rewe ya!!<br \/>\nMarichiweu, marichiweu!!<\/p><\/blockquote>\n<p>Lof Cayunao, Lof Quemquemtrew, Lof Fem Mapu Puerto Santa Cruz, Lof Buchile Oyarzo Calfu comunidad Las Waitekas, Lof Calfu Lafken ( Lago Rosario), pu pe\u00f1i ka pu lagmien Epuyen, Villa la Angostura, Cholila, Lago Puelo, y Las golondrinas.<\/p>\n<p style=\"text-align: center;\"><iframe loading=\"lazy\" src=\"https:\/\/archive.org\/embed\/lof-cayunao-120323\" width=\"500\" height=\"30\" frameborder=\"0\" allowfullscreen=\"allowfullscreen\"><span data-mce-type=\"bookmark\" style=\"display: inline-block; width: 0px; overflow: hidden; line-height: 0;\" class=\"mce_SELRES_start\">\ufeff<\/span><\/iframe><\/p>\n","protected":false},"excerpt":{"rendered":"<p>Desde 1994, la Constituci\u00f3n Argentina reconoce que los pueblos ind\u00edgenas que habitan el pa\u00eds son preexistentes al Estado Nacional y por tanto tienen derecho a la posesi\u00f3n y propiedad de las tierras que tradicionalmente ocupan. Pasados casi 30 a\u00f1os, ese&hellip;<\/p>\n","protected":false},"author":1254,"featured_media":1724895,"comment_status":"closed","ping_status":"closed","sticky":false,"template":"","format":"standard","meta":{"footnotes":""},"categories":[149,78,74,80,67],"tags":[54082,110608,26584,936,22210,18507],"class_list":["post-1724894","post","type-post","status-publish","format-standard","has-post-thumbnail","hentry","category-comunicados-de-prensa","category-medio-ambiente-ecologia","category-politica-es","category-pueblos-originarios","category-sudamerica","tag-indigenas-es","tag-lof-cayunao","tag-mapuce","tag-mapuche-es","tag-pueblos-originarios","tag-territorios"],"yoast_head":"<!-- This site is optimized with the Yoast SEO plugin v27.1.1 - https:\/\/yoast.com\/product\/yoast-seo-wordpress\/ -->\n<title>Comunidades mapuche en asamblea permanente<\/title>\n<meta name=\"description\" content=\"Desde 1994, la Constituci\u00f3n Argentina reconoce que los pueblos ind\u00edgenas que habitan el pa\u00eds son preexistentes al Estado Nacional y por tanto tienen\" \/>\n<meta name=\"robots\" content=\"index, follow, max-snippet:-1, max-image-preview:large, max-video-preview:-1\" \/>\n<link rel=\"canonical\" href=\"https:\/\/www.pressenza.com\/es\/2023\/03\/comunidades-mapuche-en-asamblea-permanente\/\" \/>\n<meta property=\"og:locale\" content=\"es_ES\" \/>\n<meta property=\"og:type\" content=\"article\" \/>\n<meta property=\"og:title\" content=\"Comunidades mapuche en asamblea permanente\" \/>\n<meta property=\"og:description\" content=\"Desde 1994, la Constituci\u00f3n Argentina reconoce que los pueblos ind\u00edgenas que habitan el pa\u00eds son preexistentes al Estado Nacional y por tanto tienen\" \/>\n<meta property=\"og:url\" content=\"https:\/\/www.pressenza.com\/es\/2023\/03\/comunidades-mapuche-en-asamblea-permanente\/\" \/>\n<meta property=\"og:site_name\" content=\"Pressenza\" \/>\n<meta property=\"article:publisher\" content=\"https:\/\/www.facebook.com\/PressenzaItalia\" \/>\n<meta property=\"article:author\" content=\"https:\/\/www.facebook.com\/pressenza\" \/>\n<meta property=\"article:published_time\" content=\"2023-03-14T01:16:19+00:00\" \/>\n<meta property=\"og:image\" content=\"https:\/\/www.pressenza.com\/wp-content\/uploads\/2023\/03\/Lof-Cayunao-Annalisa-Pensiero.jpg\" \/>\n\t<meta property=\"og:image:width\" content=\"1024\" \/>\n\t<meta property=\"og:image:height\" content=\"768\" \/>\n\t<meta property=\"og:image:type\" content=\"image\/jpeg\" \/>\n<meta name=\"author\" content=\"Redacci\u00f3n Mar del Plata\" \/>\n<meta name=\"twitter:card\" content=\"summary_large_image\" \/>\n<meta name=\"twitter:creator\" content=\"@Pressenza\" \/>\n<meta name=\"twitter:site\" content=\"@PressenzaIPA\" \/>\n<meta name=\"twitter:label1\" content=\"Escrito por\" \/>\n\t<meta name=\"twitter:data1\" content=\"Redacci\u00f3n Mar del Plata\" \/>\n\t<meta name=\"twitter:label2\" content=\"Tiempo de lectura\" \/>\n\t<meta name=\"twitter:data2\" content=\"3 minutos\" \/>\n<script type=\"application\/ld+json\" class=\"yoast-schema-graph\">{\"@context\":\"https:\/\/schema.org\",\"@graph\":[{\"@type\":\"Article\",\"@id\":\"https:\/\/www.pressenza.com\/es\/2023\/03\/comunidades-mapuche-en-asamblea-permanente\/#article\",\"isPartOf\":{\"@id\":\"https:\/\/www.pressenza.com\/es\/2023\/03\/comunidades-mapuche-en-asamblea-permanente\/\"},\"author\":{\"name\":\"Redacci\u00f3n Mar del Plata\",\"@id\":\"https:\/\/www.pressenza.com\/es\/#\/schema\/person\/738658b5125ecea661a8a0b96dba8b69\"},\"headline\":\"Comunidades mapuche en asamblea permanente\",\"datePublished\":\"2023-03-14T01:16:19+00:00\",\"mainEntityOfPage\":{\"@id\":\"https:\/\/www.pressenza.com\/es\/2023\/03\/comunidades-mapuche-en-asamblea-permanente\/\"},\"wordCount\":662,\"publisher\":{\"@id\":\"https:\/\/www.pressenza.com\/es\/#organization\"},\"image\":{\"@id\":\"https:\/\/www.pressenza.com\/es\/2023\/03\/comunidades-mapuche-en-asamblea-permanente\/#primaryimage\"},\"thumbnailUrl\":\"https:\/\/www.pressenza.com\/wp-content\/uploads\/2023\/03\/Lof-Cayunao-Annalisa-Pensiero.jpg\",\"keywords\":[\"indigenas\",\"Lof Cayunao\",\"mapuce\",\"mapuche\",\"Pueblos Originarios\",\"territorios\"],\"articleSection\":[\"Comunicados de Prensa\",\"Ecolog\u00eda y Medio Ambiente\",\"Pol\u00edtica\",\"Pueblos Originarios\",\"Sudam\u00e9rica\"],\"inLanguage\":\"es\"},{\"@type\":\"WebPage\",\"@id\":\"https:\/\/www.pressenza.com\/es\/2023\/03\/comunidades-mapuche-en-asamblea-permanente\/\",\"url\":\"https:\/\/www.pressenza.com\/es\/2023\/03\/comunidades-mapuche-en-asamblea-permanente\/\",\"name\":\"Comunidades mapuche en asamblea permanente\",\"isPartOf\":{\"@id\":\"https:\/\/www.pressenza.com\/es\/#website\"},\"primaryImageOfPage\":{\"@id\":\"https:\/\/www.pressenza.com\/es\/2023\/03\/comunidades-mapuche-en-asamblea-permanente\/#primaryimage\"},\"image\":{\"@id\":\"https:\/\/www.pressenza.com\/es\/2023\/03\/comunidades-mapuche-en-asamblea-permanente\/#primaryimage\"},\"thumbnailUrl\":\"https:\/\/www.pressenza.com\/wp-content\/uploads\/2023\/03\/Lof-Cayunao-Annalisa-Pensiero.jpg\",\"datePublished\":\"2023-03-14T01:16:19+00:00\",\"description\":\"Desde 1994, la Constituci\u00f3n Argentina reconoce que los pueblos ind\u00edgenas que habitan el pa\u00eds son preexistentes al Estado Nacional y por tanto tienen\",\"breadcrumb\":{\"@id\":\"https:\/\/www.pressenza.com\/es\/2023\/03\/comunidades-mapuche-en-asamblea-permanente\/#breadcrumb\"},\"inLanguage\":\"es\",\"potentialAction\":[{\"@type\":\"ReadAction\",\"target\":[\"https:\/\/www.pressenza.com\/es\/2023\/03\/comunidades-mapuche-en-asamblea-permanente\/\"]}]},{\"@type\":\"ImageObject\",\"inLanguage\":\"es\",\"@id\":\"https:\/\/www.pressenza.com\/es\/2023\/03\/comunidades-mapuche-en-asamblea-permanente\/#primaryimage\",\"url\":\"https:\/\/www.pressenza.com\/wp-content\/uploads\/2023\/03\/Lof-Cayunao-Annalisa-Pensiero.jpg\",\"contentUrl\":\"https:\/\/www.pressenza.com\/wp-content\/uploads\/2023\/03\/Lof-Cayunao-Annalisa-Pensiero.jpg\",\"width\":1024,\"height\":768},{\"@type\":\"BreadcrumbList\",\"@id\":\"https:\/\/www.pressenza.com\/es\/2023\/03\/comunidades-mapuche-en-asamblea-permanente\/#breadcrumb\",\"itemListElement\":[{\"@type\":\"ListItem\",\"position\":1,\"name\":\"Accueil\",\"item\":\"https:\/\/www.pressenza.com\/es\/\"},{\"@type\":\"ListItem\",\"position\":2,\"name\":\"Comunidades mapuche en asamblea permanente\"}]},{\"@type\":\"WebSite\",\"@id\":\"https:\/\/www.pressenza.com\/es\/#website\",\"url\":\"https:\/\/www.pressenza.com\/es\/\",\"name\":\"Pressenza\",\"description\":\"International Press Agency\",\"publisher\":{\"@id\":\"https:\/\/www.pressenza.com\/es\/#organization\"},\"potentialAction\":[{\"@type\":\"SearchAction\",\"target\":{\"@type\":\"EntryPoint\",\"urlTemplate\":\"https:\/\/www.pressenza.com\/es\/?s={search_term_string}\"},\"query-input\":{\"@type\":\"PropertyValueSpecification\",\"valueRequired\":true,\"valueName\":\"search_term_string\"}}],\"inLanguage\":\"es\"},{\"@type\":\"Organization\",\"@id\":\"https:\/\/www.pressenza.com\/es\/#organization\",\"name\":\"Pressenza\",\"url\":\"https:\/\/www.pressenza.com\/es\/\",\"logo\":{\"@type\":\"ImageObject\",\"inLanguage\":\"es\",\"@id\":\"https:\/\/www.pressenza.com\/es\/#\/schema\/logo\/image\/\",\"url\":\"https:\/\/www.pressenza.com\/wp-content\/uploads\/2022\/10\/pressenza_logo_200x200.jpg\",\"contentUrl\":\"https:\/\/www.pressenza.com\/wp-content\/uploads\/2022\/10\/pressenza_logo_200x200.jpg\",\"width\":200,\"height\":200,\"caption\":\"Pressenza\"},\"image\":{\"@id\":\"https:\/\/www.pressenza.com\/es\/#\/schema\/logo\/image\/\"},\"sameAs\":[\"https:\/\/www.facebook.com\/PressenzaItalia\",\"https:\/\/x.com\/PressenzaIPA\"]},{\"@type\":\"Person\",\"@id\":\"https:\/\/www.pressenza.com\/es\/#\/schema\/person\/738658b5125ecea661a8a0b96dba8b69\",\"name\":\"Redacci\u00f3n Mar del Plata\",\"description\":\"News published by the Pressenza bureau in Mar Del Plata, Argentina\",\"sameAs\":[\"https:\/\/www.facebook.com\/pressenza\",\"https:\/\/x.com\/Pressenza\"],\"url\":\"https:\/\/www.pressenza.com\/es\/author\/redaccion-mar-del-plata\/\"}]}<\/script>\n<!-- \/ Yoast SEO plugin. -->","yoast_head_json":{"title":"Comunidades mapuche en asamblea permanente","description":"Desde 1994, la Constituci\u00f3n Argentina reconoce que los pueblos ind\u00edgenas que habitan el pa\u00eds son preexistentes al Estado Nacional y por tanto tienen","robots":{"index":"index","follow":"follow","max-snippet":"max-snippet:-1","max-image-preview":"max-image-preview:large","max-video-preview":"max-video-preview:-1"},"canonical":"https:\/\/www.pressenza.com\/es\/2023\/03\/comunidades-mapuche-en-asamblea-permanente\/","og_locale":"es_ES","og_type":"article","og_title":"Comunidades mapuche en asamblea permanente","og_description":"Desde 1994, la Constituci\u00f3n Argentina reconoce que los pueblos ind\u00edgenas que habitan el pa\u00eds son preexistentes al Estado Nacional y por tanto tienen","og_url":"https:\/\/www.pressenza.com\/es\/2023\/03\/comunidades-mapuche-en-asamblea-permanente\/","og_site_name":"Pressenza","article_publisher":"https:\/\/www.facebook.com\/PressenzaItalia","article_author":"https:\/\/www.facebook.com\/pressenza","article_published_time":"2023-03-14T01:16:19+00:00","og_image":[{"width":1024,"height":768,"url":"https:\/\/www.pressenza.com\/wp-content\/uploads\/2023\/03\/Lof-Cayunao-Annalisa-Pensiero.jpg","type":"image\/jpeg"}],"author":"Redacci\u00f3n Mar del Plata","twitter_card":"summary_large_image","twitter_creator":"@Pressenza","twitter_site":"@PressenzaIPA","twitter_misc":{"Escrito por":"Redacci\u00f3n Mar del Plata","Tiempo de lectura":"3 minutos"},"schema":{"@context":"https:\/\/schema.org","@graph":[{"@type":"Article","@id":"https:\/\/www.pressenza.com\/es\/2023\/03\/comunidades-mapuche-en-asamblea-permanente\/#article","isPartOf":{"@id":"https:\/\/www.pressenza.com\/es\/2023\/03\/comunidades-mapuche-en-asamblea-permanente\/"},"author":{"name":"Redacci\u00f3n Mar del Plata","@id":"https:\/\/www.pressenza.com\/es\/#\/schema\/person\/738658b5125ecea661a8a0b96dba8b69"},"headline":"Comunidades mapuche en asamblea permanente","datePublished":"2023-03-14T01:16:19+00:00","mainEntityOfPage":{"@id":"https:\/\/www.pressenza.com\/es\/2023\/03\/comunidades-mapuche-en-asamblea-permanente\/"},"wordCount":662,"publisher":{"@id":"https:\/\/www.pressenza.com\/es\/#organization"},"image":{"@id":"https:\/\/www.pressenza.com\/es\/2023\/03\/comunidades-mapuche-en-asamblea-permanente\/#primaryimage"},"thumbnailUrl":"https:\/\/www.pressenza.com\/wp-content\/uploads\/2023\/03\/Lof-Cayunao-Annalisa-Pensiero.jpg","keywords":["indigenas","Lof Cayunao","mapuce","mapuche","Pueblos Originarios","territorios"],"articleSection":["Comunicados de Prensa","Ecolog\u00eda y Medio Ambiente","Pol\u00edtica","Pueblos Originarios","Sudam\u00e9rica"],"inLanguage":"es"},{"@type":"WebPage","@id":"https:\/\/www.pressenza.com\/es\/2023\/03\/comunidades-mapuche-en-asamblea-permanente\/","url":"https:\/\/www.pressenza.com\/es\/2023\/03\/comunidades-mapuche-en-asamblea-permanente\/","name":"Comunidades mapuche en asamblea permanente","isPartOf":{"@id":"https:\/\/www.pressenza.com\/es\/#website"},"primaryImageOfPage":{"@id":"https:\/\/www.pressenza.com\/es\/2023\/03\/comunidades-mapuche-en-asamblea-permanente\/#primaryimage"},"image":{"@id":"https:\/\/www.pressenza.com\/es\/2023\/03\/comunidades-mapuche-en-asamblea-permanente\/#primaryimage"},"thumbnailUrl":"https:\/\/www.pressenza.com\/wp-content\/uploads\/2023\/03\/Lof-Cayunao-Annalisa-Pensiero.jpg","datePublished":"2023-03-14T01:16:19+00:00","description":"Desde 1994, la Constituci\u00f3n Argentina reconoce que los pueblos ind\u00edgenas que habitan el pa\u00eds son preexistentes al Estado Nacional y por tanto tienen","breadcrumb":{"@id":"https:\/\/www.pressenza.com\/es\/2023\/03\/comunidades-mapuche-en-asamblea-permanente\/#breadcrumb"},"inLanguage":"es","potentialAction":[{"@type":"ReadAction","target":["https:\/\/www.pressenza.com\/es\/2023\/03\/comunidades-mapuche-en-asamblea-permanente\/"]}]},{"@type":"ImageObject","inLanguage":"es","@id":"https:\/\/www.pressenza.com\/es\/2023\/03\/comunidades-mapuche-en-asamblea-permanente\/#primaryimage","url":"https:\/\/www.pressenza.com\/wp-content\/uploads\/2023\/03\/Lof-Cayunao-Annalisa-Pensiero.jpg","contentUrl":"https:\/\/www.pressenza.com\/wp-content\/uploads\/2023\/03\/Lof-Cayunao-Annalisa-Pensiero.jpg","width":1024,"height":768},{"@type":"BreadcrumbList","@id":"https:\/\/www.pressenza.com\/es\/2023\/03\/comunidades-mapuche-en-asamblea-permanente\/#breadcrumb","itemListElement":[{"@type":"ListItem","position":1,"name":"Accueil","item":"https:\/\/www.pressenza.com\/es\/"},{"@type":"ListItem","position":2,"name":"Comunidades mapuche en asamblea permanente"}]},{"@type":"WebSite","@id":"https:\/\/www.pressenza.com\/es\/#website","url":"https:\/\/www.pressenza.com\/es\/","name":"Pressenza","description":"International Press Agency","publisher":{"@id":"https:\/\/www.pressenza.com\/es\/#organization"},"potentialAction":[{"@type":"SearchAction","target":{"@type":"EntryPoint","urlTemplate":"https:\/\/www.pressenza.com\/es\/?s={search_term_string}"},"query-input":{"@type":"PropertyValueSpecification","valueRequired":true,"valueName":"search_term_string"}}],"inLanguage":"es"},{"@type":"Organization","@id":"https:\/\/www.pressenza.com\/es\/#organization","name":"Pressenza","url":"https:\/\/www.pressenza.com\/es\/","logo":{"@type":"ImageObject","inLanguage":"es","@id":"https:\/\/www.pressenza.com\/es\/#\/schema\/logo\/image\/","url":"https:\/\/www.pressenza.com\/wp-content\/uploads\/2022\/10\/pressenza_logo_200x200.jpg","contentUrl":"https:\/\/www.pressenza.com\/wp-content\/uploads\/2022\/10\/pressenza_logo_200x200.jpg","width":200,"height":200,"caption":"Pressenza"},"image":{"@id":"https:\/\/www.pressenza.com\/es\/#\/schema\/logo\/image\/"},"sameAs":["https:\/\/www.facebook.com\/PressenzaItalia","https:\/\/x.com\/PressenzaIPA"]},{"@type":"Person","@id":"https:\/\/www.pressenza.com\/es\/#\/schema\/person\/738658b5125ecea661a8a0b96dba8b69","name":"Redacci\u00f3n Mar del Plata","description":"News published by the Pressenza bureau in Mar Del Plata, Argentina","sameAs":["https:\/\/www.facebook.com\/pressenza","https:\/\/x.com\/Pressenza"],"url":"https:\/\/www.pressenza.com\/es\/author\/redaccion-mar-del-plata\/"}]}},"place":"Argentina","original_article_url":"","_links":{"self":[{"href":"https:\/\/www.pressenza.com\/es\/wp-json\/wp\/v2\/posts\/1724894","targetHints":{"allow":["GET"]}}],"collection":[{"href":"https:\/\/www.pressenza.com\/es\/wp-json\/wp\/v2\/posts"}],"about":[{"href":"https:\/\/www.pressenza.com\/es\/wp-json\/wp\/v2\/types\/post"}],"author":[{"embeddable":true,"href":"https:\/\/www.pressenza.com\/es\/wp-json\/wp\/v2\/users\/1254"}],"replies":[{"embeddable":true,"href":"https:\/\/www.pressenza.com\/es\/wp-json\/wp\/v2\/comments?post=1724894"}],"version-history":[{"count":0,"href":"https:\/\/www.pressenza.com\/es\/wp-json\/wp\/v2\/posts\/1724894\/revisions"}],"wp:featuredmedia":[{"embeddable":true,"href":"https:\/\/www.pressenza.com\/es\/wp-json\/wp\/v2\/media\/1724895"}],"wp:attachment":[{"href":"https:\/\/www.pressenza.com\/es\/wp-json\/wp\/v2\/media?parent=1724894"}],"wp:term":[{"taxonomy":"category","embeddable":true,"href":"https:\/\/www.pressenza.com\/es\/wp-json\/wp\/v2\/categories?post=1724894"},{"taxonomy":"post_tag","embeddable":true,"href":"https:\/\/www.pressenza.com\/es\/wp-json\/wp\/v2\/tags?post=1724894"}],"curies":[{"name":"wp","href":"https:\/\/api.w.org\/{rel}","templated":true}]}}