{"id":172476,"date":"2015-03-24T20:30:25","date_gmt":"2015-03-24T20:30:25","guid":{"rendered":"http:\/\/www.pressenza.com\/?p=172476"},"modified":"2015-03-26T17:53:29","modified_gmt":"2015-03-26T17:53:29","slug":"vii-foro-por-la-no-violencia-en-madrid","status":"publish","type":"post","link":"https:\/\/www.pressenza.com\/es\/2015\/03\/vii-foro-por-la-no-violencia-en-madrid\/","title":{"rendered":"VII Foro por la No Violencia en Madrid"},"content":{"rendered":"<p><em>Con la propuesta \u00abLa No Violencia como herramienta de transformaci\u00f3n ciudadana\u00bb se realizar\u00e1 este VII Foro los d\u00edas 10 y 11 de abril en el \u00abEspacio Mujer Madrid\u00bb, de la capital espa\u00f1ola.<\/em><\/p>\n<p>En los dos d\u00edas de trabajo hay programadas m\u00e1s de 20 actividades entre ponencias, mesas de trabajo y debates sobre el tema de la No Violencia. Adem\u00e1s se proyectar\u00e1n documentales y pel\u00edculas y se anunciar\u00e1 el lanzamiento del Festival Internacional de cortometrajes sobre la Noviolencia Activa, FICNOVA III.<\/p>\n<p>Se contar\u00e1 con intervenciones de ponentes de distintas ciudades de Espa\u00f1a y de otros pa\u00edses como Ecuador, Honduras, Italia, Grecia y Francia. Tambi\u00e9n participar\u00e1n miembros del Equipo de Coordinaci\u00f3n Mundial de MSGySV.<\/p>\n<p>El actor Alberto Ammann participar\u00e1 en un coloquio despu\u00e9s de la proyecci\u00f3n de la pel\u00edcula <em>Invasor<\/em>, de la que es protagonista, que pone en escena el tema del choque entre la \u00e9tica y el colaboracionismo de los miembros de las fuerzas armadas en sus misiones internacionales.<\/p>\n<p>El evento est\u00e1 co-organizado por la asociaci\u00f3n internacional \u00abMundo sin guerras y sin violencia\u00bb (MSGySV) y el peri\u00f3dico \u00abVallecas VA\u00bb.<\/p>\n<p>Los seis foros anteriores se realizaron en Honduras, El Salvador y Ecuador. Recordamos una de las conclusiones del pasado Foro de Manta-Ecuador: <em>\u201c\u2026es urgente visibilizar las propuestas de la Noviolencia como la verdadera salida a las crisis y confrontaciones crecientes que se est\u00e1n dando a nivel mundial. Igualmente, en la dimensi\u00f3n personal, se ve necesario desactivar la violencia interna, pues la expresi\u00f3n externa de la violencia en el mundo es consecuencia de ella. Si hay acciones violentas es que hay personas violentas. Contrariamente todos podemos convertirnos en agentes activos en desactivar la violencia y trabajar para una paz creciente\u201d<\/em><\/p>\n<p>La asociaci\u00f3n MSGySV tiene el estatus \u00abconsultivo especial\u00bb en el ECOSOC de las Naciones Unidas y ha cumplido 20 a\u00f1os como organizaci\u00f3n sin fines de lucro, no percibiendo ning\u00fan tipo de subvenci\u00f3n de gobierno alguno, ni instituci\u00f3n.<\/p>\n","protected":false},"excerpt":{"rendered":"<p>Con la propuesta \u00abLa No Violencia como herramienta de transformaci\u00f3n ciudadana\u00bb se realizar\u00e1 este VII Foro los d\u00edas 10 y 11 de abril en el \u00abEspacio Mujer Madrid\u00bb, de la capital espa\u00f1ola. En los dos d\u00edas de trabajo hay programadas&hellip;<\/p>\n","protected":false},"author":634,"featured_media":173027,"comment_status":"closed","ping_status":"open","sticky":false,"template":"","format":"standard","meta":{"footnotes":""},"categories":[149,11389,1241,66,39,1242,1243],"tags":[1065,11768,3087],"class_list":["post-172476","post","type-post","status-publish","format-standard","has-post-thumbnail","hentry","category-comunicados-de-prensa","category-contenido-original","category-diversidad","category-europa-es","category-internacional","category-noviolencia-tema","category-paz-desarme","tag-espana","tag-ficnova","tag-mundo-sin-guerras-y-sin-violencia"],"yoast_head":"<!-- This site is optimized with the Yoast SEO plugin v27.1.1 - https:\/\/yoast.com\/product\/yoast-seo-wordpress\/ -->\n<title>VII Foro por la No Violencia en Madrid<\/title>\n<meta name=\"description\" content=\"Con la propuesta &quot;La No Violencia como herramienta de transformaci\u00f3n ciudadana&quot; se realizar\u00e1 este VII Foro los d\u00edas 10 y 11 de abril en el &quot;Espacio Mujer\" \/>\n<meta name=\"robots\" content=\"index, follow, max-snippet:-1, max-image-preview:large, max-video-preview:-1\" \/>\n<link rel=\"canonical\" href=\"https:\/\/www.pressenza.com\/es\/2015\/03\/vii-foro-por-la-no-violencia-en-madrid\/\" \/>\n<meta property=\"og:locale\" content=\"es_ES\" \/>\n<meta property=\"og:type\" content=\"article\" \/>\n<meta property=\"og:title\" content=\"VII Foro por la No Violencia en Madrid\" \/>\n<meta property=\"og:description\" content=\"Con la propuesta &quot;La No Violencia como herramienta de transformaci\u00f3n ciudadana&quot; se realizar\u00e1 este VII Foro los d\u00edas 10 y 11 de abril en el &quot;Espacio Mujer\" \/>\n<meta property=\"og:url\" content=\"https:\/\/www.pressenza.com\/es\/2015\/03\/vii-foro-por-la-no-violencia-en-madrid\/\" \/>\n<meta property=\"og:site_name\" content=\"Pressenza\" \/>\n<meta property=\"article:publisher\" content=\"https:\/\/www.facebook.com\/PressenzaItalia\" \/>\n<meta property=\"article:author\" content=\"https:\/\/www.facebook.com\/MundoSinGuerrasYSinViolencia\" \/>\n<meta property=\"article:published_time\" content=\"2015-03-24T20:30:25+00:00\" \/>\n<meta property=\"article:modified_time\" content=\"2015-03-26T17:53:29+00:00\" \/>\n<meta property=\"og:image\" content=\"https:\/\/www.pressenza.com\/wp-content\/uploads\/2015\/03\/foro-no-violencia-madrid1.png\" \/>\n\t<meta property=\"og:image:width\" content=\"870\" \/>\n\t<meta property=\"og:image:height\" content=\"620\" \/>\n\t<meta property=\"og:image:type\" content=\"image\/png\" \/>\n<meta name=\"author\" content=\"Mundo sin Guerras y sin Violencia\" \/>\n<meta name=\"twitter:card\" content=\"summary_large_image\" \/>\n<meta name=\"twitter:creator\" content=\"@msgysv\" \/>\n<meta name=\"twitter:site\" content=\"@PressenzaIPA\" \/>\n<meta name=\"twitter:label1\" content=\"Escrito por\" \/>\n\t<meta name=\"twitter:data1\" content=\"Mundo sin Guerras y sin Violencia\" \/>\n\t<meta name=\"twitter:label2\" content=\"Tiempo de lectura\" \/>\n\t<meta name=\"twitter:data2\" content=\"2 minutos\" \/>\n<script type=\"application\/ld+json\" class=\"yoast-schema-graph\">{\"@context\":\"https:\/\/schema.org\",\"@graph\":[{\"@type\":\"Article\",\"@id\":\"https:\/\/www.pressenza.com\/es\/2015\/03\/vii-foro-por-la-no-violencia-en-madrid\/#article\",\"isPartOf\":{\"@id\":\"https:\/\/www.pressenza.com\/es\/2015\/03\/vii-foro-por-la-no-violencia-en-madrid\/\"},\"author\":{\"name\":\"Mundo sin Guerras y sin Violencia\",\"@id\":\"https:\/\/www.pressenza.com\/es\/#\/schema\/person\/d47d804d04b08f58c790fbabcbbf9670\"},\"headline\":\"VII Foro por la No Violencia en Madrid\",\"datePublished\":\"2015-03-24T20:30:25+00:00\",\"dateModified\":\"2015-03-26T17:53:29+00:00\",\"mainEntityOfPage\":{\"@id\":\"https:\/\/www.pressenza.com\/es\/2015\/03\/vii-foro-por-la-no-violencia-en-madrid\/\"},\"wordCount\":345,\"publisher\":{\"@id\":\"https:\/\/www.pressenza.com\/es\/#organization\"},\"image\":{\"@id\":\"https:\/\/www.pressenza.com\/es\/2015\/03\/vii-foro-por-la-no-violencia-en-madrid\/#primaryimage\"},\"thumbnailUrl\":\"https:\/\/www.pressenza.com\/wp-content\/uploads\/2015\/03\/foro-no-violencia-madrid1.png\",\"keywords\":[\"Espa\u00f1a\",\"FICNOVA\",\"Mundo sin Guerras y sin Violencia\"],\"articleSection\":[\"Comunicados de Prensa\",\"Contenido Original\",\"Diversidad\",\"Europa\",\"Internacional\",\"Noviolencia\",\"Paz y Desarme\"],\"inLanguage\":\"es\"},{\"@type\":\"WebPage\",\"@id\":\"https:\/\/www.pressenza.com\/es\/2015\/03\/vii-foro-por-la-no-violencia-en-madrid\/\",\"url\":\"https:\/\/www.pressenza.com\/es\/2015\/03\/vii-foro-por-la-no-violencia-en-madrid\/\",\"name\":\"VII Foro por la No Violencia en Madrid\",\"isPartOf\":{\"@id\":\"https:\/\/www.pressenza.com\/es\/#website\"},\"primaryImageOfPage\":{\"@id\":\"https:\/\/www.pressenza.com\/es\/2015\/03\/vii-foro-por-la-no-violencia-en-madrid\/#primaryimage\"},\"image\":{\"@id\":\"https:\/\/www.pressenza.com\/es\/2015\/03\/vii-foro-por-la-no-violencia-en-madrid\/#primaryimage\"},\"thumbnailUrl\":\"https:\/\/www.pressenza.com\/wp-content\/uploads\/2015\/03\/foro-no-violencia-madrid1.png\",\"datePublished\":\"2015-03-24T20:30:25+00:00\",\"dateModified\":\"2015-03-26T17:53:29+00:00\",\"description\":\"Con la propuesta \\\"La No Violencia como herramienta de transformaci\u00f3n ciudadana\\\" se realizar\u00e1 este VII Foro los d\u00edas 10 y 11 de abril en el \\\"Espacio Mujer\",\"breadcrumb\":{\"@id\":\"https:\/\/www.pressenza.com\/es\/2015\/03\/vii-foro-por-la-no-violencia-en-madrid\/#breadcrumb\"},\"inLanguage\":\"es\",\"potentialAction\":[{\"@type\":\"ReadAction\",\"target\":[\"https:\/\/www.pressenza.com\/es\/2015\/03\/vii-foro-por-la-no-violencia-en-madrid\/\"]}]},{\"@type\":\"ImageObject\",\"inLanguage\":\"es\",\"@id\":\"https:\/\/www.pressenza.com\/es\/2015\/03\/vii-foro-por-la-no-violencia-en-madrid\/#primaryimage\",\"url\":\"https:\/\/www.pressenza.com\/wp-content\/uploads\/2015\/03\/foro-no-violencia-madrid1.png\",\"contentUrl\":\"https:\/\/www.pressenza.com\/wp-content\/uploads\/2015\/03\/foro-no-violencia-madrid1.png\",\"width\":870,\"height\":620},{\"@type\":\"BreadcrumbList\",\"@id\":\"https:\/\/www.pressenza.com\/es\/2015\/03\/vii-foro-por-la-no-violencia-en-madrid\/#breadcrumb\",\"itemListElement\":[{\"@type\":\"ListItem\",\"position\":1,\"name\":\"Accueil\",\"item\":\"https:\/\/www.pressenza.com\/es\/\"},{\"@type\":\"ListItem\",\"position\":2,\"name\":\"VII Foro por la No Violencia en Madrid\"}]},{\"@type\":\"WebSite\",\"@id\":\"https:\/\/www.pressenza.com\/es\/#website\",\"url\":\"https:\/\/www.pressenza.com\/es\/\",\"name\":\"Pressenza\",\"description\":\"International Press Agency\",\"publisher\":{\"@id\":\"https:\/\/www.pressenza.com\/es\/#organization\"},\"potentialAction\":[{\"@type\":\"SearchAction\",\"target\":{\"@type\":\"EntryPoint\",\"urlTemplate\":\"https:\/\/www.pressenza.com\/es\/?s={search_term_string}\"},\"query-input\":{\"@type\":\"PropertyValueSpecification\",\"valueRequired\":true,\"valueName\":\"search_term_string\"}}],\"inLanguage\":\"es\"},{\"@type\":\"Organization\",\"@id\":\"https:\/\/www.pressenza.com\/es\/#organization\",\"name\":\"Pressenza\",\"url\":\"https:\/\/www.pressenza.com\/es\/\",\"logo\":{\"@type\":\"ImageObject\",\"inLanguage\":\"es\",\"@id\":\"https:\/\/www.pressenza.com\/es\/#\/schema\/logo\/image\/\",\"url\":\"https:\/\/www.pressenza.com\/wp-content\/uploads\/2022\/10\/pressenza_logo_200x200.jpg\",\"contentUrl\":\"https:\/\/www.pressenza.com\/wp-content\/uploads\/2022\/10\/pressenza_logo_200x200.jpg\",\"width\":200,\"height\":200,\"caption\":\"Pressenza\"},\"image\":{\"@id\":\"https:\/\/www.pressenza.com\/es\/#\/schema\/logo\/image\/\"},\"sameAs\":[\"https:\/\/www.facebook.com\/PressenzaItalia\",\"https:\/\/x.com\/PressenzaIPA\"]},{\"@type\":\"Person\",\"@id\":\"https:\/\/www.pressenza.com\/es\/#\/schema\/person\/d47d804d04b08f58c790fbabcbbf9670\",\"name\":\"Mundo sin Guerras y sin Violencia\",\"description\":\"World without Wars and Violence has been a non-profit organisation for more than 20 years and receives no funding from any government. It has \\\"Special Consultative Status\\\" with the UN Economic and Social Council. https:\/\/worldwwars.org\/\",\"sameAs\":[\"https:\/\/worldwwars.org\/\",\"https:\/\/www.facebook.com\/MundoSinGuerrasYSinViolencia\",\"https:\/\/x.com\/msgysv\"],\"url\":\"https:\/\/www.pressenza.com\/es\/author\/mundo-sin-guerras\/\"}]}<\/script>\n<!-- \/ Yoast SEO plugin. -->","yoast_head_json":{"title":"VII Foro por la No Violencia en Madrid","description":"Con la propuesta \"La No Violencia como herramienta de transformaci\u00f3n ciudadana\" se realizar\u00e1 este VII Foro los d\u00edas 10 y 11 de abril en el \"Espacio Mujer","robots":{"index":"index","follow":"follow","max-snippet":"max-snippet:-1","max-image-preview":"max-image-preview:large","max-video-preview":"max-video-preview:-1"},"canonical":"https:\/\/www.pressenza.com\/es\/2015\/03\/vii-foro-por-la-no-violencia-en-madrid\/","og_locale":"es_ES","og_type":"article","og_title":"VII Foro por la No Violencia en Madrid","og_description":"Con la propuesta \"La No Violencia como herramienta de transformaci\u00f3n ciudadana\" se realizar\u00e1 este VII Foro los d\u00edas 10 y 11 de abril en el \"Espacio Mujer","og_url":"https:\/\/www.pressenza.com\/es\/2015\/03\/vii-foro-por-la-no-violencia-en-madrid\/","og_site_name":"Pressenza","article_publisher":"https:\/\/www.facebook.com\/PressenzaItalia","article_author":"https:\/\/www.facebook.com\/MundoSinGuerrasYSinViolencia","article_published_time":"2015-03-24T20:30:25+00:00","article_modified_time":"2015-03-26T17:53:29+00:00","og_image":[{"width":870,"height":620,"url":"https:\/\/www.pressenza.com\/wp-content\/uploads\/2015\/03\/foro-no-violencia-madrid1.png","type":"image\/png"}],"author":"Mundo sin Guerras y sin Violencia","twitter_card":"summary_large_image","twitter_creator":"@msgysv","twitter_site":"@PressenzaIPA","twitter_misc":{"Escrito por":"Mundo sin Guerras y sin Violencia","Tiempo de lectura":"2 minutos"},"schema":{"@context":"https:\/\/schema.org","@graph":[{"@type":"Article","@id":"https:\/\/www.pressenza.com\/es\/2015\/03\/vii-foro-por-la-no-violencia-en-madrid\/#article","isPartOf":{"@id":"https:\/\/www.pressenza.com\/es\/2015\/03\/vii-foro-por-la-no-violencia-en-madrid\/"},"author":{"name":"Mundo sin Guerras y sin Violencia","@id":"https:\/\/www.pressenza.com\/es\/#\/schema\/person\/d47d804d04b08f58c790fbabcbbf9670"},"headline":"VII Foro por la No Violencia en Madrid","datePublished":"2015-03-24T20:30:25+00:00","dateModified":"2015-03-26T17:53:29+00:00","mainEntityOfPage":{"@id":"https:\/\/www.pressenza.com\/es\/2015\/03\/vii-foro-por-la-no-violencia-en-madrid\/"},"wordCount":345,"publisher":{"@id":"https:\/\/www.pressenza.com\/es\/#organization"},"image":{"@id":"https:\/\/www.pressenza.com\/es\/2015\/03\/vii-foro-por-la-no-violencia-en-madrid\/#primaryimage"},"thumbnailUrl":"https:\/\/www.pressenza.com\/wp-content\/uploads\/2015\/03\/foro-no-violencia-madrid1.png","keywords":["Espa\u00f1a","FICNOVA","Mundo sin Guerras y sin Violencia"],"articleSection":["Comunicados de Prensa","Contenido Original","Diversidad","Europa","Internacional","Noviolencia","Paz y Desarme"],"inLanguage":"es"},{"@type":"WebPage","@id":"https:\/\/www.pressenza.com\/es\/2015\/03\/vii-foro-por-la-no-violencia-en-madrid\/","url":"https:\/\/www.pressenza.com\/es\/2015\/03\/vii-foro-por-la-no-violencia-en-madrid\/","name":"VII Foro por la No Violencia en Madrid","isPartOf":{"@id":"https:\/\/www.pressenza.com\/es\/#website"},"primaryImageOfPage":{"@id":"https:\/\/www.pressenza.com\/es\/2015\/03\/vii-foro-por-la-no-violencia-en-madrid\/#primaryimage"},"image":{"@id":"https:\/\/www.pressenza.com\/es\/2015\/03\/vii-foro-por-la-no-violencia-en-madrid\/#primaryimage"},"thumbnailUrl":"https:\/\/www.pressenza.com\/wp-content\/uploads\/2015\/03\/foro-no-violencia-madrid1.png","datePublished":"2015-03-24T20:30:25+00:00","dateModified":"2015-03-26T17:53:29+00:00","description":"Con la propuesta \"La No Violencia como herramienta de transformaci\u00f3n ciudadana\" se realizar\u00e1 este VII Foro los d\u00edas 10 y 11 de abril en el \"Espacio Mujer","breadcrumb":{"@id":"https:\/\/www.pressenza.com\/es\/2015\/03\/vii-foro-por-la-no-violencia-en-madrid\/#breadcrumb"},"inLanguage":"es","potentialAction":[{"@type":"ReadAction","target":["https:\/\/www.pressenza.com\/es\/2015\/03\/vii-foro-por-la-no-violencia-en-madrid\/"]}]},{"@type":"ImageObject","inLanguage":"es","@id":"https:\/\/www.pressenza.com\/es\/2015\/03\/vii-foro-por-la-no-violencia-en-madrid\/#primaryimage","url":"https:\/\/www.pressenza.com\/wp-content\/uploads\/2015\/03\/foro-no-violencia-madrid1.png","contentUrl":"https:\/\/www.pressenza.com\/wp-content\/uploads\/2015\/03\/foro-no-violencia-madrid1.png","width":870,"height":620},{"@type":"BreadcrumbList","@id":"https:\/\/www.pressenza.com\/es\/2015\/03\/vii-foro-por-la-no-violencia-en-madrid\/#breadcrumb","itemListElement":[{"@type":"ListItem","position":1,"name":"Accueil","item":"https:\/\/www.pressenza.com\/es\/"},{"@type":"ListItem","position":2,"name":"VII Foro por la No Violencia en Madrid"}]},{"@type":"WebSite","@id":"https:\/\/www.pressenza.com\/es\/#website","url":"https:\/\/www.pressenza.com\/es\/","name":"Pressenza","description":"International Press Agency","publisher":{"@id":"https:\/\/www.pressenza.com\/es\/#organization"},"potentialAction":[{"@type":"SearchAction","target":{"@type":"EntryPoint","urlTemplate":"https:\/\/www.pressenza.com\/es\/?s={search_term_string}"},"query-input":{"@type":"PropertyValueSpecification","valueRequired":true,"valueName":"search_term_string"}}],"inLanguage":"es"},{"@type":"Organization","@id":"https:\/\/www.pressenza.com\/es\/#organization","name":"Pressenza","url":"https:\/\/www.pressenza.com\/es\/","logo":{"@type":"ImageObject","inLanguage":"es","@id":"https:\/\/www.pressenza.com\/es\/#\/schema\/logo\/image\/","url":"https:\/\/www.pressenza.com\/wp-content\/uploads\/2022\/10\/pressenza_logo_200x200.jpg","contentUrl":"https:\/\/www.pressenza.com\/wp-content\/uploads\/2022\/10\/pressenza_logo_200x200.jpg","width":200,"height":200,"caption":"Pressenza"},"image":{"@id":"https:\/\/www.pressenza.com\/es\/#\/schema\/logo\/image\/"},"sameAs":["https:\/\/www.facebook.com\/PressenzaItalia","https:\/\/x.com\/PressenzaIPA"]},{"@type":"Person","@id":"https:\/\/www.pressenza.com\/es\/#\/schema\/person\/d47d804d04b08f58c790fbabcbbf9670","name":"Mundo sin Guerras y sin Violencia","description":"World without Wars and Violence has been a non-profit organisation for more than 20 years and receives no funding from any government. It has \"Special Consultative Status\" with the UN Economic and Social Council. https:\/\/worldwwars.org\/","sameAs":["https:\/\/worldwwars.org\/","https:\/\/www.facebook.com\/MundoSinGuerrasYSinViolencia","https:\/\/x.com\/msgysv"],"url":"https:\/\/www.pressenza.com\/es\/author\/mundo-sin-guerras\/"}]}},"place":"","original_article_url":"","_links":{"self":[{"href":"https:\/\/www.pressenza.com\/es\/wp-json\/wp\/v2\/posts\/172476","targetHints":{"allow":["GET"]}}],"collection":[{"href":"https:\/\/www.pressenza.com\/es\/wp-json\/wp\/v2\/posts"}],"about":[{"href":"https:\/\/www.pressenza.com\/es\/wp-json\/wp\/v2\/types\/post"}],"author":[{"embeddable":true,"href":"https:\/\/www.pressenza.com\/es\/wp-json\/wp\/v2\/users\/634"}],"replies":[{"embeddable":true,"href":"https:\/\/www.pressenza.com\/es\/wp-json\/wp\/v2\/comments?post=172476"}],"version-history":[{"count":0,"href":"https:\/\/www.pressenza.com\/es\/wp-json\/wp\/v2\/posts\/172476\/revisions"}],"wp:featuredmedia":[{"embeddable":true,"href":"https:\/\/www.pressenza.com\/es\/wp-json\/wp\/v2\/media\/173027"}],"wp:attachment":[{"href":"https:\/\/www.pressenza.com\/es\/wp-json\/wp\/v2\/media?parent=172476"}],"wp:term":[{"taxonomy":"category","embeddable":true,"href":"https:\/\/www.pressenza.com\/es\/wp-json\/wp\/v2\/categories?post=172476"},{"taxonomy":"post_tag","embeddable":true,"href":"https:\/\/www.pressenza.com\/es\/wp-json\/wp\/v2\/tags?post=172476"}],"curies":[{"name":"wp","href":"https:\/\/api.w.org\/{rel}","templated":true}]}}