{"id":1724416,"date":"2023-03-12T14:18:30","date_gmt":"2023-03-12T14:18:30","guid":{"rendered":"https:\/\/www.pressenza.com\/?p=1724416"},"modified":"2023-03-12T14:22:16","modified_gmt":"2023-03-12T14:22:16","slug":"atencion-a-las-areas-protegidas","status":"publish","type":"post","link":"https:\/\/www.pressenza.com\/es\/2023\/03\/atencion-a-las-areas-protegidas\/","title":{"rendered":"Atenci\u00f3n a las \u00e1reas protegidas"},"content":{"rendered":"<p>Las \u00e1reas protegidas por el Estado chileno en el sur del pa\u00eds, destinadas a la conservaci\u00f3n, sufren la presi\u00f3n industrial de la actividad de las salmoneras.<\/p>\n<p>Estas industrias, con sus enormes inversiones han generado riqueza e impulsado el desarrollo, creando fuentes de trabajo, innovando tecnol\u00f3gicamente y \u00faltimamente buscando establecer condiciones de paridad de g\u00e9nero en su personal.<\/p>\n<p>As\u00ed lo demuestra el Encuentro de Mujeres en Tecnolog\u00eda e Innovaci\u00f3n, iniciativa organizada por el Centro de Emprendimiento e Innovaci\u00f3n COWO y Duoc UC, junto al apoyo de Corfo y la Municipalidad de Puerto Montt, realizado con ocasi\u00f3n del 8 de marzo.<\/p>\n<p>Sin embargo, las organizaciones sociales y medioambientales exigen mayor regulaci\u00f3n y una ley que retire las concesiones acu\u00edcolas de las \u00e1reas protegidas.<\/p>\n<p>\u00abLa Uni\u00f3n Internacional para la Conservaci\u00f3n de la Naturaleza (UICN) ha enfatizado que, en \u00e1reas marinas protegidas, las actividades de impacto, como\u00a0la salmonicultura, son incompatibles con los objetivos de conservaci\u00f3n para los que se cre\u00f3 el \u00e1rea y no debieran existir en su interior\u201d, dice Maximiliano Bello, asesor ejecutivo de Pol\u00edticas P\u00fablicas del Oc\u00e9ano de la organizaci\u00f3n Mission Blue.<\/p>\n<p>\u00abDe alrededor de 1.500 concesiones salmoneras, 415 est\u00e1n otorgadas al interior de \u00e1reas protegidas, aunque no todas est\u00e9n operativas\u201d, se\u00f1ala Juan Carlos Viveros, de la organizaci\u00f3n Defendamos Chilo\u00e9.<\/p>\n<p>Esteban Ram\u00edrez, gerente general del Instituto Tecnol\u00f3gico del Salm\u00f3n de Chile (Intesal), ente t\u00e9cnico de la asociaci\u00f3n gremial Salm\u00f3n Chile, que re\u00fane al 60% de la producci\u00f3n nacional con diez productores de salm\u00f3n y representa a m\u00e1s de 50 empresas proveedoras, indica que de las 400 concesiones ubicadas en reservas, la mayor\u00eda est\u00e1n en el \u00e1rea de la Reserva para el Cipr\u00e9s de las Guaitecas, regi\u00f3n de Ays\u00e9n.<\/p>\n<p>En su opini\u00f3n, \u00abel objeto de conservaci\u00f3n no presenta incompatibilidades con la salmonicultura. Esta reserva fue creada en la d\u00e9cada de 1940, cuando qued\u00f3 de manera ambigua la regulaci\u00f3n del \u00e1rea mar\u00edtima\u201d. Ram\u00edrez se\u00f1ala que la superposici\u00f3n entre \u00e1reas protegidas y de acuicultura se dio porque estas \u00faltimas se establecieron en los a\u00f1os \u00b480, cuando no exist\u00edan parques nacionales ni reservas marinas en zonas con concesiones acu\u00edcolas. Al declarar las reservas, \u00abno incorporaban cuerpos de agua o su objeto de protecci\u00f3n no presentaba incompatibilidad alguna\u201d, observa el representante de Intesal.<\/p>\n<p>Se trata de una pol\u00e9mica en curso, que est\u00e1 teniendo repercusiones. Las medidas reguladoras buscan favorecer la protecci\u00f3n del medio ambiente, pero tambi\u00e9n intentan proteger el entusiasmo de las empresas inversoras. Compatibilizar desarrollo con preservaci\u00f3n ambiental, el impulso de las empresas por invertir y crear fuentes de trabajo, la necesaria protecci\u00f3n y conservaci\u00f3n de los recursos pesqueros y marinos, son todos temas que capturan la atenci\u00f3n ya que seg\u00fan c\u00f3mo se resuelvan ir\u00e1n perfilando el futuro del sector.<\/p>\n","protected":false},"excerpt":{"rendered":"<p>Las \u00e1reas protegidas por el Estado chileno en el sur del pa\u00eds, destinadas a la conservaci\u00f3n, sufren la presi\u00f3n industrial de la actividad de las salmoneras. Estas industrias, con sus enormes inversiones han generado riqueza e impulsado el desarrollo, creando&hellip;<\/p>\n","protected":false},"author":2127,"featured_media":1724417,"comment_status":"closed","ping_status":"closed","sticky":false,"template":"","format":"standard","meta":{"footnotes":""},"categories":[11389,78,106739,67],"tags":[92930,29],"class_list":["post-1724416","post","type-post","status-publish","format-standard","has-post-thumbnail","hentry","category-contenido-original","category-medio-ambiente-ecologia","category-noticia","category-sudamerica","tag-areas-protegidas","tag-chile"],"yoast_head":"<!-- This site is optimized with the Yoast SEO plugin v27.1.1 - https:\/\/yoast.com\/product\/yoast-seo-wordpress\/ -->\n<title>Atenci\u00f3n a las \u00e1reas protegidas<\/title>\n<meta name=\"description\" content=\"Las \u00e1reas protegidas por el Estado chileno en el sur del pa\u00eds, destinadas a la conservaci\u00f3n, sufren la presi\u00f3n industrial de la actividad de las\" \/>\n<meta name=\"robots\" content=\"index, follow, max-snippet:-1, max-image-preview:large, max-video-preview:-1\" \/>\n<link rel=\"canonical\" href=\"https:\/\/www.pressenza.com\/es\/2023\/03\/atencion-a-las-areas-protegidas\/\" \/>\n<meta property=\"og:locale\" content=\"es_ES\" \/>\n<meta property=\"og:type\" content=\"article\" \/>\n<meta property=\"og:title\" content=\"Atenci\u00f3n a las \u00e1reas protegidas\" \/>\n<meta property=\"og:description\" content=\"Las \u00e1reas protegidas por el Estado chileno en el sur del pa\u00eds, destinadas a la conservaci\u00f3n, sufren la presi\u00f3n industrial de la actividad de las\" \/>\n<meta property=\"og:url\" content=\"https:\/\/www.pressenza.com\/es\/2023\/03\/atencion-a-las-areas-protegidas\/\" \/>\n<meta property=\"og:site_name\" content=\"Pressenza\" \/>\n<meta property=\"article:publisher\" content=\"https:\/\/www.facebook.com\/PressenzaItalia\" \/>\n<meta property=\"article:published_time\" content=\"2023-03-12T14:18:30+00:00\" \/>\n<meta property=\"article:modified_time\" content=\"2023-03-12T14:22:16+00:00\" \/>\n<meta property=\"og:image\" content=\"https:\/\/www.pressenza.com\/wp-content\/uploads\/2023\/03\/slide1.jpg\" \/>\n\t<meta property=\"og:image:width\" content=\"760\" \/>\n\t<meta property=\"og:image:height\" content=\"300\" \/>\n\t<meta property=\"og:image:type\" content=\"image\/jpeg\" \/>\n<meta name=\"author\" content=\"Cristina Bianchi\" \/>\n<meta name=\"twitter:card\" content=\"summary_large_image\" \/>\n<meta name=\"twitter:creator\" content=\"@PressenzaIPA\" \/>\n<meta name=\"twitter:site\" content=\"@PressenzaIPA\" \/>\n<meta name=\"twitter:label1\" content=\"Escrito por\" \/>\n\t<meta name=\"twitter:data1\" content=\"Cristina Bianchi\" \/>\n\t<meta name=\"twitter:label2\" content=\"Tiempo de lectura\" \/>\n\t<meta name=\"twitter:data2\" content=\"3 minutos\" \/>\n<script type=\"application\/ld+json\" class=\"yoast-schema-graph\">{\"@context\":\"https:\/\/schema.org\",\"@graph\":[{\"@type\":\"Article\",\"@id\":\"https:\/\/www.pressenza.com\/es\/2023\/03\/atencion-a-las-areas-protegidas\/#article\",\"isPartOf\":{\"@id\":\"https:\/\/www.pressenza.com\/es\/2023\/03\/atencion-a-las-areas-protegidas\/\"},\"author\":{\"name\":\"Cristina Bianchi\",\"@id\":\"https:\/\/www.pressenza.com\/es\/#\/schema\/person\/e88b84f7057c5b1ca8d5ce214681f401\"},\"headline\":\"Atenci\u00f3n a las \u00e1reas protegidas\",\"datePublished\":\"2023-03-12T14:18:30+00:00\",\"dateModified\":\"2023-03-12T14:22:16+00:00\",\"mainEntityOfPage\":{\"@id\":\"https:\/\/www.pressenza.com\/es\/2023\/03\/atencion-a-las-areas-protegidas\/\"},\"wordCount\":502,\"publisher\":{\"@id\":\"https:\/\/www.pressenza.com\/es\/#organization\"},\"image\":{\"@id\":\"https:\/\/www.pressenza.com\/es\/2023\/03\/atencion-a-las-areas-protegidas\/#primaryimage\"},\"thumbnailUrl\":\"https:\/\/www.pressenza.com\/wp-content\/uploads\/2023\/03\/slide1.jpg\",\"keywords\":[\"\u00e1reas protegidas\",\"Chile\"],\"articleSection\":[\"Contenido Original\",\"Ecolog\u00eda y Medio Ambiente\",\"Noticia\",\"Sudam\u00e9rica\"],\"inLanguage\":\"es\"},{\"@type\":\"WebPage\",\"@id\":\"https:\/\/www.pressenza.com\/es\/2023\/03\/atencion-a-las-areas-protegidas\/\",\"url\":\"https:\/\/www.pressenza.com\/es\/2023\/03\/atencion-a-las-areas-protegidas\/\",\"name\":\"Atenci\u00f3n a las \u00e1reas protegidas\",\"isPartOf\":{\"@id\":\"https:\/\/www.pressenza.com\/es\/#website\"},\"primaryImageOfPage\":{\"@id\":\"https:\/\/www.pressenza.com\/es\/2023\/03\/atencion-a-las-areas-protegidas\/#primaryimage\"},\"image\":{\"@id\":\"https:\/\/www.pressenza.com\/es\/2023\/03\/atencion-a-las-areas-protegidas\/#primaryimage\"},\"thumbnailUrl\":\"https:\/\/www.pressenza.com\/wp-content\/uploads\/2023\/03\/slide1.jpg\",\"datePublished\":\"2023-03-12T14:18:30+00:00\",\"dateModified\":\"2023-03-12T14:22:16+00:00\",\"description\":\"Las \u00e1reas protegidas por el Estado chileno en el sur del pa\u00eds, destinadas a la conservaci\u00f3n, sufren la presi\u00f3n industrial de la actividad de las\",\"breadcrumb\":{\"@id\":\"https:\/\/www.pressenza.com\/es\/2023\/03\/atencion-a-las-areas-protegidas\/#breadcrumb\"},\"inLanguage\":\"es\",\"potentialAction\":[{\"@type\":\"ReadAction\",\"target\":[\"https:\/\/www.pressenza.com\/es\/2023\/03\/atencion-a-las-areas-protegidas\/\"]}]},{\"@type\":\"ImageObject\",\"inLanguage\":\"es\",\"@id\":\"https:\/\/www.pressenza.com\/es\/2023\/03\/atencion-a-las-areas-protegidas\/#primaryimage\",\"url\":\"https:\/\/www.pressenza.com\/wp-content\/uploads\/2023\/03\/slide1.jpg\",\"contentUrl\":\"https:\/\/www.pressenza.com\/wp-content\/uploads\/2023\/03\/slide1.jpg\",\"width\":760,\"height\":300},{\"@type\":\"BreadcrumbList\",\"@id\":\"https:\/\/www.pressenza.com\/es\/2023\/03\/atencion-a-las-areas-protegidas\/#breadcrumb\",\"itemListElement\":[{\"@type\":\"ListItem\",\"position\":1,\"name\":\"Accueil\",\"item\":\"https:\/\/www.pressenza.com\/es\/\"},{\"@type\":\"ListItem\",\"position\":2,\"name\":\"Atenci\u00f3n a las \u00e1reas protegidas\"}]},{\"@type\":\"WebSite\",\"@id\":\"https:\/\/www.pressenza.com\/es\/#website\",\"url\":\"https:\/\/www.pressenza.com\/es\/\",\"name\":\"Pressenza\",\"description\":\"International Press Agency\",\"publisher\":{\"@id\":\"https:\/\/www.pressenza.com\/es\/#organization\"},\"potentialAction\":[{\"@type\":\"SearchAction\",\"target\":{\"@type\":\"EntryPoint\",\"urlTemplate\":\"https:\/\/www.pressenza.com\/es\/?s={search_term_string}\"},\"query-input\":{\"@type\":\"PropertyValueSpecification\",\"valueRequired\":true,\"valueName\":\"search_term_string\"}}],\"inLanguage\":\"es\"},{\"@type\":\"Organization\",\"@id\":\"https:\/\/www.pressenza.com\/es\/#organization\",\"name\":\"Pressenza\",\"url\":\"https:\/\/www.pressenza.com\/es\/\",\"logo\":{\"@type\":\"ImageObject\",\"inLanguage\":\"es\",\"@id\":\"https:\/\/www.pressenza.com\/es\/#\/schema\/logo\/image\/\",\"url\":\"https:\/\/www.pressenza.com\/wp-content\/uploads\/2022\/10\/pressenza_logo_200x200.jpg\",\"contentUrl\":\"https:\/\/www.pressenza.com\/wp-content\/uploads\/2022\/10\/pressenza_logo_200x200.jpg\",\"width\":200,\"height\":200,\"caption\":\"Pressenza\"},\"image\":{\"@id\":\"https:\/\/www.pressenza.com\/es\/#\/schema\/logo\/image\/\"},\"sameAs\":[\"https:\/\/www.facebook.com\/PressenzaItalia\",\"https:\/\/x.com\/PressenzaIPA\"]},{\"@type\":\"Person\",\"@id\":\"https:\/\/www.pressenza.com\/es\/#\/schema\/person\/e88b84f7057c5b1ca8d5ce214681f401\",\"name\":\"Cristina Bianchi\",\"sameAs\":[\"https:\/\/cristinabianchi1981.wordpress.com\/\"],\"url\":\"https:\/\/www.pressenza.com\/es\/author\/cristina-bianchi\/\"}]}<\/script>\n<!-- \/ Yoast SEO plugin. -->","yoast_head_json":{"title":"Atenci\u00f3n a las \u00e1reas protegidas","description":"Las \u00e1reas protegidas por el Estado chileno en el sur del pa\u00eds, destinadas a la conservaci\u00f3n, sufren la presi\u00f3n industrial de la actividad de las","robots":{"index":"index","follow":"follow","max-snippet":"max-snippet:-1","max-image-preview":"max-image-preview:large","max-video-preview":"max-video-preview:-1"},"canonical":"https:\/\/www.pressenza.com\/es\/2023\/03\/atencion-a-las-areas-protegidas\/","og_locale":"es_ES","og_type":"article","og_title":"Atenci\u00f3n a las \u00e1reas protegidas","og_description":"Las \u00e1reas protegidas por el Estado chileno en el sur del pa\u00eds, destinadas a la conservaci\u00f3n, sufren la presi\u00f3n industrial de la actividad de las","og_url":"https:\/\/www.pressenza.com\/es\/2023\/03\/atencion-a-las-areas-protegidas\/","og_site_name":"Pressenza","article_publisher":"https:\/\/www.facebook.com\/PressenzaItalia","article_published_time":"2023-03-12T14:18:30+00:00","article_modified_time":"2023-03-12T14:22:16+00:00","og_image":[{"width":760,"height":300,"url":"https:\/\/www.pressenza.com\/wp-content\/uploads\/2023\/03\/slide1.jpg","type":"image\/jpeg"}],"author":"Cristina Bianchi","twitter_card":"summary_large_image","twitter_creator":"@PressenzaIPA","twitter_site":"@PressenzaIPA","twitter_misc":{"Escrito por":"Cristina Bianchi","Tiempo de lectura":"3 minutos"},"schema":{"@context":"https:\/\/schema.org","@graph":[{"@type":"Article","@id":"https:\/\/www.pressenza.com\/es\/2023\/03\/atencion-a-las-areas-protegidas\/#article","isPartOf":{"@id":"https:\/\/www.pressenza.com\/es\/2023\/03\/atencion-a-las-areas-protegidas\/"},"author":{"name":"Cristina Bianchi","@id":"https:\/\/www.pressenza.com\/es\/#\/schema\/person\/e88b84f7057c5b1ca8d5ce214681f401"},"headline":"Atenci\u00f3n a las \u00e1reas protegidas","datePublished":"2023-03-12T14:18:30+00:00","dateModified":"2023-03-12T14:22:16+00:00","mainEntityOfPage":{"@id":"https:\/\/www.pressenza.com\/es\/2023\/03\/atencion-a-las-areas-protegidas\/"},"wordCount":502,"publisher":{"@id":"https:\/\/www.pressenza.com\/es\/#organization"},"image":{"@id":"https:\/\/www.pressenza.com\/es\/2023\/03\/atencion-a-las-areas-protegidas\/#primaryimage"},"thumbnailUrl":"https:\/\/www.pressenza.com\/wp-content\/uploads\/2023\/03\/slide1.jpg","keywords":["\u00e1reas protegidas","Chile"],"articleSection":["Contenido Original","Ecolog\u00eda y Medio Ambiente","Noticia","Sudam\u00e9rica"],"inLanguage":"es"},{"@type":"WebPage","@id":"https:\/\/www.pressenza.com\/es\/2023\/03\/atencion-a-las-areas-protegidas\/","url":"https:\/\/www.pressenza.com\/es\/2023\/03\/atencion-a-las-areas-protegidas\/","name":"Atenci\u00f3n a las \u00e1reas protegidas","isPartOf":{"@id":"https:\/\/www.pressenza.com\/es\/#website"},"primaryImageOfPage":{"@id":"https:\/\/www.pressenza.com\/es\/2023\/03\/atencion-a-las-areas-protegidas\/#primaryimage"},"image":{"@id":"https:\/\/www.pressenza.com\/es\/2023\/03\/atencion-a-las-areas-protegidas\/#primaryimage"},"thumbnailUrl":"https:\/\/www.pressenza.com\/wp-content\/uploads\/2023\/03\/slide1.jpg","datePublished":"2023-03-12T14:18:30+00:00","dateModified":"2023-03-12T14:22:16+00:00","description":"Las \u00e1reas protegidas por el Estado chileno en el sur del pa\u00eds, destinadas a la conservaci\u00f3n, sufren la presi\u00f3n industrial de la actividad de las","breadcrumb":{"@id":"https:\/\/www.pressenza.com\/es\/2023\/03\/atencion-a-las-areas-protegidas\/#breadcrumb"},"inLanguage":"es","potentialAction":[{"@type":"ReadAction","target":["https:\/\/www.pressenza.com\/es\/2023\/03\/atencion-a-las-areas-protegidas\/"]}]},{"@type":"ImageObject","inLanguage":"es","@id":"https:\/\/www.pressenza.com\/es\/2023\/03\/atencion-a-las-areas-protegidas\/#primaryimage","url":"https:\/\/www.pressenza.com\/wp-content\/uploads\/2023\/03\/slide1.jpg","contentUrl":"https:\/\/www.pressenza.com\/wp-content\/uploads\/2023\/03\/slide1.jpg","width":760,"height":300},{"@type":"BreadcrumbList","@id":"https:\/\/www.pressenza.com\/es\/2023\/03\/atencion-a-las-areas-protegidas\/#breadcrumb","itemListElement":[{"@type":"ListItem","position":1,"name":"Accueil","item":"https:\/\/www.pressenza.com\/es\/"},{"@type":"ListItem","position":2,"name":"Atenci\u00f3n a las \u00e1reas protegidas"}]},{"@type":"WebSite","@id":"https:\/\/www.pressenza.com\/es\/#website","url":"https:\/\/www.pressenza.com\/es\/","name":"Pressenza","description":"International Press Agency","publisher":{"@id":"https:\/\/www.pressenza.com\/es\/#organization"},"potentialAction":[{"@type":"SearchAction","target":{"@type":"EntryPoint","urlTemplate":"https:\/\/www.pressenza.com\/es\/?s={search_term_string}"},"query-input":{"@type":"PropertyValueSpecification","valueRequired":true,"valueName":"search_term_string"}}],"inLanguage":"es"},{"@type":"Organization","@id":"https:\/\/www.pressenza.com\/es\/#organization","name":"Pressenza","url":"https:\/\/www.pressenza.com\/es\/","logo":{"@type":"ImageObject","inLanguage":"es","@id":"https:\/\/www.pressenza.com\/es\/#\/schema\/logo\/image\/","url":"https:\/\/www.pressenza.com\/wp-content\/uploads\/2022\/10\/pressenza_logo_200x200.jpg","contentUrl":"https:\/\/www.pressenza.com\/wp-content\/uploads\/2022\/10\/pressenza_logo_200x200.jpg","width":200,"height":200,"caption":"Pressenza"},"image":{"@id":"https:\/\/www.pressenza.com\/es\/#\/schema\/logo\/image\/"},"sameAs":["https:\/\/www.facebook.com\/PressenzaItalia","https:\/\/x.com\/PressenzaIPA"]},{"@type":"Person","@id":"https:\/\/www.pressenza.com\/es\/#\/schema\/person\/e88b84f7057c5b1ca8d5ce214681f401","name":"Cristina Bianchi","sameAs":["https:\/\/cristinabianchi1981.wordpress.com\/"],"url":"https:\/\/www.pressenza.com\/es\/author\/cristina-bianchi\/"}]}},"place":"Puerto Montt, Chile","original_article_url":"","_links":{"self":[{"href":"https:\/\/www.pressenza.com\/es\/wp-json\/wp\/v2\/posts\/1724416","targetHints":{"allow":["GET"]}}],"collection":[{"href":"https:\/\/www.pressenza.com\/es\/wp-json\/wp\/v2\/posts"}],"about":[{"href":"https:\/\/www.pressenza.com\/es\/wp-json\/wp\/v2\/types\/post"}],"author":[{"embeddable":true,"href":"https:\/\/www.pressenza.com\/es\/wp-json\/wp\/v2\/users\/2127"}],"replies":[{"embeddable":true,"href":"https:\/\/www.pressenza.com\/es\/wp-json\/wp\/v2\/comments?post=1724416"}],"version-history":[{"count":0,"href":"https:\/\/www.pressenza.com\/es\/wp-json\/wp\/v2\/posts\/1724416\/revisions"}],"wp:featuredmedia":[{"embeddable":true,"href":"https:\/\/www.pressenza.com\/es\/wp-json\/wp\/v2\/media\/1724417"}],"wp:attachment":[{"href":"https:\/\/www.pressenza.com\/es\/wp-json\/wp\/v2\/media?parent=1724416"}],"wp:term":[{"taxonomy":"category","embeddable":true,"href":"https:\/\/www.pressenza.com\/es\/wp-json\/wp\/v2\/categories?post=1724416"},{"taxonomy":"post_tag","embeddable":true,"href":"https:\/\/www.pressenza.com\/es\/wp-json\/wp\/v2\/tags?post=1724416"}],"curies":[{"name":"wp","href":"https:\/\/api.w.org\/{rel}","templated":true}]}}