{"id":1722882,"date":"2023-03-08T03:05:07","date_gmt":"2023-03-08T03:05:07","guid":{"rendered":"https:\/\/www.pressenza.com\/?p=1722882"},"modified":"2023-03-06T23:46:57","modified_gmt":"2023-03-06T23:46:57","slug":"8-de-marzo-libertad-a-las-presas-mapuche","status":"publish","type":"post","link":"https:\/\/www.pressenza.com\/es\/2023\/03\/8-de-marzo-libertad-a-las-presas-mapuche\/","title":{"rendered":"8 de marzo: libertad a las presas mapuche"},"content":{"rendered":"<p>Son muchas las exigencias con las que llegamos a este 8M. En esta carta, nos dirigimos a todas las compa\u00f1eras y compa\u00f1eres que est\u00e1n organizando las acciones en distintos territorios de Abya Yala, para proponer que est\u00e9 muy presente la exigencia al gobierno argentino de la libertad de las Machi Betiana Colhuan y las mujeres mapuche de la comunidad Winkul Mapu que est\u00e1n en prisi\u00f3n con sus ni\u00f1as y ni\u00f1os. Como feministas comunitarias, territoriales, populares, somos parte de la demanda de que se asegure el regreso de la Machi Betiana Colhuan y la comunidad Winkul Mapu al Rewe.<\/p>\n<p>Recordamos que el conflicto con la comunidad del Lof Lafken Winkul Mapu tiene como antecedente el violento desalojo realizado por la Polic\u00eda Federal y Prefectura el 23 de noviembre de 2017, por orden del juez federal Gustavo Villanueva, cuando ingresaron a las tierras recuperadas por esta comunidad, cerca del lago Mascardi, y detuvieron a integrantes de la misma, incluidas mujeres y ni\u00f1as\/os, persiguiendo a quienes pudieron escapar hacia las monta\u00f1as. En ese contexto, el 25 de noviembre, efectivos del grupo Albatros de la Prefectura dispararon y mataron por la espalda a Rafael Nahuel, hiriendo a otras cuatro personas. De esa jornada continua la persecuci\u00f3n al joven Lautaro Curuhuinca, quien baj\u00f3 el cuerpo de Rafael Nahuel, y hoy debe seguir pr\u00f3fugo de la justicia racista.<\/p>\n<p>La jueza Silvina Dom\u00ednguez, orden\u00f3 un segundo desalojo el 4 de octubre de 2022, en el marco de la causa iniciada por una denuncia \u201cpor usurpaci\u00f3n\u201d impulsada por la Administraci\u00f3n de Parques Nacionales en 2017. El desalojo fue realizado por el Comando Unificado de Seguridad de las Fuerzas Federales, y concluy\u00f3 con la detenci\u00f3n de 7 mujeres con sus hijos, entre ellas una embarazada; 3 recibieron prisi\u00f3n domiciliaria y cuatro de ellas -Martha Luciana Jaramillo, Andrea Despo, Florencia Melo y D\u00e9bora Vera- fueron trasladadas al penal de Ezeiza (a m\u00e1s de 1600 kil\u00f3metros de sus familias), con el argumento de que no existe en R\u00edo Negro ning\u00fan establecimiento federal para mujeres. Ante los repudios generalizados, luego fueron enviadas a dependencias de la Polic\u00eda de Seguridad Aeroportuaria (PSA) en Bariloche. En el operativo tambi\u00e9n se persigui\u00f3 a tres adolescentes de la comunidad por la monta\u00f1a, y por todo ello debi\u00f3 intervenir r\u00e1pidamente la Defensor\u00eda de Ni\u00f1as, Ni\u00f1os y Adolescentes de la Naci\u00f3n. Entre las detenidas se encuentra la machi Betiana Colhuan, que fue arrancada del Rewe ubicado en el lote reclamado por las comunidades como parte de los territorios ancestrales que fueron despojados por el Estado Argentino. El Rewe, lugar sagrado de la comunidad, es un espacio medicinal, espiritual y ceremonial.<\/p>\n<p>Las negociaciones iniciadas entre las comunidades y el gobierno, est\u00e1n estancadas por la falta de decisi\u00f3n del gobierno \u2013y en especial de Parques Nacionales- de devolver el Rewe a la comunidad, asegurando la libertad de las presas mapuche. Bastar\u00eda con que Parques Nacionales retire las dos querellas realizadas para criminalizarlas, para poder asegurar su libertad.<\/p>\n<p>Urge que se asegure el retorno de la machi y su comunidad al Rewe, la libertad de las presas mapuche, el retiro de las querellas realizadas por Parques Nacionales, la desmilitarizaci\u00f3n del territorio mapuche. Que cese la violencia colonial, racista y patriarcal, y que se reconozca el genocidio ind\u00edgena, realizado por el Estado Naci\u00f3n de Argentina, con medidas concretas que avancen hacia el reconocimiento de los pueblos preexistentes, y el cumplimiento de los tratados nacionales e internacionales en ese sentido.<\/p>\n<p>Las feministas desde todos los territorios decimos este 8M: Libertad a las presas mapuche. Retorno de la comunidad al Rewe. Desmilitarizaci\u00f3n del territorio mapuche ya.<\/p>\n<p>Feministas del Abya Yala<br \/>\nMarzo 2023<\/p>\n","protected":false},"excerpt":{"rendered":"<p>Son muchas las exigencias con las que llegamos a este 8M. En esta carta, nos dirigimos a todas las compa\u00f1eras y compa\u00f1eres que est\u00e1n organizando las acciones en distintos territorios de Abya Yala, para proponer que est\u00e9 muy presente la&hellip;<\/p>\n","protected":false},"author":1254,"featured_media":1698522,"comment_status":"closed","ping_status":"closed","sticky":false,"template":"","format":"standard","meta":{"footnotes":""},"categories":[149,54515,80,67],"tags":[24724,42006,10150,110756,81411],"class_list":["post-1722882","post","type-post","status-publish","format-standard","has-post-thumbnail","hentry","category-comunicados-de-prensa","category-genero-y-feminismos","category-pueblos-originarios","category-sudamerica","tag-8-de-marzo","tag-lafken-winkul-mapu","tag-machi","tag-presas-mapuche","tag-villa-mascardi"],"yoast_head":"<!-- This site is optimized with the Yoast SEO plugin v27.1.1 - https:\/\/yoast.com\/product\/yoast-seo-wordpress\/ -->\n<title>8 de marzo: libertad a las presas mapuche<\/title>\n<meta name=\"description\" content=\"Son muchas las exigencias con las que llegamos a este 8M. En esta carta, nos dirigimos a todas las compa\u00f1eras y compa\u00f1eres que est\u00e1n organizando las\" \/>\n<meta name=\"robots\" content=\"index, follow, max-snippet:-1, max-image-preview:large, max-video-preview:-1\" \/>\n<link rel=\"canonical\" href=\"https:\/\/www.pressenza.com\/es\/2023\/03\/8-de-marzo-libertad-a-las-presas-mapuche\/\" \/>\n<meta property=\"og:locale\" content=\"es_ES\" \/>\n<meta property=\"og:type\" content=\"article\" \/>\n<meta property=\"og:title\" content=\"8 de marzo: libertad a las presas mapuche\" \/>\n<meta property=\"og:description\" content=\"Son muchas las exigencias con las que llegamos a este 8M. En esta carta, nos dirigimos a todas las compa\u00f1eras y compa\u00f1eres que est\u00e1n organizando las\" \/>\n<meta property=\"og:url\" content=\"https:\/\/www.pressenza.com\/es\/2023\/03\/8-de-marzo-libertad-a-las-presas-mapuche\/\" \/>\n<meta property=\"og:site_name\" content=\"Pressenza\" \/>\n<meta property=\"article:publisher\" content=\"https:\/\/www.facebook.com\/PressenzaItalia\" \/>\n<meta property=\"article:author\" content=\"https:\/\/www.facebook.com\/pressenza\" \/>\n<meta property=\"article:published_time\" content=\"2023-03-08T03:05:07+00:00\" \/>\n<meta property=\"og:image\" content=\"https:\/\/www.pressenza.com\/wp-content\/uploads\/2022\/12\/hermanas-mapuche-presas-en-mascardi-eugenia-neme-Lavaca.jpg\" \/>\n\t<meta property=\"og:image:width\" content=\"1024\" \/>\n\t<meta property=\"og:image:height\" content=\"684\" \/>\n\t<meta property=\"og:image:type\" content=\"image\/jpeg\" \/>\n<meta name=\"author\" content=\"Redacci\u00f3n Mar del Plata\" \/>\n<meta name=\"twitter:card\" content=\"summary_large_image\" \/>\n<meta name=\"twitter:creator\" content=\"@Pressenza\" \/>\n<meta name=\"twitter:site\" content=\"@PressenzaIPA\" \/>\n<meta name=\"twitter:label1\" content=\"Escrito por\" \/>\n\t<meta name=\"twitter:data1\" content=\"Redacci\u00f3n Mar del Plata\" \/>\n\t<meta name=\"twitter:label2\" content=\"Tiempo de lectura\" \/>\n\t<meta name=\"twitter:data2\" content=\"3 minutos\" \/>\n<script type=\"application\/ld+json\" class=\"yoast-schema-graph\">{\"@context\":\"https:\/\/schema.org\",\"@graph\":[{\"@type\":\"Article\",\"@id\":\"https:\/\/www.pressenza.com\/es\/2023\/03\/8-de-marzo-libertad-a-las-presas-mapuche\/#article\",\"isPartOf\":{\"@id\":\"https:\/\/www.pressenza.com\/es\/2023\/03\/8-de-marzo-libertad-a-las-presas-mapuche\/\"},\"author\":{\"name\":\"Redacci\u00f3n Mar del Plata\",\"@id\":\"https:\/\/www.pressenza.com\/es\/#\/schema\/person\/738658b5125ecea661a8a0b96dba8b69\"},\"headline\":\"8 de marzo: libertad a las presas mapuche\",\"datePublished\":\"2023-03-08T03:05:07+00:00\",\"mainEntityOfPage\":{\"@id\":\"https:\/\/www.pressenza.com\/es\/2023\/03\/8-de-marzo-libertad-a-las-presas-mapuche\/\"},\"wordCount\":633,\"publisher\":{\"@id\":\"https:\/\/www.pressenza.com\/es\/#organization\"},\"image\":{\"@id\":\"https:\/\/www.pressenza.com\/es\/2023\/03\/8-de-marzo-libertad-a-las-presas-mapuche\/#primaryimage\"},\"thumbnailUrl\":\"https:\/\/www.pressenza.com\/wp-content\/uploads\/2022\/12\/hermanas-mapuche-presas-en-mascardi-eugenia-neme-Lavaca.jpg\",\"keywords\":[\"8 de marzo\",\"Lafken Winkul Mapu\",\"machi\",\"presas mapuche\",\"Villa Mascardi\"],\"articleSection\":[\"Comunicados de Prensa\",\"G\u00e9nero y Feminismos\",\"Pueblos Originarios\",\"Sudam\u00e9rica\"],\"inLanguage\":\"es\"},{\"@type\":\"WebPage\",\"@id\":\"https:\/\/www.pressenza.com\/es\/2023\/03\/8-de-marzo-libertad-a-las-presas-mapuche\/\",\"url\":\"https:\/\/www.pressenza.com\/es\/2023\/03\/8-de-marzo-libertad-a-las-presas-mapuche\/\",\"name\":\"8 de marzo: libertad a las presas mapuche\",\"isPartOf\":{\"@id\":\"https:\/\/www.pressenza.com\/es\/#website\"},\"primaryImageOfPage\":{\"@id\":\"https:\/\/www.pressenza.com\/es\/2023\/03\/8-de-marzo-libertad-a-las-presas-mapuche\/#primaryimage\"},\"image\":{\"@id\":\"https:\/\/www.pressenza.com\/es\/2023\/03\/8-de-marzo-libertad-a-las-presas-mapuche\/#primaryimage\"},\"thumbnailUrl\":\"https:\/\/www.pressenza.com\/wp-content\/uploads\/2022\/12\/hermanas-mapuche-presas-en-mascardi-eugenia-neme-Lavaca.jpg\",\"datePublished\":\"2023-03-08T03:05:07+00:00\",\"description\":\"Son muchas las exigencias con las que llegamos a este 8M. En esta carta, nos dirigimos a todas las compa\u00f1eras y compa\u00f1eres que est\u00e1n organizando las\",\"breadcrumb\":{\"@id\":\"https:\/\/www.pressenza.com\/es\/2023\/03\/8-de-marzo-libertad-a-las-presas-mapuche\/#breadcrumb\"},\"inLanguage\":\"es\",\"potentialAction\":[{\"@type\":\"ReadAction\",\"target\":[\"https:\/\/www.pressenza.com\/es\/2023\/03\/8-de-marzo-libertad-a-las-presas-mapuche\/\"]}]},{\"@type\":\"ImageObject\",\"inLanguage\":\"es\",\"@id\":\"https:\/\/www.pressenza.com\/es\/2023\/03\/8-de-marzo-libertad-a-las-presas-mapuche\/#primaryimage\",\"url\":\"https:\/\/www.pressenza.com\/wp-content\/uploads\/2022\/12\/hermanas-mapuche-presas-en-mascardi-eugenia-neme-Lavaca.jpg\",\"contentUrl\":\"https:\/\/www.pressenza.com\/wp-content\/uploads\/2022\/12\/hermanas-mapuche-presas-en-mascardi-eugenia-neme-Lavaca.jpg\",\"width\":1024,\"height\":684},{\"@type\":\"BreadcrumbList\",\"@id\":\"https:\/\/www.pressenza.com\/es\/2023\/03\/8-de-marzo-libertad-a-las-presas-mapuche\/#breadcrumb\",\"itemListElement\":[{\"@type\":\"ListItem\",\"position\":1,\"name\":\"Accueil\",\"item\":\"https:\/\/www.pressenza.com\/es\/\"},{\"@type\":\"ListItem\",\"position\":2,\"name\":\"8 de marzo: libertad a las presas mapuche\"}]},{\"@type\":\"WebSite\",\"@id\":\"https:\/\/www.pressenza.com\/es\/#website\",\"url\":\"https:\/\/www.pressenza.com\/es\/\",\"name\":\"Pressenza\",\"description\":\"International Press Agency\",\"publisher\":{\"@id\":\"https:\/\/www.pressenza.com\/es\/#organization\"},\"potentialAction\":[{\"@type\":\"SearchAction\",\"target\":{\"@type\":\"EntryPoint\",\"urlTemplate\":\"https:\/\/www.pressenza.com\/es\/?s={search_term_string}\"},\"query-input\":{\"@type\":\"PropertyValueSpecification\",\"valueRequired\":true,\"valueName\":\"search_term_string\"}}],\"inLanguage\":\"es\"},{\"@type\":\"Organization\",\"@id\":\"https:\/\/www.pressenza.com\/es\/#organization\",\"name\":\"Pressenza\",\"url\":\"https:\/\/www.pressenza.com\/es\/\",\"logo\":{\"@type\":\"ImageObject\",\"inLanguage\":\"es\",\"@id\":\"https:\/\/www.pressenza.com\/es\/#\/schema\/logo\/image\/\",\"url\":\"https:\/\/www.pressenza.com\/wp-content\/uploads\/2022\/10\/pressenza_logo_200x200.jpg\",\"contentUrl\":\"https:\/\/www.pressenza.com\/wp-content\/uploads\/2022\/10\/pressenza_logo_200x200.jpg\",\"width\":200,\"height\":200,\"caption\":\"Pressenza\"},\"image\":{\"@id\":\"https:\/\/www.pressenza.com\/es\/#\/schema\/logo\/image\/\"},\"sameAs\":[\"https:\/\/www.facebook.com\/PressenzaItalia\",\"https:\/\/x.com\/PressenzaIPA\"]},{\"@type\":\"Person\",\"@id\":\"https:\/\/www.pressenza.com\/es\/#\/schema\/person\/738658b5125ecea661a8a0b96dba8b69\",\"name\":\"Redacci\u00f3n Mar del Plata\",\"description\":\"News published by the Pressenza bureau in Mar Del Plata, Argentina\",\"sameAs\":[\"https:\/\/www.facebook.com\/pressenza\",\"https:\/\/x.com\/Pressenza\"],\"url\":\"https:\/\/www.pressenza.com\/es\/author\/redaccion-mar-del-plata\/\"}]}<\/script>\n<!-- \/ Yoast SEO plugin. -->","yoast_head_json":{"title":"8 de marzo: libertad a las presas mapuche","description":"Son muchas las exigencias con las que llegamos a este 8M. En esta carta, nos dirigimos a todas las compa\u00f1eras y compa\u00f1eres que est\u00e1n organizando las","robots":{"index":"index","follow":"follow","max-snippet":"max-snippet:-1","max-image-preview":"max-image-preview:large","max-video-preview":"max-video-preview:-1"},"canonical":"https:\/\/www.pressenza.com\/es\/2023\/03\/8-de-marzo-libertad-a-las-presas-mapuche\/","og_locale":"es_ES","og_type":"article","og_title":"8 de marzo: libertad a las presas mapuche","og_description":"Son muchas las exigencias con las que llegamos a este 8M. En esta carta, nos dirigimos a todas las compa\u00f1eras y compa\u00f1eres que est\u00e1n organizando las","og_url":"https:\/\/www.pressenza.com\/es\/2023\/03\/8-de-marzo-libertad-a-las-presas-mapuche\/","og_site_name":"Pressenza","article_publisher":"https:\/\/www.facebook.com\/PressenzaItalia","article_author":"https:\/\/www.facebook.com\/pressenza","article_published_time":"2023-03-08T03:05:07+00:00","og_image":[{"width":1024,"height":684,"url":"https:\/\/www.pressenza.com\/wp-content\/uploads\/2022\/12\/hermanas-mapuche-presas-en-mascardi-eugenia-neme-Lavaca.jpg","type":"image\/jpeg"}],"author":"Redacci\u00f3n Mar del Plata","twitter_card":"summary_large_image","twitter_creator":"@Pressenza","twitter_site":"@PressenzaIPA","twitter_misc":{"Escrito por":"Redacci\u00f3n Mar del Plata","Tiempo de lectura":"3 minutos"},"schema":{"@context":"https:\/\/schema.org","@graph":[{"@type":"Article","@id":"https:\/\/www.pressenza.com\/es\/2023\/03\/8-de-marzo-libertad-a-las-presas-mapuche\/#article","isPartOf":{"@id":"https:\/\/www.pressenza.com\/es\/2023\/03\/8-de-marzo-libertad-a-las-presas-mapuche\/"},"author":{"name":"Redacci\u00f3n Mar del Plata","@id":"https:\/\/www.pressenza.com\/es\/#\/schema\/person\/738658b5125ecea661a8a0b96dba8b69"},"headline":"8 de marzo: libertad a las presas mapuche","datePublished":"2023-03-08T03:05:07+00:00","mainEntityOfPage":{"@id":"https:\/\/www.pressenza.com\/es\/2023\/03\/8-de-marzo-libertad-a-las-presas-mapuche\/"},"wordCount":633,"publisher":{"@id":"https:\/\/www.pressenza.com\/es\/#organization"},"image":{"@id":"https:\/\/www.pressenza.com\/es\/2023\/03\/8-de-marzo-libertad-a-las-presas-mapuche\/#primaryimage"},"thumbnailUrl":"https:\/\/www.pressenza.com\/wp-content\/uploads\/2022\/12\/hermanas-mapuche-presas-en-mascardi-eugenia-neme-Lavaca.jpg","keywords":["8 de marzo","Lafken Winkul Mapu","machi","presas mapuche","Villa Mascardi"],"articleSection":["Comunicados de Prensa","G\u00e9nero y Feminismos","Pueblos Originarios","Sudam\u00e9rica"],"inLanguage":"es"},{"@type":"WebPage","@id":"https:\/\/www.pressenza.com\/es\/2023\/03\/8-de-marzo-libertad-a-las-presas-mapuche\/","url":"https:\/\/www.pressenza.com\/es\/2023\/03\/8-de-marzo-libertad-a-las-presas-mapuche\/","name":"8 de marzo: libertad a las presas mapuche","isPartOf":{"@id":"https:\/\/www.pressenza.com\/es\/#website"},"primaryImageOfPage":{"@id":"https:\/\/www.pressenza.com\/es\/2023\/03\/8-de-marzo-libertad-a-las-presas-mapuche\/#primaryimage"},"image":{"@id":"https:\/\/www.pressenza.com\/es\/2023\/03\/8-de-marzo-libertad-a-las-presas-mapuche\/#primaryimage"},"thumbnailUrl":"https:\/\/www.pressenza.com\/wp-content\/uploads\/2022\/12\/hermanas-mapuche-presas-en-mascardi-eugenia-neme-Lavaca.jpg","datePublished":"2023-03-08T03:05:07+00:00","description":"Son muchas las exigencias con las que llegamos a este 8M. En esta carta, nos dirigimos a todas las compa\u00f1eras y compa\u00f1eres que est\u00e1n organizando las","breadcrumb":{"@id":"https:\/\/www.pressenza.com\/es\/2023\/03\/8-de-marzo-libertad-a-las-presas-mapuche\/#breadcrumb"},"inLanguage":"es","potentialAction":[{"@type":"ReadAction","target":["https:\/\/www.pressenza.com\/es\/2023\/03\/8-de-marzo-libertad-a-las-presas-mapuche\/"]}]},{"@type":"ImageObject","inLanguage":"es","@id":"https:\/\/www.pressenza.com\/es\/2023\/03\/8-de-marzo-libertad-a-las-presas-mapuche\/#primaryimage","url":"https:\/\/www.pressenza.com\/wp-content\/uploads\/2022\/12\/hermanas-mapuche-presas-en-mascardi-eugenia-neme-Lavaca.jpg","contentUrl":"https:\/\/www.pressenza.com\/wp-content\/uploads\/2022\/12\/hermanas-mapuche-presas-en-mascardi-eugenia-neme-Lavaca.jpg","width":1024,"height":684},{"@type":"BreadcrumbList","@id":"https:\/\/www.pressenza.com\/es\/2023\/03\/8-de-marzo-libertad-a-las-presas-mapuche\/#breadcrumb","itemListElement":[{"@type":"ListItem","position":1,"name":"Accueil","item":"https:\/\/www.pressenza.com\/es\/"},{"@type":"ListItem","position":2,"name":"8 de marzo: libertad a las presas mapuche"}]},{"@type":"WebSite","@id":"https:\/\/www.pressenza.com\/es\/#website","url":"https:\/\/www.pressenza.com\/es\/","name":"Pressenza","description":"International Press Agency","publisher":{"@id":"https:\/\/www.pressenza.com\/es\/#organization"},"potentialAction":[{"@type":"SearchAction","target":{"@type":"EntryPoint","urlTemplate":"https:\/\/www.pressenza.com\/es\/?s={search_term_string}"},"query-input":{"@type":"PropertyValueSpecification","valueRequired":true,"valueName":"search_term_string"}}],"inLanguage":"es"},{"@type":"Organization","@id":"https:\/\/www.pressenza.com\/es\/#organization","name":"Pressenza","url":"https:\/\/www.pressenza.com\/es\/","logo":{"@type":"ImageObject","inLanguage":"es","@id":"https:\/\/www.pressenza.com\/es\/#\/schema\/logo\/image\/","url":"https:\/\/www.pressenza.com\/wp-content\/uploads\/2022\/10\/pressenza_logo_200x200.jpg","contentUrl":"https:\/\/www.pressenza.com\/wp-content\/uploads\/2022\/10\/pressenza_logo_200x200.jpg","width":200,"height":200,"caption":"Pressenza"},"image":{"@id":"https:\/\/www.pressenza.com\/es\/#\/schema\/logo\/image\/"},"sameAs":["https:\/\/www.facebook.com\/PressenzaItalia","https:\/\/x.com\/PressenzaIPA"]},{"@type":"Person","@id":"https:\/\/www.pressenza.com\/es\/#\/schema\/person\/738658b5125ecea661a8a0b96dba8b69","name":"Redacci\u00f3n Mar del Plata","description":"News published by the Pressenza bureau in Mar Del Plata, Argentina","sameAs":["https:\/\/www.facebook.com\/pressenza","https:\/\/x.com\/Pressenza"],"url":"https:\/\/www.pressenza.com\/es\/author\/redaccion-mar-del-plata\/"}]}},"place":"Feministas del Abya Yala, Argentina","original_article_url":"","_links":{"self":[{"href":"https:\/\/www.pressenza.com\/es\/wp-json\/wp\/v2\/posts\/1722882","targetHints":{"allow":["GET"]}}],"collection":[{"href":"https:\/\/www.pressenza.com\/es\/wp-json\/wp\/v2\/posts"}],"about":[{"href":"https:\/\/www.pressenza.com\/es\/wp-json\/wp\/v2\/types\/post"}],"author":[{"embeddable":true,"href":"https:\/\/www.pressenza.com\/es\/wp-json\/wp\/v2\/users\/1254"}],"replies":[{"embeddable":true,"href":"https:\/\/www.pressenza.com\/es\/wp-json\/wp\/v2\/comments?post=1722882"}],"version-history":[{"count":0,"href":"https:\/\/www.pressenza.com\/es\/wp-json\/wp\/v2\/posts\/1722882\/revisions"}],"wp:featuredmedia":[{"embeddable":true,"href":"https:\/\/www.pressenza.com\/es\/wp-json\/wp\/v2\/media\/1698522"}],"wp:attachment":[{"href":"https:\/\/www.pressenza.com\/es\/wp-json\/wp\/v2\/media?parent=1722882"}],"wp:term":[{"taxonomy":"category","embeddable":true,"href":"https:\/\/www.pressenza.com\/es\/wp-json\/wp\/v2\/categories?post=1722882"},{"taxonomy":"post_tag","embeddable":true,"href":"https:\/\/www.pressenza.com\/es\/wp-json\/wp\/v2\/tags?post=1722882"}],"curies":[{"name":"wp","href":"https:\/\/api.w.org\/{rel}","templated":true}]}}