{"id":1722798,"date":"2023-03-06T16:38:24","date_gmt":"2023-03-06T16:38:24","guid":{"rendered":"https:\/\/www.pressenza.com\/?p=1722798"},"modified":"2023-03-06T16:38:24","modified_gmt":"2023-03-06T16:38:24","slug":"la-huella-de-los-cobardes","status":"publish","type":"post","link":"https:\/\/www.pressenza.com\/es\/2023\/03\/la-huella-de-los-cobardes\/","title":{"rendered":"La huella de los cobardes"},"content":{"rendered":"<p>El acto m\u00e1s revolucionario que una persona puede realizar, es decir la verdad.<\/p>\n<p>Ciegos de rabia e impotencia, el presidente de Guatemala y sus huestes instaladas en las instancias de poder, han abandonado el disimulo para lanzarse en picada -y con todo el arsenal jur\u00eddico en sus manos- contra la prensa de ese pa\u00eds. Ya no hay resquicios en donde esconder el miedo que les domina cada vez que aparece en los medios una denuncia por sus descarados actos de corrupci\u00f3n y abuso. Amparados por una c\u00fapula empresarial incapaz de medir el alcance de sus delitos, persiguen y acosan a miembros de la prensa tal y como persiguen a jueces, magistrados y fiscales dignos y valientes, quienes a pesar de la intimidaci\u00f3n y las amenazas han sido capaces de investigar a fondo sus delitos.<\/p>\n<p>La instalaci\u00f3n de una dictadura en Guatemala no es una teor\u00eda de conspiraci\u00f3n. Es un hecho consumado. El mandatario, sus aliados en el Congreso, sus ac\u00f3litos en el Ministerio P\u00fablico y sus c\u00f3mplices en las Cortes y en el Tribunal Supremo Electoral, han puesto un sello a las libertades ciudadanas y a los derechos civiles de una poblaci\u00f3n paralizada e incapaz de reaccionar. En medio de ese panorama, no son muchos los valientes cuya lucidez les impulsa a actuar de frente y, entre ellos, mujeres y hombres dedicados a divulgar la verdad de los hechos por medio de sus diferentes plataformas de comunicaci\u00f3n.<\/p>\n<p>En su intento por emular la furia dictatorial de su colega nicarag\u00fcense, el presidente guatemalteco se ha paseado por encima del texto constitucional, transformando al Estado en una cueva de ladrones en donde corre el dinero a manos llenas para asegurar el fortalecimiento de un pacto de corruptos que tiene al pa\u00eds yendo directo a convertirse en el ejemplo vivo de la quiebra moral de una naci\u00f3n. La manipulaci\u00f3n de las leyes, la amenaza a quienes intentan decir la verdad y el soborno descarado de los congresistas y jueces no hablan de poder, sino de una cobard\u00eda tal como para llevarlos a lanzarse en picada -y sin medir las consecuencias- contra todo aquel valiente que les presente oposici\u00f3n.<\/p>\n<p>Toda la podredumbre de la administraci\u00f3n p\u00fablica -con su rastrera sumisi\u00f3n ante el crimen organizado que les acaricia los bolsillos con sus inmensas fortunas- tiene su r\u00e9plica en las calles y los caminos de ese castigado pa\u00eds, en donde los matones se abren paso a balazos contra una poblaci\u00f3n condenada al silencio. Los niveles de impunidad ante la criminalidad desatada a lo largo y ancho de Guatemala, responden a una especie de pacto cuya meta es colocar en la primera magistratura a quien se pliegue a continuar con la l\u00ednea trazada y quien evite, por supuesto, cualquier intento de llevar a los culpables ante una justicia capaz de actuar con transparencia.<\/p>\n<p>La persecuci\u00f3n contra la prensa -incluido en ella el trabajo de opini\u00f3n editorial realizado por columnistas de distintos sectores e ideolog\u00edas- demuestra la debilidad de estas estructuras criminales ancladas en las instancias p\u00fablicas, pero sobre todo el desprecio por el derecho de la poblaci\u00f3n de ser informada -en detalle y con veracidad- sobre los actos de sus gobernantes. La violaci\u00f3n de este derecho est\u00e1 claramente tipificada en las leyes y en la Constituci\u00f3n Pol\u00edtica de la Rep\u00fablica, en cuyas p\u00e1ginas se garantiza aquello que hoy pisotean: la libertad de prensa.<\/p>\n<p>Restar derechos constitucionales es un tiro en el pie. Tarde o temprano, pagar\u00e1n por ello.<\/p>\n","protected":false},"excerpt":{"rendered":"<p>El acto m\u00e1s revolucionario que una persona puede realizar, es decir la verdad. Ciegos de rabia e impotencia, el presidente de Guatemala y sus huestes instaladas en las instancias de poder, han abandonado el disimulo para lanzarse en picada -y&hellip;<\/p>\n","protected":false},"author":1296,"featured_media":1722799,"comment_status":"closed","ping_status":"closed","sticky":false,"template":"","format":"standard","meta":{"footnotes":""},"categories":[69,11389,75,161],"tags":[84834,1828,523],"class_list":["post-1722798","post","type-post","status-publish","format-standard","has-post-thumbnail","hentry","category-america-central","category-contenido-original","category-cultura-es","category-opiniones","tag-alejandro-giammattei","tag-guatemala-es","tag-medios-de-comunicacion"],"yoast_head":"<!-- This site is optimized with the Yoast SEO plugin v27.1.1 - https:\/\/yoast.com\/product\/yoast-seo-wordpress\/ -->\n<title>La huella de los cobardes<\/title>\n<meta name=\"description\" content=\"El acto m\u00e1s revolucionario que una persona puede realizar, es decir la verdad. Ciegos de rabia e impotencia, el presidente de Guatemala y sus huestes\" \/>\n<meta name=\"robots\" content=\"index, follow, max-snippet:-1, max-image-preview:large, max-video-preview:-1\" \/>\n<link rel=\"canonical\" href=\"https:\/\/www.pressenza.com\/es\/2023\/03\/la-huella-de-los-cobardes\/\" \/>\n<meta property=\"og:locale\" content=\"es_ES\" \/>\n<meta property=\"og:type\" content=\"article\" \/>\n<meta property=\"og:title\" content=\"La huella de los cobardes\" \/>\n<meta property=\"og:description\" content=\"El acto m\u00e1s revolucionario que una persona puede realizar, es decir la verdad. Ciegos de rabia e impotencia, el presidente de Guatemala y sus huestes\" \/>\n<meta property=\"og:url\" content=\"https:\/\/www.pressenza.com\/es\/2023\/03\/la-huella-de-los-cobardes\/\" \/>\n<meta property=\"og:site_name\" content=\"Pressenza\" \/>\n<meta property=\"article:publisher\" content=\"https:\/\/www.facebook.com\/PressenzaItalia\" \/>\n<meta property=\"article:author\" content=\"https:\/\/www.facebook.com\/pages\/Carolina-V\u00e1squez-Araya\/241844515845237?fref=ts\" \/>\n<meta property=\"article:published_time\" content=\"2023-03-06T16:38:24+00:00\" \/>\n<meta property=\"og:image\" content=\"https:\/\/www.pressenza.com\/wp-content\/uploads\/2023\/03\/EOSUNd1XkAECcCb.jpeg\" \/>\n\t<meta property=\"og:image:width\" content=\"1280\" \/>\n\t<meta property=\"og:image:height\" content=\"853\" \/>\n\t<meta property=\"og:image:type\" content=\"image\/jpeg\" \/>\n<meta name=\"author\" content=\"Carolina V\u00e1squez Araya\" \/>\n<meta name=\"twitter:card\" content=\"summary_large_image\" \/>\n<meta name=\"twitter:creator\" content=\"@carvasar\" \/>\n<meta name=\"twitter:site\" content=\"@PressenzaIPA\" \/>\n<meta name=\"twitter:label1\" content=\"Escrito por\" \/>\n\t<meta name=\"twitter:data1\" content=\"Carolina V\u00e1squez Araya\" \/>\n\t<meta name=\"twitter:label2\" content=\"Tiempo de lectura\" \/>\n\t<meta name=\"twitter:data2\" content=\"3 minutos\" \/>\n<script type=\"application\/ld+json\" class=\"yoast-schema-graph\">{\"@context\":\"https:\/\/schema.org\",\"@graph\":[{\"@type\":\"Article\",\"@id\":\"https:\/\/www.pressenza.com\/es\/2023\/03\/la-huella-de-los-cobardes\/#article\",\"isPartOf\":{\"@id\":\"https:\/\/www.pressenza.com\/es\/2023\/03\/la-huella-de-los-cobardes\/\"},\"author\":{\"name\":\"Carolina V\u00e1squez Araya\",\"@id\":\"https:\/\/www.pressenza.com\/es\/#\/schema\/person\/6936ca3bb8dee618b5cdfd0e4427cdd6\"},\"headline\":\"La huella de los cobardes\",\"datePublished\":\"2023-03-06T16:38:24+00:00\",\"mainEntityOfPage\":{\"@id\":\"https:\/\/www.pressenza.com\/es\/2023\/03\/la-huella-de-los-cobardes\/\"},\"wordCount\":614,\"publisher\":{\"@id\":\"https:\/\/www.pressenza.com\/es\/#organization\"},\"image\":{\"@id\":\"https:\/\/www.pressenza.com\/es\/2023\/03\/la-huella-de-los-cobardes\/#primaryimage\"},\"thumbnailUrl\":\"https:\/\/www.pressenza.com\/wp-content\/uploads\/2023\/03\/EOSUNd1XkAECcCb.jpeg\",\"keywords\":[\"Alejandro Giammattei\",\"Guatemala\",\"medios de comunicaci\u00f3n\"],\"articleSection\":[\"Am\u00e9rica Central\",\"Contenido Original\",\"Cultura y Medios\",\"Opiniones\"],\"inLanguage\":\"es\"},{\"@type\":\"WebPage\",\"@id\":\"https:\/\/www.pressenza.com\/es\/2023\/03\/la-huella-de-los-cobardes\/\",\"url\":\"https:\/\/www.pressenza.com\/es\/2023\/03\/la-huella-de-los-cobardes\/\",\"name\":\"La huella de los cobardes\",\"isPartOf\":{\"@id\":\"https:\/\/www.pressenza.com\/es\/#website\"},\"primaryImageOfPage\":{\"@id\":\"https:\/\/www.pressenza.com\/es\/2023\/03\/la-huella-de-los-cobardes\/#primaryimage\"},\"image\":{\"@id\":\"https:\/\/www.pressenza.com\/es\/2023\/03\/la-huella-de-los-cobardes\/#primaryimage\"},\"thumbnailUrl\":\"https:\/\/www.pressenza.com\/wp-content\/uploads\/2023\/03\/EOSUNd1XkAECcCb.jpeg\",\"datePublished\":\"2023-03-06T16:38:24+00:00\",\"description\":\"El acto m\u00e1s revolucionario que una persona puede realizar, es decir la verdad. Ciegos de rabia e impotencia, el presidente de Guatemala y sus huestes\",\"breadcrumb\":{\"@id\":\"https:\/\/www.pressenza.com\/es\/2023\/03\/la-huella-de-los-cobardes\/#breadcrumb\"},\"inLanguage\":\"es\",\"potentialAction\":[{\"@type\":\"ReadAction\",\"target\":[\"https:\/\/www.pressenza.com\/es\/2023\/03\/la-huella-de-los-cobardes\/\"]}]},{\"@type\":\"ImageObject\",\"inLanguage\":\"es\",\"@id\":\"https:\/\/www.pressenza.com\/es\/2023\/03\/la-huella-de-los-cobardes\/#primaryimage\",\"url\":\"https:\/\/www.pressenza.com\/wp-content\/uploads\/2023\/03\/EOSUNd1XkAECcCb.jpeg\",\"contentUrl\":\"https:\/\/www.pressenza.com\/wp-content\/uploads\/2023\/03\/EOSUNd1XkAECcCb.jpeg\",\"width\":1280,\"height\":853},{\"@type\":\"BreadcrumbList\",\"@id\":\"https:\/\/www.pressenza.com\/es\/2023\/03\/la-huella-de-los-cobardes\/#breadcrumb\",\"itemListElement\":[{\"@type\":\"ListItem\",\"position\":1,\"name\":\"Accueil\",\"item\":\"https:\/\/www.pressenza.com\/es\/\"},{\"@type\":\"ListItem\",\"position\":2,\"name\":\"La huella de los cobardes\"}]},{\"@type\":\"WebSite\",\"@id\":\"https:\/\/www.pressenza.com\/es\/#website\",\"url\":\"https:\/\/www.pressenza.com\/es\/\",\"name\":\"Pressenza\",\"description\":\"International Press Agency\",\"publisher\":{\"@id\":\"https:\/\/www.pressenza.com\/es\/#organization\"},\"potentialAction\":[{\"@type\":\"SearchAction\",\"target\":{\"@type\":\"EntryPoint\",\"urlTemplate\":\"https:\/\/www.pressenza.com\/es\/?s={search_term_string}\"},\"query-input\":{\"@type\":\"PropertyValueSpecification\",\"valueRequired\":true,\"valueName\":\"search_term_string\"}}],\"inLanguage\":\"es\"},{\"@type\":\"Organization\",\"@id\":\"https:\/\/www.pressenza.com\/es\/#organization\",\"name\":\"Pressenza\",\"url\":\"https:\/\/www.pressenza.com\/es\/\",\"logo\":{\"@type\":\"ImageObject\",\"inLanguage\":\"es\",\"@id\":\"https:\/\/www.pressenza.com\/es\/#\/schema\/logo\/image\/\",\"url\":\"https:\/\/www.pressenza.com\/wp-content\/uploads\/2022\/10\/pressenza_logo_200x200.jpg\",\"contentUrl\":\"https:\/\/www.pressenza.com\/wp-content\/uploads\/2022\/10\/pressenza_logo_200x200.jpg\",\"width\":200,\"height\":200,\"caption\":\"Pressenza\"},\"image\":{\"@id\":\"https:\/\/www.pressenza.com\/es\/#\/schema\/logo\/image\/\"},\"sameAs\":[\"https:\/\/www.facebook.com\/PressenzaItalia\",\"https:\/\/x.com\/PressenzaIPA\"]},{\"@type\":\"Person\",\"@id\":\"https:\/\/www.pressenza.com\/es\/#\/schema\/person\/6936ca3bb8dee618b5cdfd0e4427cdd6\",\"name\":\"Carolina V\u00e1squez Araya\",\"description\":\"Periodista y editora con m\u00e1s de 30 a\u00f1os de experiencia, cuyos logros profesionales en el desarrollo de proyectos de gran \u00e9xito avalan sus cualidades de liderazgo, creatividad y relaciones p\u00fablicas. Ha aportado sus conocimientos en proyectos de organizaciones con intereses orientados al desarrollo social, cultural y econ\u00f3mico del pa\u00eds, con especial \u00e9nfasis en el sector de cultura y educaci\u00f3n, emprendimiento, derechos humanos, justicia, ambiente, mujeres y ni\u00f1ez. Chilena en Guatemala. elquintopatio.wordpress.com\",\"sameAs\":[\"https:\/\/www.facebook.com\/pages\/Carolina-V\u00e1squez-Araya\/241844515845237?fref=ts\",\"https:\/\/x.com\/carvasar\"],\"url\":\"https:\/\/www.pressenza.com\/es\/author\/carolina-vasquez-araya\/\"}]}<\/script>\n<!-- \/ Yoast SEO plugin. -->","yoast_head_json":{"title":"La huella de los cobardes","description":"El acto m\u00e1s revolucionario que una persona puede realizar, es decir la verdad. Ciegos de rabia e impotencia, el presidente de Guatemala y sus huestes","robots":{"index":"index","follow":"follow","max-snippet":"max-snippet:-1","max-image-preview":"max-image-preview:large","max-video-preview":"max-video-preview:-1"},"canonical":"https:\/\/www.pressenza.com\/es\/2023\/03\/la-huella-de-los-cobardes\/","og_locale":"es_ES","og_type":"article","og_title":"La huella de los cobardes","og_description":"El acto m\u00e1s revolucionario que una persona puede realizar, es decir la verdad. Ciegos de rabia e impotencia, el presidente de Guatemala y sus huestes","og_url":"https:\/\/www.pressenza.com\/es\/2023\/03\/la-huella-de-los-cobardes\/","og_site_name":"Pressenza","article_publisher":"https:\/\/www.facebook.com\/PressenzaItalia","article_author":"https:\/\/www.facebook.com\/pages\/Carolina-V\u00e1squez-Araya\/241844515845237?fref=ts","article_published_time":"2023-03-06T16:38:24+00:00","og_image":[{"width":1280,"height":853,"url":"https:\/\/www.pressenza.com\/wp-content\/uploads\/2023\/03\/EOSUNd1XkAECcCb.jpeg","type":"image\/jpeg"}],"author":"Carolina V\u00e1squez Araya","twitter_card":"summary_large_image","twitter_creator":"@carvasar","twitter_site":"@PressenzaIPA","twitter_misc":{"Escrito por":"Carolina V\u00e1squez Araya","Tiempo de lectura":"3 minutos"},"schema":{"@context":"https:\/\/schema.org","@graph":[{"@type":"Article","@id":"https:\/\/www.pressenza.com\/es\/2023\/03\/la-huella-de-los-cobardes\/#article","isPartOf":{"@id":"https:\/\/www.pressenza.com\/es\/2023\/03\/la-huella-de-los-cobardes\/"},"author":{"name":"Carolina V\u00e1squez Araya","@id":"https:\/\/www.pressenza.com\/es\/#\/schema\/person\/6936ca3bb8dee618b5cdfd0e4427cdd6"},"headline":"La huella de los cobardes","datePublished":"2023-03-06T16:38:24+00:00","mainEntityOfPage":{"@id":"https:\/\/www.pressenza.com\/es\/2023\/03\/la-huella-de-los-cobardes\/"},"wordCount":614,"publisher":{"@id":"https:\/\/www.pressenza.com\/es\/#organization"},"image":{"@id":"https:\/\/www.pressenza.com\/es\/2023\/03\/la-huella-de-los-cobardes\/#primaryimage"},"thumbnailUrl":"https:\/\/www.pressenza.com\/wp-content\/uploads\/2023\/03\/EOSUNd1XkAECcCb.jpeg","keywords":["Alejandro Giammattei","Guatemala","medios de comunicaci\u00f3n"],"articleSection":["Am\u00e9rica Central","Contenido Original","Cultura y Medios","Opiniones"],"inLanguage":"es"},{"@type":"WebPage","@id":"https:\/\/www.pressenza.com\/es\/2023\/03\/la-huella-de-los-cobardes\/","url":"https:\/\/www.pressenza.com\/es\/2023\/03\/la-huella-de-los-cobardes\/","name":"La huella de los cobardes","isPartOf":{"@id":"https:\/\/www.pressenza.com\/es\/#website"},"primaryImageOfPage":{"@id":"https:\/\/www.pressenza.com\/es\/2023\/03\/la-huella-de-los-cobardes\/#primaryimage"},"image":{"@id":"https:\/\/www.pressenza.com\/es\/2023\/03\/la-huella-de-los-cobardes\/#primaryimage"},"thumbnailUrl":"https:\/\/www.pressenza.com\/wp-content\/uploads\/2023\/03\/EOSUNd1XkAECcCb.jpeg","datePublished":"2023-03-06T16:38:24+00:00","description":"El acto m\u00e1s revolucionario que una persona puede realizar, es decir la verdad. Ciegos de rabia e impotencia, el presidente de Guatemala y sus huestes","breadcrumb":{"@id":"https:\/\/www.pressenza.com\/es\/2023\/03\/la-huella-de-los-cobardes\/#breadcrumb"},"inLanguage":"es","potentialAction":[{"@type":"ReadAction","target":["https:\/\/www.pressenza.com\/es\/2023\/03\/la-huella-de-los-cobardes\/"]}]},{"@type":"ImageObject","inLanguage":"es","@id":"https:\/\/www.pressenza.com\/es\/2023\/03\/la-huella-de-los-cobardes\/#primaryimage","url":"https:\/\/www.pressenza.com\/wp-content\/uploads\/2023\/03\/EOSUNd1XkAECcCb.jpeg","contentUrl":"https:\/\/www.pressenza.com\/wp-content\/uploads\/2023\/03\/EOSUNd1XkAECcCb.jpeg","width":1280,"height":853},{"@type":"BreadcrumbList","@id":"https:\/\/www.pressenza.com\/es\/2023\/03\/la-huella-de-los-cobardes\/#breadcrumb","itemListElement":[{"@type":"ListItem","position":1,"name":"Accueil","item":"https:\/\/www.pressenza.com\/es\/"},{"@type":"ListItem","position":2,"name":"La huella de los cobardes"}]},{"@type":"WebSite","@id":"https:\/\/www.pressenza.com\/es\/#website","url":"https:\/\/www.pressenza.com\/es\/","name":"Pressenza","description":"International Press Agency","publisher":{"@id":"https:\/\/www.pressenza.com\/es\/#organization"},"potentialAction":[{"@type":"SearchAction","target":{"@type":"EntryPoint","urlTemplate":"https:\/\/www.pressenza.com\/es\/?s={search_term_string}"},"query-input":{"@type":"PropertyValueSpecification","valueRequired":true,"valueName":"search_term_string"}}],"inLanguage":"es"},{"@type":"Organization","@id":"https:\/\/www.pressenza.com\/es\/#organization","name":"Pressenza","url":"https:\/\/www.pressenza.com\/es\/","logo":{"@type":"ImageObject","inLanguage":"es","@id":"https:\/\/www.pressenza.com\/es\/#\/schema\/logo\/image\/","url":"https:\/\/www.pressenza.com\/wp-content\/uploads\/2022\/10\/pressenza_logo_200x200.jpg","contentUrl":"https:\/\/www.pressenza.com\/wp-content\/uploads\/2022\/10\/pressenza_logo_200x200.jpg","width":200,"height":200,"caption":"Pressenza"},"image":{"@id":"https:\/\/www.pressenza.com\/es\/#\/schema\/logo\/image\/"},"sameAs":["https:\/\/www.facebook.com\/PressenzaItalia","https:\/\/x.com\/PressenzaIPA"]},{"@type":"Person","@id":"https:\/\/www.pressenza.com\/es\/#\/schema\/person\/6936ca3bb8dee618b5cdfd0e4427cdd6","name":"Carolina V\u00e1squez Araya","description":"Periodista y editora con m\u00e1s de 30 a\u00f1os de experiencia, cuyos logros profesionales en el desarrollo de proyectos de gran \u00e9xito avalan sus cualidades de liderazgo, creatividad y relaciones p\u00fablicas. Ha aportado sus conocimientos en proyectos de organizaciones con intereses orientados al desarrollo social, cultural y econ\u00f3mico del pa\u00eds, con especial \u00e9nfasis en el sector de cultura y educaci\u00f3n, emprendimiento, derechos humanos, justicia, ambiente, mujeres y ni\u00f1ez. Chilena en Guatemala. elquintopatio.wordpress.com","sameAs":["https:\/\/www.facebook.com\/pages\/Carolina-V\u00e1squez-Araya\/241844515845237?fref=ts","https:\/\/x.com\/carvasar"],"url":"https:\/\/www.pressenza.com\/es\/author\/carolina-vasquez-araya\/"}]}},"place":"Ciudad de Guatemala","original_article_url":"","_links":{"self":[{"href":"https:\/\/www.pressenza.com\/es\/wp-json\/wp\/v2\/posts\/1722798","targetHints":{"allow":["GET"]}}],"collection":[{"href":"https:\/\/www.pressenza.com\/es\/wp-json\/wp\/v2\/posts"}],"about":[{"href":"https:\/\/www.pressenza.com\/es\/wp-json\/wp\/v2\/types\/post"}],"author":[{"embeddable":true,"href":"https:\/\/www.pressenza.com\/es\/wp-json\/wp\/v2\/users\/1296"}],"replies":[{"embeddable":true,"href":"https:\/\/www.pressenza.com\/es\/wp-json\/wp\/v2\/comments?post=1722798"}],"version-history":[{"count":0,"href":"https:\/\/www.pressenza.com\/es\/wp-json\/wp\/v2\/posts\/1722798\/revisions"}],"wp:featuredmedia":[{"embeddable":true,"href":"https:\/\/www.pressenza.com\/es\/wp-json\/wp\/v2\/media\/1722799"}],"wp:attachment":[{"href":"https:\/\/www.pressenza.com\/es\/wp-json\/wp\/v2\/media?parent=1722798"}],"wp:term":[{"taxonomy":"category","embeddable":true,"href":"https:\/\/www.pressenza.com\/es\/wp-json\/wp\/v2\/categories?post=1722798"},{"taxonomy":"post_tag","embeddable":true,"href":"https:\/\/www.pressenza.com\/es\/wp-json\/wp\/v2\/tags?post=1722798"}],"curies":[{"name":"wp","href":"https:\/\/api.w.org\/{rel}","templated":true}]}}